{"id":109486,"date":"2023-08-14T09:42:16","date_gmt":"2023-08-14T12:42:16","guid":{"rendered":"https:\/\/redenoticiaz.com.br\/barretos-regiao\/?p=109486"},"modified":"2023-08-14T09:42:16","modified_gmt":"2023-08-14T12:42:16","slug":"prefeitura-lanca-programa-jovem-aprendiz-paulista-em-barretos","status":"publish","type":"post","link":"https:\/\/redenoticiaz.com.br\/ribeiraopreto-regiao\/sp\/2023\/08\/14\/prefeitura-lanca-programa-jovem-aprendiz-paulista-em-barretos","title":{"rendered":"Prefeitura lan\u00e7a Programa Jovem Aprendiz Paulista em Barretos"},"content":{"rendered":"<p>Barretos, por meio da Secretaria Municipal de Desenvolvimento Econ\u00f4mico (SMDE), apresentou o Programa Jovem Aprendiz Paulista para empres\u00e1rio do munic\u00edpio. A solenidade de lan\u00e7amento do programa ocorreu na sede da Associa\u00e7\u00e3o Comercial e Industrial de Barretos (Acib).<\/p>\n<div>A iniciativa, do Governo do Estado de S\u00e3o Paulo, visa o incentivo \u00e0s Microempresas (ME) e Empresas de Pequeno Porte (EPP) para contrata\u00e7\u00e3o de pessoas de 14 a 18 anos incompletos. Mas, segundo Sueli Cavalhero, assessora de Parcerias Estrat\u00e9gicas da Secretaria de Desenvolvimento Econ\u00f4mico do Estado de S\u00e3o Paulo e respons\u00e1vel pela opera\u00e7\u00e3o do Programa, j\u00e1 existe um trabalho para expandir a faixa et\u00e1ria para 24 anos.<\/div>\n<div><\/div>\n<h3>O programa<\/h3>\n<div>\n<div>Lan\u00e7ado pelo Governo do Estado de S\u00e3o Paulo em abril deste ano, o Jovem Aprendiz Paulista tem como foco proporcionar a primeira experi\u00eancia no mundo do trabalho para jovens da rede p\u00fablica de ensino, fomentando a inclus\u00e3o social e economia local.<\/div>\n<\/div>\n<div><\/div>\n<div>\n<div>J\u00e1 os aprendizes contratados ter\u00e3o assegurados direitos trabalhistas como Contrato de Trabalho CLT; sal\u00e1rio; vale-transporte; 13\u00ba sal\u00e1rio e f\u00e9rias; Fundo de Garantia por Tempo de Servi\u00e7o (FGTS) no valor de 2% do sal\u00e1rio e recolhimento do INSS de 8% do valor do sal\u00e1rio. O contrato do jovem pode durar at\u00e9 24 meses, dependendo do curso e da carga hor\u00e1ria solicitada pela empresa (4 ou 6 horas por dia).<\/div>\n<\/div>\n<div><\/div>\n<div>\n<div>Mais<a href=\"https:\/\/www.desenvolvimentoeconomico.sp.gov.br\/programas\/jovem-aprendiz-paulista\/\"> informa\u00e7\u00f5es podem ser obtidas pelo site<\/a> ou na SMDE, que fica Complexo Administrativo &#8220;Advogado Melek Zaidem Geraige&#8221; (antiga prefeitura), Rua 30, n\u00ba 564, e tamb\u00e9m atende pelo (17) 3612.2617.<\/div>\n<\/div>\n<div><\/div>\n<div>LEIA MAIS<\/div>\n<div><a href=\"https:\/\/redenoticiaz.com.br\/barretos-regiao\/sp\/2023\/08\/14\/flagrante-de-pesca-ilegal-em-guaira\">Corpo em estado avan\u00e7ado de decomposi\u00e7\u00e3o \u00e9 descoberto em resid\u00eancia<\/a><\/div>\n<div>\n<div><\/div>\n<\/div>\n<div><\/div>\n<div><\/div>\n<div><\/div>\n<div><\/div>\n<div><\/div>\n<div><\/div>\n<p>&nbsp;<\/p>\n","protected":false},"excerpt":{"rendered":"<p>Barretos, por meio da Secretaria Municipal de Desenvolvimento Econ\u00f4mico (SMDE), apresentou o Programa Jovem Aprendiz Paulista para empres\u00e1rio do munic\u00edpio. A solenidade de lan\u00e7amento do programa ocorreu na sede da Associa\u00e7\u00e3o Comercial e Industrial de Barretos (Acib). A iniciativa, do Governo do Estado de S\u00e3o Paulo, visa o incentivo \u00e0s Microempresas (ME) e Empresas de &hellip;<\/p>\n","protected":false},"author":30,"featured_media":109487,"comment_status":"open","ping_status":"closed","sticky":false,"template":"","format":"standard","meta":{"footnotes":""},"categories":[2075],"tags":[23043,13883,9963],"class_list":["post-109486","post","type-post","status-publish","format-standard","has-post-thumbnail","hentry","category-trabalho","tag-jovem-aprendiz","tag-programa","tag-trabalho"],"yoast_head":"<!-- This site is optimized with the Yoast SEO plugin v27.4 - https:\/\/yoast.com\/product\/yoast-seo-wordpress\/ -->\n<title>Prefeitura lan\u00e7a Programa Jovem Aprendiz Paulista em Barretos - Ribeir\u00e3o Preto e Regi\u00e3o<\/title>\n<meta name=\"description\" content=\"Barretos, por meio da Secretaria Municipal de Desenvolvimento Econ\u00f4mico (SMDE), apresentou o Programa Jovem Aprendiz Paulista\" \/>\n<meta name=\"robots\" content=\"index, follow, max-snippet:-1, max-image-preview:large, max-video-preview:-1\" \/>\n<link rel=\"canonical\" href=\"https:\/\/redenoticiaz.com.br\/ribeiraopreto-regiao\/sp\/2023\/08\/14\/prefeitura-lanca-programa-jovem-aprendiz-paulista-em-barretos\" \/>\n<meta property=\"og:locale\" content=\"pt_BR\" \/>\n<meta property=\"og:type\" content=\"article\" \/>\n<meta property=\"og:title\" content=\"Prefeitura lan\u00e7a Programa Jovem Aprendiz Paulista em Barretos - Ribeir\u00e3o Preto e Regi\u00e3o\" \/>\n<meta property=\"og:description\" content=\"Barretos, por meio da Secretaria Municipal de Desenvolvimento Econ\u00f4mico (SMDE), apresentou o Programa Jovem Aprendiz Paulista\" \/>\n<meta property=\"og:url\" content=\"https:\/\/redenoticiaz.com.br\/ribeiraopreto-regiao\/sp\/2023\/08\/14\/prefeitura-lanca-programa-jovem-aprendiz-paulista-em-barretos\" \/>\n<meta property=\"og:site_name\" content=\"Ribeir\u00e3o Preto e Regi\u00e3o\" \/>\n<meta property=\"article:publisher\" content=\"https:\/\/m.facebook.com\/redenoticiaz.barretos\" \/>\n<meta property=\"article:published_time\" content=\"2023-08-14T12:42:16+00:00\" \/>\n<meta property=\"og:image\" content=\"https:\/\/redenoticiaz.com.br\/ribeiraopreto-regiao\/wp-content\/uploads\/sites\/4\/2023\/08\/fc221309746013ac554571fbd180e1c8-1.jpeg\" \/>\n\t<meta property=\"og:image:width\" content=\"1592\" \/>\n\t<meta property=\"og:image:height\" content=\"1060\" \/>\n\t<meta property=\"og:image:type\" content=\"image\/jpeg\" \/>\n<meta name=\"author\" content=\"Carina Reifonas\" \/>\n<meta name=\"twitter:card\" content=\"summary_large_image\" \/>\n<meta name=\"twitter:creator\" content=\"@RN_barretos\" \/>\n<meta name=\"twitter:site\" content=\"@RN_barretos\" \/>\n<meta name=\"twitter:label1\" content=\"Escrito por\" \/>\n\t<meta name=\"twitter:data1\" content=\"Carina Reifonas\" \/>\n\t<meta name=\"twitter:label2\" content=\"Est. tempo de leitura\" \/>\n\t<meta name=\"twitter:data2\" content=\"2 minutos\" \/>\n<script type=\"application\/ld+json\" class=\"yoast-schema-graph\">{\"@context\":\"https:\\\/\\\/schema.org\",\"@graph\":[{\"@type\":\"Article\",\"@id\":\"https:\\\/\\\/redenoticiaz.com.br\\\/ribeiraopreto-regiao\\\/sp\\\/2023\\\/08\\\/14\\\/prefeitura-lanca-programa-jovem-aprendiz-paulista-em-barretos#article\",\"isPartOf\":{\"@id\":\"https:\\\/\\\/redenoticiaz.com.br\\\/ribeiraopreto-regiao\\\/sp\\\/2023\\\/08\\\/14\\\/prefeitura-lanca-programa-jovem-aprendiz-paulista-em-barretos\"},\"author\":{\"name\":\"Carina Reifonas\",\"@id\":\"https:\\\/\\\/redenoticiaz.com.br\\\/ribeiraopreto-regiao\\\/#\\\/schema\\\/person\\\/1f84d6e94e6a62d2d81199d7503e9e90\"},\"headline\":\"Prefeitura lan\u00e7a Programa Jovem Aprendiz Paulista em Barretos\",\"datePublished\":\"2023-08-14T12:42:16+00:00\",\"mainEntityOfPage\":{\"@id\":\"https:\\\/\\\/redenoticiaz.com.br\\\/ribeiraopreto-regiao\\\/sp\\\/2023\\\/08\\\/14\\\/prefeitura-lanca-programa-jovem-aprendiz-paulista-em-barretos\"},\"wordCount\":284,\"commentCount\":0,\"publisher\":{\"@id\":\"https:\\\/\\\/redenoticiaz.com.br\\\/ribeiraopreto-regiao\\\/#organization\"},\"image\":{\"@id\":\"https:\\\/\\\/redenoticiaz.com.br\\\/ribeiraopreto-regiao\\\/sp\\\/2023\\\/08\\\/14\\\/prefeitura-lanca-programa-jovem-aprendiz-paulista-em-barretos#primaryimage\"},\"thumbnailUrl\":\"https:\\\/\\\/redenoticiaz.com.br\\\/ribeiraopreto-regiao\\\/wp-content\\\/uploads\\\/sites\\\/4\\\/2023\\\/08\\\/fc221309746013ac554571fbd180e1c8-1.jpeg\",\"keywords\":[\"JOVEM APRENDIZ\",\"PROGRAMA\",\"trabalho\"],\"articleSection\":[\"Trabalho\"],\"inLanguage\":\"pt-BR\",\"potentialAction\":[{\"@type\":\"CommentAction\",\"name\":\"Comment\",\"target\":[\"https:\\\/\\\/redenoticiaz.com.br\\\/ribeiraopreto-regiao\\\/sp\\\/2023\\\/08\\\/14\\\/prefeitura-lanca-programa-jovem-aprendiz-paulista-em-barretos#respond\"]}]},{\"@type\":\"WebPage\",\"@id\":\"https:\\\/\\\/redenoticiaz.com.br\\\/ribeiraopreto-regiao\\\/sp\\\/2023\\\/08\\\/14\\\/prefeitura-lanca-programa-jovem-aprendiz-paulista-em-barretos\",\"url\":\"https:\\\/\\\/redenoticiaz.com.br\\\/ribeiraopreto-regiao\\\/sp\\\/2023\\\/08\\\/14\\\/prefeitura-lanca-programa-jovem-aprendiz-paulista-em-barretos\",\"name\":\"Prefeitura lan\u00e7a Programa Jovem Aprendiz Paulista em Barretos - Ribeir\u00e3o Preto e Regi\u00e3o\",\"isPartOf\":{\"@id\":\"https:\\\/\\\/redenoticiaz.com.br\\\/ribeiraopreto-regiao\\\/#website\"},\"primaryImageOfPage\":{\"@id\":\"https:\\\/\\\/redenoticiaz.com.br\\\/ribeiraopreto-regiao\\\/sp\\\/2023\\\/08\\\/14\\\/prefeitura-lanca-programa-jovem-aprendiz-paulista-em-barretos#primaryimage\"},\"image\":{\"@id\":\"https:\\\/\\\/redenoticiaz.com.br\\\/ribeiraopreto-regiao\\\/sp\\\/2023\\\/08\\\/14\\\/prefeitura-lanca-programa-jovem-aprendiz-paulista-em-barretos#primaryimage\"},\"thumbnailUrl\":\"https:\\\/\\\/redenoticiaz.com.br\\\/ribeiraopreto-regiao\\\/wp-content\\\/uploads\\\/sites\\\/4\\\/2023\\\/08\\\/fc221309746013ac554571fbd180e1c8-1.jpeg\",\"datePublished\":\"2023-08-14T12:42:16+00:00\",\"description\":\"Barretos, por meio da Secretaria Municipal de Desenvolvimento Econ\u00f4mico (SMDE), apresentou o Programa Jovem Aprendiz Paulista\",\"inLanguage\":\"pt-BR\",\"potentialAction\":[{\"@type\":\"ReadAction\",\"target\":[\"https:\\\/\\\/redenoticiaz.com.br\\\/ribeiraopreto-regiao\\\/sp\\\/2023\\\/08\\\/14\\\/prefeitura-lanca-programa-jovem-aprendiz-paulista-em-barretos\"]}]},{\"@type\":\"ImageObject\",\"inLanguage\":\"pt-BR\",\"@id\":\"https:\\\/\\\/redenoticiaz.com.br\\\/ribeiraopreto-regiao\\\/sp\\\/2023\\\/08\\\/14\\\/prefeitura-lanca-programa-jovem-aprendiz-paulista-em-barretos#primaryimage\",\"url\":\"https:\\\/\\\/redenoticiaz.com.br\\\/ribeiraopreto-regiao\\\/wp-content\\\/uploads\\\/sites\\\/4\\\/2023\\\/08\\\/fc221309746013ac554571fbd180e1c8-1.jpeg\",\"contentUrl\":\"https:\\\/\\\/redenoticiaz.com.br\\\/ribeiraopreto-regiao\\\/wp-content\\\/uploads\\\/sites\\\/4\\\/2023\\\/08\\\/fc221309746013ac554571fbd180e1c8-1.jpeg\",\"width\":1592,\"height\":1060,\"caption\":\"Cr\u00e9dito: Divulga\u00e7\u00e3o\"},{\"@type\":\"WebSite\",\"@id\":\"https:\\\/\\\/redenoticiaz.com.br\\\/ribeiraopreto-regiao\\\/#website\",\"url\":\"https:\\\/\\\/redenoticiaz.com.br\\\/ribeiraopreto-regiao\\\/\",\"name\":\"Ribeir\u00e3o Preto e Regi\u00e3o\",\"description\":\"Rede NoticiaZ - Ribeir\u00e3o Preto e regi\u00e3o\",\"publisher\":{\"@id\":\"https:\\\/\\\/redenoticiaz.com.br\\\/ribeiraopreto-regiao\\\/#organization\"},\"potentialAction\":[{\"@type\":\"SearchAction\",\"target\":{\"@type\":\"EntryPoint\",\"urlTemplate\":\"https:\\\/\\\/redenoticiaz.com.br\\\/ribeiraopreto-regiao\\\/?s={search_term_string}\"},\"query-input\":{\"@type\":\"PropertyValueSpecification\",\"valueRequired\":true,\"valueName\":\"search_term_string\"}}],\"inLanguage\":\"pt-BR\"},{\"@type\":\"Organization\",\"@id\":\"https:\\\/\\\/redenoticiaz.com.br\\\/ribeiraopreto-regiao\\\/#organization\",\"name\":\"Ribeir\u00e3o Preto e Regi\u00e3o\",\"url\":\"https:\\\/\\\/redenoticiaz.com.br\\\/ribeiraopreto-regiao\\\/\",\"logo\":{\"@type\":\"ImageObject\",\"inLanguage\":\"pt-BR\",\"@id\":\"https:\\\/\\\/redenoticiaz.com.br\\\/ribeiraopreto-regiao\\\/#\\\/schema\\\/logo\\\/image\\\/\",\"url\":\"https:\\\/\\\/redenoticiaz.com.br\\\/barretos-regiao\\\/wp-content\\\/uploads\\\/sites\\\/4\\\/2022\\\/02\\\/logo.jpg\",\"contentUrl\":\"https:\\\/\\\/redenoticiaz.com.br\\\/barretos-regiao\\\/wp-content\\\/uploads\\\/sites\\\/4\\\/2022\\\/02\\\/logo.jpg\",\"width\":400,\"height\":250,\"caption\":\"Ribeir\u00e3o Preto e Regi\u00e3o\"},\"image\":{\"@id\":\"https:\\\/\\\/redenoticiaz.com.br\\\/ribeiraopreto-regiao\\\/#\\\/schema\\\/logo\\\/image\\\/\"},\"sameAs\":[\"https:\\\/\\\/m.facebook.com\\\/redenoticiaz.barretos\",\"https:\\\/\\\/x.com\\\/RN_barretos\",\"https:\\\/\\\/www.instagram.com\\\/redenoticiaz.barretos\\\/?igshid=YmMyMTA2M2Y\",\"https:\\\/\\\/www.linkedin.com\\\/company\\\/rede-noticiaz-barretos-e-regio\\\/\"]},{\"@type\":\"Person\",\"@id\":\"https:\\\/\\\/redenoticiaz.com.br\\\/ribeiraopreto-regiao\\\/#\\\/schema\\\/person\\\/1f84d6e94e6a62d2d81199d7503e9e90\",\"name\":\"Carina Reifonas\",\"image\":{\"@type\":\"ImageObject\",\"inLanguage\":\"pt-BR\",\"@id\":\"https:\\\/\\\/secure.gravatar.com\\\/avatar\\\/04c59859b23696cf867715880f81d5c037e60109730bdb4e6670ec2a2245bc97?s=96&d=mm&r=g\",\"url\":\"https:\\\/\\\/secure.gravatar.com\\\/avatar\\\/04c59859b23696cf867715880f81d5c037e60109730bdb4e6670ec2a2245bc97?s=96&d=mm&r=g\",\"contentUrl\":\"https:\\\/\\\/secure.gravatar.com\\\/avatar\\\/04c59859b23696cf867715880f81d5c037e60109730bdb4e6670ec2a2245bc97?s=96&d=mm&r=g\",\"caption\":\"Carina Reifonas\"},\"url\":\"https:\\\/\\\/redenoticiaz.com.br\\\/ribeiraopreto-regiao\\\/sp\\\/author\\\/carinareifonas\"}]}<\/script>\n<!-- \/ Yoast SEO plugin. -->","yoast_head_json":{"title":"Prefeitura lan\u00e7a Programa Jovem Aprendiz Paulista em Barretos - Ribeir\u00e3o Preto e Regi\u00e3o","description":"Barretos, por meio da Secretaria Municipal de Desenvolvimento Econ\u00f4mico (SMDE), apresentou o Programa Jovem Aprendiz Paulista","robots":{"index":"index","follow":"follow","max-snippet":"max-snippet:-1","max-image-preview":"max-image-preview:large","max-video-preview":"max-video-preview:-1"},"canonical":"https:\/\/redenoticiaz.com.br\/ribeiraopreto-regiao\/sp\/2023\/08\/14\/prefeitura-lanca-programa-jovem-aprendiz-paulista-em-barretos","og_locale":"pt_BR","og_type":"article","og_title":"Prefeitura lan\u00e7a Programa Jovem Aprendiz Paulista em Barretos - Ribeir\u00e3o Preto e Regi\u00e3o","og_description":"Barretos, por meio da Secretaria Municipal de Desenvolvimento Econ\u00f4mico (SMDE), apresentou o Programa Jovem Aprendiz Paulista","og_url":"https:\/\/redenoticiaz.com.br\/ribeiraopreto-regiao\/sp\/2023\/08\/14\/prefeitura-lanca-programa-jovem-aprendiz-paulista-em-barretos","og_site_name":"Ribeir\u00e3o Preto e Regi\u00e3o","article_publisher":"https:\/\/m.facebook.com\/redenoticiaz.barretos","article_published_time":"2023-08-14T12:42:16+00:00","og_image":[{"width":1592,"height":1060,"url":"https:\/\/redenoticiaz.com.br\/ribeiraopreto-regiao\/wp-content\/uploads\/sites\/4\/2023\/08\/fc221309746013ac554571fbd180e1c8-1.jpeg","type":"image\/jpeg"}],"author":"Carina Reifonas","twitter_card":"summary_large_image","twitter_creator":"@RN_barretos","twitter_site":"@RN_barretos","twitter_misc":{"Escrito por":"Carina Reifonas","Est. tempo de leitura":"2 minutos"},"schema":{"@context":"https:\/\/schema.org","@graph":[{"@type":"Article","@id":"https:\/\/redenoticiaz.com.br\/ribeiraopreto-regiao\/sp\/2023\/08\/14\/prefeitura-lanca-programa-jovem-aprendiz-paulista-em-barretos#article","isPartOf":{"@id":"https:\/\/redenoticiaz.com.br\/ribeiraopreto-regiao\/sp\/2023\/08\/14\/prefeitura-lanca-programa-jovem-aprendiz-paulista-em-barretos"},"author":{"name":"Carina Reifonas","@id":"https:\/\/redenoticiaz.com.br\/ribeiraopreto-regiao\/#\/schema\/person\/1f84d6e94e6a62d2d81199d7503e9e90"},"headline":"Prefeitura lan\u00e7a Programa Jovem Aprendiz Paulista em Barretos","datePublished":"2023-08-14T12:42:16+00:00","mainEntityOfPage":{"@id":"https:\/\/redenoticiaz.com.br\/ribeiraopreto-regiao\/sp\/2023\/08\/14\/prefeitura-lanca-programa-jovem-aprendiz-paulista-em-barretos"},"wordCount":284,"commentCount":0,"publisher":{"@id":"https:\/\/redenoticiaz.com.br\/ribeiraopreto-regiao\/#organization"},"image":{"@id":"https:\/\/redenoticiaz.com.br\/ribeiraopreto-regiao\/sp\/2023\/08\/14\/prefeitura-lanca-programa-jovem-aprendiz-paulista-em-barretos#primaryimage"},"thumbnailUrl":"https:\/\/redenoticiaz.com.br\/ribeiraopreto-regiao\/wp-content\/uploads\/sites\/4\/2023\/08\/fc221309746013ac554571fbd180e1c8-1.jpeg","keywords":["JOVEM APRENDIZ","PROGRAMA","trabalho"],"articleSection":["Trabalho"],"inLanguage":"pt-BR","potentialAction":[{"@type":"CommentAction","name":"Comment","target":["https:\/\/redenoticiaz.com.br\/ribeiraopreto-regiao\/sp\/2023\/08\/14\/prefeitura-lanca-programa-jovem-aprendiz-paulista-em-barretos#respond"]}]},{"@type":"WebPage","@id":"https:\/\/redenoticiaz.com.br\/ribeiraopreto-regiao\/sp\/2023\/08\/14\/prefeitura-lanca-programa-jovem-aprendiz-paulista-em-barretos","url":"https:\/\/redenoticiaz.com.br\/ribeiraopreto-regiao\/sp\/2023\/08\/14\/prefeitura-lanca-programa-jovem-aprendiz-paulista-em-barretos","name":"Prefeitura lan\u00e7a Programa Jovem Aprendiz Paulista em Barretos - Ribeir\u00e3o Preto e Regi\u00e3o","isPartOf":{"@id":"https:\/\/redenoticiaz.com.br\/ribeiraopreto-regiao\/#website"},"primaryImageOfPage":{"@id":"https:\/\/redenoticiaz.com.br\/ribeiraopreto-regiao\/sp\/2023\/08\/14\/prefeitura-lanca-programa-jovem-aprendiz-paulista-em-barretos#primaryimage"},"image":{"@id":"https:\/\/redenoticiaz.com.br\/ribeiraopreto-regiao\/sp\/2023\/08\/14\/prefeitura-lanca-programa-jovem-aprendiz-paulista-em-barretos#primaryimage"},"thumbnailUrl":"https:\/\/redenoticiaz.com.br\/ribeiraopreto-regiao\/wp-content\/uploads\/sites\/4\/2023\/08\/fc221309746013ac554571fbd180e1c8-1.jpeg","datePublished":"2023-08-14T12:42:16+00:00","description":"Barretos, por meio da Secretaria Municipal de Desenvolvimento Econ\u00f4mico (SMDE), apresentou o Programa Jovem Aprendiz Paulista","inLanguage":"pt-BR","potentialAction":[{"@type":"ReadAction","target":["https:\/\/redenoticiaz.com.br\/ribeiraopreto-regiao\/sp\/2023\/08\/14\/prefeitura-lanca-programa-jovem-aprendiz-paulista-em-barretos"]}]},{"@type":"ImageObject","inLanguage":"pt-BR","@id":"https:\/\/redenoticiaz.com.br\/ribeiraopreto-regiao\/sp\/2023\/08\/14\/prefeitura-lanca-programa-jovem-aprendiz-paulista-em-barretos#primaryimage","url":"https:\/\/redenoticiaz.com.br\/ribeiraopreto-regiao\/wp-content\/uploads\/sites\/4\/2023\/08\/fc221309746013ac554571fbd180e1c8-1.jpeg","contentUrl":"https:\/\/redenoticiaz.com.br\/ribeiraopreto-regiao\/wp-content\/uploads\/sites\/4\/2023\/08\/fc221309746013ac554571fbd180e1c8-1.jpeg","width":1592,"height":1060,"caption":"Cr\u00e9dito: Divulga\u00e7\u00e3o"},{"@type":"WebSite","@id":"https:\/\/redenoticiaz.com.br\/ribeiraopreto-regiao\/#website","url":"https:\/\/redenoticiaz.com.br\/ribeiraopreto-regiao\/","name":"Ribeir\u00e3o Preto e Regi\u00e3o","description":"Rede NoticiaZ - Ribeir\u00e3o Preto e regi\u00e3o","publisher":{"@id":"https:\/\/redenoticiaz.com.br\/ribeiraopreto-regiao\/#organization"},"potentialAction":[{"@type":"SearchAction","target":{"@type":"EntryPoint","urlTemplate":"https:\/\/redenoticiaz.com.br\/ribeiraopreto-regiao\/?s={search_term_string}"},"query-input":{"@type":"PropertyValueSpecification","valueRequired":true,"valueName":"search_term_string"}}],"inLanguage":"pt-BR"},{"@type":"Organization","@id":"https:\/\/redenoticiaz.com.br\/ribeiraopreto-regiao\/#organization","name":"Ribeir\u00e3o Preto e Regi\u00e3o","url":"https:\/\/redenoticiaz.com.br\/ribeiraopreto-regiao\/","logo":{"@type":"ImageObject","inLanguage":"pt-BR","@id":"https:\/\/redenoticiaz.com.br\/ribeiraopreto-regiao\/#\/schema\/logo\/image\/","url":"https:\/\/redenoticiaz.com.br\/barretos-regiao\/wp-content\/uploads\/sites\/4\/2022\/02\/logo.jpg","contentUrl":"https:\/\/redenoticiaz.com.br\/barretos-regiao\/wp-content\/uploads\/sites\/4\/2022\/02\/logo.jpg","width":400,"height":250,"caption":"Ribeir\u00e3o Preto e Regi\u00e3o"},"image":{"@id":"https:\/\/redenoticiaz.com.br\/ribeiraopreto-regiao\/#\/schema\/logo\/image\/"},"sameAs":["https:\/\/m.facebook.com\/redenoticiaz.barretos","https:\/\/x.com\/RN_barretos","https:\/\/www.instagram.com\/redenoticiaz.barretos\/?igshid=YmMyMTA2M2Y","https:\/\/www.linkedin.com\/company\/rede-noticiaz-barretos-e-regio\/"]},{"@type":"Person","@id":"https:\/\/redenoticiaz.com.br\/ribeiraopreto-regiao\/#\/schema\/person\/1f84d6e94e6a62d2d81199d7503e9e90","name":"Carina Reifonas","image":{"@type":"ImageObject","inLanguage":"pt-BR","@id":"https:\/\/secure.gravatar.com\/avatar\/04c59859b23696cf867715880f81d5c037e60109730bdb4e6670ec2a2245bc97?s=96&d=mm&r=g","url":"https:\/\/secure.gravatar.com\/avatar\/04c59859b23696cf867715880f81d5c037e60109730bdb4e6670ec2a2245bc97?s=96&d=mm&r=g","contentUrl":"https:\/\/secure.gravatar.com\/avatar\/04c59859b23696cf867715880f81d5c037e60109730bdb4e6670ec2a2245bc97?s=96&d=mm&r=g","caption":"Carina Reifonas"},"url":"https:\/\/redenoticiaz.com.br\/ribeiraopreto-regiao\/sp\/author\/carinareifonas"}]}},"_links":{"self":[{"href":"https:\/\/redenoticiaz.com.br\/ribeiraopreto-regiao\/wp-json\/wp\/v2\/posts\/109486","targetHints":{"allow":["GET"]}}],"collection":[{"href":"https:\/\/redenoticiaz.com.br\/ribeiraopreto-regiao\/wp-json\/wp\/v2\/posts"}],"about":[{"href":"https:\/\/redenoticiaz.com.br\/ribeiraopreto-regiao\/wp-json\/wp\/v2\/types\/post"}],"author":[{"embeddable":true,"href":"https:\/\/redenoticiaz.com.br\/ribeiraopreto-regiao\/wp-json\/wp\/v2\/users\/30"}],"replies":[{"embeddable":true,"href":"https:\/\/redenoticiaz.com.br\/ribeiraopreto-regiao\/wp-json\/wp\/v2\/comments?post=109486"}],"version-history":[{"count":1,"href":"https:\/\/redenoticiaz.com.br\/ribeiraopreto-regiao\/wp-json\/wp\/v2\/posts\/109486\/revisions"}],"predecessor-version":[{"id":109488,"href":"https:\/\/redenoticiaz.com.br\/ribeiraopreto-regiao\/wp-json\/wp\/v2\/posts\/109486\/revisions\/109488"}],"wp:featuredmedia":[{"embeddable":true,"href":"https:\/\/redenoticiaz.com.br\/ribeiraopreto-regiao\/wp-json\/wp\/v2\/media\/109487"}],"wp:attachment":[{"href":"https:\/\/redenoticiaz.com.br\/ribeiraopreto-regiao\/wp-json\/wp\/v2\/media?parent=109486"}],"wp:term":[{"taxonomy":"category","embeddable":true,"href":"https:\/\/redenoticiaz.com.br\/ribeiraopreto-regiao\/wp-json\/wp\/v2\/categories?post=109486"},{"taxonomy":"post_tag","embeddable":true,"href":"https:\/\/redenoticiaz.com.br\/ribeiraopreto-regiao\/wp-json\/wp\/v2\/tags?post=109486"}],"curies":[{"name":"wp","href":"https:\/\/api.w.org\/{rel}","templated":true}]}}