{"id":109557,"date":"2023-08-19T14:00:37","date_gmt":"2023-08-19T17:00:37","guid":{"rendered":"https:\/\/redenoticiaz.com.br\/barretos-regiao\/?p=109557"},"modified":"2023-08-15T21:32:06","modified_gmt":"2023-08-16T00:32:06","slug":"ipea-aponta-deflacao-em-julho-para-as-familias-de-renda-muito-baixa","status":"publish","type":"post","link":"https:\/\/redenoticiaz.com.br\/ribeiraopreto-regiao\/sp\/2023\/08\/19\/ipea-aponta-deflacao-em-julho-para-as-familias-de-renda-muito-baixa","title":{"rendered":"Ipea aponta defla\u00e7\u00e3o em julho para as fam\u00edlias de renda muito baixa"},"content":{"rendered":"<p>O Instituto de Pesquisa Econ\u00f4mica Aplicada (Ipea) divulgou nesta ter\u00e7a-feira (15) o Indicador Ipea de Infla\u00e7\u00e3o por Faixa de Renda, referente ao m\u00eas de julho. O estudo mostra que as fam\u00edlias de renda alta apresentaram alta inflacion\u00e1ria de 0,50%, enquanto o segmento de renda muito baixa registrou defla\u00e7\u00e3o de 0,28%.<img decoding=\"async\" src=\"https:\/\/agenciabrasil.ebc.com.br\/ebc.png?id=1549142&amp;o=node\" \/><img decoding=\"async\" src=\"https:\/\/agenciabrasil.ebc.com.br\/ebc.gif?id=1549142&amp;o=node\" \/><\/p>\n<p>No acumulado do ano at\u00e9 julho, as fam\u00edlias de renda muito baixa possuem a menor taxa de infla\u00e7\u00e3o (2,2%), enquanto os domic\u00edlios de renda alta possuem a maior varia\u00e7\u00e3o registrada (3,5%).<\/p>\n<p>Os dados apontam na desagrega\u00e7\u00e3o por grupos que os principais al\u00edvios inflacion\u00e1rios no m\u00eas de julho vieram dos grupos alimentos e bebidas e habita\u00e7\u00e3o. No primeiro caso, uma queda expressiva dos pre\u00e7os dos alimentos no domic\u00edlio possibilitou uma forte descompress\u00e3o sobre os \u00edndices de infla\u00e7\u00e3o, sobretudo para as fam\u00edlias com rendas mais baixas, devido ao peso desses itens em suas cestas de consumo. As principais quedas de pre\u00e7os registradas foram: cereais (-2,2%), carnes (-2,1%), aves e ovos (-1,9%) e leites e derivados (-0,89%). J\u00e1 em rela\u00e7\u00e3o ao grupo \u201chabita\u00e7\u00e3o\u201d, os segmentos de menor poder aquisitivo tamb\u00e9m foram os que mais se beneficiaram do recuo de 3,7% das tarifas de energia el\u00e9trica.<\/p>\n<h2>Gasolina impactou infla\u00e7\u00e3o<\/h2>\n<p>O reajuste de 4,8% do pre\u00e7o da gasolina foi o principal ponto de press\u00e3o inflacion\u00e1ria sobre o grupo \u201ctransportes\u201d, que exerceu a maior contribui\u00e7\u00e3o positiva para a infla\u00e7\u00e3o, em julho, veio para todas as classes de renda pesquisadas. No caso das fam\u00edlias de renda mais alta, al\u00e9m do impacto proporcionalmente maior do aumento dos combust\u00edveis, as altas de 4,8% das passagens a\u00e9reas e de 10,1% do aluguel de ve\u00edculos fizeram com que a press\u00e3o inflacion\u00e1ria do grupo transportes anulasse, inclusive, os efeitos baixistas vindos da defla\u00e7\u00e3o dos alimentos e da energia el\u00e9trica. Este quadro de press\u00e3o inflacion\u00e1ria para as faixas de renda mais altas tamb\u00e9m reflete os aumentos de 0,78% dos planos de sa\u00fade e de 0,51% dos servi\u00e7os de recrea\u00e7\u00e3o, impactando positivamente os grupos \u201csa\u00fade\u201d e \u201cdespesas pessoais\u201d.<\/p>\n<p>Na compara\u00e7\u00e3o com julho de 2022, o estudo mostra que, mesmo diante de uma trajet\u00f3ria mais benevolente dos alimentos (com quedas de 0,72%, ante varia\u00e7\u00e3o de 1,5%, em 2022), houve uma piora no comportamento da infla\u00e7\u00e3o para todas as demais faixas de renda. Esse desempenho menos favor\u00e1vel da infla\u00e7\u00e3o corrente, em compara\u00e7\u00e3o ao ano passado, foi significativamente pior para as faixas de renda mais elevadas, refletindo, sobretudo, o contraste entre o reajuste de 4,2% dos combust\u00edveis, em 2023, e a forte defla\u00e7\u00e3o de 14,2%, possibilitada pela desonera\u00e7\u00e3o ocorrida neste per\u00edodo de 2022. Da mesma forma, a redu\u00e7\u00e3o da carga tribut\u00e1ria sobre as tarifas de energia el\u00e9trica, no ano passado, explica porque a queda de 5,8%, observada em julho de 2022, foi mais expressiva que a registrada este ano (-3,9%).<\/p>\n<p>Segundo o Ipea, os dados acumulados em 12 meses revelam que todas as classes de renda registraram acelera\u00e7\u00e3o em suas curvas de infla\u00e7\u00e3o. Em termos absolutos, as fam\u00edlias de renda muito baixa s\u00e3o as que apresentam a menor taxa de varia\u00e7\u00e3o no per\u00edodo (3,4%), enquanto a mais elevada est\u00e1 no segmento de renda alta (5,1%). De acordo com as contribui\u00e7\u00f5es abertas por grupos, a maior press\u00e3o inflacion\u00e1ria nos \u00faltimos 12 meses reside no grupo sa\u00fade e cuidados pessoais, impactado pelos reajustes de 6,2% nos produtos farmac\u00eauticos, de 12,3% dos artigos de higiene e de 14,1% dos planos de sa\u00fade.<\/p>\n<p><strong>Leia mais<\/strong><\/p>\n<p><a href=\"https:\/\/redenoticiaz.com.br\/blog\/2023\/08\/15\/petrobras-aumenta-o-preco-da-gasolina-e-do-diesel\">Morre, aos 90 anos, a atriz L\u00e9a Garcia<\/a><\/p>\n","protected":false},"excerpt":{"rendered":"<p>O Instituto de Pesquisa Econ\u00f4mica Aplicada (Ipea) divulgou nesta ter\u00e7a-feira (15) o Indicador Ipea de Infla\u00e7\u00e3o por Faixa de Renda, referente ao m\u00eas de julho. O estudo mostra que as fam\u00edlias de renda alta apresentaram alta inflacion\u00e1ria de 0,50%, enquanto o segmento de renda muito baixa registrou defla\u00e7\u00e3o de 0,28%. No acumulado do ano at\u00e9 &hellip;<\/p>\n","protected":false},"author":12,"featured_media":92954,"comment_status":"open","ping_status":"closed","sticky":false,"template":"","format":"standard","meta":{"footnotes":""},"categories":[101],"tags":[28548,17833,14569,2974],"class_list":["post-109557","post","type-post","status-publish","format-standard","has-post-thumbnail","hentry","category-economia","tag-deflacao","tag-gasolina","tag-inflacao","tag-precos"],"yoast_head":"<!-- This site is optimized with the Yoast SEO plugin v27.4 - https:\/\/yoast.com\/product\/yoast-seo-wordpress\/ -->\n<title>Ipea aponta defla\u00e7\u00e3o em julho para as fam\u00edlias de renda muito baixa - Ribeir\u00e3o Preto e Regi\u00e3o<\/title>\n<meta name=\"description\" content=\"O estudo mostra que as fam\u00edlias de renda alta apresentaram alta inflacion\u00e1ria de 0,50%, enquanto o segmento de renda muito baixa registrou defla\u00e7\u00e3o de 0,28%.\" \/>\n<meta name=\"robots\" content=\"index, follow, max-snippet:-1, max-image-preview:large, max-video-preview:-1\" \/>\n<link rel=\"canonical\" href=\"https:\/\/redenoticiaz.com.br\/ribeiraopreto-regiao\/sp\/2023\/08\/19\/ipea-aponta-deflacao-em-julho-para-as-familias-de-renda-muito-baixa\" \/>\n<meta property=\"og:locale\" content=\"pt_BR\" \/>\n<meta property=\"og:type\" content=\"article\" \/>\n<meta property=\"og:title\" content=\"Ipea aponta defla\u00e7\u00e3o em julho para as fam\u00edlias de renda muito baixa - Ribeir\u00e3o Preto e Regi\u00e3o\" \/>\n<meta property=\"og:description\" content=\"O estudo mostra que as fam\u00edlias de renda alta apresentaram alta inflacion\u00e1ria de 0,50%, enquanto o segmento de renda muito baixa registrou defla\u00e7\u00e3o de 0,28%.\" \/>\n<meta property=\"og:url\" content=\"https:\/\/redenoticiaz.com.br\/ribeiraopreto-regiao\/sp\/2023\/08\/19\/ipea-aponta-deflacao-em-julho-para-as-familias-de-renda-muito-baixa\" \/>\n<meta property=\"og:site_name\" content=\"Ribeir\u00e3o Preto e Regi\u00e3o\" \/>\n<meta property=\"article:publisher\" content=\"https:\/\/m.facebook.com\/redenoticiaz.barretos\" \/>\n<meta property=\"article:published_time\" content=\"2023-08-19T17:00:37+00:00\" \/>\n<meta property=\"og:image\" content=\"https:\/\/redenoticiaz.com.br\/ribeiraopreto-regiao\/wp-content\/uploads\/sites\/4\/2022\/10\/supermercado_economia_20220729_0889.jpg?v=1665094322\" \/>\n\t<meta property=\"og:image:width\" content=\"1170\" \/>\n\t<meta property=\"og:image:height\" content=\"700\" \/>\n\t<meta property=\"og:image:type\" content=\"image\/jpeg\" \/>\n<meta name=\"author\" content=\"Gustavo Silva\" \/>\n<meta name=\"twitter:card\" content=\"summary_large_image\" \/>\n<meta name=\"twitter:creator\" content=\"@RN_barretos\" \/>\n<meta name=\"twitter:site\" content=\"@RN_barretos\" \/>\n<meta name=\"twitter:label1\" content=\"Escrito por\" \/>\n\t<meta name=\"twitter:data1\" content=\"Gustavo Silva\" \/>\n\t<meta name=\"twitter:label2\" content=\"Est. tempo de leitura\" \/>\n\t<meta name=\"twitter:data2\" content=\"4 minutos\" \/>\n<script type=\"application\/ld+json\" class=\"yoast-schema-graph\">{\"@context\":\"https:\\\/\\\/schema.org\",\"@graph\":[{\"@type\":\"Article\",\"@id\":\"https:\\\/\\\/redenoticiaz.com.br\\\/ribeiraopreto-regiao\\\/sp\\\/2023\\\/08\\\/19\\\/ipea-aponta-deflacao-em-julho-para-as-familias-de-renda-muito-baixa#article\",\"isPartOf\":{\"@id\":\"https:\\\/\\\/redenoticiaz.com.br\\\/ribeiraopreto-regiao\\\/sp\\\/2023\\\/08\\\/19\\\/ipea-aponta-deflacao-em-julho-para-as-familias-de-renda-muito-baixa\"},\"author\":{\"name\":\"Gustavo Silva\",\"@id\":\"https:\\\/\\\/redenoticiaz.com.br\\\/ribeiraopreto-regiao\\\/#\\\/schema\\\/person\\\/16057b37a3c0ee6b096d7f887c566e2e\"},\"headline\":\"Ipea aponta defla\u00e7\u00e3o em julho para as fam\u00edlias de renda muito baixa\",\"datePublished\":\"2023-08-19T17:00:37+00:00\",\"mainEntityOfPage\":{\"@id\":\"https:\\\/\\\/redenoticiaz.com.br\\\/ribeiraopreto-regiao\\\/sp\\\/2023\\\/08\\\/19\\\/ipea-aponta-deflacao-em-julho-para-as-familias-de-renda-muito-baixa\"},\"wordCount\":622,\"commentCount\":0,\"publisher\":{\"@id\":\"https:\\\/\\\/redenoticiaz.com.br\\\/ribeiraopreto-regiao\\\/#organization\"},\"image\":{\"@id\":\"https:\\\/\\\/redenoticiaz.com.br\\\/ribeiraopreto-regiao\\\/sp\\\/2023\\\/08\\\/19\\\/ipea-aponta-deflacao-em-julho-para-as-familias-de-renda-muito-baixa#primaryimage\"},\"thumbnailUrl\":\"https:\\\/\\\/redenoticiaz.com.br\\\/ribeiraopreto-regiao\\\/wp-content\\\/uploads\\\/sites\\\/4\\\/2022\\\/10\\\/supermercado_economia_20220729_0889.jpg?v=1665094322\",\"keywords\":[\"defla\u00e7\u00e3o\",\"gasolina\",\"Infla\u00e7\u00e3o\",\"pre\u00e7os\"],\"articleSection\":[\"Economia\"],\"inLanguage\":\"pt-BR\",\"potentialAction\":[{\"@type\":\"CommentAction\",\"name\":\"Comment\",\"target\":[\"https:\\\/\\\/redenoticiaz.com.br\\\/ribeiraopreto-regiao\\\/sp\\\/2023\\\/08\\\/19\\\/ipea-aponta-deflacao-em-julho-para-as-familias-de-renda-muito-baixa#respond\"]}]},{\"@type\":\"WebPage\",\"@id\":\"https:\\\/\\\/redenoticiaz.com.br\\\/ribeiraopreto-regiao\\\/sp\\\/2023\\\/08\\\/19\\\/ipea-aponta-deflacao-em-julho-para-as-familias-de-renda-muito-baixa\",\"url\":\"https:\\\/\\\/redenoticiaz.com.br\\\/ribeiraopreto-regiao\\\/sp\\\/2023\\\/08\\\/19\\\/ipea-aponta-deflacao-em-julho-para-as-familias-de-renda-muito-baixa\",\"name\":\"Ipea aponta defla\u00e7\u00e3o em julho para as fam\u00edlias de renda muito baixa - Ribeir\u00e3o Preto e Regi\u00e3o\",\"isPartOf\":{\"@id\":\"https:\\\/\\\/redenoticiaz.com.br\\\/ribeiraopreto-regiao\\\/#website\"},\"primaryImageOfPage\":{\"@id\":\"https:\\\/\\\/redenoticiaz.com.br\\\/ribeiraopreto-regiao\\\/sp\\\/2023\\\/08\\\/19\\\/ipea-aponta-deflacao-em-julho-para-as-familias-de-renda-muito-baixa#primaryimage\"},\"image\":{\"@id\":\"https:\\\/\\\/redenoticiaz.com.br\\\/ribeiraopreto-regiao\\\/sp\\\/2023\\\/08\\\/19\\\/ipea-aponta-deflacao-em-julho-para-as-familias-de-renda-muito-baixa#primaryimage\"},\"thumbnailUrl\":\"https:\\\/\\\/redenoticiaz.com.br\\\/ribeiraopreto-regiao\\\/wp-content\\\/uploads\\\/sites\\\/4\\\/2022\\\/10\\\/supermercado_economia_20220729_0889.jpg?v=1665094322\",\"datePublished\":\"2023-08-19T17:00:37+00:00\",\"description\":\"O estudo mostra que as fam\u00edlias de renda alta apresentaram alta inflacion\u00e1ria de 0,50%, enquanto o segmento de renda muito baixa registrou defla\u00e7\u00e3o de 0,28%.\",\"inLanguage\":\"pt-BR\",\"potentialAction\":[{\"@type\":\"ReadAction\",\"target\":[\"https:\\\/\\\/redenoticiaz.com.br\\\/ribeiraopreto-regiao\\\/sp\\\/2023\\\/08\\\/19\\\/ipea-aponta-deflacao-em-julho-para-as-familias-de-renda-muito-baixa\"]}]},{\"@type\":\"ImageObject\",\"inLanguage\":\"pt-BR\",\"@id\":\"https:\\\/\\\/redenoticiaz.com.br\\\/ribeiraopreto-regiao\\\/sp\\\/2023\\\/08\\\/19\\\/ipea-aponta-deflacao-em-julho-para-as-familias-de-renda-muito-baixa#primaryimage\",\"url\":\"https:\\\/\\\/redenoticiaz.com.br\\\/ribeiraopreto-regiao\\\/wp-content\\\/uploads\\\/sites\\\/4\\\/2022\\\/10\\\/supermercado_economia_20220729_0889.jpg?v=1665094322\",\"contentUrl\":\"https:\\\/\\\/redenoticiaz.com.br\\\/ribeiraopreto-regiao\\\/wp-content\\\/uploads\\\/sites\\\/4\\\/2022\\\/10\\\/supermercado_economia_20220729_0889.jpg?v=1665094322\",\"width\":1170,\"height\":700,\"caption\":\"SP teve a cesta b\u00e1sica mais cara do pa\u00eds em setembro, diz Dieese\"},{\"@type\":\"WebSite\",\"@id\":\"https:\\\/\\\/redenoticiaz.com.br\\\/ribeiraopreto-regiao\\\/#website\",\"url\":\"https:\\\/\\\/redenoticiaz.com.br\\\/ribeiraopreto-regiao\\\/\",\"name\":\"Ribeir\u00e3o Preto e Regi\u00e3o\",\"description\":\"Rede NoticiaZ - Ribeir\u00e3o Preto e regi\u00e3o\",\"publisher\":{\"@id\":\"https:\\\/\\\/redenoticiaz.com.br\\\/ribeiraopreto-regiao\\\/#organization\"},\"potentialAction\":[{\"@type\":\"SearchAction\",\"target\":{\"@type\":\"EntryPoint\",\"urlTemplate\":\"https:\\\/\\\/redenoticiaz.com.br\\\/ribeiraopreto-regiao\\\/?s={search_term_string}\"},\"query-input\":{\"@type\":\"PropertyValueSpecification\",\"valueRequired\":true,\"valueName\":\"search_term_string\"}}],\"inLanguage\":\"pt-BR\"},{\"@type\":\"Organization\",\"@id\":\"https:\\\/\\\/redenoticiaz.com.br\\\/ribeiraopreto-regiao\\\/#organization\",\"name\":\"Ribeir\u00e3o Preto e Regi\u00e3o\",\"url\":\"https:\\\/\\\/redenoticiaz.com.br\\\/ribeiraopreto-regiao\\\/\",\"logo\":{\"@type\":\"ImageObject\",\"inLanguage\":\"pt-BR\",\"@id\":\"https:\\\/\\\/redenoticiaz.com.br\\\/ribeiraopreto-regiao\\\/#\\\/schema\\\/logo\\\/image\\\/\",\"url\":\"https:\\\/\\\/redenoticiaz.com.br\\\/barretos-regiao\\\/wp-content\\\/uploads\\\/sites\\\/4\\\/2022\\\/02\\\/logo.jpg\",\"contentUrl\":\"https:\\\/\\\/redenoticiaz.com.br\\\/barretos-regiao\\\/wp-content\\\/uploads\\\/sites\\\/4\\\/2022\\\/02\\\/logo.jpg\",\"width\":400,\"height\":250,\"caption\":\"Ribeir\u00e3o Preto e Regi\u00e3o\"},\"image\":{\"@id\":\"https:\\\/\\\/redenoticiaz.com.br\\\/ribeiraopreto-regiao\\\/#\\\/schema\\\/logo\\\/image\\\/\"},\"sameAs\":[\"https:\\\/\\\/m.facebook.com\\\/redenoticiaz.barretos\",\"https:\\\/\\\/x.com\\\/RN_barretos\",\"https:\\\/\\\/www.instagram.com\\\/redenoticiaz.barretos\\\/?igshid=YmMyMTA2M2Y\",\"https:\\\/\\\/www.linkedin.com\\\/company\\\/rede-noticiaz-barretos-e-regio\\\/\"]},{\"@type\":\"Person\",\"@id\":\"https:\\\/\\\/redenoticiaz.com.br\\\/ribeiraopreto-regiao\\\/#\\\/schema\\\/person\\\/16057b37a3c0ee6b096d7f887c566e2e\",\"name\":\"Gustavo Silva\",\"image\":{\"@type\":\"ImageObject\",\"inLanguage\":\"pt-BR\",\"@id\":\"https:\\\/\\\/secure.gravatar.com\\\/avatar\\\/3ee4e82f93b26de0a7cf4ea5eb7893da637ed6bb0c9170c58065944c56e28a33?s=96&d=mm&r=g\",\"url\":\"https:\\\/\\\/secure.gravatar.com\\\/avatar\\\/3ee4e82f93b26de0a7cf4ea5eb7893da637ed6bb0c9170c58065944c56e28a33?s=96&d=mm&r=g\",\"contentUrl\":\"https:\\\/\\\/secure.gravatar.com\\\/avatar\\\/3ee4e82f93b26de0a7cf4ea5eb7893da637ed6bb0c9170c58065944c56e28a33?s=96&d=mm&r=g\",\"caption\":\"Gustavo Silva\"},\"url\":\"https:\\\/\\\/redenoticiaz.com.br\\\/ribeiraopreto-regiao\\\/sp\\\/author\\\/gustavosilva\"}]}<\/script>\n<!-- \/ Yoast SEO plugin. -->","yoast_head_json":{"title":"Ipea aponta defla\u00e7\u00e3o em julho para as fam\u00edlias de renda muito baixa - Ribeir\u00e3o Preto e Regi\u00e3o","description":"O estudo mostra que as fam\u00edlias de renda alta apresentaram alta inflacion\u00e1ria de 0,50%, enquanto o segmento de renda muito baixa registrou defla\u00e7\u00e3o de 0,28%.","robots":{"index":"index","follow":"follow","max-snippet":"max-snippet:-1","max-image-preview":"max-image-preview:large","max-video-preview":"max-video-preview:-1"},"canonical":"https:\/\/redenoticiaz.com.br\/ribeiraopreto-regiao\/sp\/2023\/08\/19\/ipea-aponta-deflacao-em-julho-para-as-familias-de-renda-muito-baixa","og_locale":"pt_BR","og_type":"article","og_title":"Ipea aponta defla\u00e7\u00e3o em julho para as fam\u00edlias de renda muito baixa - Ribeir\u00e3o Preto e Regi\u00e3o","og_description":"O estudo mostra que as fam\u00edlias de renda alta apresentaram alta inflacion\u00e1ria de 0,50%, enquanto o segmento de renda muito baixa registrou defla\u00e7\u00e3o de 0,28%.","og_url":"https:\/\/redenoticiaz.com.br\/ribeiraopreto-regiao\/sp\/2023\/08\/19\/ipea-aponta-deflacao-em-julho-para-as-familias-de-renda-muito-baixa","og_site_name":"Ribeir\u00e3o Preto e Regi\u00e3o","article_publisher":"https:\/\/m.facebook.com\/redenoticiaz.barretos","article_published_time":"2023-08-19T17:00:37+00:00","og_image":[{"width":1170,"height":700,"url":"https:\/\/redenoticiaz.com.br\/ribeiraopreto-regiao\/wp-content\/uploads\/sites\/4\/2022\/10\/supermercado_economia_20220729_0889.jpg?v=1665094322","type":"image\/jpeg"}],"author":"Gustavo Silva","twitter_card":"summary_large_image","twitter_creator":"@RN_barretos","twitter_site":"@RN_barretos","twitter_misc":{"Escrito por":"Gustavo Silva","Est. tempo de leitura":"4 minutos"},"schema":{"@context":"https:\/\/schema.org","@graph":[{"@type":"Article","@id":"https:\/\/redenoticiaz.com.br\/ribeiraopreto-regiao\/sp\/2023\/08\/19\/ipea-aponta-deflacao-em-julho-para-as-familias-de-renda-muito-baixa#article","isPartOf":{"@id":"https:\/\/redenoticiaz.com.br\/ribeiraopreto-regiao\/sp\/2023\/08\/19\/ipea-aponta-deflacao-em-julho-para-as-familias-de-renda-muito-baixa"},"author":{"name":"Gustavo Silva","@id":"https:\/\/redenoticiaz.com.br\/ribeiraopreto-regiao\/#\/schema\/person\/16057b37a3c0ee6b096d7f887c566e2e"},"headline":"Ipea aponta defla\u00e7\u00e3o em julho para as fam\u00edlias de renda muito baixa","datePublished":"2023-08-19T17:00:37+00:00","mainEntityOfPage":{"@id":"https:\/\/redenoticiaz.com.br\/ribeiraopreto-regiao\/sp\/2023\/08\/19\/ipea-aponta-deflacao-em-julho-para-as-familias-de-renda-muito-baixa"},"wordCount":622,"commentCount":0,"publisher":{"@id":"https:\/\/redenoticiaz.com.br\/ribeiraopreto-regiao\/#organization"},"image":{"@id":"https:\/\/redenoticiaz.com.br\/ribeiraopreto-regiao\/sp\/2023\/08\/19\/ipea-aponta-deflacao-em-julho-para-as-familias-de-renda-muito-baixa#primaryimage"},"thumbnailUrl":"https:\/\/redenoticiaz.com.br\/ribeiraopreto-regiao\/wp-content\/uploads\/sites\/4\/2022\/10\/supermercado_economia_20220729_0889.jpg?v=1665094322","keywords":["defla\u00e7\u00e3o","gasolina","Infla\u00e7\u00e3o","pre\u00e7os"],"articleSection":["Economia"],"inLanguage":"pt-BR","potentialAction":[{"@type":"CommentAction","name":"Comment","target":["https:\/\/redenoticiaz.com.br\/ribeiraopreto-regiao\/sp\/2023\/08\/19\/ipea-aponta-deflacao-em-julho-para-as-familias-de-renda-muito-baixa#respond"]}]},{"@type":"WebPage","@id":"https:\/\/redenoticiaz.com.br\/ribeiraopreto-regiao\/sp\/2023\/08\/19\/ipea-aponta-deflacao-em-julho-para-as-familias-de-renda-muito-baixa","url":"https:\/\/redenoticiaz.com.br\/ribeiraopreto-regiao\/sp\/2023\/08\/19\/ipea-aponta-deflacao-em-julho-para-as-familias-de-renda-muito-baixa","name":"Ipea aponta defla\u00e7\u00e3o em julho para as fam\u00edlias de renda muito baixa - Ribeir\u00e3o Preto e Regi\u00e3o","isPartOf":{"@id":"https:\/\/redenoticiaz.com.br\/ribeiraopreto-regiao\/#website"},"primaryImageOfPage":{"@id":"https:\/\/redenoticiaz.com.br\/ribeiraopreto-regiao\/sp\/2023\/08\/19\/ipea-aponta-deflacao-em-julho-para-as-familias-de-renda-muito-baixa#primaryimage"},"image":{"@id":"https:\/\/redenoticiaz.com.br\/ribeiraopreto-regiao\/sp\/2023\/08\/19\/ipea-aponta-deflacao-em-julho-para-as-familias-de-renda-muito-baixa#primaryimage"},"thumbnailUrl":"https:\/\/redenoticiaz.com.br\/ribeiraopreto-regiao\/wp-content\/uploads\/sites\/4\/2022\/10\/supermercado_economia_20220729_0889.jpg?v=1665094322","datePublished":"2023-08-19T17:00:37+00:00","description":"O estudo mostra que as fam\u00edlias de renda alta apresentaram alta inflacion\u00e1ria de 0,50%, enquanto o segmento de renda muito baixa registrou defla\u00e7\u00e3o de 0,28%.","inLanguage":"pt-BR","potentialAction":[{"@type":"ReadAction","target":["https:\/\/redenoticiaz.com.br\/ribeiraopreto-regiao\/sp\/2023\/08\/19\/ipea-aponta-deflacao-em-julho-para-as-familias-de-renda-muito-baixa"]}]},{"@type":"ImageObject","inLanguage":"pt-BR","@id":"https:\/\/redenoticiaz.com.br\/ribeiraopreto-regiao\/sp\/2023\/08\/19\/ipea-aponta-deflacao-em-julho-para-as-familias-de-renda-muito-baixa#primaryimage","url":"https:\/\/redenoticiaz.com.br\/ribeiraopreto-regiao\/wp-content\/uploads\/sites\/4\/2022\/10\/supermercado_economia_20220729_0889.jpg?v=1665094322","contentUrl":"https:\/\/redenoticiaz.com.br\/ribeiraopreto-regiao\/wp-content\/uploads\/sites\/4\/2022\/10\/supermercado_economia_20220729_0889.jpg?v=1665094322","width":1170,"height":700,"caption":"SP teve a cesta b\u00e1sica mais cara do pa\u00eds em setembro, diz Dieese"},{"@type":"WebSite","@id":"https:\/\/redenoticiaz.com.br\/ribeiraopreto-regiao\/#website","url":"https:\/\/redenoticiaz.com.br\/ribeiraopreto-regiao\/","name":"Ribeir\u00e3o Preto e Regi\u00e3o","description":"Rede NoticiaZ - Ribeir\u00e3o Preto e regi\u00e3o","publisher":{"@id":"https:\/\/redenoticiaz.com.br\/ribeiraopreto-regiao\/#organization"},"potentialAction":[{"@type":"SearchAction","target":{"@type":"EntryPoint","urlTemplate":"https:\/\/redenoticiaz.com.br\/ribeiraopreto-regiao\/?s={search_term_string}"},"query-input":{"@type":"PropertyValueSpecification","valueRequired":true,"valueName":"search_term_string"}}],"inLanguage":"pt-BR"},{"@type":"Organization","@id":"https:\/\/redenoticiaz.com.br\/ribeiraopreto-regiao\/#organization","name":"Ribeir\u00e3o Preto e Regi\u00e3o","url":"https:\/\/redenoticiaz.com.br\/ribeiraopreto-regiao\/","logo":{"@type":"ImageObject","inLanguage":"pt-BR","@id":"https:\/\/redenoticiaz.com.br\/ribeiraopreto-regiao\/#\/schema\/logo\/image\/","url":"https:\/\/redenoticiaz.com.br\/barretos-regiao\/wp-content\/uploads\/sites\/4\/2022\/02\/logo.jpg","contentUrl":"https:\/\/redenoticiaz.com.br\/barretos-regiao\/wp-content\/uploads\/sites\/4\/2022\/02\/logo.jpg","width":400,"height":250,"caption":"Ribeir\u00e3o Preto e Regi\u00e3o"},"image":{"@id":"https:\/\/redenoticiaz.com.br\/ribeiraopreto-regiao\/#\/schema\/logo\/image\/"},"sameAs":["https:\/\/m.facebook.com\/redenoticiaz.barretos","https:\/\/x.com\/RN_barretos","https:\/\/www.instagram.com\/redenoticiaz.barretos\/?igshid=YmMyMTA2M2Y","https:\/\/www.linkedin.com\/company\/rede-noticiaz-barretos-e-regio\/"]},{"@type":"Person","@id":"https:\/\/redenoticiaz.com.br\/ribeiraopreto-regiao\/#\/schema\/person\/16057b37a3c0ee6b096d7f887c566e2e","name":"Gustavo Silva","image":{"@type":"ImageObject","inLanguage":"pt-BR","@id":"https:\/\/secure.gravatar.com\/avatar\/3ee4e82f93b26de0a7cf4ea5eb7893da637ed6bb0c9170c58065944c56e28a33?s=96&d=mm&r=g","url":"https:\/\/secure.gravatar.com\/avatar\/3ee4e82f93b26de0a7cf4ea5eb7893da637ed6bb0c9170c58065944c56e28a33?s=96&d=mm&r=g","contentUrl":"https:\/\/secure.gravatar.com\/avatar\/3ee4e82f93b26de0a7cf4ea5eb7893da637ed6bb0c9170c58065944c56e28a33?s=96&d=mm&r=g","caption":"Gustavo Silva"},"url":"https:\/\/redenoticiaz.com.br\/ribeiraopreto-regiao\/sp\/author\/gustavosilva"}]}},"_links":{"self":[{"href":"https:\/\/redenoticiaz.com.br\/ribeiraopreto-regiao\/wp-json\/wp\/v2\/posts\/109557","targetHints":{"allow":["GET"]}}],"collection":[{"href":"https:\/\/redenoticiaz.com.br\/ribeiraopreto-regiao\/wp-json\/wp\/v2\/posts"}],"about":[{"href":"https:\/\/redenoticiaz.com.br\/ribeiraopreto-regiao\/wp-json\/wp\/v2\/types\/post"}],"author":[{"embeddable":true,"href":"https:\/\/redenoticiaz.com.br\/ribeiraopreto-regiao\/wp-json\/wp\/v2\/users\/12"}],"replies":[{"embeddable":true,"href":"https:\/\/redenoticiaz.com.br\/ribeiraopreto-regiao\/wp-json\/wp\/v2\/comments?post=109557"}],"version-history":[{"count":0,"href":"https:\/\/redenoticiaz.com.br\/ribeiraopreto-regiao\/wp-json\/wp\/v2\/posts\/109557\/revisions"}],"wp:featuredmedia":[{"embeddable":true,"href":"https:\/\/redenoticiaz.com.br\/ribeiraopreto-regiao\/wp-json\/wp\/v2\/media\/92954"}],"wp:attachment":[{"href":"https:\/\/redenoticiaz.com.br\/ribeiraopreto-regiao\/wp-json\/wp\/v2\/media?parent=109557"}],"wp:term":[{"taxonomy":"category","embeddable":true,"href":"https:\/\/redenoticiaz.com.br\/ribeiraopreto-regiao\/wp-json\/wp\/v2\/categories?post=109557"},{"taxonomy":"post_tag","embeddable":true,"href":"https:\/\/redenoticiaz.com.br\/ribeiraopreto-regiao\/wp-json\/wp\/v2\/tags?post=109557"}],"curies":[{"name":"wp","href":"https:\/\/api.w.org\/{rel}","templated":true}]}}