{"id":109715,"date":"2023-08-21T15:06:34","date_gmt":"2023-08-21T18:06:34","guid":{"rendered":"https:\/\/redenoticiaz.com.br\/barretos-regiao\/?p=109715"},"modified":"2023-08-21T15:06:34","modified_gmt":"2023-08-21T18:06:34","slug":"paula-lemos-solicita-intercessao-do-ministro-alexandre-padilha-para-liberacao-de-recursos-junto-ao-governo-federal","status":"publish","type":"post","link":"https:\/\/redenoticiaz.com.br\/ribeiraopreto-regiao\/sp\/2023\/08\/21\/paula-lemos-solicita-intercessao-do-ministro-alexandre-padilha-para-liberacao-de-recursos-junto-ao-governo-federal","title":{"rendered":"Paula Lemos solicita intercess\u00e3o do Ministro Alexandre Padilha para libera\u00e7\u00e3o de recursos junto ao Governo Federal"},"content":{"rendered":"<p>A Prefeita da Est\u00e2ncia Tur\u00edstica de Barretos, Paula Lemos, recebeu o Ministro Alexandre Padilha, e solicitou ao titular da pasta das Rela\u00e7\u00f5es Institucionais do Governo Federal a intercess\u00e3o para libera\u00e7\u00e3o de recursos para a cidade.<\/p>\n<p>Dentre as solicita\u00e7\u00f5es da chefe do Executivo municipal est\u00e3o propostas que j\u00e1 se encontram cadastradas na plataforma TransfereGov para aquisi\u00e7\u00e3o de caminh\u00f5es, motoniveladora, p\u00e1 carregadeira, tratores e implementos agr\u00edcolas, al\u00e9m de recursos para implanta\u00e7\u00e3o de estufa e sistema de irriga\u00e7\u00e3o na horta municipal, constru\u00e7\u00e3o de pista de caminhada, quadra poliesportiva e campo de futebol society no Bairro Vida Nova, a implanta\u00e7\u00e3o de gin\u00e1sio de esportes, no Jardim Anast\u00e1cio, constru\u00e7\u00e3o de vesti\u00e1rios com sanit\u00e1rios, academias ao ar livre e playgrounds infantis, somando R$10.805.789,01.<\/p>\n<p>Paula Lemos tamb\u00e9m solicitou R$ 10 milh\u00f5es para custeio da sa\u00fade, destacando a queda do repasse do ICMS em R$ 14 milh\u00f5es, do FPM em R$ 2 milh\u00f5es e do Fundeb em R$ 8 milh\u00f5es. <em>&#8220;\u00c9 uma grande oportunidade estar falando com um ministro t\u00e3o pr\u00f3ximo ao presidente para apresentar uma das dificuldades n\u00e3o s\u00f3 de Barretos, mas de todo o pa\u00eds que \u00e9 a queda de arrecada\u00e7\u00e3o. Pedimos esse refor\u00e7o no custeio da sa\u00fade e da pr\u00f3pria educa\u00e7\u00e3o, considerando tamb\u00e9m a queda no repasse do FUNDEB. O ministro se mostrou muito solicito&#8221;,<\/em> destacou.<\/p>\n<p>A prefeita pediu ainda a libera\u00e7\u00e3o de recursos estagnados desde a contrata\u00e7\u00e3o do objeto, para a pavimenta\u00e7\u00e3o asf\u00e1ltica e drenagem em vias p\u00fablicas de acesso \u00e0 Pra\u00e7a Casa de Ora\u00e7\u00e3o, no valor de R$ 3.250.490,78 em repasse, mais R$ 33.829,67 de contrapartida. &#8220;Temos uma demanda que j\u00e1 est\u00e1 em execu\u00e7\u00e3o, um conv\u00eanio que j\u00e1 foi publicado e pedimos a libera\u00e7\u00e3o do recurso para que a gente possa concluir a via de acesso do Hospital de Amor. Padilha se comprometeu a liberar esse recurso&#8221;, comentou.<\/p>\n<h3>Portas abertas em Bras\u00edlia<\/h3>\n<p>O ministro Alexandre Padilha afirmou que fez quest\u00e3o de estar na cidade com sua equipe com o objetivo de ajudar Barretos. &#8220;Quero agradecer muito \u00e0 prefeita Paula por ter nos convidado e ao secret\u00e1rio Mussa. A cidade tem import\u00e2ncia nos cen\u00e1rios nacional e internacional e a prefeita fez o pedido de libera\u00e7\u00e3o de R$ 3,2 milh\u00f5es para uma obra de acesso ao Hospital de Amor que o munic\u00edpio est\u00e1 fazendo praticamente sozinho hoje. A prefeita nos apresentou isso hoje e eu assumo a responsabilidade junto com o Governo Federal de a gente repassar esses recursos de imediato&#8221;, afirmou. Ele lembrou que, al\u00e9m de ser importante para os pacientes do H.A., a melhoria beneficia toda a popula\u00e7\u00e3o, uma vez que o hospital contribui para gera\u00e7\u00e3o de emprego e renda na cidade.<\/p>\n<p>O ministro enfatizou que sua presen\u00e7a no munic\u00edpio tem o intuito de trazer investimento. &#8220;Barretos tem as portas abertas no Governo Federal. Nosso gabinete fica a 50 passos do gabinete do presidente Lula. Podem consider\u00e1-lo a embaixada de Barretos em Bras\u00edlia&#8221;, afirmou.<\/p>\n<p>Padilha destacou que Paula tamb\u00e9m apresentou uma demanda de cerca de 10 milh\u00f5es para apoiar a Sa\u00fade de Barretos e compartilhou com a administra\u00e7\u00e3o municipal a informa\u00e7\u00e3o que uma parte desse recurso pode ser acessada dentro de um programa de redu\u00e7\u00e3o de filas criado pelo Governo Federal que, segundo ele, disponibilizou mais de R$ 40 milh\u00f5es em recursos para o Estado de S\u00e3o Paulo.<\/p>\n<p>Padilha lembrou que nas visitas que tem feito aos munic\u00edpios vem conversando com os prefeitos sobre a possibilidade de captar recursos federais, com rela\u00e7\u00e3o \u00e0 Lei Paulo Gustavo, na Cultura, e ao novo Programa de Acelera\u00e7\u00e3o do Crescimento (PAC), lan\u00e7ado pelo Governo Federal. Padilha destacou que Barretos apresentou o plano municipal em rela\u00e7\u00e3o \u00e0 Lei Paulo Gustavo viabilizando que mais R$ 1 milh\u00e3o seja destinado ao munic\u00edpio. &#8220;Isso gera renda para a cidade, qualifica\u00e7\u00e3o profissional, oportunidade de emprego&#8221;, afirmou. Com rela\u00e7\u00e3o ao novo PAC, o ministro pontuou que a Prefeitura de Barretos tamb\u00e9m j\u00e1 apresentou projetos relacionados a habita\u00e7\u00e3o e que est\u00e3o em fase final de avalia\u00e7\u00e3o. &#8220;Os munic\u00edpios t\u00eam at\u00e9 o final de setembro para apresentar outros projetos de infraestrutura urbana&#8221;, mencionou.<\/p>\n<h3>Aeroporto e porto seco<\/h3>\n<p>Outros temas relacionados \u00e0 infraestrutura foram abordados na visita. &#8220;A gente discutiu muito com a prefeita a necessidade de reativa\u00e7\u00e3o e amplia\u00e7\u00e3o do papel do aeroporto&#8221;, disse Padilha, destacando o interesse em se ter uma linha de voo e a possibilidade de aeroporto ter tamb\u00e9m papel importante para transporte de carga. &#8220;A prefeita me falou tamb\u00e9m do compromisso da concession\u00e1ria da rede ferrovi\u00e1ria com o porto seco. Saio daqui com o compromisso de marcar uma reuni\u00e3o com a concession\u00e1ria para que se honre o compromisso com o porto seco&#8221;. Padilha considera que com o papel econ\u00f4mico do munic\u00edpio, que envolve frigor\u00edfico e transporte de gr\u00e3os, Barretos re\u00fane todas as condi\u00e7\u00f5es para que haja um porto seco aqui.<\/p>\n<h3>Tecnologia<\/h3>\n<p>O ministro tamb\u00e9m mencionou pot\u00eancias do munic\u00edpio. &#8220;Apostamos muito no desenvolvimento tecnol\u00f3gico para a \u00e1rea da sa\u00fade&#8221;, pontuou. Ele lembrou que h\u00e1 patentes desenvolvidas na cidade, que pode avan\u00e7ar como um polo produtor de tecnologia na \u00e1rea da sa\u00fade. Tamb\u00e9m citou a voca\u00e7\u00e3o regional para o agroneg\u00f3cio, com a produ\u00e7\u00e3o de etanol. &#8220;Barretos tem tudo para atrair investimentos de ind\u00fastrias de tecnologia na \u00e1rea do agro. Saio daqui com esse papel de ajudar a regi\u00e3o de Barretos, n\u00e3o s\u00f3 a Prefeitura, como empres\u00e1rios para ocupar esse espa\u00e7o&#8221;, afirmou.<\/p>\n<h3>Agenda ministerial<\/h3>\n<p>Na agenda do ministro na cidade, tamb\u00e9m estavam previstas visitas ao Instituto Federal de Educa\u00e7\u00e3o, Ci\u00eancia e Tecnologia de S\u00e3o Paulo, (IFSP &#8211; Campus Barretos), \u00e0 Santa Casa de Miseric\u00f3rdia e ao Hospital de Amor. Padilha destacou o intuito de promover amplia\u00e7\u00e3o e qualifica\u00e7\u00e3o de laborat\u00f3rios no campus do IFSP, atrav\u00e9s do PAC.<\/p>\n<p>Na Santa Casa, uma das discuss\u00f5es previstas, segundo o ministro, \u00e9 sobre a implanta\u00e7\u00e3o de centro de oftalmologia para exames diagn\u00f3sticos e cirurgia de catarata. Para reduzir as filas para cirurgia de catarata existente na cidade, a Prefeitura colocou em pr\u00e1tica neste ano um mutir\u00e3o de cirurgias, realizado com recursos pr\u00f3prios. Padilha refor\u00e7ou o intuito de programar recursos federais para a implanta\u00e7\u00e3o desse centro de oftalmologia proposto pelo Governo Federal.<\/p>\n<p>Ele lembrou que foi reativado neste ano o Programa Nacional de Apoio \u00e0 Aten\u00e7\u00e3o Oncol\u00f3gica (Pronon), sendo esse um dos temas previstos para a reuni\u00e3o no H.A. &#8220;Vamos discutir com o Henrique Prata os projetos que o<\/p>\n<p>Hospital de Amor tem para o Pronon, para Barretos e para a rede do hospital&#8221;, mencionou. O ministro ressaltou a import\u00e2ncia de se proporcionar investimentos para o hospital de tratamento de c\u00e2ncer e para a faculdade de medicina existente na cidade.<\/p>\n<p>LEIA MAIS<\/p>\n<p><a href=\"https:\/\/redenoticiaz.com.br\/barretos-regiao\/sp\/2023\/08\/21\/servidor-municipal-detido-por-crimes-sexuais-em-colina\">Servidor municipal detido por crimes sexuais em Colina<\/a><\/p>\n<p>&nbsp;<\/p>\n","protected":false},"excerpt":{"rendered":"<p>A Prefeita da Est\u00e2ncia Tur\u00edstica de Barretos, Paula Lemos, recebeu o Ministro Alexandre Padilha, e solicitou ao titular da pasta das Rela\u00e7\u00f5es Institucionais do Governo Federal a intercess\u00e3o para libera\u00e7\u00e3o de recursos para a cidade. Dentre as solicita\u00e7\u00f5es da chefe do Executivo municipal est\u00e3o propostas que j\u00e1 se encontram cadastradas na plataforma TransfereGov para aquisi\u00e7\u00e3o &hellip;<\/p>\n","protected":false},"author":30,"featured_media":109716,"comment_status":"open","ping_status":"closed","sticky":false,"template":"","format":"standard","meta":{"footnotes":""},"categories":[2920],"tags":[2762,28619,17117,2620,28618],"class_list":["post-109715","post","type-post","status-publish","format-standard","has-post-thumbnail","hentry","category-obras","tag-cidade","tag-horta","tag-pavimentacao","tag-recursos","tag-transferegov"],"yoast_head":"<!-- This site is optimized with the Yoast SEO plugin v27.4 - https:\/\/yoast.com\/product\/yoast-seo-wordpress\/ -->\n<title>Paula Lemos solicita intercess\u00e3o do Ministro Alexandre Padilha para libera\u00e7\u00e3o de recursos junto ao Governo Federal - Ribeir\u00e3o Preto e Regi\u00e3o<\/title>\n<meta name=\"description\" content=\"Prefeita de Barretos, recebeu o Ministro Alexandre Padilha, e solicitou ao titular da pasta das Rela\u00e7\u00f5es Institucionais do Governo Federal.\" \/>\n<meta name=\"robots\" content=\"index, follow, max-snippet:-1, max-image-preview:large, max-video-preview:-1\" \/>\n<link rel=\"canonical\" href=\"https:\/\/redenoticiaz.com.br\/ribeiraopreto-regiao\/sp\/2023\/08\/21\/paula-lemos-solicita-intercessao-do-ministro-alexandre-padilha-para-liberacao-de-recursos-junto-ao-governo-federal\" \/>\n<meta property=\"og:locale\" content=\"pt_BR\" \/>\n<meta property=\"og:type\" content=\"article\" \/>\n<meta property=\"og:title\" content=\"Paula Lemos solicita intercess\u00e3o do Ministro Alexandre Padilha para libera\u00e7\u00e3o de recursos junto ao Governo Federal - Ribeir\u00e3o Preto e Regi\u00e3o\" \/>\n<meta property=\"og:description\" content=\"Prefeita de Barretos, recebeu o Ministro Alexandre Padilha, e solicitou ao titular da pasta das Rela\u00e7\u00f5es Institucionais do Governo Federal.\" \/>\n<meta property=\"og:url\" content=\"https:\/\/redenoticiaz.com.br\/ribeiraopreto-regiao\/sp\/2023\/08\/21\/paula-lemos-solicita-intercessao-do-ministro-alexandre-padilha-para-liberacao-de-recursos-junto-ao-governo-federal\" \/>\n<meta property=\"og:site_name\" content=\"Ribeir\u00e3o Preto e Regi\u00e3o\" \/>\n<meta property=\"article:publisher\" content=\"https:\/\/m.facebook.com\/redenoticiaz.barretos\" \/>\n<meta property=\"article:published_time\" content=\"2023-08-21T18:06:34+00:00\" \/>\n<meta property=\"og:image\" content=\"https:\/\/redenoticiaz.com.br\/ribeiraopreto-regiao\/wp-content\/uploads\/sites\/4\/2023\/08\/76dc611d6ebaafc66cc0879c71b5db5c.jpeg\" \/>\n\t<meta property=\"og:image:width\" content=\"1249\" \/>\n\t<meta property=\"og:image:height\" content=\"1080\" \/>\n\t<meta property=\"og:image:type\" content=\"image\/jpeg\" \/>\n<meta name=\"author\" content=\"Carina Reifonas\" \/>\n<meta name=\"twitter:card\" content=\"summary_large_image\" \/>\n<meta name=\"twitter:creator\" content=\"@RN_barretos\" \/>\n<meta name=\"twitter:site\" content=\"@RN_barretos\" \/>\n<meta name=\"twitter:label1\" content=\"Escrito por\" \/>\n\t<meta name=\"twitter:data1\" content=\"Carina Reifonas\" \/>\n\t<meta name=\"twitter:label2\" content=\"Est. tempo de leitura\" \/>\n\t<meta name=\"twitter:data2\" content=\"6 minutos\" \/>\n<script type=\"application\/ld+json\" class=\"yoast-schema-graph\">{\"@context\":\"https:\\\/\\\/schema.org\",\"@graph\":[{\"@type\":\"Article\",\"@id\":\"https:\\\/\\\/redenoticiaz.com.br\\\/ribeiraopreto-regiao\\\/sp\\\/2023\\\/08\\\/21\\\/paula-lemos-solicita-intercessao-do-ministro-alexandre-padilha-para-liberacao-de-recursos-junto-ao-governo-federal#article\",\"isPartOf\":{\"@id\":\"https:\\\/\\\/redenoticiaz.com.br\\\/ribeiraopreto-regiao\\\/sp\\\/2023\\\/08\\\/21\\\/paula-lemos-solicita-intercessao-do-ministro-alexandre-padilha-para-liberacao-de-recursos-junto-ao-governo-federal\"},\"author\":{\"name\":\"Carina Reifonas\",\"@id\":\"https:\\\/\\\/redenoticiaz.com.br\\\/ribeiraopreto-regiao\\\/#\\\/schema\\\/person\\\/1f84d6e94e6a62d2d81199d7503e9e90\"},\"headline\":\"Paula Lemos solicita intercess\u00e3o do Ministro Alexandre Padilha para libera\u00e7\u00e3o de recursos junto ao Governo Federal\",\"datePublished\":\"2023-08-21T18:06:34+00:00\",\"mainEntityOfPage\":{\"@id\":\"https:\\\/\\\/redenoticiaz.com.br\\\/ribeiraopreto-regiao\\\/sp\\\/2023\\\/08\\\/21\\\/paula-lemos-solicita-intercessao-do-ministro-alexandre-padilha-para-liberacao-de-recursos-junto-ao-governo-federal\"},\"wordCount\":1217,\"commentCount\":0,\"publisher\":{\"@id\":\"https:\\\/\\\/redenoticiaz.com.br\\\/ribeiraopreto-regiao\\\/#organization\"},\"image\":{\"@id\":\"https:\\\/\\\/redenoticiaz.com.br\\\/ribeiraopreto-regiao\\\/sp\\\/2023\\\/08\\\/21\\\/paula-lemos-solicita-intercessao-do-ministro-alexandre-padilha-para-liberacao-de-recursos-junto-ao-governo-federal#primaryimage\"},\"thumbnailUrl\":\"https:\\\/\\\/redenoticiaz.com.br\\\/ribeiraopreto-regiao\\\/wp-content\\\/uploads\\\/sites\\\/4\\\/2023\\\/08\\\/76dc611d6ebaafc66cc0879c71b5db5c.jpeg\",\"keywords\":[\"CIDADE\",\"horta\",\"PAVIMENTA\u00c7\u00c3O\",\"RECURSOS\",\"TransfereGov\"],\"articleSection\":[\"Obras\"],\"inLanguage\":\"pt-BR\",\"potentialAction\":[{\"@type\":\"CommentAction\",\"name\":\"Comment\",\"target\":[\"https:\\\/\\\/redenoticiaz.com.br\\\/ribeiraopreto-regiao\\\/sp\\\/2023\\\/08\\\/21\\\/paula-lemos-solicita-intercessao-do-ministro-alexandre-padilha-para-liberacao-de-recursos-junto-ao-governo-federal#respond\"]}]},{\"@type\":\"WebPage\",\"@id\":\"https:\\\/\\\/redenoticiaz.com.br\\\/ribeiraopreto-regiao\\\/sp\\\/2023\\\/08\\\/21\\\/paula-lemos-solicita-intercessao-do-ministro-alexandre-padilha-para-liberacao-de-recursos-junto-ao-governo-federal\",\"url\":\"https:\\\/\\\/redenoticiaz.com.br\\\/ribeiraopreto-regiao\\\/sp\\\/2023\\\/08\\\/21\\\/paula-lemos-solicita-intercessao-do-ministro-alexandre-padilha-para-liberacao-de-recursos-junto-ao-governo-federal\",\"name\":\"Paula Lemos solicita intercess\u00e3o do Ministro Alexandre Padilha para libera\u00e7\u00e3o de recursos junto ao Governo Federal - Ribeir\u00e3o Preto e Regi\u00e3o\",\"isPartOf\":{\"@id\":\"https:\\\/\\\/redenoticiaz.com.br\\\/ribeiraopreto-regiao\\\/#website\"},\"primaryImageOfPage\":{\"@id\":\"https:\\\/\\\/redenoticiaz.com.br\\\/ribeiraopreto-regiao\\\/sp\\\/2023\\\/08\\\/21\\\/paula-lemos-solicita-intercessao-do-ministro-alexandre-padilha-para-liberacao-de-recursos-junto-ao-governo-federal#primaryimage\"},\"image\":{\"@id\":\"https:\\\/\\\/redenoticiaz.com.br\\\/ribeiraopreto-regiao\\\/sp\\\/2023\\\/08\\\/21\\\/paula-lemos-solicita-intercessao-do-ministro-alexandre-padilha-para-liberacao-de-recursos-junto-ao-governo-federal#primaryimage\"},\"thumbnailUrl\":\"https:\\\/\\\/redenoticiaz.com.br\\\/ribeiraopreto-regiao\\\/wp-content\\\/uploads\\\/sites\\\/4\\\/2023\\\/08\\\/76dc611d6ebaafc66cc0879c71b5db5c.jpeg\",\"datePublished\":\"2023-08-21T18:06:34+00:00\",\"description\":\"Prefeita de Barretos, recebeu o Ministro Alexandre Padilha, e solicitou ao titular da pasta das Rela\u00e7\u00f5es Institucionais do Governo Federal.\",\"inLanguage\":\"pt-BR\",\"potentialAction\":[{\"@type\":\"ReadAction\",\"target\":[\"https:\\\/\\\/redenoticiaz.com.br\\\/ribeiraopreto-regiao\\\/sp\\\/2023\\\/08\\\/21\\\/paula-lemos-solicita-intercessao-do-ministro-alexandre-padilha-para-liberacao-de-recursos-junto-ao-governo-federal\"]}]},{\"@type\":\"ImageObject\",\"inLanguage\":\"pt-BR\",\"@id\":\"https:\\\/\\\/redenoticiaz.com.br\\\/ribeiraopreto-regiao\\\/sp\\\/2023\\\/08\\\/21\\\/paula-lemos-solicita-intercessao-do-ministro-alexandre-padilha-para-liberacao-de-recursos-junto-ao-governo-federal#primaryimage\",\"url\":\"https:\\\/\\\/redenoticiaz.com.br\\\/ribeiraopreto-regiao\\\/wp-content\\\/uploads\\\/sites\\\/4\\\/2023\\\/08\\\/76dc611d6ebaafc66cc0879c71b5db5c.jpeg\",\"contentUrl\":\"https:\\\/\\\/redenoticiaz.com.br\\\/ribeiraopreto-regiao\\\/wp-content\\\/uploads\\\/sites\\\/4\\\/2023\\\/08\\\/76dc611d6ebaafc66cc0879c71b5db5c.jpeg\",\"width\":1249,\"height\":1080,\"caption\":\"Cr\u00e9dito: Divulga\u00e7\u00e3o\"},{\"@type\":\"WebSite\",\"@id\":\"https:\\\/\\\/redenoticiaz.com.br\\\/ribeiraopreto-regiao\\\/#website\",\"url\":\"https:\\\/\\\/redenoticiaz.com.br\\\/ribeiraopreto-regiao\\\/\",\"name\":\"Ribeir\u00e3o Preto e Regi\u00e3o\",\"description\":\"Rede NoticiaZ - Ribeir\u00e3o Preto e regi\u00e3o\",\"publisher\":{\"@id\":\"https:\\\/\\\/redenoticiaz.com.br\\\/ribeiraopreto-regiao\\\/#organization\"},\"potentialAction\":[{\"@type\":\"SearchAction\",\"target\":{\"@type\":\"EntryPoint\",\"urlTemplate\":\"https:\\\/\\\/redenoticiaz.com.br\\\/ribeiraopreto-regiao\\\/?s={search_term_string}\"},\"query-input\":{\"@type\":\"PropertyValueSpecification\",\"valueRequired\":true,\"valueName\":\"search_term_string\"}}],\"inLanguage\":\"pt-BR\"},{\"@type\":\"Organization\",\"@id\":\"https:\\\/\\\/redenoticiaz.com.br\\\/ribeiraopreto-regiao\\\/#organization\",\"name\":\"Ribeir\u00e3o Preto e Regi\u00e3o\",\"url\":\"https:\\\/\\\/redenoticiaz.com.br\\\/ribeiraopreto-regiao\\\/\",\"logo\":{\"@type\":\"ImageObject\",\"inLanguage\":\"pt-BR\",\"@id\":\"https:\\\/\\\/redenoticiaz.com.br\\\/ribeiraopreto-regiao\\\/#\\\/schema\\\/logo\\\/image\\\/\",\"url\":\"https:\\\/\\\/redenoticiaz.com.br\\\/barretos-regiao\\\/wp-content\\\/uploads\\\/sites\\\/4\\\/2022\\\/02\\\/logo.jpg\",\"contentUrl\":\"https:\\\/\\\/redenoticiaz.com.br\\\/barretos-regiao\\\/wp-content\\\/uploads\\\/sites\\\/4\\\/2022\\\/02\\\/logo.jpg\",\"width\":400,\"height\":250,\"caption\":\"Ribeir\u00e3o Preto e Regi\u00e3o\"},\"image\":{\"@id\":\"https:\\\/\\\/redenoticiaz.com.br\\\/ribeiraopreto-regiao\\\/#\\\/schema\\\/logo\\\/image\\\/\"},\"sameAs\":[\"https:\\\/\\\/m.facebook.com\\\/redenoticiaz.barretos\",\"https:\\\/\\\/x.com\\\/RN_barretos\",\"https:\\\/\\\/www.instagram.com\\\/redenoticiaz.barretos\\\/?igshid=YmMyMTA2M2Y\",\"https:\\\/\\\/www.linkedin.com\\\/company\\\/rede-noticiaz-barretos-e-regio\\\/\"]},{\"@type\":\"Person\",\"@id\":\"https:\\\/\\\/redenoticiaz.com.br\\\/ribeiraopreto-regiao\\\/#\\\/schema\\\/person\\\/1f84d6e94e6a62d2d81199d7503e9e90\",\"name\":\"Carina Reifonas\",\"image\":{\"@type\":\"ImageObject\",\"inLanguage\":\"pt-BR\",\"@id\":\"https:\\\/\\\/secure.gravatar.com\\\/avatar\\\/04c59859b23696cf867715880f81d5c037e60109730bdb4e6670ec2a2245bc97?s=96&d=mm&r=g\",\"url\":\"https:\\\/\\\/secure.gravatar.com\\\/avatar\\\/04c59859b23696cf867715880f81d5c037e60109730bdb4e6670ec2a2245bc97?s=96&d=mm&r=g\",\"contentUrl\":\"https:\\\/\\\/secure.gravatar.com\\\/avatar\\\/04c59859b23696cf867715880f81d5c037e60109730bdb4e6670ec2a2245bc97?s=96&d=mm&r=g\",\"caption\":\"Carina Reifonas\"},\"url\":\"https:\\\/\\\/redenoticiaz.com.br\\\/ribeiraopreto-regiao\\\/sp\\\/author\\\/carinareifonas\"}]}<\/script>\n<!-- \/ Yoast SEO plugin. -->","yoast_head_json":{"title":"Paula Lemos solicita intercess\u00e3o do Ministro Alexandre Padilha para libera\u00e7\u00e3o de recursos junto ao Governo Federal - Ribeir\u00e3o Preto e Regi\u00e3o","description":"Prefeita de Barretos, recebeu o Ministro Alexandre Padilha, e solicitou ao titular da pasta das Rela\u00e7\u00f5es Institucionais do Governo Federal.","robots":{"index":"index","follow":"follow","max-snippet":"max-snippet:-1","max-image-preview":"max-image-preview:large","max-video-preview":"max-video-preview:-1"},"canonical":"https:\/\/redenoticiaz.com.br\/ribeiraopreto-regiao\/sp\/2023\/08\/21\/paula-lemos-solicita-intercessao-do-ministro-alexandre-padilha-para-liberacao-de-recursos-junto-ao-governo-federal","og_locale":"pt_BR","og_type":"article","og_title":"Paula Lemos solicita intercess\u00e3o do Ministro Alexandre Padilha para libera\u00e7\u00e3o de recursos junto ao Governo Federal - Ribeir\u00e3o Preto e Regi\u00e3o","og_description":"Prefeita de Barretos, recebeu o Ministro Alexandre Padilha, e solicitou ao titular da pasta das Rela\u00e7\u00f5es Institucionais do Governo Federal.","og_url":"https:\/\/redenoticiaz.com.br\/ribeiraopreto-regiao\/sp\/2023\/08\/21\/paula-lemos-solicita-intercessao-do-ministro-alexandre-padilha-para-liberacao-de-recursos-junto-ao-governo-federal","og_site_name":"Ribeir\u00e3o Preto e Regi\u00e3o","article_publisher":"https:\/\/m.facebook.com\/redenoticiaz.barretos","article_published_time":"2023-08-21T18:06:34+00:00","og_image":[{"width":1249,"height":1080,"url":"https:\/\/redenoticiaz.com.br\/ribeiraopreto-regiao\/wp-content\/uploads\/sites\/4\/2023\/08\/76dc611d6ebaafc66cc0879c71b5db5c.jpeg","type":"image\/jpeg"}],"author":"Carina Reifonas","twitter_card":"summary_large_image","twitter_creator":"@RN_barretos","twitter_site":"@RN_barretos","twitter_misc":{"Escrito por":"Carina Reifonas","Est. tempo de leitura":"6 minutos"},"schema":{"@context":"https:\/\/schema.org","@graph":[{"@type":"Article","@id":"https:\/\/redenoticiaz.com.br\/ribeiraopreto-regiao\/sp\/2023\/08\/21\/paula-lemos-solicita-intercessao-do-ministro-alexandre-padilha-para-liberacao-de-recursos-junto-ao-governo-federal#article","isPartOf":{"@id":"https:\/\/redenoticiaz.com.br\/ribeiraopreto-regiao\/sp\/2023\/08\/21\/paula-lemos-solicita-intercessao-do-ministro-alexandre-padilha-para-liberacao-de-recursos-junto-ao-governo-federal"},"author":{"name":"Carina Reifonas","@id":"https:\/\/redenoticiaz.com.br\/ribeiraopreto-regiao\/#\/schema\/person\/1f84d6e94e6a62d2d81199d7503e9e90"},"headline":"Paula Lemos solicita intercess\u00e3o do Ministro Alexandre Padilha para libera\u00e7\u00e3o de recursos junto ao Governo Federal","datePublished":"2023-08-21T18:06:34+00:00","mainEntityOfPage":{"@id":"https:\/\/redenoticiaz.com.br\/ribeiraopreto-regiao\/sp\/2023\/08\/21\/paula-lemos-solicita-intercessao-do-ministro-alexandre-padilha-para-liberacao-de-recursos-junto-ao-governo-federal"},"wordCount":1217,"commentCount":0,"publisher":{"@id":"https:\/\/redenoticiaz.com.br\/ribeiraopreto-regiao\/#organization"},"image":{"@id":"https:\/\/redenoticiaz.com.br\/ribeiraopreto-regiao\/sp\/2023\/08\/21\/paula-lemos-solicita-intercessao-do-ministro-alexandre-padilha-para-liberacao-de-recursos-junto-ao-governo-federal#primaryimage"},"thumbnailUrl":"https:\/\/redenoticiaz.com.br\/ribeiraopreto-regiao\/wp-content\/uploads\/sites\/4\/2023\/08\/76dc611d6ebaafc66cc0879c71b5db5c.jpeg","keywords":["CIDADE","horta","PAVIMENTA\u00c7\u00c3O","RECURSOS","TransfereGov"],"articleSection":["Obras"],"inLanguage":"pt-BR","potentialAction":[{"@type":"CommentAction","name":"Comment","target":["https:\/\/redenoticiaz.com.br\/ribeiraopreto-regiao\/sp\/2023\/08\/21\/paula-lemos-solicita-intercessao-do-ministro-alexandre-padilha-para-liberacao-de-recursos-junto-ao-governo-federal#respond"]}]},{"@type":"WebPage","@id":"https:\/\/redenoticiaz.com.br\/ribeiraopreto-regiao\/sp\/2023\/08\/21\/paula-lemos-solicita-intercessao-do-ministro-alexandre-padilha-para-liberacao-de-recursos-junto-ao-governo-federal","url":"https:\/\/redenoticiaz.com.br\/ribeiraopreto-regiao\/sp\/2023\/08\/21\/paula-lemos-solicita-intercessao-do-ministro-alexandre-padilha-para-liberacao-de-recursos-junto-ao-governo-federal","name":"Paula Lemos solicita intercess\u00e3o do Ministro Alexandre Padilha para libera\u00e7\u00e3o de recursos junto ao Governo Federal - Ribeir\u00e3o Preto e Regi\u00e3o","isPartOf":{"@id":"https:\/\/redenoticiaz.com.br\/ribeiraopreto-regiao\/#website"},"primaryImageOfPage":{"@id":"https:\/\/redenoticiaz.com.br\/ribeiraopreto-regiao\/sp\/2023\/08\/21\/paula-lemos-solicita-intercessao-do-ministro-alexandre-padilha-para-liberacao-de-recursos-junto-ao-governo-federal#primaryimage"},"image":{"@id":"https:\/\/redenoticiaz.com.br\/ribeiraopreto-regiao\/sp\/2023\/08\/21\/paula-lemos-solicita-intercessao-do-ministro-alexandre-padilha-para-liberacao-de-recursos-junto-ao-governo-federal#primaryimage"},"thumbnailUrl":"https:\/\/redenoticiaz.com.br\/ribeiraopreto-regiao\/wp-content\/uploads\/sites\/4\/2023\/08\/76dc611d6ebaafc66cc0879c71b5db5c.jpeg","datePublished":"2023-08-21T18:06:34+00:00","description":"Prefeita de Barretos, recebeu o Ministro Alexandre Padilha, e solicitou ao titular da pasta das Rela\u00e7\u00f5es Institucionais do Governo Federal.","inLanguage":"pt-BR","potentialAction":[{"@type":"ReadAction","target":["https:\/\/redenoticiaz.com.br\/ribeiraopreto-regiao\/sp\/2023\/08\/21\/paula-lemos-solicita-intercessao-do-ministro-alexandre-padilha-para-liberacao-de-recursos-junto-ao-governo-federal"]}]},{"@type":"ImageObject","inLanguage":"pt-BR","@id":"https:\/\/redenoticiaz.com.br\/ribeiraopreto-regiao\/sp\/2023\/08\/21\/paula-lemos-solicita-intercessao-do-ministro-alexandre-padilha-para-liberacao-de-recursos-junto-ao-governo-federal#primaryimage","url":"https:\/\/redenoticiaz.com.br\/ribeiraopreto-regiao\/wp-content\/uploads\/sites\/4\/2023\/08\/76dc611d6ebaafc66cc0879c71b5db5c.jpeg","contentUrl":"https:\/\/redenoticiaz.com.br\/ribeiraopreto-regiao\/wp-content\/uploads\/sites\/4\/2023\/08\/76dc611d6ebaafc66cc0879c71b5db5c.jpeg","width":1249,"height":1080,"caption":"Cr\u00e9dito: Divulga\u00e7\u00e3o"},{"@type":"WebSite","@id":"https:\/\/redenoticiaz.com.br\/ribeiraopreto-regiao\/#website","url":"https:\/\/redenoticiaz.com.br\/ribeiraopreto-regiao\/","name":"Ribeir\u00e3o Preto e Regi\u00e3o","description":"Rede NoticiaZ - Ribeir\u00e3o Preto e regi\u00e3o","publisher":{"@id":"https:\/\/redenoticiaz.com.br\/ribeiraopreto-regiao\/#organization"},"potentialAction":[{"@type":"SearchAction","target":{"@type":"EntryPoint","urlTemplate":"https:\/\/redenoticiaz.com.br\/ribeiraopreto-regiao\/?s={search_term_string}"},"query-input":{"@type":"PropertyValueSpecification","valueRequired":true,"valueName":"search_term_string"}}],"inLanguage":"pt-BR"},{"@type":"Organization","@id":"https:\/\/redenoticiaz.com.br\/ribeiraopreto-regiao\/#organization","name":"Ribeir\u00e3o Preto e Regi\u00e3o","url":"https:\/\/redenoticiaz.com.br\/ribeiraopreto-regiao\/","logo":{"@type":"ImageObject","inLanguage":"pt-BR","@id":"https:\/\/redenoticiaz.com.br\/ribeiraopreto-regiao\/#\/schema\/logo\/image\/","url":"https:\/\/redenoticiaz.com.br\/barretos-regiao\/wp-content\/uploads\/sites\/4\/2022\/02\/logo.jpg","contentUrl":"https:\/\/redenoticiaz.com.br\/barretos-regiao\/wp-content\/uploads\/sites\/4\/2022\/02\/logo.jpg","width":400,"height":250,"caption":"Ribeir\u00e3o Preto e Regi\u00e3o"},"image":{"@id":"https:\/\/redenoticiaz.com.br\/ribeiraopreto-regiao\/#\/schema\/logo\/image\/"},"sameAs":["https:\/\/m.facebook.com\/redenoticiaz.barretos","https:\/\/x.com\/RN_barretos","https:\/\/www.instagram.com\/redenoticiaz.barretos\/?igshid=YmMyMTA2M2Y","https:\/\/www.linkedin.com\/company\/rede-noticiaz-barretos-e-regio\/"]},{"@type":"Person","@id":"https:\/\/redenoticiaz.com.br\/ribeiraopreto-regiao\/#\/schema\/person\/1f84d6e94e6a62d2d81199d7503e9e90","name":"Carina Reifonas","image":{"@type":"ImageObject","inLanguage":"pt-BR","@id":"https:\/\/secure.gravatar.com\/avatar\/04c59859b23696cf867715880f81d5c037e60109730bdb4e6670ec2a2245bc97?s=96&d=mm&r=g","url":"https:\/\/secure.gravatar.com\/avatar\/04c59859b23696cf867715880f81d5c037e60109730bdb4e6670ec2a2245bc97?s=96&d=mm&r=g","contentUrl":"https:\/\/secure.gravatar.com\/avatar\/04c59859b23696cf867715880f81d5c037e60109730bdb4e6670ec2a2245bc97?s=96&d=mm&r=g","caption":"Carina Reifonas"},"url":"https:\/\/redenoticiaz.com.br\/ribeiraopreto-regiao\/sp\/author\/carinareifonas"}]}},"_links":{"self":[{"href":"https:\/\/redenoticiaz.com.br\/ribeiraopreto-regiao\/wp-json\/wp\/v2\/posts\/109715","targetHints":{"allow":["GET"]}}],"collection":[{"href":"https:\/\/redenoticiaz.com.br\/ribeiraopreto-regiao\/wp-json\/wp\/v2\/posts"}],"about":[{"href":"https:\/\/redenoticiaz.com.br\/ribeiraopreto-regiao\/wp-json\/wp\/v2\/types\/post"}],"author":[{"embeddable":true,"href":"https:\/\/redenoticiaz.com.br\/ribeiraopreto-regiao\/wp-json\/wp\/v2\/users\/30"}],"replies":[{"embeddable":true,"href":"https:\/\/redenoticiaz.com.br\/ribeiraopreto-regiao\/wp-json\/wp\/v2\/comments?post=109715"}],"version-history":[{"count":1,"href":"https:\/\/redenoticiaz.com.br\/ribeiraopreto-regiao\/wp-json\/wp\/v2\/posts\/109715\/revisions"}],"predecessor-version":[{"id":109717,"href":"https:\/\/redenoticiaz.com.br\/ribeiraopreto-regiao\/wp-json\/wp\/v2\/posts\/109715\/revisions\/109717"}],"wp:featuredmedia":[{"embeddable":true,"href":"https:\/\/redenoticiaz.com.br\/ribeiraopreto-regiao\/wp-json\/wp\/v2\/media\/109716"}],"wp:attachment":[{"href":"https:\/\/redenoticiaz.com.br\/ribeiraopreto-regiao\/wp-json\/wp\/v2\/media?parent=109715"}],"wp:term":[{"taxonomy":"category","embeddable":true,"href":"https:\/\/redenoticiaz.com.br\/ribeiraopreto-regiao\/wp-json\/wp\/v2\/categories?post=109715"},{"taxonomy":"post_tag","embeddable":true,"href":"https:\/\/redenoticiaz.com.br\/ribeiraopreto-regiao\/wp-json\/wp\/v2\/tags?post=109715"}],"curies":[{"name":"wp","href":"https:\/\/api.w.org\/{rel}","templated":true}]}}