{"id":109741,"date":"2023-08-26T07:00:44","date_gmt":"2023-08-26T10:00:44","guid":{"rendered":"https:\/\/redenoticiaz.com.br\/barretos-regiao\/?p=109741"},"modified":"2023-08-21T17:44:23","modified_gmt":"2023-08-21T20:44:23","slug":"comedia-nosso-amigo-extraordinario-estrelada-chega-ao-cinema-confira-o-trailer","status":"publish","type":"post","link":"https:\/\/redenoticiaz.com.br\/ribeiraopreto-regiao\/sp\/2023\/08\/26\/comedia-nosso-amigo-extraordinario-estrelada-chega-ao-cinema-confira-o-trailer","title":{"rendered":"Com\u00e9dia &#8211; Nosso Amigo Extraordin\u00e1rio chega ao cinema; confira o trailer"},"content":{"rendered":"<p>&#8220;Nosso Amigo Extraordin\u00e1rio&#8221;, com\u00e9dia dram\u00e1tica protagonizada por Ben Kingsley &#8211; ganhador do Oscar em 1983, por seu papel em &#8220;Gandhi&#8221;-, entra em cartaz nos cinemas brasileiros em 7 de setembro. O filme \u00e9 dirigido por Marc Turtletaub (&#8220;O Quebra-Cabe\u00e7a&#8221;), que j\u00e1 produziu sucessos como &#8220;Pequena Miss Sunshine&#8221; e &#8220;A Despedida&#8221;. Confira o trailer.<\/p>\n<p><iframe loading=\"lazy\" title=\"Nosso Amigo Extraordin\u00e1rio - Trailer Oficial Legendado - HD - Filme de Com\u00e9dia | Filmelier\" width=\"500\" height=\"281\" src=\"https:\/\/www.youtube.com\/embed\/OibxWGQE8bY?feature=oembed\" frameborder=\"0\" allow=\"accelerometer; autoplay; clipboard-write; encrypted-media; gyroscope; picture-in-picture; web-share\" referrerpolicy=\"strict-origin-when-cross-origin\" allowfullscreen><\/iframe><\/p>\n<p>Na trama, Milton Robinson (Kingsley) \u00e9 um senhor rabugento que tem sua vida virada de cabe\u00e7a para baixo quando um OVNI cai em seu quintal. Para auxiliar o simp\u00e1tico extraterrestre a voltar para casa, ele ter\u00e1 a ajuda de Sandy, interpretada por Harriet Sansom Harris (&#8220;Trama Fantasma&#8221;, &#8220;Licorice Pizza&#8221;), e Joyce, vivida por Jane Curtin (&#8220;Uma Fam\u00edlia de Outro Mundo&#8221;, &#8220;Eu Te Amo, Cara&#8221;). O trio, no entanto, logo cria la\u00e7os com o inesperado visitante.<\/p>\n<p>Com 85% de aprova\u00e7\u00e3o da cr\u00edtica e 90% do p\u00fablico no Rotten Tomatoes, a nova com\u00e9dia de Turtletaub dispensou o uso de efeitos visuais (CGI) na caracteriza\u00e7\u00e3o do extraterrestre. Para assumir o papel do Alien amig\u00e1vel, a dubl\u00ea Jade Quon vestiu 11 pr\u00f3teses individuais, todas criadas por Joshua Turi, vencedor de tr\u00eas pr\u00eamios Emmy pelo seu trabalho no programa humor\u00edstico Saturday Night Live, ou SNL. Turi tamb\u00e9m j\u00e1 criou pe\u00e7as para os filmes &#8220;O Espetacular Homem-Aranha 2: A Amea\u00e7a de Electro&#8221; e &#8220;MIB: Homens de Preto III&#8221;.<\/p>\n<p>LEIA MAIS<\/p>\n<p><a href=\"https:\/\/redenoticiaz.com.br\/blog\/2023\/08\/21\/perseguicao-policial-termina-com-acidente-apos-roubo-de-carro\">Persegui\u00e7\u00e3o policial termina com acidente ap\u00f3s roubo de carro<\/a><\/p>\n","protected":false},"excerpt":{"rendered":"<p>&#8220;Nosso Amigo Extraordin\u00e1rio&#8221;, com\u00e9dia dram\u00e1tica protagonizada por Ben Kingsley &#8211; ganhador do Oscar em 1983, por seu papel em &#8220;Gandhi&#8221;-, entra em cartaz nos cinemas brasileiros em 7 de setembro. O filme \u00e9 dirigido por Marc Turtletaub (&#8220;O Quebra-Cabe\u00e7a&#8221;), que j\u00e1 produziu sucessos como &#8220;Pequena Miss Sunshine&#8221; e &#8220;A Despedida&#8221;. Confira o trailer. Na trama, &hellip;<\/p>\n","protected":false},"author":30,"featured_media":109742,"comment_status":"open","ping_status":"closed","sticky":false,"template":"","format":"standard","meta":{"footnotes":""},"categories":[23210],"tags":[28622,12581,15115,28623],"class_list":["post-109741","post","type-post","status-publish","format-standard","has-post-thumbnail","hentry","category-cameraz","tag-ben-kingsley","tag-comedia","tag-filme","tag-nosso-amigo-extraordinario"],"yoast_head":"<!-- This site is optimized with the Yoast SEO plugin v27.4 - https:\/\/yoast.com\/product\/yoast-seo-wordpress\/ -->\n<title>Com\u00e9dia &#8211; Nosso Amigo Extraordin\u00e1rio chega ao cinema; confira o trailer - Ribeir\u00e3o Preto e Regi\u00e3o<\/title>\n<meta name=\"description\" content=\"&quot;Nosso Amigo Extraordin\u00e1rio&quot;, com\u00e9dia dram\u00e1tica protagonizada por Ben Kingsley - ganhador do Oscar em 1983, por seu papel em &quot;Gandhi&quot;.\" \/>\n<meta name=\"robots\" content=\"index, follow, max-snippet:-1, max-image-preview:large, max-video-preview:-1\" \/>\n<link rel=\"canonical\" href=\"https:\/\/redenoticiaz.com.br\/ribeiraopreto-regiao\/sp\/2023\/08\/26\/comedia-nosso-amigo-extraordinario-estrelada-chega-ao-cinema-confira-o-trailer\" \/>\n<meta property=\"og:locale\" content=\"pt_BR\" \/>\n<meta property=\"og:type\" content=\"article\" \/>\n<meta property=\"og:title\" content=\"Com\u00e9dia &#8211; Nosso Amigo Extraordin\u00e1rio chega ao cinema; confira o trailer - Ribeir\u00e3o Preto e Regi\u00e3o\" \/>\n<meta property=\"og:description\" content=\"&quot;Nosso Amigo Extraordin\u00e1rio&quot;, com\u00e9dia dram\u00e1tica protagonizada por Ben Kingsley - ganhador do Oscar em 1983, por seu papel em &quot;Gandhi&quot;.\" \/>\n<meta property=\"og:url\" content=\"https:\/\/redenoticiaz.com.br\/ribeiraopreto-regiao\/sp\/2023\/08\/26\/comedia-nosso-amigo-extraordinario-estrelada-chega-ao-cinema-confira-o-trailer\" \/>\n<meta property=\"og:site_name\" content=\"Ribeir\u00e3o Preto e Regi\u00e3o\" \/>\n<meta property=\"article:publisher\" content=\"https:\/\/m.facebook.com\/redenoticiaz.barretos\" \/>\n<meta property=\"article:published_time\" content=\"2023-08-26T10:00:44+00:00\" \/>\n<meta property=\"og:image\" content=\"https:\/\/redenoticiaz.com.br\/ribeiraopreto-regiao\/wp-content\/uploads\/sites\/4\/2023\/08\/meu-amigo.jpg?v=1692650534\" \/>\n\t<meta property=\"og:image:width\" content=\"1917\" \/>\n\t<meta property=\"og:image:height\" content=\"1080\" \/>\n\t<meta property=\"og:image:type\" content=\"image\/jpeg\" \/>\n<meta name=\"author\" content=\"Carina Reifonas\" \/>\n<meta name=\"twitter:card\" content=\"summary_large_image\" \/>\n<meta name=\"twitter:creator\" content=\"@RN_barretos\" \/>\n<meta name=\"twitter:site\" content=\"@RN_barretos\" \/>\n<meta name=\"twitter:label1\" content=\"Escrito por\" \/>\n\t<meta name=\"twitter:data1\" content=\"Carina Reifonas\" \/>\n\t<meta name=\"twitter:label2\" content=\"Est. tempo de leitura\" \/>\n\t<meta name=\"twitter:data2\" content=\"2 minutos\" \/>\n<script type=\"application\/ld+json\" class=\"yoast-schema-graph\">{\"@context\":\"https:\\\/\\\/schema.org\",\"@graph\":[{\"@type\":\"Article\",\"@id\":\"https:\\\/\\\/redenoticiaz.com.br\\\/ribeiraopreto-regiao\\\/sp\\\/2023\\\/08\\\/26\\\/comedia-nosso-amigo-extraordinario-estrelada-chega-ao-cinema-confira-o-trailer#article\",\"isPartOf\":{\"@id\":\"https:\\\/\\\/redenoticiaz.com.br\\\/ribeiraopreto-regiao\\\/sp\\\/2023\\\/08\\\/26\\\/comedia-nosso-amigo-extraordinario-estrelada-chega-ao-cinema-confira-o-trailer\"},\"author\":{\"name\":\"Carina Reifonas\",\"@id\":\"https:\\\/\\\/redenoticiaz.com.br\\\/ribeiraopreto-regiao\\\/#\\\/schema\\\/person\\\/1f84d6e94e6a62d2d81199d7503e9e90\"},\"headline\":\"Com\u00e9dia &#8211; Nosso Amigo Extraordin\u00e1rio chega ao cinema; confira o trailer\",\"datePublished\":\"2023-08-26T10:00:44+00:00\",\"mainEntityOfPage\":{\"@id\":\"https:\\\/\\\/redenoticiaz.com.br\\\/ribeiraopreto-regiao\\\/sp\\\/2023\\\/08\\\/26\\\/comedia-nosso-amigo-extraordinario-estrelada-chega-ao-cinema-confira-o-trailer\"},\"wordCount\":264,\"commentCount\":0,\"publisher\":{\"@id\":\"https:\\\/\\\/redenoticiaz.com.br\\\/ribeiraopreto-regiao\\\/#organization\"},\"image\":{\"@id\":\"https:\\\/\\\/redenoticiaz.com.br\\\/ribeiraopreto-regiao\\\/sp\\\/2023\\\/08\\\/26\\\/comedia-nosso-amigo-extraordinario-estrelada-chega-ao-cinema-confira-o-trailer#primaryimage\"},\"thumbnailUrl\":\"https:\\\/\\\/redenoticiaz.com.br\\\/ribeiraopreto-regiao\\\/wp-content\\\/uploads\\\/sites\\\/4\\\/2023\\\/08\\\/meu-amigo.jpg?v=1692650534\",\"keywords\":[\"Ben Kingsley\",\"COM\u00c9DIA\",\"FILME\",\"Nosso Amigo Extraordin\u00e1rio\"],\"articleSection\":[\"C\u00e2mera Z\"],\"inLanguage\":\"pt-BR\",\"potentialAction\":[{\"@type\":\"CommentAction\",\"name\":\"Comment\",\"target\":[\"https:\\\/\\\/redenoticiaz.com.br\\\/ribeiraopreto-regiao\\\/sp\\\/2023\\\/08\\\/26\\\/comedia-nosso-amigo-extraordinario-estrelada-chega-ao-cinema-confira-o-trailer#respond\"]}]},{\"@type\":\"WebPage\",\"@id\":\"https:\\\/\\\/redenoticiaz.com.br\\\/ribeiraopreto-regiao\\\/sp\\\/2023\\\/08\\\/26\\\/comedia-nosso-amigo-extraordinario-estrelada-chega-ao-cinema-confira-o-trailer\",\"url\":\"https:\\\/\\\/redenoticiaz.com.br\\\/ribeiraopreto-regiao\\\/sp\\\/2023\\\/08\\\/26\\\/comedia-nosso-amigo-extraordinario-estrelada-chega-ao-cinema-confira-o-trailer\",\"name\":\"Com\u00e9dia &#8211; Nosso Amigo Extraordin\u00e1rio chega ao cinema; confira o trailer - Ribeir\u00e3o Preto e Regi\u00e3o\",\"isPartOf\":{\"@id\":\"https:\\\/\\\/redenoticiaz.com.br\\\/ribeiraopreto-regiao\\\/#website\"},\"primaryImageOfPage\":{\"@id\":\"https:\\\/\\\/redenoticiaz.com.br\\\/ribeiraopreto-regiao\\\/sp\\\/2023\\\/08\\\/26\\\/comedia-nosso-amigo-extraordinario-estrelada-chega-ao-cinema-confira-o-trailer#primaryimage\"},\"image\":{\"@id\":\"https:\\\/\\\/redenoticiaz.com.br\\\/ribeiraopreto-regiao\\\/sp\\\/2023\\\/08\\\/26\\\/comedia-nosso-amigo-extraordinario-estrelada-chega-ao-cinema-confira-o-trailer#primaryimage\"},\"thumbnailUrl\":\"https:\\\/\\\/redenoticiaz.com.br\\\/ribeiraopreto-regiao\\\/wp-content\\\/uploads\\\/sites\\\/4\\\/2023\\\/08\\\/meu-amigo.jpg?v=1692650534\",\"datePublished\":\"2023-08-26T10:00:44+00:00\",\"description\":\"\\\"Nosso Amigo Extraordin\u00e1rio\\\", com\u00e9dia dram\u00e1tica protagonizada por Ben Kingsley - ganhador do Oscar em 1983, por seu papel em \\\"Gandhi\\\".\",\"inLanguage\":\"pt-BR\",\"potentialAction\":[{\"@type\":\"ReadAction\",\"target\":[\"https:\\\/\\\/redenoticiaz.com.br\\\/ribeiraopreto-regiao\\\/sp\\\/2023\\\/08\\\/26\\\/comedia-nosso-amigo-extraordinario-estrelada-chega-ao-cinema-confira-o-trailer\"]}]},{\"@type\":\"ImageObject\",\"inLanguage\":\"pt-BR\",\"@id\":\"https:\\\/\\\/redenoticiaz.com.br\\\/ribeiraopreto-regiao\\\/sp\\\/2023\\\/08\\\/26\\\/comedia-nosso-amigo-extraordinario-estrelada-chega-ao-cinema-confira-o-trailer#primaryimage\",\"url\":\"https:\\\/\\\/redenoticiaz.com.br\\\/ribeiraopreto-regiao\\\/wp-content\\\/uploads\\\/sites\\\/4\\\/2023\\\/08\\\/meu-amigo.jpg?v=1692650534\",\"contentUrl\":\"https:\\\/\\\/redenoticiaz.com.br\\\/ribeiraopreto-regiao\\\/wp-content\\\/uploads\\\/sites\\\/4\\\/2023\\\/08\\\/meu-amigo.jpg?v=1692650534\",\"width\":1917,\"height\":1080,\"caption\":\"Cr\u00e9dito: Divulga\u00e7\u00e3o\"},{\"@type\":\"WebSite\",\"@id\":\"https:\\\/\\\/redenoticiaz.com.br\\\/ribeiraopreto-regiao\\\/#website\",\"url\":\"https:\\\/\\\/redenoticiaz.com.br\\\/ribeiraopreto-regiao\\\/\",\"name\":\"Ribeir\u00e3o Preto e Regi\u00e3o\",\"description\":\"Rede NoticiaZ - Ribeir\u00e3o Preto e regi\u00e3o\",\"publisher\":{\"@id\":\"https:\\\/\\\/redenoticiaz.com.br\\\/ribeiraopreto-regiao\\\/#organization\"},\"potentialAction\":[{\"@type\":\"SearchAction\",\"target\":{\"@type\":\"EntryPoint\",\"urlTemplate\":\"https:\\\/\\\/redenoticiaz.com.br\\\/ribeiraopreto-regiao\\\/?s={search_term_string}\"},\"query-input\":{\"@type\":\"PropertyValueSpecification\",\"valueRequired\":true,\"valueName\":\"search_term_string\"}}],\"inLanguage\":\"pt-BR\"},{\"@type\":\"Organization\",\"@id\":\"https:\\\/\\\/redenoticiaz.com.br\\\/ribeiraopreto-regiao\\\/#organization\",\"name\":\"Ribeir\u00e3o Preto e Regi\u00e3o\",\"url\":\"https:\\\/\\\/redenoticiaz.com.br\\\/ribeiraopreto-regiao\\\/\",\"logo\":{\"@type\":\"ImageObject\",\"inLanguage\":\"pt-BR\",\"@id\":\"https:\\\/\\\/redenoticiaz.com.br\\\/ribeiraopreto-regiao\\\/#\\\/schema\\\/logo\\\/image\\\/\",\"url\":\"https:\\\/\\\/redenoticiaz.com.br\\\/barretos-regiao\\\/wp-content\\\/uploads\\\/sites\\\/4\\\/2022\\\/02\\\/logo.jpg\",\"contentUrl\":\"https:\\\/\\\/redenoticiaz.com.br\\\/barretos-regiao\\\/wp-content\\\/uploads\\\/sites\\\/4\\\/2022\\\/02\\\/logo.jpg\",\"width\":400,\"height\":250,\"caption\":\"Ribeir\u00e3o Preto e Regi\u00e3o\"},\"image\":{\"@id\":\"https:\\\/\\\/redenoticiaz.com.br\\\/ribeiraopreto-regiao\\\/#\\\/schema\\\/logo\\\/image\\\/\"},\"sameAs\":[\"https:\\\/\\\/m.facebook.com\\\/redenoticiaz.barretos\",\"https:\\\/\\\/x.com\\\/RN_barretos\",\"https:\\\/\\\/www.instagram.com\\\/redenoticiaz.barretos\\\/?igshid=YmMyMTA2M2Y\",\"https:\\\/\\\/www.linkedin.com\\\/company\\\/rede-noticiaz-barretos-e-regio\\\/\"]},{\"@type\":\"Person\",\"@id\":\"https:\\\/\\\/redenoticiaz.com.br\\\/ribeiraopreto-regiao\\\/#\\\/schema\\\/person\\\/1f84d6e94e6a62d2d81199d7503e9e90\",\"name\":\"Carina Reifonas\",\"image\":{\"@type\":\"ImageObject\",\"inLanguage\":\"pt-BR\",\"@id\":\"https:\\\/\\\/secure.gravatar.com\\\/avatar\\\/04c59859b23696cf867715880f81d5c037e60109730bdb4e6670ec2a2245bc97?s=96&d=mm&r=g\",\"url\":\"https:\\\/\\\/secure.gravatar.com\\\/avatar\\\/04c59859b23696cf867715880f81d5c037e60109730bdb4e6670ec2a2245bc97?s=96&d=mm&r=g\",\"contentUrl\":\"https:\\\/\\\/secure.gravatar.com\\\/avatar\\\/04c59859b23696cf867715880f81d5c037e60109730bdb4e6670ec2a2245bc97?s=96&d=mm&r=g\",\"caption\":\"Carina Reifonas\"},\"url\":\"https:\\\/\\\/redenoticiaz.com.br\\\/ribeiraopreto-regiao\\\/sp\\\/author\\\/carinareifonas\"}]}<\/script>\n<!-- \/ Yoast SEO plugin. -->","yoast_head_json":{"title":"Com\u00e9dia &#8211; Nosso Amigo Extraordin\u00e1rio chega ao cinema; confira o trailer - Ribeir\u00e3o Preto e Regi\u00e3o","description":"\"Nosso Amigo Extraordin\u00e1rio\", com\u00e9dia dram\u00e1tica protagonizada por Ben Kingsley - ganhador do Oscar em 1983, por seu papel em \"Gandhi\".","robots":{"index":"index","follow":"follow","max-snippet":"max-snippet:-1","max-image-preview":"max-image-preview:large","max-video-preview":"max-video-preview:-1"},"canonical":"https:\/\/redenoticiaz.com.br\/ribeiraopreto-regiao\/sp\/2023\/08\/26\/comedia-nosso-amigo-extraordinario-estrelada-chega-ao-cinema-confira-o-trailer","og_locale":"pt_BR","og_type":"article","og_title":"Com\u00e9dia &#8211; Nosso Amigo Extraordin\u00e1rio chega ao cinema; confira o trailer - Ribeir\u00e3o Preto e Regi\u00e3o","og_description":"\"Nosso Amigo Extraordin\u00e1rio\", com\u00e9dia dram\u00e1tica protagonizada por Ben Kingsley - ganhador do Oscar em 1983, por seu papel em \"Gandhi\".","og_url":"https:\/\/redenoticiaz.com.br\/ribeiraopreto-regiao\/sp\/2023\/08\/26\/comedia-nosso-amigo-extraordinario-estrelada-chega-ao-cinema-confira-o-trailer","og_site_name":"Ribeir\u00e3o Preto e Regi\u00e3o","article_publisher":"https:\/\/m.facebook.com\/redenoticiaz.barretos","article_published_time":"2023-08-26T10:00:44+00:00","og_image":[{"width":1917,"height":1080,"url":"https:\/\/redenoticiaz.com.br\/ribeiraopreto-regiao\/wp-content\/uploads\/sites\/4\/2023\/08\/meu-amigo.jpg?v=1692650534","type":"image\/jpeg"}],"author":"Carina Reifonas","twitter_card":"summary_large_image","twitter_creator":"@RN_barretos","twitter_site":"@RN_barretos","twitter_misc":{"Escrito por":"Carina Reifonas","Est. tempo de leitura":"2 minutos"},"schema":{"@context":"https:\/\/schema.org","@graph":[{"@type":"Article","@id":"https:\/\/redenoticiaz.com.br\/ribeiraopreto-regiao\/sp\/2023\/08\/26\/comedia-nosso-amigo-extraordinario-estrelada-chega-ao-cinema-confira-o-trailer#article","isPartOf":{"@id":"https:\/\/redenoticiaz.com.br\/ribeiraopreto-regiao\/sp\/2023\/08\/26\/comedia-nosso-amigo-extraordinario-estrelada-chega-ao-cinema-confira-o-trailer"},"author":{"name":"Carina Reifonas","@id":"https:\/\/redenoticiaz.com.br\/ribeiraopreto-regiao\/#\/schema\/person\/1f84d6e94e6a62d2d81199d7503e9e90"},"headline":"Com\u00e9dia &#8211; Nosso Amigo Extraordin\u00e1rio chega ao cinema; confira o trailer","datePublished":"2023-08-26T10:00:44+00:00","mainEntityOfPage":{"@id":"https:\/\/redenoticiaz.com.br\/ribeiraopreto-regiao\/sp\/2023\/08\/26\/comedia-nosso-amigo-extraordinario-estrelada-chega-ao-cinema-confira-o-trailer"},"wordCount":264,"commentCount":0,"publisher":{"@id":"https:\/\/redenoticiaz.com.br\/ribeiraopreto-regiao\/#organization"},"image":{"@id":"https:\/\/redenoticiaz.com.br\/ribeiraopreto-regiao\/sp\/2023\/08\/26\/comedia-nosso-amigo-extraordinario-estrelada-chega-ao-cinema-confira-o-trailer#primaryimage"},"thumbnailUrl":"https:\/\/redenoticiaz.com.br\/ribeiraopreto-regiao\/wp-content\/uploads\/sites\/4\/2023\/08\/meu-amigo.jpg?v=1692650534","keywords":["Ben Kingsley","COM\u00c9DIA","FILME","Nosso Amigo Extraordin\u00e1rio"],"articleSection":["C\u00e2mera Z"],"inLanguage":"pt-BR","potentialAction":[{"@type":"CommentAction","name":"Comment","target":["https:\/\/redenoticiaz.com.br\/ribeiraopreto-regiao\/sp\/2023\/08\/26\/comedia-nosso-amigo-extraordinario-estrelada-chega-ao-cinema-confira-o-trailer#respond"]}]},{"@type":"WebPage","@id":"https:\/\/redenoticiaz.com.br\/ribeiraopreto-regiao\/sp\/2023\/08\/26\/comedia-nosso-amigo-extraordinario-estrelada-chega-ao-cinema-confira-o-trailer","url":"https:\/\/redenoticiaz.com.br\/ribeiraopreto-regiao\/sp\/2023\/08\/26\/comedia-nosso-amigo-extraordinario-estrelada-chega-ao-cinema-confira-o-trailer","name":"Com\u00e9dia &#8211; Nosso Amigo Extraordin\u00e1rio chega ao cinema; confira o trailer - Ribeir\u00e3o Preto e Regi\u00e3o","isPartOf":{"@id":"https:\/\/redenoticiaz.com.br\/ribeiraopreto-regiao\/#website"},"primaryImageOfPage":{"@id":"https:\/\/redenoticiaz.com.br\/ribeiraopreto-regiao\/sp\/2023\/08\/26\/comedia-nosso-amigo-extraordinario-estrelada-chega-ao-cinema-confira-o-trailer#primaryimage"},"image":{"@id":"https:\/\/redenoticiaz.com.br\/ribeiraopreto-regiao\/sp\/2023\/08\/26\/comedia-nosso-amigo-extraordinario-estrelada-chega-ao-cinema-confira-o-trailer#primaryimage"},"thumbnailUrl":"https:\/\/redenoticiaz.com.br\/ribeiraopreto-regiao\/wp-content\/uploads\/sites\/4\/2023\/08\/meu-amigo.jpg?v=1692650534","datePublished":"2023-08-26T10:00:44+00:00","description":"\"Nosso Amigo Extraordin\u00e1rio\", com\u00e9dia dram\u00e1tica protagonizada por Ben Kingsley - ganhador do Oscar em 1983, por seu papel em \"Gandhi\".","inLanguage":"pt-BR","potentialAction":[{"@type":"ReadAction","target":["https:\/\/redenoticiaz.com.br\/ribeiraopreto-regiao\/sp\/2023\/08\/26\/comedia-nosso-amigo-extraordinario-estrelada-chega-ao-cinema-confira-o-trailer"]}]},{"@type":"ImageObject","inLanguage":"pt-BR","@id":"https:\/\/redenoticiaz.com.br\/ribeiraopreto-regiao\/sp\/2023\/08\/26\/comedia-nosso-amigo-extraordinario-estrelada-chega-ao-cinema-confira-o-trailer#primaryimage","url":"https:\/\/redenoticiaz.com.br\/ribeiraopreto-regiao\/wp-content\/uploads\/sites\/4\/2023\/08\/meu-amigo.jpg?v=1692650534","contentUrl":"https:\/\/redenoticiaz.com.br\/ribeiraopreto-regiao\/wp-content\/uploads\/sites\/4\/2023\/08\/meu-amigo.jpg?v=1692650534","width":1917,"height":1080,"caption":"Cr\u00e9dito: Divulga\u00e7\u00e3o"},{"@type":"WebSite","@id":"https:\/\/redenoticiaz.com.br\/ribeiraopreto-regiao\/#website","url":"https:\/\/redenoticiaz.com.br\/ribeiraopreto-regiao\/","name":"Ribeir\u00e3o Preto e Regi\u00e3o","description":"Rede NoticiaZ - Ribeir\u00e3o Preto e regi\u00e3o","publisher":{"@id":"https:\/\/redenoticiaz.com.br\/ribeiraopreto-regiao\/#organization"},"potentialAction":[{"@type":"SearchAction","target":{"@type":"EntryPoint","urlTemplate":"https:\/\/redenoticiaz.com.br\/ribeiraopreto-regiao\/?s={search_term_string}"},"query-input":{"@type":"PropertyValueSpecification","valueRequired":true,"valueName":"search_term_string"}}],"inLanguage":"pt-BR"},{"@type":"Organization","@id":"https:\/\/redenoticiaz.com.br\/ribeiraopreto-regiao\/#organization","name":"Ribeir\u00e3o Preto e Regi\u00e3o","url":"https:\/\/redenoticiaz.com.br\/ribeiraopreto-regiao\/","logo":{"@type":"ImageObject","inLanguage":"pt-BR","@id":"https:\/\/redenoticiaz.com.br\/ribeiraopreto-regiao\/#\/schema\/logo\/image\/","url":"https:\/\/redenoticiaz.com.br\/barretos-regiao\/wp-content\/uploads\/sites\/4\/2022\/02\/logo.jpg","contentUrl":"https:\/\/redenoticiaz.com.br\/barretos-regiao\/wp-content\/uploads\/sites\/4\/2022\/02\/logo.jpg","width":400,"height":250,"caption":"Ribeir\u00e3o Preto e Regi\u00e3o"},"image":{"@id":"https:\/\/redenoticiaz.com.br\/ribeiraopreto-regiao\/#\/schema\/logo\/image\/"},"sameAs":["https:\/\/m.facebook.com\/redenoticiaz.barretos","https:\/\/x.com\/RN_barretos","https:\/\/www.instagram.com\/redenoticiaz.barretos\/?igshid=YmMyMTA2M2Y","https:\/\/www.linkedin.com\/company\/rede-noticiaz-barretos-e-regio\/"]},{"@type":"Person","@id":"https:\/\/redenoticiaz.com.br\/ribeiraopreto-regiao\/#\/schema\/person\/1f84d6e94e6a62d2d81199d7503e9e90","name":"Carina Reifonas","image":{"@type":"ImageObject","inLanguage":"pt-BR","@id":"https:\/\/secure.gravatar.com\/avatar\/04c59859b23696cf867715880f81d5c037e60109730bdb4e6670ec2a2245bc97?s=96&d=mm&r=g","url":"https:\/\/secure.gravatar.com\/avatar\/04c59859b23696cf867715880f81d5c037e60109730bdb4e6670ec2a2245bc97?s=96&d=mm&r=g","contentUrl":"https:\/\/secure.gravatar.com\/avatar\/04c59859b23696cf867715880f81d5c037e60109730bdb4e6670ec2a2245bc97?s=96&d=mm&r=g","caption":"Carina Reifonas"},"url":"https:\/\/redenoticiaz.com.br\/ribeiraopreto-regiao\/sp\/author\/carinareifonas"}]}},"_links":{"self":[{"href":"https:\/\/redenoticiaz.com.br\/ribeiraopreto-regiao\/wp-json\/wp\/v2\/posts\/109741","targetHints":{"allow":["GET"]}}],"collection":[{"href":"https:\/\/redenoticiaz.com.br\/ribeiraopreto-regiao\/wp-json\/wp\/v2\/posts"}],"about":[{"href":"https:\/\/redenoticiaz.com.br\/ribeiraopreto-regiao\/wp-json\/wp\/v2\/types\/post"}],"author":[{"embeddable":true,"href":"https:\/\/redenoticiaz.com.br\/ribeiraopreto-regiao\/wp-json\/wp\/v2\/users\/30"}],"replies":[{"embeddable":true,"href":"https:\/\/redenoticiaz.com.br\/ribeiraopreto-regiao\/wp-json\/wp\/v2\/comments?post=109741"}],"version-history":[{"count":0,"href":"https:\/\/redenoticiaz.com.br\/ribeiraopreto-regiao\/wp-json\/wp\/v2\/posts\/109741\/revisions"}],"wp:featuredmedia":[{"embeddable":true,"href":"https:\/\/redenoticiaz.com.br\/ribeiraopreto-regiao\/wp-json\/wp\/v2\/media\/109742"}],"wp:attachment":[{"href":"https:\/\/redenoticiaz.com.br\/ribeiraopreto-regiao\/wp-json\/wp\/v2\/media?parent=109741"}],"wp:term":[{"taxonomy":"category","embeddable":true,"href":"https:\/\/redenoticiaz.com.br\/ribeiraopreto-regiao\/wp-json\/wp\/v2\/categories?post=109741"},{"taxonomy":"post_tag","embeddable":true,"href":"https:\/\/redenoticiaz.com.br\/ribeiraopreto-regiao\/wp-json\/wp\/v2\/tags?post=109741"}],"curies":[{"name":"wp","href":"https:\/\/api.w.org\/{rel}","templated":true}]}}