{"id":109791,"date":"2023-08-23T14:10:17","date_gmt":"2023-08-23T17:10:17","guid":{"rendered":"https:\/\/redenoticiaz.com.br\/barretos-regiao\/?p=109791"},"modified":"2023-08-23T14:10:17","modified_gmt":"2023-08-23T17:10:17","slug":"procon-barretos-leva-informacoes-sobre-consumo-sustentavel","status":"publish","type":"post","link":"https:\/\/redenoticiaz.com.br\/ribeiraopreto-regiao\/sp\/2023\/08\/23\/procon-barretos-leva-informacoes-sobre-consumo-sustentavel","title":{"rendered":"PROCON Barretos leva informa\u00e7\u00f5es sobre consumo sustent\u00e1vel"},"content":{"rendered":"<p>O <b>PROCON Barretos<\/b> \u00e9 uma das atra\u00e7\u00f5es do Rancho do Pe\u00e3ozinho, na <b>68\u00aa edi\u00e7\u00e3o da Festa do Pe\u00e3o de Boiadeiro,<\/b> que \u00e9 realizada na cidade at\u00e9 o pr\u00f3ximo domingo, 27 de agosto.<\/p>\n<p>Coordenado pela Escola do Consumidor, o estande do \u00f3rg\u00e3o de defesa do consumidor tem o objetivo de levar informa\u00e7\u00f5es aos visitantes do local sobre consumo sustent\u00e1vel, sustentabilidade e promover a import\u00e2ncia da reciclagem de materiais descart\u00e1veis.<\/p>\n<p>O Rancho do Pe\u00e3ozinho \u00e9 um espa\u00e7o de 35 mil metros quadrados, dentro do Parque do Pe\u00e3o, voltado para a divers\u00e3o e educa\u00e7\u00e3o de crian\u00e7as, jovens e fam\u00edlias.<\/p>\n<p>Gabriel Andrade, coordenador da Escola do Consumidor, destaca que a Educa\u00e7\u00e3o para o Consumo, al\u00e9m de promover a economia de dinheiro, ainda reduz o impacto ambiental.<\/p>\n<p><i>\u00a0&#8220;Quando falamos de consumo sustent\u00e1vel estamos falando de dois pontos. O primeiro \u00e9 sobre n\u00f3s, porque precisamos repensar h\u00e1bitos: Preciso mesmo comprar tanta coisa? E nesse processo, com muita frequ\u00eancia, acabamos economizando dinheiro! J\u00e1 o segundo ponto \u00e9 o ambiental. Afinal, com um consumo mais consciente, reduzimos o impacto ambiental, contribuindo para um futuro mais sustent\u00e1vel&#8221;<\/i>, explica.<\/p>\n","protected":false},"excerpt":{"rendered":"<p>O PROCON Barretos \u00e9 uma das atra\u00e7\u00f5es do Rancho do Pe\u00e3ozinho, na 68\u00aa edi\u00e7\u00e3o da Festa do Pe\u00e3o de Boiadeiro, que \u00e9 realizada na cidade at\u00e9 o pr\u00f3ximo domingo, 27 de agosto. Coordenado pela Escola do Consumidor, o estande do \u00f3rg\u00e3o de defesa do consumidor tem o objetivo de levar informa\u00e7\u00f5es aos visitantes do local &hellip;<\/p>\n","protected":false},"author":30,"featured_media":109792,"comment_status":"open","ping_status":"closed","sticky":false,"template":"","format":"standard","meta":{"footnotes":""},"categories":[252,94],"tags":[64,3912,1875],"class_list":["post-109791","post","type-post","status-publish","format-standard","has-post-thumbnail","hentry","category-acao-social","category-meio-ambiente","tag-barretos","tag-festa-do-peao","tag-procon"],"yoast_head":"<!-- This site is optimized with the Yoast SEO plugin v27.4 - https:\/\/yoast.com\/product\/yoast-seo-wordpress\/ -->\n<title>PROCON Barretos leva informa\u00e7\u00f5es sobre consumo sustent\u00e1vel - Ribeir\u00e3o Preto e Regi\u00e3o<\/title>\n<meta name=\"description\" content=\"O PROCON Barretos \u00e9 uma das atra\u00e7\u00f5es do Rancho do Pe\u00e3ozinho, na 68\u00aa edi\u00e7\u00e3o da Festa do Pe\u00e3o de Boiadeiro, entenda\" \/>\n<meta name=\"robots\" content=\"index, follow, max-snippet:-1, max-image-preview:large, max-video-preview:-1\" \/>\n<link rel=\"canonical\" href=\"https:\/\/redenoticiaz.com.br\/ribeiraopreto-regiao\/sp\/2023\/08\/23\/procon-barretos-leva-informacoes-sobre-consumo-sustentavel\" \/>\n<meta property=\"og:locale\" content=\"pt_BR\" \/>\n<meta property=\"og:type\" content=\"article\" \/>\n<meta property=\"og:title\" content=\"PROCON Barretos leva informa\u00e7\u00f5es sobre consumo sustent\u00e1vel - Ribeir\u00e3o Preto e Regi\u00e3o\" \/>\n<meta property=\"og:description\" content=\"O PROCON Barretos \u00e9 uma das atra\u00e7\u00f5es do Rancho do Pe\u00e3ozinho, na 68\u00aa edi\u00e7\u00e3o da Festa do Pe\u00e3o de Boiadeiro, entenda\" \/>\n<meta property=\"og:url\" content=\"https:\/\/redenoticiaz.com.br\/ribeiraopreto-regiao\/sp\/2023\/08\/23\/procon-barretos-leva-informacoes-sobre-consumo-sustentavel\" \/>\n<meta property=\"og:site_name\" content=\"Ribeir\u00e3o Preto e Regi\u00e3o\" \/>\n<meta property=\"article:publisher\" content=\"https:\/\/m.facebook.com\/redenoticiaz.barretos\" \/>\n<meta property=\"article:published_time\" content=\"2023-08-23T17:10:17+00:00\" \/>\n<meta property=\"og:image\" content=\"https:\/\/redenoticiaz.com.br\/ribeiraopreto-regiao\/wp-content\/uploads\/sites\/4\/2023\/08\/5ef059938ba799aaa845e1c2e8a762bd-scaled.jpeg\" \/>\n\t<meta property=\"og:image:width\" content=\"1437\" \/>\n\t<meta property=\"og:image:height\" content=\"1080\" \/>\n\t<meta property=\"og:image:type\" content=\"image\/jpeg\" \/>\n<meta name=\"author\" content=\"Carina Reifonas\" \/>\n<meta name=\"twitter:card\" content=\"summary_large_image\" \/>\n<meta name=\"twitter:creator\" content=\"@RN_barretos\" \/>\n<meta name=\"twitter:site\" content=\"@RN_barretos\" \/>\n<meta name=\"twitter:label1\" content=\"Escrito por\" \/>\n\t<meta name=\"twitter:data1\" content=\"Carina Reifonas\" \/>\n\t<meta name=\"twitter:label2\" content=\"Est. tempo de leitura\" \/>\n\t<meta name=\"twitter:data2\" content=\"1 minuto\" \/>\n<script type=\"application\/ld+json\" class=\"yoast-schema-graph\">{\"@context\":\"https:\\\/\\\/schema.org\",\"@graph\":[{\"@type\":\"Article\",\"@id\":\"https:\\\/\\\/redenoticiaz.com.br\\\/ribeiraopreto-regiao\\\/sp\\\/2023\\\/08\\\/23\\\/procon-barretos-leva-informacoes-sobre-consumo-sustentavel#article\",\"isPartOf\":{\"@id\":\"https:\\\/\\\/redenoticiaz.com.br\\\/ribeiraopreto-regiao\\\/sp\\\/2023\\\/08\\\/23\\\/procon-barretos-leva-informacoes-sobre-consumo-sustentavel\"},\"author\":{\"name\":\"Carina Reifonas\",\"@id\":\"https:\\\/\\\/redenoticiaz.com.br\\\/ribeiraopreto-regiao\\\/#\\\/schema\\\/person\\\/1f84d6e94e6a62d2d81199d7503e9e90\"},\"headline\":\"PROCON Barretos leva informa\u00e7\u00f5es sobre consumo sustent\u00e1vel\",\"datePublished\":\"2023-08-23T17:10:17+00:00\",\"mainEntityOfPage\":{\"@id\":\"https:\\\/\\\/redenoticiaz.com.br\\\/ribeiraopreto-regiao\\\/sp\\\/2023\\\/08\\\/23\\\/procon-barretos-leva-informacoes-sobre-consumo-sustentavel\"},\"wordCount\":204,\"commentCount\":0,\"publisher\":{\"@id\":\"https:\\\/\\\/redenoticiaz.com.br\\\/ribeiraopreto-regiao\\\/#organization\"},\"image\":{\"@id\":\"https:\\\/\\\/redenoticiaz.com.br\\\/ribeiraopreto-regiao\\\/sp\\\/2023\\\/08\\\/23\\\/procon-barretos-leva-informacoes-sobre-consumo-sustentavel#primaryimage\"},\"thumbnailUrl\":\"https:\\\/\\\/redenoticiaz.com.br\\\/ribeiraopreto-regiao\\\/wp-content\\\/uploads\\\/sites\\\/4\\\/2023\\\/08\\\/5ef059938ba799aaa845e1c2e8a762bd-scaled.jpeg\",\"keywords\":[\"BARRETOS\",\"FESTA DO PE\u00c3O\",\"PROCON\"],\"articleSection\":[\"A\u00e7\u00e3o Social\",\"Meio Ambiente\"],\"inLanguage\":\"pt-BR\",\"potentialAction\":[{\"@type\":\"CommentAction\",\"name\":\"Comment\",\"target\":[\"https:\\\/\\\/redenoticiaz.com.br\\\/ribeiraopreto-regiao\\\/sp\\\/2023\\\/08\\\/23\\\/procon-barretos-leva-informacoes-sobre-consumo-sustentavel#respond\"]}]},{\"@type\":\"WebPage\",\"@id\":\"https:\\\/\\\/redenoticiaz.com.br\\\/ribeiraopreto-regiao\\\/sp\\\/2023\\\/08\\\/23\\\/procon-barretos-leva-informacoes-sobre-consumo-sustentavel\",\"url\":\"https:\\\/\\\/redenoticiaz.com.br\\\/ribeiraopreto-regiao\\\/sp\\\/2023\\\/08\\\/23\\\/procon-barretos-leva-informacoes-sobre-consumo-sustentavel\",\"name\":\"PROCON Barretos leva informa\u00e7\u00f5es sobre consumo sustent\u00e1vel - Ribeir\u00e3o Preto e Regi\u00e3o\",\"isPartOf\":{\"@id\":\"https:\\\/\\\/redenoticiaz.com.br\\\/ribeiraopreto-regiao\\\/#website\"},\"primaryImageOfPage\":{\"@id\":\"https:\\\/\\\/redenoticiaz.com.br\\\/ribeiraopreto-regiao\\\/sp\\\/2023\\\/08\\\/23\\\/procon-barretos-leva-informacoes-sobre-consumo-sustentavel#primaryimage\"},\"image\":{\"@id\":\"https:\\\/\\\/redenoticiaz.com.br\\\/ribeiraopreto-regiao\\\/sp\\\/2023\\\/08\\\/23\\\/procon-barretos-leva-informacoes-sobre-consumo-sustentavel#primaryimage\"},\"thumbnailUrl\":\"https:\\\/\\\/redenoticiaz.com.br\\\/ribeiraopreto-regiao\\\/wp-content\\\/uploads\\\/sites\\\/4\\\/2023\\\/08\\\/5ef059938ba799aaa845e1c2e8a762bd-scaled.jpeg\",\"datePublished\":\"2023-08-23T17:10:17+00:00\",\"description\":\"O PROCON Barretos \u00e9 uma das atra\u00e7\u00f5es do Rancho do Pe\u00e3ozinho, na 68\u00aa edi\u00e7\u00e3o da Festa do Pe\u00e3o de Boiadeiro, entenda\",\"inLanguage\":\"pt-BR\",\"potentialAction\":[{\"@type\":\"ReadAction\",\"target\":[\"https:\\\/\\\/redenoticiaz.com.br\\\/ribeiraopreto-regiao\\\/sp\\\/2023\\\/08\\\/23\\\/procon-barretos-leva-informacoes-sobre-consumo-sustentavel\"]}]},{\"@type\":\"ImageObject\",\"inLanguage\":\"pt-BR\",\"@id\":\"https:\\\/\\\/redenoticiaz.com.br\\\/ribeiraopreto-regiao\\\/sp\\\/2023\\\/08\\\/23\\\/procon-barretos-leva-informacoes-sobre-consumo-sustentavel#primaryimage\",\"url\":\"https:\\\/\\\/redenoticiaz.com.br\\\/ribeiraopreto-regiao\\\/wp-content\\\/uploads\\\/sites\\\/4\\\/2023\\\/08\\\/5ef059938ba799aaa845e1c2e8a762bd-scaled.jpeg\",\"contentUrl\":\"https:\\\/\\\/redenoticiaz.com.br\\\/ribeiraopreto-regiao\\\/wp-content\\\/uploads\\\/sites\\\/4\\\/2023\\\/08\\\/5ef059938ba799aaa845e1c2e8a762bd-scaled.jpeg\",\"width\":1437,\"height\":1080,\"caption\":\"Cr\u00e9dito: Divulga\u00e7\u00e3o\"},{\"@type\":\"WebSite\",\"@id\":\"https:\\\/\\\/redenoticiaz.com.br\\\/ribeiraopreto-regiao\\\/#website\",\"url\":\"https:\\\/\\\/redenoticiaz.com.br\\\/ribeiraopreto-regiao\\\/\",\"name\":\"Ribeir\u00e3o Preto e Regi\u00e3o\",\"description\":\"Rede NoticiaZ - Ribeir\u00e3o Preto e regi\u00e3o\",\"publisher\":{\"@id\":\"https:\\\/\\\/redenoticiaz.com.br\\\/ribeiraopreto-regiao\\\/#organization\"},\"potentialAction\":[{\"@type\":\"SearchAction\",\"target\":{\"@type\":\"EntryPoint\",\"urlTemplate\":\"https:\\\/\\\/redenoticiaz.com.br\\\/ribeiraopreto-regiao\\\/?s={search_term_string}\"},\"query-input\":{\"@type\":\"PropertyValueSpecification\",\"valueRequired\":true,\"valueName\":\"search_term_string\"}}],\"inLanguage\":\"pt-BR\"},{\"@type\":\"Organization\",\"@id\":\"https:\\\/\\\/redenoticiaz.com.br\\\/ribeiraopreto-regiao\\\/#organization\",\"name\":\"Ribeir\u00e3o Preto e Regi\u00e3o\",\"url\":\"https:\\\/\\\/redenoticiaz.com.br\\\/ribeiraopreto-regiao\\\/\",\"logo\":{\"@type\":\"ImageObject\",\"inLanguage\":\"pt-BR\",\"@id\":\"https:\\\/\\\/redenoticiaz.com.br\\\/ribeiraopreto-regiao\\\/#\\\/schema\\\/logo\\\/image\\\/\",\"url\":\"https:\\\/\\\/redenoticiaz.com.br\\\/barretos-regiao\\\/wp-content\\\/uploads\\\/sites\\\/4\\\/2022\\\/02\\\/logo.jpg\",\"contentUrl\":\"https:\\\/\\\/redenoticiaz.com.br\\\/barretos-regiao\\\/wp-content\\\/uploads\\\/sites\\\/4\\\/2022\\\/02\\\/logo.jpg\",\"width\":400,\"height\":250,\"caption\":\"Ribeir\u00e3o Preto e Regi\u00e3o\"},\"image\":{\"@id\":\"https:\\\/\\\/redenoticiaz.com.br\\\/ribeiraopreto-regiao\\\/#\\\/schema\\\/logo\\\/image\\\/\"},\"sameAs\":[\"https:\\\/\\\/m.facebook.com\\\/redenoticiaz.barretos\",\"https:\\\/\\\/x.com\\\/RN_barretos\",\"https:\\\/\\\/www.instagram.com\\\/redenoticiaz.barretos\\\/?igshid=YmMyMTA2M2Y\",\"https:\\\/\\\/www.linkedin.com\\\/company\\\/rede-noticiaz-barretos-e-regio\\\/\"]},{\"@type\":\"Person\",\"@id\":\"https:\\\/\\\/redenoticiaz.com.br\\\/ribeiraopreto-regiao\\\/#\\\/schema\\\/person\\\/1f84d6e94e6a62d2d81199d7503e9e90\",\"name\":\"Carina Reifonas\",\"image\":{\"@type\":\"ImageObject\",\"inLanguage\":\"pt-BR\",\"@id\":\"https:\\\/\\\/secure.gravatar.com\\\/avatar\\\/04c59859b23696cf867715880f81d5c037e60109730bdb4e6670ec2a2245bc97?s=96&d=mm&r=g\",\"url\":\"https:\\\/\\\/secure.gravatar.com\\\/avatar\\\/04c59859b23696cf867715880f81d5c037e60109730bdb4e6670ec2a2245bc97?s=96&d=mm&r=g\",\"contentUrl\":\"https:\\\/\\\/secure.gravatar.com\\\/avatar\\\/04c59859b23696cf867715880f81d5c037e60109730bdb4e6670ec2a2245bc97?s=96&d=mm&r=g\",\"caption\":\"Carina Reifonas\"},\"url\":\"https:\\\/\\\/redenoticiaz.com.br\\\/ribeiraopreto-regiao\\\/sp\\\/author\\\/carinareifonas\"}]}<\/script>\n<!-- \/ Yoast SEO plugin. -->","yoast_head_json":{"title":"PROCON Barretos leva informa\u00e7\u00f5es sobre consumo sustent\u00e1vel - Ribeir\u00e3o Preto e Regi\u00e3o","description":"O PROCON Barretos \u00e9 uma das atra\u00e7\u00f5es do Rancho do Pe\u00e3ozinho, na 68\u00aa edi\u00e7\u00e3o da Festa do Pe\u00e3o de Boiadeiro, entenda","robots":{"index":"index","follow":"follow","max-snippet":"max-snippet:-1","max-image-preview":"max-image-preview:large","max-video-preview":"max-video-preview:-1"},"canonical":"https:\/\/redenoticiaz.com.br\/ribeiraopreto-regiao\/sp\/2023\/08\/23\/procon-barretos-leva-informacoes-sobre-consumo-sustentavel","og_locale":"pt_BR","og_type":"article","og_title":"PROCON Barretos leva informa\u00e7\u00f5es sobre consumo sustent\u00e1vel - Ribeir\u00e3o Preto e Regi\u00e3o","og_description":"O PROCON Barretos \u00e9 uma das atra\u00e7\u00f5es do Rancho do Pe\u00e3ozinho, na 68\u00aa edi\u00e7\u00e3o da Festa do Pe\u00e3o de Boiadeiro, entenda","og_url":"https:\/\/redenoticiaz.com.br\/ribeiraopreto-regiao\/sp\/2023\/08\/23\/procon-barretos-leva-informacoes-sobre-consumo-sustentavel","og_site_name":"Ribeir\u00e3o Preto e Regi\u00e3o","article_publisher":"https:\/\/m.facebook.com\/redenoticiaz.barretos","article_published_time":"2023-08-23T17:10:17+00:00","og_image":[{"width":1437,"height":1080,"url":"https:\/\/redenoticiaz.com.br\/ribeiraopreto-regiao\/wp-content\/uploads\/sites\/4\/2023\/08\/5ef059938ba799aaa845e1c2e8a762bd-scaled.jpeg","type":"image\/jpeg"}],"author":"Carina Reifonas","twitter_card":"summary_large_image","twitter_creator":"@RN_barretos","twitter_site":"@RN_barretos","twitter_misc":{"Escrito por":"Carina Reifonas","Est. tempo de leitura":"1 minuto"},"schema":{"@context":"https:\/\/schema.org","@graph":[{"@type":"Article","@id":"https:\/\/redenoticiaz.com.br\/ribeiraopreto-regiao\/sp\/2023\/08\/23\/procon-barretos-leva-informacoes-sobre-consumo-sustentavel#article","isPartOf":{"@id":"https:\/\/redenoticiaz.com.br\/ribeiraopreto-regiao\/sp\/2023\/08\/23\/procon-barretos-leva-informacoes-sobre-consumo-sustentavel"},"author":{"name":"Carina Reifonas","@id":"https:\/\/redenoticiaz.com.br\/ribeiraopreto-regiao\/#\/schema\/person\/1f84d6e94e6a62d2d81199d7503e9e90"},"headline":"PROCON Barretos leva informa\u00e7\u00f5es sobre consumo sustent\u00e1vel","datePublished":"2023-08-23T17:10:17+00:00","mainEntityOfPage":{"@id":"https:\/\/redenoticiaz.com.br\/ribeiraopreto-regiao\/sp\/2023\/08\/23\/procon-barretos-leva-informacoes-sobre-consumo-sustentavel"},"wordCount":204,"commentCount":0,"publisher":{"@id":"https:\/\/redenoticiaz.com.br\/ribeiraopreto-regiao\/#organization"},"image":{"@id":"https:\/\/redenoticiaz.com.br\/ribeiraopreto-regiao\/sp\/2023\/08\/23\/procon-barretos-leva-informacoes-sobre-consumo-sustentavel#primaryimage"},"thumbnailUrl":"https:\/\/redenoticiaz.com.br\/ribeiraopreto-regiao\/wp-content\/uploads\/sites\/4\/2023\/08\/5ef059938ba799aaa845e1c2e8a762bd-scaled.jpeg","keywords":["BARRETOS","FESTA DO PE\u00c3O","PROCON"],"articleSection":["A\u00e7\u00e3o Social","Meio Ambiente"],"inLanguage":"pt-BR","potentialAction":[{"@type":"CommentAction","name":"Comment","target":["https:\/\/redenoticiaz.com.br\/ribeiraopreto-regiao\/sp\/2023\/08\/23\/procon-barretos-leva-informacoes-sobre-consumo-sustentavel#respond"]}]},{"@type":"WebPage","@id":"https:\/\/redenoticiaz.com.br\/ribeiraopreto-regiao\/sp\/2023\/08\/23\/procon-barretos-leva-informacoes-sobre-consumo-sustentavel","url":"https:\/\/redenoticiaz.com.br\/ribeiraopreto-regiao\/sp\/2023\/08\/23\/procon-barretos-leva-informacoes-sobre-consumo-sustentavel","name":"PROCON Barretos leva informa\u00e7\u00f5es sobre consumo sustent\u00e1vel - Ribeir\u00e3o Preto e Regi\u00e3o","isPartOf":{"@id":"https:\/\/redenoticiaz.com.br\/ribeiraopreto-regiao\/#website"},"primaryImageOfPage":{"@id":"https:\/\/redenoticiaz.com.br\/ribeiraopreto-regiao\/sp\/2023\/08\/23\/procon-barretos-leva-informacoes-sobre-consumo-sustentavel#primaryimage"},"image":{"@id":"https:\/\/redenoticiaz.com.br\/ribeiraopreto-regiao\/sp\/2023\/08\/23\/procon-barretos-leva-informacoes-sobre-consumo-sustentavel#primaryimage"},"thumbnailUrl":"https:\/\/redenoticiaz.com.br\/ribeiraopreto-regiao\/wp-content\/uploads\/sites\/4\/2023\/08\/5ef059938ba799aaa845e1c2e8a762bd-scaled.jpeg","datePublished":"2023-08-23T17:10:17+00:00","description":"O PROCON Barretos \u00e9 uma das atra\u00e7\u00f5es do Rancho do Pe\u00e3ozinho, na 68\u00aa edi\u00e7\u00e3o da Festa do Pe\u00e3o de Boiadeiro, entenda","inLanguage":"pt-BR","potentialAction":[{"@type":"ReadAction","target":["https:\/\/redenoticiaz.com.br\/ribeiraopreto-regiao\/sp\/2023\/08\/23\/procon-barretos-leva-informacoes-sobre-consumo-sustentavel"]}]},{"@type":"ImageObject","inLanguage":"pt-BR","@id":"https:\/\/redenoticiaz.com.br\/ribeiraopreto-regiao\/sp\/2023\/08\/23\/procon-barretos-leva-informacoes-sobre-consumo-sustentavel#primaryimage","url":"https:\/\/redenoticiaz.com.br\/ribeiraopreto-regiao\/wp-content\/uploads\/sites\/4\/2023\/08\/5ef059938ba799aaa845e1c2e8a762bd-scaled.jpeg","contentUrl":"https:\/\/redenoticiaz.com.br\/ribeiraopreto-regiao\/wp-content\/uploads\/sites\/4\/2023\/08\/5ef059938ba799aaa845e1c2e8a762bd-scaled.jpeg","width":1437,"height":1080,"caption":"Cr\u00e9dito: Divulga\u00e7\u00e3o"},{"@type":"WebSite","@id":"https:\/\/redenoticiaz.com.br\/ribeiraopreto-regiao\/#website","url":"https:\/\/redenoticiaz.com.br\/ribeiraopreto-regiao\/","name":"Ribeir\u00e3o Preto e Regi\u00e3o","description":"Rede NoticiaZ - Ribeir\u00e3o Preto e regi\u00e3o","publisher":{"@id":"https:\/\/redenoticiaz.com.br\/ribeiraopreto-regiao\/#organization"},"potentialAction":[{"@type":"SearchAction","target":{"@type":"EntryPoint","urlTemplate":"https:\/\/redenoticiaz.com.br\/ribeiraopreto-regiao\/?s={search_term_string}"},"query-input":{"@type":"PropertyValueSpecification","valueRequired":true,"valueName":"search_term_string"}}],"inLanguage":"pt-BR"},{"@type":"Organization","@id":"https:\/\/redenoticiaz.com.br\/ribeiraopreto-regiao\/#organization","name":"Ribeir\u00e3o Preto e Regi\u00e3o","url":"https:\/\/redenoticiaz.com.br\/ribeiraopreto-regiao\/","logo":{"@type":"ImageObject","inLanguage":"pt-BR","@id":"https:\/\/redenoticiaz.com.br\/ribeiraopreto-regiao\/#\/schema\/logo\/image\/","url":"https:\/\/redenoticiaz.com.br\/barretos-regiao\/wp-content\/uploads\/sites\/4\/2022\/02\/logo.jpg","contentUrl":"https:\/\/redenoticiaz.com.br\/barretos-regiao\/wp-content\/uploads\/sites\/4\/2022\/02\/logo.jpg","width":400,"height":250,"caption":"Ribeir\u00e3o Preto e Regi\u00e3o"},"image":{"@id":"https:\/\/redenoticiaz.com.br\/ribeiraopreto-regiao\/#\/schema\/logo\/image\/"},"sameAs":["https:\/\/m.facebook.com\/redenoticiaz.barretos","https:\/\/x.com\/RN_barretos","https:\/\/www.instagram.com\/redenoticiaz.barretos\/?igshid=YmMyMTA2M2Y","https:\/\/www.linkedin.com\/company\/rede-noticiaz-barretos-e-regio\/"]},{"@type":"Person","@id":"https:\/\/redenoticiaz.com.br\/ribeiraopreto-regiao\/#\/schema\/person\/1f84d6e94e6a62d2d81199d7503e9e90","name":"Carina Reifonas","image":{"@type":"ImageObject","inLanguage":"pt-BR","@id":"https:\/\/secure.gravatar.com\/avatar\/04c59859b23696cf867715880f81d5c037e60109730bdb4e6670ec2a2245bc97?s=96&d=mm&r=g","url":"https:\/\/secure.gravatar.com\/avatar\/04c59859b23696cf867715880f81d5c037e60109730bdb4e6670ec2a2245bc97?s=96&d=mm&r=g","contentUrl":"https:\/\/secure.gravatar.com\/avatar\/04c59859b23696cf867715880f81d5c037e60109730bdb4e6670ec2a2245bc97?s=96&d=mm&r=g","caption":"Carina Reifonas"},"url":"https:\/\/redenoticiaz.com.br\/ribeiraopreto-regiao\/sp\/author\/carinareifonas"}]}},"_links":{"self":[{"href":"https:\/\/redenoticiaz.com.br\/ribeiraopreto-regiao\/wp-json\/wp\/v2\/posts\/109791","targetHints":{"allow":["GET"]}}],"collection":[{"href":"https:\/\/redenoticiaz.com.br\/ribeiraopreto-regiao\/wp-json\/wp\/v2\/posts"}],"about":[{"href":"https:\/\/redenoticiaz.com.br\/ribeiraopreto-regiao\/wp-json\/wp\/v2\/types\/post"}],"author":[{"embeddable":true,"href":"https:\/\/redenoticiaz.com.br\/ribeiraopreto-regiao\/wp-json\/wp\/v2\/users\/30"}],"replies":[{"embeddable":true,"href":"https:\/\/redenoticiaz.com.br\/ribeiraopreto-regiao\/wp-json\/wp\/v2\/comments?post=109791"}],"version-history":[{"count":1,"href":"https:\/\/redenoticiaz.com.br\/ribeiraopreto-regiao\/wp-json\/wp\/v2\/posts\/109791\/revisions"}],"predecessor-version":[{"id":109793,"href":"https:\/\/redenoticiaz.com.br\/ribeiraopreto-regiao\/wp-json\/wp\/v2\/posts\/109791\/revisions\/109793"}],"wp:featuredmedia":[{"embeddable":true,"href":"https:\/\/redenoticiaz.com.br\/ribeiraopreto-regiao\/wp-json\/wp\/v2\/media\/109792"}],"wp:attachment":[{"href":"https:\/\/redenoticiaz.com.br\/ribeiraopreto-regiao\/wp-json\/wp\/v2\/media?parent=109791"}],"wp:term":[{"taxonomy":"category","embeddable":true,"href":"https:\/\/redenoticiaz.com.br\/ribeiraopreto-regiao\/wp-json\/wp\/v2\/categories?post=109791"},{"taxonomy":"post_tag","embeddable":true,"href":"https:\/\/redenoticiaz.com.br\/ribeiraopreto-regiao\/wp-json\/wp\/v2\/tags?post=109791"}],"curies":[{"name":"wp","href":"https:\/\/api.w.org\/{rel}","templated":true}]}}