{"id":109848,"date":"2023-08-24T16:10:27","date_gmt":"2023-08-24T19:10:27","guid":{"rendered":"https:\/\/redenoticiaz.com.br\/barretos-regiao\/sp\/2023\/08\/24\/video-incendio-atinge-torres-de-resfriamento-do-instituto-do-coracao"},"modified":"2023-08-24T16:15:39","modified_gmt":"2023-08-24T19:15:39","slug":"video-incendio-atinge-torres-de-resfriamento-do-instituto-do-coracao","status":"publish","type":"post","link":"https:\/\/redenoticiaz.com.br\/ribeiraopreto-regiao\/sp\/2023\/08\/24\/video-incendio-atinge-torres-de-resfriamento-do-instituto-do-coracao","title":{"rendered":"V\u00cdDEO \u2013 Inc\u00eandio atinge torres de resfriamento do Instituto do Cora\u00e7\u00e3o"},"content":{"rendered":"<p>Um incidente inesperado alarmou a manh\u00e3 desta quinta-feira (24) na capital paulista. Um inc\u00eandio se propagou pela caldeira de refrigera\u00e7\u00e3o do renomado Instituto do Cora\u00e7\u00e3o (Incor), localizado em S\u00e3o Paulo.<\/p>\n<p>As chamas, que tiveram nesta manh\u00e3, provocaram uma resposta imediata da equipe do Corpo de Bombeiros, que controlaram as chamas cerca de uma hora depois. A \u00e1rea afetada compreende a regi\u00e3o entre o pr\u00e9dio do Incor e o edif\u00edcio que abriga a Secretaria Estadual da Sa\u00fade.<\/p>\n<p>Em meio ao caos moment\u00e2neo, a prioridade era garantir a seguran\u00e7a de todos. Funcion\u00e1rios do Instituto relataram que pacientes alojados em quartos pr\u00f3ximos \u00e0s torres foram realocados devido ao forte odor de fuma\u00e7a que se espalhou. O Incor esclareceu que n\u00e3o houve diretrizes institucionais para evacua\u00e7\u00e3o ou transfer\u00eancia de pacientes, enfatizando que o remanejamento foi conduzido por iniciativa pr\u00f3pria da equipe ambulatorial como medida de precau\u00e7\u00e3o.<\/p>\n<div style=\"width: 848px;\" class=\"wp-video\"><video class=\"wp-video-shortcode\" id=\"video-109848-1\" width=\"848\" height=\"480\" preload=\"metadata\" controls=\"controls\"><source type=\"video\/mp4\" src=\"https:\/\/redenoticiaz.com.br\/barretos-regiao\/wp-content\/uploads\/sites\/4\/2023\/08\/Incendio-atinge-torres-de-resfriamento-do-Instituto-do-Coracao.mp4?_=1\" \/><a href=\"https:\/\/redenoticiaz.com.br\/barretos-regiao\/wp-content\/uploads\/sites\/4\/2023\/08\/Incendio-atinge-torres-de-resfriamento-do-Instituto-do-Coracao.mp4\">https:\/\/redenoticiaz.com.br\/barretos-regiao\/wp-content\/uploads\/sites\/4\/2023\/08\/Incendio-atinge-torres-de-resfriamento-do-Instituto-do-Coracao.mp4<\/a><\/video><\/div>\n<p>Em comunicado oficial, o Hospital das Cl\u00ednicas da Faculdade de Medicina da Universidade de S\u00e3o Paulo (HCFMUSP), respons\u00e1vel pelo Incor, informou que a ocorr\u00eancia se tratou de um &#8220;princ\u00edpio de inc\u00eandio em uma torre de resfriamento externo do Incor, que foi r\u00e1pida e plenamente controlado pela brigada do complexo e pelo Corpo de Bombeiros.&#8221;<\/p>\n<p>Felizmente, n\u00e3o houve relatos de feridos e os servi\u00e7os de atendimento continuaram ininterruptos. A institui\u00e7\u00e3o est\u00e1 empenhada em conduzir uma investiga\u00e7\u00e3o detalhada para identificar as causas subjacentes a esse incidente, refor\u00e7ando o compromisso com a seguran\u00e7a e o bem-estar de todos os envolvidos.<\/p>\n<p>LEIA MAIS<\/p>\n<p><a href=\"https:\/\/redenoticiaz.com.br\/blog\/2023\/08\/23\/mc-marcinho-e-retirado-da-fila-para-transplante-de-coracao-por-conta-de-infeccao-generalizada\">Acidente envolvendo caminh\u00e3o e dois ve\u00edculos de passeio causa tr\u00e2nsito em Itupeva<\/a><\/p>\n","protected":false},"excerpt":{"rendered":"<p>Um incidente inesperado alarmou a manh\u00e3 desta quinta-feira (24) na capital paulista. Um inc\u00eandio se propagou pela caldeira de refrigera\u00e7\u00e3o do renomado Instituto do Cora\u00e7\u00e3o (Incor), localizado em S\u00e3o Paulo. As chamas, que tiveram nesta manh\u00e3, provocaram uma resposta imediata da equipe do Corpo de Bombeiros, que controlaram as chamas cerca de uma hora depois. &hellip;<\/p>\n","protected":false},"author":30,"featured_media":109849,"comment_status":"open","ping_status":"closed","sticky":false,"template":"","format":"standard","meta":{"footnotes":""},"categories":[88],"tags":[939,21387,21388,157],"class_list":["post-109848","post","type-post","status-publish","format-standard","has-post-thumbnail","hentry","category-policia","tag-incendio","tag-incor","tag-instituto-do-coracao","tag-sao-paulo"],"yoast_head":"<!-- This site is optimized with the Yoast SEO plugin v27.4 - https:\/\/yoast.com\/product\/yoast-seo-wordpress\/ -->\n<title>V\u00cdDEO \u2013 Inc\u00eandio atinge torres de resfriamento do Instituto do Cora\u00e7\u00e3o - Ribeir\u00e3o Preto e Regi\u00e3o<\/title>\n<meta name=\"description\" content=\"Um inc\u00eandio se propagou pela caldeira de refrigera\u00e7\u00e3o do renomado Instituto do Cora\u00e7\u00e3o (Incor), localizado em S\u00e3o Paulo.\" \/>\n<meta name=\"robots\" content=\"index, follow, max-snippet:-1, max-image-preview:large, max-video-preview:-1\" \/>\n<link rel=\"canonical\" href=\"https:\/\/redenoticiaz.com.br\/ribeiraopreto-regiao\/sp\/2023\/08\/24\/video-incendio-atinge-torres-de-resfriamento-do-instituto-do-coracao\" \/>\n<meta property=\"og:locale\" content=\"pt_BR\" \/>\n<meta property=\"og:type\" content=\"article\" \/>\n<meta property=\"og:title\" content=\"V\u00cdDEO \u2013 Inc\u00eandio atinge torres de resfriamento do Instituto do Cora\u00e7\u00e3o - Ribeir\u00e3o Preto e Regi\u00e3o\" \/>\n<meta property=\"og:description\" content=\"Um inc\u00eandio se propagou pela caldeira de refrigera\u00e7\u00e3o do renomado Instituto do Cora\u00e7\u00e3o (Incor), localizado em S\u00e3o Paulo.\" \/>\n<meta property=\"og:url\" content=\"https:\/\/redenoticiaz.com.br\/ribeiraopreto-regiao\/sp\/2023\/08\/24\/video-incendio-atinge-torres-de-resfriamento-do-instituto-do-coracao\" \/>\n<meta property=\"og:site_name\" content=\"Ribeir\u00e3o Preto e Regi\u00e3o\" \/>\n<meta property=\"article:publisher\" content=\"https:\/\/m.facebook.com\/redenoticiaz.barretos\" \/>\n<meta property=\"article:published_time\" content=\"2023-08-24T19:10:27+00:00\" \/>\n<meta property=\"article:modified_time\" content=\"2023-08-24T19:15:39+00:00\" \/>\n<meta property=\"og:image\" content=\"https:\/\/redenoticiaz.com.br\/ribeiraopreto-regiao\/wp-content\/uploads\/sites\/4\/2023\/08\/Captura-de-tela-2023-08-24-160217.jpg?v=1692904161\" \/>\n\t<meta property=\"og:image:width\" content=\"640\" \/>\n\t<meta property=\"og:image:height\" content=\"497\" \/>\n\t<meta property=\"og:image:type\" content=\"image\/jpeg\" \/>\n<meta name=\"author\" content=\"Carina Reifonas\" \/>\n<meta name=\"twitter:card\" content=\"summary_large_image\" \/>\n<meta name=\"twitter:creator\" content=\"@RN_barretos\" \/>\n<meta name=\"twitter:site\" content=\"@RN_barretos\" \/>\n<meta name=\"twitter:label1\" content=\"Escrito por\" \/>\n\t<meta name=\"twitter:data1\" content=\"Carina Reifonas\" \/>\n\t<meta name=\"twitter:label2\" content=\"Est. tempo de leitura\" \/>\n\t<meta name=\"twitter:data2\" content=\"2 minutos\" \/>\n<script type=\"application\/ld+json\" class=\"yoast-schema-graph\">{\"@context\":\"https:\\\/\\\/schema.org\",\"@graph\":[{\"@type\":\"Article\",\"@id\":\"https:\\\/\\\/redenoticiaz.com.br\\\/ribeiraopreto-regiao\\\/sp\\\/2023\\\/08\\\/24\\\/video-incendio-atinge-torres-de-resfriamento-do-instituto-do-coracao#article\",\"isPartOf\":{\"@id\":\"https:\\\/\\\/redenoticiaz.com.br\\\/ribeiraopreto-regiao\\\/sp\\\/2023\\\/08\\\/24\\\/video-incendio-atinge-torres-de-resfriamento-do-instituto-do-coracao\"},\"author\":{\"name\":\"Carina Reifonas\",\"@id\":\"https:\\\/\\\/redenoticiaz.com.br\\\/ribeiraopreto-regiao\\\/#\\\/schema\\\/person\\\/1f84d6e94e6a62d2d81199d7503e9e90\"},\"headline\":\"V\u00cdDEO \u2013 Inc\u00eandio atinge torres de resfriamento do Instituto do Cora\u00e7\u00e3o\",\"datePublished\":\"2023-08-24T19:10:27+00:00\",\"dateModified\":\"2023-08-24T19:15:39+00:00\",\"mainEntityOfPage\":{\"@id\":\"https:\\\/\\\/redenoticiaz.com.br\\\/ribeiraopreto-regiao\\\/sp\\\/2023\\\/08\\\/24\\\/video-incendio-atinge-torres-de-resfriamento-do-instituto-do-coracao\"},\"wordCount\":314,\"commentCount\":0,\"publisher\":{\"@id\":\"https:\\\/\\\/redenoticiaz.com.br\\\/ribeiraopreto-regiao\\\/#organization\"},\"image\":{\"@id\":\"https:\\\/\\\/redenoticiaz.com.br\\\/ribeiraopreto-regiao\\\/sp\\\/2023\\\/08\\\/24\\\/video-incendio-atinge-torres-de-resfriamento-do-instituto-do-coracao#primaryimage\"},\"thumbnailUrl\":\"https:\\\/\\\/redenoticiaz.com.br\\\/ribeiraopreto-regiao\\\/wp-content\\\/uploads\\\/sites\\\/4\\\/2023\\\/08\\\/Captura-de-tela-2023-08-24-160217.jpg?v=1692904161\",\"keywords\":[\"inc\u00eandio\",\"Incor\",\"INSTITUTO DO CORA\u00c7\u00c3O\",\"S\u00e3o Paulo\"],\"articleSection\":[\"Pol\u00edcia\"],\"inLanguage\":\"pt-BR\",\"potentialAction\":[{\"@type\":\"CommentAction\",\"name\":\"Comment\",\"target\":[\"https:\\\/\\\/redenoticiaz.com.br\\\/ribeiraopreto-regiao\\\/sp\\\/2023\\\/08\\\/24\\\/video-incendio-atinge-torres-de-resfriamento-do-instituto-do-coracao#respond\"]}]},{\"@type\":\"WebPage\",\"@id\":\"https:\\\/\\\/redenoticiaz.com.br\\\/ribeiraopreto-regiao\\\/sp\\\/2023\\\/08\\\/24\\\/video-incendio-atinge-torres-de-resfriamento-do-instituto-do-coracao\",\"url\":\"https:\\\/\\\/redenoticiaz.com.br\\\/ribeiraopreto-regiao\\\/sp\\\/2023\\\/08\\\/24\\\/video-incendio-atinge-torres-de-resfriamento-do-instituto-do-coracao\",\"name\":\"V\u00cdDEO \u2013 Inc\u00eandio atinge torres de resfriamento do Instituto do Cora\u00e7\u00e3o - Ribeir\u00e3o Preto e Regi\u00e3o\",\"isPartOf\":{\"@id\":\"https:\\\/\\\/redenoticiaz.com.br\\\/ribeiraopreto-regiao\\\/#website\"},\"primaryImageOfPage\":{\"@id\":\"https:\\\/\\\/redenoticiaz.com.br\\\/ribeiraopreto-regiao\\\/sp\\\/2023\\\/08\\\/24\\\/video-incendio-atinge-torres-de-resfriamento-do-instituto-do-coracao#primaryimage\"},\"image\":{\"@id\":\"https:\\\/\\\/redenoticiaz.com.br\\\/ribeiraopreto-regiao\\\/sp\\\/2023\\\/08\\\/24\\\/video-incendio-atinge-torres-de-resfriamento-do-instituto-do-coracao#primaryimage\"},\"thumbnailUrl\":\"https:\\\/\\\/redenoticiaz.com.br\\\/ribeiraopreto-regiao\\\/wp-content\\\/uploads\\\/sites\\\/4\\\/2023\\\/08\\\/Captura-de-tela-2023-08-24-160217.jpg?v=1692904161\",\"datePublished\":\"2023-08-24T19:10:27+00:00\",\"dateModified\":\"2023-08-24T19:15:39+00:00\",\"description\":\"Um inc\u00eandio se propagou pela caldeira de refrigera\u00e7\u00e3o do renomado Instituto do Cora\u00e7\u00e3o (Incor), localizado em S\u00e3o Paulo.\",\"inLanguage\":\"pt-BR\",\"potentialAction\":[{\"@type\":\"ReadAction\",\"target\":[\"https:\\\/\\\/redenoticiaz.com.br\\\/ribeiraopreto-regiao\\\/sp\\\/2023\\\/08\\\/24\\\/video-incendio-atinge-torres-de-resfriamento-do-instituto-do-coracao\"]}]},{\"@type\":\"ImageObject\",\"inLanguage\":\"pt-BR\",\"@id\":\"https:\\\/\\\/redenoticiaz.com.br\\\/ribeiraopreto-regiao\\\/sp\\\/2023\\\/08\\\/24\\\/video-incendio-atinge-torres-de-resfriamento-do-instituto-do-coracao#primaryimage\",\"url\":\"https:\\\/\\\/redenoticiaz.com.br\\\/ribeiraopreto-regiao\\\/wp-content\\\/uploads\\\/sites\\\/4\\\/2023\\\/08\\\/Captura-de-tela-2023-08-24-160217.jpg?v=1692904161\",\"contentUrl\":\"https:\\\/\\\/redenoticiaz.com.br\\\/ribeiraopreto-regiao\\\/wp-content\\\/uploads\\\/sites\\\/4\\\/2023\\\/08\\\/Captura-de-tela-2023-08-24-160217.jpg?v=1692904161\",\"width\":640,\"height\":497,\"caption\":\"Cr\u00e9dito: Reprodu\u00e7\u00e3o\"},{\"@type\":\"WebSite\",\"@id\":\"https:\\\/\\\/redenoticiaz.com.br\\\/ribeiraopreto-regiao\\\/#website\",\"url\":\"https:\\\/\\\/redenoticiaz.com.br\\\/ribeiraopreto-regiao\\\/\",\"name\":\"Ribeir\u00e3o Preto e Regi\u00e3o\",\"description\":\"Rede NoticiaZ - Ribeir\u00e3o Preto e regi\u00e3o\",\"publisher\":{\"@id\":\"https:\\\/\\\/redenoticiaz.com.br\\\/ribeiraopreto-regiao\\\/#organization\"},\"potentialAction\":[{\"@type\":\"SearchAction\",\"target\":{\"@type\":\"EntryPoint\",\"urlTemplate\":\"https:\\\/\\\/redenoticiaz.com.br\\\/ribeiraopreto-regiao\\\/?s={search_term_string}\"},\"query-input\":{\"@type\":\"PropertyValueSpecification\",\"valueRequired\":true,\"valueName\":\"search_term_string\"}}],\"inLanguage\":\"pt-BR\"},{\"@type\":\"Organization\",\"@id\":\"https:\\\/\\\/redenoticiaz.com.br\\\/ribeiraopreto-regiao\\\/#organization\",\"name\":\"Ribeir\u00e3o Preto e Regi\u00e3o\",\"url\":\"https:\\\/\\\/redenoticiaz.com.br\\\/ribeiraopreto-regiao\\\/\",\"logo\":{\"@type\":\"ImageObject\",\"inLanguage\":\"pt-BR\",\"@id\":\"https:\\\/\\\/redenoticiaz.com.br\\\/ribeiraopreto-regiao\\\/#\\\/schema\\\/logo\\\/image\\\/\",\"url\":\"https:\\\/\\\/redenoticiaz.com.br\\\/barretos-regiao\\\/wp-content\\\/uploads\\\/sites\\\/4\\\/2022\\\/02\\\/logo.jpg\",\"contentUrl\":\"https:\\\/\\\/redenoticiaz.com.br\\\/barretos-regiao\\\/wp-content\\\/uploads\\\/sites\\\/4\\\/2022\\\/02\\\/logo.jpg\",\"width\":400,\"height\":250,\"caption\":\"Ribeir\u00e3o Preto e Regi\u00e3o\"},\"image\":{\"@id\":\"https:\\\/\\\/redenoticiaz.com.br\\\/ribeiraopreto-regiao\\\/#\\\/schema\\\/logo\\\/image\\\/\"},\"sameAs\":[\"https:\\\/\\\/m.facebook.com\\\/redenoticiaz.barretos\",\"https:\\\/\\\/x.com\\\/RN_barretos\",\"https:\\\/\\\/www.instagram.com\\\/redenoticiaz.barretos\\\/?igshid=YmMyMTA2M2Y\",\"https:\\\/\\\/www.linkedin.com\\\/company\\\/rede-noticiaz-barretos-e-regio\\\/\"]},{\"@type\":\"Person\",\"@id\":\"https:\\\/\\\/redenoticiaz.com.br\\\/ribeiraopreto-regiao\\\/#\\\/schema\\\/person\\\/1f84d6e94e6a62d2d81199d7503e9e90\",\"name\":\"Carina Reifonas\",\"image\":{\"@type\":\"ImageObject\",\"inLanguage\":\"pt-BR\",\"@id\":\"https:\\\/\\\/secure.gravatar.com\\\/avatar\\\/04c59859b23696cf867715880f81d5c037e60109730bdb4e6670ec2a2245bc97?s=96&d=mm&r=g\",\"url\":\"https:\\\/\\\/secure.gravatar.com\\\/avatar\\\/04c59859b23696cf867715880f81d5c037e60109730bdb4e6670ec2a2245bc97?s=96&d=mm&r=g\",\"contentUrl\":\"https:\\\/\\\/secure.gravatar.com\\\/avatar\\\/04c59859b23696cf867715880f81d5c037e60109730bdb4e6670ec2a2245bc97?s=96&d=mm&r=g\",\"caption\":\"Carina Reifonas\"},\"url\":\"https:\\\/\\\/redenoticiaz.com.br\\\/ribeiraopreto-regiao\\\/sp\\\/author\\\/carinareifonas\"}]}<\/script>\n<!-- \/ Yoast SEO plugin. -->","yoast_head_json":{"title":"V\u00cdDEO \u2013 Inc\u00eandio atinge torres de resfriamento do Instituto do Cora\u00e7\u00e3o - Ribeir\u00e3o Preto e Regi\u00e3o","description":"Um inc\u00eandio se propagou pela caldeira de refrigera\u00e7\u00e3o do renomado Instituto do Cora\u00e7\u00e3o (Incor), localizado em S\u00e3o Paulo.","robots":{"index":"index","follow":"follow","max-snippet":"max-snippet:-1","max-image-preview":"max-image-preview:large","max-video-preview":"max-video-preview:-1"},"canonical":"https:\/\/redenoticiaz.com.br\/ribeiraopreto-regiao\/sp\/2023\/08\/24\/video-incendio-atinge-torres-de-resfriamento-do-instituto-do-coracao","og_locale":"pt_BR","og_type":"article","og_title":"V\u00cdDEO \u2013 Inc\u00eandio atinge torres de resfriamento do Instituto do Cora\u00e7\u00e3o - Ribeir\u00e3o Preto e Regi\u00e3o","og_description":"Um inc\u00eandio se propagou pela caldeira de refrigera\u00e7\u00e3o do renomado Instituto do Cora\u00e7\u00e3o (Incor), localizado em S\u00e3o Paulo.","og_url":"https:\/\/redenoticiaz.com.br\/ribeiraopreto-regiao\/sp\/2023\/08\/24\/video-incendio-atinge-torres-de-resfriamento-do-instituto-do-coracao","og_site_name":"Ribeir\u00e3o Preto e Regi\u00e3o","article_publisher":"https:\/\/m.facebook.com\/redenoticiaz.barretos","article_published_time":"2023-08-24T19:10:27+00:00","article_modified_time":"2023-08-24T19:15:39+00:00","og_image":[{"width":640,"height":497,"url":"https:\/\/redenoticiaz.com.br\/ribeiraopreto-regiao\/wp-content\/uploads\/sites\/4\/2023\/08\/Captura-de-tela-2023-08-24-160217.jpg?v=1692904161","type":"image\/jpeg"}],"author":"Carina Reifonas","twitter_card":"summary_large_image","twitter_creator":"@RN_barretos","twitter_site":"@RN_barretos","twitter_misc":{"Escrito por":"Carina Reifonas","Est. tempo de leitura":"2 minutos"},"schema":{"@context":"https:\/\/schema.org","@graph":[{"@type":"Article","@id":"https:\/\/redenoticiaz.com.br\/ribeiraopreto-regiao\/sp\/2023\/08\/24\/video-incendio-atinge-torres-de-resfriamento-do-instituto-do-coracao#article","isPartOf":{"@id":"https:\/\/redenoticiaz.com.br\/ribeiraopreto-regiao\/sp\/2023\/08\/24\/video-incendio-atinge-torres-de-resfriamento-do-instituto-do-coracao"},"author":{"name":"Carina Reifonas","@id":"https:\/\/redenoticiaz.com.br\/ribeiraopreto-regiao\/#\/schema\/person\/1f84d6e94e6a62d2d81199d7503e9e90"},"headline":"V\u00cdDEO \u2013 Inc\u00eandio atinge torres de resfriamento do Instituto do Cora\u00e7\u00e3o","datePublished":"2023-08-24T19:10:27+00:00","dateModified":"2023-08-24T19:15:39+00:00","mainEntityOfPage":{"@id":"https:\/\/redenoticiaz.com.br\/ribeiraopreto-regiao\/sp\/2023\/08\/24\/video-incendio-atinge-torres-de-resfriamento-do-instituto-do-coracao"},"wordCount":314,"commentCount":0,"publisher":{"@id":"https:\/\/redenoticiaz.com.br\/ribeiraopreto-regiao\/#organization"},"image":{"@id":"https:\/\/redenoticiaz.com.br\/ribeiraopreto-regiao\/sp\/2023\/08\/24\/video-incendio-atinge-torres-de-resfriamento-do-instituto-do-coracao#primaryimage"},"thumbnailUrl":"https:\/\/redenoticiaz.com.br\/ribeiraopreto-regiao\/wp-content\/uploads\/sites\/4\/2023\/08\/Captura-de-tela-2023-08-24-160217.jpg?v=1692904161","keywords":["inc\u00eandio","Incor","INSTITUTO DO CORA\u00c7\u00c3O","S\u00e3o Paulo"],"articleSection":["Pol\u00edcia"],"inLanguage":"pt-BR","potentialAction":[{"@type":"CommentAction","name":"Comment","target":["https:\/\/redenoticiaz.com.br\/ribeiraopreto-regiao\/sp\/2023\/08\/24\/video-incendio-atinge-torres-de-resfriamento-do-instituto-do-coracao#respond"]}]},{"@type":"WebPage","@id":"https:\/\/redenoticiaz.com.br\/ribeiraopreto-regiao\/sp\/2023\/08\/24\/video-incendio-atinge-torres-de-resfriamento-do-instituto-do-coracao","url":"https:\/\/redenoticiaz.com.br\/ribeiraopreto-regiao\/sp\/2023\/08\/24\/video-incendio-atinge-torres-de-resfriamento-do-instituto-do-coracao","name":"V\u00cdDEO \u2013 Inc\u00eandio atinge torres de resfriamento do Instituto do Cora\u00e7\u00e3o - Ribeir\u00e3o Preto e Regi\u00e3o","isPartOf":{"@id":"https:\/\/redenoticiaz.com.br\/ribeiraopreto-regiao\/#website"},"primaryImageOfPage":{"@id":"https:\/\/redenoticiaz.com.br\/ribeiraopreto-regiao\/sp\/2023\/08\/24\/video-incendio-atinge-torres-de-resfriamento-do-instituto-do-coracao#primaryimage"},"image":{"@id":"https:\/\/redenoticiaz.com.br\/ribeiraopreto-regiao\/sp\/2023\/08\/24\/video-incendio-atinge-torres-de-resfriamento-do-instituto-do-coracao#primaryimage"},"thumbnailUrl":"https:\/\/redenoticiaz.com.br\/ribeiraopreto-regiao\/wp-content\/uploads\/sites\/4\/2023\/08\/Captura-de-tela-2023-08-24-160217.jpg?v=1692904161","datePublished":"2023-08-24T19:10:27+00:00","dateModified":"2023-08-24T19:15:39+00:00","description":"Um inc\u00eandio se propagou pela caldeira de refrigera\u00e7\u00e3o do renomado Instituto do Cora\u00e7\u00e3o (Incor), localizado em S\u00e3o Paulo.","inLanguage":"pt-BR","potentialAction":[{"@type":"ReadAction","target":["https:\/\/redenoticiaz.com.br\/ribeiraopreto-regiao\/sp\/2023\/08\/24\/video-incendio-atinge-torres-de-resfriamento-do-instituto-do-coracao"]}]},{"@type":"ImageObject","inLanguage":"pt-BR","@id":"https:\/\/redenoticiaz.com.br\/ribeiraopreto-regiao\/sp\/2023\/08\/24\/video-incendio-atinge-torres-de-resfriamento-do-instituto-do-coracao#primaryimage","url":"https:\/\/redenoticiaz.com.br\/ribeiraopreto-regiao\/wp-content\/uploads\/sites\/4\/2023\/08\/Captura-de-tela-2023-08-24-160217.jpg?v=1692904161","contentUrl":"https:\/\/redenoticiaz.com.br\/ribeiraopreto-regiao\/wp-content\/uploads\/sites\/4\/2023\/08\/Captura-de-tela-2023-08-24-160217.jpg?v=1692904161","width":640,"height":497,"caption":"Cr\u00e9dito: Reprodu\u00e7\u00e3o"},{"@type":"WebSite","@id":"https:\/\/redenoticiaz.com.br\/ribeiraopreto-regiao\/#website","url":"https:\/\/redenoticiaz.com.br\/ribeiraopreto-regiao\/","name":"Ribeir\u00e3o Preto e Regi\u00e3o","description":"Rede NoticiaZ - Ribeir\u00e3o Preto e regi\u00e3o","publisher":{"@id":"https:\/\/redenoticiaz.com.br\/ribeiraopreto-regiao\/#organization"},"potentialAction":[{"@type":"SearchAction","target":{"@type":"EntryPoint","urlTemplate":"https:\/\/redenoticiaz.com.br\/ribeiraopreto-regiao\/?s={search_term_string}"},"query-input":{"@type":"PropertyValueSpecification","valueRequired":true,"valueName":"search_term_string"}}],"inLanguage":"pt-BR"},{"@type":"Organization","@id":"https:\/\/redenoticiaz.com.br\/ribeiraopreto-regiao\/#organization","name":"Ribeir\u00e3o Preto e Regi\u00e3o","url":"https:\/\/redenoticiaz.com.br\/ribeiraopreto-regiao\/","logo":{"@type":"ImageObject","inLanguage":"pt-BR","@id":"https:\/\/redenoticiaz.com.br\/ribeiraopreto-regiao\/#\/schema\/logo\/image\/","url":"https:\/\/redenoticiaz.com.br\/barretos-regiao\/wp-content\/uploads\/sites\/4\/2022\/02\/logo.jpg","contentUrl":"https:\/\/redenoticiaz.com.br\/barretos-regiao\/wp-content\/uploads\/sites\/4\/2022\/02\/logo.jpg","width":400,"height":250,"caption":"Ribeir\u00e3o Preto e Regi\u00e3o"},"image":{"@id":"https:\/\/redenoticiaz.com.br\/ribeiraopreto-regiao\/#\/schema\/logo\/image\/"},"sameAs":["https:\/\/m.facebook.com\/redenoticiaz.barretos","https:\/\/x.com\/RN_barretos","https:\/\/www.instagram.com\/redenoticiaz.barretos\/?igshid=YmMyMTA2M2Y","https:\/\/www.linkedin.com\/company\/rede-noticiaz-barretos-e-regio\/"]},{"@type":"Person","@id":"https:\/\/redenoticiaz.com.br\/ribeiraopreto-regiao\/#\/schema\/person\/1f84d6e94e6a62d2d81199d7503e9e90","name":"Carina Reifonas","image":{"@type":"ImageObject","inLanguage":"pt-BR","@id":"https:\/\/secure.gravatar.com\/avatar\/04c59859b23696cf867715880f81d5c037e60109730bdb4e6670ec2a2245bc97?s=96&d=mm&r=g","url":"https:\/\/secure.gravatar.com\/avatar\/04c59859b23696cf867715880f81d5c037e60109730bdb4e6670ec2a2245bc97?s=96&d=mm&r=g","contentUrl":"https:\/\/secure.gravatar.com\/avatar\/04c59859b23696cf867715880f81d5c037e60109730bdb4e6670ec2a2245bc97?s=96&d=mm&r=g","caption":"Carina Reifonas"},"url":"https:\/\/redenoticiaz.com.br\/ribeiraopreto-regiao\/sp\/author\/carinareifonas"}]}},"_links":{"self":[{"href":"https:\/\/redenoticiaz.com.br\/ribeiraopreto-regiao\/wp-json\/wp\/v2\/posts\/109848","targetHints":{"allow":["GET"]}}],"collection":[{"href":"https:\/\/redenoticiaz.com.br\/ribeiraopreto-regiao\/wp-json\/wp\/v2\/posts"}],"about":[{"href":"https:\/\/redenoticiaz.com.br\/ribeiraopreto-regiao\/wp-json\/wp\/v2\/types\/post"}],"author":[{"embeddable":true,"href":"https:\/\/redenoticiaz.com.br\/ribeiraopreto-regiao\/wp-json\/wp\/v2\/users\/30"}],"replies":[{"embeddable":true,"href":"https:\/\/redenoticiaz.com.br\/ribeiraopreto-regiao\/wp-json\/wp\/v2\/comments?post=109848"}],"version-history":[{"count":2,"href":"https:\/\/redenoticiaz.com.br\/ribeiraopreto-regiao\/wp-json\/wp\/v2\/posts\/109848\/revisions"}],"predecessor-version":[{"id":109852,"href":"https:\/\/redenoticiaz.com.br\/ribeiraopreto-regiao\/wp-json\/wp\/v2\/posts\/109848\/revisions\/109852"}],"wp:featuredmedia":[{"embeddable":true,"href":"https:\/\/redenoticiaz.com.br\/ribeiraopreto-regiao\/wp-json\/wp\/v2\/media\/109849"}],"wp:attachment":[{"href":"https:\/\/redenoticiaz.com.br\/ribeiraopreto-regiao\/wp-json\/wp\/v2\/media?parent=109848"}],"wp:term":[{"taxonomy":"category","embeddable":true,"href":"https:\/\/redenoticiaz.com.br\/ribeiraopreto-regiao\/wp-json\/wp\/v2\/categories?post=109848"},{"taxonomy":"post_tag","embeddable":true,"href":"https:\/\/redenoticiaz.com.br\/ribeiraopreto-regiao\/wp-json\/wp\/v2\/tags?post=109848"}],"curies":[{"name":"wp","href":"https:\/\/api.w.org\/{rel}","templated":true}]}}