{"id":110007,"date":"2023-08-28T17:23:46","date_gmt":"2023-08-28T20:23:46","guid":{"rendered":"https:\/\/redenoticiaz.com.br\/barretos-regiao\/sp\/2023\/08\/28\/brasil-fez-206-transplantes-de-coracao-no-primeiro-semestre-deste-ano"},"modified":"2023-08-28T17:24:27","modified_gmt":"2023-08-28T20:24:27","slug":"brasil-fez-206-transplantes-de-coracao-no-primeiro-semestre-deste-ano","status":"publish","type":"post","link":"https:\/\/redenoticiaz.com.br\/ribeiraopreto-regiao\/sp\/2023\/08\/28\/brasil-fez-206-transplantes-de-coracao-no-primeiro-semestre-deste-ano","title":{"rendered":"Brasil fez 206 transplantes de cora\u00e7\u00e3o no primeiro semestre deste ano"},"content":{"rendered":"<p>Com o caso do apresentador de televis\u00e3o Fausto Silva, mais conhecido como Faust\u00e3o, surgiu a d\u00favida sobre como funciona o sistema de transplantes de cora\u00e7\u00e3o no Brasil e que ritmo assume.<\/p>\n<p>De acordo com o Minist\u00e9rio da Sa\u00fade, entre 19 e 26 de agosto, 13 transplantes desse tipo foram realizados em todo o pa\u00eds, dos quais sete ocorreram no estado de S\u00e3o Paulo.<img decoding=\"async\" src=\"https:\/\/agenciabrasil.ebc.com.br\/ebc.png?id=1551558&amp;o=node\" \/><img decoding=\"async\" src=\"https:\/\/agenciabrasil.ebc.com.br\/ebc.gif?id=1551558&amp;o=node\" \/><\/p>\n<p>Segundo informa\u00e7\u00f5es do governo federal, no primeiro semestre deste ano, foram realizados 206 transplantes de cora\u00e7\u00e3o no pa\u00eds. O total representa um aumento de 16% na compara\u00e7\u00e3o com a primeira metade de 2022.<\/p>\n<p>Neste domingo (27), quando\u00a0<a href=\"https:\/\/agenciabrasil.ebc.com.br\/saude\/noticia\/2023-08\/faustao-passa-por-transplante-de-coracao\" target=\"_blank\" rel=\"noopener\">Faust\u00e3o<\/a>\u00a0realizou o procedimento, no Hospital Israelita Albert Einstein, na capital paulista, outro paciente que aguardava na fila tamb\u00e9m recebeu um cora\u00e7\u00e3o. Ambos tiveram prioridade na lista de espera, tendo em vista o quadro de sa\u00fade que apresentavam. A fila \u00e9 a mesma para pacientes do Sistema \u00danico de Sa\u00fade (SUS) e pacientes que fazem atendimento pela rede privada.<\/p>\n<p>Como crit\u00e9rios, leva-se em considera\u00e7\u00e3o, al\u00e9m da avalia\u00e7\u00e3o do estado de sa\u00fade do paciente, o tipo sangu\u00edneo, a compatibilidade de peso e altura, a compatibilidade gen\u00e9tica e outros mais espec\u00edficos, como o de n\u00edvel de gravidade, que varia conforme o \u00f3rg\u00e3o do corpo. Quando dois ou mais pacientes apresentam condi\u00e7\u00f5es parecidas, o que serve de crit\u00e9rio de desempate \u00e9 a ordem de chegada.<\/p>\n<p>Conforme destaca o Minist\u00e9rio da Sa\u00fade, o Brasil tem o maior sistema p\u00fablico de transplantes de \u00f3rg\u00e3os no mundo. &#8220;A estrutura \u00e9 gerenciada pelo Minist\u00e9rio da Sa\u00fade, que assegura que cirurgias de alta complexidade sejam realizadas para pacientes da rede p\u00fablica e privada, em situa\u00e7\u00e3o de igualdade. Os pacientes, por meio do SUS, recebem assist\u00eancia integral, equ\u00e2nime, universal e gratuita, incluindo exames preparat\u00f3rios, cirurgia, acompanhamento e medicamentos p\u00f3s-transplante&#8221;, acrescenta a pasta.<\/p>\n<p><strong>Leia mais<\/strong><\/p>\n<p><a href=\"https:\/\/redenoticiaz.com.br\/blog\/2023\/08\/28\/quanto-tempo-faustao-ficou-na-fila-do-transplante\">Quanto tempo Faust\u00e3o ficou na fila do transplante?<\/a><\/p>\n","protected":false},"excerpt":{"rendered":"<p>Com o caso do apresentador de televis\u00e3o Fausto Silva, mais conhecido como Faust\u00e3o, surgiu a d\u00favida sobre como funciona o sistema de transplantes de cora\u00e7\u00e3o no Brasil e que ritmo assume. De acordo com o Minist\u00e9rio da Sa\u00fade, entre 19 e 26 de agosto, 13 transplantes desse tipo foram realizados em todo o pa\u00eds, dos &hellip;<\/p>\n","protected":false},"author":12,"featured_media":110008,"comment_status":"open","ping_status":"closed","sticky":false,"template":"","format":"standard","meta":{"footnotes":""},"categories":[129],"tags":[18497,27046,28737,1314],"class_list":["post-110007","post","type-post","status-publish","format-standard","has-post-thumbnail","hentry","category-saude","tag-faustao","tag-fausto-silva","tag-hospital-israelita-albert-einstein","tag-ministerio-da-saude"],"yoast_head":"<!-- This site is optimized with the Yoast SEO plugin v27.4 - https:\/\/yoast.com\/product\/yoast-seo-wordpress\/ -->\n<title>Brasil fez 206 transplantes de cora\u00e7\u00e3o no primeiro semestre deste ano - Ribeir\u00e3o Preto e Regi\u00e3o<\/title>\n<meta name=\"description\" content=\"Com o caso do apresentador de televis\u00e3o Fausto Silva, mais conhecido como Faust\u00e3o, surgiu a d\u00favida sobre como funciona o sistema de transplantes de cora\u00e7\u00e3o no Brasil e que ritmo assume.\" \/>\n<meta name=\"robots\" content=\"index, follow, max-snippet:-1, max-image-preview:large, max-video-preview:-1\" \/>\n<link rel=\"canonical\" href=\"https:\/\/redenoticiaz.com.br\/ribeiraopreto-regiao\/sp\/2023\/08\/28\/brasil-fez-206-transplantes-de-coracao-no-primeiro-semestre-deste-ano\" \/>\n<meta property=\"og:locale\" content=\"pt_BR\" \/>\n<meta property=\"og:type\" content=\"article\" \/>\n<meta property=\"og:title\" content=\"Brasil fez 206 transplantes de cora\u00e7\u00e3o no primeiro semestre deste ano - Ribeir\u00e3o Preto e Regi\u00e3o\" \/>\n<meta property=\"og:description\" content=\"Com o caso do apresentador de televis\u00e3o Fausto Silva, mais conhecido como Faust\u00e3o, surgiu a d\u00favida sobre como funciona o sistema de transplantes de cora\u00e7\u00e3o no Brasil e que ritmo assume.\" \/>\n<meta property=\"og:url\" content=\"https:\/\/redenoticiaz.com.br\/ribeiraopreto-regiao\/sp\/2023\/08\/28\/brasil-fez-206-transplantes-de-coracao-no-primeiro-semestre-deste-ano\" \/>\n<meta property=\"og:site_name\" content=\"Ribeir\u00e3o Preto e Regi\u00e3o\" \/>\n<meta property=\"article:publisher\" content=\"https:\/\/m.facebook.com\/redenoticiaz.barretos\" \/>\n<meta property=\"article:published_time\" content=\"2023-08-28T20:23:46+00:00\" \/>\n<meta property=\"article:modified_time\" content=\"2023-08-28T20:24:27+00:00\" \/>\n<meta property=\"og:image\" content=\"https:\/\/redenoticiaz.com.br\/ribeiraopreto-regiao\/wp-content\/uploads\/sites\/4\/2023\/08\/saude-mental-e-sua-importancia-para-o-coracao-capa.jpg?v=1673988093\" \/>\n\t<meta property=\"og:image:width\" content=\"1400\" \/>\n\t<meta property=\"og:image:height\" content=\"800\" \/>\n\t<meta property=\"og:image:type\" content=\"image\/jpeg\" \/>\n<meta name=\"author\" content=\"Gustavo Silva\" \/>\n<meta name=\"twitter:card\" content=\"summary_large_image\" \/>\n<meta name=\"twitter:creator\" content=\"@RN_barretos\" \/>\n<meta name=\"twitter:site\" content=\"@RN_barretos\" \/>\n<meta name=\"twitter:label1\" content=\"Escrito por\" \/>\n\t<meta name=\"twitter:data1\" content=\"Gustavo Silva\" \/>\n\t<meta name=\"twitter:label2\" content=\"Est. tempo de leitura\" \/>\n\t<meta name=\"twitter:data2\" content=\"3 minutos\" \/>\n<script type=\"application\/ld+json\" class=\"yoast-schema-graph\">{\"@context\":\"https:\\\/\\\/schema.org\",\"@graph\":[{\"@type\":\"Article\",\"@id\":\"https:\\\/\\\/redenoticiaz.com.br\\\/ribeiraopreto-regiao\\\/sp\\\/2023\\\/08\\\/28\\\/brasil-fez-206-transplantes-de-coracao-no-primeiro-semestre-deste-ano#article\",\"isPartOf\":{\"@id\":\"https:\\\/\\\/redenoticiaz.com.br\\\/ribeiraopreto-regiao\\\/sp\\\/2023\\\/08\\\/28\\\/brasil-fez-206-transplantes-de-coracao-no-primeiro-semestre-deste-ano\"},\"author\":{\"name\":\"Gustavo Silva\",\"@id\":\"https:\\\/\\\/redenoticiaz.com.br\\\/ribeiraopreto-regiao\\\/#\\\/schema\\\/person\\\/16057b37a3c0ee6b096d7f887c566e2e\"},\"headline\":\"Brasil fez 206 transplantes de cora\u00e7\u00e3o no primeiro semestre deste ano\",\"datePublished\":\"2023-08-28T20:23:46+00:00\",\"dateModified\":\"2023-08-28T20:24:27+00:00\",\"mainEntityOfPage\":{\"@id\":\"https:\\\/\\\/redenoticiaz.com.br\\\/ribeiraopreto-regiao\\\/sp\\\/2023\\\/08\\\/28\\\/brasil-fez-206-transplantes-de-coracao-no-primeiro-semestre-deste-ano\"},\"wordCount\":346,\"commentCount\":0,\"publisher\":{\"@id\":\"https:\\\/\\\/redenoticiaz.com.br\\\/ribeiraopreto-regiao\\\/#organization\"},\"image\":{\"@id\":\"https:\\\/\\\/redenoticiaz.com.br\\\/ribeiraopreto-regiao\\\/sp\\\/2023\\\/08\\\/28\\\/brasil-fez-206-transplantes-de-coracao-no-primeiro-semestre-deste-ano#primaryimage\"},\"thumbnailUrl\":\"https:\\\/\\\/redenoticiaz.com.br\\\/ribeiraopreto-regiao\\\/wp-content\\\/uploads\\\/sites\\\/4\\\/2023\\\/08\\\/saude-mental-e-sua-importancia-para-o-coracao-capa.jpg?v=1673988093\",\"keywords\":[\"FAUST\u00c3O\",\"FAUSTO SILVA\",\"Hospital Israelita Albert Einstein\",\"Minist\u00e9rio da Sa\u00fade\"],\"articleSection\":[\"Sa\u00fade\"],\"inLanguage\":\"pt-BR\",\"potentialAction\":[{\"@type\":\"CommentAction\",\"name\":\"Comment\",\"target\":[\"https:\\\/\\\/redenoticiaz.com.br\\\/ribeiraopreto-regiao\\\/sp\\\/2023\\\/08\\\/28\\\/brasil-fez-206-transplantes-de-coracao-no-primeiro-semestre-deste-ano#respond\"]}]},{\"@type\":\"WebPage\",\"@id\":\"https:\\\/\\\/redenoticiaz.com.br\\\/ribeiraopreto-regiao\\\/sp\\\/2023\\\/08\\\/28\\\/brasil-fez-206-transplantes-de-coracao-no-primeiro-semestre-deste-ano\",\"url\":\"https:\\\/\\\/redenoticiaz.com.br\\\/ribeiraopreto-regiao\\\/sp\\\/2023\\\/08\\\/28\\\/brasil-fez-206-transplantes-de-coracao-no-primeiro-semestre-deste-ano\",\"name\":\"Brasil fez 206 transplantes de cora\u00e7\u00e3o no primeiro semestre deste ano - Ribeir\u00e3o Preto e Regi\u00e3o\",\"isPartOf\":{\"@id\":\"https:\\\/\\\/redenoticiaz.com.br\\\/ribeiraopreto-regiao\\\/#website\"},\"primaryImageOfPage\":{\"@id\":\"https:\\\/\\\/redenoticiaz.com.br\\\/ribeiraopreto-regiao\\\/sp\\\/2023\\\/08\\\/28\\\/brasil-fez-206-transplantes-de-coracao-no-primeiro-semestre-deste-ano#primaryimage\"},\"image\":{\"@id\":\"https:\\\/\\\/redenoticiaz.com.br\\\/ribeiraopreto-regiao\\\/sp\\\/2023\\\/08\\\/28\\\/brasil-fez-206-transplantes-de-coracao-no-primeiro-semestre-deste-ano#primaryimage\"},\"thumbnailUrl\":\"https:\\\/\\\/redenoticiaz.com.br\\\/ribeiraopreto-regiao\\\/wp-content\\\/uploads\\\/sites\\\/4\\\/2023\\\/08\\\/saude-mental-e-sua-importancia-para-o-coracao-capa.jpg?v=1673988093\",\"datePublished\":\"2023-08-28T20:23:46+00:00\",\"dateModified\":\"2023-08-28T20:24:27+00:00\",\"description\":\"Com o caso do apresentador de televis\u00e3o Fausto Silva, mais conhecido como Faust\u00e3o, surgiu a d\u00favida sobre como funciona o sistema de transplantes de cora\u00e7\u00e3o no Brasil e que ritmo assume.\",\"inLanguage\":\"pt-BR\",\"potentialAction\":[{\"@type\":\"ReadAction\",\"target\":[\"https:\\\/\\\/redenoticiaz.com.br\\\/ribeiraopreto-regiao\\\/sp\\\/2023\\\/08\\\/28\\\/brasil-fez-206-transplantes-de-coracao-no-primeiro-semestre-deste-ano\"]}]},{\"@type\":\"ImageObject\",\"inLanguage\":\"pt-BR\",\"@id\":\"https:\\\/\\\/redenoticiaz.com.br\\\/ribeiraopreto-regiao\\\/sp\\\/2023\\\/08\\\/28\\\/brasil-fez-206-transplantes-de-coracao-no-primeiro-semestre-deste-ano#primaryimage\",\"url\":\"https:\\\/\\\/redenoticiaz.com.br\\\/ribeiraopreto-regiao\\\/wp-content\\\/uploads\\\/sites\\\/4\\\/2023\\\/08\\\/saude-mental-e-sua-importancia-para-o-coracao-capa.jpg?v=1673988093\",\"contentUrl\":\"https:\\\/\\\/redenoticiaz.com.br\\\/ribeiraopreto-regiao\\\/wp-content\\\/uploads\\\/sites\\\/4\\\/2023\\\/08\\\/saude-mental-e-sua-importancia-para-o-coracao-capa.jpg?v=1673988093\",\"width\":1400,\"height\":800,\"caption\":\"Itupeva oferece apoio psicol\u00f3gico \u00e0 popula\u00e7\u00e3o\"},{\"@type\":\"WebSite\",\"@id\":\"https:\\\/\\\/redenoticiaz.com.br\\\/ribeiraopreto-regiao\\\/#website\",\"url\":\"https:\\\/\\\/redenoticiaz.com.br\\\/ribeiraopreto-regiao\\\/\",\"name\":\"Ribeir\u00e3o Preto e Regi\u00e3o\",\"description\":\"Rede NoticiaZ - Ribeir\u00e3o Preto e regi\u00e3o\",\"publisher\":{\"@id\":\"https:\\\/\\\/redenoticiaz.com.br\\\/ribeiraopreto-regiao\\\/#organization\"},\"potentialAction\":[{\"@type\":\"SearchAction\",\"target\":{\"@type\":\"EntryPoint\",\"urlTemplate\":\"https:\\\/\\\/redenoticiaz.com.br\\\/ribeiraopreto-regiao\\\/?s={search_term_string}\"},\"query-input\":{\"@type\":\"PropertyValueSpecification\",\"valueRequired\":true,\"valueName\":\"search_term_string\"}}],\"inLanguage\":\"pt-BR\"},{\"@type\":\"Organization\",\"@id\":\"https:\\\/\\\/redenoticiaz.com.br\\\/ribeiraopreto-regiao\\\/#organization\",\"name\":\"Ribeir\u00e3o Preto e Regi\u00e3o\",\"url\":\"https:\\\/\\\/redenoticiaz.com.br\\\/ribeiraopreto-regiao\\\/\",\"logo\":{\"@type\":\"ImageObject\",\"inLanguage\":\"pt-BR\",\"@id\":\"https:\\\/\\\/redenoticiaz.com.br\\\/ribeiraopreto-regiao\\\/#\\\/schema\\\/logo\\\/image\\\/\",\"url\":\"https:\\\/\\\/redenoticiaz.com.br\\\/barretos-regiao\\\/wp-content\\\/uploads\\\/sites\\\/4\\\/2022\\\/02\\\/logo.jpg\",\"contentUrl\":\"https:\\\/\\\/redenoticiaz.com.br\\\/barretos-regiao\\\/wp-content\\\/uploads\\\/sites\\\/4\\\/2022\\\/02\\\/logo.jpg\",\"width\":400,\"height\":250,\"caption\":\"Ribeir\u00e3o Preto e Regi\u00e3o\"},\"image\":{\"@id\":\"https:\\\/\\\/redenoticiaz.com.br\\\/ribeiraopreto-regiao\\\/#\\\/schema\\\/logo\\\/image\\\/\"},\"sameAs\":[\"https:\\\/\\\/m.facebook.com\\\/redenoticiaz.barretos\",\"https:\\\/\\\/x.com\\\/RN_barretos\",\"https:\\\/\\\/www.instagram.com\\\/redenoticiaz.barretos\\\/?igshid=YmMyMTA2M2Y\",\"https:\\\/\\\/www.linkedin.com\\\/company\\\/rede-noticiaz-barretos-e-regio\\\/\"]},{\"@type\":\"Person\",\"@id\":\"https:\\\/\\\/redenoticiaz.com.br\\\/ribeiraopreto-regiao\\\/#\\\/schema\\\/person\\\/16057b37a3c0ee6b096d7f887c566e2e\",\"name\":\"Gustavo Silva\",\"image\":{\"@type\":\"ImageObject\",\"inLanguage\":\"pt-BR\",\"@id\":\"https:\\\/\\\/secure.gravatar.com\\\/avatar\\\/3ee4e82f93b26de0a7cf4ea5eb7893da637ed6bb0c9170c58065944c56e28a33?s=96&d=mm&r=g\",\"url\":\"https:\\\/\\\/secure.gravatar.com\\\/avatar\\\/3ee4e82f93b26de0a7cf4ea5eb7893da637ed6bb0c9170c58065944c56e28a33?s=96&d=mm&r=g\",\"contentUrl\":\"https:\\\/\\\/secure.gravatar.com\\\/avatar\\\/3ee4e82f93b26de0a7cf4ea5eb7893da637ed6bb0c9170c58065944c56e28a33?s=96&d=mm&r=g\",\"caption\":\"Gustavo Silva\"},\"url\":\"https:\\\/\\\/redenoticiaz.com.br\\\/ribeiraopreto-regiao\\\/sp\\\/author\\\/gustavosilva\"}]}<\/script>\n<!-- \/ Yoast SEO plugin. -->","yoast_head_json":{"title":"Brasil fez 206 transplantes de cora\u00e7\u00e3o no primeiro semestre deste ano - Ribeir\u00e3o Preto e Regi\u00e3o","description":"Com o caso do apresentador de televis\u00e3o Fausto Silva, mais conhecido como Faust\u00e3o, surgiu a d\u00favida sobre como funciona o sistema de transplantes de cora\u00e7\u00e3o no Brasil e que ritmo assume.","robots":{"index":"index","follow":"follow","max-snippet":"max-snippet:-1","max-image-preview":"max-image-preview:large","max-video-preview":"max-video-preview:-1"},"canonical":"https:\/\/redenoticiaz.com.br\/ribeiraopreto-regiao\/sp\/2023\/08\/28\/brasil-fez-206-transplantes-de-coracao-no-primeiro-semestre-deste-ano","og_locale":"pt_BR","og_type":"article","og_title":"Brasil fez 206 transplantes de cora\u00e7\u00e3o no primeiro semestre deste ano - Ribeir\u00e3o Preto e Regi\u00e3o","og_description":"Com o caso do apresentador de televis\u00e3o Fausto Silva, mais conhecido como Faust\u00e3o, surgiu a d\u00favida sobre como funciona o sistema de transplantes de cora\u00e7\u00e3o no Brasil e que ritmo assume.","og_url":"https:\/\/redenoticiaz.com.br\/ribeiraopreto-regiao\/sp\/2023\/08\/28\/brasil-fez-206-transplantes-de-coracao-no-primeiro-semestre-deste-ano","og_site_name":"Ribeir\u00e3o Preto e Regi\u00e3o","article_publisher":"https:\/\/m.facebook.com\/redenoticiaz.barretos","article_published_time":"2023-08-28T20:23:46+00:00","article_modified_time":"2023-08-28T20:24:27+00:00","og_image":[{"width":1400,"height":800,"url":"https:\/\/redenoticiaz.com.br\/ribeiraopreto-regiao\/wp-content\/uploads\/sites\/4\/2023\/08\/saude-mental-e-sua-importancia-para-o-coracao-capa.jpg?v=1673988093","type":"image\/jpeg"}],"author":"Gustavo Silva","twitter_card":"summary_large_image","twitter_creator":"@RN_barretos","twitter_site":"@RN_barretos","twitter_misc":{"Escrito por":"Gustavo Silva","Est. tempo de leitura":"3 minutos"},"schema":{"@context":"https:\/\/schema.org","@graph":[{"@type":"Article","@id":"https:\/\/redenoticiaz.com.br\/ribeiraopreto-regiao\/sp\/2023\/08\/28\/brasil-fez-206-transplantes-de-coracao-no-primeiro-semestre-deste-ano#article","isPartOf":{"@id":"https:\/\/redenoticiaz.com.br\/ribeiraopreto-regiao\/sp\/2023\/08\/28\/brasil-fez-206-transplantes-de-coracao-no-primeiro-semestre-deste-ano"},"author":{"name":"Gustavo Silva","@id":"https:\/\/redenoticiaz.com.br\/ribeiraopreto-regiao\/#\/schema\/person\/16057b37a3c0ee6b096d7f887c566e2e"},"headline":"Brasil fez 206 transplantes de cora\u00e7\u00e3o no primeiro semestre deste ano","datePublished":"2023-08-28T20:23:46+00:00","dateModified":"2023-08-28T20:24:27+00:00","mainEntityOfPage":{"@id":"https:\/\/redenoticiaz.com.br\/ribeiraopreto-regiao\/sp\/2023\/08\/28\/brasil-fez-206-transplantes-de-coracao-no-primeiro-semestre-deste-ano"},"wordCount":346,"commentCount":0,"publisher":{"@id":"https:\/\/redenoticiaz.com.br\/ribeiraopreto-regiao\/#organization"},"image":{"@id":"https:\/\/redenoticiaz.com.br\/ribeiraopreto-regiao\/sp\/2023\/08\/28\/brasil-fez-206-transplantes-de-coracao-no-primeiro-semestre-deste-ano#primaryimage"},"thumbnailUrl":"https:\/\/redenoticiaz.com.br\/ribeiraopreto-regiao\/wp-content\/uploads\/sites\/4\/2023\/08\/saude-mental-e-sua-importancia-para-o-coracao-capa.jpg?v=1673988093","keywords":["FAUST\u00c3O","FAUSTO SILVA","Hospital Israelita Albert Einstein","Minist\u00e9rio da Sa\u00fade"],"articleSection":["Sa\u00fade"],"inLanguage":"pt-BR","potentialAction":[{"@type":"CommentAction","name":"Comment","target":["https:\/\/redenoticiaz.com.br\/ribeiraopreto-regiao\/sp\/2023\/08\/28\/brasil-fez-206-transplantes-de-coracao-no-primeiro-semestre-deste-ano#respond"]}]},{"@type":"WebPage","@id":"https:\/\/redenoticiaz.com.br\/ribeiraopreto-regiao\/sp\/2023\/08\/28\/brasil-fez-206-transplantes-de-coracao-no-primeiro-semestre-deste-ano","url":"https:\/\/redenoticiaz.com.br\/ribeiraopreto-regiao\/sp\/2023\/08\/28\/brasil-fez-206-transplantes-de-coracao-no-primeiro-semestre-deste-ano","name":"Brasil fez 206 transplantes de cora\u00e7\u00e3o no primeiro semestre deste ano - Ribeir\u00e3o Preto e Regi\u00e3o","isPartOf":{"@id":"https:\/\/redenoticiaz.com.br\/ribeiraopreto-regiao\/#website"},"primaryImageOfPage":{"@id":"https:\/\/redenoticiaz.com.br\/ribeiraopreto-regiao\/sp\/2023\/08\/28\/brasil-fez-206-transplantes-de-coracao-no-primeiro-semestre-deste-ano#primaryimage"},"image":{"@id":"https:\/\/redenoticiaz.com.br\/ribeiraopreto-regiao\/sp\/2023\/08\/28\/brasil-fez-206-transplantes-de-coracao-no-primeiro-semestre-deste-ano#primaryimage"},"thumbnailUrl":"https:\/\/redenoticiaz.com.br\/ribeiraopreto-regiao\/wp-content\/uploads\/sites\/4\/2023\/08\/saude-mental-e-sua-importancia-para-o-coracao-capa.jpg?v=1673988093","datePublished":"2023-08-28T20:23:46+00:00","dateModified":"2023-08-28T20:24:27+00:00","description":"Com o caso do apresentador de televis\u00e3o Fausto Silva, mais conhecido como Faust\u00e3o, surgiu a d\u00favida sobre como funciona o sistema de transplantes de cora\u00e7\u00e3o no Brasil e que ritmo assume.","inLanguage":"pt-BR","potentialAction":[{"@type":"ReadAction","target":["https:\/\/redenoticiaz.com.br\/ribeiraopreto-regiao\/sp\/2023\/08\/28\/brasil-fez-206-transplantes-de-coracao-no-primeiro-semestre-deste-ano"]}]},{"@type":"ImageObject","inLanguage":"pt-BR","@id":"https:\/\/redenoticiaz.com.br\/ribeiraopreto-regiao\/sp\/2023\/08\/28\/brasil-fez-206-transplantes-de-coracao-no-primeiro-semestre-deste-ano#primaryimage","url":"https:\/\/redenoticiaz.com.br\/ribeiraopreto-regiao\/wp-content\/uploads\/sites\/4\/2023\/08\/saude-mental-e-sua-importancia-para-o-coracao-capa.jpg?v=1673988093","contentUrl":"https:\/\/redenoticiaz.com.br\/ribeiraopreto-regiao\/wp-content\/uploads\/sites\/4\/2023\/08\/saude-mental-e-sua-importancia-para-o-coracao-capa.jpg?v=1673988093","width":1400,"height":800,"caption":"Itupeva oferece apoio psicol\u00f3gico \u00e0 popula\u00e7\u00e3o"},{"@type":"WebSite","@id":"https:\/\/redenoticiaz.com.br\/ribeiraopreto-regiao\/#website","url":"https:\/\/redenoticiaz.com.br\/ribeiraopreto-regiao\/","name":"Ribeir\u00e3o Preto e Regi\u00e3o","description":"Rede NoticiaZ - Ribeir\u00e3o Preto e regi\u00e3o","publisher":{"@id":"https:\/\/redenoticiaz.com.br\/ribeiraopreto-regiao\/#organization"},"potentialAction":[{"@type":"SearchAction","target":{"@type":"EntryPoint","urlTemplate":"https:\/\/redenoticiaz.com.br\/ribeiraopreto-regiao\/?s={search_term_string}"},"query-input":{"@type":"PropertyValueSpecification","valueRequired":true,"valueName":"search_term_string"}}],"inLanguage":"pt-BR"},{"@type":"Organization","@id":"https:\/\/redenoticiaz.com.br\/ribeiraopreto-regiao\/#organization","name":"Ribeir\u00e3o Preto e Regi\u00e3o","url":"https:\/\/redenoticiaz.com.br\/ribeiraopreto-regiao\/","logo":{"@type":"ImageObject","inLanguage":"pt-BR","@id":"https:\/\/redenoticiaz.com.br\/ribeiraopreto-regiao\/#\/schema\/logo\/image\/","url":"https:\/\/redenoticiaz.com.br\/barretos-regiao\/wp-content\/uploads\/sites\/4\/2022\/02\/logo.jpg","contentUrl":"https:\/\/redenoticiaz.com.br\/barretos-regiao\/wp-content\/uploads\/sites\/4\/2022\/02\/logo.jpg","width":400,"height":250,"caption":"Ribeir\u00e3o Preto e Regi\u00e3o"},"image":{"@id":"https:\/\/redenoticiaz.com.br\/ribeiraopreto-regiao\/#\/schema\/logo\/image\/"},"sameAs":["https:\/\/m.facebook.com\/redenoticiaz.barretos","https:\/\/x.com\/RN_barretos","https:\/\/www.instagram.com\/redenoticiaz.barretos\/?igshid=YmMyMTA2M2Y","https:\/\/www.linkedin.com\/company\/rede-noticiaz-barretos-e-regio\/"]},{"@type":"Person","@id":"https:\/\/redenoticiaz.com.br\/ribeiraopreto-regiao\/#\/schema\/person\/16057b37a3c0ee6b096d7f887c566e2e","name":"Gustavo Silva","image":{"@type":"ImageObject","inLanguage":"pt-BR","@id":"https:\/\/secure.gravatar.com\/avatar\/3ee4e82f93b26de0a7cf4ea5eb7893da637ed6bb0c9170c58065944c56e28a33?s=96&d=mm&r=g","url":"https:\/\/secure.gravatar.com\/avatar\/3ee4e82f93b26de0a7cf4ea5eb7893da637ed6bb0c9170c58065944c56e28a33?s=96&d=mm&r=g","contentUrl":"https:\/\/secure.gravatar.com\/avatar\/3ee4e82f93b26de0a7cf4ea5eb7893da637ed6bb0c9170c58065944c56e28a33?s=96&d=mm&r=g","caption":"Gustavo Silva"},"url":"https:\/\/redenoticiaz.com.br\/ribeiraopreto-regiao\/sp\/author\/gustavosilva"}]}},"_links":{"self":[{"href":"https:\/\/redenoticiaz.com.br\/ribeiraopreto-regiao\/wp-json\/wp\/v2\/posts\/110007","targetHints":{"allow":["GET"]}}],"collection":[{"href":"https:\/\/redenoticiaz.com.br\/ribeiraopreto-regiao\/wp-json\/wp\/v2\/posts"}],"about":[{"href":"https:\/\/redenoticiaz.com.br\/ribeiraopreto-regiao\/wp-json\/wp\/v2\/types\/post"}],"author":[{"embeddable":true,"href":"https:\/\/redenoticiaz.com.br\/ribeiraopreto-regiao\/wp-json\/wp\/v2\/users\/12"}],"replies":[{"embeddable":true,"href":"https:\/\/redenoticiaz.com.br\/ribeiraopreto-regiao\/wp-json\/wp\/v2\/comments?post=110007"}],"version-history":[{"count":0,"href":"https:\/\/redenoticiaz.com.br\/ribeiraopreto-regiao\/wp-json\/wp\/v2\/posts\/110007\/revisions"}],"wp:featuredmedia":[{"embeddable":true,"href":"https:\/\/redenoticiaz.com.br\/ribeiraopreto-regiao\/wp-json\/wp\/v2\/media\/110008"}],"wp:attachment":[{"href":"https:\/\/redenoticiaz.com.br\/ribeiraopreto-regiao\/wp-json\/wp\/v2\/media?parent=110007"}],"wp:term":[{"taxonomy":"category","embeddable":true,"href":"https:\/\/redenoticiaz.com.br\/ribeiraopreto-regiao\/wp-json\/wp\/v2\/categories?post=110007"},{"taxonomy":"post_tag","embeddable":true,"href":"https:\/\/redenoticiaz.com.br\/ribeiraopreto-regiao\/wp-json\/wp\/v2\/tags?post=110007"}],"curies":[{"name":"wp","href":"https:\/\/api.w.org\/{rel}","templated":true}]}}