{"id":110016,"date":"2023-09-02T07:00:01","date_gmt":"2023-09-02T10:00:01","guid":{"rendered":"https:\/\/redenoticiaz.com.br\/barretos-regiao\/?p=110016"},"modified":"2023-08-30T12:15:03","modified_gmt":"2023-08-30T15:15:03","slug":"quais-os-sinais-de-deficiencia-de-vitamina-d-do-corpo","status":"publish","type":"post","link":"https:\/\/redenoticiaz.com.br\/ribeiraopreto-regiao\/sp\/2023\/09\/02\/quais-os-sinais-de-deficiencia-de-vitamina-d-do-corpo","title":{"rendered":"Quais os sinais de defici\u00eancia de vitamina D do corpo?"},"content":{"rendered":"<p data-reader-unique-id=\"84\">A defici\u00eancia de vitamina D \u00e9 relativamente comum em todo o mundo e pode causar um sintoma bem desagrad\u00e1vel. Um estudo recente publicado na revista Scientific Reports sugere que dores de cabe\u00e7a cr\u00f4nicas ocorram mais frequentemente em pessoas com baixos n\u00edveis dessa vitamina essencial.<\/p>\n<p>Segundo o estudo finland\u00eas, essas dores de cabe\u00e7a tamb\u00e9m t\u00eam duas vezes mais probabilidade de ocorrer nos meses de inverno. Quando os n\u00edveis de vitamina D est\u00e3o mais baixos no corpo.<\/p>\n<p data-reader-unique-id=\"84\">A popula\u00e7\u00e3o do estudo consistiu em 2.601 homens do leste da Finl\u00e2ndia, com idades entre 42 e 60 anos. Foram 5 anos de acompanhamento.<\/p>\n<p data-reader-unique-id=\"85\">O diagn\u00f3stico de cefaleia foi baseado na resposta \u00e0 pergunta do question\u00e1rio: \u201cVoc\u00ea teve dor de cabe\u00e7a nos \u00faltimos 12 meses?\u201d. As op\u00e7\u00f5es eram \u201cnunca\u201d, \u201cmenos de uma vez por m\u00eas\u201d, \u201cmensalmente\u201d, \u201csemanalmente\u201d e \u201cdiariamente\u201d.<\/p>\n<p data-reader-unique-id=\"90\">Entre os 2.601 participantes, 250 (9,6%) relataram dor de cabe\u00e7a frequente. Ap\u00f3s ajuste para idade, ano e m\u00eas da coleta de sangue, aqueles valores mais baixos de vitamina D tiveram chances 116% maiores de dor de cabe\u00e7a frequente.<\/p>\n<p data-reader-unique-id=\"91\">Segundo os autores, o estudo \u2013 que foi um dos maiores que investigaram o assunto \u2013 apoia a vis\u00e3o de que a vitamina D pode ser ben\u00e9fica na preven\u00e7\u00e3o da dor de cabe\u00e7a.<\/p>\n<p data-reader-unique-id=\"91\"><em><strong>LEIA MAIS<\/strong><\/em><br \/>\n<a href=\"https:\/\/redenoticiaz.com.br\/blog\/2023\/08\/29\/onca-parda-morre-atropelada-na-rodovia-dom-gabriel-em-jundiai\">On\u00e7a-parda morre atropelada na Rodovia Dom Gabriel em Jundia\u00ed<\/a><\/p>\n","protected":false},"excerpt":{"rendered":"<p>A defici\u00eancia de vitamina D \u00e9 relativamente comum em todo o mundo e pode causar um sintoma bem desagrad\u00e1vel. Um estudo recente publicado na revista Scientific Reports sugere que dores de cabe\u00e7a cr\u00f4nicas ocorram mais frequentemente em pessoas com baixos n\u00edveis dessa vitamina essencial. Segundo o estudo finland\u00eas, essas dores de cabe\u00e7a tamb\u00e9m t\u00eam duas &hellip;<\/p>\n","protected":false},"author":11,"featured_media":110053,"comment_status":"open","ping_status":"closed","sticky":false,"template":"","format":"standard","meta":{"footnotes":""},"categories":[129],"tags":[6721,28740,8453,21937],"class_list":["post-110016","post","type-post","status-publish","format-standard","has-post-thumbnail","hentry","category-saude","tag-causas","tag-falta-de-vitamina-d","tag-sinais","tag-vitamina-d"],"yoast_head":"<!-- This site is optimized with the Yoast SEO plugin v27.4 - https:\/\/yoast.com\/product\/yoast-seo-wordpress\/ -->\n<title>Quais os sinais de defici\u00eancia de vitamina D do corpo? - Ribeir\u00e3o Preto e Regi\u00e3o<\/title>\n<meta name=\"description\" content=\"A defici\u00eancia de vitamina D \u00e9 relativamente comum em todo o mundo e pode causar um sintoma bem desagrad\u00e1vel.\" \/>\n<meta name=\"robots\" content=\"index, follow, max-snippet:-1, max-image-preview:large, max-video-preview:-1\" \/>\n<link rel=\"canonical\" href=\"https:\/\/redenoticiaz.com.br\/ribeiraopreto-regiao\/sp\/2023\/09\/02\/quais-os-sinais-de-deficiencia-de-vitamina-d-do-corpo\" \/>\n<meta property=\"og:locale\" content=\"pt_BR\" \/>\n<meta property=\"og:type\" content=\"article\" \/>\n<meta property=\"og:title\" content=\"Quais os sinais de defici\u00eancia de vitamina D do corpo? - Ribeir\u00e3o Preto e Regi\u00e3o\" \/>\n<meta property=\"og:description\" content=\"A defici\u00eancia de vitamina D \u00e9 relativamente comum em todo o mundo e pode causar um sintoma bem desagrad\u00e1vel.\" \/>\n<meta property=\"og:url\" content=\"https:\/\/redenoticiaz.com.br\/ribeiraopreto-regiao\/sp\/2023\/09\/02\/quais-os-sinais-de-deficiencia-de-vitamina-d-do-corpo\" \/>\n<meta property=\"og:site_name\" content=\"Ribeir\u00e3o Preto e Regi\u00e3o\" \/>\n<meta property=\"article:publisher\" content=\"https:\/\/m.facebook.com\/redenoticiaz.barretos\" \/>\n<meta property=\"article:published_time\" content=\"2023-09-02T10:00:01+00:00\" \/>\n<meta property=\"og:image\" content=\"https:\/\/redenoticiaz.com.br\/ribeiraopreto-regiao\/wp-content\/uploads\/sites\/4\/2022\/02\/logo.jpg\" \/>\n\t<meta property=\"og:image:width\" content=\"400\" \/>\n\t<meta property=\"og:image:height\" content=\"250\" \/>\n\t<meta property=\"og:image:type\" content=\"image\/jpeg\" \/>\n<meta name=\"twitter:card\" content=\"summary_large_image\" \/>\n<meta name=\"twitter:creator\" content=\"@RN_barretos\" \/>\n<meta name=\"twitter:site\" content=\"@RN_barretos\" \/>\n<meta name=\"twitter:label1\" content=\"Escrito por\" \/>\n\t<meta name=\"twitter:data1\" content=\"\" \/>\n\t<meta name=\"twitter:label2\" content=\"Est. tempo de leitura\" \/>\n\t<meta name=\"twitter:data2\" content=\"2 minutos\" \/>\n<script type=\"application\/ld+json\" class=\"yoast-schema-graph\">{\"@context\":\"https:\\\/\\\/schema.org\",\"@graph\":[{\"@type\":\"Article\",\"@id\":\"https:\\\/\\\/redenoticiaz.com.br\\\/ribeiraopreto-regiao\\\/sp\\\/2023\\\/09\\\/02\\\/quais-os-sinais-de-deficiencia-de-vitamina-d-do-corpo#article\",\"isPartOf\":{\"@id\":\"https:\\\/\\\/redenoticiaz.com.br\\\/ribeiraopreto-regiao\\\/sp\\\/2023\\\/09\\\/02\\\/quais-os-sinais-de-deficiencia-de-vitamina-d-do-corpo\"},\"author\":{\"name\":\"\",\"@id\":\"\"},\"headline\":\"Quais os sinais de defici\u00eancia de vitamina D do corpo?\",\"datePublished\":\"2023-09-02T10:00:01+00:00\",\"mainEntityOfPage\":{\"@id\":\"https:\\\/\\\/redenoticiaz.com.br\\\/ribeiraopreto-regiao\\\/sp\\\/2023\\\/09\\\/02\\\/quais-os-sinais-de-deficiencia-de-vitamina-d-do-corpo\"},\"wordCount\":241,\"commentCount\":0,\"publisher\":{\"@id\":\"https:\\\/\\\/redenoticiaz.com.br\\\/ribeiraopreto-regiao\\\/#organization\"},\"image\":{\"@id\":\"https:\\\/\\\/redenoticiaz.com.br\\\/ribeiraopreto-regiao\\\/sp\\\/2023\\\/09\\\/02\\\/quais-os-sinais-de-deficiencia-de-vitamina-d-do-corpo#primaryimage\"},\"thumbnailUrl\":\"https:\\\/\\\/redenoticiaz.com.br\\\/ribeiraopreto-regiao\\\/wp-content\\\/uploads\\\/sites\\\/4\\\/2023\\\/08\\\/WhatsApp-Image-2023-08-30-at-12.12.01.jpeg?v=1693408336\",\"keywords\":[\"CAUSAS\",\"FALTA DE VITAMINA D\",\"SINAIS\",\"vitamina d\"],\"articleSection\":[\"Sa\u00fade\"],\"inLanguage\":\"pt-BR\",\"potentialAction\":[{\"@type\":\"CommentAction\",\"name\":\"Comment\",\"target\":[\"https:\\\/\\\/redenoticiaz.com.br\\\/ribeiraopreto-regiao\\\/sp\\\/2023\\\/09\\\/02\\\/quais-os-sinais-de-deficiencia-de-vitamina-d-do-corpo#respond\"]}]},{\"@type\":\"WebPage\",\"@id\":\"https:\\\/\\\/redenoticiaz.com.br\\\/ribeiraopreto-regiao\\\/sp\\\/2023\\\/09\\\/02\\\/quais-os-sinais-de-deficiencia-de-vitamina-d-do-corpo\",\"url\":\"https:\\\/\\\/redenoticiaz.com.br\\\/ribeiraopreto-regiao\\\/sp\\\/2023\\\/09\\\/02\\\/quais-os-sinais-de-deficiencia-de-vitamina-d-do-corpo\",\"name\":\"Quais os sinais de defici\u00eancia de vitamina D do corpo? - Ribeir\u00e3o Preto e Regi\u00e3o\",\"isPartOf\":{\"@id\":\"https:\\\/\\\/redenoticiaz.com.br\\\/ribeiraopreto-regiao\\\/#website\"},\"primaryImageOfPage\":{\"@id\":\"https:\\\/\\\/redenoticiaz.com.br\\\/ribeiraopreto-regiao\\\/sp\\\/2023\\\/09\\\/02\\\/quais-os-sinais-de-deficiencia-de-vitamina-d-do-corpo#primaryimage\"},\"image\":{\"@id\":\"https:\\\/\\\/redenoticiaz.com.br\\\/ribeiraopreto-regiao\\\/sp\\\/2023\\\/09\\\/02\\\/quais-os-sinais-de-deficiencia-de-vitamina-d-do-corpo#primaryimage\"},\"thumbnailUrl\":\"https:\\\/\\\/redenoticiaz.com.br\\\/ribeiraopreto-regiao\\\/wp-content\\\/uploads\\\/sites\\\/4\\\/2023\\\/08\\\/WhatsApp-Image-2023-08-30-at-12.12.01.jpeg?v=1693408336\",\"datePublished\":\"2023-09-02T10:00:01+00:00\",\"description\":\"A defici\u00eancia de vitamina D \u00e9 relativamente comum em todo o mundo e pode causar um sintoma bem desagrad\u00e1vel.\",\"inLanguage\":\"pt-BR\",\"potentialAction\":[{\"@type\":\"ReadAction\",\"target\":[\"https:\\\/\\\/redenoticiaz.com.br\\\/ribeiraopreto-regiao\\\/sp\\\/2023\\\/09\\\/02\\\/quais-os-sinais-de-deficiencia-de-vitamina-d-do-corpo\"]}]},{\"@type\":\"ImageObject\",\"inLanguage\":\"pt-BR\",\"@id\":\"https:\\\/\\\/redenoticiaz.com.br\\\/ribeiraopreto-regiao\\\/sp\\\/2023\\\/09\\\/02\\\/quais-os-sinais-de-deficiencia-de-vitamina-d-do-corpo#primaryimage\",\"url\":\"https:\\\/\\\/redenoticiaz.com.br\\\/ribeiraopreto-regiao\\\/wp-content\\\/uploads\\\/sites\\\/4\\\/2023\\\/08\\\/WhatsApp-Image-2023-08-30-at-12.12.01.jpeg?v=1693408336\",\"contentUrl\":\"https:\\\/\\\/redenoticiaz.com.br\\\/ribeiraopreto-regiao\\\/wp-content\\\/uploads\\\/sites\\\/4\\\/2023\\\/08\\\/WhatsApp-Image-2023-08-30-at-12.12.01.jpeg?v=1693408336\",\"width\":513,\"height\":312,\"caption\":\"Foto: Divulga\u00e7\u00e3o\"},{\"@type\":\"WebSite\",\"@id\":\"https:\\\/\\\/redenoticiaz.com.br\\\/ribeiraopreto-regiao\\\/#website\",\"url\":\"https:\\\/\\\/redenoticiaz.com.br\\\/ribeiraopreto-regiao\\\/\",\"name\":\"Ribeir\u00e3o Preto e Regi\u00e3o\",\"description\":\"Rede NoticiaZ - Ribeir\u00e3o Preto e regi\u00e3o\",\"publisher\":{\"@id\":\"https:\\\/\\\/redenoticiaz.com.br\\\/ribeiraopreto-regiao\\\/#organization\"},\"potentialAction\":[{\"@type\":\"SearchAction\",\"target\":{\"@type\":\"EntryPoint\",\"urlTemplate\":\"https:\\\/\\\/redenoticiaz.com.br\\\/ribeiraopreto-regiao\\\/?s={search_term_string}\"},\"query-input\":{\"@type\":\"PropertyValueSpecification\",\"valueRequired\":true,\"valueName\":\"search_term_string\"}}],\"inLanguage\":\"pt-BR\"},{\"@type\":\"Organization\",\"@id\":\"https:\\\/\\\/redenoticiaz.com.br\\\/ribeiraopreto-regiao\\\/#organization\",\"name\":\"Ribeir\u00e3o Preto e Regi\u00e3o\",\"url\":\"https:\\\/\\\/redenoticiaz.com.br\\\/ribeiraopreto-regiao\\\/\",\"logo\":{\"@type\":\"ImageObject\",\"inLanguage\":\"pt-BR\",\"@id\":\"https:\\\/\\\/redenoticiaz.com.br\\\/ribeiraopreto-regiao\\\/#\\\/schema\\\/logo\\\/image\\\/\",\"url\":\"https:\\\/\\\/redenoticiaz.com.br\\\/barretos-regiao\\\/wp-content\\\/uploads\\\/sites\\\/4\\\/2022\\\/02\\\/logo.jpg\",\"contentUrl\":\"https:\\\/\\\/redenoticiaz.com.br\\\/barretos-regiao\\\/wp-content\\\/uploads\\\/sites\\\/4\\\/2022\\\/02\\\/logo.jpg\",\"width\":400,\"height\":250,\"caption\":\"Ribeir\u00e3o Preto e Regi\u00e3o\"},\"image\":{\"@id\":\"https:\\\/\\\/redenoticiaz.com.br\\\/ribeiraopreto-regiao\\\/#\\\/schema\\\/logo\\\/image\\\/\"},\"sameAs\":[\"https:\\\/\\\/m.facebook.com\\\/redenoticiaz.barretos\",\"https:\\\/\\\/x.com\\\/RN_barretos\",\"https:\\\/\\\/www.instagram.com\\\/redenoticiaz.barretos\\\/?igshid=YmMyMTA2M2Y\",\"https:\\\/\\\/www.linkedin.com\\\/company\\\/rede-noticiaz-barretos-e-regio\\\/\"]},{\"@type\":\"Person\",\"@id\":\"\",\"url\":\"https:\\\/\\\/redenoticiaz.com.br\\\/ribeiraopreto-regiao\\\/sp\\\/author\"}]}<\/script>\n<!-- \/ Yoast SEO plugin. -->","yoast_head_json":{"title":"Quais os sinais de defici\u00eancia de vitamina D do corpo? - Ribeir\u00e3o Preto e Regi\u00e3o","description":"A defici\u00eancia de vitamina D \u00e9 relativamente comum em todo o mundo e pode causar um sintoma bem desagrad\u00e1vel.","robots":{"index":"index","follow":"follow","max-snippet":"max-snippet:-1","max-image-preview":"max-image-preview:large","max-video-preview":"max-video-preview:-1"},"canonical":"https:\/\/redenoticiaz.com.br\/ribeiraopreto-regiao\/sp\/2023\/09\/02\/quais-os-sinais-de-deficiencia-de-vitamina-d-do-corpo","og_locale":"pt_BR","og_type":"article","og_title":"Quais os sinais de defici\u00eancia de vitamina D do corpo? - Ribeir\u00e3o Preto e Regi\u00e3o","og_description":"A defici\u00eancia de vitamina D \u00e9 relativamente comum em todo o mundo e pode causar um sintoma bem desagrad\u00e1vel.","og_url":"https:\/\/redenoticiaz.com.br\/ribeiraopreto-regiao\/sp\/2023\/09\/02\/quais-os-sinais-de-deficiencia-de-vitamina-d-do-corpo","og_site_name":"Ribeir\u00e3o Preto e Regi\u00e3o","article_publisher":"https:\/\/m.facebook.com\/redenoticiaz.barretos","article_published_time":"2023-09-02T10:00:01+00:00","og_image":[{"width":400,"height":250,"url":"https:\/\/redenoticiaz.com.br\/ribeiraopreto-regiao\/wp-content\/uploads\/sites\/4\/2022\/02\/logo.jpg","type":"image\/jpeg"}],"twitter_card":"summary_large_image","twitter_creator":"@RN_barretos","twitter_site":"@RN_barretos","twitter_misc":{"Escrito por":"","Est. tempo de leitura":"2 minutos"},"schema":{"@context":"https:\/\/schema.org","@graph":[{"@type":"Article","@id":"https:\/\/redenoticiaz.com.br\/ribeiraopreto-regiao\/sp\/2023\/09\/02\/quais-os-sinais-de-deficiencia-de-vitamina-d-do-corpo#article","isPartOf":{"@id":"https:\/\/redenoticiaz.com.br\/ribeiraopreto-regiao\/sp\/2023\/09\/02\/quais-os-sinais-de-deficiencia-de-vitamina-d-do-corpo"},"author":{"name":"","@id":""},"headline":"Quais os sinais de defici\u00eancia de vitamina D do corpo?","datePublished":"2023-09-02T10:00:01+00:00","mainEntityOfPage":{"@id":"https:\/\/redenoticiaz.com.br\/ribeiraopreto-regiao\/sp\/2023\/09\/02\/quais-os-sinais-de-deficiencia-de-vitamina-d-do-corpo"},"wordCount":241,"commentCount":0,"publisher":{"@id":"https:\/\/redenoticiaz.com.br\/ribeiraopreto-regiao\/#organization"},"image":{"@id":"https:\/\/redenoticiaz.com.br\/ribeiraopreto-regiao\/sp\/2023\/09\/02\/quais-os-sinais-de-deficiencia-de-vitamina-d-do-corpo#primaryimage"},"thumbnailUrl":"https:\/\/redenoticiaz.com.br\/ribeiraopreto-regiao\/wp-content\/uploads\/sites\/4\/2023\/08\/WhatsApp-Image-2023-08-30-at-12.12.01.jpeg?v=1693408336","keywords":["CAUSAS","FALTA DE VITAMINA D","SINAIS","vitamina d"],"articleSection":["Sa\u00fade"],"inLanguage":"pt-BR","potentialAction":[{"@type":"CommentAction","name":"Comment","target":["https:\/\/redenoticiaz.com.br\/ribeiraopreto-regiao\/sp\/2023\/09\/02\/quais-os-sinais-de-deficiencia-de-vitamina-d-do-corpo#respond"]}]},{"@type":"WebPage","@id":"https:\/\/redenoticiaz.com.br\/ribeiraopreto-regiao\/sp\/2023\/09\/02\/quais-os-sinais-de-deficiencia-de-vitamina-d-do-corpo","url":"https:\/\/redenoticiaz.com.br\/ribeiraopreto-regiao\/sp\/2023\/09\/02\/quais-os-sinais-de-deficiencia-de-vitamina-d-do-corpo","name":"Quais os sinais de defici\u00eancia de vitamina D do corpo? - Ribeir\u00e3o Preto e Regi\u00e3o","isPartOf":{"@id":"https:\/\/redenoticiaz.com.br\/ribeiraopreto-regiao\/#website"},"primaryImageOfPage":{"@id":"https:\/\/redenoticiaz.com.br\/ribeiraopreto-regiao\/sp\/2023\/09\/02\/quais-os-sinais-de-deficiencia-de-vitamina-d-do-corpo#primaryimage"},"image":{"@id":"https:\/\/redenoticiaz.com.br\/ribeiraopreto-regiao\/sp\/2023\/09\/02\/quais-os-sinais-de-deficiencia-de-vitamina-d-do-corpo#primaryimage"},"thumbnailUrl":"https:\/\/redenoticiaz.com.br\/ribeiraopreto-regiao\/wp-content\/uploads\/sites\/4\/2023\/08\/WhatsApp-Image-2023-08-30-at-12.12.01.jpeg?v=1693408336","datePublished":"2023-09-02T10:00:01+00:00","description":"A defici\u00eancia de vitamina D \u00e9 relativamente comum em todo o mundo e pode causar um sintoma bem desagrad\u00e1vel.","inLanguage":"pt-BR","potentialAction":[{"@type":"ReadAction","target":["https:\/\/redenoticiaz.com.br\/ribeiraopreto-regiao\/sp\/2023\/09\/02\/quais-os-sinais-de-deficiencia-de-vitamina-d-do-corpo"]}]},{"@type":"ImageObject","inLanguage":"pt-BR","@id":"https:\/\/redenoticiaz.com.br\/ribeiraopreto-regiao\/sp\/2023\/09\/02\/quais-os-sinais-de-deficiencia-de-vitamina-d-do-corpo#primaryimage","url":"https:\/\/redenoticiaz.com.br\/ribeiraopreto-regiao\/wp-content\/uploads\/sites\/4\/2023\/08\/WhatsApp-Image-2023-08-30-at-12.12.01.jpeg?v=1693408336","contentUrl":"https:\/\/redenoticiaz.com.br\/ribeiraopreto-regiao\/wp-content\/uploads\/sites\/4\/2023\/08\/WhatsApp-Image-2023-08-30-at-12.12.01.jpeg?v=1693408336","width":513,"height":312,"caption":"Foto: Divulga\u00e7\u00e3o"},{"@type":"WebSite","@id":"https:\/\/redenoticiaz.com.br\/ribeiraopreto-regiao\/#website","url":"https:\/\/redenoticiaz.com.br\/ribeiraopreto-regiao\/","name":"Ribeir\u00e3o Preto e Regi\u00e3o","description":"Rede NoticiaZ - Ribeir\u00e3o Preto e regi\u00e3o","publisher":{"@id":"https:\/\/redenoticiaz.com.br\/ribeiraopreto-regiao\/#organization"},"potentialAction":[{"@type":"SearchAction","target":{"@type":"EntryPoint","urlTemplate":"https:\/\/redenoticiaz.com.br\/ribeiraopreto-regiao\/?s={search_term_string}"},"query-input":{"@type":"PropertyValueSpecification","valueRequired":true,"valueName":"search_term_string"}}],"inLanguage":"pt-BR"},{"@type":"Organization","@id":"https:\/\/redenoticiaz.com.br\/ribeiraopreto-regiao\/#organization","name":"Ribeir\u00e3o Preto e Regi\u00e3o","url":"https:\/\/redenoticiaz.com.br\/ribeiraopreto-regiao\/","logo":{"@type":"ImageObject","inLanguage":"pt-BR","@id":"https:\/\/redenoticiaz.com.br\/ribeiraopreto-regiao\/#\/schema\/logo\/image\/","url":"https:\/\/redenoticiaz.com.br\/barretos-regiao\/wp-content\/uploads\/sites\/4\/2022\/02\/logo.jpg","contentUrl":"https:\/\/redenoticiaz.com.br\/barretos-regiao\/wp-content\/uploads\/sites\/4\/2022\/02\/logo.jpg","width":400,"height":250,"caption":"Ribeir\u00e3o Preto e Regi\u00e3o"},"image":{"@id":"https:\/\/redenoticiaz.com.br\/ribeiraopreto-regiao\/#\/schema\/logo\/image\/"},"sameAs":["https:\/\/m.facebook.com\/redenoticiaz.barretos","https:\/\/x.com\/RN_barretos","https:\/\/www.instagram.com\/redenoticiaz.barretos\/?igshid=YmMyMTA2M2Y","https:\/\/www.linkedin.com\/company\/rede-noticiaz-barretos-e-regio\/"]},{"@type":"Person","@id":"","url":"https:\/\/redenoticiaz.com.br\/ribeiraopreto-regiao\/sp\/author"}]}},"_links":{"self":[{"href":"https:\/\/redenoticiaz.com.br\/ribeiraopreto-regiao\/wp-json\/wp\/v2\/posts\/110016","targetHints":{"allow":["GET"]}}],"collection":[{"href":"https:\/\/redenoticiaz.com.br\/ribeiraopreto-regiao\/wp-json\/wp\/v2\/posts"}],"about":[{"href":"https:\/\/redenoticiaz.com.br\/ribeiraopreto-regiao\/wp-json\/wp\/v2\/types\/post"}],"author":[{"embeddable":true,"href":"https:\/\/redenoticiaz.com.br\/ribeiraopreto-regiao\/wp-json\/wp\/v2\/users\/11"}],"replies":[{"embeddable":true,"href":"https:\/\/redenoticiaz.com.br\/ribeiraopreto-regiao\/wp-json\/wp\/v2\/comments?post=110016"}],"version-history":[{"count":1,"href":"https:\/\/redenoticiaz.com.br\/ribeiraopreto-regiao\/wp-json\/wp\/v2\/posts\/110016\/revisions"}],"predecessor-version":[{"id":110052,"href":"https:\/\/redenoticiaz.com.br\/ribeiraopreto-regiao\/wp-json\/wp\/v2\/posts\/110016\/revisions\/110052"}],"wp:featuredmedia":[{"embeddable":true,"href":"https:\/\/redenoticiaz.com.br\/ribeiraopreto-regiao\/wp-json\/wp\/v2\/media\/110053"}],"wp:attachment":[{"href":"https:\/\/redenoticiaz.com.br\/ribeiraopreto-regiao\/wp-json\/wp\/v2\/media?parent=110016"}],"wp:term":[{"taxonomy":"category","embeddable":true,"href":"https:\/\/redenoticiaz.com.br\/ribeiraopreto-regiao\/wp-json\/wp\/v2\/categories?post=110016"},{"taxonomy":"post_tag","embeddable":true,"href":"https:\/\/redenoticiaz.com.br\/ribeiraopreto-regiao\/wp-json\/wp\/v2\/tags?post=110016"}],"curies":[{"name":"wp","href":"https:\/\/api.w.org\/{rel}","templated":true}]}}