{"id":110361,"date":"2023-09-06T16:38:00","date_gmt":"2023-09-06T19:38:00","guid":{"rendered":"https:\/\/redenoticiaz.com.br\/barretos-regiao\/?p=110361"},"modified":"2023-09-06T16:38:27","modified_gmt":"2023-09-06T19:38:27","slug":"policia-militar-detem-suspeito-e-apreende-grande-quantidade-de-drogas","status":"publish","type":"post","link":"https:\/\/redenoticiaz.com.br\/ribeiraopreto-regiao\/sp\/2023\/09\/06\/policia-militar-detem-suspeito-e-apreende-grande-quantidade-de-drogas","title":{"rendered":"Pol\u00edcia Militar det\u00e9m suspeito e apreende grande quantidade de drogas"},"content":{"rendered":"<p>Na noite desta ter\u00e7a-feira (5), um homem foi detido pela pol\u00edcia militar, que tamb\u00e9m apreendeu uma significativa quantidade de entorpecentes em uma resid\u00eancia localizada na rua Benevides Figueira, no bairro Nogueira, em Barretos.<\/p>\n<p>Havia suspeitas de que o homem armazenava drogas na casa da m\u00e3e, com inten\u00e7\u00e3o de comercializar no conjunto Newton Siqueira Sopa.<\/p>\n<p>No im\u00f3vel, durante a busca, uma sacola contendo 102 por\u00e7\u00f5es de maconha, pesando 260g, e um tijolo da mesma subst\u00e2ncia com 338g foram encontrados na lavanderia, misturados com roupas sujas. Al\u00e9m disso, foram apreendidos 194 microtubos de coca\u00edna, pesando 194g, e uma por\u00e7\u00e3o adicional de 10g da mesma subst\u00e2ncia.<\/p>\n<p>Os policiais tamb\u00e9m encontraram um celular que pertencia a uma jovem de 21 anos, namorada do suspeito. Embora o celular fosse de propriedade dela, o suspeito admitiu que o utilizava regularmente.<\/p>\n<p>Na delegacia, o suspeito confessou ser o dono das drogas encontradas e confirmou o uso do celular de sua namorada, que passou a ser considerada investigada no boletim de ocorr\u00eancia.<\/p>\n<p>O delegado autuou o suspeito em flagrante pelo crime de tr\u00e1fico de entorpecentes e ordenou sua deten\u00e7\u00e3o na cadeia.<\/p>\n<p>LEIA MAIS<\/p>\n<p><a href=\"https:\/\/redenoticiaz.com.br\/barretos-regiao\/sp\/2023\/09\/06\/apreensao-de-drogas-e-dinheiro-no-bairro-nova-barretos\">Apreens\u00e3o de drogas e dinheiro no bairro Nova Barretos<\/a><\/p>\n","protected":false},"excerpt":{"rendered":"<p>Na noite desta ter\u00e7a-feira (5), um homem foi detido pela pol\u00edcia militar, que tamb\u00e9m apreendeu uma significativa quantidade de entorpecentes em uma resid\u00eancia localizada na rua Benevides Figueira, no bairro Nogueira, em Barretos. Havia suspeitas de que o homem armazenava drogas na casa da m\u00e3e, com inten\u00e7\u00e3o de comercializar no conjunto Newton Siqueira Sopa. No &hellip;<\/p>\n","protected":false},"author":30,"featured_media":110362,"comment_status":"open","ping_status":"closed","sticky":false,"template":"","format":"standard","meta":{"footnotes":""},"categories":[88],"tags":[17016,11451,6674],"class_list":["post-110361","post","type-post","status-publish","format-standard","has-post-thumbnail","hentry","category-policia","tag-preso","tag-residencia","tag-trafico-de-drogas"],"yoast_head":"<!-- This site is optimized with the Yoast SEO plugin v28.4 - https:\/\/yoast.com\/product\/yoast-seo-wordpress\/ -->\n<title>Pol\u00edcia Militar det\u00e9m suspeito e apreende grande quantidade de drogas - Ribeir\u00e3o Preto e Regi\u00e3o<\/title>\n<meta name=\"description\" content=\"Um homem foi detido pela pol\u00edcia militar, que tamb\u00e9m apreendeu uma significativa quantidade de entorpecentes em uma resid\u00eancia.\" \/>\n<meta name=\"robots\" content=\"index, follow, max-snippet:-1, max-image-preview:large, max-video-preview:-1\" \/>\n<link rel=\"canonical\" href=\"https:\/\/redenoticiaz.com.br\/ribeiraopreto-regiao\/sp\/2023\/09\/06\/policia-militar-detem-suspeito-e-apreende-grande-quantidade-de-drogas\" \/>\n<meta property=\"og:locale\" content=\"pt_BR\" \/>\n<meta property=\"og:type\" content=\"article\" \/>\n<meta property=\"og:title\" content=\"Pol\u00edcia Militar det\u00e9m suspeito e apreende grande quantidade de drogas - Ribeir\u00e3o Preto e Regi\u00e3o\" \/>\n<meta property=\"og:description\" content=\"Um homem foi detido pela pol\u00edcia militar, que tamb\u00e9m apreendeu uma significativa quantidade de entorpecentes em uma resid\u00eancia.\" \/>\n<meta property=\"og:url\" content=\"https:\/\/redenoticiaz.com.br\/ribeiraopreto-regiao\/sp\/2023\/09\/06\/policia-militar-detem-suspeito-e-apreende-grande-quantidade-de-drogas\" \/>\n<meta property=\"og:site_name\" content=\"Ribeir\u00e3o Preto e Regi\u00e3o\" \/>\n<meta property=\"article:publisher\" content=\"https:\/\/m.facebook.com\/redenoticiaz.barretos\" \/>\n<meta property=\"article:published_time\" content=\"2023-09-06T19:38:00+00:00\" \/>\n<meta property=\"article:modified_time\" content=\"2023-09-06T19:38:27+00:00\" \/>\n<meta property=\"og:image\" content=\"https:\/\/redenoticiaz.com.br\/ribeiraopreto-regiao\/wp-content\/uploads\/sites\/4\/2023\/09\/Captura-de-tela-2023-09-06-160627.png\" \/>\n\t<meta property=\"og:image:width\" content=\"440\" \/>\n\t<meta property=\"og:image:height\" content=\"559\" \/>\n\t<meta property=\"og:image:type\" content=\"image\/png\" \/>\n<meta name=\"author\" content=\"Carina Reifonas\" \/>\n<meta name=\"twitter:card\" content=\"summary_large_image\" \/>\n<meta name=\"twitter:creator\" content=\"@RN_barretos\" \/>\n<meta name=\"twitter:site\" content=\"@RN_barretos\" \/>\n<meta name=\"twitter:label1\" content=\"Escrito por\" \/>\n\t<meta name=\"twitter:data1\" content=\"Carina Reifonas\" \/>\n\t<meta name=\"twitter:label2\" content=\"Est. tempo de leitura\" \/>\n\t<meta name=\"twitter:data2\" content=\"2 minutos\" \/>\n<script type=\"application\/ld+json\" class=\"yoast-schema-graph\">{\"@context\":\"https:\\\/\\\/schema.org\",\"@graph\":[{\"@type\":\"Article\",\"@id\":\"https:\\\/\\\/redenoticiaz.com.br\\\/ribeiraopreto-regiao\\\/sp\\\/2023\\\/09\\\/06\\\/policia-militar-detem-suspeito-e-apreende-grande-quantidade-de-drogas#article\",\"isPartOf\":{\"@id\":\"https:\\\/\\\/redenoticiaz.com.br\\\/ribeiraopreto-regiao\\\/sp\\\/2023\\\/09\\\/06\\\/policia-militar-detem-suspeito-e-apreende-grande-quantidade-de-drogas\"},\"author\":{\"name\":\"Carina Reifonas\",\"@id\":\"https:\\\/\\\/redenoticiaz.com.br\\\/ribeiraopreto-regiao\\\/#\\\/schema\\\/person\\\/1f84d6e94e6a62d2d81199d7503e9e90\"},\"headline\":\"Pol\u00edcia Militar det\u00e9m suspeito e apreende grande quantidade de drogas\",\"datePublished\":\"2023-09-06T19:38:00+00:00\",\"dateModified\":\"2023-09-06T19:38:27+00:00\",\"mainEntityOfPage\":{\"@id\":\"https:\\\/\\\/redenoticiaz.com.br\\\/ribeiraopreto-regiao\\\/sp\\\/2023\\\/09\\\/06\\\/policia-militar-detem-suspeito-e-apreende-grande-quantidade-de-drogas\"},\"wordCount\":220,\"commentCount\":0,\"publisher\":{\"@id\":\"https:\\\/\\\/redenoticiaz.com.br\\\/ribeiraopreto-regiao\\\/#organization\"},\"image\":{\"@id\":\"https:\\\/\\\/redenoticiaz.com.br\\\/ribeiraopreto-regiao\\\/sp\\\/2023\\\/09\\\/06\\\/policia-militar-detem-suspeito-e-apreende-grande-quantidade-de-drogas#primaryimage\"},\"thumbnailUrl\":\"https:\\\/\\\/redenoticiaz.com.br\\\/ribeiraopreto-regiao\\\/wp-content\\\/uploads\\\/sites\\\/4\\\/2023\\\/09\\\/Captura-de-tela-2023-09-06-160627.png\",\"keywords\":[\"PRESO\",\"RESID\u00caNCIA\",\"TR\u00c1FICO DE DROGAS\"],\"articleSection\":[\"Pol\u00edcia\"],\"inLanguage\":\"pt-BR\",\"potentialAction\":[{\"@type\":\"CommentAction\",\"name\":\"Comment\",\"target\":[\"https:\\\/\\\/redenoticiaz.com.br\\\/ribeiraopreto-regiao\\\/sp\\\/2023\\\/09\\\/06\\\/policia-militar-detem-suspeito-e-apreende-grande-quantidade-de-drogas#respond\"]}]},{\"@type\":\"WebPage\",\"@id\":\"https:\\\/\\\/redenoticiaz.com.br\\\/ribeiraopreto-regiao\\\/sp\\\/2023\\\/09\\\/06\\\/policia-militar-detem-suspeito-e-apreende-grande-quantidade-de-drogas\",\"url\":\"https:\\\/\\\/redenoticiaz.com.br\\\/ribeiraopreto-regiao\\\/sp\\\/2023\\\/09\\\/06\\\/policia-militar-detem-suspeito-e-apreende-grande-quantidade-de-drogas\",\"name\":\"Pol\u00edcia Militar det\u00e9m suspeito e apreende grande quantidade de drogas - Ribeir\u00e3o Preto e Regi\u00e3o\",\"isPartOf\":{\"@id\":\"https:\\\/\\\/redenoticiaz.com.br\\\/ribeiraopreto-regiao\\\/#website\"},\"primaryImageOfPage\":{\"@id\":\"https:\\\/\\\/redenoticiaz.com.br\\\/ribeiraopreto-regiao\\\/sp\\\/2023\\\/09\\\/06\\\/policia-militar-detem-suspeito-e-apreende-grande-quantidade-de-drogas#primaryimage\"},\"image\":{\"@id\":\"https:\\\/\\\/redenoticiaz.com.br\\\/ribeiraopreto-regiao\\\/sp\\\/2023\\\/09\\\/06\\\/policia-militar-detem-suspeito-e-apreende-grande-quantidade-de-drogas#primaryimage\"},\"thumbnailUrl\":\"https:\\\/\\\/redenoticiaz.com.br\\\/ribeiraopreto-regiao\\\/wp-content\\\/uploads\\\/sites\\\/4\\\/2023\\\/09\\\/Captura-de-tela-2023-09-06-160627.png\",\"datePublished\":\"2023-09-06T19:38:00+00:00\",\"dateModified\":\"2023-09-06T19:38:27+00:00\",\"description\":\"Um homem foi detido pela pol\u00edcia militar, que tamb\u00e9m apreendeu uma significativa quantidade de entorpecentes em uma resid\u00eancia.\",\"inLanguage\":\"pt-BR\",\"potentialAction\":[{\"@type\":\"ReadAction\",\"target\":[\"https:\\\/\\\/redenoticiaz.com.br\\\/ribeiraopreto-regiao\\\/sp\\\/2023\\\/09\\\/06\\\/policia-militar-detem-suspeito-e-apreende-grande-quantidade-de-drogas\"]}]},{\"@type\":\"ImageObject\",\"inLanguage\":\"pt-BR\",\"@id\":\"https:\\\/\\\/redenoticiaz.com.br\\\/ribeiraopreto-regiao\\\/sp\\\/2023\\\/09\\\/06\\\/policia-militar-detem-suspeito-e-apreende-grande-quantidade-de-drogas#primaryimage\",\"url\":\"https:\\\/\\\/redenoticiaz.com.br\\\/ribeiraopreto-regiao\\\/wp-content\\\/uploads\\\/sites\\\/4\\\/2023\\\/09\\\/Captura-de-tela-2023-09-06-160627.png\",\"contentUrl\":\"https:\\\/\\\/redenoticiaz.com.br\\\/ribeiraopreto-regiao\\\/wp-content\\\/uploads\\\/sites\\\/4\\\/2023\\\/09\\\/Captura-de-tela-2023-09-06-160627.png\",\"width\":440,\"height\":559,\"caption\":\"Cr\u00e9dito: Divulga\u00e7\u00e3o\"},{\"@type\":\"WebSite\",\"@id\":\"https:\\\/\\\/redenoticiaz.com.br\\\/ribeiraopreto-regiao\\\/#website\",\"url\":\"https:\\\/\\\/redenoticiaz.com.br\\\/ribeiraopreto-regiao\\\/\",\"name\":\"Ribeir\u00e3o Preto e Regi\u00e3o\",\"description\":\"Rede NoticiaZ - Ribeir\u00e3o Preto e regi\u00e3o\",\"publisher\":{\"@id\":\"https:\\\/\\\/redenoticiaz.com.br\\\/ribeiraopreto-regiao\\\/#organization\"},\"potentialAction\":[{\"@type\":\"SearchAction\",\"target\":{\"@type\":\"EntryPoint\",\"urlTemplate\":\"https:\\\/\\\/redenoticiaz.com.br\\\/ribeiraopreto-regiao\\\/?s={search_term_string}\"},\"query-input\":{\"@type\":\"PropertyValueSpecification\",\"valueRequired\":true,\"valueName\":\"search_term_string\"}}],\"inLanguage\":\"pt-BR\"},{\"@type\":\"Organization\",\"@id\":\"https:\\\/\\\/redenoticiaz.com.br\\\/ribeiraopreto-regiao\\\/#organization\",\"name\":\"Ribeir\u00e3o Preto e Regi\u00e3o\",\"url\":\"https:\\\/\\\/redenoticiaz.com.br\\\/ribeiraopreto-regiao\\\/\",\"logo\":{\"@type\":\"ImageObject\",\"inLanguage\":\"pt-BR\",\"@id\":\"https:\\\/\\\/redenoticiaz.com.br\\\/ribeiraopreto-regiao\\\/#\\\/schema\\\/logo\\\/image\\\/\",\"url\":\"https:\\\/\\\/redenoticiaz.com.br\\\/barretos-regiao\\\/wp-content\\\/uploads\\\/sites\\\/4\\\/2022\\\/02\\\/logo.jpg\",\"contentUrl\":\"https:\\\/\\\/redenoticiaz.com.br\\\/barretos-regiao\\\/wp-content\\\/uploads\\\/sites\\\/4\\\/2022\\\/02\\\/logo.jpg\",\"width\":400,\"height\":250,\"caption\":\"Ribeir\u00e3o Preto e Regi\u00e3o\"},\"image\":{\"@id\":\"https:\\\/\\\/redenoticiaz.com.br\\\/ribeiraopreto-regiao\\\/#\\\/schema\\\/logo\\\/image\\\/\"},\"sameAs\":[\"https:\\\/\\\/m.facebook.com\\\/redenoticiaz.barretos\",\"https:\\\/\\\/x.com\\\/RN_barretos\",\"https:\\\/\\\/www.instagram.com\\\/redenoticiaz.barretos\\\/?igshid=YmMyMTA2M2Y\",\"https:\\\/\\\/www.linkedin.com\\\/company\\\/rede-noticiaz-barretos-e-regio\\\/\"]},{\"@type\":\"Person\",\"@id\":\"https:\\\/\\\/redenoticiaz.com.br\\\/ribeiraopreto-regiao\\\/#\\\/schema\\\/person\\\/1f84d6e94e6a62d2d81199d7503e9e90\",\"name\":\"Carina Reifonas\",\"image\":{\"@type\":\"ImageObject\",\"inLanguage\":\"pt-BR\",\"@id\":\"https:\\\/\\\/secure.gravatar.com\\\/avatar\\\/04c59859b23696cf867715880f81d5c037e60109730bdb4e6670ec2a2245bc97?s=96&d=mm&r=g\",\"url\":\"https:\\\/\\\/secure.gravatar.com\\\/avatar\\\/04c59859b23696cf867715880f81d5c037e60109730bdb4e6670ec2a2245bc97?s=96&d=mm&r=g\",\"contentUrl\":\"https:\\\/\\\/secure.gravatar.com\\\/avatar\\\/04c59859b23696cf867715880f81d5c037e60109730bdb4e6670ec2a2245bc97?s=96&d=mm&r=g\",\"caption\":\"Carina Reifonas\"},\"url\":\"https:\\\/\\\/redenoticiaz.com.br\\\/ribeiraopreto-regiao\\\/sp\\\/author\\\/carinareifonas\"}]}<\/script>\n<!-- \/ Yoast SEO plugin. -->","yoast_head_json":{"title":"Pol\u00edcia Militar det\u00e9m suspeito e apreende grande quantidade de drogas - Ribeir\u00e3o Preto e Regi\u00e3o","description":"Um homem foi detido pela pol\u00edcia militar, que tamb\u00e9m apreendeu uma significativa quantidade de entorpecentes em uma resid\u00eancia.","robots":{"index":"index","follow":"follow","max-snippet":"max-snippet:-1","max-image-preview":"max-image-preview:large","max-video-preview":"max-video-preview:-1"},"canonical":"https:\/\/redenoticiaz.com.br\/ribeiraopreto-regiao\/sp\/2023\/09\/06\/policia-militar-detem-suspeito-e-apreende-grande-quantidade-de-drogas","og_locale":"pt_BR","og_type":"article","og_title":"Pol\u00edcia Militar det\u00e9m suspeito e apreende grande quantidade de drogas - Ribeir\u00e3o Preto e Regi\u00e3o","og_description":"Um homem foi detido pela pol\u00edcia militar, que tamb\u00e9m apreendeu uma significativa quantidade de entorpecentes em uma resid\u00eancia.","og_url":"https:\/\/redenoticiaz.com.br\/ribeiraopreto-regiao\/sp\/2023\/09\/06\/policia-militar-detem-suspeito-e-apreende-grande-quantidade-de-drogas","og_site_name":"Ribeir\u00e3o Preto e Regi\u00e3o","article_publisher":"https:\/\/m.facebook.com\/redenoticiaz.barretos","article_published_time":"2023-09-06T19:38:00+00:00","article_modified_time":"2023-09-06T19:38:27+00:00","og_image":[{"width":440,"height":559,"url":"https:\/\/redenoticiaz.com.br\/ribeiraopreto-regiao\/wp-content\/uploads\/sites\/4\/2023\/09\/Captura-de-tela-2023-09-06-160627.png","type":"image\/png"}],"author":"Carina Reifonas","twitter_card":"summary_large_image","twitter_creator":"@RN_barretos","twitter_site":"@RN_barretos","twitter_misc":{"Escrito por":"Carina Reifonas","Est. tempo de leitura":"2 minutos"},"schema":{"@context":"https:\/\/schema.org","@graph":[{"@type":"Article","@id":"https:\/\/redenoticiaz.com.br\/ribeiraopreto-regiao\/sp\/2023\/09\/06\/policia-militar-detem-suspeito-e-apreende-grande-quantidade-de-drogas#article","isPartOf":{"@id":"https:\/\/redenoticiaz.com.br\/ribeiraopreto-regiao\/sp\/2023\/09\/06\/policia-militar-detem-suspeito-e-apreende-grande-quantidade-de-drogas"},"author":{"name":"Carina Reifonas","@id":"https:\/\/redenoticiaz.com.br\/ribeiraopreto-regiao\/#\/schema\/person\/1f84d6e94e6a62d2d81199d7503e9e90"},"headline":"Pol\u00edcia Militar det\u00e9m suspeito e apreende grande quantidade de drogas","datePublished":"2023-09-06T19:38:00+00:00","dateModified":"2023-09-06T19:38:27+00:00","mainEntityOfPage":{"@id":"https:\/\/redenoticiaz.com.br\/ribeiraopreto-regiao\/sp\/2023\/09\/06\/policia-militar-detem-suspeito-e-apreende-grande-quantidade-de-drogas"},"wordCount":220,"commentCount":0,"publisher":{"@id":"https:\/\/redenoticiaz.com.br\/ribeiraopreto-regiao\/#organization"},"image":{"@id":"https:\/\/redenoticiaz.com.br\/ribeiraopreto-regiao\/sp\/2023\/09\/06\/policia-militar-detem-suspeito-e-apreende-grande-quantidade-de-drogas#primaryimage"},"thumbnailUrl":"https:\/\/redenoticiaz.com.br\/ribeiraopreto-regiao\/wp-content\/uploads\/sites\/4\/2023\/09\/Captura-de-tela-2023-09-06-160627.png","keywords":["PRESO","RESID\u00caNCIA","TR\u00c1FICO DE DROGAS"],"articleSection":["Pol\u00edcia"],"inLanguage":"pt-BR","potentialAction":[{"@type":"CommentAction","name":"Comment","target":["https:\/\/redenoticiaz.com.br\/ribeiraopreto-regiao\/sp\/2023\/09\/06\/policia-militar-detem-suspeito-e-apreende-grande-quantidade-de-drogas#respond"]}]},{"@type":"WebPage","@id":"https:\/\/redenoticiaz.com.br\/ribeiraopreto-regiao\/sp\/2023\/09\/06\/policia-militar-detem-suspeito-e-apreende-grande-quantidade-de-drogas","url":"https:\/\/redenoticiaz.com.br\/ribeiraopreto-regiao\/sp\/2023\/09\/06\/policia-militar-detem-suspeito-e-apreende-grande-quantidade-de-drogas","name":"Pol\u00edcia Militar det\u00e9m suspeito e apreende grande quantidade de drogas - Ribeir\u00e3o Preto e Regi\u00e3o","isPartOf":{"@id":"https:\/\/redenoticiaz.com.br\/ribeiraopreto-regiao\/#website"},"primaryImageOfPage":{"@id":"https:\/\/redenoticiaz.com.br\/ribeiraopreto-regiao\/sp\/2023\/09\/06\/policia-militar-detem-suspeito-e-apreende-grande-quantidade-de-drogas#primaryimage"},"image":{"@id":"https:\/\/redenoticiaz.com.br\/ribeiraopreto-regiao\/sp\/2023\/09\/06\/policia-militar-detem-suspeito-e-apreende-grande-quantidade-de-drogas#primaryimage"},"thumbnailUrl":"https:\/\/redenoticiaz.com.br\/ribeiraopreto-regiao\/wp-content\/uploads\/sites\/4\/2023\/09\/Captura-de-tela-2023-09-06-160627.png","datePublished":"2023-09-06T19:38:00+00:00","dateModified":"2023-09-06T19:38:27+00:00","description":"Um homem foi detido pela pol\u00edcia militar, que tamb\u00e9m apreendeu uma significativa quantidade de entorpecentes em uma resid\u00eancia.","inLanguage":"pt-BR","potentialAction":[{"@type":"ReadAction","target":["https:\/\/redenoticiaz.com.br\/ribeiraopreto-regiao\/sp\/2023\/09\/06\/policia-militar-detem-suspeito-e-apreende-grande-quantidade-de-drogas"]}]},{"@type":"ImageObject","inLanguage":"pt-BR","@id":"https:\/\/redenoticiaz.com.br\/ribeiraopreto-regiao\/sp\/2023\/09\/06\/policia-militar-detem-suspeito-e-apreende-grande-quantidade-de-drogas#primaryimage","url":"https:\/\/redenoticiaz.com.br\/ribeiraopreto-regiao\/wp-content\/uploads\/sites\/4\/2023\/09\/Captura-de-tela-2023-09-06-160627.png","contentUrl":"https:\/\/redenoticiaz.com.br\/ribeiraopreto-regiao\/wp-content\/uploads\/sites\/4\/2023\/09\/Captura-de-tela-2023-09-06-160627.png","width":440,"height":559,"caption":"Cr\u00e9dito: Divulga\u00e7\u00e3o"},{"@type":"WebSite","@id":"https:\/\/redenoticiaz.com.br\/ribeiraopreto-regiao\/#website","url":"https:\/\/redenoticiaz.com.br\/ribeiraopreto-regiao\/","name":"Ribeir\u00e3o Preto e Regi\u00e3o","description":"Rede NoticiaZ - Ribeir\u00e3o Preto e regi\u00e3o","publisher":{"@id":"https:\/\/redenoticiaz.com.br\/ribeiraopreto-regiao\/#organization"},"potentialAction":[{"@type":"SearchAction","target":{"@type":"EntryPoint","urlTemplate":"https:\/\/redenoticiaz.com.br\/ribeiraopreto-regiao\/?s={search_term_string}"},"query-input":{"@type":"PropertyValueSpecification","valueRequired":true,"valueName":"search_term_string"}}],"inLanguage":"pt-BR"},{"@type":"Organization","@id":"https:\/\/redenoticiaz.com.br\/ribeiraopreto-regiao\/#organization","name":"Ribeir\u00e3o Preto e Regi\u00e3o","url":"https:\/\/redenoticiaz.com.br\/ribeiraopreto-regiao\/","logo":{"@type":"ImageObject","inLanguage":"pt-BR","@id":"https:\/\/redenoticiaz.com.br\/ribeiraopreto-regiao\/#\/schema\/logo\/image\/","url":"https:\/\/redenoticiaz.com.br\/barretos-regiao\/wp-content\/uploads\/sites\/4\/2022\/02\/logo.jpg","contentUrl":"https:\/\/redenoticiaz.com.br\/barretos-regiao\/wp-content\/uploads\/sites\/4\/2022\/02\/logo.jpg","width":400,"height":250,"caption":"Ribeir\u00e3o Preto e Regi\u00e3o"},"image":{"@id":"https:\/\/redenoticiaz.com.br\/ribeiraopreto-regiao\/#\/schema\/logo\/image\/"},"sameAs":["https:\/\/m.facebook.com\/redenoticiaz.barretos","https:\/\/x.com\/RN_barretos","https:\/\/www.instagram.com\/redenoticiaz.barretos\/?igshid=YmMyMTA2M2Y","https:\/\/www.linkedin.com\/company\/rede-noticiaz-barretos-e-regio\/"]},{"@type":"Person","@id":"https:\/\/redenoticiaz.com.br\/ribeiraopreto-regiao\/#\/schema\/person\/1f84d6e94e6a62d2d81199d7503e9e90","name":"Carina Reifonas","image":{"@type":"ImageObject","inLanguage":"pt-BR","@id":"https:\/\/secure.gravatar.com\/avatar\/04c59859b23696cf867715880f81d5c037e60109730bdb4e6670ec2a2245bc97?s=96&d=mm&r=g","url":"https:\/\/secure.gravatar.com\/avatar\/04c59859b23696cf867715880f81d5c037e60109730bdb4e6670ec2a2245bc97?s=96&d=mm&r=g","contentUrl":"https:\/\/secure.gravatar.com\/avatar\/04c59859b23696cf867715880f81d5c037e60109730bdb4e6670ec2a2245bc97?s=96&d=mm&r=g","caption":"Carina Reifonas"},"url":"https:\/\/redenoticiaz.com.br\/ribeiraopreto-regiao\/sp\/author\/carinareifonas"}]}},"_links":{"self":[{"href":"https:\/\/redenoticiaz.com.br\/ribeiraopreto-regiao\/wp-json\/wp\/v2\/posts\/110361","targetHints":{"allow":["GET"]}}],"collection":[{"href":"https:\/\/redenoticiaz.com.br\/ribeiraopreto-regiao\/wp-json\/wp\/v2\/posts"}],"about":[{"href":"https:\/\/redenoticiaz.com.br\/ribeiraopreto-regiao\/wp-json\/wp\/v2\/types\/post"}],"author":[{"embeddable":true,"href":"https:\/\/redenoticiaz.com.br\/ribeiraopreto-regiao\/wp-json\/wp\/v2\/users\/30"}],"replies":[{"embeddable":true,"href":"https:\/\/redenoticiaz.com.br\/ribeiraopreto-regiao\/wp-json\/wp\/v2\/comments?post=110361"}],"version-history":[{"count":1,"href":"https:\/\/redenoticiaz.com.br\/ribeiraopreto-regiao\/wp-json\/wp\/v2\/posts\/110361\/revisions"}],"predecessor-version":[{"id":110363,"href":"https:\/\/redenoticiaz.com.br\/ribeiraopreto-regiao\/wp-json\/wp\/v2\/posts\/110361\/revisions\/110363"}],"wp:featuredmedia":[{"embeddable":true,"href":"https:\/\/redenoticiaz.com.br\/ribeiraopreto-regiao\/wp-json\/wp\/v2\/media\/110362"}],"wp:attachment":[{"href":"https:\/\/redenoticiaz.com.br\/ribeiraopreto-regiao\/wp-json\/wp\/v2\/media?parent=110361"}],"wp:term":[{"taxonomy":"category","embeddable":true,"href":"https:\/\/redenoticiaz.com.br\/ribeiraopreto-regiao\/wp-json\/wp\/v2\/categories?post=110361"},{"taxonomy":"post_tag","embeddable":true,"href":"https:\/\/redenoticiaz.com.br\/ribeiraopreto-regiao\/wp-json\/wp\/v2\/tags?post=110361"}],"curies":[{"name":"wp","href":"https:\/\/api.w.org\/{rel}","templated":true}]}}