{"id":110626,"date":"2023-09-11T14:46:05","date_gmt":"2023-09-11T17:46:05","guid":{"rendered":"https:\/\/redenoticiaz.com.br\/barretos-regiao\/sp\/2023\/09\/11\/video-quem-e-a-mulher-que-montou-em-homem-sem-calcinha"},"modified":"2023-09-11T14:49:17","modified_gmt":"2023-09-11T17:49:17","slug":"video-quem-e-a-mulher-que-montou-em-homem-sem-calcinha","status":"publish","type":"post","link":"https:\/\/redenoticiaz.com.br\/ribeiraopreto-regiao\/sp\/2023\/09\/11\/video-quem-e-a-mulher-que-montou-em-homem-sem-calcinha","title":{"rendered":"V\u00eddeo \u2013 Quem \u00e9 a mulher que \u201cmontou\u201d em homem sem calcinha?"},"content":{"rendered":"<p><span style=\"color: #4a4a4a;font-family: Merriweather-Regular, Arial, Helvetica, 'sans-serif'\"><a href=\"https:\/\/redenoticiaz.com.br\/blog\/2023\/09\/09\/mulher-que-montou-em-homem-sem-calcinha-desabafa\">Katiuska Glesse<\/a> \u00e9 nutricionista e viralizou nas redes sociais com v\u00eddeo onde estava com vestido curto e montada em um homem, enquanto batia no rosto dele.\u00a0<\/span><\/p>\n<p><span style=\"color: #4a4a4a;font-family: Merriweather-Regular, Arial, Helvetica, 'sans-serif'\">Al\u00e9m de nutricionista, a loira tamb\u00e9m concorreu a Miss Bumbum, chegando a ser finalista no concurso. Modelo e e<\/span><span style=\"color: #4a4a4a;font-family: Merriweather-Regular, Arial, Helvetica, 'sans-serif'\">x-atleta de fisiculturismo, ela foi campe\u00e3 de uma s\u00e9rie de competi\u00e7\u00f5es nacionais de regionais da modalidade em 2014.<\/span><\/p>\n<div class=\"\" style=\"color: #4a4a4a;font-family: Merriweather-Regular, Arial, Helvetica, 'sans-serif'\">\n<div id=\"taboola-mid-article-reco-reel\" class=\" trc_related_container trc_spotlight_widget trc_elastic trc_elastic_rec-reel-2n5-a \" style=\"clear: both\" data-placement-name=\"Mid Article Reco Reel\">\n<div class=\"trc_rbox_container tbl-reco-reel story-widget tbl-reco-reel-text-under-slide-in story-widget-text-under-slide-in tbl-story-desktop tbl-reco-reel-touch-device\" style=\"direction: ltr;position: relative\">\n<div><\/div>\n<\/div>\n<\/div>\n<\/div>\n<p style=\"margin-bottom: 20px;color: #4a4a4a;line-height: 2;font-family: Merriweather-Regular, Arial, Helvetica, 'sans-serif'\">No mesmo ano, interrompeu sua trajet\u00f3ria como atleta ap\u00f3s sofrer les\u00f5es grave no joelho direito e derrame arterial na perna em um epis\u00f3dio de viol\u00eancia dom\u00e9stica.<\/p>\n<p style=\"margin-bottom: 20px;color: #4a4a4a;line-height: 2;font-family: Merriweather-Regular, Arial, Helvetica, 'sans-serif'\">Tamb\u00e9m atuou como DJ de m\u00fasica eletr\u00f4nica por quatro anos, participou do programa Casa Bonita, exibido no canal Multishow, e foi musa da torcida organizada \u201cOs Fan\u00e1ticos\u201d, do Athletico Paranaense.<\/p>\n<div id='gallery-1' class='gallery galleryid-110626 gallery-columns-3 gallery-size-thumbnail'><figure class='gallery-item'>\n\t\t\t<div class='gallery-icon portrait'>\n\t\t\t\t<a href='https:\/\/redenoticiaz.com.br\/ribeiraopreto-regiao\/sp\/2023\/09\/09\/mulher-que-montou-em-homem-sem-calcinha-desabafa\/15-5'><img loading=\"lazy\" decoding=\"async\" width=\"150\" height=\"150\" src=\"https:\/\/redenoticiaz.com.br\/ribeiraopreto-regiao\/wp-content\/uploads\/sites\/4\/2023\/09\/15--150x150.jpg?v=1694261802\" class=\"attachment-thumbnail size-thumbnail\" alt=\"\" \/><\/a>\n\t\t\t<\/div><\/figure><figure class='gallery-item'>\n\t\t\t<div class='gallery-icon landscape'>\n\t\t\t\t<a href='https:\/\/redenoticiaz.com.br\/ribeiraopreto-regiao\/sp\/2023\/09\/09\/mulher-que-montou-em-homem-sem-calcinha-desabafa\/11-4'><img loading=\"lazy\" decoding=\"async\" width=\"150\" height=\"150\" src=\"https:\/\/redenoticiaz.com.br\/ribeiraopreto-regiao\/wp-content\/uploads\/sites\/4\/2023\/09\/11--150x150.jpg?v=1694261675\" class=\"attachment-thumbnail size-thumbnail\" alt=\"\" \/><\/a>\n\t\t\t<\/div><\/figure><figure class='gallery-item'>\n\t\t\t<div class='gallery-icon portrait'>\n\t\t\t\t<a href='https:\/\/redenoticiaz.com.br\/ribeiraopreto-regiao\/sp\/2023\/09\/09\/mulher-que-montou-em-homem-sem-calcinha-desabafa\/10-5'><img loading=\"lazy\" decoding=\"async\" width=\"150\" height=\"150\" src=\"https:\/\/redenoticiaz.com.br\/ribeiraopreto-regiao\/wp-content\/uploads\/sites\/4\/2023\/09\/10--150x150.jpg?v=1694261669\" class=\"attachment-thumbnail size-thumbnail\" alt=\"\" \/><\/a>\n\t\t\t<\/div><\/figure><figure class='gallery-item'>\n\t\t\t<div class='gallery-icon landscape'>\n\t\t\t\t<a href='https:\/\/redenoticiaz.com.br\/ribeiraopreto-regiao\/sp\/2023\/05\/12\/campeonato-paulista-de-ciclismo-individual-e-estrada-sera-em-barretos\/9-3'><img loading=\"lazy\" decoding=\"async\" width=\"150\" height=\"150\" src=\"https:\/\/redenoticiaz.com.br\/ribeiraopreto-regiao\/wp-content\/uploads\/sites\/4\/2023\/05\/9-150x150.png\" class=\"attachment-thumbnail size-thumbnail\" alt=\"Campeonato Paulista de Ciclismo Individual e Estrada ser\u00e1 em Barretos\" aria-describedby=\"gallery-1-105208\" \/><\/a>\n\t\t\t<\/div>\n\t\t\t\t<figcaption class='wp-caption-text gallery-caption' id='gallery-1-105208'>\n\t\t\t\tCampeonato Paulista de Ciclismo Individual e Estrada ser\u00e1 em Barretos. Cr\u00e9dito: Divulga\u00e7\u00e3o\n\t\t\t\t<\/figcaption><\/figure><figure class='gallery-item'>\n\t\t\t<div class='gallery-icon portrait'>\n\t\t\t\t<a href='https:\/\/redenoticiaz.com.br\/ribeiraopreto-regiao\/sp\/2023\/09\/09\/mulher-que-montou-em-homem-sem-calcinha-desabafa\/8-6'><img loading=\"lazy\" decoding=\"async\" width=\"150\" height=\"150\" src=\"https:\/\/redenoticiaz.com.br\/ribeiraopreto-regiao\/wp-content\/uploads\/sites\/4\/2023\/09\/8-150x150.jpg?v=1694261659\" class=\"attachment-thumbnail size-thumbnail\" alt=\"\" \/><\/a>\n\t\t\t<\/div><\/figure><figure class='gallery-item'>\n\t\t\t<div class='gallery-icon landscape'>\n\t\t\t\t<a href='https:\/\/redenoticiaz.com.br\/ribeiraopreto-regiao\/sp\/2023\/09\/09\/mulher-que-montou-em-homem-sem-calcinha-desabafa\/7-7'><img loading=\"lazy\" decoding=\"async\" width=\"150\" height=\"150\" src=\"https:\/\/redenoticiaz.com.br\/ribeiraopreto-regiao\/wp-content\/uploads\/sites\/4\/2023\/09\/7--150x150.jpg?v=1694261654\" class=\"attachment-thumbnail size-thumbnail\" alt=\"\" \/><\/a>\n\t\t\t<\/div><\/figure><figure class='gallery-item'>\n\t\t\t<div class='gallery-icon landscape'>\n\t\t\t\t<a href='https:\/\/redenoticiaz.com.br\/ribeiraopreto-regiao\/sp\/2023\/09\/09\/mulher-que-montou-em-homem-sem-calcinha-desabafa\/3-31'><img loading=\"lazy\" decoding=\"async\" width=\"150\" height=\"150\" src=\"https:\/\/redenoticiaz.com.br\/ribeiraopreto-regiao\/wp-content\/uploads\/sites\/4\/2023\/09\/3-150x150.jpg?v=1694261633\" class=\"attachment-thumbnail size-thumbnail\" alt=\"\" \/><\/a>\n\t\t\t<\/div><\/figure><figure class='gallery-item'>\n\t\t\t<div class='gallery-icon landscape'>\n\t\t\t\t<a href='https:\/\/redenoticiaz.com.br\/ribeiraopreto-regiao\/sp\/2023\/09\/09\/mulher-que-montou-em-homem-sem-calcinha-desabafa\/2-49'><img loading=\"lazy\" decoding=\"async\" width=\"150\" height=\"150\" src=\"https:\/\/redenoticiaz.com.br\/ribeiraopreto-regiao\/wp-content\/uploads\/sites\/4\/2023\/09\/2-150x150.jpg?v=1694261629\" class=\"attachment-thumbnail size-thumbnail\" alt=\"\" \/><\/a>\n\t\t\t<\/div><\/figure><figure class='gallery-item'>\n\t\t\t<div class='gallery-icon portrait'>\n\t\t\t\t<a href='https:\/\/redenoticiaz.com.br\/ribeiraopreto-regiao\/sp\/2023\/09\/09\/mulher-que-montou-em-homem-sem-calcinha-desabafa\/1-62'><img loading=\"lazy\" decoding=\"async\" width=\"150\" height=\"150\" src=\"https:\/\/redenoticiaz.com.br\/ribeiraopreto-regiao\/wp-content\/uploads\/sites\/4\/2023\/09\/1--150x150.jpg?v=1694261624\" class=\"attachment-thumbnail size-thumbnail\" alt=\"\" \/><\/a>\n\t\t\t<\/div><\/figure><figure class='gallery-item'>\n\t\t\t<div class='gallery-icon portrait'>\n\t\t\t\t<a href='https:\/\/redenoticiaz.com.br\/ribeiraopreto-regiao\/sp\/2023\/09\/09\/mulher-que-montou-em-homem-sem-calcinha-desabafa\/6-11'><img loading=\"lazy\" decoding=\"async\" width=\"150\" height=\"150\" src=\"https:\/\/redenoticiaz.com.br\/ribeiraopreto-regiao\/wp-content\/uploads\/sites\/4\/2023\/09\/6--150x150.jpg?v=1694261649\" class=\"attachment-thumbnail size-thumbnail\" alt=\"\" \/><\/a>\n\t\t\t<\/div><\/figure><figure class='gallery-item'>\n\t\t\t<div class='gallery-icon landscape'>\n\t\t\t\t<a href='https:\/\/redenoticiaz.com.br\/ribeiraopreto-regiao\/sp\/2023\/09\/09\/mulher-que-montou-em-homem-sem-calcinha-desabafa\/4-27'><img loading=\"lazy\" decoding=\"async\" width=\"150\" height=\"150\" src=\"https:\/\/redenoticiaz.com.br\/ribeiraopreto-regiao\/wp-content\/uploads\/sites\/4\/2023\/09\/4--150x150.jpg?v=1694261638\" class=\"attachment-thumbnail size-thumbnail\" alt=\"\" \/><\/a>\n\t\t\t<\/div><\/figure><figure class='gallery-item'>\n\t\t\t<div class='gallery-icon landscape'>\n\t\t\t\t<a href='https:\/\/redenoticiaz.com.br\/ribeiraopreto-regiao\/sp\/2023\/09\/09\/mulher-que-montou-em-homem-sem-calcinha-desabafa\/12-4'><img loading=\"lazy\" decoding=\"async\" width=\"150\" height=\"150\" src=\"https:\/\/redenoticiaz.com.br\/ribeiraopreto-regiao\/wp-content\/uploads\/sites\/4\/2023\/09\/12--150x150.jpg?v=1694261680\" class=\"attachment-thumbnail size-thumbnail\" alt=\"\" \/><\/a>\n\t\t\t<\/div><\/figure>\n\t\t<\/div>\n\n<h3 style=\"margin-bottom: 20px;color: #4a4a4a;line-height: 2;font-family: Merriweather-Regular, Arial, Helvetica, 'sans-serif'\">O que aconteceu?<\/h3>\n<p style=\"margin-bottom: 20px;color: #4a4a4a;line-height: 2;font-family: Merriweather-Regular, Arial, Helvetica, 'sans-serif'\">Em uma Unidade de Pronto Atendimento (UPA) em Foz do Igua\u00e7u (PR). Katiuska Glesse apresentando sinais de embriaguez e fala arrastada agride a v\u00edtima. Ela, acusava o homem de ter \u201croubado suas coisas\u201d.<\/p>\n<p style=\"margin-bottom: 20px;color: #4a4a4a;line-height: 2;font-family: Merriweather-Regular, Arial, Helvetica, 'sans-serif'\">Logo depois, a briga foi registrada por testemunhas, e o v\u00eddeo viralizou nas redes sociais.<\/p>\n<p style=\"margin-bottom: 20px;color: #4a4a4a;line-height: 2;font-family: Merriweather-Regular, Arial, Helvetica, 'sans-serif'\">No entanto, a loira relatou em suas redes sociais que fez uso de medicamentos. Afirmou ainda que estava embriagada e admitiu ter errado.<\/p>\n\n<p style=\"margin-bottom: 20px;color: #4a4a4a;line-height: 2;font-family: Merriweather-Regular, Arial, Helvetica, 'sans-serif'\">LEIA MAIS<\/p>\n<p style=\"margin-bottom: 20px;color: #4a4a4a;line-height: 2;font-family: Merriweather-Regular, Arial, Helvetica, 'sans-serif'\"><a href=\"https:\/\/redenoticiaz.com.br\/blog\/2023\/09\/08\/video-mulher-sem-calcinha-briga-em-entrada-de-upa\">V\u00cdDEO \u2013 Mulher sem calcinha briga em entrada de UPA<\/a><\/p>\n<p style=\"margin-bottom: 20px;color: #4a4a4a;line-height: 2;font-family: Merriweather-Regular, Arial, Helvetica, 'sans-serif'\"><a href=\"https:\/\/redenoticiaz.com.br\/blog\/2023\/09\/11\/lula-fala-sobre-tentativa-de-golpe-e-bolsonaro\">Lula fala sobre tentativa de golpe e Bolsonaro<\/a><\/p>\n<p><span style=\"color: #4a4a4a;font-family: Merriweather-Regular, Arial, Helvetica, 'sans-serif'\"><a href=\"https:\/\/redenoticiaz.com.br\/blog\/2023\/09\/11\/governo-denuncia-fake-news-sobre-encerramento-de-doacoes-no-rio-grande-do-sul\">Governo denuncia fake news sobre encerramento de doa\u00e7\u00f5es no Rio Grande do Sul<\/a><br \/>\n<\/span><\/p>\n<p><span style=\"color: #4a4a4a;font-family: Merriweather-Regular, Arial, Helvetica, 'sans-serif'\">\u00a0<\/span><\/p>\n<p><span style=\"color: #4a4a4a;font-family: Merriweather-Regular, Arial, Helvetica, 'sans-serif'\">\u00a0<\/span><\/p>\n","protected":false},"excerpt":{"rendered":"<p>Katiuska Glesse \u00e9 nutricionista e viralizou nas redes sociais com v\u00eddeo onde estava com vestido curto e montada em um homem, enquanto batia no rosto dele.\u00a0 Al\u00e9m de nutricionista, a loira tamb\u00e9m concorreu a Miss Bumbum, chegando a ser finalista no concurso. Modelo e ex-atleta de fisiculturismo, ela foi campe\u00e3 de uma s\u00e9rie de competi\u00e7\u00f5es &hellip;<\/p>\n","protected":false},"author":30,"featured_media":110627,"comment_status":"open","ping_status":"closed","sticky":false,"template":"","format":"standard","meta":{"footnotes":""},"categories":[88],"tags":[28869,14030,27120,4684],"class_list":["post-110626","post","type-post","status-publish","format-standard","has-post-thumbnail","hentry","category-policia","tag-calcinha","tag-mulher","tag-nutricionista","tag-upa"],"yoast_head":"<!-- This site is optimized with the Yoast SEO plugin v27.4 - https:\/\/yoast.com\/product\/yoast-seo-wordpress\/ -->\n<title>V\u00eddeo \u2013 Quem \u00e9 a mulher que \u201cmontou\u201d em homem sem calcinha? - Ribeir\u00e3o Preto e Regi\u00e3o<\/title>\n<meta name=\"description\" content=\"A nutricionista viralizou nas redes sociais com v\u00eddeo estando com vestido curto e montada em um homem. Conhe\u00e7a mais sobre a loira.\" \/>\n<meta name=\"robots\" content=\"index, follow, max-snippet:-1, max-image-preview:large, max-video-preview:-1\" \/>\n<link rel=\"canonical\" href=\"https:\/\/redenoticiaz.com.br\/ribeiraopreto-regiao\/sp\/2023\/09\/11\/video-quem-e-a-mulher-que-montou-em-homem-sem-calcinha\" \/>\n<meta property=\"og:locale\" content=\"pt_BR\" \/>\n<meta property=\"og:type\" content=\"article\" \/>\n<meta property=\"og:title\" content=\"V\u00eddeo \u2013 Quem \u00e9 a mulher que \u201cmontou\u201d em homem sem calcinha? - Ribeir\u00e3o Preto e Regi\u00e3o\" \/>\n<meta property=\"og:description\" content=\"A nutricionista viralizou nas redes sociais com v\u00eddeo estando com vestido curto e montada em um homem. Conhe\u00e7a mais sobre a loira.\" \/>\n<meta property=\"og:url\" content=\"https:\/\/redenoticiaz.com.br\/ribeiraopreto-regiao\/sp\/2023\/09\/11\/video-quem-e-a-mulher-que-montou-em-homem-sem-calcinha\" \/>\n<meta property=\"og:site_name\" content=\"Ribeir\u00e3o Preto e Regi\u00e3o\" \/>\n<meta property=\"article:publisher\" content=\"https:\/\/m.facebook.com\/redenoticiaz.barretos\" \/>\n<meta property=\"article:published_time\" content=\"2023-09-11T17:46:05+00:00\" \/>\n<meta property=\"article:modified_time\" content=\"2023-09-11T17:49:17+00:00\" \/>\n<meta property=\"og:image\" content=\"https:\/\/redenoticiaz.com.br\/ribeiraopreto-regiao\/wp-content\/uploads\/sites\/4\/2023\/09\/111112.jpg?v=1694454170\" \/>\n\t<meta property=\"og:image:width\" content=\"602\" \/>\n\t<meta property=\"og:image:height\" content=\"640\" \/>\n\t<meta property=\"og:image:type\" content=\"image\/jpeg\" \/>\n<meta name=\"author\" content=\"Carina Reifonas\" \/>\n<meta name=\"twitter:card\" content=\"summary_large_image\" \/>\n<meta name=\"twitter:creator\" content=\"@RN_barretos\" \/>\n<meta name=\"twitter:site\" content=\"@RN_barretos\" \/>\n<meta name=\"twitter:label1\" content=\"Escrito por\" \/>\n\t<meta name=\"twitter:data1\" content=\"Carina Reifonas\" \/>\n\t<meta name=\"twitter:label2\" content=\"Est. tempo de leitura\" \/>\n\t<meta name=\"twitter:data2\" content=\"2 minutos\" \/>\n<script type=\"application\/ld+json\" class=\"yoast-schema-graph\">{\"@context\":\"https:\\\/\\\/schema.org\",\"@graph\":[{\"@type\":\"Article\",\"@id\":\"https:\\\/\\\/redenoticiaz.com.br\\\/ribeiraopreto-regiao\\\/sp\\\/2023\\\/09\\\/11\\\/video-quem-e-a-mulher-que-montou-em-homem-sem-calcinha#article\",\"isPartOf\":{\"@id\":\"https:\\\/\\\/redenoticiaz.com.br\\\/ribeiraopreto-regiao\\\/sp\\\/2023\\\/09\\\/11\\\/video-quem-e-a-mulher-que-montou-em-homem-sem-calcinha\"},\"author\":{\"name\":\"Carina Reifonas\",\"@id\":\"https:\\\/\\\/redenoticiaz.com.br\\\/ribeiraopreto-regiao\\\/#\\\/schema\\\/person\\\/1f84d6e94e6a62d2d81199d7503e9e90\"},\"headline\":\"V\u00eddeo \u2013 Quem \u00e9 a mulher que \u201cmontou\u201d em homem sem calcinha?\",\"datePublished\":\"2023-09-11T17:46:05+00:00\",\"dateModified\":\"2023-09-11T17:49:17+00:00\",\"mainEntityOfPage\":{\"@id\":\"https:\\\/\\\/redenoticiaz.com.br\\\/ribeiraopreto-regiao\\\/sp\\\/2023\\\/09\\\/11\\\/video-quem-e-a-mulher-que-montou-em-homem-sem-calcinha\"},\"wordCount\":260,\"commentCount\":0,\"publisher\":{\"@id\":\"https:\\\/\\\/redenoticiaz.com.br\\\/ribeiraopreto-regiao\\\/#organization\"},\"image\":{\"@id\":\"https:\\\/\\\/redenoticiaz.com.br\\\/ribeiraopreto-regiao\\\/sp\\\/2023\\\/09\\\/11\\\/video-quem-e-a-mulher-que-montou-em-homem-sem-calcinha#primaryimage\"},\"thumbnailUrl\":\"https:\\\/\\\/redenoticiaz.com.br\\\/ribeiraopreto-regiao\\\/wp-content\\\/uploads\\\/sites\\\/4\\\/2023\\\/09\\\/111112.jpg?v=1694454170\",\"keywords\":[\"calcinha\",\"mulher\",\"nutricionista\",\"UPA\"],\"articleSection\":[\"Pol\u00edcia\"],\"inLanguage\":\"pt-BR\",\"potentialAction\":[{\"@type\":\"CommentAction\",\"name\":\"Comment\",\"target\":[\"https:\\\/\\\/redenoticiaz.com.br\\\/ribeiraopreto-regiao\\\/sp\\\/2023\\\/09\\\/11\\\/video-quem-e-a-mulher-que-montou-em-homem-sem-calcinha#respond\"]}]},{\"@type\":\"WebPage\",\"@id\":\"https:\\\/\\\/redenoticiaz.com.br\\\/ribeiraopreto-regiao\\\/sp\\\/2023\\\/09\\\/11\\\/video-quem-e-a-mulher-que-montou-em-homem-sem-calcinha\",\"url\":\"https:\\\/\\\/redenoticiaz.com.br\\\/ribeiraopreto-regiao\\\/sp\\\/2023\\\/09\\\/11\\\/video-quem-e-a-mulher-que-montou-em-homem-sem-calcinha\",\"name\":\"V\u00eddeo \u2013 Quem \u00e9 a mulher que \u201cmontou\u201d em homem sem calcinha? - Ribeir\u00e3o Preto e Regi\u00e3o\",\"isPartOf\":{\"@id\":\"https:\\\/\\\/redenoticiaz.com.br\\\/ribeiraopreto-regiao\\\/#website\"},\"primaryImageOfPage\":{\"@id\":\"https:\\\/\\\/redenoticiaz.com.br\\\/ribeiraopreto-regiao\\\/sp\\\/2023\\\/09\\\/11\\\/video-quem-e-a-mulher-que-montou-em-homem-sem-calcinha#primaryimage\"},\"image\":{\"@id\":\"https:\\\/\\\/redenoticiaz.com.br\\\/ribeiraopreto-regiao\\\/sp\\\/2023\\\/09\\\/11\\\/video-quem-e-a-mulher-que-montou-em-homem-sem-calcinha#primaryimage\"},\"thumbnailUrl\":\"https:\\\/\\\/redenoticiaz.com.br\\\/ribeiraopreto-regiao\\\/wp-content\\\/uploads\\\/sites\\\/4\\\/2023\\\/09\\\/111112.jpg?v=1694454170\",\"datePublished\":\"2023-09-11T17:46:05+00:00\",\"dateModified\":\"2023-09-11T17:49:17+00:00\",\"description\":\"A nutricionista viralizou nas redes sociais com v\u00eddeo estando com vestido curto e montada em um homem. Conhe\u00e7a mais sobre a loira.\",\"inLanguage\":\"pt-BR\",\"potentialAction\":[{\"@type\":\"ReadAction\",\"target\":[\"https:\\\/\\\/redenoticiaz.com.br\\\/ribeiraopreto-regiao\\\/sp\\\/2023\\\/09\\\/11\\\/video-quem-e-a-mulher-que-montou-em-homem-sem-calcinha\"]}]},{\"@type\":\"ImageObject\",\"inLanguage\":\"pt-BR\",\"@id\":\"https:\\\/\\\/redenoticiaz.com.br\\\/ribeiraopreto-regiao\\\/sp\\\/2023\\\/09\\\/11\\\/video-quem-e-a-mulher-que-montou-em-homem-sem-calcinha#primaryimage\",\"url\":\"https:\\\/\\\/redenoticiaz.com.br\\\/ribeiraopreto-regiao\\\/wp-content\\\/uploads\\\/sites\\\/4\\\/2023\\\/09\\\/111112.jpg?v=1694454170\",\"contentUrl\":\"https:\\\/\\\/redenoticiaz.com.br\\\/ribeiraopreto-regiao\\\/wp-content\\\/uploads\\\/sites\\\/4\\\/2023\\\/09\\\/111112.jpg?v=1694454170\",\"width\":602,\"height\":640,\"caption\":\"Katiuska Glesse. Cr\u00e9dito: Reprodu\u00e7\u00e3o\"},{\"@type\":\"WebSite\",\"@id\":\"https:\\\/\\\/redenoticiaz.com.br\\\/ribeiraopreto-regiao\\\/#website\",\"url\":\"https:\\\/\\\/redenoticiaz.com.br\\\/ribeiraopreto-regiao\\\/\",\"name\":\"Ribeir\u00e3o Preto e Regi\u00e3o\",\"description\":\"Rede NoticiaZ - Ribeir\u00e3o Preto e regi\u00e3o\",\"publisher\":{\"@id\":\"https:\\\/\\\/redenoticiaz.com.br\\\/ribeiraopreto-regiao\\\/#organization\"},\"potentialAction\":[{\"@type\":\"SearchAction\",\"target\":{\"@type\":\"EntryPoint\",\"urlTemplate\":\"https:\\\/\\\/redenoticiaz.com.br\\\/ribeiraopreto-regiao\\\/?s={search_term_string}\"},\"query-input\":{\"@type\":\"PropertyValueSpecification\",\"valueRequired\":true,\"valueName\":\"search_term_string\"}}],\"inLanguage\":\"pt-BR\"},{\"@type\":\"Organization\",\"@id\":\"https:\\\/\\\/redenoticiaz.com.br\\\/ribeiraopreto-regiao\\\/#organization\",\"name\":\"Ribeir\u00e3o Preto e Regi\u00e3o\",\"url\":\"https:\\\/\\\/redenoticiaz.com.br\\\/ribeiraopreto-regiao\\\/\",\"logo\":{\"@type\":\"ImageObject\",\"inLanguage\":\"pt-BR\",\"@id\":\"https:\\\/\\\/redenoticiaz.com.br\\\/ribeiraopreto-regiao\\\/#\\\/schema\\\/logo\\\/image\\\/\",\"url\":\"https:\\\/\\\/redenoticiaz.com.br\\\/barretos-regiao\\\/wp-content\\\/uploads\\\/sites\\\/4\\\/2022\\\/02\\\/logo.jpg\",\"contentUrl\":\"https:\\\/\\\/redenoticiaz.com.br\\\/barretos-regiao\\\/wp-content\\\/uploads\\\/sites\\\/4\\\/2022\\\/02\\\/logo.jpg\",\"width\":400,\"height\":250,\"caption\":\"Ribeir\u00e3o Preto e Regi\u00e3o\"},\"image\":{\"@id\":\"https:\\\/\\\/redenoticiaz.com.br\\\/ribeiraopreto-regiao\\\/#\\\/schema\\\/logo\\\/image\\\/\"},\"sameAs\":[\"https:\\\/\\\/m.facebook.com\\\/redenoticiaz.barretos\",\"https:\\\/\\\/x.com\\\/RN_barretos\",\"https:\\\/\\\/www.instagram.com\\\/redenoticiaz.barretos\\\/?igshid=YmMyMTA2M2Y\",\"https:\\\/\\\/www.linkedin.com\\\/company\\\/rede-noticiaz-barretos-e-regio\\\/\"]},{\"@type\":\"Person\",\"@id\":\"https:\\\/\\\/redenoticiaz.com.br\\\/ribeiraopreto-regiao\\\/#\\\/schema\\\/person\\\/1f84d6e94e6a62d2d81199d7503e9e90\",\"name\":\"Carina Reifonas\",\"image\":{\"@type\":\"ImageObject\",\"inLanguage\":\"pt-BR\",\"@id\":\"https:\\\/\\\/secure.gravatar.com\\\/avatar\\\/04c59859b23696cf867715880f81d5c037e60109730bdb4e6670ec2a2245bc97?s=96&d=mm&r=g\",\"url\":\"https:\\\/\\\/secure.gravatar.com\\\/avatar\\\/04c59859b23696cf867715880f81d5c037e60109730bdb4e6670ec2a2245bc97?s=96&d=mm&r=g\",\"contentUrl\":\"https:\\\/\\\/secure.gravatar.com\\\/avatar\\\/04c59859b23696cf867715880f81d5c037e60109730bdb4e6670ec2a2245bc97?s=96&d=mm&r=g\",\"caption\":\"Carina Reifonas\"},\"url\":\"https:\\\/\\\/redenoticiaz.com.br\\\/ribeiraopreto-regiao\\\/sp\\\/author\\\/carinareifonas\"}]}<\/script>\n<!-- \/ Yoast SEO plugin. -->","yoast_head_json":{"title":"V\u00eddeo \u2013 Quem \u00e9 a mulher que \u201cmontou\u201d em homem sem calcinha? - Ribeir\u00e3o Preto e Regi\u00e3o","description":"A nutricionista viralizou nas redes sociais com v\u00eddeo estando com vestido curto e montada em um homem. Conhe\u00e7a mais sobre a loira.","robots":{"index":"index","follow":"follow","max-snippet":"max-snippet:-1","max-image-preview":"max-image-preview:large","max-video-preview":"max-video-preview:-1"},"canonical":"https:\/\/redenoticiaz.com.br\/ribeiraopreto-regiao\/sp\/2023\/09\/11\/video-quem-e-a-mulher-que-montou-em-homem-sem-calcinha","og_locale":"pt_BR","og_type":"article","og_title":"V\u00eddeo \u2013 Quem \u00e9 a mulher que \u201cmontou\u201d em homem sem calcinha? - Ribeir\u00e3o Preto e Regi\u00e3o","og_description":"A nutricionista viralizou nas redes sociais com v\u00eddeo estando com vestido curto e montada em um homem. Conhe\u00e7a mais sobre a loira.","og_url":"https:\/\/redenoticiaz.com.br\/ribeiraopreto-regiao\/sp\/2023\/09\/11\/video-quem-e-a-mulher-que-montou-em-homem-sem-calcinha","og_site_name":"Ribeir\u00e3o Preto e Regi\u00e3o","article_publisher":"https:\/\/m.facebook.com\/redenoticiaz.barretos","article_published_time":"2023-09-11T17:46:05+00:00","article_modified_time":"2023-09-11T17:49:17+00:00","og_image":[{"width":602,"height":640,"url":"https:\/\/redenoticiaz.com.br\/ribeiraopreto-regiao\/wp-content\/uploads\/sites\/4\/2023\/09\/111112.jpg?v=1694454170","type":"image\/jpeg"}],"author":"Carina Reifonas","twitter_card":"summary_large_image","twitter_creator":"@RN_barretos","twitter_site":"@RN_barretos","twitter_misc":{"Escrito por":"Carina Reifonas","Est. tempo de leitura":"2 minutos"},"schema":{"@context":"https:\/\/schema.org","@graph":[{"@type":"Article","@id":"https:\/\/redenoticiaz.com.br\/ribeiraopreto-regiao\/sp\/2023\/09\/11\/video-quem-e-a-mulher-que-montou-em-homem-sem-calcinha#article","isPartOf":{"@id":"https:\/\/redenoticiaz.com.br\/ribeiraopreto-regiao\/sp\/2023\/09\/11\/video-quem-e-a-mulher-que-montou-em-homem-sem-calcinha"},"author":{"name":"Carina Reifonas","@id":"https:\/\/redenoticiaz.com.br\/ribeiraopreto-regiao\/#\/schema\/person\/1f84d6e94e6a62d2d81199d7503e9e90"},"headline":"V\u00eddeo \u2013 Quem \u00e9 a mulher que \u201cmontou\u201d em homem sem calcinha?","datePublished":"2023-09-11T17:46:05+00:00","dateModified":"2023-09-11T17:49:17+00:00","mainEntityOfPage":{"@id":"https:\/\/redenoticiaz.com.br\/ribeiraopreto-regiao\/sp\/2023\/09\/11\/video-quem-e-a-mulher-que-montou-em-homem-sem-calcinha"},"wordCount":260,"commentCount":0,"publisher":{"@id":"https:\/\/redenoticiaz.com.br\/ribeiraopreto-regiao\/#organization"},"image":{"@id":"https:\/\/redenoticiaz.com.br\/ribeiraopreto-regiao\/sp\/2023\/09\/11\/video-quem-e-a-mulher-que-montou-em-homem-sem-calcinha#primaryimage"},"thumbnailUrl":"https:\/\/redenoticiaz.com.br\/ribeiraopreto-regiao\/wp-content\/uploads\/sites\/4\/2023\/09\/111112.jpg?v=1694454170","keywords":["calcinha","mulher","nutricionista","UPA"],"articleSection":["Pol\u00edcia"],"inLanguage":"pt-BR","potentialAction":[{"@type":"CommentAction","name":"Comment","target":["https:\/\/redenoticiaz.com.br\/ribeiraopreto-regiao\/sp\/2023\/09\/11\/video-quem-e-a-mulher-que-montou-em-homem-sem-calcinha#respond"]}]},{"@type":"WebPage","@id":"https:\/\/redenoticiaz.com.br\/ribeiraopreto-regiao\/sp\/2023\/09\/11\/video-quem-e-a-mulher-que-montou-em-homem-sem-calcinha","url":"https:\/\/redenoticiaz.com.br\/ribeiraopreto-regiao\/sp\/2023\/09\/11\/video-quem-e-a-mulher-que-montou-em-homem-sem-calcinha","name":"V\u00eddeo \u2013 Quem \u00e9 a mulher que \u201cmontou\u201d em homem sem calcinha? - Ribeir\u00e3o Preto e Regi\u00e3o","isPartOf":{"@id":"https:\/\/redenoticiaz.com.br\/ribeiraopreto-regiao\/#website"},"primaryImageOfPage":{"@id":"https:\/\/redenoticiaz.com.br\/ribeiraopreto-regiao\/sp\/2023\/09\/11\/video-quem-e-a-mulher-que-montou-em-homem-sem-calcinha#primaryimage"},"image":{"@id":"https:\/\/redenoticiaz.com.br\/ribeiraopreto-regiao\/sp\/2023\/09\/11\/video-quem-e-a-mulher-que-montou-em-homem-sem-calcinha#primaryimage"},"thumbnailUrl":"https:\/\/redenoticiaz.com.br\/ribeiraopreto-regiao\/wp-content\/uploads\/sites\/4\/2023\/09\/111112.jpg?v=1694454170","datePublished":"2023-09-11T17:46:05+00:00","dateModified":"2023-09-11T17:49:17+00:00","description":"A nutricionista viralizou nas redes sociais com v\u00eddeo estando com vestido curto e montada em um homem. Conhe\u00e7a mais sobre a loira.","inLanguage":"pt-BR","potentialAction":[{"@type":"ReadAction","target":["https:\/\/redenoticiaz.com.br\/ribeiraopreto-regiao\/sp\/2023\/09\/11\/video-quem-e-a-mulher-que-montou-em-homem-sem-calcinha"]}]},{"@type":"ImageObject","inLanguage":"pt-BR","@id":"https:\/\/redenoticiaz.com.br\/ribeiraopreto-regiao\/sp\/2023\/09\/11\/video-quem-e-a-mulher-que-montou-em-homem-sem-calcinha#primaryimage","url":"https:\/\/redenoticiaz.com.br\/ribeiraopreto-regiao\/wp-content\/uploads\/sites\/4\/2023\/09\/111112.jpg?v=1694454170","contentUrl":"https:\/\/redenoticiaz.com.br\/ribeiraopreto-regiao\/wp-content\/uploads\/sites\/4\/2023\/09\/111112.jpg?v=1694454170","width":602,"height":640,"caption":"Katiuska Glesse. Cr\u00e9dito: Reprodu\u00e7\u00e3o"},{"@type":"WebSite","@id":"https:\/\/redenoticiaz.com.br\/ribeiraopreto-regiao\/#website","url":"https:\/\/redenoticiaz.com.br\/ribeiraopreto-regiao\/","name":"Ribeir\u00e3o Preto e Regi\u00e3o","description":"Rede NoticiaZ - Ribeir\u00e3o Preto e regi\u00e3o","publisher":{"@id":"https:\/\/redenoticiaz.com.br\/ribeiraopreto-regiao\/#organization"},"potentialAction":[{"@type":"SearchAction","target":{"@type":"EntryPoint","urlTemplate":"https:\/\/redenoticiaz.com.br\/ribeiraopreto-regiao\/?s={search_term_string}"},"query-input":{"@type":"PropertyValueSpecification","valueRequired":true,"valueName":"search_term_string"}}],"inLanguage":"pt-BR"},{"@type":"Organization","@id":"https:\/\/redenoticiaz.com.br\/ribeiraopreto-regiao\/#organization","name":"Ribeir\u00e3o Preto e Regi\u00e3o","url":"https:\/\/redenoticiaz.com.br\/ribeiraopreto-regiao\/","logo":{"@type":"ImageObject","inLanguage":"pt-BR","@id":"https:\/\/redenoticiaz.com.br\/ribeiraopreto-regiao\/#\/schema\/logo\/image\/","url":"https:\/\/redenoticiaz.com.br\/barretos-regiao\/wp-content\/uploads\/sites\/4\/2022\/02\/logo.jpg","contentUrl":"https:\/\/redenoticiaz.com.br\/barretos-regiao\/wp-content\/uploads\/sites\/4\/2022\/02\/logo.jpg","width":400,"height":250,"caption":"Ribeir\u00e3o Preto e Regi\u00e3o"},"image":{"@id":"https:\/\/redenoticiaz.com.br\/ribeiraopreto-regiao\/#\/schema\/logo\/image\/"},"sameAs":["https:\/\/m.facebook.com\/redenoticiaz.barretos","https:\/\/x.com\/RN_barretos","https:\/\/www.instagram.com\/redenoticiaz.barretos\/?igshid=YmMyMTA2M2Y","https:\/\/www.linkedin.com\/company\/rede-noticiaz-barretos-e-regio\/"]},{"@type":"Person","@id":"https:\/\/redenoticiaz.com.br\/ribeiraopreto-regiao\/#\/schema\/person\/1f84d6e94e6a62d2d81199d7503e9e90","name":"Carina Reifonas","image":{"@type":"ImageObject","inLanguage":"pt-BR","@id":"https:\/\/secure.gravatar.com\/avatar\/04c59859b23696cf867715880f81d5c037e60109730bdb4e6670ec2a2245bc97?s=96&d=mm&r=g","url":"https:\/\/secure.gravatar.com\/avatar\/04c59859b23696cf867715880f81d5c037e60109730bdb4e6670ec2a2245bc97?s=96&d=mm&r=g","contentUrl":"https:\/\/secure.gravatar.com\/avatar\/04c59859b23696cf867715880f81d5c037e60109730bdb4e6670ec2a2245bc97?s=96&d=mm&r=g","caption":"Carina Reifonas"},"url":"https:\/\/redenoticiaz.com.br\/ribeiraopreto-regiao\/sp\/author\/carinareifonas"}]}},"_links":{"self":[{"href":"https:\/\/redenoticiaz.com.br\/ribeiraopreto-regiao\/wp-json\/wp\/v2\/posts\/110626","targetHints":{"allow":["GET"]}}],"collection":[{"href":"https:\/\/redenoticiaz.com.br\/ribeiraopreto-regiao\/wp-json\/wp\/v2\/posts"}],"about":[{"href":"https:\/\/redenoticiaz.com.br\/ribeiraopreto-regiao\/wp-json\/wp\/v2\/types\/post"}],"author":[{"embeddable":true,"href":"https:\/\/redenoticiaz.com.br\/ribeiraopreto-regiao\/wp-json\/wp\/v2\/users\/30"}],"replies":[{"embeddable":true,"href":"https:\/\/redenoticiaz.com.br\/ribeiraopreto-regiao\/wp-json\/wp\/v2\/comments?post=110626"}],"version-history":[{"count":3,"href":"https:\/\/redenoticiaz.com.br\/ribeiraopreto-regiao\/wp-json\/wp\/v2\/posts\/110626\/revisions"}],"predecessor-version":[{"id":110630,"href":"https:\/\/redenoticiaz.com.br\/ribeiraopreto-regiao\/wp-json\/wp\/v2\/posts\/110626\/revisions\/110630"}],"wp:featuredmedia":[{"embeddable":true,"href":"https:\/\/redenoticiaz.com.br\/ribeiraopreto-regiao\/wp-json\/wp\/v2\/media\/110627"}],"wp:attachment":[{"href":"https:\/\/redenoticiaz.com.br\/ribeiraopreto-regiao\/wp-json\/wp\/v2\/media?parent=110626"}],"wp:term":[{"taxonomy":"category","embeddable":true,"href":"https:\/\/redenoticiaz.com.br\/ribeiraopreto-regiao\/wp-json\/wp\/v2\/categories?post=110626"},{"taxonomy":"post_tag","embeddable":true,"href":"https:\/\/redenoticiaz.com.br\/ribeiraopreto-regiao\/wp-json\/wp\/v2\/tags?post=110626"}],"curies":[{"name":"wp","href":"https:\/\/api.w.org\/{rel}","templated":true}]}}