{"id":110694,"date":"2023-09-12T16:56:11","date_gmt":"2023-09-12T19:56:11","guid":{"rendered":"https:\/\/redenoticiaz.com.br\/barretos-regiao\/?p=110694"},"modified":"2023-09-12T16:56:11","modified_gmt":"2023-09-12T19:56:11","slug":"apreensao-de-3-4-kg-de-drogas-e-prisao-de-quatro-suspeitos-por-trafico","status":"publish","type":"post","link":"https:\/\/redenoticiaz.com.br\/ribeiraopreto-regiao\/sp\/2023\/09\/12\/apreensao-de-3-4-kg-de-drogas-e-prisao-de-quatro-suspeitos-por-trafico","title":{"rendered":"Apreens\u00e3o de 3,4 kg de drogas e pris\u00e3o de quatro suspeitos por tr\u00e1fico"},"content":{"rendered":"<p>Quatro suspeitos, com idades entre 20 e 29 anos, foram detidos durante uma opera\u00e7\u00e3o de combate ao tr\u00e1fico de drogas em Barretos. A a\u00e7\u00e3o resultou na apreens\u00e3o de 3,401 kg de coca\u00edna, 295 g de crack, R$ 1 mil em dinheiro, 3 celulares e 1.000 microtubos vazios.<\/p>\n<p>A equipe de For\u00e7a T\u00e1tica e Rocam, abordou inicialmente um indiv\u00edduo chamado &#8220;Marcelo&#8221;, de 21 anos, que tentou fugir e dispensou uma por\u00e7\u00e3o de coca\u00edna. Ele confessou a inten\u00e7\u00e3o de entrar no apartamento de sua namorada, alegando que n\u00e3o havia drogas l\u00e1. No entanto, ele levou os policiais at\u00e9 um local onde havia mais coca\u00edna e microtubos vazios.<\/p>\n<p>Com base em informa\u00e7\u00f5es obtidas, os policiais chegaram a outros dois suspeitos, &#8220;Jos\u00e9&#8221; de 27 anos e &#8220;Filipe&#8221; de 29 anos, que supostamente eram os propriet\u00e1rios da droga e estavam preparando entorpecentes para venda em um im\u00f3vel no bairro Vida Nova.<\/p>\n<p>Durante a abordagem, &#8220;Filipe&#8221; e &#8220;Igor&#8221; de 20 anos fugiram, mas foram detidos ap\u00f3s dispensar drogas no telhado da casa. &#8220;Jos\u00e9&#8221; confessou sua participa\u00e7\u00e3o no tr\u00e1fico e indicou o local onde havia escondido mais drogas, resultando na apreens\u00e3o de tr\u00eas tijolos de coca\u00edna pesando 3,174 kg e sete pedras de crack com 295 g.<\/p>\n<p>Os quatro suspeitos foram autuados em flagrante por tr\u00e1fico de drogas e encaminhados \u00e0 cadeia, conforme determina\u00e7\u00e3o do delegado Gustavo Rodrigo Lopes Coelho.<\/p>\n<p>LEIA MAIS<\/p>\n<p><a href=\"https:\/\/redenoticiaz.com.br\/barretos-regiao\/sp\/2023\/09\/12\/nova-ubs-e-academias-da-saude-beneficiarao-diversas-regioes-da-cidade\">Nova UBS e Academias da Sa\u00fade beneficiar\u00e3o diversas regi\u00f5es da cidade<\/a><\/p>\n<p><a href=\"https:\/\/redenoticiaz.com.br\/barretos-regiao\/sp\/2023\/09\/12\/policia-de-bebedouro-resgata-cavalo-vitima-de-maus-tratos\">Pol\u00edcia de Bebedouro resgata cavalo v\u00edtima de maus-tratos<\/a><\/p>\n<p><a href=\"https:\/\/redenoticiaz.com.br\/barretos-regiao\/sp\/2023\/09\/12\/video-casal-e-flagrado-transando-em-banheiro-de-aviao\">V\u00eddeo \u2013 Casal \u00e9 flagrado transando em banheiro de avi\u00e3o<\/a><\/p>\n","protected":false},"excerpt":{"rendered":"<p>Quatro suspeitos, com idades entre 20 e 29 anos, foram detidos durante uma opera\u00e7\u00e3o de combate ao tr\u00e1fico de drogas em Barretos. A a\u00e7\u00e3o resultou na apreens\u00e3o de 3,401 kg de coca\u00edna, 295 g de crack, R$ 1 mil em dinheiro, 3 celulares e 1.000 microtubos vazios. A equipe de For\u00e7a T\u00e1tica e Rocam, abordou &hellip;<\/p>\n","protected":false},"author":30,"featured_media":110695,"comment_status":"open","ping_status":"closed","sticky":false,"template":"","format":"standard","meta":{"footnotes":""},"categories":[88],"tags":[9835,64,24892,5935],"class_list":["post-110694","post","type-post","status-publish","format-standard","has-post-thumbnail","hentry","category-policia","tag-acao","tag-barretos","tag-detidos","tag-trafico"],"yoast_head":"<!-- This site is optimized with the Yoast SEO plugin v28.4 - https:\/\/yoast.com\/product\/yoast-seo-wordpress\/ -->\n<title>Apreens\u00e3o de 3,4 kg de drogas e pris\u00e3o de quatro suspeitos por tr\u00e1fico - Ribeir\u00e3o Preto e Regi\u00e3o<\/title>\n<meta name=\"description\" content=\"Quatro suspeitos, com idades entre 20 e 29 anos, foram detidos durante uma opera\u00e7\u00e3o de combate ao tr\u00e1fico de drogas em Barretos.\" \/>\n<meta name=\"robots\" content=\"index, follow, max-snippet:-1, max-image-preview:large, max-video-preview:-1\" \/>\n<link rel=\"canonical\" href=\"https:\/\/redenoticiaz.com.br\/ribeiraopreto-regiao\/sp\/2023\/09\/12\/apreensao-de-3-4-kg-de-drogas-e-prisao-de-quatro-suspeitos-por-trafico\" \/>\n<meta property=\"og:locale\" content=\"pt_BR\" \/>\n<meta property=\"og:type\" content=\"article\" \/>\n<meta property=\"og:title\" content=\"Apreens\u00e3o de 3,4 kg de drogas e pris\u00e3o de quatro suspeitos por tr\u00e1fico - Ribeir\u00e3o Preto e Regi\u00e3o\" \/>\n<meta property=\"og:description\" content=\"Quatro suspeitos, com idades entre 20 e 29 anos, foram detidos durante uma opera\u00e7\u00e3o de combate ao tr\u00e1fico de drogas em Barretos.\" \/>\n<meta property=\"og:url\" content=\"https:\/\/redenoticiaz.com.br\/ribeiraopreto-regiao\/sp\/2023\/09\/12\/apreensao-de-3-4-kg-de-drogas-e-prisao-de-quatro-suspeitos-por-trafico\" \/>\n<meta property=\"og:site_name\" content=\"Ribeir\u00e3o Preto e Regi\u00e3o\" \/>\n<meta property=\"article:publisher\" content=\"https:\/\/m.facebook.com\/redenoticiaz.barretos\" \/>\n<meta property=\"article:published_time\" content=\"2023-09-12T19:56:11+00:00\" \/>\n<meta property=\"og:image\" content=\"https:\/\/redenoticiaz.com.br\/ribeiraopreto-regiao\/wp-content\/uploads\/sites\/4\/2023\/09\/Captura-de-tela-2023-09-12-165441.png\" \/>\n\t<meta property=\"og:image:width\" content=\"661\" \/>\n\t<meta property=\"og:image:height\" content=\"371\" \/>\n\t<meta property=\"og:image:type\" content=\"image\/png\" \/>\n<meta name=\"author\" content=\"Carina Reifonas\" \/>\n<meta name=\"twitter:card\" content=\"summary_large_image\" \/>\n<meta name=\"twitter:creator\" content=\"@RN_barretos\" \/>\n<meta name=\"twitter:site\" content=\"@RN_barretos\" \/>\n<meta name=\"twitter:label1\" content=\"Escrito por\" \/>\n\t<meta name=\"twitter:data1\" content=\"Carina Reifonas\" \/>\n\t<meta name=\"twitter:label2\" content=\"Est. tempo de leitura\" \/>\n\t<meta name=\"twitter:data2\" content=\"2 minutos\" \/>\n<script type=\"application\/ld+json\" class=\"yoast-schema-graph\">{\"@context\":\"https:\\\/\\\/schema.org\",\"@graph\":[{\"@type\":\"Article\",\"@id\":\"https:\\\/\\\/redenoticiaz.com.br\\\/ribeiraopreto-regiao\\\/sp\\\/2023\\\/09\\\/12\\\/apreensao-de-3-4-kg-de-drogas-e-prisao-de-quatro-suspeitos-por-trafico#article\",\"isPartOf\":{\"@id\":\"https:\\\/\\\/redenoticiaz.com.br\\\/ribeiraopreto-regiao\\\/sp\\\/2023\\\/09\\\/12\\\/apreensao-de-3-4-kg-de-drogas-e-prisao-de-quatro-suspeitos-por-trafico\"},\"author\":{\"name\":\"Carina Reifonas\",\"@id\":\"https:\\\/\\\/redenoticiaz.com.br\\\/ribeiraopreto-regiao\\\/#\\\/schema\\\/person\\\/1f84d6e94e6a62d2d81199d7503e9e90\"},\"headline\":\"Apreens\u00e3o de 3,4 kg de drogas e pris\u00e3o de quatro suspeitos por tr\u00e1fico\",\"datePublished\":\"2023-09-12T19:56:11+00:00\",\"mainEntityOfPage\":{\"@id\":\"https:\\\/\\\/redenoticiaz.com.br\\\/ribeiraopreto-regiao\\\/sp\\\/2023\\\/09\\\/12\\\/apreensao-de-3-4-kg-de-drogas-e-prisao-de-quatro-suspeitos-por-trafico\"},\"wordCount\":284,\"commentCount\":0,\"publisher\":{\"@id\":\"https:\\\/\\\/redenoticiaz.com.br\\\/ribeiraopreto-regiao\\\/#organization\"},\"image\":{\"@id\":\"https:\\\/\\\/redenoticiaz.com.br\\\/ribeiraopreto-regiao\\\/sp\\\/2023\\\/09\\\/12\\\/apreensao-de-3-4-kg-de-drogas-e-prisao-de-quatro-suspeitos-por-trafico#primaryimage\"},\"thumbnailUrl\":\"https:\\\/\\\/redenoticiaz.com.br\\\/ribeiraopreto-regiao\\\/wp-content\\\/uploads\\\/sites\\\/4\\\/2023\\\/09\\\/Captura-de-tela-2023-09-12-165441.png\",\"keywords\":[\"A\u00c7\u00c3O\",\"BARRETOS\",\"detidos\",\"Tr\u00e1fico\"],\"articleSection\":[\"Pol\u00edcia\"],\"inLanguage\":\"pt-BR\",\"potentialAction\":[{\"@type\":\"CommentAction\",\"name\":\"Comment\",\"target\":[\"https:\\\/\\\/redenoticiaz.com.br\\\/ribeiraopreto-regiao\\\/sp\\\/2023\\\/09\\\/12\\\/apreensao-de-3-4-kg-de-drogas-e-prisao-de-quatro-suspeitos-por-trafico#respond\"]}]},{\"@type\":\"WebPage\",\"@id\":\"https:\\\/\\\/redenoticiaz.com.br\\\/ribeiraopreto-regiao\\\/sp\\\/2023\\\/09\\\/12\\\/apreensao-de-3-4-kg-de-drogas-e-prisao-de-quatro-suspeitos-por-trafico\",\"url\":\"https:\\\/\\\/redenoticiaz.com.br\\\/ribeiraopreto-regiao\\\/sp\\\/2023\\\/09\\\/12\\\/apreensao-de-3-4-kg-de-drogas-e-prisao-de-quatro-suspeitos-por-trafico\",\"name\":\"Apreens\u00e3o de 3,4 kg de drogas e pris\u00e3o de quatro suspeitos por tr\u00e1fico - Ribeir\u00e3o Preto e Regi\u00e3o\",\"isPartOf\":{\"@id\":\"https:\\\/\\\/redenoticiaz.com.br\\\/ribeiraopreto-regiao\\\/#website\"},\"primaryImageOfPage\":{\"@id\":\"https:\\\/\\\/redenoticiaz.com.br\\\/ribeiraopreto-regiao\\\/sp\\\/2023\\\/09\\\/12\\\/apreensao-de-3-4-kg-de-drogas-e-prisao-de-quatro-suspeitos-por-trafico#primaryimage\"},\"image\":{\"@id\":\"https:\\\/\\\/redenoticiaz.com.br\\\/ribeiraopreto-regiao\\\/sp\\\/2023\\\/09\\\/12\\\/apreensao-de-3-4-kg-de-drogas-e-prisao-de-quatro-suspeitos-por-trafico#primaryimage\"},\"thumbnailUrl\":\"https:\\\/\\\/redenoticiaz.com.br\\\/ribeiraopreto-regiao\\\/wp-content\\\/uploads\\\/sites\\\/4\\\/2023\\\/09\\\/Captura-de-tela-2023-09-12-165441.png\",\"datePublished\":\"2023-09-12T19:56:11+00:00\",\"description\":\"Quatro suspeitos, com idades entre 20 e 29 anos, foram detidos durante uma opera\u00e7\u00e3o de combate ao tr\u00e1fico de drogas em Barretos.\",\"inLanguage\":\"pt-BR\",\"potentialAction\":[{\"@type\":\"ReadAction\",\"target\":[\"https:\\\/\\\/redenoticiaz.com.br\\\/ribeiraopreto-regiao\\\/sp\\\/2023\\\/09\\\/12\\\/apreensao-de-3-4-kg-de-drogas-e-prisao-de-quatro-suspeitos-por-trafico\"]}]},{\"@type\":\"ImageObject\",\"inLanguage\":\"pt-BR\",\"@id\":\"https:\\\/\\\/redenoticiaz.com.br\\\/ribeiraopreto-regiao\\\/sp\\\/2023\\\/09\\\/12\\\/apreensao-de-3-4-kg-de-drogas-e-prisao-de-quatro-suspeitos-por-trafico#primaryimage\",\"url\":\"https:\\\/\\\/redenoticiaz.com.br\\\/ribeiraopreto-regiao\\\/wp-content\\\/uploads\\\/sites\\\/4\\\/2023\\\/09\\\/Captura-de-tela-2023-09-12-165441.png\",\"contentUrl\":\"https:\\\/\\\/redenoticiaz.com.br\\\/ribeiraopreto-regiao\\\/wp-content\\\/uploads\\\/sites\\\/4\\\/2023\\\/09\\\/Captura-de-tela-2023-09-12-165441.png\",\"width\":661,\"height\":371,\"caption\":\"Cr\u00e9dito: Divulga\u00e7\u00e3o\"},{\"@type\":\"WebSite\",\"@id\":\"https:\\\/\\\/redenoticiaz.com.br\\\/ribeiraopreto-regiao\\\/#website\",\"url\":\"https:\\\/\\\/redenoticiaz.com.br\\\/ribeiraopreto-regiao\\\/\",\"name\":\"Ribeir\u00e3o Preto e Regi\u00e3o\",\"description\":\"Rede NoticiaZ - Ribeir\u00e3o Preto e regi\u00e3o\",\"publisher\":{\"@id\":\"https:\\\/\\\/redenoticiaz.com.br\\\/ribeiraopreto-regiao\\\/#organization\"},\"potentialAction\":[{\"@type\":\"SearchAction\",\"target\":{\"@type\":\"EntryPoint\",\"urlTemplate\":\"https:\\\/\\\/redenoticiaz.com.br\\\/ribeiraopreto-regiao\\\/?s={search_term_string}\"},\"query-input\":{\"@type\":\"PropertyValueSpecification\",\"valueRequired\":true,\"valueName\":\"search_term_string\"}}],\"inLanguage\":\"pt-BR\"},{\"@type\":\"Organization\",\"@id\":\"https:\\\/\\\/redenoticiaz.com.br\\\/ribeiraopreto-regiao\\\/#organization\",\"name\":\"Ribeir\u00e3o Preto e Regi\u00e3o\",\"url\":\"https:\\\/\\\/redenoticiaz.com.br\\\/ribeiraopreto-regiao\\\/\",\"logo\":{\"@type\":\"ImageObject\",\"inLanguage\":\"pt-BR\",\"@id\":\"https:\\\/\\\/redenoticiaz.com.br\\\/ribeiraopreto-regiao\\\/#\\\/schema\\\/logo\\\/image\\\/\",\"url\":\"https:\\\/\\\/redenoticiaz.com.br\\\/barretos-regiao\\\/wp-content\\\/uploads\\\/sites\\\/4\\\/2022\\\/02\\\/logo.jpg\",\"contentUrl\":\"https:\\\/\\\/redenoticiaz.com.br\\\/barretos-regiao\\\/wp-content\\\/uploads\\\/sites\\\/4\\\/2022\\\/02\\\/logo.jpg\",\"width\":400,\"height\":250,\"caption\":\"Ribeir\u00e3o Preto e Regi\u00e3o\"},\"image\":{\"@id\":\"https:\\\/\\\/redenoticiaz.com.br\\\/ribeiraopreto-regiao\\\/#\\\/schema\\\/logo\\\/image\\\/\"},\"sameAs\":[\"https:\\\/\\\/m.facebook.com\\\/redenoticiaz.barretos\",\"https:\\\/\\\/x.com\\\/RN_barretos\",\"https:\\\/\\\/www.instagram.com\\\/redenoticiaz.barretos\\\/?igshid=YmMyMTA2M2Y\",\"https:\\\/\\\/www.linkedin.com\\\/company\\\/rede-noticiaz-barretos-e-regio\\\/\"]},{\"@type\":\"Person\",\"@id\":\"https:\\\/\\\/redenoticiaz.com.br\\\/ribeiraopreto-regiao\\\/#\\\/schema\\\/person\\\/1f84d6e94e6a62d2d81199d7503e9e90\",\"name\":\"Carina Reifonas\",\"image\":{\"@type\":\"ImageObject\",\"inLanguage\":\"pt-BR\",\"@id\":\"https:\\\/\\\/secure.gravatar.com\\\/avatar\\\/04c59859b23696cf867715880f81d5c037e60109730bdb4e6670ec2a2245bc97?s=96&d=mm&r=g\",\"url\":\"https:\\\/\\\/secure.gravatar.com\\\/avatar\\\/04c59859b23696cf867715880f81d5c037e60109730bdb4e6670ec2a2245bc97?s=96&d=mm&r=g\",\"contentUrl\":\"https:\\\/\\\/secure.gravatar.com\\\/avatar\\\/04c59859b23696cf867715880f81d5c037e60109730bdb4e6670ec2a2245bc97?s=96&d=mm&r=g\",\"caption\":\"Carina Reifonas\"},\"url\":\"https:\\\/\\\/redenoticiaz.com.br\\\/ribeiraopreto-regiao\\\/sp\\\/author\\\/carinareifonas\"}]}<\/script>\n<!-- \/ Yoast SEO plugin. -->","yoast_head_json":{"title":"Apreens\u00e3o de 3,4 kg de drogas e pris\u00e3o de quatro suspeitos por tr\u00e1fico - Ribeir\u00e3o Preto e Regi\u00e3o","description":"Quatro suspeitos, com idades entre 20 e 29 anos, foram detidos durante uma opera\u00e7\u00e3o de combate ao tr\u00e1fico de drogas em Barretos.","robots":{"index":"index","follow":"follow","max-snippet":"max-snippet:-1","max-image-preview":"max-image-preview:large","max-video-preview":"max-video-preview:-1"},"canonical":"https:\/\/redenoticiaz.com.br\/ribeiraopreto-regiao\/sp\/2023\/09\/12\/apreensao-de-3-4-kg-de-drogas-e-prisao-de-quatro-suspeitos-por-trafico","og_locale":"pt_BR","og_type":"article","og_title":"Apreens\u00e3o de 3,4 kg de drogas e pris\u00e3o de quatro suspeitos por tr\u00e1fico - Ribeir\u00e3o Preto e Regi\u00e3o","og_description":"Quatro suspeitos, com idades entre 20 e 29 anos, foram detidos durante uma opera\u00e7\u00e3o de combate ao tr\u00e1fico de drogas em Barretos.","og_url":"https:\/\/redenoticiaz.com.br\/ribeiraopreto-regiao\/sp\/2023\/09\/12\/apreensao-de-3-4-kg-de-drogas-e-prisao-de-quatro-suspeitos-por-trafico","og_site_name":"Ribeir\u00e3o Preto e Regi\u00e3o","article_publisher":"https:\/\/m.facebook.com\/redenoticiaz.barretos","article_published_time":"2023-09-12T19:56:11+00:00","og_image":[{"width":661,"height":371,"url":"https:\/\/redenoticiaz.com.br\/ribeiraopreto-regiao\/wp-content\/uploads\/sites\/4\/2023\/09\/Captura-de-tela-2023-09-12-165441.png","type":"image\/png"}],"author":"Carina Reifonas","twitter_card":"summary_large_image","twitter_creator":"@RN_barretos","twitter_site":"@RN_barretos","twitter_misc":{"Escrito por":"Carina Reifonas","Est. tempo de leitura":"2 minutos"},"schema":{"@context":"https:\/\/schema.org","@graph":[{"@type":"Article","@id":"https:\/\/redenoticiaz.com.br\/ribeiraopreto-regiao\/sp\/2023\/09\/12\/apreensao-de-3-4-kg-de-drogas-e-prisao-de-quatro-suspeitos-por-trafico#article","isPartOf":{"@id":"https:\/\/redenoticiaz.com.br\/ribeiraopreto-regiao\/sp\/2023\/09\/12\/apreensao-de-3-4-kg-de-drogas-e-prisao-de-quatro-suspeitos-por-trafico"},"author":{"name":"Carina Reifonas","@id":"https:\/\/redenoticiaz.com.br\/ribeiraopreto-regiao\/#\/schema\/person\/1f84d6e94e6a62d2d81199d7503e9e90"},"headline":"Apreens\u00e3o de 3,4 kg de drogas e pris\u00e3o de quatro suspeitos por tr\u00e1fico","datePublished":"2023-09-12T19:56:11+00:00","mainEntityOfPage":{"@id":"https:\/\/redenoticiaz.com.br\/ribeiraopreto-regiao\/sp\/2023\/09\/12\/apreensao-de-3-4-kg-de-drogas-e-prisao-de-quatro-suspeitos-por-trafico"},"wordCount":284,"commentCount":0,"publisher":{"@id":"https:\/\/redenoticiaz.com.br\/ribeiraopreto-regiao\/#organization"},"image":{"@id":"https:\/\/redenoticiaz.com.br\/ribeiraopreto-regiao\/sp\/2023\/09\/12\/apreensao-de-3-4-kg-de-drogas-e-prisao-de-quatro-suspeitos-por-trafico#primaryimage"},"thumbnailUrl":"https:\/\/redenoticiaz.com.br\/ribeiraopreto-regiao\/wp-content\/uploads\/sites\/4\/2023\/09\/Captura-de-tela-2023-09-12-165441.png","keywords":["A\u00c7\u00c3O","BARRETOS","detidos","Tr\u00e1fico"],"articleSection":["Pol\u00edcia"],"inLanguage":"pt-BR","potentialAction":[{"@type":"CommentAction","name":"Comment","target":["https:\/\/redenoticiaz.com.br\/ribeiraopreto-regiao\/sp\/2023\/09\/12\/apreensao-de-3-4-kg-de-drogas-e-prisao-de-quatro-suspeitos-por-trafico#respond"]}]},{"@type":"WebPage","@id":"https:\/\/redenoticiaz.com.br\/ribeiraopreto-regiao\/sp\/2023\/09\/12\/apreensao-de-3-4-kg-de-drogas-e-prisao-de-quatro-suspeitos-por-trafico","url":"https:\/\/redenoticiaz.com.br\/ribeiraopreto-regiao\/sp\/2023\/09\/12\/apreensao-de-3-4-kg-de-drogas-e-prisao-de-quatro-suspeitos-por-trafico","name":"Apreens\u00e3o de 3,4 kg de drogas e pris\u00e3o de quatro suspeitos por tr\u00e1fico - Ribeir\u00e3o Preto e Regi\u00e3o","isPartOf":{"@id":"https:\/\/redenoticiaz.com.br\/ribeiraopreto-regiao\/#website"},"primaryImageOfPage":{"@id":"https:\/\/redenoticiaz.com.br\/ribeiraopreto-regiao\/sp\/2023\/09\/12\/apreensao-de-3-4-kg-de-drogas-e-prisao-de-quatro-suspeitos-por-trafico#primaryimage"},"image":{"@id":"https:\/\/redenoticiaz.com.br\/ribeiraopreto-regiao\/sp\/2023\/09\/12\/apreensao-de-3-4-kg-de-drogas-e-prisao-de-quatro-suspeitos-por-trafico#primaryimage"},"thumbnailUrl":"https:\/\/redenoticiaz.com.br\/ribeiraopreto-regiao\/wp-content\/uploads\/sites\/4\/2023\/09\/Captura-de-tela-2023-09-12-165441.png","datePublished":"2023-09-12T19:56:11+00:00","description":"Quatro suspeitos, com idades entre 20 e 29 anos, foram detidos durante uma opera\u00e7\u00e3o de combate ao tr\u00e1fico de drogas em Barretos.","inLanguage":"pt-BR","potentialAction":[{"@type":"ReadAction","target":["https:\/\/redenoticiaz.com.br\/ribeiraopreto-regiao\/sp\/2023\/09\/12\/apreensao-de-3-4-kg-de-drogas-e-prisao-de-quatro-suspeitos-por-trafico"]}]},{"@type":"ImageObject","inLanguage":"pt-BR","@id":"https:\/\/redenoticiaz.com.br\/ribeiraopreto-regiao\/sp\/2023\/09\/12\/apreensao-de-3-4-kg-de-drogas-e-prisao-de-quatro-suspeitos-por-trafico#primaryimage","url":"https:\/\/redenoticiaz.com.br\/ribeiraopreto-regiao\/wp-content\/uploads\/sites\/4\/2023\/09\/Captura-de-tela-2023-09-12-165441.png","contentUrl":"https:\/\/redenoticiaz.com.br\/ribeiraopreto-regiao\/wp-content\/uploads\/sites\/4\/2023\/09\/Captura-de-tela-2023-09-12-165441.png","width":661,"height":371,"caption":"Cr\u00e9dito: Divulga\u00e7\u00e3o"},{"@type":"WebSite","@id":"https:\/\/redenoticiaz.com.br\/ribeiraopreto-regiao\/#website","url":"https:\/\/redenoticiaz.com.br\/ribeiraopreto-regiao\/","name":"Ribeir\u00e3o Preto e Regi\u00e3o","description":"Rede NoticiaZ - Ribeir\u00e3o Preto e regi\u00e3o","publisher":{"@id":"https:\/\/redenoticiaz.com.br\/ribeiraopreto-regiao\/#organization"},"potentialAction":[{"@type":"SearchAction","target":{"@type":"EntryPoint","urlTemplate":"https:\/\/redenoticiaz.com.br\/ribeiraopreto-regiao\/?s={search_term_string}"},"query-input":{"@type":"PropertyValueSpecification","valueRequired":true,"valueName":"search_term_string"}}],"inLanguage":"pt-BR"},{"@type":"Organization","@id":"https:\/\/redenoticiaz.com.br\/ribeiraopreto-regiao\/#organization","name":"Ribeir\u00e3o Preto e Regi\u00e3o","url":"https:\/\/redenoticiaz.com.br\/ribeiraopreto-regiao\/","logo":{"@type":"ImageObject","inLanguage":"pt-BR","@id":"https:\/\/redenoticiaz.com.br\/ribeiraopreto-regiao\/#\/schema\/logo\/image\/","url":"https:\/\/redenoticiaz.com.br\/barretos-regiao\/wp-content\/uploads\/sites\/4\/2022\/02\/logo.jpg","contentUrl":"https:\/\/redenoticiaz.com.br\/barretos-regiao\/wp-content\/uploads\/sites\/4\/2022\/02\/logo.jpg","width":400,"height":250,"caption":"Ribeir\u00e3o Preto e Regi\u00e3o"},"image":{"@id":"https:\/\/redenoticiaz.com.br\/ribeiraopreto-regiao\/#\/schema\/logo\/image\/"},"sameAs":["https:\/\/m.facebook.com\/redenoticiaz.barretos","https:\/\/x.com\/RN_barretos","https:\/\/www.instagram.com\/redenoticiaz.barretos\/?igshid=YmMyMTA2M2Y","https:\/\/www.linkedin.com\/company\/rede-noticiaz-barretos-e-regio\/"]},{"@type":"Person","@id":"https:\/\/redenoticiaz.com.br\/ribeiraopreto-regiao\/#\/schema\/person\/1f84d6e94e6a62d2d81199d7503e9e90","name":"Carina Reifonas","image":{"@type":"ImageObject","inLanguage":"pt-BR","@id":"https:\/\/secure.gravatar.com\/avatar\/04c59859b23696cf867715880f81d5c037e60109730bdb4e6670ec2a2245bc97?s=96&d=mm&r=g","url":"https:\/\/secure.gravatar.com\/avatar\/04c59859b23696cf867715880f81d5c037e60109730bdb4e6670ec2a2245bc97?s=96&d=mm&r=g","contentUrl":"https:\/\/secure.gravatar.com\/avatar\/04c59859b23696cf867715880f81d5c037e60109730bdb4e6670ec2a2245bc97?s=96&d=mm&r=g","caption":"Carina Reifonas"},"url":"https:\/\/redenoticiaz.com.br\/ribeiraopreto-regiao\/sp\/author\/carinareifonas"}]}},"_links":{"self":[{"href":"https:\/\/redenoticiaz.com.br\/ribeiraopreto-regiao\/wp-json\/wp\/v2\/posts\/110694","targetHints":{"allow":["GET"]}}],"collection":[{"href":"https:\/\/redenoticiaz.com.br\/ribeiraopreto-regiao\/wp-json\/wp\/v2\/posts"}],"about":[{"href":"https:\/\/redenoticiaz.com.br\/ribeiraopreto-regiao\/wp-json\/wp\/v2\/types\/post"}],"author":[{"embeddable":true,"href":"https:\/\/redenoticiaz.com.br\/ribeiraopreto-regiao\/wp-json\/wp\/v2\/users\/30"}],"replies":[{"embeddable":true,"href":"https:\/\/redenoticiaz.com.br\/ribeiraopreto-regiao\/wp-json\/wp\/v2\/comments?post=110694"}],"version-history":[{"count":1,"href":"https:\/\/redenoticiaz.com.br\/ribeiraopreto-regiao\/wp-json\/wp\/v2\/posts\/110694\/revisions"}],"predecessor-version":[{"id":110696,"href":"https:\/\/redenoticiaz.com.br\/ribeiraopreto-regiao\/wp-json\/wp\/v2\/posts\/110694\/revisions\/110696"}],"wp:featuredmedia":[{"embeddable":true,"href":"https:\/\/redenoticiaz.com.br\/ribeiraopreto-regiao\/wp-json\/wp\/v2\/media\/110695"}],"wp:attachment":[{"href":"https:\/\/redenoticiaz.com.br\/ribeiraopreto-regiao\/wp-json\/wp\/v2\/media?parent=110694"}],"wp:term":[{"taxonomy":"category","embeddable":true,"href":"https:\/\/redenoticiaz.com.br\/ribeiraopreto-regiao\/wp-json\/wp\/v2\/categories?post=110694"},{"taxonomy":"post_tag","embeddable":true,"href":"https:\/\/redenoticiaz.com.br\/ribeiraopreto-regiao\/wp-json\/wp\/v2\/tags?post=110694"}],"curies":[{"name":"wp","href":"https:\/\/api.w.org\/{rel}","templated":true}]}}