{"id":110717,"date":"2023-09-13T14:00:33","date_gmt":"2023-09-13T17:00:33","guid":{"rendered":"https:\/\/redenoticiaz.com.br\/barretos-regiao\/?p=110717"},"modified":"2023-09-13T15:32:49","modified_gmt":"2023-09-13T18:32:49","slug":"olimpia-recebe-oficina-cultural-gratuita-na-eco","status":"publish","type":"post","link":"https:\/\/redenoticiaz.com.br\/ribeiraopreto-regiao\/sp\/2023\/09\/13\/olimpia-recebe-oficina-cultural-gratuita-na-eco","title":{"rendered":"Ol\u00edmpia recebe oficina cultural gratuita na ECO"},"content":{"rendered":"<p>A Est\u00e2ncia Tur\u00edstica de Ol\u00edmpia receber\u00e1, nos dias 19, 20 e 21 de setembro, na Esta\u00e7\u00e3o Cultural de Ol\u00edmpia (ECO), mais uma oficina para incentivo \u00e0 cultura, \u00e0 arte e \u00e0s diversas formas de express\u00f5es art\u00edsticas. A a\u00e7\u00e3o, realizada em uma parceria da secretaria de Cultura, Economia e Ind\u00fastria Criativas do Governo do Estado de S\u00e3o Paulo, com a secretaria de Turismo e Cultura de Ol\u00edmpia, oferecer\u00e1 20 vagas gratuitas.<\/p>\n<p>Com o tema &#8220;Panorama Hist\u00f3rico da M\u00fasica&#8221;, a atividade abordar\u00e1 a trajet\u00f3ria e o desenvolvimento musical ao longo dos anos, suas est\u00e9ticas, constru\u00e7\u00f5es e implica\u00e7\u00f5es, abordando os principais compositores em seus respectivos contextos, a concep\u00e7\u00e3o das obras mais ic\u00f4nicas, seus resultados e desdobramentos.<\/p>\n<p>De maneira intensiva e din\u00e2mica, os participantes ser\u00e3o conduzidos ao mundo da m\u00fasica, para apreciar sua historiografia e sua principal literatura musical, concebida at\u00e9 metade do s\u00e9culo XX. Podem participar moradores, estudantes e m\u00fasicos, maiores de 16 anos, n\u00e3o sendo necess\u00e1rio dom\u00ednio de teoria musical ou t\u00e9cnica instrumental.<\/p>\n<p>A oficina ocorrer\u00e1, das 14h \u00e0s 17h, com o maestro Sandro Muniz, bacharel em M\u00fasica com habilita\u00e7\u00e3o em reg\u00eancia e composi\u00e7\u00e3o pelo Instituto de Artes da Unesp. O maestro \u00e9 tamb\u00e9m fundador e diretor art\u00edstico do Coro Municipal de Fernand\u00f3polis e do Coro Infantil Municipal de Fernand\u00f3polis.<\/p>\n<p>Os interessados podem realizar as inscri\u00e7\u00f5es at\u00e9 sexta-feira (15), munidos de documento pessoal com foto, como RG ou CNH, na secretaria de Turismo e Cultura, localizada na Avenida Brasil, n\u00ba 155 \u2013 Centro, com atendimento de segunda a sexta-feira das 8h \u00e0s 16h ou at\u00e9 o dia 16 (s\u00e1bado), aqui pelo <a href=\"https:\/\/forms.gle\/njzgz6PMfg6r2Rnk8.\">link.<\/a><\/p>\n<p>A ECO fica localizada na Rua Cel. Jos\u00e9 Medeiros, n\u00ba 477, Patrim\u00f4nio S\u00e3o Jo\u00e3o Batista.<\/p>\n<p>LEIA MAIS<\/p>\n<p><a href=\"https:\/\/redenoticiaz.com.br\/barretos-regiao\/sp\/2023\/09\/13\/kayky-brito-apresenta-melhora-veja-o-que-diz-boletim-medico\">Kayky Brito apresenta melhora: veja o que diz boletim m\u00e9dico<\/a><\/p>\n<p><a href=\"https:\/\/redenoticiaz.com.br\/barretos-regiao\/sp\/2023\/09\/13\/dia-da-consciencia-negra-e-estabelecido-como-feriado-em-sao-paulo\">Dia da Consci\u00eancia Negra \u00e9 estabelecido como feriado em S\u00e3o Paulo<\/a><br \/>\n<a href=\"https:\/\/redenoticiaz.com.br\/barretos-regiao\/sp\/2023\/09\/12\/preso-em-rede-cachorro-e-resgatado-pelos-bombeiros\">Preso em rede: cachorro \u00e9 resgatado pelos bombeiros<\/a><\/p>\n","protected":false},"excerpt":{"rendered":"<p>A Est\u00e2ncia Tur\u00edstica de Ol\u00edmpia receber\u00e1, nos dias 19, 20 e 21 de setembro, na Esta\u00e7\u00e3o Cultural de Ol\u00edmpia (ECO), mais uma oficina para incentivo \u00e0 cultura, \u00e0 arte e \u00e0s diversas formas de express\u00f5es art\u00edsticas. A a\u00e7\u00e3o, realizada em uma parceria da secretaria de Cultura, Economia e Ind\u00fastria Criativas do Governo do Estado de &hellip;<\/p>\n","protected":false},"author":30,"featured_media":110718,"comment_status":"open","ping_status":"closed","sticky":false,"template":"","format":"standard","meta":{"footnotes":""},"categories":[469,815],"tags":[28919,28918,814],"class_list":["post-110717","post","type-post","status-publish","format-standard","has-post-thumbnail","hentry","category-cultura","category-cultura-e-musica","tag-eco","tag-oficina-cultural","tag-olimpia"],"yoast_head":"<!-- This site is optimized with the Yoast SEO plugin v27.5 - https:\/\/yoast.com\/product\/yoast-seo-wordpress\/ -->\n<title>Ol\u00edmpia recebe oficina cultural gratuita na ECO - Ribeir\u00e3o Preto e Regi\u00e3o<\/title>\n<meta name=\"description\" content=\"A Est\u00e2ncia Tur\u00edstica de Ol\u00edmpia receber\u00e1, na Esta\u00e7\u00e3o Cultural de Ol\u00edmpia (ECO), mais uma oficina para incentivo \u00e0 cultura e a arte.\" \/>\n<meta name=\"robots\" content=\"index, follow, max-snippet:-1, max-image-preview:large, max-video-preview:-1\" \/>\n<link rel=\"canonical\" href=\"https:\/\/redenoticiaz.com.br\/ribeiraopreto-regiao\/sp\/2023\/09\/13\/olimpia-recebe-oficina-cultural-gratuita-na-eco\" \/>\n<meta property=\"og:locale\" content=\"pt_BR\" \/>\n<meta property=\"og:type\" content=\"article\" \/>\n<meta property=\"og:title\" content=\"Ol\u00edmpia recebe oficina cultural gratuita na ECO - Ribeir\u00e3o Preto e Regi\u00e3o\" \/>\n<meta property=\"og:description\" content=\"A Est\u00e2ncia Tur\u00edstica de Ol\u00edmpia receber\u00e1, na Esta\u00e7\u00e3o Cultural de Ol\u00edmpia (ECO), mais uma oficina para incentivo \u00e0 cultura e a arte.\" \/>\n<meta property=\"og:url\" content=\"https:\/\/redenoticiaz.com.br\/ribeiraopreto-regiao\/sp\/2023\/09\/13\/olimpia-recebe-oficina-cultural-gratuita-na-eco\" \/>\n<meta property=\"og:site_name\" content=\"Ribeir\u00e3o Preto e Regi\u00e3o\" \/>\n<meta property=\"article:publisher\" content=\"https:\/\/m.facebook.com\/redenoticiaz.barretos\" \/>\n<meta property=\"article:published_time\" content=\"2023-09-13T17:00:33+00:00\" \/>\n<meta property=\"article:modified_time\" content=\"2023-09-13T18:32:49+00:00\" \/>\n<meta property=\"og:image\" content=\"https:\/\/redenoticiaz.com.br\/ribeiraopreto-regiao\/wp-content\/uploads\/sites\/4\/2023\/09\/Oficina-Gratuita-Gov.-do-Estado.png\" \/>\n\t<meta property=\"og:image:width\" content=\"507\" \/>\n\t<meta property=\"og:image:height\" content=\"319\" \/>\n\t<meta property=\"og:image:type\" content=\"image\/png\" \/>\n<meta name=\"author\" content=\"Carina Reifonas\" \/>\n<meta name=\"twitter:card\" content=\"summary_large_image\" \/>\n<meta name=\"twitter:creator\" content=\"@RN_barretos\" \/>\n<meta name=\"twitter:site\" content=\"@RN_barretos\" \/>\n<meta name=\"twitter:label1\" content=\"Escrito por\" \/>\n\t<meta name=\"twitter:data1\" content=\"Carina Reifonas\" \/>\n\t<meta name=\"twitter:label2\" content=\"Est. tempo de leitura\" \/>\n\t<meta name=\"twitter:data2\" content=\"2 minutos\" \/>\n<script type=\"application\/ld+json\" class=\"yoast-schema-graph\">{\"@context\":\"https:\\\/\\\/schema.org\",\"@graph\":[{\"@type\":\"Article\",\"@id\":\"https:\\\/\\\/redenoticiaz.com.br\\\/ribeiraopreto-regiao\\\/sp\\\/2023\\\/09\\\/13\\\/olimpia-recebe-oficina-cultural-gratuita-na-eco#article\",\"isPartOf\":{\"@id\":\"https:\\\/\\\/redenoticiaz.com.br\\\/ribeiraopreto-regiao\\\/sp\\\/2023\\\/09\\\/13\\\/olimpia-recebe-oficina-cultural-gratuita-na-eco\"},\"author\":{\"name\":\"Carina Reifonas\",\"@id\":\"https:\\\/\\\/redenoticiaz.com.br\\\/ribeiraopreto-regiao\\\/#\\\/schema\\\/person\\\/1f84d6e94e6a62d2d81199d7503e9e90\"},\"headline\":\"Ol\u00edmpia recebe oficina cultural gratuita na ECO\",\"datePublished\":\"2023-09-13T17:00:33+00:00\",\"dateModified\":\"2023-09-13T18:32:49+00:00\",\"mainEntityOfPage\":{\"@id\":\"https:\\\/\\\/redenoticiaz.com.br\\\/ribeiraopreto-regiao\\\/sp\\\/2023\\\/09\\\/13\\\/olimpia-recebe-oficina-cultural-gratuita-na-eco\"},\"wordCount\":343,\"commentCount\":0,\"publisher\":{\"@id\":\"https:\\\/\\\/redenoticiaz.com.br\\\/ribeiraopreto-regiao\\\/#organization\"},\"image\":{\"@id\":\"https:\\\/\\\/redenoticiaz.com.br\\\/ribeiraopreto-regiao\\\/sp\\\/2023\\\/09\\\/13\\\/olimpia-recebe-oficina-cultural-gratuita-na-eco#primaryimage\"},\"thumbnailUrl\":\"https:\\\/\\\/redenoticiaz.com.br\\\/ribeiraopreto-regiao\\\/wp-content\\\/uploads\\\/sites\\\/4\\\/2023\\\/09\\\/Oficina-Gratuita-Gov.-do-Estado.png\",\"keywords\":[\"ECO\",\"oficina cultural\",\"OLIMP\u00cdA\"],\"articleSection\":[\"Cultura\",\"Cultura e M\u00fasica\"],\"inLanguage\":\"pt-BR\",\"potentialAction\":[{\"@type\":\"CommentAction\",\"name\":\"Comment\",\"target\":[\"https:\\\/\\\/redenoticiaz.com.br\\\/ribeiraopreto-regiao\\\/sp\\\/2023\\\/09\\\/13\\\/olimpia-recebe-oficina-cultural-gratuita-na-eco#respond\"]}]},{\"@type\":\"WebPage\",\"@id\":\"https:\\\/\\\/redenoticiaz.com.br\\\/ribeiraopreto-regiao\\\/sp\\\/2023\\\/09\\\/13\\\/olimpia-recebe-oficina-cultural-gratuita-na-eco\",\"url\":\"https:\\\/\\\/redenoticiaz.com.br\\\/ribeiraopreto-regiao\\\/sp\\\/2023\\\/09\\\/13\\\/olimpia-recebe-oficina-cultural-gratuita-na-eco\",\"name\":\"Ol\u00edmpia recebe oficina cultural gratuita na ECO - Ribeir\u00e3o Preto e Regi\u00e3o\",\"isPartOf\":{\"@id\":\"https:\\\/\\\/redenoticiaz.com.br\\\/ribeiraopreto-regiao\\\/#website\"},\"primaryImageOfPage\":{\"@id\":\"https:\\\/\\\/redenoticiaz.com.br\\\/ribeiraopreto-regiao\\\/sp\\\/2023\\\/09\\\/13\\\/olimpia-recebe-oficina-cultural-gratuita-na-eco#primaryimage\"},\"image\":{\"@id\":\"https:\\\/\\\/redenoticiaz.com.br\\\/ribeiraopreto-regiao\\\/sp\\\/2023\\\/09\\\/13\\\/olimpia-recebe-oficina-cultural-gratuita-na-eco#primaryimage\"},\"thumbnailUrl\":\"https:\\\/\\\/redenoticiaz.com.br\\\/ribeiraopreto-regiao\\\/wp-content\\\/uploads\\\/sites\\\/4\\\/2023\\\/09\\\/Oficina-Gratuita-Gov.-do-Estado.png\",\"datePublished\":\"2023-09-13T17:00:33+00:00\",\"dateModified\":\"2023-09-13T18:32:49+00:00\",\"description\":\"A Est\u00e2ncia Tur\u00edstica de Ol\u00edmpia receber\u00e1, na Esta\u00e7\u00e3o Cultural de Ol\u00edmpia (ECO), mais uma oficina para incentivo \u00e0 cultura e a arte.\",\"inLanguage\":\"pt-BR\",\"potentialAction\":[{\"@type\":\"ReadAction\",\"target\":[\"https:\\\/\\\/redenoticiaz.com.br\\\/ribeiraopreto-regiao\\\/sp\\\/2023\\\/09\\\/13\\\/olimpia-recebe-oficina-cultural-gratuita-na-eco\"]}]},{\"@type\":\"ImageObject\",\"inLanguage\":\"pt-BR\",\"@id\":\"https:\\\/\\\/redenoticiaz.com.br\\\/ribeiraopreto-regiao\\\/sp\\\/2023\\\/09\\\/13\\\/olimpia-recebe-oficina-cultural-gratuita-na-eco#primaryimage\",\"url\":\"https:\\\/\\\/redenoticiaz.com.br\\\/ribeiraopreto-regiao\\\/wp-content\\\/uploads\\\/sites\\\/4\\\/2023\\\/09\\\/Oficina-Gratuita-Gov.-do-Estado.png\",\"contentUrl\":\"https:\\\/\\\/redenoticiaz.com.br\\\/ribeiraopreto-regiao\\\/wp-content\\\/uploads\\\/sites\\\/4\\\/2023\\\/09\\\/Oficina-Gratuita-Gov.-do-Estado.png\",\"width\":507,\"height\":319,\"caption\":\"Cr\u00e9dito: Divulga\u00e7\u00e3o\"},{\"@type\":\"WebSite\",\"@id\":\"https:\\\/\\\/redenoticiaz.com.br\\\/ribeiraopreto-regiao\\\/#website\",\"url\":\"https:\\\/\\\/redenoticiaz.com.br\\\/ribeiraopreto-regiao\\\/\",\"name\":\"Ribeir\u00e3o Preto e Regi\u00e3o\",\"description\":\"Rede NoticiaZ - Ribeir\u00e3o Preto e regi\u00e3o\",\"publisher\":{\"@id\":\"https:\\\/\\\/redenoticiaz.com.br\\\/ribeiraopreto-regiao\\\/#organization\"},\"potentialAction\":[{\"@type\":\"SearchAction\",\"target\":{\"@type\":\"EntryPoint\",\"urlTemplate\":\"https:\\\/\\\/redenoticiaz.com.br\\\/ribeiraopreto-regiao\\\/?s={search_term_string}\"},\"query-input\":{\"@type\":\"PropertyValueSpecification\",\"valueRequired\":true,\"valueName\":\"search_term_string\"}}],\"inLanguage\":\"pt-BR\"},{\"@type\":\"Organization\",\"@id\":\"https:\\\/\\\/redenoticiaz.com.br\\\/ribeiraopreto-regiao\\\/#organization\",\"name\":\"Ribeir\u00e3o Preto e Regi\u00e3o\",\"url\":\"https:\\\/\\\/redenoticiaz.com.br\\\/ribeiraopreto-regiao\\\/\",\"logo\":{\"@type\":\"ImageObject\",\"inLanguage\":\"pt-BR\",\"@id\":\"https:\\\/\\\/redenoticiaz.com.br\\\/ribeiraopreto-regiao\\\/#\\\/schema\\\/logo\\\/image\\\/\",\"url\":\"https:\\\/\\\/redenoticiaz.com.br\\\/barretos-regiao\\\/wp-content\\\/uploads\\\/sites\\\/4\\\/2022\\\/02\\\/logo.jpg\",\"contentUrl\":\"https:\\\/\\\/redenoticiaz.com.br\\\/barretos-regiao\\\/wp-content\\\/uploads\\\/sites\\\/4\\\/2022\\\/02\\\/logo.jpg\",\"width\":400,\"height\":250,\"caption\":\"Ribeir\u00e3o Preto e Regi\u00e3o\"},\"image\":{\"@id\":\"https:\\\/\\\/redenoticiaz.com.br\\\/ribeiraopreto-regiao\\\/#\\\/schema\\\/logo\\\/image\\\/\"},\"sameAs\":[\"https:\\\/\\\/m.facebook.com\\\/redenoticiaz.barretos\",\"https:\\\/\\\/x.com\\\/RN_barretos\",\"https:\\\/\\\/www.instagram.com\\\/redenoticiaz.barretos\\\/?igshid=YmMyMTA2M2Y\",\"https:\\\/\\\/www.linkedin.com\\\/company\\\/rede-noticiaz-barretos-e-regio\\\/\"]},{\"@type\":\"Person\",\"@id\":\"https:\\\/\\\/redenoticiaz.com.br\\\/ribeiraopreto-regiao\\\/#\\\/schema\\\/person\\\/1f84d6e94e6a62d2d81199d7503e9e90\",\"name\":\"Carina Reifonas\",\"image\":{\"@type\":\"ImageObject\",\"inLanguage\":\"pt-BR\",\"@id\":\"https:\\\/\\\/secure.gravatar.com\\\/avatar\\\/04c59859b23696cf867715880f81d5c037e60109730bdb4e6670ec2a2245bc97?s=96&d=mm&r=g\",\"url\":\"https:\\\/\\\/secure.gravatar.com\\\/avatar\\\/04c59859b23696cf867715880f81d5c037e60109730bdb4e6670ec2a2245bc97?s=96&d=mm&r=g\",\"contentUrl\":\"https:\\\/\\\/secure.gravatar.com\\\/avatar\\\/04c59859b23696cf867715880f81d5c037e60109730bdb4e6670ec2a2245bc97?s=96&d=mm&r=g\",\"caption\":\"Carina Reifonas\"},\"url\":\"https:\\\/\\\/redenoticiaz.com.br\\\/ribeiraopreto-regiao\\\/sp\\\/author\\\/carinareifonas\"}]}<\/script>\n<!-- \/ Yoast SEO plugin. -->","yoast_head_json":{"title":"Ol\u00edmpia recebe oficina cultural gratuita na ECO - Ribeir\u00e3o Preto e Regi\u00e3o","description":"A Est\u00e2ncia Tur\u00edstica de Ol\u00edmpia receber\u00e1, na Esta\u00e7\u00e3o Cultural de Ol\u00edmpia (ECO), mais uma oficina para incentivo \u00e0 cultura e a arte.","robots":{"index":"index","follow":"follow","max-snippet":"max-snippet:-1","max-image-preview":"max-image-preview:large","max-video-preview":"max-video-preview:-1"},"canonical":"https:\/\/redenoticiaz.com.br\/ribeiraopreto-regiao\/sp\/2023\/09\/13\/olimpia-recebe-oficina-cultural-gratuita-na-eco","og_locale":"pt_BR","og_type":"article","og_title":"Ol\u00edmpia recebe oficina cultural gratuita na ECO - Ribeir\u00e3o Preto e Regi\u00e3o","og_description":"A Est\u00e2ncia Tur\u00edstica de Ol\u00edmpia receber\u00e1, na Esta\u00e7\u00e3o Cultural de Ol\u00edmpia (ECO), mais uma oficina para incentivo \u00e0 cultura e a arte.","og_url":"https:\/\/redenoticiaz.com.br\/ribeiraopreto-regiao\/sp\/2023\/09\/13\/olimpia-recebe-oficina-cultural-gratuita-na-eco","og_site_name":"Ribeir\u00e3o Preto e Regi\u00e3o","article_publisher":"https:\/\/m.facebook.com\/redenoticiaz.barretos","article_published_time":"2023-09-13T17:00:33+00:00","article_modified_time":"2023-09-13T18:32:49+00:00","og_image":[{"width":507,"height":319,"url":"https:\/\/redenoticiaz.com.br\/ribeiraopreto-regiao\/wp-content\/uploads\/sites\/4\/2023\/09\/Oficina-Gratuita-Gov.-do-Estado.png","type":"image\/png"}],"author":"Carina Reifonas","twitter_card":"summary_large_image","twitter_creator":"@RN_barretos","twitter_site":"@RN_barretos","twitter_misc":{"Escrito por":"Carina Reifonas","Est. tempo de leitura":"2 minutos"},"schema":{"@context":"https:\/\/schema.org","@graph":[{"@type":"Article","@id":"https:\/\/redenoticiaz.com.br\/ribeiraopreto-regiao\/sp\/2023\/09\/13\/olimpia-recebe-oficina-cultural-gratuita-na-eco#article","isPartOf":{"@id":"https:\/\/redenoticiaz.com.br\/ribeiraopreto-regiao\/sp\/2023\/09\/13\/olimpia-recebe-oficina-cultural-gratuita-na-eco"},"author":{"name":"Carina Reifonas","@id":"https:\/\/redenoticiaz.com.br\/ribeiraopreto-regiao\/#\/schema\/person\/1f84d6e94e6a62d2d81199d7503e9e90"},"headline":"Ol\u00edmpia recebe oficina cultural gratuita na ECO","datePublished":"2023-09-13T17:00:33+00:00","dateModified":"2023-09-13T18:32:49+00:00","mainEntityOfPage":{"@id":"https:\/\/redenoticiaz.com.br\/ribeiraopreto-regiao\/sp\/2023\/09\/13\/olimpia-recebe-oficina-cultural-gratuita-na-eco"},"wordCount":343,"commentCount":0,"publisher":{"@id":"https:\/\/redenoticiaz.com.br\/ribeiraopreto-regiao\/#organization"},"image":{"@id":"https:\/\/redenoticiaz.com.br\/ribeiraopreto-regiao\/sp\/2023\/09\/13\/olimpia-recebe-oficina-cultural-gratuita-na-eco#primaryimage"},"thumbnailUrl":"https:\/\/redenoticiaz.com.br\/ribeiraopreto-regiao\/wp-content\/uploads\/sites\/4\/2023\/09\/Oficina-Gratuita-Gov.-do-Estado.png","keywords":["ECO","oficina cultural","OLIMP\u00cdA"],"articleSection":["Cultura","Cultura e M\u00fasica"],"inLanguage":"pt-BR","potentialAction":[{"@type":"CommentAction","name":"Comment","target":["https:\/\/redenoticiaz.com.br\/ribeiraopreto-regiao\/sp\/2023\/09\/13\/olimpia-recebe-oficina-cultural-gratuita-na-eco#respond"]}]},{"@type":"WebPage","@id":"https:\/\/redenoticiaz.com.br\/ribeiraopreto-regiao\/sp\/2023\/09\/13\/olimpia-recebe-oficina-cultural-gratuita-na-eco","url":"https:\/\/redenoticiaz.com.br\/ribeiraopreto-regiao\/sp\/2023\/09\/13\/olimpia-recebe-oficina-cultural-gratuita-na-eco","name":"Ol\u00edmpia recebe oficina cultural gratuita na ECO - Ribeir\u00e3o Preto e Regi\u00e3o","isPartOf":{"@id":"https:\/\/redenoticiaz.com.br\/ribeiraopreto-regiao\/#website"},"primaryImageOfPage":{"@id":"https:\/\/redenoticiaz.com.br\/ribeiraopreto-regiao\/sp\/2023\/09\/13\/olimpia-recebe-oficina-cultural-gratuita-na-eco#primaryimage"},"image":{"@id":"https:\/\/redenoticiaz.com.br\/ribeiraopreto-regiao\/sp\/2023\/09\/13\/olimpia-recebe-oficina-cultural-gratuita-na-eco#primaryimage"},"thumbnailUrl":"https:\/\/redenoticiaz.com.br\/ribeiraopreto-regiao\/wp-content\/uploads\/sites\/4\/2023\/09\/Oficina-Gratuita-Gov.-do-Estado.png","datePublished":"2023-09-13T17:00:33+00:00","dateModified":"2023-09-13T18:32:49+00:00","description":"A Est\u00e2ncia Tur\u00edstica de Ol\u00edmpia receber\u00e1, na Esta\u00e7\u00e3o Cultural de Ol\u00edmpia (ECO), mais uma oficina para incentivo \u00e0 cultura e a arte.","inLanguage":"pt-BR","potentialAction":[{"@type":"ReadAction","target":["https:\/\/redenoticiaz.com.br\/ribeiraopreto-regiao\/sp\/2023\/09\/13\/olimpia-recebe-oficina-cultural-gratuita-na-eco"]}]},{"@type":"ImageObject","inLanguage":"pt-BR","@id":"https:\/\/redenoticiaz.com.br\/ribeiraopreto-regiao\/sp\/2023\/09\/13\/olimpia-recebe-oficina-cultural-gratuita-na-eco#primaryimage","url":"https:\/\/redenoticiaz.com.br\/ribeiraopreto-regiao\/wp-content\/uploads\/sites\/4\/2023\/09\/Oficina-Gratuita-Gov.-do-Estado.png","contentUrl":"https:\/\/redenoticiaz.com.br\/ribeiraopreto-regiao\/wp-content\/uploads\/sites\/4\/2023\/09\/Oficina-Gratuita-Gov.-do-Estado.png","width":507,"height":319,"caption":"Cr\u00e9dito: Divulga\u00e7\u00e3o"},{"@type":"WebSite","@id":"https:\/\/redenoticiaz.com.br\/ribeiraopreto-regiao\/#website","url":"https:\/\/redenoticiaz.com.br\/ribeiraopreto-regiao\/","name":"Ribeir\u00e3o Preto e Regi\u00e3o","description":"Rede NoticiaZ - Ribeir\u00e3o Preto e regi\u00e3o","publisher":{"@id":"https:\/\/redenoticiaz.com.br\/ribeiraopreto-regiao\/#organization"},"potentialAction":[{"@type":"SearchAction","target":{"@type":"EntryPoint","urlTemplate":"https:\/\/redenoticiaz.com.br\/ribeiraopreto-regiao\/?s={search_term_string}"},"query-input":{"@type":"PropertyValueSpecification","valueRequired":true,"valueName":"search_term_string"}}],"inLanguage":"pt-BR"},{"@type":"Organization","@id":"https:\/\/redenoticiaz.com.br\/ribeiraopreto-regiao\/#organization","name":"Ribeir\u00e3o Preto e Regi\u00e3o","url":"https:\/\/redenoticiaz.com.br\/ribeiraopreto-regiao\/","logo":{"@type":"ImageObject","inLanguage":"pt-BR","@id":"https:\/\/redenoticiaz.com.br\/ribeiraopreto-regiao\/#\/schema\/logo\/image\/","url":"https:\/\/redenoticiaz.com.br\/barretos-regiao\/wp-content\/uploads\/sites\/4\/2022\/02\/logo.jpg","contentUrl":"https:\/\/redenoticiaz.com.br\/barretos-regiao\/wp-content\/uploads\/sites\/4\/2022\/02\/logo.jpg","width":400,"height":250,"caption":"Ribeir\u00e3o Preto e Regi\u00e3o"},"image":{"@id":"https:\/\/redenoticiaz.com.br\/ribeiraopreto-regiao\/#\/schema\/logo\/image\/"},"sameAs":["https:\/\/m.facebook.com\/redenoticiaz.barretos","https:\/\/x.com\/RN_barretos","https:\/\/www.instagram.com\/redenoticiaz.barretos\/?igshid=YmMyMTA2M2Y","https:\/\/www.linkedin.com\/company\/rede-noticiaz-barretos-e-regio\/"]},{"@type":"Person","@id":"https:\/\/redenoticiaz.com.br\/ribeiraopreto-regiao\/#\/schema\/person\/1f84d6e94e6a62d2d81199d7503e9e90","name":"Carina Reifonas","image":{"@type":"ImageObject","inLanguage":"pt-BR","@id":"https:\/\/secure.gravatar.com\/avatar\/04c59859b23696cf867715880f81d5c037e60109730bdb4e6670ec2a2245bc97?s=96&d=mm&r=g","url":"https:\/\/secure.gravatar.com\/avatar\/04c59859b23696cf867715880f81d5c037e60109730bdb4e6670ec2a2245bc97?s=96&d=mm&r=g","contentUrl":"https:\/\/secure.gravatar.com\/avatar\/04c59859b23696cf867715880f81d5c037e60109730bdb4e6670ec2a2245bc97?s=96&d=mm&r=g","caption":"Carina Reifonas"},"url":"https:\/\/redenoticiaz.com.br\/ribeiraopreto-regiao\/sp\/author\/carinareifonas"}]}},"_links":{"self":[{"href":"https:\/\/redenoticiaz.com.br\/ribeiraopreto-regiao\/wp-json\/wp\/v2\/posts\/110717","targetHints":{"allow":["GET"]}}],"collection":[{"href":"https:\/\/redenoticiaz.com.br\/ribeiraopreto-regiao\/wp-json\/wp\/v2\/posts"}],"about":[{"href":"https:\/\/redenoticiaz.com.br\/ribeiraopreto-regiao\/wp-json\/wp\/v2\/types\/post"}],"author":[{"embeddable":true,"href":"https:\/\/redenoticiaz.com.br\/ribeiraopreto-regiao\/wp-json\/wp\/v2\/users\/30"}],"replies":[{"embeddable":true,"href":"https:\/\/redenoticiaz.com.br\/ribeiraopreto-regiao\/wp-json\/wp\/v2\/comments?post=110717"}],"version-history":[{"count":1,"href":"https:\/\/redenoticiaz.com.br\/ribeiraopreto-regiao\/wp-json\/wp\/v2\/posts\/110717\/revisions"}],"predecessor-version":[{"id":110719,"href":"https:\/\/redenoticiaz.com.br\/ribeiraopreto-regiao\/wp-json\/wp\/v2\/posts\/110717\/revisions\/110719"}],"wp:featuredmedia":[{"embeddable":true,"href":"https:\/\/redenoticiaz.com.br\/ribeiraopreto-regiao\/wp-json\/wp\/v2\/media\/110718"}],"wp:attachment":[{"href":"https:\/\/redenoticiaz.com.br\/ribeiraopreto-regiao\/wp-json\/wp\/v2\/media?parent=110717"}],"wp:term":[{"taxonomy":"category","embeddable":true,"href":"https:\/\/redenoticiaz.com.br\/ribeiraopreto-regiao\/wp-json\/wp\/v2\/categories?post=110717"},{"taxonomy":"post_tag","embeddable":true,"href":"https:\/\/redenoticiaz.com.br\/ribeiraopreto-regiao\/wp-json\/wp\/v2\/tags?post=110717"}],"curies":[{"name":"wp","href":"https:\/\/api.w.org\/{rel}","templated":true}]}}