{"id":110793,"date":"2023-09-16T15:00:51","date_gmt":"2023-09-16T18:00:51","guid":{"rendered":"https:\/\/redenoticiaz.com.br\/barretos-regiao\/?p=110793"},"modified":"2023-09-14T18:02:50","modified_gmt":"2023-09-14T21:02:50","slug":"barretos-integra-ciclo-de-cultura-tradicional-2023","status":"publish","type":"post","link":"https:\/\/redenoticiaz.com.br\/ribeiraopreto-regiao\/sp\/2023\/09\/16\/barretos-integra-ciclo-de-cultura-tradicional-2023","title":{"rendered":"Barretos integra Ciclo de Cultura Tradicional 2023"},"content":{"rendered":"<p>Barretos recebe no pr\u00f3ximo s\u00e1bado, 16 de setembro, etapa do Ciclo de Cultura Tradicional 2023 com diversas a\u00e7\u00f5es e tradi\u00e7\u00f5es da cultura caipira: apresenta\u00e7\u00e3o do Catira Espora de Prata, show com o violeiro Ivan Vilela , e filme-conversa, que inclui mostra do curta-metragem &#8221; O Som da Tradi\u00e7\u00e3o&#8221; e bate-papo sobre o v\u00eddeo.<\/p>\n<p>A programa\u00e7\u00e3o ocorre na Esta\u00e7\u00e3o Cultural &#8220;Placidino Alves Gon\u00e7alves&#8221; a partir das 18h. O Ciclo de Cultura Tradicional \u00e9 um evento que gira em torno das tradi\u00e7\u00f5es caipiras, ind\u00edgenas, afro-brasileiras, cai\u00e7aras e migrantes, por meio de sess\u00f5es comentadas de document\u00e1rios, acompanhadas por apresenta\u00e7\u00f5es das culturas populares.<\/p>\n<p>Desde 2019, a cada edi\u00e7\u00e3o, o projeto convida diferentes realizadores audiovisuais \u2013 ligados aos temas, tradi\u00e7\u00f5es e\/ou territ\u00f3rios abordados \u2013 para a cria\u00e7\u00e3o de document\u00e1rios de curta-metragem com argumentos provocados pela proposta do Ciclo de explorar conex\u00f5es entre passado, presente e futuro. A contempla\u00e7\u00e3o dos munic\u00edpios \u00e9 realizada mediante elabora\u00e7\u00e3o e aprova\u00e7\u00e3o de projetos.<\/p>\n<p>A programa\u00e7\u00e3o \u00e9 realizada pelo Governo do Estado de S\u00e3o Paulo, por meio da Secretaria da Cultura, Economia e Ind\u00fastria Criativas, Poiesis e Oficinas Culturais, em conjunto com a Prefeitura da Est\u00e2ncia Tur\u00edstica de Barretos.<\/p>\n<p>O secret\u00e1rio municipal de Cultura, Rog\u00e9rio Teod\u00f3sio, explica que Barretos foi contemplada mediante a aprova\u00e7\u00e3o de projeto escrito pela pasta e que a iniciativa exalta as tradi\u00e7\u00f5es locais e promove um debate acerca da cultura local. &#8220;Elaboramos o projeto embasados nas nossas tradi\u00e7\u00f5es. A contempla\u00e7\u00e3o \u00e9 motivo de orgulho e mostra a seriedade do nosso trabalho. O Ciclo Tradicional \u00e9 um evento que fortalece nossa cultura e nos estimula a refletir sobre nossas ra\u00edzes e tradi\u00e7\u00f5es. \u00c9 uma oportunidade de conhecimento e aprendizado&#8221;, afirma.<\/p>\n<h3>Confira a Programa\u00e7\u00e3o:<\/h3>\n<p><b>18h \u2013 Catira Espora de Prata<\/b><br \/>\n18h30 \u2013 Catira 25 de Agosto<br \/>\nCatira Espora de Prata e Catira 25 de agosto, grupos barretenses tradicionais, apresentam esse sapateado entrela\u00e7ado \u00e0s palmas, d\u00e3o o ritmo \u00e0 viola e formam os passos dessa dan\u00e7a.<br \/>\n<b>19h \u2013 Filme-conversa<\/b><br \/>\nExibi\u00e7\u00e3o do curta-metragem &#8220;O Som da Tradi\u00e7\u00e3o&#8221;, dirigido por Gui Diniz, propriet\u00e1rio da DG Social Media. A obra conta a hist\u00f3ria de um dos principais grupos de catira do Brasil, o Catira 25 de Agosto, com causos e imagens de sua funda\u00e7\u00e3o at\u00e9 os dias atuais.<br \/>\nAp\u00f3s a exibi\u00e7\u00e3o, haver\u00e1 o bate-papo com o diretor Gui Diniz; com Carlos An\u00e9sio da Silva, um dos fundadores do Catira 25 de Agosto, e Francisco Santana Junior, fundador do grupo Catira Espora de Prata; com media\u00e7\u00e3o de Sueli Fernandes, mestre em An\u00e1lise de Discurso.<br \/>\n<b>20h30 \u2013 Show com Ivan Vilela<\/b><br \/>\nIvan Vilela \u00e9 violonista de dez cordas e no show de viola caipira apresenta composi\u00e7\u00f5es produzidas em v\u00e1rios momentos de sua trajet\u00f3ria, com destaque para os premiados \u00e1lbuns &#8220;Paisagens&#8221; (1998) e &#8220;Dez Cordas&#8221; (2007).<\/p>\n<p>LEIA MAIS<\/p>\n<p><a href=\"https:\/\/redenoticiaz.com.br\/barretos-regiao\/sp\/2023\/09\/14\/fernando-haddad-tem-casa-invadida-por-criminosos\">Fernando Haddad tem casa invadida por criminosos<\/a><\/p>\n<p><a href=\"https:\/\/redenoticiaz.com.br\/barretos-regiao\/sp\/2023\/09\/14\/juliana-paes-renova-votos-de-casamento-com-look-transparente-e-recebe-criticas\">Juliana Paes renova votos de casamento com look transparente e recebe cr\u00edticas<\/a><\/p>\n<p><a href=\"https:\/\/redenoticiaz.com.br\/barretos-regiao\/sp\/2023\/09\/14\/condenados-pela-morte-do-filho-da-atriz-cissa-guimaraes-se-entregam-a-justica\">Fernando Haddad tem casa invadida por criminosos<\/a><\/p>\n","protected":false},"excerpt":{"rendered":"<p>Barretos recebe no pr\u00f3ximo s\u00e1bado, 16 de setembro, etapa do Ciclo de Cultura Tradicional 2023 com diversas a\u00e7\u00f5es e tradi\u00e7\u00f5es da cultura caipira: apresenta\u00e7\u00e3o do Catira Espora de Prata, show com o violeiro Ivan Vilela , e filme-conversa, que inclui mostra do curta-metragem &#8221; O Som da Tradi\u00e7\u00e3o&#8221; e bate-papo sobre o v\u00eddeo. A programa\u00e7\u00e3o &hellip;<\/p>\n","protected":false},"author":30,"featured_media":110794,"comment_status":"open","ping_status":"closed","sticky":false,"template":"","format":"standard","meta":{"footnotes":""},"categories":[815],"tags":[28089,16842,664],"class_list":["post-110793","post","type-post","status-publish","format-standard","has-post-thumbnail","hentry","category-cultura-e-musica","tag-cultural","tag-programacao","tag-show"],"yoast_head":"<!-- This site is optimized with the Yoast SEO plugin v27.4 - https:\/\/yoast.com\/product\/yoast-seo-wordpress\/ -->\n<title>Barretos integra Ciclo de Cultura Tradicional 2023 - Ribeir\u00e3o Preto e Regi\u00e3o<\/title>\n<meta name=\"description\" content=\"Barretos recebe no pr\u00f3ximo s\u00e1bado, 16 de setembro, etapa do Ciclo de Cultura Tradicional 2023 com diversas a\u00e7\u00f5es.\" \/>\n<meta name=\"robots\" content=\"index, follow, max-snippet:-1, max-image-preview:large, max-video-preview:-1\" \/>\n<link rel=\"canonical\" href=\"https:\/\/redenoticiaz.com.br\/ribeiraopreto-regiao\/sp\/2023\/09\/16\/barretos-integra-ciclo-de-cultura-tradicional-2023\" \/>\n<meta property=\"og:locale\" content=\"pt_BR\" \/>\n<meta property=\"og:type\" content=\"article\" \/>\n<meta property=\"og:title\" content=\"Barretos integra Ciclo de Cultura Tradicional 2023 - Ribeir\u00e3o Preto e Regi\u00e3o\" \/>\n<meta property=\"og:description\" content=\"Barretos recebe no pr\u00f3ximo s\u00e1bado, 16 de setembro, etapa do Ciclo de Cultura Tradicional 2023 com diversas a\u00e7\u00f5es.\" \/>\n<meta property=\"og:url\" content=\"https:\/\/redenoticiaz.com.br\/ribeiraopreto-regiao\/sp\/2023\/09\/16\/barretos-integra-ciclo-de-cultura-tradicional-2023\" \/>\n<meta property=\"og:site_name\" content=\"Ribeir\u00e3o Preto e Regi\u00e3o\" \/>\n<meta property=\"article:publisher\" content=\"https:\/\/m.facebook.com\/redenoticiaz.barretos\" \/>\n<meta property=\"article:published_time\" content=\"2023-09-16T18:00:51+00:00\" \/>\n<meta property=\"og:image\" content=\"https:\/\/redenoticiaz.com.br\/ribeiraopreto-regiao\/wp-content\/uploads\/sites\/4\/2023\/09\/cultura.png\" \/>\n\t<meta property=\"og:image:width\" content=\"1640\" \/>\n\t<meta property=\"og:image:height\" content=\"924\" \/>\n\t<meta property=\"og:image:type\" content=\"image\/png\" \/>\n<meta name=\"author\" content=\"Carina Reifonas\" \/>\n<meta name=\"twitter:card\" content=\"summary_large_image\" \/>\n<meta name=\"twitter:creator\" content=\"@RN_barretos\" \/>\n<meta name=\"twitter:site\" content=\"@RN_barretos\" \/>\n<meta name=\"twitter:label1\" content=\"Escrito por\" \/>\n\t<meta name=\"twitter:data1\" content=\"Carina Reifonas\" \/>\n\t<meta name=\"twitter:label2\" content=\"Est. tempo de leitura\" \/>\n\t<meta name=\"twitter:data2\" content=\"3 minutos\" \/>\n<script type=\"application\/ld+json\" class=\"yoast-schema-graph\">{\"@context\":\"https:\\\/\\\/schema.org\",\"@graph\":[{\"@type\":\"Article\",\"@id\":\"https:\\\/\\\/redenoticiaz.com.br\\\/ribeiraopreto-regiao\\\/sp\\\/2023\\\/09\\\/16\\\/barretos-integra-ciclo-de-cultura-tradicional-2023#article\",\"isPartOf\":{\"@id\":\"https:\\\/\\\/redenoticiaz.com.br\\\/ribeiraopreto-regiao\\\/sp\\\/2023\\\/09\\\/16\\\/barretos-integra-ciclo-de-cultura-tradicional-2023\"},\"author\":{\"name\":\"Carina Reifonas\",\"@id\":\"https:\\\/\\\/redenoticiaz.com.br\\\/ribeiraopreto-regiao\\\/#\\\/schema\\\/person\\\/1f84d6e94e6a62d2d81199d7503e9e90\"},\"headline\":\"Barretos integra Ciclo de Cultura Tradicional 2023\",\"datePublished\":\"2023-09-16T18:00:51+00:00\",\"mainEntityOfPage\":{\"@id\":\"https:\\\/\\\/redenoticiaz.com.br\\\/ribeiraopreto-regiao\\\/sp\\\/2023\\\/09\\\/16\\\/barretos-integra-ciclo-de-cultura-tradicional-2023\"},\"wordCount\":518,\"commentCount\":0,\"publisher\":{\"@id\":\"https:\\\/\\\/redenoticiaz.com.br\\\/ribeiraopreto-regiao\\\/#organization\"},\"image\":{\"@id\":\"https:\\\/\\\/redenoticiaz.com.br\\\/ribeiraopreto-regiao\\\/sp\\\/2023\\\/09\\\/16\\\/barretos-integra-ciclo-de-cultura-tradicional-2023#primaryimage\"},\"thumbnailUrl\":\"https:\\\/\\\/redenoticiaz.com.br\\\/ribeiraopreto-regiao\\\/wp-content\\\/uploads\\\/sites\\\/4\\\/2023\\\/09\\\/cultura.png\",\"keywords\":[\"cultural\",\"PROGRAMA\u00c7\u00c3O\",\"SHOW\"],\"articleSection\":[\"Cultura e M\u00fasica\"],\"inLanguage\":\"pt-BR\",\"potentialAction\":[{\"@type\":\"CommentAction\",\"name\":\"Comment\",\"target\":[\"https:\\\/\\\/redenoticiaz.com.br\\\/ribeiraopreto-regiao\\\/sp\\\/2023\\\/09\\\/16\\\/barretos-integra-ciclo-de-cultura-tradicional-2023#respond\"]}]},{\"@type\":\"WebPage\",\"@id\":\"https:\\\/\\\/redenoticiaz.com.br\\\/ribeiraopreto-regiao\\\/sp\\\/2023\\\/09\\\/16\\\/barretos-integra-ciclo-de-cultura-tradicional-2023\",\"url\":\"https:\\\/\\\/redenoticiaz.com.br\\\/ribeiraopreto-regiao\\\/sp\\\/2023\\\/09\\\/16\\\/barretos-integra-ciclo-de-cultura-tradicional-2023\",\"name\":\"Barretos integra Ciclo de Cultura Tradicional 2023 - Ribeir\u00e3o Preto e Regi\u00e3o\",\"isPartOf\":{\"@id\":\"https:\\\/\\\/redenoticiaz.com.br\\\/ribeiraopreto-regiao\\\/#website\"},\"primaryImageOfPage\":{\"@id\":\"https:\\\/\\\/redenoticiaz.com.br\\\/ribeiraopreto-regiao\\\/sp\\\/2023\\\/09\\\/16\\\/barretos-integra-ciclo-de-cultura-tradicional-2023#primaryimage\"},\"image\":{\"@id\":\"https:\\\/\\\/redenoticiaz.com.br\\\/ribeiraopreto-regiao\\\/sp\\\/2023\\\/09\\\/16\\\/barretos-integra-ciclo-de-cultura-tradicional-2023#primaryimage\"},\"thumbnailUrl\":\"https:\\\/\\\/redenoticiaz.com.br\\\/ribeiraopreto-regiao\\\/wp-content\\\/uploads\\\/sites\\\/4\\\/2023\\\/09\\\/cultura.png\",\"datePublished\":\"2023-09-16T18:00:51+00:00\",\"description\":\"Barretos recebe no pr\u00f3ximo s\u00e1bado, 16 de setembro, etapa do Ciclo de Cultura Tradicional 2023 com diversas a\u00e7\u00f5es.\",\"inLanguage\":\"pt-BR\",\"potentialAction\":[{\"@type\":\"ReadAction\",\"target\":[\"https:\\\/\\\/redenoticiaz.com.br\\\/ribeiraopreto-regiao\\\/sp\\\/2023\\\/09\\\/16\\\/barretos-integra-ciclo-de-cultura-tradicional-2023\"]}]},{\"@type\":\"ImageObject\",\"inLanguage\":\"pt-BR\",\"@id\":\"https:\\\/\\\/redenoticiaz.com.br\\\/ribeiraopreto-regiao\\\/sp\\\/2023\\\/09\\\/16\\\/barretos-integra-ciclo-de-cultura-tradicional-2023#primaryimage\",\"url\":\"https:\\\/\\\/redenoticiaz.com.br\\\/ribeiraopreto-regiao\\\/wp-content\\\/uploads\\\/sites\\\/4\\\/2023\\\/09\\\/cultura.png\",\"contentUrl\":\"https:\\\/\\\/redenoticiaz.com.br\\\/ribeiraopreto-regiao\\\/wp-content\\\/uploads\\\/sites\\\/4\\\/2023\\\/09\\\/cultura.png\",\"width\":1640,\"height\":924,\"caption\":\"Cr\u00e9dito: Divulga\u00e7\u00e3o\"},{\"@type\":\"WebSite\",\"@id\":\"https:\\\/\\\/redenoticiaz.com.br\\\/ribeiraopreto-regiao\\\/#website\",\"url\":\"https:\\\/\\\/redenoticiaz.com.br\\\/ribeiraopreto-regiao\\\/\",\"name\":\"Ribeir\u00e3o Preto e Regi\u00e3o\",\"description\":\"Rede NoticiaZ - Ribeir\u00e3o Preto e regi\u00e3o\",\"publisher\":{\"@id\":\"https:\\\/\\\/redenoticiaz.com.br\\\/ribeiraopreto-regiao\\\/#organization\"},\"potentialAction\":[{\"@type\":\"SearchAction\",\"target\":{\"@type\":\"EntryPoint\",\"urlTemplate\":\"https:\\\/\\\/redenoticiaz.com.br\\\/ribeiraopreto-regiao\\\/?s={search_term_string}\"},\"query-input\":{\"@type\":\"PropertyValueSpecification\",\"valueRequired\":true,\"valueName\":\"search_term_string\"}}],\"inLanguage\":\"pt-BR\"},{\"@type\":\"Organization\",\"@id\":\"https:\\\/\\\/redenoticiaz.com.br\\\/ribeiraopreto-regiao\\\/#organization\",\"name\":\"Ribeir\u00e3o Preto e Regi\u00e3o\",\"url\":\"https:\\\/\\\/redenoticiaz.com.br\\\/ribeiraopreto-regiao\\\/\",\"logo\":{\"@type\":\"ImageObject\",\"inLanguage\":\"pt-BR\",\"@id\":\"https:\\\/\\\/redenoticiaz.com.br\\\/ribeiraopreto-regiao\\\/#\\\/schema\\\/logo\\\/image\\\/\",\"url\":\"https:\\\/\\\/redenoticiaz.com.br\\\/barretos-regiao\\\/wp-content\\\/uploads\\\/sites\\\/4\\\/2022\\\/02\\\/logo.jpg\",\"contentUrl\":\"https:\\\/\\\/redenoticiaz.com.br\\\/barretos-regiao\\\/wp-content\\\/uploads\\\/sites\\\/4\\\/2022\\\/02\\\/logo.jpg\",\"width\":400,\"height\":250,\"caption\":\"Ribeir\u00e3o Preto e Regi\u00e3o\"},\"image\":{\"@id\":\"https:\\\/\\\/redenoticiaz.com.br\\\/ribeiraopreto-regiao\\\/#\\\/schema\\\/logo\\\/image\\\/\"},\"sameAs\":[\"https:\\\/\\\/m.facebook.com\\\/redenoticiaz.barretos\",\"https:\\\/\\\/x.com\\\/RN_barretos\",\"https:\\\/\\\/www.instagram.com\\\/redenoticiaz.barretos\\\/?igshid=YmMyMTA2M2Y\",\"https:\\\/\\\/www.linkedin.com\\\/company\\\/rede-noticiaz-barretos-e-regio\\\/\"]},{\"@type\":\"Person\",\"@id\":\"https:\\\/\\\/redenoticiaz.com.br\\\/ribeiraopreto-regiao\\\/#\\\/schema\\\/person\\\/1f84d6e94e6a62d2d81199d7503e9e90\",\"name\":\"Carina Reifonas\",\"image\":{\"@type\":\"ImageObject\",\"inLanguage\":\"pt-BR\",\"@id\":\"https:\\\/\\\/secure.gravatar.com\\\/avatar\\\/04c59859b23696cf867715880f81d5c037e60109730bdb4e6670ec2a2245bc97?s=96&d=mm&r=g\",\"url\":\"https:\\\/\\\/secure.gravatar.com\\\/avatar\\\/04c59859b23696cf867715880f81d5c037e60109730bdb4e6670ec2a2245bc97?s=96&d=mm&r=g\",\"contentUrl\":\"https:\\\/\\\/secure.gravatar.com\\\/avatar\\\/04c59859b23696cf867715880f81d5c037e60109730bdb4e6670ec2a2245bc97?s=96&d=mm&r=g\",\"caption\":\"Carina Reifonas\"},\"url\":\"https:\\\/\\\/redenoticiaz.com.br\\\/ribeiraopreto-regiao\\\/sp\\\/author\\\/carinareifonas\"}]}<\/script>\n<!-- \/ Yoast SEO plugin. -->","yoast_head_json":{"title":"Barretos integra Ciclo de Cultura Tradicional 2023 - Ribeir\u00e3o Preto e Regi\u00e3o","description":"Barretos recebe no pr\u00f3ximo s\u00e1bado, 16 de setembro, etapa do Ciclo de Cultura Tradicional 2023 com diversas a\u00e7\u00f5es.","robots":{"index":"index","follow":"follow","max-snippet":"max-snippet:-1","max-image-preview":"max-image-preview:large","max-video-preview":"max-video-preview:-1"},"canonical":"https:\/\/redenoticiaz.com.br\/ribeiraopreto-regiao\/sp\/2023\/09\/16\/barretos-integra-ciclo-de-cultura-tradicional-2023","og_locale":"pt_BR","og_type":"article","og_title":"Barretos integra Ciclo de Cultura Tradicional 2023 - Ribeir\u00e3o Preto e Regi\u00e3o","og_description":"Barretos recebe no pr\u00f3ximo s\u00e1bado, 16 de setembro, etapa do Ciclo de Cultura Tradicional 2023 com diversas a\u00e7\u00f5es.","og_url":"https:\/\/redenoticiaz.com.br\/ribeiraopreto-regiao\/sp\/2023\/09\/16\/barretos-integra-ciclo-de-cultura-tradicional-2023","og_site_name":"Ribeir\u00e3o Preto e Regi\u00e3o","article_publisher":"https:\/\/m.facebook.com\/redenoticiaz.barretos","article_published_time":"2023-09-16T18:00:51+00:00","og_image":[{"width":1640,"height":924,"url":"https:\/\/redenoticiaz.com.br\/ribeiraopreto-regiao\/wp-content\/uploads\/sites\/4\/2023\/09\/cultura.png","type":"image\/png"}],"author":"Carina Reifonas","twitter_card":"summary_large_image","twitter_creator":"@RN_barretos","twitter_site":"@RN_barretos","twitter_misc":{"Escrito por":"Carina Reifonas","Est. tempo de leitura":"3 minutos"},"schema":{"@context":"https:\/\/schema.org","@graph":[{"@type":"Article","@id":"https:\/\/redenoticiaz.com.br\/ribeiraopreto-regiao\/sp\/2023\/09\/16\/barretos-integra-ciclo-de-cultura-tradicional-2023#article","isPartOf":{"@id":"https:\/\/redenoticiaz.com.br\/ribeiraopreto-regiao\/sp\/2023\/09\/16\/barretos-integra-ciclo-de-cultura-tradicional-2023"},"author":{"name":"Carina Reifonas","@id":"https:\/\/redenoticiaz.com.br\/ribeiraopreto-regiao\/#\/schema\/person\/1f84d6e94e6a62d2d81199d7503e9e90"},"headline":"Barretos integra Ciclo de Cultura Tradicional 2023","datePublished":"2023-09-16T18:00:51+00:00","mainEntityOfPage":{"@id":"https:\/\/redenoticiaz.com.br\/ribeiraopreto-regiao\/sp\/2023\/09\/16\/barretos-integra-ciclo-de-cultura-tradicional-2023"},"wordCount":518,"commentCount":0,"publisher":{"@id":"https:\/\/redenoticiaz.com.br\/ribeiraopreto-regiao\/#organization"},"image":{"@id":"https:\/\/redenoticiaz.com.br\/ribeiraopreto-regiao\/sp\/2023\/09\/16\/barretos-integra-ciclo-de-cultura-tradicional-2023#primaryimage"},"thumbnailUrl":"https:\/\/redenoticiaz.com.br\/ribeiraopreto-regiao\/wp-content\/uploads\/sites\/4\/2023\/09\/cultura.png","keywords":["cultural","PROGRAMA\u00c7\u00c3O","SHOW"],"articleSection":["Cultura e M\u00fasica"],"inLanguage":"pt-BR","potentialAction":[{"@type":"CommentAction","name":"Comment","target":["https:\/\/redenoticiaz.com.br\/ribeiraopreto-regiao\/sp\/2023\/09\/16\/barretos-integra-ciclo-de-cultura-tradicional-2023#respond"]}]},{"@type":"WebPage","@id":"https:\/\/redenoticiaz.com.br\/ribeiraopreto-regiao\/sp\/2023\/09\/16\/barretos-integra-ciclo-de-cultura-tradicional-2023","url":"https:\/\/redenoticiaz.com.br\/ribeiraopreto-regiao\/sp\/2023\/09\/16\/barretos-integra-ciclo-de-cultura-tradicional-2023","name":"Barretos integra Ciclo de Cultura Tradicional 2023 - Ribeir\u00e3o Preto e Regi\u00e3o","isPartOf":{"@id":"https:\/\/redenoticiaz.com.br\/ribeiraopreto-regiao\/#website"},"primaryImageOfPage":{"@id":"https:\/\/redenoticiaz.com.br\/ribeiraopreto-regiao\/sp\/2023\/09\/16\/barretos-integra-ciclo-de-cultura-tradicional-2023#primaryimage"},"image":{"@id":"https:\/\/redenoticiaz.com.br\/ribeiraopreto-regiao\/sp\/2023\/09\/16\/barretos-integra-ciclo-de-cultura-tradicional-2023#primaryimage"},"thumbnailUrl":"https:\/\/redenoticiaz.com.br\/ribeiraopreto-regiao\/wp-content\/uploads\/sites\/4\/2023\/09\/cultura.png","datePublished":"2023-09-16T18:00:51+00:00","description":"Barretos recebe no pr\u00f3ximo s\u00e1bado, 16 de setembro, etapa do Ciclo de Cultura Tradicional 2023 com diversas a\u00e7\u00f5es.","inLanguage":"pt-BR","potentialAction":[{"@type":"ReadAction","target":["https:\/\/redenoticiaz.com.br\/ribeiraopreto-regiao\/sp\/2023\/09\/16\/barretos-integra-ciclo-de-cultura-tradicional-2023"]}]},{"@type":"ImageObject","inLanguage":"pt-BR","@id":"https:\/\/redenoticiaz.com.br\/ribeiraopreto-regiao\/sp\/2023\/09\/16\/barretos-integra-ciclo-de-cultura-tradicional-2023#primaryimage","url":"https:\/\/redenoticiaz.com.br\/ribeiraopreto-regiao\/wp-content\/uploads\/sites\/4\/2023\/09\/cultura.png","contentUrl":"https:\/\/redenoticiaz.com.br\/ribeiraopreto-regiao\/wp-content\/uploads\/sites\/4\/2023\/09\/cultura.png","width":1640,"height":924,"caption":"Cr\u00e9dito: Divulga\u00e7\u00e3o"},{"@type":"WebSite","@id":"https:\/\/redenoticiaz.com.br\/ribeiraopreto-regiao\/#website","url":"https:\/\/redenoticiaz.com.br\/ribeiraopreto-regiao\/","name":"Ribeir\u00e3o Preto e Regi\u00e3o","description":"Rede NoticiaZ - Ribeir\u00e3o Preto e regi\u00e3o","publisher":{"@id":"https:\/\/redenoticiaz.com.br\/ribeiraopreto-regiao\/#organization"},"potentialAction":[{"@type":"SearchAction","target":{"@type":"EntryPoint","urlTemplate":"https:\/\/redenoticiaz.com.br\/ribeiraopreto-regiao\/?s={search_term_string}"},"query-input":{"@type":"PropertyValueSpecification","valueRequired":true,"valueName":"search_term_string"}}],"inLanguage":"pt-BR"},{"@type":"Organization","@id":"https:\/\/redenoticiaz.com.br\/ribeiraopreto-regiao\/#organization","name":"Ribeir\u00e3o Preto e Regi\u00e3o","url":"https:\/\/redenoticiaz.com.br\/ribeiraopreto-regiao\/","logo":{"@type":"ImageObject","inLanguage":"pt-BR","@id":"https:\/\/redenoticiaz.com.br\/ribeiraopreto-regiao\/#\/schema\/logo\/image\/","url":"https:\/\/redenoticiaz.com.br\/barretos-regiao\/wp-content\/uploads\/sites\/4\/2022\/02\/logo.jpg","contentUrl":"https:\/\/redenoticiaz.com.br\/barretos-regiao\/wp-content\/uploads\/sites\/4\/2022\/02\/logo.jpg","width":400,"height":250,"caption":"Ribeir\u00e3o Preto e Regi\u00e3o"},"image":{"@id":"https:\/\/redenoticiaz.com.br\/ribeiraopreto-regiao\/#\/schema\/logo\/image\/"},"sameAs":["https:\/\/m.facebook.com\/redenoticiaz.barretos","https:\/\/x.com\/RN_barretos","https:\/\/www.instagram.com\/redenoticiaz.barretos\/?igshid=YmMyMTA2M2Y","https:\/\/www.linkedin.com\/company\/rede-noticiaz-barretos-e-regio\/"]},{"@type":"Person","@id":"https:\/\/redenoticiaz.com.br\/ribeiraopreto-regiao\/#\/schema\/person\/1f84d6e94e6a62d2d81199d7503e9e90","name":"Carina Reifonas","image":{"@type":"ImageObject","inLanguage":"pt-BR","@id":"https:\/\/secure.gravatar.com\/avatar\/04c59859b23696cf867715880f81d5c037e60109730bdb4e6670ec2a2245bc97?s=96&d=mm&r=g","url":"https:\/\/secure.gravatar.com\/avatar\/04c59859b23696cf867715880f81d5c037e60109730bdb4e6670ec2a2245bc97?s=96&d=mm&r=g","contentUrl":"https:\/\/secure.gravatar.com\/avatar\/04c59859b23696cf867715880f81d5c037e60109730bdb4e6670ec2a2245bc97?s=96&d=mm&r=g","caption":"Carina Reifonas"},"url":"https:\/\/redenoticiaz.com.br\/ribeiraopreto-regiao\/sp\/author\/carinareifonas"}]}},"_links":{"self":[{"href":"https:\/\/redenoticiaz.com.br\/ribeiraopreto-regiao\/wp-json\/wp\/v2\/posts\/110793","targetHints":{"allow":["GET"]}}],"collection":[{"href":"https:\/\/redenoticiaz.com.br\/ribeiraopreto-regiao\/wp-json\/wp\/v2\/posts"}],"about":[{"href":"https:\/\/redenoticiaz.com.br\/ribeiraopreto-regiao\/wp-json\/wp\/v2\/types\/post"}],"author":[{"embeddable":true,"href":"https:\/\/redenoticiaz.com.br\/ribeiraopreto-regiao\/wp-json\/wp\/v2\/users\/30"}],"replies":[{"embeddable":true,"href":"https:\/\/redenoticiaz.com.br\/ribeiraopreto-regiao\/wp-json\/wp\/v2\/comments?post=110793"}],"version-history":[{"count":1,"href":"https:\/\/redenoticiaz.com.br\/ribeiraopreto-regiao\/wp-json\/wp\/v2\/posts\/110793\/revisions"}],"predecessor-version":[{"id":110795,"href":"https:\/\/redenoticiaz.com.br\/ribeiraopreto-regiao\/wp-json\/wp\/v2\/posts\/110793\/revisions\/110795"}],"wp:featuredmedia":[{"embeddable":true,"href":"https:\/\/redenoticiaz.com.br\/ribeiraopreto-regiao\/wp-json\/wp\/v2\/media\/110794"}],"wp:attachment":[{"href":"https:\/\/redenoticiaz.com.br\/ribeiraopreto-regiao\/wp-json\/wp\/v2\/media?parent=110793"}],"wp:term":[{"taxonomy":"category","embeddable":true,"href":"https:\/\/redenoticiaz.com.br\/ribeiraopreto-regiao\/wp-json\/wp\/v2\/categories?post=110793"},{"taxonomy":"post_tag","embeddable":true,"href":"https:\/\/redenoticiaz.com.br\/ribeiraopreto-regiao\/wp-json\/wp\/v2\/tags?post=110793"}],"curies":[{"name":"wp","href":"https:\/\/api.w.org\/{rel}","templated":true}]}}