{"id":110866,"date":"2023-09-18T14:31:01","date_gmt":"2023-09-18T17:31:01","guid":{"rendered":"https:\/\/redenoticiaz.com.br\/barretos-regiao\/?p=110866"},"modified":"2023-09-18T14:31:01","modified_gmt":"2023-09-18T17:31:01","slug":"bituca-de-cigarro-causa-destruicao-em-edicula","status":"publish","type":"post","link":"https:\/\/redenoticiaz.com.br\/ribeiraopreto-regiao\/sp\/2023\/09\/18\/bituca-de-cigarro-causa-destruicao-em-edicula","title":{"rendered":"Bituca de cigarro causa destrui\u00e7\u00e3o em ed\u00edcula"},"content":{"rendered":"<p>Uma trag\u00e9dia se abateu sobre uma resid\u00eancia no bairro Mutir\u00e3o II, em Gua\u00edra, no \u00faltimo s\u00e1bado. Equipes do Corpo de Bombeiros de Barretos foram acionadas para combater um inc\u00eandio que teve origem em uma bituca de cigarro acesa sobre um sof\u00e1 na casa, resultando na destrui\u00e7\u00e3o completa da ed\u00edcula de tr\u00eas c\u00f4modos.<\/p>\n<p>O incidente come\u00e7ou quando moradores estavam no sof\u00e1, e uma bituca de cigarro provocou o inc\u00eandio. Infelizmente, eles n\u00e3o conseguiram controlar as chamas, que se espalharam rapidamente pela casa. O Corpo de Bombeiros foi acionado atrav\u00e9s do telefone de emerg\u00eancia 193 e se deslocou at\u00e9 Gua\u00edra para conter o inc\u00eandio.<\/p>\n<p>O subtenente C. Souza do Corpo de Bombeiros relatou: &#8220;Ao chegar ao local, verificamos que o inc\u00eandio havia tomado conta da casa inteira. Acionamos tamb\u00e9m a Guarda Municipal de Gua\u00edra, que compareceu com um caminh\u00e3o para evitar que as chamas se espalhassem para as resid\u00eancias vizinhas. Populares tamb\u00e9m contribu\u00edram no combate ao fogo, jogando \u00e1gua com mangueiras.&#8221;<\/p>\n<p>Apesar dos esfor\u00e7os conjuntos para controlar o inc\u00eandio, a resid\u00eancia foi completamente consumida pelas chamas. Os bombeiros permaneceram no local por cerca de 20 minutos, retirando um botij\u00e3o de g\u00e1s e realizando o rescaldo. Al\u00e9m disso, eles procuraram e encontraram a documenta\u00e7\u00e3o de uma senhora que estava em uma bolsa.<\/p>\n<p>O telhado da ed\u00edcula foi completamente destru\u00eddo, deixando apenas algumas paredes de p\u00e9. A princ\u00edpio, n\u00e3o houve feridos no local.<\/p>\n<p>LEIA MAIS<\/p>\n<p><a href=\"https:\/\/redenoticiaz.com.br\/barretos-regiao\/sp\/2023\/09\/18\/preso-suspeito-de-furto-de-fiacao-eletrica\">Preso suspeito de furto de fia\u00e7\u00e3o el\u00e9trica<\/a><\/p>\n<p><a href=\"https:\/\/redenoticiaz.com.br\/barretos-regiao\/sp\/2023\/09\/18\/video-onibus-articulado-pega-fogo-em-avenida-movimentada\">V\u00cdDEO \u2013 \u00d4nibus articulado pega fogo em avenida movimentada<\/a><br \/>\n<a href=\"https:\/\/redenoticiaz.com.br\/barretos-regiao\/sp\/2023\/09\/17\/video-incendio-de-grandes-proporcoes-atinge-fabrica-de-tintas\">V\u00cdDEO \u2013 Inc\u00eandio de grandes propor\u00e7\u00f5es atinge f\u00e1brica de tintas<\/a><\/p>\n","protected":false},"excerpt":{"rendered":"<p>Uma trag\u00e9dia se abateu sobre uma resid\u00eancia no bairro Mutir\u00e3o II, em Gua\u00edra, no \u00faltimo s\u00e1bado. Equipes do Corpo de Bombeiros de Barretos foram acionadas para combater um inc\u00eandio que teve origem em uma bituca de cigarro acesa sobre um sof\u00e1 na casa, resultando na destrui\u00e7\u00e3o completa da ed\u00edcula de tr\u00eas c\u00f4modos. O incidente come\u00e7ou &hellip;<\/p>\n","protected":false},"author":30,"featured_media":110867,"comment_status":"open","ping_status":"closed","sticky":false,"template":"","format":"standard","meta":{"footnotes":""},"categories":[88],"tags":[19877,28961,3174],"class_list":["post-110866","post","type-post","status-publish","format-standard","has-post-thumbnail","hentry","category-policia","tag-cigarro","tag-edicula","tag-guaira"],"yoast_head":"<!-- This site is optimized with the Yoast SEO plugin v27.4 - https:\/\/yoast.com\/product\/yoast-seo-wordpress\/ -->\n<title>Bituca de cigarro causa destrui\u00e7\u00e3o em ed\u00edcula - Ribeir\u00e3o Preto e Regi\u00e3o<\/title>\n<meta name=\"description\" content=\"Uma trag\u00e9dia se abateu sobre uma resid\u00eancia no bairro Mutir\u00e3o II, em Gua\u00edra, no \u00faltimo s\u00e1bado. Corpo de Bombeiros de Barretos foram acionadas\" \/>\n<meta name=\"robots\" content=\"index, follow, max-snippet:-1, max-image-preview:large, max-video-preview:-1\" \/>\n<link rel=\"canonical\" href=\"https:\/\/redenoticiaz.com.br\/ribeiraopreto-regiao\/sp\/2023\/09\/18\/bituca-de-cigarro-causa-destruicao-em-edicula\" \/>\n<meta property=\"og:locale\" content=\"pt_BR\" \/>\n<meta property=\"og:type\" content=\"article\" \/>\n<meta property=\"og:title\" content=\"Bituca de cigarro causa destrui\u00e7\u00e3o em ed\u00edcula - Ribeir\u00e3o Preto e Regi\u00e3o\" \/>\n<meta property=\"og:description\" content=\"Uma trag\u00e9dia se abateu sobre uma resid\u00eancia no bairro Mutir\u00e3o II, em Gua\u00edra, no \u00faltimo s\u00e1bado. Corpo de Bombeiros de Barretos foram acionadas\" \/>\n<meta property=\"og:url\" content=\"https:\/\/redenoticiaz.com.br\/ribeiraopreto-regiao\/sp\/2023\/09\/18\/bituca-de-cigarro-causa-destruicao-em-edicula\" \/>\n<meta property=\"og:site_name\" content=\"Ribeir\u00e3o Preto e Regi\u00e3o\" \/>\n<meta property=\"article:publisher\" content=\"https:\/\/m.facebook.com\/redenoticiaz.barretos\" \/>\n<meta property=\"article:published_time\" content=\"2023-09-18T17:31:01+00:00\" \/>\n<meta property=\"og:image\" content=\"https:\/\/redenoticiaz.com.br\/ribeiraopreto-regiao\/wp-content\/uploads\/sites\/4\/2023\/09\/Captura-de-tela-2023-09-18-142837.png\" \/>\n\t<meta property=\"og:image:width\" content=\"658\" \/>\n\t<meta property=\"og:image:height\" content=\"488\" \/>\n\t<meta property=\"og:image:type\" content=\"image\/png\" \/>\n<meta name=\"author\" content=\"Carina Reifonas\" \/>\n<meta name=\"twitter:card\" content=\"summary_large_image\" \/>\n<meta name=\"twitter:creator\" content=\"@RN_barretos\" \/>\n<meta name=\"twitter:site\" content=\"@RN_barretos\" \/>\n<meta name=\"twitter:label1\" content=\"Escrito por\" \/>\n\t<meta name=\"twitter:data1\" content=\"Carina Reifonas\" \/>\n\t<meta name=\"twitter:label2\" content=\"Est. tempo de leitura\" \/>\n\t<meta name=\"twitter:data2\" content=\"2 minutos\" \/>\n<script type=\"application\/ld+json\" class=\"yoast-schema-graph\">{\"@context\":\"https:\\\/\\\/schema.org\",\"@graph\":[{\"@type\":\"Article\",\"@id\":\"https:\\\/\\\/redenoticiaz.com.br\\\/ribeiraopreto-regiao\\\/sp\\\/2023\\\/09\\\/18\\\/bituca-de-cigarro-causa-destruicao-em-edicula#article\",\"isPartOf\":{\"@id\":\"https:\\\/\\\/redenoticiaz.com.br\\\/ribeiraopreto-regiao\\\/sp\\\/2023\\\/09\\\/18\\\/bituca-de-cigarro-causa-destruicao-em-edicula\"},\"author\":{\"name\":\"Carina Reifonas\",\"@id\":\"https:\\\/\\\/redenoticiaz.com.br\\\/ribeiraopreto-regiao\\\/#\\\/schema\\\/person\\\/1f84d6e94e6a62d2d81199d7503e9e90\"},\"headline\":\"Bituca de cigarro causa destrui\u00e7\u00e3o em ed\u00edcula\",\"datePublished\":\"2023-09-18T17:31:01+00:00\",\"mainEntityOfPage\":{\"@id\":\"https:\\\/\\\/redenoticiaz.com.br\\\/ribeiraopreto-regiao\\\/sp\\\/2023\\\/09\\\/18\\\/bituca-de-cigarro-causa-destruicao-em-edicula\"},\"wordCount\":304,\"commentCount\":0,\"publisher\":{\"@id\":\"https:\\\/\\\/redenoticiaz.com.br\\\/ribeiraopreto-regiao\\\/#organization\"},\"image\":{\"@id\":\"https:\\\/\\\/redenoticiaz.com.br\\\/ribeiraopreto-regiao\\\/sp\\\/2023\\\/09\\\/18\\\/bituca-de-cigarro-causa-destruicao-em-edicula#primaryimage\"},\"thumbnailUrl\":\"https:\\\/\\\/redenoticiaz.com.br\\\/ribeiraopreto-regiao\\\/wp-content\\\/uploads\\\/sites\\\/4\\\/2023\\\/09\\\/Captura-de-tela-2023-09-18-142837.png\",\"keywords\":[\"cigarro\",\"ed\u00edcula\",\"GUA\u00cdRA\"],\"articleSection\":[\"Pol\u00edcia\"],\"inLanguage\":\"pt-BR\",\"potentialAction\":[{\"@type\":\"CommentAction\",\"name\":\"Comment\",\"target\":[\"https:\\\/\\\/redenoticiaz.com.br\\\/ribeiraopreto-regiao\\\/sp\\\/2023\\\/09\\\/18\\\/bituca-de-cigarro-causa-destruicao-em-edicula#respond\"]}]},{\"@type\":\"WebPage\",\"@id\":\"https:\\\/\\\/redenoticiaz.com.br\\\/ribeiraopreto-regiao\\\/sp\\\/2023\\\/09\\\/18\\\/bituca-de-cigarro-causa-destruicao-em-edicula\",\"url\":\"https:\\\/\\\/redenoticiaz.com.br\\\/ribeiraopreto-regiao\\\/sp\\\/2023\\\/09\\\/18\\\/bituca-de-cigarro-causa-destruicao-em-edicula\",\"name\":\"Bituca de cigarro causa destrui\u00e7\u00e3o em ed\u00edcula - Ribeir\u00e3o Preto e Regi\u00e3o\",\"isPartOf\":{\"@id\":\"https:\\\/\\\/redenoticiaz.com.br\\\/ribeiraopreto-regiao\\\/#website\"},\"primaryImageOfPage\":{\"@id\":\"https:\\\/\\\/redenoticiaz.com.br\\\/ribeiraopreto-regiao\\\/sp\\\/2023\\\/09\\\/18\\\/bituca-de-cigarro-causa-destruicao-em-edicula#primaryimage\"},\"image\":{\"@id\":\"https:\\\/\\\/redenoticiaz.com.br\\\/ribeiraopreto-regiao\\\/sp\\\/2023\\\/09\\\/18\\\/bituca-de-cigarro-causa-destruicao-em-edicula#primaryimage\"},\"thumbnailUrl\":\"https:\\\/\\\/redenoticiaz.com.br\\\/ribeiraopreto-regiao\\\/wp-content\\\/uploads\\\/sites\\\/4\\\/2023\\\/09\\\/Captura-de-tela-2023-09-18-142837.png\",\"datePublished\":\"2023-09-18T17:31:01+00:00\",\"description\":\"Uma trag\u00e9dia se abateu sobre uma resid\u00eancia no bairro Mutir\u00e3o II, em Gua\u00edra, no \u00faltimo s\u00e1bado. Corpo de Bombeiros de Barretos foram acionadas\",\"inLanguage\":\"pt-BR\",\"potentialAction\":[{\"@type\":\"ReadAction\",\"target\":[\"https:\\\/\\\/redenoticiaz.com.br\\\/ribeiraopreto-regiao\\\/sp\\\/2023\\\/09\\\/18\\\/bituca-de-cigarro-causa-destruicao-em-edicula\"]}]},{\"@type\":\"ImageObject\",\"inLanguage\":\"pt-BR\",\"@id\":\"https:\\\/\\\/redenoticiaz.com.br\\\/ribeiraopreto-regiao\\\/sp\\\/2023\\\/09\\\/18\\\/bituca-de-cigarro-causa-destruicao-em-edicula#primaryimage\",\"url\":\"https:\\\/\\\/redenoticiaz.com.br\\\/ribeiraopreto-regiao\\\/wp-content\\\/uploads\\\/sites\\\/4\\\/2023\\\/09\\\/Captura-de-tela-2023-09-18-142837.png\",\"contentUrl\":\"https:\\\/\\\/redenoticiaz.com.br\\\/ribeiraopreto-regiao\\\/wp-content\\\/uploads\\\/sites\\\/4\\\/2023\\\/09\\\/Captura-de-tela-2023-09-18-142837.png\",\"width\":658,\"height\":488},{\"@type\":\"WebSite\",\"@id\":\"https:\\\/\\\/redenoticiaz.com.br\\\/ribeiraopreto-regiao\\\/#website\",\"url\":\"https:\\\/\\\/redenoticiaz.com.br\\\/ribeiraopreto-regiao\\\/\",\"name\":\"Ribeir\u00e3o Preto e Regi\u00e3o\",\"description\":\"Rede NoticiaZ - Ribeir\u00e3o Preto e regi\u00e3o\",\"publisher\":{\"@id\":\"https:\\\/\\\/redenoticiaz.com.br\\\/ribeiraopreto-regiao\\\/#organization\"},\"potentialAction\":[{\"@type\":\"SearchAction\",\"target\":{\"@type\":\"EntryPoint\",\"urlTemplate\":\"https:\\\/\\\/redenoticiaz.com.br\\\/ribeiraopreto-regiao\\\/?s={search_term_string}\"},\"query-input\":{\"@type\":\"PropertyValueSpecification\",\"valueRequired\":true,\"valueName\":\"search_term_string\"}}],\"inLanguage\":\"pt-BR\"},{\"@type\":\"Organization\",\"@id\":\"https:\\\/\\\/redenoticiaz.com.br\\\/ribeiraopreto-regiao\\\/#organization\",\"name\":\"Ribeir\u00e3o Preto e Regi\u00e3o\",\"url\":\"https:\\\/\\\/redenoticiaz.com.br\\\/ribeiraopreto-regiao\\\/\",\"logo\":{\"@type\":\"ImageObject\",\"inLanguage\":\"pt-BR\",\"@id\":\"https:\\\/\\\/redenoticiaz.com.br\\\/ribeiraopreto-regiao\\\/#\\\/schema\\\/logo\\\/image\\\/\",\"url\":\"https:\\\/\\\/redenoticiaz.com.br\\\/barretos-regiao\\\/wp-content\\\/uploads\\\/sites\\\/4\\\/2022\\\/02\\\/logo.jpg\",\"contentUrl\":\"https:\\\/\\\/redenoticiaz.com.br\\\/barretos-regiao\\\/wp-content\\\/uploads\\\/sites\\\/4\\\/2022\\\/02\\\/logo.jpg\",\"width\":400,\"height\":250,\"caption\":\"Ribeir\u00e3o Preto e Regi\u00e3o\"},\"image\":{\"@id\":\"https:\\\/\\\/redenoticiaz.com.br\\\/ribeiraopreto-regiao\\\/#\\\/schema\\\/logo\\\/image\\\/\"},\"sameAs\":[\"https:\\\/\\\/m.facebook.com\\\/redenoticiaz.barretos\",\"https:\\\/\\\/x.com\\\/RN_barretos\",\"https:\\\/\\\/www.instagram.com\\\/redenoticiaz.barretos\\\/?igshid=YmMyMTA2M2Y\",\"https:\\\/\\\/www.linkedin.com\\\/company\\\/rede-noticiaz-barretos-e-regio\\\/\"]},{\"@type\":\"Person\",\"@id\":\"https:\\\/\\\/redenoticiaz.com.br\\\/ribeiraopreto-regiao\\\/#\\\/schema\\\/person\\\/1f84d6e94e6a62d2d81199d7503e9e90\",\"name\":\"Carina Reifonas\",\"image\":{\"@type\":\"ImageObject\",\"inLanguage\":\"pt-BR\",\"@id\":\"https:\\\/\\\/secure.gravatar.com\\\/avatar\\\/04c59859b23696cf867715880f81d5c037e60109730bdb4e6670ec2a2245bc97?s=96&d=mm&r=g\",\"url\":\"https:\\\/\\\/secure.gravatar.com\\\/avatar\\\/04c59859b23696cf867715880f81d5c037e60109730bdb4e6670ec2a2245bc97?s=96&d=mm&r=g\",\"contentUrl\":\"https:\\\/\\\/secure.gravatar.com\\\/avatar\\\/04c59859b23696cf867715880f81d5c037e60109730bdb4e6670ec2a2245bc97?s=96&d=mm&r=g\",\"caption\":\"Carina Reifonas\"},\"url\":\"https:\\\/\\\/redenoticiaz.com.br\\\/ribeiraopreto-regiao\\\/sp\\\/author\\\/carinareifonas\"}]}<\/script>\n<!-- \/ Yoast SEO plugin. -->","yoast_head_json":{"title":"Bituca de cigarro causa destrui\u00e7\u00e3o em ed\u00edcula - Ribeir\u00e3o Preto e Regi\u00e3o","description":"Uma trag\u00e9dia se abateu sobre uma resid\u00eancia no bairro Mutir\u00e3o II, em Gua\u00edra, no \u00faltimo s\u00e1bado. Corpo de Bombeiros de Barretos foram acionadas","robots":{"index":"index","follow":"follow","max-snippet":"max-snippet:-1","max-image-preview":"max-image-preview:large","max-video-preview":"max-video-preview:-1"},"canonical":"https:\/\/redenoticiaz.com.br\/ribeiraopreto-regiao\/sp\/2023\/09\/18\/bituca-de-cigarro-causa-destruicao-em-edicula","og_locale":"pt_BR","og_type":"article","og_title":"Bituca de cigarro causa destrui\u00e7\u00e3o em ed\u00edcula - Ribeir\u00e3o Preto e Regi\u00e3o","og_description":"Uma trag\u00e9dia se abateu sobre uma resid\u00eancia no bairro Mutir\u00e3o II, em Gua\u00edra, no \u00faltimo s\u00e1bado. Corpo de Bombeiros de Barretos foram acionadas","og_url":"https:\/\/redenoticiaz.com.br\/ribeiraopreto-regiao\/sp\/2023\/09\/18\/bituca-de-cigarro-causa-destruicao-em-edicula","og_site_name":"Ribeir\u00e3o Preto e Regi\u00e3o","article_publisher":"https:\/\/m.facebook.com\/redenoticiaz.barretos","article_published_time":"2023-09-18T17:31:01+00:00","og_image":[{"width":658,"height":488,"url":"https:\/\/redenoticiaz.com.br\/ribeiraopreto-regiao\/wp-content\/uploads\/sites\/4\/2023\/09\/Captura-de-tela-2023-09-18-142837.png","type":"image\/png"}],"author":"Carina Reifonas","twitter_card":"summary_large_image","twitter_creator":"@RN_barretos","twitter_site":"@RN_barretos","twitter_misc":{"Escrito por":"Carina Reifonas","Est. tempo de leitura":"2 minutos"},"schema":{"@context":"https:\/\/schema.org","@graph":[{"@type":"Article","@id":"https:\/\/redenoticiaz.com.br\/ribeiraopreto-regiao\/sp\/2023\/09\/18\/bituca-de-cigarro-causa-destruicao-em-edicula#article","isPartOf":{"@id":"https:\/\/redenoticiaz.com.br\/ribeiraopreto-regiao\/sp\/2023\/09\/18\/bituca-de-cigarro-causa-destruicao-em-edicula"},"author":{"name":"Carina Reifonas","@id":"https:\/\/redenoticiaz.com.br\/ribeiraopreto-regiao\/#\/schema\/person\/1f84d6e94e6a62d2d81199d7503e9e90"},"headline":"Bituca de cigarro causa destrui\u00e7\u00e3o em ed\u00edcula","datePublished":"2023-09-18T17:31:01+00:00","mainEntityOfPage":{"@id":"https:\/\/redenoticiaz.com.br\/ribeiraopreto-regiao\/sp\/2023\/09\/18\/bituca-de-cigarro-causa-destruicao-em-edicula"},"wordCount":304,"commentCount":0,"publisher":{"@id":"https:\/\/redenoticiaz.com.br\/ribeiraopreto-regiao\/#organization"},"image":{"@id":"https:\/\/redenoticiaz.com.br\/ribeiraopreto-regiao\/sp\/2023\/09\/18\/bituca-de-cigarro-causa-destruicao-em-edicula#primaryimage"},"thumbnailUrl":"https:\/\/redenoticiaz.com.br\/ribeiraopreto-regiao\/wp-content\/uploads\/sites\/4\/2023\/09\/Captura-de-tela-2023-09-18-142837.png","keywords":["cigarro","ed\u00edcula","GUA\u00cdRA"],"articleSection":["Pol\u00edcia"],"inLanguage":"pt-BR","potentialAction":[{"@type":"CommentAction","name":"Comment","target":["https:\/\/redenoticiaz.com.br\/ribeiraopreto-regiao\/sp\/2023\/09\/18\/bituca-de-cigarro-causa-destruicao-em-edicula#respond"]}]},{"@type":"WebPage","@id":"https:\/\/redenoticiaz.com.br\/ribeiraopreto-regiao\/sp\/2023\/09\/18\/bituca-de-cigarro-causa-destruicao-em-edicula","url":"https:\/\/redenoticiaz.com.br\/ribeiraopreto-regiao\/sp\/2023\/09\/18\/bituca-de-cigarro-causa-destruicao-em-edicula","name":"Bituca de cigarro causa destrui\u00e7\u00e3o em ed\u00edcula - Ribeir\u00e3o Preto e Regi\u00e3o","isPartOf":{"@id":"https:\/\/redenoticiaz.com.br\/ribeiraopreto-regiao\/#website"},"primaryImageOfPage":{"@id":"https:\/\/redenoticiaz.com.br\/ribeiraopreto-regiao\/sp\/2023\/09\/18\/bituca-de-cigarro-causa-destruicao-em-edicula#primaryimage"},"image":{"@id":"https:\/\/redenoticiaz.com.br\/ribeiraopreto-regiao\/sp\/2023\/09\/18\/bituca-de-cigarro-causa-destruicao-em-edicula#primaryimage"},"thumbnailUrl":"https:\/\/redenoticiaz.com.br\/ribeiraopreto-regiao\/wp-content\/uploads\/sites\/4\/2023\/09\/Captura-de-tela-2023-09-18-142837.png","datePublished":"2023-09-18T17:31:01+00:00","description":"Uma trag\u00e9dia se abateu sobre uma resid\u00eancia no bairro Mutir\u00e3o II, em Gua\u00edra, no \u00faltimo s\u00e1bado. Corpo de Bombeiros de Barretos foram acionadas","inLanguage":"pt-BR","potentialAction":[{"@type":"ReadAction","target":["https:\/\/redenoticiaz.com.br\/ribeiraopreto-regiao\/sp\/2023\/09\/18\/bituca-de-cigarro-causa-destruicao-em-edicula"]}]},{"@type":"ImageObject","inLanguage":"pt-BR","@id":"https:\/\/redenoticiaz.com.br\/ribeiraopreto-regiao\/sp\/2023\/09\/18\/bituca-de-cigarro-causa-destruicao-em-edicula#primaryimage","url":"https:\/\/redenoticiaz.com.br\/ribeiraopreto-regiao\/wp-content\/uploads\/sites\/4\/2023\/09\/Captura-de-tela-2023-09-18-142837.png","contentUrl":"https:\/\/redenoticiaz.com.br\/ribeiraopreto-regiao\/wp-content\/uploads\/sites\/4\/2023\/09\/Captura-de-tela-2023-09-18-142837.png","width":658,"height":488},{"@type":"WebSite","@id":"https:\/\/redenoticiaz.com.br\/ribeiraopreto-regiao\/#website","url":"https:\/\/redenoticiaz.com.br\/ribeiraopreto-regiao\/","name":"Ribeir\u00e3o Preto e Regi\u00e3o","description":"Rede NoticiaZ - Ribeir\u00e3o Preto e regi\u00e3o","publisher":{"@id":"https:\/\/redenoticiaz.com.br\/ribeiraopreto-regiao\/#organization"},"potentialAction":[{"@type":"SearchAction","target":{"@type":"EntryPoint","urlTemplate":"https:\/\/redenoticiaz.com.br\/ribeiraopreto-regiao\/?s={search_term_string}"},"query-input":{"@type":"PropertyValueSpecification","valueRequired":true,"valueName":"search_term_string"}}],"inLanguage":"pt-BR"},{"@type":"Organization","@id":"https:\/\/redenoticiaz.com.br\/ribeiraopreto-regiao\/#organization","name":"Ribeir\u00e3o Preto e Regi\u00e3o","url":"https:\/\/redenoticiaz.com.br\/ribeiraopreto-regiao\/","logo":{"@type":"ImageObject","inLanguage":"pt-BR","@id":"https:\/\/redenoticiaz.com.br\/ribeiraopreto-regiao\/#\/schema\/logo\/image\/","url":"https:\/\/redenoticiaz.com.br\/barretos-regiao\/wp-content\/uploads\/sites\/4\/2022\/02\/logo.jpg","contentUrl":"https:\/\/redenoticiaz.com.br\/barretos-regiao\/wp-content\/uploads\/sites\/4\/2022\/02\/logo.jpg","width":400,"height":250,"caption":"Ribeir\u00e3o Preto e Regi\u00e3o"},"image":{"@id":"https:\/\/redenoticiaz.com.br\/ribeiraopreto-regiao\/#\/schema\/logo\/image\/"},"sameAs":["https:\/\/m.facebook.com\/redenoticiaz.barretos","https:\/\/x.com\/RN_barretos","https:\/\/www.instagram.com\/redenoticiaz.barretos\/?igshid=YmMyMTA2M2Y","https:\/\/www.linkedin.com\/company\/rede-noticiaz-barretos-e-regio\/"]},{"@type":"Person","@id":"https:\/\/redenoticiaz.com.br\/ribeiraopreto-regiao\/#\/schema\/person\/1f84d6e94e6a62d2d81199d7503e9e90","name":"Carina Reifonas","image":{"@type":"ImageObject","inLanguage":"pt-BR","@id":"https:\/\/secure.gravatar.com\/avatar\/04c59859b23696cf867715880f81d5c037e60109730bdb4e6670ec2a2245bc97?s=96&d=mm&r=g","url":"https:\/\/secure.gravatar.com\/avatar\/04c59859b23696cf867715880f81d5c037e60109730bdb4e6670ec2a2245bc97?s=96&d=mm&r=g","contentUrl":"https:\/\/secure.gravatar.com\/avatar\/04c59859b23696cf867715880f81d5c037e60109730bdb4e6670ec2a2245bc97?s=96&d=mm&r=g","caption":"Carina Reifonas"},"url":"https:\/\/redenoticiaz.com.br\/ribeiraopreto-regiao\/sp\/author\/carinareifonas"}]}},"_links":{"self":[{"href":"https:\/\/redenoticiaz.com.br\/ribeiraopreto-regiao\/wp-json\/wp\/v2\/posts\/110866","targetHints":{"allow":["GET"]}}],"collection":[{"href":"https:\/\/redenoticiaz.com.br\/ribeiraopreto-regiao\/wp-json\/wp\/v2\/posts"}],"about":[{"href":"https:\/\/redenoticiaz.com.br\/ribeiraopreto-regiao\/wp-json\/wp\/v2\/types\/post"}],"author":[{"embeddable":true,"href":"https:\/\/redenoticiaz.com.br\/ribeiraopreto-regiao\/wp-json\/wp\/v2\/users\/30"}],"replies":[{"embeddable":true,"href":"https:\/\/redenoticiaz.com.br\/ribeiraopreto-regiao\/wp-json\/wp\/v2\/comments?post=110866"}],"version-history":[{"count":1,"href":"https:\/\/redenoticiaz.com.br\/ribeiraopreto-regiao\/wp-json\/wp\/v2\/posts\/110866\/revisions"}],"predecessor-version":[{"id":110868,"href":"https:\/\/redenoticiaz.com.br\/ribeiraopreto-regiao\/wp-json\/wp\/v2\/posts\/110866\/revisions\/110868"}],"wp:featuredmedia":[{"embeddable":true,"href":"https:\/\/redenoticiaz.com.br\/ribeiraopreto-regiao\/wp-json\/wp\/v2\/media\/110867"}],"wp:attachment":[{"href":"https:\/\/redenoticiaz.com.br\/ribeiraopreto-regiao\/wp-json\/wp\/v2\/media?parent=110866"}],"wp:term":[{"taxonomy":"category","embeddable":true,"href":"https:\/\/redenoticiaz.com.br\/ribeiraopreto-regiao\/wp-json\/wp\/v2\/categories?post=110866"},{"taxonomy":"post_tag","embeddable":true,"href":"https:\/\/redenoticiaz.com.br\/ribeiraopreto-regiao\/wp-json\/wp\/v2\/tags?post=110866"}],"curies":[{"name":"wp","href":"https:\/\/api.w.org\/{rel}","templated":true}]}}