{"id":110968,"date":"2023-09-23T15:00:22","date_gmt":"2023-09-23T18:00:22","guid":{"rendered":"https:\/\/redenoticiaz.com.br\/barretos-regiao\/?p=110968"},"modified":"2023-09-20T21:37:16","modified_gmt":"2023-09-21T00:37:16","slug":"infogripe-mantem-alerta-para-aumento-de-casos-de-covid-19","status":"publish","type":"post","link":"https:\/\/redenoticiaz.com.br\/ribeiraopreto-regiao\/sp\/2023\/09\/23\/infogripe-mantem-alerta-para-aumento-de-casos-de-covid-19","title":{"rendered":"InfoGripe mant\u00e9m alerta para aumento de casos de covid-19"},"content":{"rendered":"<p>Boletim InfoGripe, da Funda\u00e7\u00e3o Oswaldo Cruz (Fiocruz), segue similar ao da semana passada, no qual se identificou um ligeiro aumento nos casos de S\u00edndromes Respirat\u00f3rias Agudas Graves (SRAG) associadas \u00e0 covid-19, majoritariamente localizados em estados do Sudeste e do Centro-Oeste, com destaque para o Rio de Janeiro, S\u00e3o Paulo e Goi\u00e1s.<img decoding=\"async\" src=\"https:\/\/agenciabrasil.ebc.com.br\/ebc.png?id=1556612&amp;o=node\" \/><img decoding=\"async\" src=\"https:\/\/agenciabrasil.ebc.com.br\/ebc.gif?id=1556612&amp;o=node\" \/><\/p>\n<p>As informa\u00e7\u00f5es s\u00e3o referentes \u00e0 Semana Epidemiol\u00f3gica 37 &#8211; de 10 a 16 de setembro &#8211; e a an\u00e1lise tem como base os dados inseridos no Sistema de Informa\u00e7\u00e3o de Vigil\u00e2ncia Epidemiol\u00f3gica da Gripe (Sivep-Gripe) at\u00e9 o dia 18 de agosto.<\/p>\n<p>Coordenador do InfoGripe, Marcelo Gomes destaca que a popula\u00e7\u00e3o adulta \u00e9 a mais afetada e faz um alerta para alguns estados do Sudeste e do Centro-Oeste.<\/p>\n<p>\u201cO que continua chamando a aten\u00e7\u00e3o \u00e9 essa retomada do crescimento da covid-19, especialmente no Rio de Janeiro, S\u00e3o Paulo e Goi\u00e1s. \u00c9 um processo lento. O Rio de Janeiro chama um pouco mais a aten\u00e7\u00e3o, pois a situa\u00e7\u00e3o est\u00e1 mais clara, mas S\u00e3o Paulo tamb\u00e9m j\u00e1 come\u00e7a a ficar mais evidente\u201d, afirmou Gomes, em nota.<\/p>\n<h2>Vacina\u00e7\u00e3o em dia<\/h2>\n<p>Em fun\u00e7\u00e3o da retomada que se observa, o pesquisador relembra a import\u00e2ncia da vacina\u00e7\u00e3o em dia. \u201cTemos a vacina bivalente, agora dispon\u00edvel para a maior parte das faixas et\u00e1rias. E mesmo para aquelas faixas para as quais a bivalente ainda n\u00e3o est\u00e1 aprovada, estar em dia com a vacina dispon\u00edvel para a sua idade \u00e9 fundamental, especialmente agora que observamos esse aumento\u201d, destacou.<\/p>\n<p>Em rela\u00e7\u00e3o aos casos gerais de SRAG no pa\u00eds, detectou-se sinal de queda na tend\u00eancia de longo prazo (\u00faltimas seis semanas) e de estabilidade na de curto prazo (\u00faltimas tr\u00eas semanas).<\/p>\n<p>J\u00e1 para os v\u00edrus da influenza A e para o V\u00edrus Sincicial Respirat\u00f3rio (VSR), o cen\u00e1rio \u00e9 de estabilidade ou queda na maioria dos estados. Apesar de ainda ter um volume expressivo no n\u00famero de ocorr\u00eancias de rinov\u00edrus em alguns estados, principalmente em crian\u00e7as e pr\u00e9-adolescentes, h\u00e1 uma tend\u00eancia de interrup\u00e7\u00e3o no crescimento ou in\u00edcio de queda.<\/p>\n<p><strong>leia mais<\/strong><\/p>\n<p><a href=\"https:\/\/redenoticiaz.com.br\/blog\/2023\/09\/15\/campanha-de-multivacinacao-tera-inicio-em-campo-limpo-paulista\">Campanha de multivacina\u00e7\u00e3o ter\u00e1 inicio em Campo Limpo Paulista<\/a><\/p>\n<p><a href=\"https:\/\/redenoticiaz.com.br\/blog\/2023\/09\/10\/covid-19-51-da-populacao-quer-julgamento-e-punicao-por-mortes\">Covid-19: 51% da popula\u00e7\u00e3o quer julgamento e puni\u00e7\u00e3o por mortes<\/a><\/p>\n","protected":false},"excerpt":{"rendered":"<p>Boletim InfoGripe, da Funda\u00e7\u00e3o Oswaldo Cruz (Fiocruz), segue similar ao da semana passada, no qual se identificou um ligeiro aumento nos casos de S\u00edndromes Respirat\u00f3rias Agudas Graves (SRAG) associadas \u00e0 covid-19, majoritariamente localizados em estados do Sudeste e do Centro-Oeste, com destaque para o Rio de Janeiro, S\u00e3o Paulo e Goi\u00e1s. As informa\u00e7\u00f5es s\u00e3o referentes &hellip;<\/p>\n","protected":false},"author":12,"featured_media":110969,"comment_status":"open","ping_status":"closed","sticky":false,"template":"","format":"standard","meta":{"footnotes":""},"categories":[129,2331],"tags":[11361,1942,19805],"class_list":["post-110968","post","type-post","status-publish","format-standard","has-post-thumbnail","hentry","category-saude","category-saude-bem-estar","tag-covid","tag-vacinacao","tag-vacinas"],"yoast_head":"<!-- This site is optimized with the Yoast SEO plugin v27.4 - https:\/\/yoast.com\/product\/yoast-seo-wordpress\/ -->\n<title>InfoGripe mant\u00e9m alerta para aumento de casos de covid-19 - Ribeir\u00e3o Preto e Regi\u00e3o<\/title>\n<meta name=\"description\" content=\"Boletim InfoGripe, da Funda\u00e7\u00e3o Oswaldo Cruz (Fiocruz), segue similar ao da semana passada, no qual se identificou um ligeiro aumento nos casos de S\u00edndromes Respirat\u00f3rias Agudas Graves (SRAG)\" \/>\n<meta name=\"robots\" content=\"index, follow, max-snippet:-1, max-image-preview:large, max-video-preview:-1\" \/>\n<link rel=\"canonical\" href=\"https:\/\/redenoticiaz.com.br\/ribeiraopreto-regiao\/sp\/2023\/09\/23\/infogripe-mantem-alerta-para-aumento-de-casos-de-covid-19\" \/>\n<meta property=\"og:locale\" content=\"pt_BR\" \/>\n<meta property=\"og:type\" content=\"article\" \/>\n<meta property=\"og:title\" content=\"InfoGripe mant\u00e9m alerta para aumento de casos de covid-19 - Ribeir\u00e3o Preto e Regi\u00e3o\" \/>\n<meta property=\"og:description\" content=\"Boletim InfoGripe, da Funda\u00e7\u00e3o Oswaldo Cruz (Fiocruz), segue similar ao da semana passada, no qual se identificou um ligeiro aumento nos casos de S\u00edndromes Respirat\u00f3rias Agudas Graves (SRAG)\" \/>\n<meta property=\"og:url\" content=\"https:\/\/redenoticiaz.com.br\/ribeiraopreto-regiao\/sp\/2023\/09\/23\/infogripe-mantem-alerta-para-aumento-de-casos-de-covid-19\" \/>\n<meta property=\"og:site_name\" content=\"Ribeir\u00e3o Preto e Regi\u00e3o\" \/>\n<meta property=\"article:publisher\" content=\"https:\/\/m.facebook.com\/redenoticiaz.barretos\" \/>\n<meta property=\"article:published_time\" content=\"2023-09-23T18:00:22+00:00\" \/>\n<meta property=\"og:image\" content=\"https:\/\/redenoticiaz.com.br\/ribeiraopreto-regiao\/wp-content\/uploads\/sites\/4\/2023\/09\/vacinacao-influenza-e-covid19_fm_-9.jpg?v=1683122029\" \/>\n\t<meta property=\"og:image:width\" content=\"1280\" \/>\n\t<meta property=\"og:image:height\" content=\"853\" \/>\n\t<meta property=\"og:image:type\" content=\"image\/jpeg\" \/>\n<meta name=\"author\" content=\"Gustavo Silva\" \/>\n<meta name=\"twitter:card\" content=\"summary_large_image\" \/>\n<meta name=\"twitter:creator\" content=\"@RN_barretos\" \/>\n<meta name=\"twitter:site\" content=\"@RN_barretos\" \/>\n<meta name=\"twitter:label1\" content=\"Escrito por\" \/>\n\t<meta name=\"twitter:data1\" content=\"Gustavo Silva\" \/>\n\t<meta name=\"twitter:label2\" content=\"Est. tempo de leitura\" \/>\n\t<meta name=\"twitter:data2\" content=\"3 minutos\" \/>\n<script type=\"application\/ld+json\" class=\"yoast-schema-graph\">{\"@context\":\"https:\\\/\\\/schema.org\",\"@graph\":[{\"@type\":\"Article\",\"@id\":\"https:\\\/\\\/redenoticiaz.com.br\\\/ribeiraopreto-regiao\\\/sp\\\/2023\\\/09\\\/23\\\/infogripe-mantem-alerta-para-aumento-de-casos-de-covid-19#article\",\"isPartOf\":{\"@id\":\"https:\\\/\\\/redenoticiaz.com.br\\\/ribeiraopreto-regiao\\\/sp\\\/2023\\\/09\\\/23\\\/infogripe-mantem-alerta-para-aumento-de-casos-de-covid-19\"},\"author\":{\"name\":\"Gustavo Silva\",\"@id\":\"https:\\\/\\\/redenoticiaz.com.br\\\/ribeiraopreto-regiao\\\/#\\\/schema\\\/person\\\/16057b37a3c0ee6b096d7f887c566e2e\"},\"headline\":\"InfoGripe mant\u00e9m alerta para aumento de casos de covid-19\",\"datePublished\":\"2023-09-23T18:00:22+00:00\",\"mainEntityOfPage\":{\"@id\":\"https:\\\/\\\/redenoticiaz.com.br\\\/ribeiraopreto-regiao\\\/sp\\\/2023\\\/09\\\/23\\\/infogripe-mantem-alerta-para-aumento-de-casos-de-covid-19\"},\"wordCount\":395,\"commentCount\":0,\"publisher\":{\"@id\":\"https:\\\/\\\/redenoticiaz.com.br\\\/ribeiraopreto-regiao\\\/#organization\"},\"image\":{\"@id\":\"https:\\\/\\\/redenoticiaz.com.br\\\/ribeiraopreto-regiao\\\/sp\\\/2023\\\/09\\\/23\\\/infogripe-mantem-alerta-para-aumento-de-casos-de-covid-19#primaryimage\"},\"thumbnailUrl\":\"https:\\\/\\\/redenoticiaz.com.br\\\/ribeiraopreto-regiao\\\/wp-content\\\/uploads\\\/sites\\\/4\\\/2023\\\/09\\\/vacinacao-influenza-e-covid19_fm_-9.jpg?v=1683122029\",\"keywords\":[\"COVID\",\"Vacina\u00e7\u00e3o\",\"vacinas\"],\"articleSection\":[\"Sa\u00fade\",\"Sa\u00fade &amp; Bem-Estar\"],\"inLanguage\":\"pt-BR\",\"potentialAction\":[{\"@type\":\"CommentAction\",\"name\":\"Comment\",\"target\":[\"https:\\\/\\\/redenoticiaz.com.br\\\/ribeiraopreto-regiao\\\/sp\\\/2023\\\/09\\\/23\\\/infogripe-mantem-alerta-para-aumento-de-casos-de-covid-19#respond\"]}]},{\"@type\":\"WebPage\",\"@id\":\"https:\\\/\\\/redenoticiaz.com.br\\\/ribeiraopreto-regiao\\\/sp\\\/2023\\\/09\\\/23\\\/infogripe-mantem-alerta-para-aumento-de-casos-de-covid-19\",\"url\":\"https:\\\/\\\/redenoticiaz.com.br\\\/ribeiraopreto-regiao\\\/sp\\\/2023\\\/09\\\/23\\\/infogripe-mantem-alerta-para-aumento-de-casos-de-covid-19\",\"name\":\"InfoGripe mant\u00e9m alerta para aumento de casos de covid-19 - Ribeir\u00e3o Preto e Regi\u00e3o\",\"isPartOf\":{\"@id\":\"https:\\\/\\\/redenoticiaz.com.br\\\/ribeiraopreto-regiao\\\/#website\"},\"primaryImageOfPage\":{\"@id\":\"https:\\\/\\\/redenoticiaz.com.br\\\/ribeiraopreto-regiao\\\/sp\\\/2023\\\/09\\\/23\\\/infogripe-mantem-alerta-para-aumento-de-casos-de-covid-19#primaryimage\"},\"image\":{\"@id\":\"https:\\\/\\\/redenoticiaz.com.br\\\/ribeiraopreto-regiao\\\/sp\\\/2023\\\/09\\\/23\\\/infogripe-mantem-alerta-para-aumento-de-casos-de-covid-19#primaryimage\"},\"thumbnailUrl\":\"https:\\\/\\\/redenoticiaz.com.br\\\/ribeiraopreto-regiao\\\/wp-content\\\/uploads\\\/sites\\\/4\\\/2023\\\/09\\\/vacinacao-influenza-e-covid19_fm_-9.jpg?v=1683122029\",\"datePublished\":\"2023-09-23T18:00:22+00:00\",\"description\":\"Boletim InfoGripe, da Funda\u00e7\u00e3o Oswaldo Cruz (Fiocruz), segue similar ao da semana passada, no qual se identificou um ligeiro aumento nos casos de S\u00edndromes Respirat\u00f3rias Agudas Graves (SRAG)\",\"inLanguage\":\"pt-BR\",\"potentialAction\":[{\"@type\":\"ReadAction\",\"target\":[\"https:\\\/\\\/redenoticiaz.com.br\\\/ribeiraopreto-regiao\\\/sp\\\/2023\\\/09\\\/23\\\/infogripe-mantem-alerta-para-aumento-de-casos-de-covid-19\"]}]},{\"@type\":\"ImageObject\",\"inLanguage\":\"pt-BR\",\"@id\":\"https:\\\/\\\/redenoticiaz.com.br\\\/ribeiraopreto-regiao\\\/sp\\\/2023\\\/09\\\/23\\\/infogripe-mantem-alerta-para-aumento-de-casos-de-covid-19#primaryimage\",\"url\":\"https:\\\/\\\/redenoticiaz.com.br\\\/ribeiraopreto-regiao\\\/wp-content\\\/uploads\\\/sites\\\/4\\\/2023\\\/09\\\/vacinacao-influenza-e-covid19_fm_-9.jpg?v=1683122029\",\"contentUrl\":\"https:\\\/\\\/redenoticiaz.com.br\\\/ribeiraopreto-regiao\\\/wp-content\\\/uploads\\\/sites\\\/4\\\/2023\\\/09\\\/vacinacao-influenza-e-covid19_fm_-9.jpg?v=1683122029\",\"width\":1280,\"height\":853,\"caption\":\"Cr\u00e9ditos: Divulga\u00e7\u00e3o\\\/Prefeitura de Jundia\u00ed\"},{\"@type\":\"WebSite\",\"@id\":\"https:\\\/\\\/redenoticiaz.com.br\\\/ribeiraopreto-regiao\\\/#website\",\"url\":\"https:\\\/\\\/redenoticiaz.com.br\\\/ribeiraopreto-regiao\\\/\",\"name\":\"Ribeir\u00e3o Preto e Regi\u00e3o\",\"description\":\"Rede NoticiaZ - Ribeir\u00e3o Preto e regi\u00e3o\",\"publisher\":{\"@id\":\"https:\\\/\\\/redenoticiaz.com.br\\\/ribeiraopreto-regiao\\\/#organization\"},\"potentialAction\":[{\"@type\":\"SearchAction\",\"target\":{\"@type\":\"EntryPoint\",\"urlTemplate\":\"https:\\\/\\\/redenoticiaz.com.br\\\/ribeiraopreto-regiao\\\/?s={search_term_string}\"},\"query-input\":{\"@type\":\"PropertyValueSpecification\",\"valueRequired\":true,\"valueName\":\"search_term_string\"}}],\"inLanguage\":\"pt-BR\"},{\"@type\":\"Organization\",\"@id\":\"https:\\\/\\\/redenoticiaz.com.br\\\/ribeiraopreto-regiao\\\/#organization\",\"name\":\"Ribeir\u00e3o Preto e Regi\u00e3o\",\"url\":\"https:\\\/\\\/redenoticiaz.com.br\\\/ribeiraopreto-regiao\\\/\",\"logo\":{\"@type\":\"ImageObject\",\"inLanguage\":\"pt-BR\",\"@id\":\"https:\\\/\\\/redenoticiaz.com.br\\\/ribeiraopreto-regiao\\\/#\\\/schema\\\/logo\\\/image\\\/\",\"url\":\"https:\\\/\\\/redenoticiaz.com.br\\\/barretos-regiao\\\/wp-content\\\/uploads\\\/sites\\\/4\\\/2022\\\/02\\\/logo.jpg\",\"contentUrl\":\"https:\\\/\\\/redenoticiaz.com.br\\\/barretos-regiao\\\/wp-content\\\/uploads\\\/sites\\\/4\\\/2022\\\/02\\\/logo.jpg\",\"width\":400,\"height\":250,\"caption\":\"Ribeir\u00e3o Preto e Regi\u00e3o\"},\"image\":{\"@id\":\"https:\\\/\\\/redenoticiaz.com.br\\\/ribeiraopreto-regiao\\\/#\\\/schema\\\/logo\\\/image\\\/\"},\"sameAs\":[\"https:\\\/\\\/m.facebook.com\\\/redenoticiaz.barretos\",\"https:\\\/\\\/x.com\\\/RN_barretos\",\"https:\\\/\\\/www.instagram.com\\\/redenoticiaz.barretos\\\/?igshid=YmMyMTA2M2Y\",\"https:\\\/\\\/www.linkedin.com\\\/company\\\/rede-noticiaz-barretos-e-regio\\\/\"]},{\"@type\":\"Person\",\"@id\":\"https:\\\/\\\/redenoticiaz.com.br\\\/ribeiraopreto-regiao\\\/#\\\/schema\\\/person\\\/16057b37a3c0ee6b096d7f887c566e2e\",\"name\":\"Gustavo Silva\",\"image\":{\"@type\":\"ImageObject\",\"inLanguage\":\"pt-BR\",\"@id\":\"https:\\\/\\\/secure.gravatar.com\\\/avatar\\\/3ee4e82f93b26de0a7cf4ea5eb7893da637ed6bb0c9170c58065944c56e28a33?s=96&d=mm&r=g\",\"url\":\"https:\\\/\\\/secure.gravatar.com\\\/avatar\\\/3ee4e82f93b26de0a7cf4ea5eb7893da637ed6bb0c9170c58065944c56e28a33?s=96&d=mm&r=g\",\"contentUrl\":\"https:\\\/\\\/secure.gravatar.com\\\/avatar\\\/3ee4e82f93b26de0a7cf4ea5eb7893da637ed6bb0c9170c58065944c56e28a33?s=96&d=mm&r=g\",\"caption\":\"Gustavo Silva\"},\"url\":\"https:\\\/\\\/redenoticiaz.com.br\\\/ribeiraopreto-regiao\\\/sp\\\/author\\\/gustavosilva\"}]}<\/script>\n<!-- \/ Yoast SEO plugin. -->","yoast_head_json":{"title":"InfoGripe mant\u00e9m alerta para aumento de casos de covid-19 - Ribeir\u00e3o Preto e Regi\u00e3o","description":"Boletim InfoGripe, da Funda\u00e7\u00e3o Oswaldo Cruz (Fiocruz), segue similar ao da semana passada, no qual se identificou um ligeiro aumento nos casos de S\u00edndromes Respirat\u00f3rias Agudas Graves (SRAG)","robots":{"index":"index","follow":"follow","max-snippet":"max-snippet:-1","max-image-preview":"max-image-preview:large","max-video-preview":"max-video-preview:-1"},"canonical":"https:\/\/redenoticiaz.com.br\/ribeiraopreto-regiao\/sp\/2023\/09\/23\/infogripe-mantem-alerta-para-aumento-de-casos-de-covid-19","og_locale":"pt_BR","og_type":"article","og_title":"InfoGripe mant\u00e9m alerta para aumento de casos de covid-19 - Ribeir\u00e3o Preto e Regi\u00e3o","og_description":"Boletim InfoGripe, da Funda\u00e7\u00e3o Oswaldo Cruz (Fiocruz), segue similar ao da semana passada, no qual se identificou um ligeiro aumento nos casos de S\u00edndromes Respirat\u00f3rias Agudas Graves (SRAG)","og_url":"https:\/\/redenoticiaz.com.br\/ribeiraopreto-regiao\/sp\/2023\/09\/23\/infogripe-mantem-alerta-para-aumento-de-casos-de-covid-19","og_site_name":"Ribeir\u00e3o Preto e Regi\u00e3o","article_publisher":"https:\/\/m.facebook.com\/redenoticiaz.barretos","article_published_time":"2023-09-23T18:00:22+00:00","og_image":[{"width":1280,"height":853,"url":"https:\/\/redenoticiaz.com.br\/ribeiraopreto-regiao\/wp-content\/uploads\/sites\/4\/2023\/09\/vacinacao-influenza-e-covid19_fm_-9.jpg?v=1683122029","type":"image\/jpeg"}],"author":"Gustavo Silva","twitter_card":"summary_large_image","twitter_creator":"@RN_barretos","twitter_site":"@RN_barretos","twitter_misc":{"Escrito por":"Gustavo Silva","Est. tempo de leitura":"3 minutos"},"schema":{"@context":"https:\/\/schema.org","@graph":[{"@type":"Article","@id":"https:\/\/redenoticiaz.com.br\/ribeiraopreto-regiao\/sp\/2023\/09\/23\/infogripe-mantem-alerta-para-aumento-de-casos-de-covid-19#article","isPartOf":{"@id":"https:\/\/redenoticiaz.com.br\/ribeiraopreto-regiao\/sp\/2023\/09\/23\/infogripe-mantem-alerta-para-aumento-de-casos-de-covid-19"},"author":{"name":"Gustavo Silva","@id":"https:\/\/redenoticiaz.com.br\/ribeiraopreto-regiao\/#\/schema\/person\/16057b37a3c0ee6b096d7f887c566e2e"},"headline":"InfoGripe mant\u00e9m alerta para aumento de casos de covid-19","datePublished":"2023-09-23T18:00:22+00:00","mainEntityOfPage":{"@id":"https:\/\/redenoticiaz.com.br\/ribeiraopreto-regiao\/sp\/2023\/09\/23\/infogripe-mantem-alerta-para-aumento-de-casos-de-covid-19"},"wordCount":395,"commentCount":0,"publisher":{"@id":"https:\/\/redenoticiaz.com.br\/ribeiraopreto-regiao\/#organization"},"image":{"@id":"https:\/\/redenoticiaz.com.br\/ribeiraopreto-regiao\/sp\/2023\/09\/23\/infogripe-mantem-alerta-para-aumento-de-casos-de-covid-19#primaryimage"},"thumbnailUrl":"https:\/\/redenoticiaz.com.br\/ribeiraopreto-regiao\/wp-content\/uploads\/sites\/4\/2023\/09\/vacinacao-influenza-e-covid19_fm_-9.jpg?v=1683122029","keywords":["COVID","Vacina\u00e7\u00e3o","vacinas"],"articleSection":["Sa\u00fade","Sa\u00fade &amp; Bem-Estar"],"inLanguage":"pt-BR","potentialAction":[{"@type":"CommentAction","name":"Comment","target":["https:\/\/redenoticiaz.com.br\/ribeiraopreto-regiao\/sp\/2023\/09\/23\/infogripe-mantem-alerta-para-aumento-de-casos-de-covid-19#respond"]}]},{"@type":"WebPage","@id":"https:\/\/redenoticiaz.com.br\/ribeiraopreto-regiao\/sp\/2023\/09\/23\/infogripe-mantem-alerta-para-aumento-de-casos-de-covid-19","url":"https:\/\/redenoticiaz.com.br\/ribeiraopreto-regiao\/sp\/2023\/09\/23\/infogripe-mantem-alerta-para-aumento-de-casos-de-covid-19","name":"InfoGripe mant\u00e9m alerta para aumento de casos de covid-19 - Ribeir\u00e3o Preto e Regi\u00e3o","isPartOf":{"@id":"https:\/\/redenoticiaz.com.br\/ribeiraopreto-regiao\/#website"},"primaryImageOfPage":{"@id":"https:\/\/redenoticiaz.com.br\/ribeiraopreto-regiao\/sp\/2023\/09\/23\/infogripe-mantem-alerta-para-aumento-de-casos-de-covid-19#primaryimage"},"image":{"@id":"https:\/\/redenoticiaz.com.br\/ribeiraopreto-regiao\/sp\/2023\/09\/23\/infogripe-mantem-alerta-para-aumento-de-casos-de-covid-19#primaryimage"},"thumbnailUrl":"https:\/\/redenoticiaz.com.br\/ribeiraopreto-regiao\/wp-content\/uploads\/sites\/4\/2023\/09\/vacinacao-influenza-e-covid19_fm_-9.jpg?v=1683122029","datePublished":"2023-09-23T18:00:22+00:00","description":"Boletim InfoGripe, da Funda\u00e7\u00e3o Oswaldo Cruz (Fiocruz), segue similar ao da semana passada, no qual se identificou um ligeiro aumento nos casos de S\u00edndromes Respirat\u00f3rias Agudas Graves (SRAG)","inLanguage":"pt-BR","potentialAction":[{"@type":"ReadAction","target":["https:\/\/redenoticiaz.com.br\/ribeiraopreto-regiao\/sp\/2023\/09\/23\/infogripe-mantem-alerta-para-aumento-de-casos-de-covid-19"]}]},{"@type":"ImageObject","inLanguage":"pt-BR","@id":"https:\/\/redenoticiaz.com.br\/ribeiraopreto-regiao\/sp\/2023\/09\/23\/infogripe-mantem-alerta-para-aumento-de-casos-de-covid-19#primaryimage","url":"https:\/\/redenoticiaz.com.br\/ribeiraopreto-regiao\/wp-content\/uploads\/sites\/4\/2023\/09\/vacinacao-influenza-e-covid19_fm_-9.jpg?v=1683122029","contentUrl":"https:\/\/redenoticiaz.com.br\/ribeiraopreto-regiao\/wp-content\/uploads\/sites\/4\/2023\/09\/vacinacao-influenza-e-covid19_fm_-9.jpg?v=1683122029","width":1280,"height":853,"caption":"Cr\u00e9ditos: Divulga\u00e7\u00e3o\/Prefeitura de Jundia\u00ed"},{"@type":"WebSite","@id":"https:\/\/redenoticiaz.com.br\/ribeiraopreto-regiao\/#website","url":"https:\/\/redenoticiaz.com.br\/ribeiraopreto-regiao\/","name":"Ribeir\u00e3o Preto e Regi\u00e3o","description":"Rede NoticiaZ - Ribeir\u00e3o Preto e regi\u00e3o","publisher":{"@id":"https:\/\/redenoticiaz.com.br\/ribeiraopreto-regiao\/#organization"},"potentialAction":[{"@type":"SearchAction","target":{"@type":"EntryPoint","urlTemplate":"https:\/\/redenoticiaz.com.br\/ribeiraopreto-regiao\/?s={search_term_string}"},"query-input":{"@type":"PropertyValueSpecification","valueRequired":true,"valueName":"search_term_string"}}],"inLanguage":"pt-BR"},{"@type":"Organization","@id":"https:\/\/redenoticiaz.com.br\/ribeiraopreto-regiao\/#organization","name":"Ribeir\u00e3o Preto e Regi\u00e3o","url":"https:\/\/redenoticiaz.com.br\/ribeiraopreto-regiao\/","logo":{"@type":"ImageObject","inLanguage":"pt-BR","@id":"https:\/\/redenoticiaz.com.br\/ribeiraopreto-regiao\/#\/schema\/logo\/image\/","url":"https:\/\/redenoticiaz.com.br\/barretos-regiao\/wp-content\/uploads\/sites\/4\/2022\/02\/logo.jpg","contentUrl":"https:\/\/redenoticiaz.com.br\/barretos-regiao\/wp-content\/uploads\/sites\/4\/2022\/02\/logo.jpg","width":400,"height":250,"caption":"Ribeir\u00e3o Preto e Regi\u00e3o"},"image":{"@id":"https:\/\/redenoticiaz.com.br\/ribeiraopreto-regiao\/#\/schema\/logo\/image\/"},"sameAs":["https:\/\/m.facebook.com\/redenoticiaz.barretos","https:\/\/x.com\/RN_barretos","https:\/\/www.instagram.com\/redenoticiaz.barretos\/?igshid=YmMyMTA2M2Y","https:\/\/www.linkedin.com\/company\/rede-noticiaz-barretos-e-regio\/"]},{"@type":"Person","@id":"https:\/\/redenoticiaz.com.br\/ribeiraopreto-regiao\/#\/schema\/person\/16057b37a3c0ee6b096d7f887c566e2e","name":"Gustavo Silva","image":{"@type":"ImageObject","inLanguage":"pt-BR","@id":"https:\/\/secure.gravatar.com\/avatar\/3ee4e82f93b26de0a7cf4ea5eb7893da637ed6bb0c9170c58065944c56e28a33?s=96&d=mm&r=g","url":"https:\/\/secure.gravatar.com\/avatar\/3ee4e82f93b26de0a7cf4ea5eb7893da637ed6bb0c9170c58065944c56e28a33?s=96&d=mm&r=g","contentUrl":"https:\/\/secure.gravatar.com\/avatar\/3ee4e82f93b26de0a7cf4ea5eb7893da637ed6bb0c9170c58065944c56e28a33?s=96&d=mm&r=g","caption":"Gustavo Silva"},"url":"https:\/\/redenoticiaz.com.br\/ribeiraopreto-regiao\/sp\/author\/gustavosilva"}]}},"_links":{"self":[{"href":"https:\/\/redenoticiaz.com.br\/ribeiraopreto-regiao\/wp-json\/wp\/v2\/posts\/110968","targetHints":{"allow":["GET"]}}],"collection":[{"href":"https:\/\/redenoticiaz.com.br\/ribeiraopreto-regiao\/wp-json\/wp\/v2\/posts"}],"about":[{"href":"https:\/\/redenoticiaz.com.br\/ribeiraopreto-regiao\/wp-json\/wp\/v2\/types\/post"}],"author":[{"embeddable":true,"href":"https:\/\/redenoticiaz.com.br\/ribeiraopreto-regiao\/wp-json\/wp\/v2\/users\/12"}],"replies":[{"embeddable":true,"href":"https:\/\/redenoticiaz.com.br\/ribeiraopreto-regiao\/wp-json\/wp\/v2\/comments?post=110968"}],"version-history":[{"count":0,"href":"https:\/\/redenoticiaz.com.br\/ribeiraopreto-regiao\/wp-json\/wp\/v2\/posts\/110968\/revisions"}],"wp:featuredmedia":[{"embeddable":true,"href":"https:\/\/redenoticiaz.com.br\/ribeiraopreto-regiao\/wp-json\/wp\/v2\/media\/110969"}],"wp:attachment":[{"href":"https:\/\/redenoticiaz.com.br\/ribeiraopreto-regiao\/wp-json\/wp\/v2\/media?parent=110968"}],"wp:term":[{"taxonomy":"category","embeddable":true,"href":"https:\/\/redenoticiaz.com.br\/ribeiraopreto-regiao\/wp-json\/wp\/v2\/categories?post=110968"},{"taxonomy":"post_tag","embeddable":true,"href":"https:\/\/redenoticiaz.com.br\/ribeiraopreto-regiao\/wp-json\/wp\/v2\/tags?post=110968"}],"curies":[{"name":"wp","href":"https:\/\/api.w.org\/{rel}","templated":true}]}}