{"id":111008,"date":"2023-09-21T20:08:16","date_gmt":"2023-09-21T23:08:16","guid":{"rendered":"https:\/\/redenoticiaz.com.br\/barretos-regiao\/sp\/2023\/09\/21\/por-9-votos-a-2-supremo-invalida-tese-do-marco-temporal"},"modified":"2023-09-21T20:13:29","modified_gmt":"2023-09-21T23:13:29","slug":"por-9-votos-a-2-supremo-invalida-tese-do-marco-temporal","status":"publish","type":"post","link":"https:\/\/redenoticiaz.com.br\/ribeiraopreto-regiao\/sp\/2023\/09\/21\/por-9-votos-a-2-supremo-invalida-tese-do-marco-temporal","title":{"rendered":"Por 9 votos a 2, Supremo invalida tese do marco temporal"},"content":{"rendered":"<p>Por votos 9 votos a 2, o Supremo Tribunal Federal (STF) julgou inconstitucional a tese do marco temporal para demarca\u00e7\u00e3o de terras ind\u00edgenas. A decis\u00e3o foi obtida nesta quinta-feira (21), ap\u00f3s a 11\u00aa sess\u00e3o para julgar o caso.<img decoding=\"async\" src=\"https:\/\/agenciabrasil.ebc.com.br\/ebc.png?id=1556932&amp;o=node\" \/><img decoding=\"async\" src=\"https:\/\/agenciabrasil.ebc.com.br\/ebc.gif?id=1556932&amp;o=node\" \/><\/p>\n<p>De acordo com as informa\u00e7\u00f5es, pela decis\u00e3o, fica invalidada a tese, que \u00e9 defendida por propriet\u00e1rios de terras. Antes do resultado conhecido hoje, as decis\u00f5es da Justi\u00e7a poderiam fixar que os ind\u00edgenas somente teriam direito \u00e0s terras que estavam em sua posse no dia 5 de outubro de 1988, data da promulga\u00e7\u00e3o da Constitui\u00e7\u00e3o Federal, ou que estavam em disputa judicial na \u00e9poca.<\/p>\n<p>Ainda de acordo com as informa\u00e7\u00f5es, o \u00faltimo voto da sess\u00e3o foi proferido pela presidente da Corte, ministra Rosa Weber.<\/p>\n<p>Segundo a ministra, a Constitui\u00e7\u00e3o garante que as terras tradicionalmente ocupadas pelos povos ind\u00edgenas s\u00e3o habitadas em car\u00e1ter permanente e fazem parte de seu patrim\u00f4nio cultural, n\u00e3o cabendo a limita\u00e7\u00e3o de um marco temporal.<\/p>\n<blockquote><p>\u201cEu afasto a tese do marco temporal, acompanhando na \u00edntegra do voto do ministro Fachin [relator], reafirmando que a jurisprud\u00eancia da Corte Interamericana dos Direitos Humanos aponta para posse tradicional como fator para reconhecer aos ind\u00edgenas o direito as suas terras\u201d<\/p><\/blockquote>\n<p>Sendo assim, o resultado do julgamento foi obtido com os ministros Alexandre de Moraes, Lu\u00eds Roberto Barroso, Edson Fachin, Cristiano Zanin, Dias Toffoli, Luiz Fux e Gilmar Mendes. Nunes Marques e Andr\u00e9 Mendon\u00e7a se manifestaram a favor do marco temporal.<\/p>\n<h2>Julgamento<\/h2>\n<p>Por fim, na quarta-feira (27), pr\u00f3xima sess\u00e3o de julgamento, os ministros v\u00e3o definir outras quest\u00f5es acerca desse tema.<\/p>\n<p>Entre os pontos que ser\u00e3o debatidos est\u00e1 a possibilidade de indeniza\u00e7\u00e3o a particulares que adquiriram terras de \u201cboa-f\u00e9\u201d. Pelo entendimento, a indeniza\u00e7\u00e3o por benfeitorias e pela terra nua valeria para propriet\u00e1rios que receberam do governo t\u00edtulos de terras que deveriam ser consideradas como \u00e1reas ind\u00edgenas.<\/p>\n<p>Enfim, o processo que motivou a discuss\u00e3o trata da disputa pela posse da Terra Ind\u00edgena (TI) Ibirama, em Santa Catarina. A \u00e1rea \u00e9 habitada pelos povos Xokleng, Kaingang e Guarani, e a posse de parte da terra \u00e9 questionada pela procuradoria do estado.<\/p>\n<p><strong>Leia mais<\/strong><\/p>\n<p><a href=\"https:\/\/redenoticiaz.com.br\/blog\/2023\/04\/30\/caged-registra-criacao-de-1952-mil-postos-de-trabalho-em-marco\">Caged registra cria\u00e7\u00e3o de 195,2 mil postos de trabalho em mar\u00e7o<\/a><\/p>\n<p><a href=\"https:\/\/redenoticiaz.com.br\/blog\/2023\/09\/14\/stf-condena-a-14-anos-de-prisao-segundo-reu-pelo-8-1\">STF condena a 14 anos de pris\u00e3o segundo r\u00e9u pelo 8\/1<\/a><\/p>\n<p>&nbsp;<\/p>\n","protected":false},"excerpt":{"rendered":"<p>Por votos 9 votos a 2, o Supremo Tribunal Federal (STF) julgou inconstitucional a tese do marco temporal para demarca\u00e7\u00e3o de terras ind\u00edgenas. A decis\u00e3o foi obtida nesta quinta-feira (21), ap\u00f3s a 11\u00aa sess\u00e3o para julgar o caso. De acordo com as informa\u00e7\u00f5es, pela decis\u00e3o, fica invalidada a tese, que \u00e9 defendida por propriet\u00e1rios de &hellip;<\/p>\n","protected":false},"author":12,"featured_media":110798,"comment_status":"open","ping_status":"closed","sticky":false,"template":"","format":"standard","meta":{"footnotes":""},"categories":[683],"tags":[5020],"class_list":["post-111008","post","type-post","status-publish","format-standard","has-post-thumbnail","hentry","category-justica","tag-supremo-tribunal-federal"],"yoast_head":"<!-- This site is optimized with the Yoast SEO plugin v27.4 - https:\/\/yoast.com\/product\/yoast-seo-wordpress\/ -->\n<title>Por 9 votos a 2, Supremo invalida tese do marco temporal - Ribeir\u00e3o Preto e Regi\u00e3o<\/title>\n<meta name=\"description\" content=\"Por votos 9 votos a 2, o Supremo Tribunal Federal (STF) julgou inconstitucional a tese do marco temporal para demarca\u00e7\u00e3o de terras ind\u00edgenas. A decis\u00e3o foi obtida nesta quinta-feira (21), ap\u00f3s a 11\u00aa sess\u00e3o para julgar o caso.\" \/>\n<meta name=\"robots\" content=\"index, follow, max-snippet:-1, max-image-preview:large, max-video-preview:-1\" \/>\n<link rel=\"canonical\" href=\"https:\/\/redenoticiaz.com.br\/ribeiraopreto-regiao\/sp\/2023\/09\/21\/por-9-votos-a-2-supremo-invalida-tese-do-marco-temporal\" \/>\n<meta property=\"og:locale\" content=\"pt_BR\" \/>\n<meta property=\"og:type\" content=\"article\" \/>\n<meta property=\"og:title\" content=\"Por 9 votos a 2, Supremo invalida tese do marco temporal - Ribeir\u00e3o Preto e Regi\u00e3o\" \/>\n<meta property=\"og:description\" content=\"Por votos 9 votos a 2, o Supremo Tribunal Federal (STF) julgou inconstitucional a tese do marco temporal para demarca\u00e7\u00e3o de terras ind\u00edgenas. A decis\u00e3o foi obtida nesta quinta-feira (21), ap\u00f3s a 11\u00aa sess\u00e3o para julgar o caso.\" \/>\n<meta property=\"og:url\" content=\"https:\/\/redenoticiaz.com.br\/ribeiraopreto-regiao\/sp\/2023\/09\/21\/por-9-votos-a-2-supremo-invalida-tese-do-marco-temporal\" \/>\n<meta property=\"og:site_name\" content=\"Ribeir\u00e3o Preto e Regi\u00e3o\" \/>\n<meta property=\"article:publisher\" content=\"https:\/\/m.facebook.com\/redenoticiaz.barretos\" \/>\n<meta property=\"article:published_time\" content=\"2023-09-21T23:08:16+00:00\" \/>\n<meta property=\"article:modified_time\" content=\"2023-09-21T23:13:29+00:00\" \/>\n<meta property=\"og:image\" content=\"https:\/\/redenoticiaz.com.br\/ribeiraopreto-regiao\/wp-content\/uploads\/sites\/4\/2023\/09\/53187509294_b055238f07_o.jpg?v=1694727087\" \/>\n\t<meta property=\"og:image:width\" content=\"1170\" \/>\n\t<meta property=\"og:image:height\" content=\"700\" \/>\n\t<meta property=\"og:image:type\" content=\"image\/jpeg\" \/>\n<meta name=\"author\" content=\"Gustavo Silva\" \/>\n<meta name=\"twitter:card\" content=\"summary_large_image\" \/>\n<meta name=\"twitter:creator\" content=\"@RN_barretos\" \/>\n<meta name=\"twitter:site\" content=\"@RN_barretos\" \/>\n<meta name=\"twitter:label1\" content=\"Escrito por\" \/>\n\t<meta name=\"twitter:data1\" content=\"Gustavo Silva\" \/>\n\t<meta name=\"twitter:label2\" content=\"Est. tempo de leitura\" \/>\n\t<meta name=\"twitter:data2\" content=\"3 minutos\" \/>\n<script type=\"application\/ld+json\" class=\"yoast-schema-graph\">{\"@context\":\"https:\\\/\\\/schema.org\",\"@graph\":[{\"@type\":\"Article\",\"@id\":\"https:\\\/\\\/redenoticiaz.com.br\\\/ribeiraopreto-regiao\\\/sp\\\/2023\\\/09\\\/21\\\/por-9-votos-a-2-supremo-invalida-tese-do-marco-temporal#article\",\"isPartOf\":{\"@id\":\"https:\\\/\\\/redenoticiaz.com.br\\\/ribeiraopreto-regiao\\\/sp\\\/2023\\\/09\\\/21\\\/por-9-votos-a-2-supremo-invalida-tese-do-marco-temporal\"},\"author\":{\"name\":\"Gustavo Silva\",\"@id\":\"https:\\\/\\\/redenoticiaz.com.br\\\/ribeiraopreto-regiao\\\/#\\\/schema\\\/person\\\/16057b37a3c0ee6b096d7f887c566e2e\"},\"headline\":\"Por 9 votos a 2, Supremo invalida tese do marco temporal\",\"datePublished\":\"2023-09-21T23:08:16+00:00\",\"dateModified\":\"2023-09-21T23:13:29+00:00\",\"mainEntityOfPage\":{\"@id\":\"https:\\\/\\\/redenoticiaz.com.br\\\/ribeiraopreto-regiao\\\/sp\\\/2023\\\/09\\\/21\\\/por-9-votos-a-2-supremo-invalida-tese-do-marco-temporal\"},\"wordCount\":406,\"commentCount\":0,\"publisher\":{\"@id\":\"https:\\\/\\\/redenoticiaz.com.br\\\/ribeiraopreto-regiao\\\/#organization\"},\"image\":{\"@id\":\"https:\\\/\\\/redenoticiaz.com.br\\\/ribeiraopreto-regiao\\\/sp\\\/2023\\\/09\\\/21\\\/por-9-votos-a-2-supremo-invalida-tese-do-marco-temporal#primaryimage\"},\"thumbnailUrl\":\"https:\\\/\\\/redenoticiaz.com.br\\\/ribeiraopreto-regiao\\\/wp-content\\\/uploads\\\/sites\\\/4\\\/2023\\\/09\\\/53187509294_b055238f07_o.jpg?v=1694727087\",\"keywords\":[\"SUPREMO TRIBUNAL FEDERAL\"],\"articleSection\":[\"Justi\u00e7a\"],\"inLanguage\":\"pt-BR\",\"potentialAction\":[{\"@type\":\"CommentAction\",\"name\":\"Comment\",\"target\":[\"https:\\\/\\\/redenoticiaz.com.br\\\/ribeiraopreto-regiao\\\/sp\\\/2023\\\/09\\\/21\\\/por-9-votos-a-2-supremo-invalida-tese-do-marco-temporal#respond\"]}]},{\"@type\":\"WebPage\",\"@id\":\"https:\\\/\\\/redenoticiaz.com.br\\\/ribeiraopreto-regiao\\\/sp\\\/2023\\\/09\\\/21\\\/por-9-votos-a-2-supremo-invalida-tese-do-marco-temporal\",\"url\":\"https:\\\/\\\/redenoticiaz.com.br\\\/ribeiraopreto-regiao\\\/sp\\\/2023\\\/09\\\/21\\\/por-9-votos-a-2-supremo-invalida-tese-do-marco-temporal\",\"name\":\"Por 9 votos a 2, Supremo invalida tese do marco temporal - Ribeir\u00e3o Preto e Regi\u00e3o\",\"isPartOf\":{\"@id\":\"https:\\\/\\\/redenoticiaz.com.br\\\/ribeiraopreto-regiao\\\/#website\"},\"primaryImageOfPage\":{\"@id\":\"https:\\\/\\\/redenoticiaz.com.br\\\/ribeiraopreto-regiao\\\/sp\\\/2023\\\/09\\\/21\\\/por-9-votos-a-2-supremo-invalida-tese-do-marco-temporal#primaryimage\"},\"image\":{\"@id\":\"https:\\\/\\\/redenoticiaz.com.br\\\/ribeiraopreto-regiao\\\/sp\\\/2023\\\/09\\\/21\\\/por-9-votos-a-2-supremo-invalida-tese-do-marco-temporal#primaryimage\"},\"thumbnailUrl\":\"https:\\\/\\\/redenoticiaz.com.br\\\/ribeiraopreto-regiao\\\/wp-content\\\/uploads\\\/sites\\\/4\\\/2023\\\/09\\\/53187509294_b055238f07_o.jpg?v=1694727087\",\"datePublished\":\"2023-09-21T23:08:16+00:00\",\"dateModified\":\"2023-09-21T23:13:29+00:00\",\"description\":\"Por votos 9 votos a 2, o Supremo Tribunal Federal (STF) julgou inconstitucional a tese do marco temporal para demarca\u00e7\u00e3o de terras ind\u00edgenas. A decis\u00e3o foi obtida nesta quinta-feira (21), ap\u00f3s a 11\u00aa sess\u00e3o para julgar o caso.\",\"inLanguage\":\"pt-BR\",\"potentialAction\":[{\"@type\":\"ReadAction\",\"target\":[\"https:\\\/\\\/redenoticiaz.com.br\\\/ribeiraopreto-regiao\\\/sp\\\/2023\\\/09\\\/21\\\/por-9-votos-a-2-supremo-invalida-tese-do-marco-temporal\"]}]},{\"@type\":\"ImageObject\",\"inLanguage\":\"pt-BR\",\"@id\":\"https:\\\/\\\/redenoticiaz.com.br\\\/ribeiraopreto-regiao\\\/sp\\\/2023\\\/09\\\/21\\\/por-9-votos-a-2-supremo-invalida-tese-do-marco-temporal#primaryimage\",\"url\":\"https:\\\/\\\/redenoticiaz.com.br\\\/ribeiraopreto-regiao\\\/wp-content\\\/uploads\\\/sites\\\/4\\\/2023\\\/09\\\/53187509294_b055238f07_o.jpg?v=1694727087\",\"contentUrl\":\"https:\\\/\\\/redenoticiaz.com.br\\\/ribeiraopreto-regiao\\\/wp-content\\\/uploads\\\/sites\\\/4\\\/2023\\\/09\\\/53187509294_b055238f07_o.jpg?v=1694727087\",\"width\":1170,\"height\":700,\"caption\":\"Sess\u00e3o plen\u00e1ria do STF. Foto: Rosinei Coutinho\\\/SCO\\\/STF\"},{\"@type\":\"WebSite\",\"@id\":\"https:\\\/\\\/redenoticiaz.com.br\\\/ribeiraopreto-regiao\\\/#website\",\"url\":\"https:\\\/\\\/redenoticiaz.com.br\\\/ribeiraopreto-regiao\\\/\",\"name\":\"Ribeir\u00e3o Preto e Regi\u00e3o\",\"description\":\"Rede NoticiaZ - Ribeir\u00e3o Preto e regi\u00e3o\",\"publisher\":{\"@id\":\"https:\\\/\\\/redenoticiaz.com.br\\\/ribeiraopreto-regiao\\\/#organization\"},\"potentialAction\":[{\"@type\":\"SearchAction\",\"target\":{\"@type\":\"EntryPoint\",\"urlTemplate\":\"https:\\\/\\\/redenoticiaz.com.br\\\/ribeiraopreto-regiao\\\/?s={search_term_string}\"},\"query-input\":{\"@type\":\"PropertyValueSpecification\",\"valueRequired\":true,\"valueName\":\"search_term_string\"}}],\"inLanguage\":\"pt-BR\"},{\"@type\":\"Organization\",\"@id\":\"https:\\\/\\\/redenoticiaz.com.br\\\/ribeiraopreto-regiao\\\/#organization\",\"name\":\"Ribeir\u00e3o Preto e Regi\u00e3o\",\"url\":\"https:\\\/\\\/redenoticiaz.com.br\\\/ribeiraopreto-regiao\\\/\",\"logo\":{\"@type\":\"ImageObject\",\"inLanguage\":\"pt-BR\",\"@id\":\"https:\\\/\\\/redenoticiaz.com.br\\\/ribeiraopreto-regiao\\\/#\\\/schema\\\/logo\\\/image\\\/\",\"url\":\"https:\\\/\\\/redenoticiaz.com.br\\\/barretos-regiao\\\/wp-content\\\/uploads\\\/sites\\\/4\\\/2022\\\/02\\\/logo.jpg\",\"contentUrl\":\"https:\\\/\\\/redenoticiaz.com.br\\\/barretos-regiao\\\/wp-content\\\/uploads\\\/sites\\\/4\\\/2022\\\/02\\\/logo.jpg\",\"width\":400,\"height\":250,\"caption\":\"Ribeir\u00e3o Preto e Regi\u00e3o\"},\"image\":{\"@id\":\"https:\\\/\\\/redenoticiaz.com.br\\\/ribeiraopreto-regiao\\\/#\\\/schema\\\/logo\\\/image\\\/\"},\"sameAs\":[\"https:\\\/\\\/m.facebook.com\\\/redenoticiaz.barretos\",\"https:\\\/\\\/x.com\\\/RN_barretos\",\"https:\\\/\\\/www.instagram.com\\\/redenoticiaz.barretos\\\/?igshid=YmMyMTA2M2Y\",\"https:\\\/\\\/www.linkedin.com\\\/company\\\/rede-noticiaz-barretos-e-regio\\\/\"]},{\"@type\":\"Person\",\"@id\":\"https:\\\/\\\/redenoticiaz.com.br\\\/ribeiraopreto-regiao\\\/#\\\/schema\\\/person\\\/16057b37a3c0ee6b096d7f887c566e2e\",\"name\":\"Gustavo Silva\",\"image\":{\"@type\":\"ImageObject\",\"inLanguage\":\"pt-BR\",\"@id\":\"https:\\\/\\\/secure.gravatar.com\\\/avatar\\\/3ee4e82f93b26de0a7cf4ea5eb7893da637ed6bb0c9170c58065944c56e28a33?s=96&d=mm&r=g\",\"url\":\"https:\\\/\\\/secure.gravatar.com\\\/avatar\\\/3ee4e82f93b26de0a7cf4ea5eb7893da637ed6bb0c9170c58065944c56e28a33?s=96&d=mm&r=g\",\"contentUrl\":\"https:\\\/\\\/secure.gravatar.com\\\/avatar\\\/3ee4e82f93b26de0a7cf4ea5eb7893da637ed6bb0c9170c58065944c56e28a33?s=96&d=mm&r=g\",\"caption\":\"Gustavo Silva\"},\"url\":\"https:\\\/\\\/redenoticiaz.com.br\\\/ribeiraopreto-regiao\\\/sp\\\/author\\\/gustavosilva\"}]}<\/script>\n<!-- \/ Yoast SEO plugin. -->","yoast_head_json":{"title":"Por 9 votos a 2, Supremo invalida tese do marco temporal - Ribeir\u00e3o Preto e Regi\u00e3o","description":"Por votos 9 votos a 2, o Supremo Tribunal Federal (STF) julgou inconstitucional a tese do marco temporal para demarca\u00e7\u00e3o de terras ind\u00edgenas. A decis\u00e3o foi obtida nesta quinta-feira (21), ap\u00f3s a 11\u00aa sess\u00e3o para julgar o caso.","robots":{"index":"index","follow":"follow","max-snippet":"max-snippet:-1","max-image-preview":"max-image-preview:large","max-video-preview":"max-video-preview:-1"},"canonical":"https:\/\/redenoticiaz.com.br\/ribeiraopreto-regiao\/sp\/2023\/09\/21\/por-9-votos-a-2-supremo-invalida-tese-do-marco-temporal","og_locale":"pt_BR","og_type":"article","og_title":"Por 9 votos a 2, Supremo invalida tese do marco temporal - Ribeir\u00e3o Preto e Regi\u00e3o","og_description":"Por votos 9 votos a 2, o Supremo Tribunal Federal (STF) julgou inconstitucional a tese do marco temporal para demarca\u00e7\u00e3o de terras ind\u00edgenas. A decis\u00e3o foi obtida nesta quinta-feira (21), ap\u00f3s a 11\u00aa sess\u00e3o para julgar o caso.","og_url":"https:\/\/redenoticiaz.com.br\/ribeiraopreto-regiao\/sp\/2023\/09\/21\/por-9-votos-a-2-supremo-invalida-tese-do-marco-temporal","og_site_name":"Ribeir\u00e3o Preto e Regi\u00e3o","article_publisher":"https:\/\/m.facebook.com\/redenoticiaz.barretos","article_published_time":"2023-09-21T23:08:16+00:00","article_modified_time":"2023-09-21T23:13:29+00:00","og_image":[{"width":1170,"height":700,"url":"https:\/\/redenoticiaz.com.br\/ribeiraopreto-regiao\/wp-content\/uploads\/sites\/4\/2023\/09\/53187509294_b055238f07_o.jpg?v=1694727087","type":"image\/jpeg"}],"author":"Gustavo Silva","twitter_card":"summary_large_image","twitter_creator":"@RN_barretos","twitter_site":"@RN_barretos","twitter_misc":{"Escrito por":"Gustavo Silva","Est. tempo de leitura":"3 minutos"},"schema":{"@context":"https:\/\/schema.org","@graph":[{"@type":"Article","@id":"https:\/\/redenoticiaz.com.br\/ribeiraopreto-regiao\/sp\/2023\/09\/21\/por-9-votos-a-2-supremo-invalida-tese-do-marco-temporal#article","isPartOf":{"@id":"https:\/\/redenoticiaz.com.br\/ribeiraopreto-regiao\/sp\/2023\/09\/21\/por-9-votos-a-2-supremo-invalida-tese-do-marco-temporal"},"author":{"name":"Gustavo Silva","@id":"https:\/\/redenoticiaz.com.br\/ribeiraopreto-regiao\/#\/schema\/person\/16057b37a3c0ee6b096d7f887c566e2e"},"headline":"Por 9 votos a 2, Supremo invalida tese do marco temporal","datePublished":"2023-09-21T23:08:16+00:00","dateModified":"2023-09-21T23:13:29+00:00","mainEntityOfPage":{"@id":"https:\/\/redenoticiaz.com.br\/ribeiraopreto-regiao\/sp\/2023\/09\/21\/por-9-votos-a-2-supremo-invalida-tese-do-marco-temporal"},"wordCount":406,"commentCount":0,"publisher":{"@id":"https:\/\/redenoticiaz.com.br\/ribeiraopreto-regiao\/#organization"},"image":{"@id":"https:\/\/redenoticiaz.com.br\/ribeiraopreto-regiao\/sp\/2023\/09\/21\/por-9-votos-a-2-supremo-invalida-tese-do-marco-temporal#primaryimage"},"thumbnailUrl":"https:\/\/redenoticiaz.com.br\/ribeiraopreto-regiao\/wp-content\/uploads\/sites\/4\/2023\/09\/53187509294_b055238f07_o.jpg?v=1694727087","keywords":["SUPREMO TRIBUNAL FEDERAL"],"articleSection":["Justi\u00e7a"],"inLanguage":"pt-BR","potentialAction":[{"@type":"CommentAction","name":"Comment","target":["https:\/\/redenoticiaz.com.br\/ribeiraopreto-regiao\/sp\/2023\/09\/21\/por-9-votos-a-2-supremo-invalida-tese-do-marco-temporal#respond"]}]},{"@type":"WebPage","@id":"https:\/\/redenoticiaz.com.br\/ribeiraopreto-regiao\/sp\/2023\/09\/21\/por-9-votos-a-2-supremo-invalida-tese-do-marco-temporal","url":"https:\/\/redenoticiaz.com.br\/ribeiraopreto-regiao\/sp\/2023\/09\/21\/por-9-votos-a-2-supremo-invalida-tese-do-marco-temporal","name":"Por 9 votos a 2, Supremo invalida tese do marco temporal - Ribeir\u00e3o Preto e Regi\u00e3o","isPartOf":{"@id":"https:\/\/redenoticiaz.com.br\/ribeiraopreto-regiao\/#website"},"primaryImageOfPage":{"@id":"https:\/\/redenoticiaz.com.br\/ribeiraopreto-regiao\/sp\/2023\/09\/21\/por-9-votos-a-2-supremo-invalida-tese-do-marco-temporal#primaryimage"},"image":{"@id":"https:\/\/redenoticiaz.com.br\/ribeiraopreto-regiao\/sp\/2023\/09\/21\/por-9-votos-a-2-supremo-invalida-tese-do-marco-temporal#primaryimage"},"thumbnailUrl":"https:\/\/redenoticiaz.com.br\/ribeiraopreto-regiao\/wp-content\/uploads\/sites\/4\/2023\/09\/53187509294_b055238f07_o.jpg?v=1694727087","datePublished":"2023-09-21T23:08:16+00:00","dateModified":"2023-09-21T23:13:29+00:00","description":"Por votos 9 votos a 2, o Supremo Tribunal Federal (STF) julgou inconstitucional a tese do marco temporal para demarca\u00e7\u00e3o de terras ind\u00edgenas. A decis\u00e3o foi obtida nesta quinta-feira (21), ap\u00f3s a 11\u00aa sess\u00e3o para julgar o caso.","inLanguage":"pt-BR","potentialAction":[{"@type":"ReadAction","target":["https:\/\/redenoticiaz.com.br\/ribeiraopreto-regiao\/sp\/2023\/09\/21\/por-9-votos-a-2-supremo-invalida-tese-do-marco-temporal"]}]},{"@type":"ImageObject","inLanguage":"pt-BR","@id":"https:\/\/redenoticiaz.com.br\/ribeiraopreto-regiao\/sp\/2023\/09\/21\/por-9-votos-a-2-supremo-invalida-tese-do-marco-temporal#primaryimage","url":"https:\/\/redenoticiaz.com.br\/ribeiraopreto-regiao\/wp-content\/uploads\/sites\/4\/2023\/09\/53187509294_b055238f07_o.jpg?v=1694727087","contentUrl":"https:\/\/redenoticiaz.com.br\/ribeiraopreto-regiao\/wp-content\/uploads\/sites\/4\/2023\/09\/53187509294_b055238f07_o.jpg?v=1694727087","width":1170,"height":700,"caption":"Sess\u00e3o plen\u00e1ria do STF. Foto: Rosinei Coutinho\/SCO\/STF"},{"@type":"WebSite","@id":"https:\/\/redenoticiaz.com.br\/ribeiraopreto-regiao\/#website","url":"https:\/\/redenoticiaz.com.br\/ribeiraopreto-regiao\/","name":"Ribeir\u00e3o Preto e Regi\u00e3o","description":"Rede NoticiaZ - Ribeir\u00e3o Preto e regi\u00e3o","publisher":{"@id":"https:\/\/redenoticiaz.com.br\/ribeiraopreto-regiao\/#organization"},"potentialAction":[{"@type":"SearchAction","target":{"@type":"EntryPoint","urlTemplate":"https:\/\/redenoticiaz.com.br\/ribeiraopreto-regiao\/?s={search_term_string}"},"query-input":{"@type":"PropertyValueSpecification","valueRequired":true,"valueName":"search_term_string"}}],"inLanguage":"pt-BR"},{"@type":"Organization","@id":"https:\/\/redenoticiaz.com.br\/ribeiraopreto-regiao\/#organization","name":"Ribeir\u00e3o Preto e Regi\u00e3o","url":"https:\/\/redenoticiaz.com.br\/ribeiraopreto-regiao\/","logo":{"@type":"ImageObject","inLanguage":"pt-BR","@id":"https:\/\/redenoticiaz.com.br\/ribeiraopreto-regiao\/#\/schema\/logo\/image\/","url":"https:\/\/redenoticiaz.com.br\/barretos-regiao\/wp-content\/uploads\/sites\/4\/2022\/02\/logo.jpg","contentUrl":"https:\/\/redenoticiaz.com.br\/barretos-regiao\/wp-content\/uploads\/sites\/4\/2022\/02\/logo.jpg","width":400,"height":250,"caption":"Ribeir\u00e3o Preto e Regi\u00e3o"},"image":{"@id":"https:\/\/redenoticiaz.com.br\/ribeiraopreto-regiao\/#\/schema\/logo\/image\/"},"sameAs":["https:\/\/m.facebook.com\/redenoticiaz.barretos","https:\/\/x.com\/RN_barretos","https:\/\/www.instagram.com\/redenoticiaz.barretos\/?igshid=YmMyMTA2M2Y","https:\/\/www.linkedin.com\/company\/rede-noticiaz-barretos-e-regio\/"]},{"@type":"Person","@id":"https:\/\/redenoticiaz.com.br\/ribeiraopreto-regiao\/#\/schema\/person\/16057b37a3c0ee6b096d7f887c566e2e","name":"Gustavo Silva","image":{"@type":"ImageObject","inLanguage":"pt-BR","@id":"https:\/\/secure.gravatar.com\/avatar\/3ee4e82f93b26de0a7cf4ea5eb7893da637ed6bb0c9170c58065944c56e28a33?s=96&d=mm&r=g","url":"https:\/\/secure.gravatar.com\/avatar\/3ee4e82f93b26de0a7cf4ea5eb7893da637ed6bb0c9170c58065944c56e28a33?s=96&d=mm&r=g","contentUrl":"https:\/\/secure.gravatar.com\/avatar\/3ee4e82f93b26de0a7cf4ea5eb7893da637ed6bb0c9170c58065944c56e28a33?s=96&d=mm&r=g","caption":"Gustavo Silva"},"url":"https:\/\/redenoticiaz.com.br\/ribeiraopreto-regiao\/sp\/author\/gustavosilva"}]}},"_links":{"self":[{"href":"https:\/\/redenoticiaz.com.br\/ribeiraopreto-regiao\/wp-json\/wp\/v2\/posts\/111008","targetHints":{"allow":["GET"]}}],"collection":[{"href":"https:\/\/redenoticiaz.com.br\/ribeiraopreto-regiao\/wp-json\/wp\/v2\/posts"}],"about":[{"href":"https:\/\/redenoticiaz.com.br\/ribeiraopreto-regiao\/wp-json\/wp\/v2\/types\/post"}],"author":[{"embeddable":true,"href":"https:\/\/redenoticiaz.com.br\/ribeiraopreto-regiao\/wp-json\/wp\/v2\/users\/12"}],"replies":[{"embeddable":true,"href":"https:\/\/redenoticiaz.com.br\/ribeiraopreto-regiao\/wp-json\/wp\/v2\/comments?post=111008"}],"version-history":[{"count":0,"href":"https:\/\/redenoticiaz.com.br\/ribeiraopreto-regiao\/wp-json\/wp\/v2\/posts\/111008\/revisions"}],"wp:featuredmedia":[{"embeddable":true,"href":"https:\/\/redenoticiaz.com.br\/ribeiraopreto-regiao\/wp-json\/wp\/v2\/media\/110798"}],"wp:attachment":[{"href":"https:\/\/redenoticiaz.com.br\/ribeiraopreto-regiao\/wp-json\/wp\/v2\/media?parent=111008"}],"wp:term":[{"taxonomy":"category","embeddable":true,"href":"https:\/\/redenoticiaz.com.br\/ribeiraopreto-regiao\/wp-json\/wp\/v2\/categories?post=111008"},{"taxonomy":"post_tag","embeddable":true,"href":"https:\/\/redenoticiaz.com.br\/ribeiraopreto-regiao\/wp-json\/wp\/v2\/tags?post=111008"}],"curies":[{"name":"wp","href":"https:\/\/api.w.org\/{rel}","templated":true}]}}