{"id":111028,"date":"2023-09-22T15:26:29","date_gmt":"2023-09-22T18:26:29","guid":{"rendered":"https:\/\/redenoticiaz.com.br\/barretos-regiao\/?p=111028"},"modified":"2023-09-22T15:26:29","modified_gmt":"2023-09-22T18:26:29","slug":"acao-de-resgate-e-fortalecimento-da-comunidade-do-luiz-spina-veja","status":"publish","type":"post","link":"https:\/\/redenoticiaz.com.br\/ribeiraopreto-regiao\/sp\/2023\/09\/22\/acao-de-resgate-e-fortalecimento-da-comunidade-do-luiz-spina-veja","title":{"rendered":"A\u00e7\u00e3o de resgate e fortalecimento da comunidade do Luiz Spina. Veja"},"content":{"rendered":"<p>Quem s\u00e3o os aproximadamente 2.500 habitantes e quais s\u00e3o suas aspira\u00e7\u00f5es de vida? \u00c9 com esse questionamento em mente que o Projeto Atitude, uma uni\u00e3o entre a Prefeitura, por meio da Secretaria Municipal de Habita\u00e7\u00e3o da Est\u00e2ncia Tur\u00edstica de Barretos e o Educand\u00e1rio Sagrados Cora\u00e7\u00f5es, est\u00e1 empenhado em trabalhar incansavelmente.<\/p>\n<p>Composto por 960 apartamentos distribu\u00eddos em sete torres, o Conjunto Habitacional Luiz Spina foi inaugurado em abril de 2011, como parte do programa do governo federal &#8220;Minha Casa, Minha Vida&#8221;. Desde ent\u00e3o, ele vem se consolidando como um local onde fam\u00edlias se reconhecem em busca de uma qualidade de vida aprimorada.<\/p>\n<h3>Fase inicial<\/h3>\n<p>Nesta fase inicial do Projeto Atitude, est\u00e3o sendo realizadas reuni\u00f5es com o objetivo de identificar potenciais l\u00edderes, que ir\u00e3o formar comiss\u00f5es gestoras para representar os blocos em diversos n\u00edveis, visando \u00e0 solu\u00e7\u00e3o de problemas e \u00e0 implementa\u00e7\u00e3o de melhorias no entorno.<\/p>\n<p>A partir desse processo de autoconhecimento de cada morador, uma das propostas \u00e9 regularizar as condi\u00e7\u00f5es de moradia, buscando, junto \u00e0 Caixa Econ\u00f4mica Federal, o \u00f3rg\u00e3o financiador, a documenta\u00e7\u00e3o necess\u00e1ria para a quita\u00e7\u00e3o, inclusive para aqueles que possuem im\u00f3veis alienados.<\/p>\n<p>Com a documenta\u00e7\u00e3o em m\u00e3os, o pr\u00f3ximo passo \u00e9 dar in\u00edcio ao processo de registro definitivo e, finalmente, garantir a posse definitiva de seus apartamentos.<\/p>\n<p>De acordo com a Secret\u00e1ria C\u00e9lia Rodrigues, este \u00e9 um trabalho pioneiro que proporcionar\u00e1 harmonia e uma melhor qualidade de vida. Ela ressalta: &#8220;Por meio deste projeto, buscamos dar um novo significado \u00e0 vida dos verdadeiros habitantes deste local. S\u00e3o pessoas que acreditam na melhoria de sua qualidade de vida, desejam um lugar melhor para criar seus filhos e, acima de tudo, n\u00e3o querem mais que este lugar seja estigmatizado como um local de exclus\u00e3o. Ali residem fam\u00edlias, trabalhadores dedicados, pessoas talentosas e, acima de tudo, indiv\u00edduos que desejam fortalecer a comunidade em que vivem&#8221;, enfatizou a secret\u00e1ria com grande entusiasmo.<\/p>\n<p>LEIA MAIS<\/p>\n<p><a href=\"https:\/\/redenoticiaz.com.br\/barretos-regiao\/sp\/2023\/09\/22\/policia-investiga-roubo-milionario-barretos\">Pol\u00edcia investiga roubo milion\u00e1rio em Barretos<\/a><\/p>\n<p><a href=\"https:\/\/redenoticiaz.com.br\/barretos-regiao\/sp\/2023\/09\/22\/policia-investiga-roubo-milionario-barretos\">Pol\u00edcia encontra \u00e1rea de preserva\u00e7\u00e3o queimada<\/a><\/p>\n","protected":false},"excerpt":{"rendered":"<p>Quem s\u00e3o os aproximadamente 2.500 habitantes e quais s\u00e3o suas aspira\u00e7\u00f5es de vida? \u00c9 com esse questionamento em mente que o Projeto Atitude, uma uni\u00e3o entre a Prefeitura, por meio da Secretaria Municipal de Habita\u00e7\u00e3o da Est\u00e2ncia Tur\u00edstica de Barretos e o Educand\u00e1rio Sagrados Cora\u00e7\u00f5es, est\u00e1 empenhado em trabalhar incansavelmente. Composto por 960 apartamentos distribu\u00eddos &hellip;<\/p>\n","protected":false},"author":30,"featured_media":111029,"comment_status":"open","ping_status":"closed","sticky":false,"template":"","format":"standard","meta":{"footnotes":""},"categories":[252],"tags":[],"class_list":["post-111028","post","type-post","status-publish","format-standard","has-post-thumbnail","hentry","category-acao-social"],"yoast_head":"<!-- This site is optimized with the Yoast SEO plugin v27.4 - https:\/\/yoast.com\/product\/yoast-seo-wordpress\/ -->\n<title>A\u00e7\u00e3o de resgate e fortalecimento da comunidade do Luiz Spina. Veja - Ribeir\u00e3o Preto e Regi\u00e3o<\/title>\n<meta name=\"description\" content=\"Projeto Atitude, uma uni\u00e3o entre a Prefeitura, por meio da Secretaria Municipal de Habita\u00e7\u00e3o e o Educand\u00e1rio Sagrados Cora\u00e7\u00f5es.\" \/>\n<meta name=\"robots\" content=\"index, follow, max-snippet:-1, max-image-preview:large, max-video-preview:-1\" \/>\n<link rel=\"canonical\" href=\"https:\/\/redenoticiaz.com.br\/ribeiraopreto-regiao\/sp\/2023\/09\/22\/acao-de-resgate-e-fortalecimento-da-comunidade-do-luiz-spina-veja\" \/>\n<meta property=\"og:locale\" content=\"pt_BR\" \/>\n<meta property=\"og:type\" content=\"article\" \/>\n<meta property=\"og:title\" content=\"A\u00e7\u00e3o de resgate e fortalecimento da comunidade do Luiz Spina. Veja - Ribeir\u00e3o Preto e Regi\u00e3o\" \/>\n<meta property=\"og:description\" content=\"Projeto Atitude, uma uni\u00e3o entre a Prefeitura, por meio da Secretaria Municipal de Habita\u00e7\u00e3o e o Educand\u00e1rio Sagrados Cora\u00e7\u00f5es.\" \/>\n<meta property=\"og:url\" content=\"https:\/\/redenoticiaz.com.br\/ribeiraopreto-regiao\/sp\/2023\/09\/22\/acao-de-resgate-e-fortalecimento-da-comunidade-do-luiz-spina-veja\" \/>\n<meta property=\"og:site_name\" content=\"Ribeir\u00e3o Preto e Regi\u00e3o\" \/>\n<meta property=\"article:publisher\" content=\"https:\/\/m.facebook.com\/redenoticiaz.barretos\" \/>\n<meta property=\"article:published_time\" content=\"2023-09-22T18:26:29+00:00\" \/>\n<meta property=\"og:image\" content=\"https:\/\/redenoticiaz.com.br\/ribeiraopreto-regiao\/wp-content\/uploads\/sites\/4\/2023\/09\/38af86134b65d0f10fe33d30dd76442e.jpg\" \/>\n\t<meta property=\"og:image:width\" content=\"1000\" \/>\n\t<meta property=\"og:image:height\" content=\"666\" \/>\n\t<meta property=\"og:image:type\" content=\"image\/jpeg\" \/>\n<meta name=\"author\" content=\"Carina Reifonas\" \/>\n<meta name=\"twitter:card\" content=\"summary_large_image\" \/>\n<meta name=\"twitter:creator\" content=\"@RN_barretos\" \/>\n<meta name=\"twitter:site\" content=\"@RN_barretos\" \/>\n<meta name=\"twitter:label1\" content=\"Escrito por\" \/>\n\t<meta name=\"twitter:data1\" content=\"Carina Reifonas\" \/>\n\t<meta name=\"twitter:label2\" content=\"Est. tempo de leitura\" \/>\n\t<meta name=\"twitter:data2\" content=\"2 minutos\" \/>\n<script type=\"application\/ld+json\" class=\"yoast-schema-graph\">{\"@context\":\"https:\\\/\\\/schema.org\",\"@graph\":[{\"@type\":\"Article\",\"@id\":\"https:\\\/\\\/redenoticiaz.com.br\\\/ribeiraopreto-regiao\\\/sp\\\/2023\\\/09\\\/22\\\/acao-de-resgate-e-fortalecimento-da-comunidade-do-luiz-spina-veja#article\",\"isPartOf\":{\"@id\":\"https:\\\/\\\/redenoticiaz.com.br\\\/ribeiraopreto-regiao\\\/sp\\\/2023\\\/09\\\/22\\\/acao-de-resgate-e-fortalecimento-da-comunidade-do-luiz-spina-veja\"},\"author\":{\"name\":\"Carina Reifonas\",\"@id\":\"https:\\\/\\\/redenoticiaz.com.br\\\/ribeiraopreto-regiao\\\/#\\\/schema\\\/person\\\/1f84d6e94e6a62d2d81199d7503e9e90\"},\"headline\":\"A\u00e7\u00e3o de resgate e fortalecimento da comunidade do Luiz Spina. Veja\",\"datePublished\":\"2023-09-22T18:26:29+00:00\",\"mainEntityOfPage\":{\"@id\":\"https:\\\/\\\/redenoticiaz.com.br\\\/ribeiraopreto-regiao\\\/sp\\\/2023\\\/09\\\/22\\\/acao-de-resgate-e-fortalecimento-da-comunidade-do-luiz-spina-veja\"},\"wordCount\":368,\"commentCount\":0,\"publisher\":{\"@id\":\"https:\\\/\\\/redenoticiaz.com.br\\\/ribeiraopreto-regiao\\\/#organization\"},\"image\":{\"@id\":\"https:\\\/\\\/redenoticiaz.com.br\\\/ribeiraopreto-regiao\\\/sp\\\/2023\\\/09\\\/22\\\/acao-de-resgate-e-fortalecimento-da-comunidade-do-luiz-spina-veja#primaryimage\"},\"thumbnailUrl\":\"https:\\\/\\\/redenoticiaz.com.br\\\/ribeiraopreto-regiao\\\/wp-content\\\/uploads\\\/sites\\\/4\\\/2023\\\/09\\\/38af86134b65d0f10fe33d30dd76442e.jpg\",\"articleSection\":[\"A\u00e7\u00e3o Social\"],\"inLanguage\":\"pt-BR\",\"potentialAction\":[{\"@type\":\"CommentAction\",\"name\":\"Comment\",\"target\":[\"https:\\\/\\\/redenoticiaz.com.br\\\/ribeiraopreto-regiao\\\/sp\\\/2023\\\/09\\\/22\\\/acao-de-resgate-e-fortalecimento-da-comunidade-do-luiz-spina-veja#respond\"]}]},{\"@type\":\"WebPage\",\"@id\":\"https:\\\/\\\/redenoticiaz.com.br\\\/ribeiraopreto-regiao\\\/sp\\\/2023\\\/09\\\/22\\\/acao-de-resgate-e-fortalecimento-da-comunidade-do-luiz-spina-veja\",\"url\":\"https:\\\/\\\/redenoticiaz.com.br\\\/ribeiraopreto-regiao\\\/sp\\\/2023\\\/09\\\/22\\\/acao-de-resgate-e-fortalecimento-da-comunidade-do-luiz-spina-veja\",\"name\":\"A\u00e7\u00e3o de resgate e fortalecimento da comunidade do Luiz Spina. Veja - Ribeir\u00e3o Preto e Regi\u00e3o\",\"isPartOf\":{\"@id\":\"https:\\\/\\\/redenoticiaz.com.br\\\/ribeiraopreto-regiao\\\/#website\"},\"primaryImageOfPage\":{\"@id\":\"https:\\\/\\\/redenoticiaz.com.br\\\/ribeiraopreto-regiao\\\/sp\\\/2023\\\/09\\\/22\\\/acao-de-resgate-e-fortalecimento-da-comunidade-do-luiz-spina-veja#primaryimage\"},\"image\":{\"@id\":\"https:\\\/\\\/redenoticiaz.com.br\\\/ribeiraopreto-regiao\\\/sp\\\/2023\\\/09\\\/22\\\/acao-de-resgate-e-fortalecimento-da-comunidade-do-luiz-spina-veja#primaryimage\"},\"thumbnailUrl\":\"https:\\\/\\\/redenoticiaz.com.br\\\/ribeiraopreto-regiao\\\/wp-content\\\/uploads\\\/sites\\\/4\\\/2023\\\/09\\\/38af86134b65d0f10fe33d30dd76442e.jpg\",\"datePublished\":\"2023-09-22T18:26:29+00:00\",\"description\":\"Projeto Atitude, uma uni\u00e3o entre a Prefeitura, por meio da Secretaria Municipal de Habita\u00e7\u00e3o e o Educand\u00e1rio Sagrados Cora\u00e7\u00f5es.\",\"inLanguage\":\"pt-BR\",\"potentialAction\":[{\"@type\":\"ReadAction\",\"target\":[\"https:\\\/\\\/redenoticiaz.com.br\\\/ribeiraopreto-regiao\\\/sp\\\/2023\\\/09\\\/22\\\/acao-de-resgate-e-fortalecimento-da-comunidade-do-luiz-spina-veja\"]}]},{\"@type\":\"ImageObject\",\"inLanguage\":\"pt-BR\",\"@id\":\"https:\\\/\\\/redenoticiaz.com.br\\\/ribeiraopreto-regiao\\\/sp\\\/2023\\\/09\\\/22\\\/acao-de-resgate-e-fortalecimento-da-comunidade-do-luiz-spina-veja#primaryimage\",\"url\":\"https:\\\/\\\/redenoticiaz.com.br\\\/ribeiraopreto-regiao\\\/wp-content\\\/uploads\\\/sites\\\/4\\\/2023\\\/09\\\/38af86134b65d0f10fe33d30dd76442e.jpg\",\"contentUrl\":\"https:\\\/\\\/redenoticiaz.com.br\\\/ribeiraopreto-regiao\\\/wp-content\\\/uploads\\\/sites\\\/4\\\/2023\\\/09\\\/38af86134b65d0f10fe33d30dd76442e.jpg\",\"width\":1000,\"height\":666},{\"@type\":\"WebSite\",\"@id\":\"https:\\\/\\\/redenoticiaz.com.br\\\/ribeiraopreto-regiao\\\/#website\",\"url\":\"https:\\\/\\\/redenoticiaz.com.br\\\/ribeiraopreto-regiao\\\/\",\"name\":\"Ribeir\u00e3o Preto e Regi\u00e3o\",\"description\":\"Rede NoticiaZ - Ribeir\u00e3o Preto e regi\u00e3o\",\"publisher\":{\"@id\":\"https:\\\/\\\/redenoticiaz.com.br\\\/ribeiraopreto-regiao\\\/#organization\"},\"potentialAction\":[{\"@type\":\"SearchAction\",\"target\":{\"@type\":\"EntryPoint\",\"urlTemplate\":\"https:\\\/\\\/redenoticiaz.com.br\\\/ribeiraopreto-regiao\\\/?s={search_term_string}\"},\"query-input\":{\"@type\":\"PropertyValueSpecification\",\"valueRequired\":true,\"valueName\":\"search_term_string\"}}],\"inLanguage\":\"pt-BR\"},{\"@type\":\"Organization\",\"@id\":\"https:\\\/\\\/redenoticiaz.com.br\\\/ribeiraopreto-regiao\\\/#organization\",\"name\":\"Ribeir\u00e3o Preto e Regi\u00e3o\",\"url\":\"https:\\\/\\\/redenoticiaz.com.br\\\/ribeiraopreto-regiao\\\/\",\"logo\":{\"@type\":\"ImageObject\",\"inLanguage\":\"pt-BR\",\"@id\":\"https:\\\/\\\/redenoticiaz.com.br\\\/ribeiraopreto-regiao\\\/#\\\/schema\\\/logo\\\/image\\\/\",\"url\":\"https:\\\/\\\/redenoticiaz.com.br\\\/barretos-regiao\\\/wp-content\\\/uploads\\\/sites\\\/4\\\/2022\\\/02\\\/logo.jpg\",\"contentUrl\":\"https:\\\/\\\/redenoticiaz.com.br\\\/barretos-regiao\\\/wp-content\\\/uploads\\\/sites\\\/4\\\/2022\\\/02\\\/logo.jpg\",\"width\":400,\"height\":250,\"caption\":\"Ribeir\u00e3o Preto e Regi\u00e3o\"},\"image\":{\"@id\":\"https:\\\/\\\/redenoticiaz.com.br\\\/ribeiraopreto-regiao\\\/#\\\/schema\\\/logo\\\/image\\\/\"},\"sameAs\":[\"https:\\\/\\\/m.facebook.com\\\/redenoticiaz.barretos\",\"https:\\\/\\\/x.com\\\/RN_barretos\",\"https:\\\/\\\/www.instagram.com\\\/redenoticiaz.barretos\\\/?igshid=YmMyMTA2M2Y\",\"https:\\\/\\\/www.linkedin.com\\\/company\\\/rede-noticiaz-barretos-e-regio\\\/\"]},{\"@type\":\"Person\",\"@id\":\"https:\\\/\\\/redenoticiaz.com.br\\\/ribeiraopreto-regiao\\\/#\\\/schema\\\/person\\\/1f84d6e94e6a62d2d81199d7503e9e90\",\"name\":\"Carina Reifonas\",\"image\":{\"@type\":\"ImageObject\",\"inLanguage\":\"pt-BR\",\"@id\":\"https:\\\/\\\/secure.gravatar.com\\\/avatar\\\/04c59859b23696cf867715880f81d5c037e60109730bdb4e6670ec2a2245bc97?s=96&d=mm&r=g\",\"url\":\"https:\\\/\\\/secure.gravatar.com\\\/avatar\\\/04c59859b23696cf867715880f81d5c037e60109730bdb4e6670ec2a2245bc97?s=96&d=mm&r=g\",\"contentUrl\":\"https:\\\/\\\/secure.gravatar.com\\\/avatar\\\/04c59859b23696cf867715880f81d5c037e60109730bdb4e6670ec2a2245bc97?s=96&d=mm&r=g\",\"caption\":\"Carina Reifonas\"},\"url\":\"https:\\\/\\\/redenoticiaz.com.br\\\/ribeiraopreto-regiao\\\/sp\\\/author\\\/carinareifonas\"}]}<\/script>\n<!-- \/ Yoast SEO plugin. -->","yoast_head_json":{"title":"A\u00e7\u00e3o de resgate e fortalecimento da comunidade do Luiz Spina. Veja - Ribeir\u00e3o Preto e Regi\u00e3o","description":"Projeto Atitude, uma uni\u00e3o entre a Prefeitura, por meio da Secretaria Municipal de Habita\u00e7\u00e3o e o Educand\u00e1rio Sagrados Cora\u00e7\u00f5es.","robots":{"index":"index","follow":"follow","max-snippet":"max-snippet:-1","max-image-preview":"max-image-preview:large","max-video-preview":"max-video-preview:-1"},"canonical":"https:\/\/redenoticiaz.com.br\/ribeiraopreto-regiao\/sp\/2023\/09\/22\/acao-de-resgate-e-fortalecimento-da-comunidade-do-luiz-spina-veja","og_locale":"pt_BR","og_type":"article","og_title":"A\u00e7\u00e3o de resgate e fortalecimento da comunidade do Luiz Spina. Veja - Ribeir\u00e3o Preto e Regi\u00e3o","og_description":"Projeto Atitude, uma uni\u00e3o entre a Prefeitura, por meio da Secretaria Municipal de Habita\u00e7\u00e3o e o Educand\u00e1rio Sagrados Cora\u00e7\u00f5es.","og_url":"https:\/\/redenoticiaz.com.br\/ribeiraopreto-regiao\/sp\/2023\/09\/22\/acao-de-resgate-e-fortalecimento-da-comunidade-do-luiz-spina-veja","og_site_name":"Ribeir\u00e3o Preto e Regi\u00e3o","article_publisher":"https:\/\/m.facebook.com\/redenoticiaz.barretos","article_published_time":"2023-09-22T18:26:29+00:00","og_image":[{"width":1000,"height":666,"url":"https:\/\/redenoticiaz.com.br\/ribeiraopreto-regiao\/wp-content\/uploads\/sites\/4\/2023\/09\/38af86134b65d0f10fe33d30dd76442e.jpg","type":"image\/jpeg"}],"author":"Carina Reifonas","twitter_card":"summary_large_image","twitter_creator":"@RN_barretos","twitter_site":"@RN_barretos","twitter_misc":{"Escrito por":"Carina Reifonas","Est. tempo de leitura":"2 minutos"},"schema":{"@context":"https:\/\/schema.org","@graph":[{"@type":"Article","@id":"https:\/\/redenoticiaz.com.br\/ribeiraopreto-regiao\/sp\/2023\/09\/22\/acao-de-resgate-e-fortalecimento-da-comunidade-do-luiz-spina-veja#article","isPartOf":{"@id":"https:\/\/redenoticiaz.com.br\/ribeiraopreto-regiao\/sp\/2023\/09\/22\/acao-de-resgate-e-fortalecimento-da-comunidade-do-luiz-spina-veja"},"author":{"name":"Carina Reifonas","@id":"https:\/\/redenoticiaz.com.br\/ribeiraopreto-regiao\/#\/schema\/person\/1f84d6e94e6a62d2d81199d7503e9e90"},"headline":"A\u00e7\u00e3o de resgate e fortalecimento da comunidade do Luiz Spina. Veja","datePublished":"2023-09-22T18:26:29+00:00","mainEntityOfPage":{"@id":"https:\/\/redenoticiaz.com.br\/ribeiraopreto-regiao\/sp\/2023\/09\/22\/acao-de-resgate-e-fortalecimento-da-comunidade-do-luiz-spina-veja"},"wordCount":368,"commentCount":0,"publisher":{"@id":"https:\/\/redenoticiaz.com.br\/ribeiraopreto-regiao\/#organization"},"image":{"@id":"https:\/\/redenoticiaz.com.br\/ribeiraopreto-regiao\/sp\/2023\/09\/22\/acao-de-resgate-e-fortalecimento-da-comunidade-do-luiz-spina-veja#primaryimage"},"thumbnailUrl":"https:\/\/redenoticiaz.com.br\/ribeiraopreto-regiao\/wp-content\/uploads\/sites\/4\/2023\/09\/38af86134b65d0f10fe33d30dd76442e.jpg","articleSection":["A\u00e7\u00e3o Social"],"inLanguage":"pt-BR","potentialAction":[{"@type":"CommentAction","name":"Comment","target":["https:\/\/redenoticiaz.com.br\/ribeiraopreto-regiao\/sp\/2023\/09\/22\/acao-de-resgate-e-fortalecimento-da-comunidade-do-luiz-spina-veja#respond"]}]},{"@type":"WebPage","@id":"https:\/\/redenoticiaz.com.br\/ribeiraopreto-regiao\/sp\/2023\/09\/22\/acao-de-resgate-e-fortalecimento-da-comunidade-do-luiz-spina-veja","url":"https:\/\/redenoticiaz.com.br\/ribeiraopreto-regiao\/sp\/2023\/09\/22\/acao-de-resgate-e-fortalecimento-da-comunidade-do-luiz-spina-veja","name":"A\u00e7\u00e3o de resgate e fortalecimento da comunidade do Luiz Spina. Veja - Ribeir\u00e3o Preto e Regi\u00e3o","isPartOf":{"@id":"https:\/\/redenoticiaz.com.br\/ribeiraopreto-regiao\/#website"},"primaryImageOfPage":{"@id":"https:\/\/redenoticiaz.com.br\/ribeiraopreto-regiao\/sp\/2023\/09\/22\/acao-de-resgate-e-fortalecimento-da-comunidade-do-luiz-spina-veja#primaryimage"},"image":{"@id":"https:\/\/redenoticiaz.com.br\/ribeiraopreto-regiao\/sp\/2023\/09\/22\/acao-de-resgate-e-fortalecimento-da-comunidade-do-luiz-spina-veja#primaryimage"},"thumbnailUrl":"https:\/\/redenoticiaz.com.br\/ribeiraopreto-regiao\/wp-content\/uploads\/sites\/4\/2023\/09\/38af86134b65d0f10fe33d30dd76442e.jpg","datePublished":"2023-09-22T18:26:29+00:00","description":"Projeto Atitude, uma uni\u00e3o entre a Prefeitura, por meio da Secretaria Municipal de Habita\u00e7\u00e3o e o Educand\u00e1rio Sagrados Cora\u00e7\u00f5es.","inLanguage":"pt-BR","potentialAction":[{"@type":"ReadAction","target":["https:\/\/redenoticiaz.com.br\/ribeiraopreto-regiao\/sp\/2023\/09\/22\/acao-de-resgate-e-fortalecimento-da-comunidade-do-luiz-spina-veja"]}]},{"@type":"ImageObject","inLanguage":"pt-BR","@id":"https:\/\/redenoticiaz.com.br\/ribeiraopreto-regiao\/sp\/2023\/09\/22\/acao-de-resgate-e-fortalecimento-da-comunidade-do-luiz-spina-veja#primaryimage","url":"https:\/\/redenoticiaz.com.br\/ribeiraopreto-regiao\/wp-content\/uploads\/sites\/4\/2023\/09\/38af86134b65d0f10fe33d30dd76442e.jpg","contentUrl":"https:\/\/redenoticiaz.com.br\/ribeiraopreto-regiao\/wp-content\/uploads\/sites\/4\/2023\/09\/38af86134b65d0f10fe33d30dd76442e.jpg","width":1000,"height":666},{"@type":"WebSite","@id":"https:\/\/redenoticiaz.com.br\/ribeiraopreto-regiao\/#website","url":"https:\/\/redenoticiaz.com.br\/ribeiraopreto-regiao\/","name":"Ribeir\u00e3o Preto e Regi\u00e3o","description":"Rede NoticiaZ - Ribeir\u00e3o Preto e regi\u00e3o","publisher":{"@id":"https:\/\/redenoticiaz.com.br\/ribeiraopreto-regiao\/#organization"},"potentialAction":[{"@type":"SearchAction","target":{"@type":"EntryPoint","urlTemplate":"https:\/\/redenoticiaz.com.br\/ribeiraopreto-regiao\/?s={search_term_string}"},"query-input":{"@type":"PropertyValueSpecification","valueRequired":true,"valueName":"search_term_string"}}],"inLanguage":"pt-BR"},{"@type":"Organization","@id":"https:\/\/redenoticiaz.com.br\/ribeiraopreto-regiao\/#organization","name":"Ribeir\u00e3o Preto e Regi\u00e3o","url":"https:\/\/redenoticiaz.com.br\/ribeiraopreto-regiao\/","logo":{"@type":"ImageObject","inLanguage":"pt-BR","@id":"https:\/\/redenoticiaz.com.br\/ribeiraopreto-regiao\/#\/schema\/logo\/image\/","url":"https:\/\/redenoticiaz.com.br\/barretos-regiao\/wp-content\/uploads\/sites\/4\/2022\/02\/logo.jpg","contentUrl":"https:\/\/redenoticiaz.com.br\/barretos-regiao\/wp-content\/uploads\/sites\/4\/2022\/02\/logo.jpg","width":400,"height":250,"caption":"Ribeir\u00e3o Preto e Regi\u00e3o"},"image":{"@id":"https:\/\/redenoticiaz.com.br\/ribeiraopreto-regiao\/#\/schema\/logo\/image\/"},"sameAs":["https:\/\/m.facebook.com\/redenoticiaz.barretos","https:\/\/x.com\/RN_barretos","https:\/\/www.instagram.com\/redenoticiaz.barretos\/?igshid=YmMyMTA2M2Y","https:\/\/www.linkedin.com\/company\/rede-noticiaz-barretos-e-regio\/"]},{"@type":"Person","@id":"https:\/\/redenoticiaz.com.br\/ribeiraopreto-regiao\/#\/schema\/person\/1f84d6e94e6a62d2d81199d7503e9e90","name":"Carina Reifonas","image":{"@type":"ImageObject","inLanguage":"pt-BR","@id":"https:\/\/secure.gravatar.com\/avatar\/04c59859b23696cf867715880f81d5c037e60109730bdb4e6670ec2a2245bc97?s=96&d=mm&r=g","url":"https:\/\/secure.gravatar.com\/avatar\/04c59859b23696cf867715880f81d5c037e60109730bdb4e6670ec2a2245bc97?s=96&d=mm&r=g","contentUrl":"https:\/\/secure.gravatar.com\/avatar\/04c59859b23696cf867715880f81d5c037e60109730bdb4e6670ec2a2245bc97?s=96&d=mm&r=g","caption":"Carina Reifonas"},"url":"https:\/\/redenoticiaz.com.br\/ribeiraopreto-regiao\/sp\/author\/carinareifonas"}]}},"_links":{"self":[{"href":"https:\/\/redenoticiaz.com.br\/ribeiraopreto-regiao\/wp-json\/wp\/v2\/posts\/111028","targetHints":{"allow":["GET"]}}],"collection":[{"href":"https:\/\/redenoticiaz.com.br\/ribeiraopreto-regiao\/wp-json\/wp\/v2\/posts"}],"about":[{"href":"https:\/\/redenoticiaz.com.br\/ribeiraopreto-regiao\/wp-json\/wp\/v2\/types\/post"}],"author":[{"embeddable":true,"href":"https:\/\/redenoticiaz.com.br\/ribeiraopreto-regiao\/wp-json\/wp\/v2\/users\/30"}],"replies":[{"embeddable":true,"href":"https:\/\/redenoticiaz.com.br\/ribeiraopreto-regiao\/wp-json\/wp\/v2\/comments?post=111028"}],"version-history":[{"count":1,"href":"https:\/\/redenoticiaz.com.br\/ribeiraopreto-regiao\/wp-json\/wp\/v2\/posts\/111028\/revisions"}],"predecessor-version":[{"id":111030,"href":"https:\/\/redenoticiaz.com.br\/ribeiraopreto-regiao\/wp-json\/wp\/v2\/posts\/111028\/revisions\/111030"}],"wp:featuredmedia":[{"embeddable":true,"href":"https:\/\/redenoticiaz.com.br\/ribeiraopreto-regiao\/wp-json\/wp\/v2\/media\/111029"}],"wp:attachment":[{"href":"https:\/\/redenoticiaz.com.br\/ribeiraopreto-regiao\/wp-json\/wp\/v2\/media?parent=111028"}],"wp:term":[{"taxonomy":"category","embeddable":true,"href":"https:\/\/redenoticiaz.com.br\/ribeiraopreto-regiao\/wp-json\/wp\/v2\/categories?post=111028"},{"taxonomy":"post_tag","embeddable":true,"href":"https:\/\/redenoticiaz.com.br\/ribeiraopreto-regiao\/wp-json\/wp\/v2\/tags?post=111028"}],"curies":[{"name":"wp","href":"https:\/\/api.w.org\/{rel}","templated":true}]}}