{"id":111042,"date":"2023-09-22T21:27:20","date_gmt":"2023-09-23T00:27:20","guid":{"rendered":"https:\/\/redenoticiaz.com.br\/barretos-regiao\/sp\/2023\/09\/22\/numero-de-atendimentos-por-calor-excessivo-aumenta-em-sao-paulo"},"modified":"2023-09-22T21:27:41","modified_gmt":"2023-09-23T00:27:41","slug":"numero-de-atendimentos-por-calor-excessivo-aumenta-em-sao-paulo","status":"publish","type":"post","link":"https:\/\/redenoticiaz.com.br\/ribeiraopreto-regiao\/sp\/2023\/09\/22\/numero-de-atendimentos-por-calor-excessivo-aumenta-em-sao-paulo","title":{"rendered":"N\u00famero de atendimentos por calor excessivo aumenta em S\u00e3o Paulo"},"content":{"rendered":"<div class=\"post-item-wrap\">\n<p>As tendas instaladas em pontos estrat\u00e9gicos da cidade de S\u00e3o Paulo para oferecer abrigo \u00e0s pessoas em situa\u00e7\u00e3o de vulnerabilidade e amenizar o impacto do sol e do calor excessivo atenderam 797 pessoas no segundo dia da Opera\u00e7\u00e3o Altas Temperaturas (OAT), nesta quinta-feira (21). Foram atendidos 292 idosos, 31 crian\u00e7as e 55 adolescentes. No dia anterior, 340 pessoas haviam procurado o servi\u00e7o.<img decoding=\"async\" src=\"https:\/\/agenciabrasil.ebc.com.br\/ebc.png?id=1557000&amp;o=node\" \/><img decoding=\"async\" src=\"https:\/\/agenciabrasil.ebc.com.br\/ebc.gif?id=1557000&amp;o=node\" \/><\/p>\n<p>No segundo dia da opera\u00e7\u00e3o os term\u00f4metros registraram at\u00e9 33,9\u00b0C. A a\u00e7\u00e3o ser\u00e1 realizada sempre que as temperaturas atingirem 32\u00ba C, ou sensa\u00e7\u00e3o t\u00e9rmica equivalente. Similar \u00e0 Opera\u00e7\u00e3o Baixas Temperaturas (OBT), a atual \u00e9 uma iniciativa da prefeitura em parceria com o governo paulista, em parceria com a Companhia de Saneamento B\u00e1sico do Estado de S\u00e3o Paulo (Sabesp).<\/p>\n<p>No total, entre 10h e 16h de ontem (22), as equipes da Secretaria Municipal de Assist\u00eancia e Desenvolvimento Social\u00a0fizeram 10.805 atendimentos com distribui\u00e7\u00e3o de 23.427 itens, sendo 9.883 garrafas de \u00e1gua, 2.611 frutas e 8.266 bon\u00e9s. No primeiro dia, no mesmo per\u00edodo, foram feitos 3.976 atendimentos e distribu\u00eddos 6.475 itens, sendo 3.738 garrafas de \u00e1gua, 2.527 frutas e 210 bon\u00e9s.<\/p>\n<p>As tendas foram instaladas na Pra\u00e7a da Rep\u00fablica e Pra\u00e7a Marechal Deodoro (Regi\u00e3o Central), Pra\u00e7a Floriano Peixoto, n\u00ba 54 (Santo Amaro), Pra\u00e7a Jos\u00e9 Boemer Roschel (Capela do Socorro), Avenida Cruzeiro do Sul, n\u00ba 3.180 (Santana), Pra\u00e7a Novo Mundo (Vila Maria), Pra\u00e7a Presidente Get\u00falio Vargas, s\/n (Guaianases), Avenida Musgo de Flor com Avenida Imperador, embaixo do viaduto Jacu P\u00eassego (Itaquera), Pra\u00e7a Cid Jos\u00e9 da Silva Campanella (Mooca) e Rua do Curtume, s\/n \u2013 esquina com Guaicurus (Lapa).<\/p>\n<p>De acordo com a prefeitura, o foco da a\u00e7\u00e3o \u00e9 convencer as pessoas a procurarem o atendimento para se abrigarem do sol e receberem \u00e1gua e alimento. Al\u00e9m do fornecimento de \u00e1gua, frutas e bon\u00e9s, e espa\u00e7o para os animais de estima\u00e7\u00e3o e refor\u00e7o na compra de ventiladores em unidades de acolhimento, h\u00e1 uma ambul\u00e2ncia referenciada para atendimento a casos de exposi\u00e7\u00e3o ao calor para atender as tendas. O objetivo de evitar insola\u00e7\u00e3o, desidrata\u00e7\u00e3o e outros problemas que podem decorrer da exposi\u00e7\u00e3o ao sol forte e altas temperaturas.<\/p>\n<p>A Defesa Civil da cidade de S\u00e3o Paulo decretou estado de aten\u00e7\u00e3o para altas temperaturas desde o dia 21\/09\/23 \u00e0s 18h00.<\/p>\n<p><strong>Leia mais<\/strong><\/p>\n<p><a href=\"https:\/\/redenoticiaz.com.br\/blog\/2023\/08\/27\/ondas-de-calor-resultam-de-mudancas-climaticas-nos-ultimos-60-anos\">Ondas de calor resultam de mudan\u00e7as clim\u00e1ticas nos \u00faltimos 60 anos<\/a><\/p>\n<p><a href=\"https:\/\/redenoticiaz.com.br\/blog\/2023\/08\/27\/calor-forte-pode-prejudicar-a-saude-veja-dicas-para-nao-sofrer-nessa-epoca-do-ano\">Calor forte pode prejudicar a sa\u00fade; veja dicas para n\u00e3o sofrer nessa \u00e9poca do ano<\/a><\/p>\n<\/div>\n","protected":false},"excerpt":{"rendered":"<p>As tendas instaladas em pontos estrat\u00e9gicos da cidade de S\u00e3o Paulo para oferecer abrigo \u00e0s pessoas em situa\u00e7\u00e3o de vulnerabilidade e amenizar o impacto do sol e do calor excessivo atenderam 797 pessoas no segundo dia da Opera\u00e7\u00e3o Altas Temperaturas (OAT), nesta quinta-feira (21). Foram atendidos 292 idosos, 31 crian\u00e7as e 55 adolescentes. No dia &hellip;<\/p>\n","protected":false},"author":12,"featured_media":109906,"comment_status":"open","ping_status":"closed","sticky":false,"template":"","format":"standard","meta":{"footnotes":""},"categories":[129,2331],"tags":[21195,29019,28708],"class_list":["post-111042","post","type-post","status-publish","format-standard","has-post-thumbnail","hentry","category-saude","category-saude-bem-estar","tag-calor","tag-calor-extremo","tag-ondas-de-calor"],"yoast_head":"<!-- This site is optimized with the Yoast SEO plugin v27.4 - https:\/\/yoast.com\/product\/yoast-seo-wordpress\/ -->\n<title>N\u00famero de atendimentos por calor excessivo aumenta em S\u00e3o Paulo - Ribeir\u00e3o Preto e Regi\u00e3o<\/title>\n<meta name=\"description\" content=\"Foram atendidos 292 idosos, 31 crian\u00e7as e 55 adolescentes. No dia anterior, 340 pessoas haviam procurado o servi\u00e7o.\" \/>\n<meta name=\"robots\" content=\"index, follow, max-snippet:-1, max-image-preview:large, max-video-preview:-1\" \/>\n<link rel=\"canonical\" href=\"https:\/\/redenoticiaz.com.br\/ribeiraopreto-regiao\/sp\/2023\/09\/22\/numero-de-atendimentos-por-calor-excessivo-aumenta-em-sao-paulo\" \/>\n<meta property=\"og:locale\" content=\"pt_BR\" \/>\n<meta property=\"og:type\" content=\"article\" \/>\n<meta property=\"og:title\" content=\"N\u00famero de atendimentos por calor excessivo aumenta em S\u00e3o Paulo - Ribeir\u00e3o Preto e Regi\u00e3o\" \/>\n<meta property=\"og:description\" content=\"Foram atendidos 292 idosos, 31 crian\u00e7as e 55 adolescentes. No dia anterior, 340 pessoas haviam procurado o servi\u00e7o.\" \/>\n<meta property=\"og:url\" content=\"https:\/\/redenoticiaz.com.br\/ribeiraopreto-regiao\/sp\/2023\/09\/22\/numero-de-atendimentos-por-calor-excessivo-aumenta-em-sao-paulo\" \/>\n<meta property=\"og:site_name\" content=\"Ribeir\u00e3o Preto e Regi\u00e3o\" \/>\n<meta property=\"article:publisher\" content=\"https:\/\/m.facebook.com\/redenoticiaz.barretos\" \/>\n<meta property=\"article:published_time\" content=\"2023-09-23T00:27:20+00:00\" \/>\n<meta property=\"article:modified_time\" content=\"2023-09-23T00:27:41+00:00\" \/>\n<meta property=\"og:image\" content=\"https:\/\/redenoticiaz.com.br\/ribeiraopreto-regiao\/wp-content\/uploads\/sites\/4\/2023\/08\/trbr5828.jpg?v=1693008874\" \/>\n\t<meta property=\"og:image:width\" content=\"1170\" \/>\n\t<meta property=\"og:image:height\" content=\"700\" \/>\n\t<meta property=\"og:image:type\" content=\"image\/jpeg\" \/>\n<meta name=\"author\" content=\"Gustavo Silva\" \/>\n<meta name=\"twitter:card\" content=\"summary_large_image\" \/>\n<meta name=\"twitter:creator\" content=\"@RN_barretos\" \/>\n<meta name=\"twitter:site\" content=\"@RN_barretos\" \/>\n<meta name=\"twitter:label1\" content=\"Escrito por\" \/>\n\t<meta name=\"twitter:data1\" content=\"Gustavo Silva\" \/>\n\t<meta name=\"twitter:label2\" content=\"Est. tempo de leitura\" \/>\n\t<meta name=\"twitter:data2\" content=\"3 minutos\" \/>\n<script type=\"application\/ld+json\" class=\"yoast-schema-graph\">{\"@context\":\"https:\\\/\\\/schema.org\",\"@graph\":[{\"@type\":\"Article\",\"@id\":\"https:\\\/\\\/redenoticiaz.com.br\\\/ribeiraopreto-regiao\\\/sp\\\/2023\\\/09\\\/22\\\/numero-de-atendimentos-por-calor-excessivo-aumenta-em-sao-paulo#article\",\"isPartOf\":{\"@id\":\"https:\\\/\\\/redenoticiaz.com.br\\\/ribeiraopreto-regiao\\\/sp\\\/2023\\\/09\\\/22\\\/numero-de-atendimentos-por-calor-excessivo-aumenta-em-sao-paulo\"},\"author\":{\"name\":\"Gustavo Silva\",\"@id\":\"https:\\\/\\\/redenoticiaz.com.br\\\/ribeiraopreto-regiao\\\/#\\\/schema\\\/person\\\/16057b37a3c0ee6b096d7f887c566e2e\"},\"headline\":\"N\u00famero de atendimentos por calor excessivo aumenta em S\u00e3o Paulo\",\"datePublished\":\"2023-09-23T00:27:20+00:00\",\"dateModified\":\"2023-09-23T00:27:41+00:00\",\"mainEntityOfPage\":{\"@id\":\"https:\\\/\\\/redenoticiaz.com.br\\\/ribeiraopreto-regiao\\\/sp\\\/2023\\\/09\\\/22\\\/numero-de-atendimentos-por-calor-excessivo-aumenta-em-sao-paulo\"},\"wordCount\":430,\"commentCount\":0,\"publisher\":{\"@id\":\"https:\\\/\\\/redenoticiaz.com.br\\\/ribeiraopreto-regiao\\\/#organization\"},\"image\":{\"@id\":\"https:\\\/\\\/redenoticiaz.com.br\\\/ribeiraopreto-regiao\\\/sp\\\/2023\\\/09\\\/22\\\/numero-de-atendimentos-por-calor-excessivo-aumenta-em-sao-paulo#primaryimage\"},\"thumbnailUrl\":\"https:\\\/\\\/redenoticiaz.com.br\\\/ribeiraopreto-regiao\\\/wp-content\\\/uploads\\\/sites\\\/4\\\/2023\\\/08\\\/trbr5828.jpg?v=1693008874\",\"keywords\":[\"CALOR\",\"calor extremo\",\"ondas de calor\"],\"articleSection\":[\"Sa\u00fade\",\"Sa\u00fade &amp; Bem-Estar\"],\"inLanguage\":\"pt-BR\",\"potentialAction\":[{\"@type\":\"CommentAction\",\"name\":\"Comment\",\"target\":[\"https:\\\/\\\/redenoticiaz.com.br\\\/ribeiraopreto-regiao\\\/sp\\\/2023\\\/09\\\/22\\\/numero-de-atendimentos-por-calor-excessivo-aumenta-em-sao-paulo#respond\"]}]},{\"@type\":\"WebPage\",\"@id\":\"https:\\\/\\\/redenoticiaz.com.br\\\/ribeiraopreto-regiao\\\/sp\\\/2023\\\/09\\\/22\\\/numero-de-atendimentos-por-calor-excessivo-aumenta-em-sao-paulo\",\"url\":\"https:\\\/\\\/redenoticiaz.com.br\\\/ribeiraopreto-regiao\\\/sp\\\/2023\\\/09\\\/22\\\/numero-de-atendimentos-por-calor-excessivo-aumenta-em-sao-paulo\",\"name\":\"N\u00famero de atendimentos por calor excessivo aumenta em S\u00e3o Paulo - Ribeir\u00e3o Preto e Regi\u00e3o\",\"isPartOf\":{\"@id\":\"https:\\\/\\\/redenoticiaz.com.br\\\/ribeiraopreto-regiao\\\/#website\"},\"primaryImageOfPage\":{\"@id\":\"https:\\\/\\\/redenoticiaz.com.br\\\/ribeiraopreto-regiao\\\/sp\\\/2023\\\/09\\\/22\\\/numero-de-atendimentos-por-calor-excessivo-aumenta-em-sao-paulo#primaryimage\"},\"image\":{\"@id\":\"https:\\\/\\\/redenoticiaz.com.br\\\/ribeiraopreto-regiao\\\/sp\\\/2023\\\/09\\\/22\\\/numero-de-atendimentos-por-calor-excessivo-aumenta-em-sao-paulo#primaryimage\"},\"thumbnailUrl\":\"https:\\\/\\\/redenoticiaz.com.br\\\/ribeiraopreto-regiao\\\/wp-content\\\/uploads\\\/sites\\\/4\\\/2023\\\/08\\\/trbr5828.jpg?v=1693008874\",\"datePublished\":\"2023-09-23T00:27:20+00:00\",\"dateModified\":\"2023-09-23T00:27:41+00:00\",\"description\":\"Foram atendidos 292 idosos, 31 crian\u00e7as e 55 adolescentes. No dia anterior, 340 pessoas haviam procurado o servi\u00e7o.\",\"inLanguage\":\"pt-BR\",\"potentialAction\":[{\"@type\":\"ReadAction\",\"target\":[\"https:\\\/\\\/redenoticiaz.com.br\\\/ribeiraopreto-regiao\\\/sp\\\/2023\\\/09\\\/22\\\/numero-de-atendimentos-por-calor-excessivo-aumenta-em-sao-paulo\"]}]},{\"@type\":\"ImageObject\",\"inLanguage\":\"pt-BR\",\"@id\":\"https:\\\/\\\/redenoticiaz.com.br\\\/ribeiraopreto-regiao\\\/sp\\\/2023\\\/09\\\/22\\\/numero-de-atendimentos-por-calor-excessivo-aumenta-em-sao-paulo#primaryimage\",\"url\":\"https:\\\/\\\/redenoticiaz.com.br\\\/ribeiraopreto-regiao\\\/wp-content\\\/uploads\\\/sites\\\/4\\\/2023\\\/08\\\/trbr5828.jpg?v=1693008874\",\"contentUrl\":\"https:\\\/\\\/redenoticiaz.com.br\\\/ribeiraopreto-regiao\\\/wp-content\\\/uploads\\\/sites\\\/4\\\/2023\\\/08\\\/trbr5828.jpg?v=1693008874\",\"width\":1170,\"height\":700,\"caption\":\"Ondas de calor resultam de mudan\u00e7as clim\u00e1ticas nos \u00faltimos 60 anos\"},{\"@type\":\"WebSite\",\"@id\":\"https:\\\/\\\/redenoticiaz.com.br\\\/ribeiraopreto-regiao\\\/#website\",\"url\":\"https:\\\/\\\/redenoticiaz.com.br\\\/ribeiraopreto-regiao\\\/\",\"name\":\"Ribeir\u00e3o Preto e Regi\u00e3o\",\"description\":\"Rede NoticiaZ - Ribeir\u00e3o Preto e regi\u00e3o\",\"publisher\":{\"@id\":\"https:\\\/\\\/redenoticiaz.com.br\\\/ribeiraopreto-regiao\\\/#organization\"},\"potentialAction\":[{\"@type\":\"SearchAction\",\"target\":{\"@type\":\"EntryPoint\",\"urlTemplate\":\"https:\\\/\\\/redenoticiaz.com.br\\\/ribeiraopreto-regiao\\\/?s={search_term_string}\"},\"query-input\":{\"@type\":\"PropertyValueSpecification\",\"valueRequired\":true,\"valueName\":\"search_term_string\"}}],\"inLanguage\":\"pt-BR\"},{\"@type\":\"Organization\",\"@id\":\"https:\\\/\\\/redenoticiaz.com.br\\\/ribeiraopreto-regiao\\\/#organization\",\"name\":\"Ribeir\u00e3o Preto e Regi\u00e3o\",\"url\":\"https:\\\/\\\/redenoticiaz.com.br\\\/ribeiraopreto-regiao\\\/\",\"logo\":{\"@type\":\"ImageObject\",\"inLanguage\":\"pt-BR\",\"@id\":\"https:\\\/\\\/redenoticiaz.com.br\\\/ribeiraopreto-regiao\\\/#\\\/schema\\\/logo\\\/image\\\/\",\"url\":\"https:\\\/\\\/redenoticiaz.com.br\\\/barretos-regiao\\\/wp-content\\\/uploads\\\/sites\\\/4\\\/2022\\\/02\\\/logo.jpg\",\"contentUrl\":\"https:\\\/\\\/redenoticiaz.com.br\\\/barretos-regiao\\\/wp-content\\\/uploads\\\/sites\\\/4\\\/2022\\\/02\\\/logo.jpg\",\"width\":400,\"height\":250,\"caption\":\"Ribeir\u00e3o Preto e Regi\u00e3o\"},\"image\":{\"@id\":\"https:\\\/\\\/redenoticiaz.com.br\\\/ribeiraopreto-regiao\\\/#\\\/schema\\\/logo\\\/image\\\/\"},\"sameAs\":[\"https:\\\/\\\/m.facebook.com\\\/redenoticiaz.barretos\",\"https:\\\/\\\/x.com\\\/RN_barretos\",\"https:\\\/\\\/www.instagram.com\\\/redenoticiaz.barretos\\\/?igshid=YmMyMTA2M2Y\",\"https:\\\/\\\/www.linkedin.com\\\/company\\\/rede-noticiaz-barretos-e-regio\\\/\"]},{\"@type\":\"Person\",\"@id\":\"https:\\\/\\\/redenoticiaz.com.br\\\/ribeiraopreto-regiao\\\/#\\\/schema\\\/person\\\/16057b37a3c0ee6b096d7f887c566e2e\",\"name\":\"Gustavo Silva\",\"image\":{\"@type\":\"ImageObject\",\"inLanguage\":\"pt-BR\",\"@id\":\"https:\\\/\\\/secure.gravatar.com\\\/avatar\\\/3ee4e82f93b26de0a7cf4ea5eb7893da637ed6bb0c9170c58065944c56e28a33?s=96&d=mm&r=g\",\"url\":\"https:\\\/\\\/secure.gravatar.com\\\/avatar\\\/3ee4e82f93b26de0a7cf4ea5eb7893da637ed6bb0c9170c58065944c56e28a33?s=96&d=mm&r=g\",\"contentUrl\":\"https:\\\/\\\/secure.gravatar.com\\\/avatar\\\/3ee4e82f93b26de0a7cf4ea5eb7893da637ed6bb0c9170c58065944c56e28a33?s=96&d=mm&r=g\",\"caption\":\"Gustavo Silva\"},\"url\":\"https:\\\/\\\/redenoticiaz.com.br\\\/ribeiraopreto-regiao\\\/sp\\\/author\\\/gustavosilva\"}]}<\/script>\n<!-- \/ Yoast SEO plugin. -->","yoast_head_json":{"title":"N\u00famero de atendimentos por calor excessivo aumenta em S\u00e3o Paulo - Ribeir\u00e3o Preto e Regi\u00e3o","description":"Foram atendidos 292 idosos, 31 crian\u00e7as e 55 adolescentes. No dia anterior, 340 pessoas haviam procurado o servi\u00e7o.","robots":{"index":"index","follow":"follow","max-snippet":"max-snippet:-1","max-image-preview":"max-image-preview:large","max-video-preview":"max-video-preview:-1"},"canonical":"https:\/\/redenoticiaz.com.br\/ribeiraopreto-regiao\/sp\/2023\/09\/22\/numero-de-atendimentos-por-calor-excessivo-aumenta-em-sao-paulo","og_locale":"pt_BR","og_type":"article","og_title":"N\u00famero de atendimentos por calor excessivo aumenta em S\u00e3o Paulo - Ribeir\u00e3o Preto e Regi\u00e3o","og_description":"Foram atendidos 292 idosos, 31 crian\u00e7as e 55 adolescentes. No dia anterior, 340 pessoas haviam procurado o servi\u00e7o.","og_url":"https:\/\/redenoticiaz.com.br\/ribeiraopreto-regiao\/sp\/2023\/09\/22\/numero-de-atendimentos-por-calor-excessivo-aumenta-em-sao-paulo","og_site_name":"Ribeir\u00e3o Preto e Regi\u00e3o","article_publisher":"https:\/\/m.facebook.com\/redenoticiaz.barretos","article_published_time":"2023-09-23T00:27:20+00:00","article_modified_time":"2023-09-23T00:27:41+00:00","og_image":[{"width":1170,"height":700,"url":"https:\/\/redenoticiaz.com.br\/ribeiraopreto-regiao\/wp-content\/uploads\/sites\/4\/2023\/08\/trbr5828.jpg?v=1693008874","type":"image\/jpeg"}],"author":"Gustavo Silva","twitter_card":"summary_large_image","twitter_creator":"@RN_barretos","twitter_site":"@RN_barretos","twitter_misc":{"Escrito por":"Gustavo Silva","Est. tempo de leitura":"3 minutos"},"schema":{"@context":"https:\/\/schema.org","@graph":[{"@type":"Article","@id":"https:\/\/redenoticiaz.com.br\/ribeiraopreto-regiao\/sp\/2023\/09\/22\/numero-de-atendimentos-por-calor-excessivo-aumenta-em-sao-paulo#article","isPartOf":{"@id":"https:\/\/redenoticiaz.com.br\/ribeiraopreto-regiao\/sp\/2023\/09\/22\/numero-de-atendimentos-por-calor-excessivo-aumenta-em-sao-paulo"},"author":{"name":"Gustavo Silva","@id":"https:\/\/redenoticiaz.com.br\/ribeiraopreto-regiao\/#\/schema\/person\/16057b37a3c0ee6b096d7f887c566e2e"},"headline":"N\u00famero de atendimentos por calor excessivo aumenta em S\u00e3o Paulo","datePublished":"2023-09-23T00:27:20+00:00","dateModified":"2023-09-23T00:27:41+00:00","mainEntityOfPage":{"@id":"https:\/\/redenoticiaz.com.br\/ribeiraopreto-regiao\/sp\/2023\/09\/22\/numero-de-atendimentos-por-calor-excessivo-aumenta-em-sao-paulo"},"wordCount":430,"commentCount":0,"publisher":{"@id":"https:\/\/redenoticiaz.com.br\/ribeiraopreto-regiao\/#organization"},"image":{"@id":"https:\/\/redenoticiaz.com.br\/ribeiraopreto-regiao\/sp\/2023\/09\/22\/numero-de-atendimentos-por-calor-excessivo-aumenta-em-sao-paulo#primaryimage"},"thumbnailUrl":"https:\/\/redenoticiaz.com.br\/ribeiraopreto-regiao\/wp-content\/uploads\/sites\/4\/2023\/08\/trbr5828.jpg?v=1693008874","keywords":["CALOR","calor extremo","ondas de calor"],"articleSection":["Sa\u00fade","Sa\u00fade &amp; Bem-Estar"],"inLanguage":"pt-BR","potentialAction":[{"@type":"CommentAction","name":"Comment","target":["https:\/\/redenoticiaz.com.br\/ribeiraopreto-regiao\/sp\/2023\/09\/22\/numero-de-atendimentos-por-calor-excessivo-aumenta-em-sao-paulo#respond"]}]},{"@type":"WebPage","@id":"https:\/\/redenoticiaz.com.br\/ribeiraopreto-regiao\/sp\/2023\/09\/22\/numero-de-atendimentos-por-calor-excessivo-aumenta-em-sao-paulo","url":"https:\/\/redenoticiaz.com.br\/ribeiraopreto-regiao\/sp\/2023\/09\/22\/numero-de-atendimentos-por-calor-excessivo-aumenta-em-sao-paulo","name":"N\u00famero de atendimentos por calor excessivo aumenta em S\u00e3o Paulo - Ribeir\u00e3o Preto e Regi\u00e3o","isPartOf":{"@id":"https:\/\/redenoticiaz.com.br\/ribeiraopreto-regiao\/#website"},"primaryImageOfPage":{"@id":"https:\/\/redenoticiaz.com.br\/ribeiraopreto-regiao\/sp\/2023\/09\/22\/numero-de-atendimentos-por-calor-excessivo-aumenta-em-sao-paulo#primaryimage"},"image":{"@id":"https:\/\/redenoticiaz.com.br\/ribeiraopreto-regiao\/sp\/2023\/09\/22\/numero-de-atendimentos-por-calor-excessivo-aumenta-em-sao-paulo#primaryimage"},"thumbnailUrl":"https:\/\/redenoticiaz.com.br\/ribeiraopreto-regiao\/wp-content\/uploads\/sites\/4\/2023\/08\/trbr5828.jpg?v=1693008874","datePublished":"2023-09-23T00:27:20+00:00","dateModified":"2023-09-23T00:27:41+00:00","description":"Foram atendidos 292 idosos, 31 crian\u00e7as e 55 adolescentes. No dia anterior, 340 pessoas haviam procurado o servi\u00e7o.","inLanguage":"pt-BR","potentialAction":[{"@type":"ReadAction","target":["https:\/\/redenoticiaz.com.br\/ribeiraopreto-regiao\/sp\/2023\/09\/22\/numero-de-atendimentos-por-calor-excessivo-aumenta-em-sao-paulo"]}]},{"@type":"ImageObject","inLanguage":"pt-BR","@id":"https:\/\/redenoticiaz.com.br\/ribeiraopreto-regiao\/sp\/2023\/09\/22\/numero-de-atendimentos-por-calor-excessivo-aumenta-em-sao-paulo#primaryimage","url":"https:\/\/redenoticiaz.com.br\/ribeiraopreto-regiao\/wp-content\/uploads\/sites\/4\/2023\/08\/trbr5828.jpg?v=1693008874","contentUrl":"https:\/\/redenoticiaz.com.br\/ribeiraopreto-regiao\/wp-content\/uploads\/sites\/4\/2023\/08\/trbr5828.jpg?v=1693008874","width":1170,"height":700,"caption":"Ondas de calor resultam de mudan\u00e7as clim\u00e1ticas nos \u00faltimos 60 anos"},{"@type":"WebSite","@id":"https:\/\/redenoticiaz.com.br\/ribeiraopreto-regiao\/#website","url":"https:\/\/redenoticiaz.com.br\/ribeiraopreto-regiao\/","name":"Ribeir\u00e3o Preto e Regi\u00e3o","description":"Rede NoticiaZ - Ribeir\u00e3o Preto e regi\u00e3o","publisher":{"@id":"https:\/\/redenoticiaz.com.br\/ribeiraopreto-regiao\/#organization"},"potentialAction":[{"@type":"SearchAction","target":{"@type":"EntryPoint","urlTemplate":"https:\/\/redenoticiaz.com.br\/ribeiraopreto-regiao\/?s={search_term_string}"},"query-input":{"@type":"PropertyValueSpecification","valueRequired":true,"valueName":"search_term_string"}}],"inLanguage":"pt-BR"},{"@type":"Organization","@id":"https:\/\/redenoticiaz.com.br\/ribeiraopreto-regiao\/#organization","name":"Ribeir\u00e3o Preto e Regi\u00e3o","url":"https:\/\/redenoticiaz.com.br\/ribeiraopreto-regiao\/","logo":{"@type":"ImageObject","inLanguage":"pt-BR","@id":"https:\/\/redenoticiaz.com.br\/ribeiraopreto-regiao\/#\/schema\/logo\/image\/","url":"https:\/\/redenoticiaz.com.br\/barretos-regiao\/wp-content\/uploads\/sites\/4\/2022\/02\/logo.jpg","contentUrl":"https:\/\/redenoticiaz.com.br\/barretos-regiao\/wp-content\/uploads\/sites\/4\/2022\/02\/logo.jpg","width":400,"height":250,"caption":"Ribeir\u00e3o Preto e Regi\u00e3o"},"image":{"@id":"https:\/\/redenoticiaz.com.br\/ribeiraopreto-regiao\/#\/schema\/logo\/image\/"},"sameAs":["https:\/\/m.facebook.com\/redenoticiaz.barretos","https:\/\/x.com\/RN_barretos","https:\/\/www.instagram.com\/redenoticiaz.barretos\/?igshid=YmMyMTA2M2Y","https:\/\/www.linkedin.com\/company\/rede-noticiaz-barretos-e-regio\/"]},{"@type":"Person","@id":"https:\/\/redenoticiaz.com.br\/ribeiraopreto-regiao\/#\/schema\/person\/16057b37a3c0ee6b096d7f887c566e2e","name":"Gustavo Silva","image":{"@type":"ImageObject","inLanguage":"pt-BR","@id":"https:\/\/secure.gravatar.com\/avatar\/3ee4e82f93b26de0a7cf4ea5eb7893da637ed6bb0c9170c58065944c56e28a33?s=96&d=mm&r=g","url":"https:\/\/secure.gravatar.com\/avatar\/3ee4e82f93b26de0a7cf4ea5eb7893da637ed6bb0c9170c58065944c56e28a33?s=96&d=mm&r=g","contentUrl":"https:\/\/secure.gravatar.com\/avatar\/3ee4e82f93b26de0a7cf4ea5eb7893da637ed6bb0c9170c58065944c56e28a33?s=96&d=mm&r=g","caption":"Gustavo Silva"},"url":"https:\/\/redenoticiaz.com.br\/ribeiraopreto-regiao\/sp\/author\/gustavosilva"}]}},"_links":{"self":[{"href":"https:\/\/redenoticiaz.com.br\/ribeiraopreto-regiao\/wp-json\/wp\/v2\/posts\/111042","targetHints":{"allow":["GET"]}}],"collection":[{"href":"https:\/\/redenoticiaz.com.br\/ribeiraopreto-regiao\/wp-json\/wp\/v2\/posts"}],"about":[{"href":"https:\/\/redenoticiaz.com.br\/ribeiraopreto-regiao\/wp-json\/wp\/v2\/types\/post"}],"author":[{"embeddable":true,"href":"https:\/\/redenoticiaz.com.br\/ribeiraopreto-regiao\/wp-json\/wp\/v2\/users\/12"}],"replies":[{"embeddable":true,"href":"https:\/\/redenoticiaz.com.br\/ribeiraopreto-regiao\/wp-json\/wp\/v2\/comments?post=111042"}],"version-history":[{"count":0,"href":"https:\/\/redenoticiaz.com.br\/ribeiraopreto-regiao\/wp-json\/wp\/v2\/posts\/111042\/revisions"}],"wp:featuredmedia":[{"embeddable":true,"href":"https:\/\/redenoticiaz.com.br\/ribeiraopreto-regiao\/wp-json\/wp\/v2\/media\/109906"}],"wp:attachment":[{"href":"https:\/\/redenoticiaz.com.br\/ribeiraopreto-regiao\/wp-json\/wp\/v2\/media?parent=111042"}],"wp:term":[{"taxonomy":"category","embeddable":true,"href":"https:\/\/redenoticiaz.com.br\/ribeiraopreto-regiao\/wp-json\/wp\/v2\/categories?post=111042"},{"taxonomy":"post_tag","embeddable":true,"href":"https:\/\/redenoticiaz.com.br\/ribeiraopreto-regiao\/wp-json\/wp\/v2\/tags?post=111042"}],"curies":[{"name":"wp","href":"https:\/\/api.w.org\/{rel}","templated":true}]}}