{"id":111098,"date":"2023-09-25T13:31:02","date_gmt":"2023-09-25T16:31:02","guid":{"rendered":"https:\/\/redenoticiaz.com.br\/barretos-regiao\/sp\/2023\/09\/25\/video-imagens-mostram-homem-sendo-morto-em-bar"},"modified":"2023-09-25T13:34:10","modified_gmt":"2023-09-25T16:34:10","slug":"video-imagens-mostram-homem-sendo-morto-em-bar","status":"publish","type":"post","link":"https:\/\/redenoticiaz.com.br\/ribeiraopreto-regiao\/sp\/2023\/09\/25\/video-imagens-mostram-homem-sendo-morto-em-bar","title":{"rendered":"V\u00cdDEO \u2013 Imagens mostram homem sendo morto em Bar"},"content":{"rendered":"<div id=\"chunk-en9pq\">\n<div class=\"mc-column content-text active-extra-styles \" data-block-type=\"unstyled\" data-block-weight=\"54\" data-block-id=\"3\">\n<p data-track-category=\"Link no Texto\" data-track-links=\"\">Imagens de c\u00e2mera de monitoramento mostram um homem sendo morto em um Bar na madrugada deste domingo (24), no bairro Vila Margarida em S\u00e3o Vicente.<\/p>\n<p data-track-category=\"Link no Texto\" data-track-links=\"\">De acordo com as informa\u00e7\u00f5es, Marcos Roberto Santana Santos foi executado a tiros por Elionilton Silva Lib\u00f3rio dentro do local.<\/p>\n<p data-track-category=\"Link no Texto\" data-track-links=\"\">Ainda de acordo com as informa\u00e7\u00f5es, o homem que atirou contra a v\u00edtima acabou sendo espancada pela popula\u00e7\u00e3o.<\/p>\n<div class=\"wp-playlist wp-video-playlist wp-playlist-light\">\n\t\t<video controls=\"controls\" preload=\"none\" width=\"640\"\n\t\t height=\"480\"\t><\/video>\n\t<div class=\"wp-playlist-next\"><\/div>\n\t<div class=\"wp-playlist-prev\"><\/div>\n\t<noscript>\n\t<ol>\n\t\t<li><a href='https:\/\/redenoticiaz.com.br\/ribeiraopreto-regiao\/wp-content\/uploads\/sites\/4\/2023\/09\/WhatsApp-Video-2023-09-18-at-18.35.46.mp4'>V\u00cdDEO - Estudantes de medicina se masturbam em frente a time de v\u00f4lei feminino<\/a><\/li>\t<\/ol>\n\t<\/noscript>\n\t<script type=\"application\/json\" class=\"wp-playlist-script\">{\"type\":\"video\",\"tracklist\":true,\"tracknumbers\":true,\"images\":true,\"artists\":true,\"tracks\":[{\"src\":\"https:\/\/redenoticiaz.com.br\/ribeiraopreto-regiao\/wp-content\/uploads\/sites\/4\/2023\/09\/WhatsApp-Video-2023-09-18-at-18.35.46.mp4\",\"type\":\"video\/mp4\",\"title\":\"V\\u00cdDEO - Estudantes de medicina se masturbam em frente a time de v\\u00f4lei feminino\",\"caption\":\"V\\u00cdDEO - Estudantes de medicina se masturbam em frente a time de v\\u00f4lei feminino\",\"description\":\"V\\u00cdDEO - Estudantes de medicina se masturbam em frente a time de v\\u00f4lei feminino\",\"meta\":{\"length_formatted\":\"0:17\"},\"dimensions\":{\"original\":{\"width\":640,\"height\":480},\"resized\":{\"width\":640,\"height\":480}},\"image\":{\"src\":\"https:\/\/redenoticiaz.com.br\/ribeiraopreto-regiao\/wp-includes\/images\/media\/video.svg\",\"width\":48,\"height\":64},\"thumb\":{\"src\":\"https:\/\/redenoticiaz.com.br\/ribeiraopreto-regiao\/wp-includes\/images\/media\/video.svg\",\"width\":48,\"height\":64}}]}<\/script>\n<\/div>\n\t\n<p data-track-category=\"Link no Texto\" data-track-links=\"\">Sendo assim, o crime aconteceu ap\u00f3s ambos brigarem dentro do local, sa\u00edrem do estabelecimento e um deles retornar para efetuar os disparos.<\/p>\n<p data-track-category=\"Link no Texto\" data-track-links=\"\">Por fim, o homem foi encaminhado a cadeia p\u00fablica e o caso foi registrado como homic\u00eddio na Delegacia Sede de S\u00e3o Vicente.<\/p>\n<p data-track-category=\"Link no Texto\" data-track-links=\"\"><strong>Leia mais<\/strong><\/p>\n<p data-track-category=\"Link no Texto\" data-track-links=\"\"><a href=\"https:\/\/redenoticiaz.com.br\/litoralsp\/2023\/09\/20\/gcm-localiza-carro-roubado-e-devolve-a-vitima-em-sao-vicente\">GCM localiza carro roubado e devolve \u00e0 v\u00edtima em S\u00e3o Vicente<\/a><\/p>\n<p data-track-category=\"Link no Texto\" data-track-links=\"\"><a href=\"https:\/\/redenoticiaz.com.br\/litoralsp\/2023\/09\/25\/video-incendio-atinge-vagao-do-vlt\">V\u00cdDEO \u2013 Inc\u00eandio atinge vag\u00e3o do VLT<\/a><\/p>\n<p data-track-category=\"Link no Texto\" data-track-links=\"\"><a href=\"https:\/\/redenoticiaz.com.br\/litoralsp\/2021\/08\/08\/homem-sofre-agressao-com-barra-de-ferro-em-praia-grande\">Homem sofre agress\u00e3o com barra de ferro em Praia Grande<\/a><\/p>\n<\/div>\n<\/div>\n","protected":false},"excerpt":{"rendered":"<p>Imagens de c\u00e2mera de monitoramento mostram um homem sendo morto em um Bar na madrugada deste domingo (24), no bairro Vila Margarida em S\u00e3o Vicente. De acordo com as informa\u00e7\u00f5es, Marcos Roberto Santana Santos foi executado a tiros por Elionilton Silva Lib\u00f3rio dentro do local. Ainda de acordo com as informa\u00e7\u00f5es, o homem que atirou &hellip;<\/p>\n","protected":false},"author":12,"featured_media":111100,"comment_status":"open","ping_status":"closed","sticky":false,"template":"","format":"standard","meta":{"footnotes":""},"categories":[1],"tags":[29029,29030,458],"class_list":["post-111098","post","type-post","status-publish","format-standard","has-post-thumbnail","hentry","category-cidades","tag-elionilton-silva-liborio","tag-marcos-roberto-santana-santo","tag-sao-vicente"],"yoast_head":"<!-- This site is optimized with the Yoast SEO plugin v27.4 - https:\/\/yoast.com\/product\/yoast-seo-wordpress\/ -->\n<title>V\u00cdDEO \u2013 Imagens mostram homem sendo morto em Bar - Ribeir\u00e3o Preto e Regi\u00e3o<\/title>\n<meta name=\"description\" content=\"Imagens de c\u00e2mera de monitoramento mostram um homem sendo morto em um Bar na madrugada deste domingo (24), no bairro Vila Margarida em S\u00e3o Vicente.\" \/>\n<meta name=\"robots\" content=\"index, follow, max-snippet:-1, max-image-preview:large, max-video-preview:-1\" \/>\n<link rel=\"canonical\" href=\"https:\/\/redenoticiaz.com.br\/ribeiraopreto-regiao\/sp\/2023\/09\/25\/video-imagens-mostram-homem-sendo-morto-em-bar\" \/>\n<meta property=\"og:locale\" content=\"pt_BR\" \/>\n<meta property=\"og:type\" content=\"article\" \/>\n<meta property=\"og:title\" content=\"V\u00cdDEO \u2013 Imagens mostram homem sendo morto em Bar - Ribeir\u00e3o Preto e Regi\u00e3o\" \/>\n<meta property=\"og:description\" content=\"Imagens de c\u00e2mera de monitoramento mostram um homem sendo morto em um Bar na madrugada deste domingo (24), no bairro Vila Margarida em S\u00e3o Vicente.\" \/>\n<meta property=\"og:url\" content=\"https:\/\/redenoticiaz.com.br\/ribeiraopreto-regiao\/sp\/2023\/09\/25\/video-imagens-mostram-homem-sendo-morto-em-bar\" \/>\n<meta property=\"og:site_name\" content=\"Ribeir\u00e3o Preto e Regi\u00e3o\" \/>\n<meta property=\"article:publisher\" content=\"https:\/\/m.facebook.com\/redenoticiaz.barretos\" \/>\n<meta property=\"article:published_time\" content=\"2023-09-25T16:31:02+00:00\" \/>\n<meta property=\"article:modified_time\" content=\"2023-09-25T16:34:10+00:00\" \/>\n<meta property=\"og:image\" content=\"https:\/\/redenoticiaz.com.br\/ribeiraopreto-regiao\/wp-content\/uploads\/sites\/4\/2023\/09\/tiro.jpg\" \/>\n\t<meta property=\"og:image:width\" content=\"1000\" \/>\n\t<meta property=\"og:image:height\" content=\"667\" \/>\n\t<meta property=\"og:image:type\" content=\"image\/jpeg\" \/>\n<meta name=\"author\" content=\"Gustavo Silva\" \/>\n<meta name=\"twitter:card\" content=\"summary_large_image\" \/>\n<meta name=\"twitter:creator\" content=\"@RN_barretos\" \/>\n<meta name=\"twitter:site\" content=\"@RN_barretos\" \/>\n<meta name=\"twitter:label1\" content=\"Escrito por\" \/>\n\t<meta name=\"twitter:data1\" content=\"Gustavo Silva\" \/>\n\t<meta name=\"twitter:label2\" content=\"Est. tempo de leitura\" \/>\n\t<meta name=\"twitter:data2\" content=\"1 minuto\" \/>\n<script type=\"application\/ld+json\" class=\"yoast-schema-graph\">{\"@context\":\"https:\\\/\\\/schema.org\",\"@graph\":[{\"@type\":\"Article\",\"@id\":\"https:\\\/\\\/redenoticiaz.com.br\\\/ribeiraopreto-regiao\\\/sp\\\/2023\\\/09\\\/25\\\/video-imagens-mostram-homem-sendo-morto-em-bar#article\",\"isPartOf\":{\"@id\":\"https:\\\/\\\/redenoticiaz.com.br\\\/ribeiraopreto-regiao\\\/sp\\\/2023\\\/09\\\/25\\\/video-imagens-mostram-homem-sendo-morto-em-bar\"},\"author\":{\"name\":\"Gustavo Silva\",\"@id\":\"https:\\\/\\\/redenoticiaz.com.br\\\/ribeiraopreto-regiao\\\/#\\\/schema\\\/person\\\/16057b37a3c0ee6b096d7f887c566e2e\"},\"headline\":\"V\u00cdDEO \u2013 Imagens mostram homem sendo morto em Bar\",\"datePublished\":\"2023-09-25T16:31:02+00:00\",\"dateModified\":\"2023-09-25T16:34:10+00:00\",\"mainEntityOfPage\":{\"@id\":\"https:\\\/\\\/redenoticiaz.com.br\\\/ribeiraopreto-regiao\\\/sp\\\/2023\\\/09\\\/25\\\/video-imagens-mostram-homem-sendo-morto-em-bar\"},\"wordCount\":165,\"commentCount\":0,\"publisher\":{\"@id\":\"https:\\\/\\\/redenoticiaz.com.br\\\/ribeiraopreto-regiao\\\/#organization\"},\"image\":{\"@id\":\"https:\\\/\\\/redenoticiaz.com.br\\\/ribeiraopreto-regiao\\\/sp\\\/2023\\\/09\\\/25\\\/video-imagens-mostram-homem-sendo-morto-em-bar#primaryimage\"},\"thumbnailUrl\":\"https:\\\/\\\/redenoticiaz.com.br\\\/ribeiraopreto-regiao\\\/wp-content\\\/uploads\\\/sites\\\/4\\\/2023\\\/09\\\/tiro.jpg\",\"keywords\":[\"Elionilton Silva Lib\u00f3rio\",\"Marcos Roberto Santana Santo\",\"S\u00e3o Vicente\"],\"articleSection\":[\"Cidades\"],\"inLanguage\":\"pt-BR\",\"potentialAction\":[{\"@type\":\"CommentAction\",\"name\":\"Comment\",\"target\":[\"https:\\\/\\\/redenoticiaz.com.br\\\/ribeiraopreto-regiao\\\/sp\\\/2023\\\/09\\\/25\\\/video-imagens-mostram-homem-sendo-morto-em-bar#respond\"]}]},{\"@type\":\"WebPage\",\"@id\":\"https:\\\/\\\/redenoticiaz.com.br\\\/ribeiraopreto-regiao\\\/sp\\\/2023\\\/09\\\/25\\\/video-imagens-mostram-homem-sendo-morto-em-bar\",\"url\":\"https:\\\/\\\/redenoticiaz.com.br\\\/ribeiraopreto-regiao\\\/sp\\\/2023\\\/09\\\/25\\\/video-imagens-mostram-homem-sendo-morto-em-bar\",\"name\":\"V\u00cdDEO \u2013 Imagens mostram homem sendo morto em Bar - Ribeir\u00e3o Preto e Regi\u00e3o\",\"isPartOf\":{\"@id\":\"https:\\\/\\\/redenoticiaz.com.br\\\/ribeiraopreto-regiao\\\/#website\"},\"primaryImageOfPage\":{\"@id\":\"https:\\\/\\\/redenoticiaz.com.br\\\/ribeiraopreto-regiao\\\/sp\\\/2023\\\/09\\\/25\\\/video-imagens-mostram-homem-sendo-morto-em-bar#primaryimage\"},\"image\":{\"@id\":\"https:\\\/\\\/redenoticiaz.com.br\\\/ribeiraopreto-regiao\\\/sp\\\/2023\\\/09\\\/25\\\/video-imagens-mostram-homem-sendo-morto-em-bar#primaryimage\"},\"thumbnailUrl\":\"https:\\\/\\\/redenoticiaz.com.br\\\/ribeiraopreto-regiao\\\/wp-content\\\/uploads\\\/sites\\\/4\\\/2023\\\/09\\\/tiro.jpg\",\"datePublished\":\"2023-09-25T16:31:02+00:00\",\"dateModified\":\"2023-09-25T16:34:10+00:00\",\"description\":\"Imagens de c\u00e2mera de monitoramento mostram um homem sendo morto em um Bar na madrugada deste domingo (24), no bairro Vila Margarida em S\u00e3o Vicente.\",\"inLanguage\":\"pt-BR\",\"potentialAction\":[{\"@type\":\"ReadAction\",\"target\":[\"https:\\\/\\\/redenoticiaz.com.br\\\/ribeiraopreto-regiao\\\/sp\\\/2023\\\/09\\\/25\\\/video-imagens-mostram-homem-sendo-morto-em-bar\"]}]},{\"@type\":\"ImageObject\",\"inLanguage\":\"pt-BR\",\"@id\":\"https:\\\/\\\/redenoticiaz.com.br\\\/ribeiraopreto-regiao\\\/sp\\\/2023\\\/09\\\/25\\\/video-imagens-mostram-homem-sendo-morto-em-bar#primaryimage\",\"url\":\"https:\\\/\\\/redenoticiaz.com.br\\\/ribeiraopreto-regiao\\\/wp-content\\\/uploads\\\/sites\\\/4\\\/2023\\\/09\\\/tiro.jpg\",\"contentUrl\":\"https:\\\/\\\/redenoticiaz.com.br\\\/ribeiraopreto-regiao\\\/wp-content\\\/uploads\\\/sites\\\/4\\\/2023\\\/09\\\/tiro.jpg\",\"width\":1000,\"height\":667,\"caption\":\"V\u00cdDEO - Imagens mostram homem sendo morto em Bar\"},{\"@type\":\"WebSite\",\"@id\":\"https:\\\/\\\/redenoticiaz.com.br\\\/ribeiraopreto-regiao\\\/#website\",\"url\":\"https:\\\/\\\/redenoticiaz.com.br\\\/ribeiraopreto-regiao\\\/\",\"name\":\"Ribeir\u00e3o Preto e Regi\u00e3o\",\"description\":\"Rede NoticiaZ - Ribeir\u00e3o Preto e regi\u00e3o\",\"publisher\":{\"@id\":\"https:\\\/\\\/redenoticiaz.com.br\\\/ribeiraopreto-regiao\\\/#organization\"},\"potentialAction\":[{\"@type\":\"SearchAction\",\"target\":{\"@type\":\"EntryPoint\",\"urlTemplate\":\"https:\\\/\\\/redenoticiaz.com.br\\\/ribeiraopreto-regiao\\\/?s={search_term_string}\"},\"query-input\":{\"@type\":\"PropertyValueSpecification\",\"valueRequired\":true,\"valueName\":\"search_term_string\"}}],\"inLanguage\":\"pt-BR\"},{\"@type\":\"Organization\",\"@id\":\"https:\\\/\\\/redenoticiaz.com.br\\\/ribeiraopreto-regiao\\\/#organization\",\"name\":\"Ribeir\u00e3o Preto e Regi\u00e3o\",\"url\":\"https:\\\/\\\/redenoticiaz.com.br\\\/ribeiraopreto-regiao\\\/\",\"logo\":{\"@type\":\"ImageObject\",\"inLanguage\":\"pt-BR\",\"@id\":\"https:\\\/\\\/redenoticiaz.com.br\\\/ribeiraopreto-regiao\\\/#\\\/schema\\\/logo\\\/image\\\/\",\"url\":\"https:\\\/\\\/redenoticiaz.com.br\\\/barretos-regiao\\\/wp-content\\\/uploads\\\/sites\\\/4\\\/2022\\\/02\\\/logo.jpg\",\"contentUrl\":\"https:\\\/\\\/redenoticiaz.com.br\\\/barretos-regiao\\\/wp-content\\\/uploads\\\/sites\\\/4\\\/2022\\\/02\\\/logo.jpg\",\"width\":400,\"height\":250,\"caption\":\"Ribeir\u00e3o Preto e Regi\u00e3o\"},\"image\":{\"@id\":\"https:\\\/\\\/redenoticiaz.com.br\\\/ribeiraopreto-regiao\\\/#\\\/schema\\\/logo\\\/image\\\/\"},\"sameAs\":[\"https:\\\/\\\/m.facebook.com\\\/redenoticiaz.barretos\",\"https:\\\/\\\/x.com\\\/RN_barretos\",\"https:\\\/\\\/www.instagram.com\\\/redenoticiaz.barretos\\\/?igshid=YmMyMTA2M2Y\",\"https:\\\/\\\/www.linkedin.com\\\/company\\\/rede-noticiaz-barretos-e-regio\\\/\"]},{\"@type\":\"Person\",\"@id\":\"https:\\\/\\\/redenoticiaz.com.br\\\/ribeiraopreto-regiao\\\/#\\\/schema\\\/person\\\/16057b37a3c0ee6b096d7f887c566e2e\",\"name\":\"Gustavo Silva\",\"image\":{\"@type\":\"ImageObject\",\"inLanguage\":\"pt-BR\",\"@id\":\"https:\\\/\\\/secure.gravatar.com\\\/avatar\\\/3ee4e82f93b26de0a7cf4ea5eb7893da637ed6bb0c9170c58065944c56e28a33?s=96&d=mm&r=g\",\"url\":\"https:\\\/\\\/secure.gravatar.com\\\/avatar\\\/3ee4e82f93b26de0a7cf4ea5eb7893da637ed6bb0c9170c58065944c56e28a33?s=96&d=mm&r=g\",\"contentUrl\":\"https:\\\/\\\/secure.gravatar.com\\\/avatar\\\/3ee4e82f93b26de0a7cf4ea5eb7893da637ed6bb0c9170c58065944c56e28a33?s=96&d=mm&r=g\",\"caption\":\"Gustavo Silva\"},\"url\":\"https:\\\/\\\/redenoticiaz.com.br\\\/ribeiraopreto-regiao\\\/sp\\\/author\\\/gustavosilva\"}]}<\/script>\n<!-- \/ Yoast SEO plugin. -->","yoast_head_json":{"title":"V\u00cdDEO \u2013 Imagens mostram homem sendo morto em Bar - Ribeir\u00e3o Preto e Regi\u00e3o","description":"Imagens de c\u00e2mera de monitoramento mostram um homem sendo morto em um Bar na madrugada deste domingo (24), no bairro Vila Margarida em S\u00e3o Vicente.","robots":{"index":"index","follow":"follow","max-snippet":"max-snippet:-1","max-image-preview":"max-image-preview:large","max-video-preview":"max-video-preview:-1"},"canonical":"https:\/\/redenoticiaz.com.br\/ribeiraopreto-regiao\/sp\/2023\/09\/25\/video-imagens-mostram-homem-sendo-morto-em-bar","og_locale":"pt_BR","og_type":"article","og_title":"V\u00cdDEO \u2013 Imagens mostram homem sendo morto em Bar - Ribeir\u00e3o Preto e Regi\u00e3o","og_description":"Imagens de c\u00e2mera de monitoramento mostram um homem sendo morto em um Bar na madrugada deste domingo (24), no bairro Vila Margarida em S\u00e3o Vicente.","og_url":"https:\/\/redenoticiaz.com.br\/ribeiraopreto-regiao\/sp\/2023\/09\/25\/video-imagens-mostram-homem-sendo-morto-em-bar","og_site_name":"Ribeir\u00e3o Preto e Regi\u00e3o","article_publisher":"https:\/\/m.facebook.com\/redenoticiaz.barretos","article_published_time":"2023-09-25T16:31:02+00:00","article_modified_time":"2023-09-25T16:34:10+00:00","og_image":[{"width":1000,"height":667,"url":"https:\/\/redenoticiaz.com.br\/ribeiraopreto-regiao\/wp-content\/uploads\/sites\/4\/2023\/09\/tiro.jpg","type":"image\/jpeg"}],"author":"Gustavo Silva","twitter_card":"summary_large_image","twitter_creator":"@RN_barretos","twitter_site":"@RN_barretos","twitter_misc":{"Escrito por":"Gustavo Silva","Est. tempo de leitura":"1 minuto"},"schema":{"@context":"https:\/\/schema.org","@graph":[{"@type":"Article","@id":"https:\/\/redenoticiaz.com.br\/ribeiraopreto-regiao\/sp\/2023\/09\/25\/video-imagens-mostram-homem-sendo-morto-em-bar#article","isPartOf":{"@id":"https:\/\/redenoticiaz.com.br\/ribeiraopreto-regiao\/sp\/2023\/09\/25\/video-imagens-mostram-homem-sendo-morto-em-bar"},"author":{"name":"Gustavo Silva","@id":"https:\/\/redenoticiaz.com.br\/ribeiraopreto-regiao\/#\/schema\/person\/16057b37a3c0ee6b096d7f887c566e2e"},"headline":"V\u00cdDEO \u2013 Imagens mostram homem sendo morto em Bar","datePublished":"2023-09-25T16:31:02+00:00","dateModified":"2023-09-25T16:34:10+00:00","mainEntityOfPage":{"@id":"https:\/\/redenoticiaz.com.br\/ribeiraopreto-regiao\/sp\/2023\/09\/25\/video-imagens-mostram-homem-sendo-morto-em-bar"},"wordCount":165,"commentCount":0,"publisher":{"@id":"https:\/\/redenoticiaz.com.br\/ribeiraopreto-regiao\/#organization"},"image":{"@id":"https:\/\/redenoticiaz.com.br\/ribeiraopreto-regiao\/sp\/2023\/09\/25\/video-imagens-mostram-homem-sendo-morto-em-bar#primaryimage"},"thumbnailUrl":"https:\/\/redenoticiaz.com.br\/ribeiraopreto-regiao\/wp-content\/uploads\/sites\/4\/2023\/09\/tiro.jpg","keywords":["Elionilton Silva Lib\u00f3rio","Marcos Roberto Santana Santo","S\u00e3o Vicente"],"articleSection":["Cidades"],"inLanguage":"pt-BR","potentialAction":[{"@type":"CommentAction","name":"Comment","target":["https:\/\/redenoticiaz.com.br\/ribeiraopreto-regiao\/sp\/2023\/09\/25\/video-imagens-mostram-homem-sendo-morto-em-bar#respond"]}]},{"@type":"WebPage","@id":"https:\/\/redenoticiaz.com.br\/ribeiraopreto-regiao\/sp\/2023\/09\/25\/video-imagens-mostram-homem-sendo-morto-em-bar","url":"https:\/\/redenoticiaz.com.br\/ribeiraopreto-regiao\/sp\/2023\/09\/25\/video-imagens-mostram-homem-sendo-morto-em-bar","name":"V\u00cdDEO \u2013 Imagens mostram homem sendo morto em Bar - Ribeir\u00e3o Preto e Regi\u00e3o","isPartOf":{"@id":"https:\/\/redenoticiaz.com.br\/ribeiraopreto-regiao\/#website"},"primaryImageOfPage":{"@id":"https:\/\/redenoticiaz.com.br\/ribeiraopreto-regiao\/sp\/2023\/09\/25\/video-imagens-mostram-homem-sendo-morto-em-bar#primaryimage"},"image":{"@id":"https:\/\/redenoticiaz.com.br\/ribeiraopreto-regiao\/sp\/2023\/09\/25\/video-imagens-mostram-homem-sendo-morto-em-bar#primaryimage"},"thumbnailUrl":"https:\/\/redenoticiaz.com.br\/ribeiraopreto-regiao\/wp-content\/uploads\/sites\/4\/2023\/09\/tiro.jpg","datePublished":"2023-09-25T16:31:02+00:00","dateModified":"2023-09-25T16:34:10+00:00","description":"Imagens de c\u00e2mera de monitoramento mostram um homem sendo morto em um Bar na madrugada deste domingo (24), no bairro Vila Margarida em S\u00e3o Vicente.","inLanguage":"pt-BR","potentialAction":[{"@type":"ReadAction","target":["https:\/\/redenoticiaz.com.br\/ribeiraopreto-regiao\/sp\/2023\/09\/25\/video-imagens-mostram-homem-sendo-morto-em-bar"]}]},{"@type":"ImageObject","inLanguage":"pt-BR","@id":"https:\/\/redenoticiaz.com.br\/ribeiraopreto-regiao\/sp\/2023\/09\/25\/video-imagens-mostram-homem-sendo-morto-em-bar#primaryimage","url":"https:\/\/redenoticiaz.com.br\/ribeiraopreto-regiao\/wp-content\/uploads\/sites\/4\/2023\/09\/tiro.jpg","contentUrl":"https:\/\/redenoticiaz.com.br\/ribeiraopreto-regiao\/wp-content\/uploads\/sites\/4\/2023\/09\/tiro.jpg","width":1000,"height":667,"caption":"V\u00cdDEO - Imagens mostram homem sendo morto em Bar"},{"@type":"WebSite","@id":"https:\/\/redenoticiaz.com.br\/ribeiraopreto-regiao\/#website","url":"https:\/\/redenoticiaz.com.br\/ribeiraopreto-regiao\/","name":"Ribeir\u00e3o Preto e Regi\u00e3o","description":"Rede NoticiaZ - Ribeir\u00e3o Preto e regi\u00e3o","publisher":{"@id":"https:\/\/redenoticiaz.com.br\/ribeiraopreto-regiao\/#organization"},"potentialAction":[{"@type":"SearchAction","target":{"@type":"EntryPoint","urlTemplate":"https:\/\/redenoticiaz.com.br\/ribeiraopreto-regiao\/?s={search_term_string}"},"query-input":{"@type":"PropertyValueSpecification","valueRequired":true,"valueName":"search_term_string"}}],"inLanguage":"pt-BR"},{"@type":"Organization","@id":"https:\/\/redenoticiaz.com.br\/ribeiraopreto-regiao\/#organization","name":"Ribeir\u00e3o Preto e Regi\u00e3o","url":"https:\/\/redenoticiaz.com.br\/ribeiraopreto-regiao\/","logo":{"@type":"ImageObject","inLanguage":"pt-BR","@id":"https:\/\/redenoticiaz.com.br\/ribeiraopreto-regiao\/#\/schema\/logo\/image\/","url":"https:\/\/redenoticiaz.com.br\/barretos-regiao\/wp-content\/uploads\/sites\/4\/2022\/02\/logo.jpg","contentUrl":"https:\/\/redenoticiaz.com.br\/barretos-regiao\/wp-content\/uploads\/sites\/4\/2022\/02\/logo.jpg","width":400,"height":250,"caption":"Ribeir\u00e3o Preto e Regi\u00e3o"},"image":{"@id":"https:\/\/redenoticiaz.com.br\/ribeiraopreto-regiao\/#\/schema\/logo\/image\/"},"sameAs":["https:\/\/m.facebook.com\/redenoticiaz.barretos","https:\/\/x.com\/RN_barretos","https:\/\/www.instagram.com\/redenoticiaz.barretos\/?igshid=YmMyMTA2M2Y","https:\/\/www.linkedin.com\/company\/rede-noticiaz-barretos-e-regio\/"]},{"@type":"Person","@id":"https:\/\/redenoticiaz.com.br\/ribeiraopreto-regiao\/#\/schema\/person\/16057b37a3c0ee6b096d7f887c566e2e","name":"Gustavo Silva","image":{"@type":"ImageObject","inLanguage":"pt-BR","@id":"https:\/\/secure.gravatar.com\/avatar\/3ee4e82f93b26de0a7cf4ea5eb7893da637ed6bb0c9170c58065944c56e28a33?s=96&d=mm&r=g","url":"https:\/\/secure.gravatar.com\/avatar\/3ee4e82f93b26de0a7cf4ea5eb7893da637ed6bb0c9170c58065944c56e28a33?s=96&d=mm&r=g","contentUrl":"https:\/\/secure.gravatar.com\/avatar\/3ee4e82f93b26de0a7cf4ea5eb7893da637ed6bb0c9170c58065944c56e28a33?s=96&d=mm&r=g","caption":"Gustavo Silva"},"url":"https:\/\/redenoticiaz.com.br\/ribeiraopreto-regiao\/sp\/author\/gustavosilva"}]}},"_links":{"self":[{"href":"https:\/\/redenoticiaz.com.br\/ribeiraopreto-regiao\/wp-json\/wp\/v2\/posts\/111098","targetHints":{"allow":["GET"]}}],"collection":[{"href":"https:\/\/redenoticiaz.com.br\/ribeiraopreto-regiao\/wp-json\/wp\/v2\/posts"}],"about":[{"href":"https:\/\/redenoticiaz.com.br\/ribeiraopreto-regiao\/wp-json\/wp\/v2\/types\/post"}],"author":[{"embeddable":true,"href":"https:\/\/redenoticiaz.com.br\/ribeiraopreto-regiao\/wp-json\/wp\/v2\/users\/12"}],"replies":[{"embeddable":true,"href":"https:\/\/redenoticiaz.com.br\/ribeiraopreto-regiao\/wp-json\/wp\/v2\/comments?post=111098"}],"version-history":[{"count":1,"href":"https:\/\/redenoticiaz.com.br\/ribeiraopreto-regiao\/wp-json\/wp\/v2\/posts\/111098\/revisions"}],"predecessor-version":[{"id":111101,"href":"https:\/\/redenoticiaz.com.br\/ribeiraopreto-regiao\/wp-json\/wp\/v2\/posts\/111098\/revisions\/111101"}],"wp:featuredmedia":[{"embeddable":true,"href":"https:\/\/redenoticiaz.com.br\/ribeiraopreto-regiao\/wp-json\/wp\/v2\/media\/111100"}],"wp:attachment":[{"href":"https:\/\/redenoticiaz.com.br\/ribeiraopreto-regiao\/wp-json\/wp\/v2\/media?parent=111098"}],"wp:term":[{"taxonomy":"category","embeddable":true,"href":"https:\/\/redenoticiaz.com.br\/ribeiraopreto-regiao\/wp-json\/wp\/v2\/categories?post=111098"},{"taxonomy":"post_tag","embeddable":true,"href":"https:\/\/redenoticiaz.com.br\/ribeiraopreto-regiao\/wp-json\/wp\/v2\/tags?post=111098"}],"curies":[{"name":"wp","href":"https:\/\/api.w.org\/{rel}","templated":true}]}}