{"id":111118,"date":"2023-09-25T15:06:42","date_gmt":"2023-09-25T18:06:42","guid":{"rendered":"https:\/\/redenoticiaz.com.br\/barretos-regiao\/sp\/2023\/09\/25\/sandy-e-lucas-lima-anunciam-separacao"},"modified":"2023-09-25T15:10:54","modified_gmt":"2023-09-25T18:10:54","slug":"sandy-e-lucas-lima-anunciam-separacao","status":"publish","type":"post","link":"https:\/\/redenoticiaz.com.br\/ribeiraopreto-regiao\/sp\/2023\/09\/25\/sandy-e-lucas-lima-anunciam-separacao","title":{"rendered":"Sandy e Lucas Lima anunciam separa\u00e7\u00e3o"},"content":{"rendered":"<p>A cantora Sandy e Lucas Lima anunciaram a sua separa\u00e7\u00e3o na tarde desta segunda-feira (25) ap\u00f3s 24 anos de relacionamento.<\/p>\n<p>De acordo com as informa\u00e7\u00f5es, o casal divulgou uma nota em suas redes sociais afirmando que a decis\u00e3o n\u00e3o foi f\u00e1cil.<\/p>\n<p>Ainda de acordo com as informa\u00e7\u00f5es, a nota informa que o casal n\u00e3o brigou e a separa\u00e7\u00e3o n\u00e3o deixa m\u00e1goa e nem trauma.<\/p>\n<p>Sendo assim, a nota pede compreens\u00e3o de todos.<\/p>\n<blockquote><p>N\u00e3o foi uma decis\u00e3o f\u00e1cil, nem impulsiva. Foram praticamente 24 anos de relacionamento e 15 anos de casados. Com altos e baixos, \u00e0s vezes mais felizes, \u00e0s vezes menos, mas sempre inteiros e dispostos a fazer o nosso melhor. E fizemos.<\/p>\n<p>N\u00e3o teve briga, m\u00e1goa, traumas\u2026 a gente conseguiu enxergar que esse era o melhor caminho e vamos deixar de ser um casal do mesmo jeito que a gente foi um: com muito amor, respeito e amizade infinita.<\/p>\n<p>A fam\u00edlia que a gente construiu \u00e9 pra sempre. E o nosso amor tamb\u00e9m.<\/p>\n<p>E a gente sabe que \u00e9 pedir demais, mas vamos pedir mesmo assim: por favor, respeitem nosso momento, nossa fam\u00edlia. A gente tem um filho lindo de 9 anos que precisa de todo nosso amor e cuidado. Precisamos que esse momento t\u00e3o \u00edntimo, dif\u00edcil e particular seja vivido com a mesma discri\u00e7\u00e3o com que a gente viveu nosso relacionamento t\u00e3o feliz, t\u00e3o bem-sucedido.<\/p>\n<p>Obrigado pela compreens\u00e3o e pelos pensamentos positivos que a gente sabe que vai receber de quem gosta da gente. Vai demorar um pouquinho, mas vai ficar tudo bem.<\/p><\/blockquote>\n<p>Leia mais<\/p>\n<p><a href=\"https:\/\/redenoticiaz.com.br\/blog\/2021\/12\/23\/marcos-mion-cumpre-promessa-e-vai-a-pe-ate-aparecida\">Marcos Mion cumpre promessa e vai a p\u00e9 at\u00e9 Aparecida<\/a><\/p>\n<p><a href=\"https:\/\/redenoticiaz.com.br\/blog\/2023\/09\/17\/video-anitta-e-ivete-sangalo-se-agridem-em-video\">V\u00cdDEO \u2013 Imagens mostram homem sendo morto em Bar<\/a><\/p>\n<p><a href=\"https:\/\/redenoticiaz.com.br\/blog\/2023\/09\/13\/video-imprensa-internacional-exalta-anitta-em-premiacao-da-mtv\">V\u00cdDEO \u2013 Imprensa Internacional exalta Anitta em premia\u00e7\u00e3o da MTV<\/a><\/p>\n","protected":false},"excerpt":{"rendered":"<p>A cantora Sandy e Lucas Lima anunciaram a sua separa\u00e7\u00e3o na tarde desta segunda-feira (25) ap\u00f3s 24 anos de relacionamento. De acordo com as informa\u00e7\u00f5es, o casal divulgou uma nota em suas redes sociais afirmando que a decis\u00e3o n\u00e3o foi f\u00e1cil. Ainda de acordo com as informa\u00e7\u00f5es, a nota informa que o casal n\u00e3o brigou &hellip;<\/p>\n","protected":false},"author":12,"featured_media":111119,"comment_status":"open","ping_status":"closed","sticky":false,"template":"","format":"standard","meta":{"footnotes":""},"categories":[22062,134],"tags":[29037,29038,29039],"class_list":["post-111118","post","type-post","status-publish","format-standard","has-post-thumbnail","hentry","category-celebridades","category-entretenimento","tag-sandy","tag-sandy-e-lucas-lima","tag-separacao-sandy"],"yoast_head":"<!-- This site is optimized with the Yoast SEO plugin v27.5 - https:\/\/yoast.com\/product\/yoast-seo-wordpress\/ -->\n<title>Sandy e Lucas Lima anunciam separa\u00e7\u00e3o - Ribeir\u00e3o Preto e Regi\u00e3o<\/title>\n<meta name=\"description\" content=\"A cantora Sandy e Lucas Lima anunciaram a sua separa\u00e7\u00e3o na tarde desta segunda-feira (25) ap\u00f3s 24 anos de relacionamento.\" \/>\n<meta name=\"robots\" content=\"index, follow, max-snippet:-1, max-image-preview:large, max-video-preview:-1\" \/>\n<link rel=\"canonical\" href=\"https:\/\/redenoticiaz.com.br\/ribeiraopreto-regiao\/sp\/2023\/09\/25\/sandy-e-lucas-lima-anunciam-separacao\" \/>\n<meta property=\"og:locale\" content=\"pt_BR\" \/>\n<meta property=\"og:type\" content=\"article\" \/>\n<meta property=\"og:title\" content=\"Sandy e Lucas Lima anunciam separa\u00e7\u00e3o - Ribeir\u00e3o Preto e Regi\u00e3o\" \/>\n<meta property=\"og:description\" content=\"A cantora Sandy e Lucas Lima anunciaram a sua separa\u00e7\u00e3o na tarde desta segunda-feira (25) ap\u00f3s 24 anos de relacionamento.\" \/>\n<meta property=\"og:url\" content=\"https:\/\/redenoticiaz.com.br\/ribeiraopreto-regiao\/sp\/2023\/09\/25\/sandy-e-lucas-lima-anunciam-separacao\" \/>\n<meta property=\"og:site_name\" content=\"Ribeir\u00e3o Preto e Regi\u00e3o\" \/>\n<meta property=\"article:publisher\" content=\"https:\/\/m.facebook.com\/redenoticiaz.barretos\" \/>\n<meta property=\"article:published_time\" content=\"2023-09-25T18:06:42+00:00\" \/>\n<meta property=\"article:modified_time\" content=\"2023-09-25T18:10:54+00:00\" \/>\n<meta property=\"og:image\" content=\"https:\/\/redenoticiaz.com.br\/ribeiraopreto-regiao\/wp-content\/uploads\/sites\/4\/2023\/09\/Sandy-e-Lucas-Lima-1.jpg?v=1695665195\" \/>\n\t<meta property=\"og:image:width\" content=\"1080\" \/>\n\t<meta property=\"og:image:height\" content=\"720\" \/>\n\t<meta property=\"og:image:type\" content=\"image\/jpeg\" \/>\n<meta name=\"author\" content=\"Gustavo Silva\" \/>\n<meta name=\"twitter:card\" content=\"summary_large_image\" \/>\n<meta name=\"twitter:creator\" content=\"@RN_barretos\" \/>\n<meta name=\"twitter:site\" content=\"@RN_barretos\" \/>\n<meta name=\"twitter:label1\" content=\"Escrito por\" \/>\n\t<meta name=\"twitter:data1\" content=\"Gustavo Silva\" \/>\n\t<meta name=\"twitter:label2\" content=\"Est. tempo de leitura\" \/>\n\t<meta name=\"twitter:data2\" content=\"1 minuto\" \/>\n<script type=\"application\/ld+json\" class=\"yoast-schema-graph\">{\"@context\":\"https:\\\/\\\/schema.org\",\"@graph\":[{\"@type\":\"Article\",\"@id\":\"https:\\\/\\\/redenoticiaz.com.br\\\/ribeiraopreto-regiao\\\/sp\\\/2023\\\/09\\\/25\\\/sandy-e-lucas-lima-anunciam-separacao#article\",\"isPartOf\":{\"@id\":\"https:\\\/\\\/redenoticiaz.com.br\\\/ribeiraopreto-regiao\\\/sp\\\/2023\\\/09\\\/25\\\/sandy-e-lucas-lima-anunciam-separacao\"},\"author\":{\"name\":\"Gustavo Silva\",\"@id\":\"https:\\\/\\\/redenoticiaz.com.br\\\/ribeiraopreto-regiao\\\/#\\\/schema\\\/person\\\/16057b37a3c0ee6b096d7f887c566e2e\"},\"headline\":\"Sandy e Lucas Lima anunciam separa\u00e7\u00e3o\",\"datePublished\":\"2023-09-25T18:06:42+00:00\",\"dateModified\":\"2023-09-25T18:10:54+00:00\",\"mainEntityOfPage\":{\"@id\":\"https:\\\/\\\/redenoticiaz.com.br\\\/ribeiraopreto-regiao\\\/sp\\\/2023\\\/09\\\/25\\\/sandy-e-lucas-lima-anunciam-separacao\"},\"wordCount\":313,\"commentCount\":0,\"publisher\":{\"@id\":\"https:\\\/\\\/redenoticiaz.com.br\\\/ribeiraopreto-regiao\\\/#organization\"},\"image\":{\"@id\":\"https:\\\/\\\/redenoticiaz.com.br\\\/ribeiraopreto-regiao\\\/sp\\\/2023\\\/09\\\/25\\\/sandy-e-lucas-lima-anunciam-separacao#primaryimage\"},\"thumbnailUrl\":\"https:\\\/\\\/redenoticiaz.com.br\\\/ribeiraopreto-regiao\\\/wp-content\\\/uploads\\\/sites\\\/4\\\/2023\\\/09\\\/Sandy-e-Lucas-Lima-1.jpg?v=1695665195\",\"keywords\":[\"sandy\",\"Sandy e Lucas Lima\",\"separa\u00e7\u00e3o sandy\"],\"articleSection\":[\"Celebridades\",\"Entretenimento\"],\"inLanguage\":\"pt-BR\",\"potentialAction\":[{\"@type\":\"CommentAction\",\"name\":\"Comment\",\"target\":[\"https:\\\/\\\/redenoticiaz.com.br\\\/ribeiraopreto-regiao\\\/sp\\\/2023\\\/09\\\/25\\\/sandy-e-lucas-lima-anunciam-separacao#respond\"]}]},{\"@type\":\"WebPage\",\"@id\":\"https:\\\/\\\/redenoticiaz.com.br\\\/ribeiraopreto-regiao\\\/sp\\\/2023\\\/09\\\/25\\\/sandy-e-lucas-lima-anunciam-separacao\",\"url\":\"https:\\\/\\\/redenoticiaz.com.br\\\/ribeiraopreto-regiao\\\/sp\\\/2023\\\/09\\\/25\\\/sandy-e-lucas-lima-anunciam-separacao\",\"name\":\"Sandy e Lucas Lima anunciam separa\u00e7\u00e3o - Ribeir\u00e3o Preto e Regi\u00e3o\",\"isPartOf\":{\"@id\":\"https:\\\/\\\/redenoticiaz.com.br\\\/ribeiraopreto-regiao\\\/#website\"},\"primaryImageOfPage\":{\"@id\":\"https:\\\/\\\/redenoticiaz.com.br\\\/ribeiraopreto-regiao\\\/sp\\\/2023\\\/09\\\/25\\\/sandy-e-lucas-lima-anunciam-separacao#primaryimage\"},\"image\":{\"@id\":\"https:\\\/\\\/redenoticiaz.com.br\\\/ribeiraopreto-regiao\\\/sp\\\/2023\\\/09\\\/25\\\/sandy-e-lucas-lima-anunciam-separacao#primaryimage\"},\"thumbnailUrl\":\"https:\\\/\\\/redenoticiaz.com.br\\\/ribeiraopreto-regiao\\\/wp-content\\\/uploads\\\/sites\\\/4\\\/2023\\\/09\\\/Sandy-e-Lucas-Lima-1.jpg?v=1695665195\",\"datePublished\":\"2023-09-25T18:06:42+00:00\",\"dateModified\":\"2023-09-25T18:10:54+00:00\",\"description\":\"A cantora Sandy e Lucas Lima anunciaram a sua separa\u00e7\u00e3o na tarde desta segunda-feira (25) ap\u00f3s 24 anos de relacionamento.\",\"inLanguage\":\"pt-BR\",\"potentialAction\":[{\"@type\":\"ReadAction\",\"target\":[\"https:\\\/\\\/redenoticiaz.com.br\\\/ribeiraopreto-regiao\\\/sp\\\/2023\\\/09\\\/25\\\/sandy-e-lucas-lima-anunciam-separacao\"]}]},{\"@type\":\"ImageObject\",\"inLanguage\":\"pt-BR\",\"@id\":\"https:\\\/\\\/redenoticiaz.com.br\\\/ribeiraopreto-regiao\\\/sp\\\/2023\\\/09\\\/25\\\/sandy-e-lucas-lima-anunciam-separacao#primaryimage\",\"url\":\"https:\\\/\\\/redenoticiaz.com.br\\\/ribeiraopreto-regiao\\\/wp-content\\\/uploads\\\/sites\\\/4\\\/2023\\\/09\\\/Sandy-e-Lucas-Lima-1.jpg?v=1695665195\",\"contentUrl\":\"https:\\\/\\\/redenoticiaz.com.br\\\/ribeiraopreto-regiao\\\/wp-content\\\/uploads\\\/sites\\\/4\\\/2023\\\/09\\\/Sandy-e-Lucas-Lima-1.jpg?v=1695665195\",\"width\":1080,\"height\":720,\"caption\":\"Sandy e Lucas Lima anunciam separa\u00e7\u00e3o\"},{\"@type\":\"WebSite\",\"@id\":\"https:\\\/\\\/redenoticiaz.com.br\\\/ribeiraopreto-regiao\\\/#website\",\"url\":\"https:\\\/\\\/redenoticiaz.com.br\\\/ribeiraopreto-regiao\\\/\",\"name\":\"Ribeir\u00e3o Preto e Regi\u00e3o\",\"description\":\"Rede NoticiaZ - Ribeir\u00e3o Preto e regi\u00e3o\",\"publisher\":{\"@id\":\"https:\\\/\\\/redenoticiaz.com.br\\\/ribeiraopreto-regiao\\\/#organization\"},\"potentialAction\":[{\"@type\":\"SearchAction\",\"target\":{\"@type\":\"EntryPoint\",\"urlTemplate\":\"https:\\\/\\\/redenoticiaz.com.br\\\/ribeiraopreto-regiao\\\/?s={search_term_string}\"},\"query-input\":{\"@type\":\"PropertyValueSpecification\",\"valueRequired\":true,\"valueName\":\"search_term_string\"}}],\"inLanguage\":\"pt-BR\"},{\"@type\":\"Organization\",\"@id\":\"https:\\\/\\\/redenoticiaz.com.br\\\/ribeiraopreto-regiao\\\/#organization\",\"name\":\"Ribeir\u00e3o Preto e Regi\u00e3o\",\"url\":\"https:\\\/\\\/redenoticiaz.com.br\\\/ribeiraopreto-regiao\\\/\",\"logo\":{\"@type\":\"ImageObject\",\"inLanguage\":\"pt-BR\",\"@id\":\"https:\\\/\\\/redenoticiaz.com.br\\\/ribeiraopreto-regiao\\\/#\\\/schema\\\/logo\\\/image\\\/\",\"url\":\"https:\\\/\\\/redenoticiaz.com.br\\\/barretos-regiao\\\/wp-content\\\/uploads\\\/sites\\\/4\\\/2022\\\/02\\\/logo.jpg\",\"contentUrl\":\"https:\\\/\\\/redenoticiaz.com.br\\\/barretos-regiao\\\/wp-content\\\/uploads\\\/sites\\\/4\\\/2022\\\/02\\\/logo.jpg\",\"width\":400,\"height\":250,\"caption\":\"Ribeir\u00e3o Preto e Regi\u00e3o\"},\"image\":{\"@id\":\"https:\\\/\\\/redenoticiaz.com.br\\\/ribeiraopreto-regiao\\\/#\\\/schema\\\/logo\\\/image\\\/\"},\"sameAs\":[\"https:\\\/\\\/m.facebook.com\\\/redenoticiaz.barretos\",\"https:\\\/\\\/x.com\\\/RN_barretos\",\"https:\\\/\\\/www.instagram.com\\\/redenoticiaz.barretos\\\/?igshid=YmMyMTA2M2Y\",\"https:\\\/\\\/www.linkedin.com\\\/company\\\/rede-noticiaz-barretos-e-regio\\\/\"]},{\"@type\":\"Person\",\"@id\":\"https:\\\/\\\/redenoticiaz.com.br\\\/ribeiraopreto-regiao\\\/#\\\/schema\\\/person\\\/16057b37a3c0ee6b096d7f887c566e2e\",\"name\":\"Gustavo Silva\",\"image\":{\"@type\":\"ImageObject\",\"inLanguage\":\"pt-BR\",\"@id\":\"https:\\\/\\\/secure.gravatar.com\\\/avatar\\\/3ee4e82f93b26de0a7cf4ea5eb7893da637ed6bb0c9170c58065944c56e28a33?s=96&d=mm&r=g\",\"url\":\"https:\\\/\\\/secure.gravatar.com\\\/avatar\\\/3ee4e82f93b26de0a7cf4ea5eb7893da637ed6bb0c9170c58065944c56e28a33?s=96&d=mm&r=g\",\"contentUrl\":\"https:\\\/\\\/secure.gravatar.com\\\/avatar\\\/3ee4e82f93b26de0a7cf4ea5eb7893da637ed6bb0c9170c58065944c56e28a33?s=96&d=mm&r=g\",\"caption\":\"Gustavo Silva\"},\"url\":\"https:\\\/\\\/redenoticiaz.com.br\\\/ribeiraopreto-regiao\\\/sp\\\/author\\\/gustavosilva\"}]}<\/script>\n<!-- \/ Yoast SEO plugin. -->","yoast_head_json":{"title":"Sandy e Lucas Lima anunciam separa\u00e7\u00e3o - Ribeir\u00e3o Preto e Regi\u00e3o","description":"A cantora Sandy e Lucas Lima anunciaram a sua separa\u00e7\u00e3o na tarde desta segunda-feira (25) ap\u00f3s 24 anos de relacionamento.","robots":{"index":"index","follow":"follow","max-snippet":"max-snippet:-1","max-image-preview":"max-image-preview:large","max-video-preview":"max-video-preview:-1"},"canonical":"https:\/\/redenoticiaz.com.br\/ribeiraopreto-regiao\/sp\/2023\/09\/25\/sandy-e-lucas-lima-anunciam-separacao","og_locale":"pt_BR","og_type":"article","og_title":"Sandy e Lucas Lima anunciam separa\u00e7\u00e3o - Ribeir\u00e3o Preto e Regi\u00e3o","og_description":"A cantora Sandy e Lucas Lima anunciaram a sua separa\u00e7\u00e3o na tarde desta segunda-feira (25) ap\u00f3s 24 anos de relacionamento.","og_url":"https:\/\/redenoticiaz.com.br\/ribeiraopreto-regiao\/sp\/2023\/09\/25\/sandy-e-lucas-lima-anunciam-separacao","og_site_name":"Ribeir\u00e3o Preto e Regi\u00e3o","article_publisher":"https:\/\/m.facebook.com\/redenoticiaz.barretos","article_published_time":"2023-09-25T18:06:42+00:00","article_modified_time":"2023-09-25T18:10:54+00:00","og_image":[{"width":1080,"height":720,"url":"https:\/\/redenoticiaz.com.br\/ribeiraopreto-regiao\/wp-content\/uploads\/sites\/4\/2023\/09\/Sandy-e-Lucas-Lima-1.jpg?v=1695665195","type":"image\/jpeg"}],"author":"Gustavo Silva","twitter_card":"summary_large_image","twitter_creator":"@RN_barretos","twitter_site":"@RN_barretos","twitter_misc":{"Escrito por":"Gustavo Silva","Est. tempo de leitura":"1 minuto"},"schema":{"@context":"https:\/\/schema.org","@graph":[{"@type":"Article","@id":"https:\/\/redenoticiaz.com.br\/ribeiraopreto-regiao\/sp\/2023\/09\/25\/sandy-e-lucas-lima-anunciam-separacao#article","isPartOf":{"@id":"https:\/\/redenoticiaz.com.br\/ribeiraopreto-regiao\/sp\/2023\/09\/25\/sandy-e-lucas-lima-anunciam-separacao"},"author":{"name":"Gustavo Silva","@id":"https:\/\/redenoticiaz.com.br\/ribeiraopreto-regiao\/#\/schema\/person\/16057b37a3c0ee6b096d7f887c566e2e"},"headline":"Sandy e Lucas Lima anunciam separa\u00e7\u00e3o","datePublished":"2023-09-25T18:06:42+00:00","dateModified":"2023-09-25T18:10:54+00:00","mainEntityOfPage":{"@id":"https:\/\/redenoticiaz.com.br\/ribeiraopreto-regiao\/sp\/2023\/09\/25\/sandy-e-lucas-lima-anunciam-separacao"},"wordCount":313,"commentCount":0,"publisher":{"@id":"https:\/\/redenoticiaz.com.br\/ribeiraopreto-regiao\/#organization"},"image":{"@id":"https:\/\/redenoticiaz.com.br\/ribeiraopreto-regiao\/sp\/2023\/09\/25\/sandy-e-lucas-lima-anunciam-separacao#primaryimage"},"thumbnailUrl":"https:\/\/redenoticiaz.com.br\/ribeiraopreto-regiao\/wp-content\/uploads\/sites\/4\/2023\/09\/Sandy-e-Lucas-Lima-1.jpg?v=1695665195","keywords":["sandy","Sandy e Lucas Lima","separa\u00e7\u00e3o sandy"],"articleSection":["Celebridades","Entretenimento"],"inLanguage":"pt-BR","potentialAction":[{"@type":"CommentAction","name":"Comment","target":["https:\/\/redenoticiaz.com.br\/ribeiraopreto-regiao\/sp\/2023\/09\/25\/sandy-e-lucas-lima-anunciam-separacao#respond"]}]},{"@type":"WebPage","@id":"https:\/\/redenoticiaz.com.br\/ribeiraopreto-regiao\/sp\/2023\/09\/25\/sandy-e-lucas-lima-anunciam-separacao","url":"https:\/\/redenoticiaz.com.br\/ribeiraopreto-regiao\/sp\/2023\/09\/25\/sandy-e-lucas-lima-anunciam-separacao","name":"Sandy e Lucas Lima anunciam separa\u00e7\u00e3o - Ribeir\u00e3o Preto e Regi\u00e3o","isPartOf":{"@id":"https:\/\/redenoticiaz.com.br\/ribeiraopreto-regiao\/#website"},"primaryImageOfPage":{"@id":"https:\/\/redenoticiaz.com.br\/ribeiraopreto-regiao\/sp\/2023\/09\/25\/sandy-e-lucas-lima-anunciam-separacao#primaryimage"},"image":{"@id":"https:\/\/redenoticiaz.com.br\/ribeiraopreto-regiao\/sp\/2023\/09\/25\/sandy-e-lucas-lima-anunciam-separacao#primaryimage"},"thumbnailUrl":"https:\/\/redenoticiaz.com.br\/ribeiraopreto-regiao\/wp-content\/uploads\/sites\/4\/2023\/09\/Sandy-e-Lucas-Lima-1.jpg?v=1695665195","datePublished":"2023-09-25T18:06:42+00:00","dateModified":"2023-09-25T18:10:54+00:00","description":"A cantora Sandy e Lucas Lima anunciaram a sua separa\u00e7\u00e3o na tarde desta segunda-feira (25) ap\u00f3s 24 anos de relacionamento.","inLanguage":"pt-BR","potentialAction":[{"@type":"ReadAction","target":["https:\/\/redenoticiaz.com.br\/ribeiraopreto-regiao\/sp\/2023\/09\/25\/sandy-e-lucas-lima-anunciam-separacao"]}]},{"@type":"ImageObject","inLanguage":"pt-BR","@id":"https:\/\/redenoticiaz.com.br\/ribeiraopreto-regiao\/sp\/2023\/09\/25\/sandy-e-lucas-lima-anunciam-separacao#primaryimage","url":"https:\/\/redenoticiaz.com.br\/ribeiraopreto-regiao\/wp-content\/uploads\/sites\/4\/2023\/09\/Sandy-e-Lucas-Lima-1.jpg?v=1695665195","contentUrl":"https:\/\/redenoticiaz.com.br\/ribeiraopreto-regiao\/wp-content\/uploads\/sites\/4\/2023\/09\/Sandy-e-Lucas-Lima-1.jpg?v=1695665195","width":1080,"height":720,"caption":"Sandy e Lucas Lima anunciam separa\u00e7\u00e3o"},{"@type":"WebSite","@id":"https:\/\/redenoticiaz.com.br\/ribeiraopreto-regiao\/#website","url":"https:\/\/redenoticiaz.com.br\/ribeiraopreto-regiao\/","name":"Ribeir\u00e3o Preto e Regi\u00e3o","description":"Rede NoticiaZ - Ribeir\u00e3o Preto e regi\u00e3o","publisher":{"@id":"https:\/\/redenoticiaz.com.br\/ribeiraopreto-regiao\/#organization"},"potentialAction":[{"@type":"SearchAction","target":{"@type":"EntryPoint","urlTemplate":"https:\/\/redenoticiaz.com.br\/ribeiraopreto-regiao\/?s={search_term_string}"},"query-input":{"@type":"PropertyValueSpecification","valueRequired":true,"valueName":"search_term_string"}}],"inLanguage":"pt-BR"},{"@type":"Organization","@id":"https:\/\/redenoticiaz.com.br\/ribeiraopreto-regiao\/#organization","name":"Ribeir\u00e3o Preto e Regi\u00e3o","url":"https:\/\/redenoticiaz.com.br\/ribeiraopreto-regiao\/","logo":{"@type":"ImageObject","inLanguage":"pt-BR","@id":"https:\/\/redenoticiaz.com.br\/ribeiraopreto-regiao\/#\/schema\/logo\/image\/","url":"https:\/\/redenoticiaz.com.br\/barretos-regiao\/wp-content\/uploads\/sites\/4\/2022\/02\/logo.jpg","contentUrl":"https:\/\/redenoticiaz.com.br\/barretos-regiao\/wp-content\/uploads\/sites\/4\/2022\/02\/logo.jpg","width":400,"height":250,"caption":"Ribeir\u00e3o Preto e Regi\u00e3o"},"image":{"@id":"https:\/\/redenoticiaz.com.br\/ribeiraopreto-regiao\/#\/schema\/logo\/image\/"},"sameAs":["https:\/\/m.facebook.com\/redenoticiaz.barretos","https:\/\/x.com\/RN_barretos","https:\/\/www.instagram.com\/redenoticiaz.barretos\/?igshid=YmMyMTA2M2Y","https:\/\/www.linkedin.com\/company\/rede-noticiaz-barretos-e-regio\/"]},{"@type":"Person","@id":"https:\/\/redenoticiaz.com.br\/ribeiraopreto-regiao\/#\/schema\/person\/16057b37a3c0ee6b096d7f887c566e2e","name":"Gustavo Silva","image":{"@type":"ImageObject","inLanguage":"pt-BR","@id":"https:\/\/secure.gravatar.com\/avatar\/3ee4e82f93b26de0a7cf4ea5eb7893da637ed6bb0c9170c58065944c56e28a33?s=96&d=mm&r=g","url":"https:\/\/secure.gravatar.com\/avatar\/3ee4e82f93b26de0a7cf4ea5eb7893da637ed6bb0c9170c58065944c56e28a33?s=96&d=mm&r=g","contentUrl":"https:\/\/secure.gravatar.com\/avatar\/3ee4e82f93b26de0a7cf4ea5eb7893da637ed6bb0c9170c58065944c56e28a33?s=96&d=mm&r=g","caption":"Gustavo Silva"},"url":"https:\/\/redenoticiaz.com.br\/ribeiraopreto-regiao\/sp\/author\/gustavosilva"}]}},"_links":{"self":[{"href":"https:\/\/redenoticiaz.com.br\/ribeiraopreto-regiao\/wp-json\/wp\/v2\/posts\/111118","targetHints":{"allow":["GET"]}}],"collection":[{"href":"https:\/\/redenoticiaz.com.br\/ribeiraopreto-regiao\/wp-json\/wp\/v2\/posts"}],"about":[{"href":"https:\/\/redenoticiaz.com.br\/ribeiraopreto-regiao\/wp-json\/wp\/v2\/types\/post"}],"author":[{"embeddable":true,"href":"https:\/\/redenoticiaz.com.br\/ribeiraopreto-regiao\/wp-json\/wp\/v2\/users\/12"}],"replies":[{"embeddable":true,"href":"https:\/\/redenoticiaz.com.br\/ribeiraopreto-regiao\/wp-json\/wp\/v2\/comments?post=111118"}],"version-history":[{"count":0,"href":"https:\/\/redenoticiaz.com.br\/ribeiraopreto-regiao\/wp-json\/wp\/v2\/posts\/111118\/revisions"}],"wp:featuredmedia":[{"embeddable":true,"href":"https:\/\/redenoticiaz.com.br\/ribeiraopreto-regiao\/wp-json\/wp\/v2\/media\/111119"}],"wp:attachment":[{"href":"https:\/\/redenoticiaz.com.br\/ribeiraopreto-regiao\/wp-json\/wp\/v2\/media?parent=111118"}],"wp:term":[{"taxonomy":"category","embeddable":true,"href":"https:\/\/redenoticiaz.com.br\/ribeiraopreto-regiao\/wp-json\/wp\/v2\/categories?post=111118"},{"taxonomy":"post_tag","embeddable":true,"href":"https:\/\/redenoticiaz.com.br\/ribeiraopreto-regiao\/wp-json\/wp\/v2\/tags?post=111118"}],"curies":[{"name":"wp","href":"https:\/\/api.w.org\/{rel}","templated":true}]}}