{"id":111210,"date":"2023-09-27T21:18:32","date_gmt":"2023-09-28T00:18:32","guid":{"rendered":"https:\/\/redenoticiaz.com.br\/barretos-regiao\/sp\/2023\/09\/27\/rosa-weber-se-despede-do-stf-e-abre-nova-vaga-para-indicacao-de-lula"},"modified":"2023-09-27T21:20:09","modified_gmt":"2023-09-28T00:20:09","slug":"rosa-weber-se-despede-do-stf-e-abre-nova-vaga-para-indicacao-de-lula","status":"publish","type":"post","link":"https:\/\/redenoticiaz.com.br\/ribeiraopreto-regiao\/sp\/2023\/09\/27\/rosa-weber-se-despede-do-stf-e-abre-nova-vaga-para-indicacao-de-lula","title":{"rendered":"Rosa Weber se despede do STF e abre nova vaga para indica\u00e7\u00e3o de Lula"},"content":{"rendered":"<p>A ministra Rosa Weber presidiu, nesta quarta-feira (27), a \u00faltima sess\u00e3o no comando do Supremo Tribunal Federal (STF). Nomeada pela ex-presidente Dilma Rousseff em 2011, Rosa deixar\u00e1 o tribunal nos pr\u00f3ximos dias ao completar 75 anos e se aposentar compulsoriamente.<img decoding=\"async\" src=\"https:\/\/agenciabrasil.ebc.com.br\/ebc.png?id=1557998&amp;o=node\" \/><img decoding=\"async\" src=\"https:\/\/agenciabrasil.ebc.com.br\/ebc.gif?id=1557998&amp;o=node\" \/><\/p>\n<p>No discurso de despedida, a ministra destacou os atos golpistas de 8 de janeiro. Ela lembrou que, pela primeira vez na hist\u00f3ria, a sede da Corte foi invadida e depredada. Rosa afirmou que o epis\u00f3dio mostrou que a \u201cdemocracia ficou inabalada\u201d.<\/p>\n<p>\u201cInabalada restou nossa democracia, como inabal\u00e1vel continua, simbolizada neste plen\u00e1rio inteiramente restaurado. Ficou a advert\u00eancia, cabe a todos a defesa intransigente da democracia constitucional\u201d, afirmou.<\/p>\n<p>Rosa Weber disse ainda que teve a oportunidade de conhecer o pa\u00eds ao visitar pres\u00eddios, quilombos e terras ind\u00edgenas.<\/p>\n<p>\u201cA partir dos trabalhos desenvolvidos, mais e melhor conhecer esse Brasil de tantos brasis, esse Brasil plural, de tantas desigualdades e mazelas e, ao mesmo tempo, de tantas belezas e de riquezas de toda ordem\u201d, concluiu.<\/p>\n<p>Amanh\u00e3 (28), em substitui\u00e7\u00e3o a Rosa Weber, o ministro Lu\u00eds Roberto Barroso tomar\u00e1 posse no cargo de presidente da Corte.<\/p>\n<p><strong>leia mais<\/strong><\/p>\n<p><a href=\"https:\/\/redenoticiaz.com.br\/litoralsp\/2023\/08\/18\/maioria-do-stf-vota-para-tornar-zambelli-re-por-porte-ilegal-de-armas\">Maioria do STF vota para tornar Zambelli r\u00e9 por porte ilegal de armas<\/a><\/p>\n<p><a href=\"https:\/\/redenoticiaz.com.br\/litoralsp\/2023\/08\/06\/stf-preve-para-setembro-primeiros-julgamentos-sobre-8-de-janeiro\">STF prev\u00ea para setembro primeiros julgamentos sobre 8 de janeiro<\/a><\/p>\n<p><a href=\"https:\/\/redenoticiaz.com.br\/litoralsp\/2023\/09\/27\/bares-e-restaurantes-pedem-retomada-do-horario-de-verao\">Bares e restaurantes pedem retomada do hor\u00e1rio de ver\u00e3o<\/a><\/p>\n","protected":false},"excerpt":{"rendered":"<p>A ministra Rosa Weber presidiu, nesta quarta-feira (27), a \u00faltima sess\u00e3o no comando do Supremo Tribunal Federal (STF). Nomeada pela ex-presidente Dilma Rousseff em 2011, Rosa deixar\u00e1 o tribunal nos pr\u00f3ximos dias ao completar 75 anos e se aposentar compulsoriamente. No discurso de despedida, a ministra destacou os atos golpistas de 8 de janeiro. Ela &hellip;<\/p>\n","protected":false},"author":12,"featured_media":111211,"comment_status":"open","ping_status":"closed","sticky":false,"template":"","format":"standard","meta":{"footnotes":""},"categories":[683,186],"tags":[29069,262,29070],"class_list":["post-111210","post","type-post","status-publish","format-standard","has-post-thumbnail","hentry","category-justica","category-politica","tag-rosa-weber","tag-stf","tag-supremo-tribunal"],"yoast_head":"<!-- This site is optimized with the Yoast SEO plugin v28.3 - https:\/\/yoast.com\/product\/yoast-seo-wordpress\/ -->\n<title>Rosa Weber se despede do STF e abre nova vaga para indica\u00e7\u00e3o de Lula - Ribeir\u00e3o Preto e Regi\u00e3o<\/title>\n<meta name=\"description\" content=\"A ministra Rosa Weber presidiu, nesta quarta-feira (27), a \u00faltima sess\u00e3o no comando do Supremo Tribunal Federal (STF).\" \/>\n<meta name=\"robots\" content=\"index, follow, max-snippet:-1, max-image-preview:large, max-video-preview:-1\" \/>\n<link rel=\"canonical\" href=\"https:\/\/redenoticiaz.com.br\/ribeiraopreto-regiao\/sp\/2023\/09\/27\/rosa-weber-se-despede-do-stf-e-abre-nova-vaga-para-indicacao-de-lula\" \/>\n<meta property=\"og:locale\" content=\"pt_BR\" \/>\n<meta property=\"og:type\" content=\"article\" \/>\n<meta property=\"og:title\" content=\"Rosa Weber se despede do STF e abre nova vaga para indica\u00e7\u00e3o de Lula - Ribeir\u00e3o Preto e Regi\u00e3o\" \/>\n<meta property=\"og:description\" content=\"A ministra Rosa Weber presidiu, nesta quarta-feira (27), a \u00faltima sess\u00e3o no comando do Supremo Tribunal Federal (STF).\" \/>\n<meta property=\"og:url\" content=\"https:\/\/redenoticiaz.com.br\/ribeiraopreto-regiao\/sp\/2023\/09\/27\/rosa-weber-se-despede-do-stf-e-abre-nova-vaga-para-indicacao-de-lula\" \/>\n<meta property=\"og:site_name\" content=\"Ribeir\u00e3o Preto e Regi\u00e3o\" \/>\n<meta property=\"article:publisher\" content=\"https:\/\/m.facebook.com\/redenoticiaz.barretos\" \/>\n<meta property=\"article:published_time\" content=\"2023-09-28T00:18:32+00:00\" \/>\n<meta property=\"article:modified_time\" content=\"2023-09-28T00:20:09+00:00\" \/>\n<meta property=\"og:image\" content=\"https:\/\/redenoticiaz.com.br\/ribeiraopreto-regiao\/wp-content\/uploads\/sites\/4\/2023\/09\/53218349873_586257b5e2_o.jpg\" \/>\n\t<meta property=\"og:image:width\" content=\"1170\" \/>\n\t<meta property=\"og:image:height\" content=\"700\" \/>\n\t<meta property=\"og:image:type\" content=\"image\/jpeg\" \/>\n<meta name=\"author\" content=\"Gustavo Silva\" \/>\n<meta name=\"twitter:card\" content=\"summary_large_image\" \/>\n<meta name=\"twitter:creator\" content=\"@RN_barretos\" \/>\n<meta name=\"twitter:site\" content=\"@RN_barretos\" \/>\n<meta name=\"twitter:label1\" content=\"Escrito por\" \/>\n\t<meta name=\"twitter:data1\" content=\"Gustavo Silva\" \/>\n\t<meta name=\"twitter:label2\" content=\"Est. tempo de leitura\" \/>\n\t<meta name=\"twitter:data2\" content=\"2 minutos\" \/>\n<script type=\"application\/ld+json\" class=\"yoast-schema-graph\">{\"@context\":\"https:\\\/\\\/schema.org\",\"@graph\":[{\"@type\":\"Article\",\"@id\":\"https:\\\/\\\/redenoticiaz.com.br\\\/ribeiraopreto-regiao\\\/sp\\\/2023\\\/09\\\/27\\\/rosa-weber-se-despede-do-stf-e-abre-nova-vaga-para-indicacao-de-lula#article\",\"isPartOf\":{\"@id\":\"https:\\\/\\\/redenoticiaz.com.br\\\/ribeiraopreto-regiao\\\/sp\\\/2023\\\/09\\\/27\\\/rosa-weber-se-despede-do-stf-e-abre-nova-vaga-para-indicacao-de-lula\"},\"author\":{\"name\":\"Gustavo Silva\",\"@id\":\"https:\\\/\\\/redenoticiaz.com.br\\\/ribeiraopreto-regiao\\\/#\\\/schema\\\/person\\\/16057b37a3c0ee6b096d7f887c566e2e\"},\"headline\":\"Rosa Weber se despede do STF e abre nova vaga para indica\u00e7\u00e3o de Lula\",\"datePublished\":\"2023-09-28T00:18:32+00:00\",\"dateModified\":\"2023-09-28T00:20:09+00:00\",\"mainEntityOfPage\":{\"@id\":\"https:\\\/\\\/redenoticiaz.com.br\\\/ribeiraopreto-regiao\\\/sp\\\/2023\\\/09\\\/27\\\/rosa-weber-se-despede-do-stf-e-abre-nova-vaga-para-indicacao-de-lula\"},\"wordCount\":238,\"commentCount\":0,\"publisher\":{\"@id\":\"https:\\\/\\\/redenoticiaz.com.br\\\/ribeiraopreto-regiao\\\/#organization\"},\"image\":{\"@id\":\"https:\\\/\\\/redenoticiaz.com.br\\\/ribeiraopreto-regiao\\\/sp\\\/2023\\\/09\\\/27\\\/rosa-weber-se-despede-do-stf-e-abre-nova-vaga-para-indicacao-de-lula#primaryimage\"},\"thumbnailUrl\":\"https:\\\/\\\/redenoticiaz.com.br\\\/ribeiraopreto-regiao\\\/wp-content\\\/uploads\\\/sites\\\/4\\\/2023\\\/09\\\/53218349873_586257b5e2_o.jpg\",\"keywords\":[\"Rosa Weber\",\"stf\",\"Supremo Tribunal\"],\"articleSection\":[\"Justi\u00e7a\",\"Pol\u00edtica\"],\"inLanguage\":\"pt-BR\",\"potentialAction\":[{\"@type\":\"CommentAction\",\"name\":\"Comment\",\"target\":[\"https:\\\/\\\/redenoticiaz.com.br\\\/ribeiraopreto-regiao\\\/sp\\\/2023\\\/09\\\/27\\\/rosa-weber-se-despede-do-stf-e-abre-nova-vaga-para-indicacao-de-lula#respond\"]}]},{\"@type\":\"WebPage\",\"@id\":\"https:\\\/\\\/redenoticiaz.com.br\\\/ribeiraopreto-regiao\\\/sp\\\/2023\\\/09\\\/27\\\/rosa-weber-se-despede-do-stf-e-abre-nova-vaga-para-indicacao-de-lula\",\"url\":\"https:\\\/\\\/redenoticiaz.com.br\\\/ribeiraopreto-regiao\\\/sp\\\/2023\\\/09\\\/27\\\/rosa-weber-se-despede-do-stf-e-abre-nova-vaga-para-indicacao-de-lula\",\"name\":\"Rosa Weber se despede do STF e abre nova vaga para indica\u00e7\u00e3o de Lula - Ribeir\u00e3o Preto e Regi\u00e3o\",\"isPartOf\":{\"@id\":\"https:\\\/\\\/redenoticiaz.com.br\\\/ribeiraopreto-regiao\\\/#website\"},\"primaryImageOfPage\":{\"@id\":\"https:\\\/\\\/redenoticiaz.com.br\\\/ribeiraopreto-regiao\\\/sp\\\/2023\\\/09\\\/27\\\/rosa-weber-se-despede-do-stf-e-abre-nova-vaga-para-indicacao-de-lula#primaryimage\"},\"image\":{\"@id\":\"https:\\\/\\\/redenoticiaz.com.br\\\/ribeiraopreto-regiao\\\/sp\\\/2023\\\/09\\\/27\\\/rosa-weber-se-despede-do-stf-e-abre-nova-vaga-para-indicacao-de-lula#primaryimage\"},\"thumbnailUrl\":\"https:\\\/\\\/redenoticiaz.com.br\\\/ribeiraopreto-regiao\\\/wp-content\\\/uploads\\\/sites\\\/4\\\/2023\\\/09\\\/53218349873_586257b5e2_o.jpg\",\"datePublished\":\"2023-09-28T00:18:32+00:00\",\"dateModified\":\"2023-09-28T00:20:09+00:00\",\"description\":\"A ministra Rosa Weber presidiu, nesta quarta-feira (27), a \u00faltima sess\u00e3o no comando do Supremo Tribunal Federal (STF).\",\"inLanguage\":\"pt-BR\",\"potentialAction\":[{\"@type\":\"ReadAction\",\"target\":[\"https:\\\/\\\/redenoticiaz.com.br\\\/ribeiraopreto-regiao\\\/sp\\\/2023\\\/09\\\/27\\\/rosa-weber-se-despede-do-stf-e-abre-nova-vaga-para-indicacao-de-lula\"]}]},{\"@type\":\"ImageObject\",\"inLanguage\":\"pt-BR\",\"@id\":\"https:\\\/\\\/redenoticiaz.com.br\\\/ribeiraopreto-regiao\\\/sp\\\/2023\\\/09\\\/27\\\/rosa-weber-se-despede-do-stf-e-abre-nova-vaga-para-indicacao-de-lula#primaryimage\",\"url\":\"https:\\\/\\\/redenoticiaz.com.br\\\/ribeiraopreto-regiao\\\/wp-content\\\/uploads\\\/sites\\\/4\\\/2023\\\/09\\\/53218349873_586257b5e2_o.jpg\",\"contentUrl\":\"https:\\\/\\\/redenoticiaz.com.br\\\/ribeiraopreto-regiao\\\/wp-content\\\/uploads\\\/sites\\\/4\\\/2023\\\/09\\\/53218349873_586257b5e2_o.jpg\",\"width\":1170,\"height\":700,\"caption\":\"Rosa Weber se despede do STF e abre nova vaga para indica\u00e7\u00e3o de Lula\"},{\"@type\":\"WebSite\",\"@id\":\"https:\\\/\\\/redenoticiaz.com.br\\\/ribeiraopreto-regiao\\\/#website\",\"url\":\"https:\\\/\\\/redenoticiaz.com.br\\\/ribeiraopreto-regiao\\\/\",\"name\":\"Ribeir\u00e3o Preto e Regi\u00e3o\",\"description\":\"Rede NoticiaZ - Ribeir\u00e3o Preto e regi\u00e3o\",\"publisher\":{\"@id\":\"https:\\\/\\\/redenoticiaz.com.br\\\/ribeiraopreto-regiao\\\/#organization\"},\"potentialAction\":[{\"@type\":\"SearchAction\",\"target\":{\"@type\":\"EntryPoint\",\"urlTemplate\":\"https:\\\/\\\/redenoticiaz.com.br\\\/ribeiraopreto-regiao\\\/?s={search_term_string}\"},\"query-input\":{\"@type\":\"PropertyValueSpecification\",\"valueRequired\":true,\"valueName\":\"search_term_string\"}}],\"inLanguage\":\"pt-BR\"},{\"@type\":\"Organization\",\"@id\":\"https:\\\/\\\/redenoticiaz.com.br\\\/ribeiraopreto-regiao\\\/#organization\",\"name\":\"Ribeir\u00e3o Preto e Regi\u00e3o\",\"url\":\"https:\\\/\\\/redenoticiaz.com.br\\\/ribeiraopreto-regiao\\\/\",\"logo\":{\"@type\":\"ImageObject\",\"inLanguage\":\"pt-BR\",\"@id\":\"https:\\\/\\\/redenoticiaz.com.br\\\/ribeiraopreto-regiao\\\/#\\\/schema\\\/logo\\\/image\\\/\",\"url\":\"https:\\\/\\\/redenoticiaz.com.br\\\/barretos-regiao\\\/wp-content\\\/uploads\\\/sites\\\/4\\\/2022\\\/02\\\/logo.jpg\",\"contentUrl\":\"https:\\\/\\\/redenoticiaz.com.br\\\/barretos-regiao\\\/wp-content\\\/uploads\\\/sites\\\/4\\\/2022\\\/02\\\/logo.jpg\",\"width\":400,\"height\":250,\"caption\":\"Ribeir\u00e3o Preto e Regi\u00e3o\"},\"image\":{\"@id\":\"https:\\\/\\\/redenoticiaz.com.br\\\/ribeiraopreto-regiao\\\/#\\\/schema\\\/logo\\\/image\\\/\"},\"sameAs\":[\"https:\\\/\\\/m.facebook.com\\\/redenoticiaz.barretos\",\"https:\\\/\\\/x.com\\\/RN_barretos\",\"https:\\\/\\\/www.instagram.com\\\/redenoticiaz.barretos\\\/?igshid=YmMyMTA2M2Y\",\"https:\\\/\\\/www.linkedin.com\\\/company\\\/rede-noticiaz-barretos-e-regio\\\/\"]},{\"@type\":\"Person\",\"@id\":\"https:\\\/\\\/redenoticiaz.com.br\\\/ribeiraopreto-regiao\\\/#\\\/schema\\\/person\\\/16057b37a3c0ee6b096d7f887c566e2e\",\"name\":\"Gustavo Silva\",\"image\":{\"@type\":\"ImageObject\",\"inLanguage\":\"pt-BR\",\"@id\":\"https:\\\/\\\/secure.gravatar.com\\\/avatar\\\/3ee4e82f93b26de0a7cf4ea5eb7893da637ed6bb0c9170c58065944c56e28a33?s=96&d=mm&r=g\",\"url\":\"https:\\\/\\\/secure.gravatar.com\\\/avatar\\\/3ee4e82f93b26de0a7cf4ea5eb7893da637ed6bb0c9170c58065944c56e28a33?s=96&d=mm&r=g\",\"contentUrl\":\"https:\\\/\\\/secure.gravatar.com\\\/avatar\\\/3ee4e82f93b26de0a7cf4ea5eb7893da637ed6bb0c9170c58065944c56e28a33?s=96&d=mm&r=g\",\"caption\":\"Gustavo Silva\"},\"url\":\"https:\\\/\\\/redenoticiaz.com.br\\\/ribeiraopreto-regiao\\\/sp\\\/author\\\/gustavosilva\"}]}<\/script>\n<!-- \/ Yoast SEO plugin. -->","yoast_head_json":{"title":"Rosa Weber se despede do STF e abre nova vaga para indica\u00e7\u00e3o de Lula - Ribeir\u00e3o Preto e Regi\u00e3o","description":"A ministra Rosa Weber presidiu, nesta quarta-feira (27), a \u00faltima sess\u00e3o no comando do Supremo Tribunal Federal (STF).","robots":{"index":"index","follow":"follow","max-snippet":"max-snippet:-1","max-image-preview":"max-image-preview:large","max-video-preview":"max-video-preview:-1"},"canonical":"https:\/\/redenoticiaz.com.br\/ribeiraopreto-regiao\/sp\/2023\/09\/27\/rosa-weber-se-despede-do-stf-e-abre-nova-vaga-para-indicacao-de-lula","og_locale":"pt_BR","og_type":"article","og_title":"Rosa Weber se despede do STF e abre nova vaga para indica\u00e7\u00e3o de Lula - Ribeir\u00e3o Preto e Regi\u00e3o","og_description":"A ministra Rosa Weber presidiu, nesta quarta-feira (27), a \u00faltima sess\u00e3o no comando do Supremo Tribunal Federal (STF).","og_url":"https:\/\/redenoticiaz.com.br\/ribeiraopreto-regiao\/sp\/2023\/09\/27\/rosa-weber-se-despede-do-stf-e-abre-nova-vaga-para-indicacao-de-lula","og_site_name":"Ribeir\u00e3o Preto e Regi\u00e3o","article_publisher":"https:\/\/m.facebook.com\/redenoticiaz.barretos","article_published_time":"2023-09-28T00:18:32+00:00","article_modified_time":"2023-09-28T00:20:09+00:00","og_image":[{"width":1170,"height":700,"url":"https:\/\/redenoticiaz.com.br\/ribeiraopreto-regiao\/wp-content\/uploads\/sites\/4\/2023\/09\/53218349873_586257b5e2_o.jpg","type":"image\/jpeg"}],"author":"Gustavo Silva","twitter_card":"summary_large_image","twitter_creator":"@RN_barretos","twitter_site":"@RN_barretos","twitter_misc":{"Escrito por":"Gustavo Silva","Est. tempo de leitura":"2 minutos"},"schema":{"@context":"https:\/\/schema.org","@graph":[{"@type":"Article","@id":"https:\/\/redenoticiaz.com.br\/ribeiraopreto-regiao\/sp\/2023\/09\/27\/rosa-weber-se-despede-do-stf-e-abre-nova-vaga-para-indicacao-de-lula#article","isPartOf":{"@id":"https:\/\/redenoticiaz.com.br\/ribeiraopreto-regiao\/sp\/2023\/09\/27\/rosa-weber-se-despede-do-stf-e-abre-nova-vaga-para-indicacao-de-lula"},"author":{"name":"Gustavo Silva","@id":"https:\/\/redenoticiaz.com.br\/ribeiraopreto-regiao\/#\/schema\/person\/16057b37a3c0ee6b096d7f887c566e2e"},"headline":"Rosa Weber se despede do STF e abre nova vaga para indica\u00e7\u00e3o de Lula","datePublished":"2023-09-28T00:18:32+00:00","dateModified":"2023-09-28T00:20:09+00:00","mainEntityOfPage":{"@id":"https:\/\/redenoticiaz.com.br\/ribeiraopreto-regiao\/sp\/2023\/09\/27\/rosa-weber-se-despede-do-stf-e-abre-nova-vaga-para-indicacao-de-lula"},"wordCount":238,"commentCount":0,"publisher":{"@id":"https:\/\/redenoticiaz.com.br\/ribeiraopreto-regiao\/#organization"},"image":{"@id":"https:\/\/redenoticiaz.com.br\/ribeiraopreto-regiao\/sp\/2023\/09\/27\/rosa-weber-se-despede-do-stf-e-abre-nova-vaga-para-indicacao-de-lula#primaryimage"},"thumbnailUrl":"https:\/\/redenoticiaz.com.br\/ribeiraopreto-regiao\/wp-content\/uploads\/sites\/4\/2023\/09\/53218349873_586257b5e2_o.jpg","keywords":["Rosa Weber","stf","Supremo Tribunal"],"articleSection":["Justi\u00e7a","Pol\u00edtica"],"inLanguage":"pt-BR","potentialAction":[{"@type":"CommentAction","name":"Comment","target":["https:\/\/redenoticiaz.com.br\/ribeiraopreto-regiao\/sp\/2023\/09\/27\/rosa-weber-se-despede-do-stf-e-abre-nova-vaga-para-indicacao-de-lula#respond"]}]},{"@type":"WebPage","@id":"https:\/\/redenoticiaz.com.br\/ribeiraopreto-regiao\/sp\/2023\/09\/27\/rosa-weber-se-despede-do-stf-e-abre-nova-vaga-para-indicacao-de-lula","url":"https:\/\/redenoticiaz.com.br\/ribeiraopreto-regiao\/sp\/2023\/09\/27\/rosa-weber-se-despede-do-stf-e-abre-nova-vaga-para-indicacao-de-lula","name":"Rosa Weber se despede do STF e abre nova vaga para indica\u00e7\u00e3o de Lula - Ribeir\u00e3o Preto e Regi\u00e3o","isPartOf":{"@id":"https:\/\/redenoticiaz.com.br\/ribeiraopreto-regiao\/#website"},"primaryImageOfPage":{"@id":"https:\/\/redenoticiaz.com.br\/ribeiraopreto-regiao\/sp\/2023\/09\/27\/rosa-weber-se-despede-do-stf-e-abre-nova-vaga-para-indicacao-de-lula#primaryimage"},"image":{"@id":"https:\/\/redenoticiaz.com.br\/ribeiraopreto-regiao\/sp\/2023\/09\/27\/rosa-weber-se-despede-do-stf-e-abre-nova-vaga-para-indicacao-de-lula#primaryimage"},"thumbnailUrl":"https:\/\/redenoticiaz.com.br\/ribeiraopreto-regiao\/wp-content\/uploads\/sites\/4\/2023\/09\/53218349873_586257b5e2_o.jpg","datePublished":"2023-09-28T00:18:32+00:00","dateModified":"2023-09-28T00:20:09+00:00","description":"A ministra Rosa Weber presidiu, nesta quarta-feira (27), a \u00faltima sess\u00e3o no comando do Supremo Tribunal Federal (STF).","inLanguage":"pt-BR","potentialAction":[{"@type":"ReadAction","target":["https:\/\/redenoticiaz.com.br\/ribeiraopreto-regiao\/sp\/2023\/09\/27\/rosa-weber-se-despede-do-stf-e-abre-nova-vaga-para-indicacao-de-lula"]}]},{"@type":"ImageObject","inLanguage":"pt-BR","@id":"https:\/\/redenoticiaz.com.br\/ribeiraopreto-regiao\/sp\/2023\/09\/27\/rosa-weber-se-despede-do-stf-e-abre-nova-vaga-para-indicacao-de-lula#primaryimage","url":"https:\/\/redenoticiaz.com.br\/ribeiraopreto-regiao\/wp-content\/uploads\/sites\/4\/2023\/09\/53218349873_586257b5e2_o.jpg","contentUrl":"https:\/\/redenoticiaz.com.br\/ribeiraopreto-regiao\/wp-content\/uploads\/sites\/4\/2023\/09\/53218349873_586257b5e2_o.jpg","width":1170,"height":700,"caption":"Rosa Weber se despede do STF e abre nova vaga para indica\u00e7\u00e3o de Lula"},{"@type":"WebSite","@id":"https:\/\/redenoticiaz.com.br\/ribeiraopreto-regiao\/#website","url":"https:\/\/redenoticiaz.com.br\/ribeiraopreto-regiao\/","name":"Ribeir\u00e3o Preto e Regi\u00e3o","description":"Rede NoticiaZ - Ribeir\u00e3o Preto e regi\u00e3o","publisher":{"@id":"https:\/\/redenoticiaz.com.br\/ribeiraopreto-regiao\/#organization"},"potentialAction":[{"@type":"SearchAction","target":{"@type":"EntryPoint","urlTemplate":"https:\/\/redenoticiaz.com.br\/ribeiraopreto-regiao\/?s={search_term_string}"},"query-input":{"@type":"PropertyValueSpecification","valueRequired":true,"valueName":"search_term_string"}}],"inLanguage":"pt-BR"},{"@type":"Organization","@id":"https:\/\/redenoticiaz.com.br\/ribeiraopreto-regiao\/#organization","name":"Ribeir\u00e3o Preto e Regi\u00e3o","url":"https:\/\/redenoticiaz.com.br\/ribeiraopreto-regiao\/","logo":{"@type":"ImageObject","inLanguage":"pt-BR","@id":"https:\/\/redenoticiaz.com.br\/ribeiraopreto-regiao\/#\/schema\/logo\/image\/","url":"https:\/\/redenoticiaz.com.br\/barretos-regiao\/wp-content\/uploads\/sites\/4\/2022\/02\/logo.jpg","contentUrl":"https:\/\/redenoticiaz.com.br\/barretos-regiao\/wp-content\/uploads\/sites\/4\/2022\/02\/logo.jpg","width":400,"height":250,"caption":"Ribeir\u00e3o Preto e Regi\u00e3o"},"image":{"@id":"https:\/\/redenoticiaz.com.br\/ribeiraopreto-regiao\/#\/schema\/logo\/image\/"},"sameAs":["https:\/\/m.facebook.com\/redenoticiaz.barretos","https:\/\/x.com\/RN_barretos","https:\/\/www.instagram.com\/redenoticiaz.barretos\/?igshid=YmMyMTA2M2Y","https:\/\/www.linkedin.com\/company\/rede-noticiaz-barretos-e-regio\/"]},{"@type":"Person","@id":"https:\/\/redenoticiaz.com.br\/ribeiraopreto-regiao\/#\/schema\/person\/16057b37a3c0ee6b096d7f887c566e2e","name":"Gustavo Silva","image":{"@type":"ImageObject","inLanguage":"pt-BR","@id":"https:\/\/secure.gravatar.com\/avatar\/3ee4e82f93b26de0a7cf4ea5eb7893da637ed6bb0c9170c58065944c56e28a33?s=96&d=mm&r=g","url":"https:\/\/secure.gravatar.com\/avatar\/3ee4e82f93b26de0a7cf4ea5eb7893da637ed6bb0c9170c58065944c56e28a33?s=96&d=mm&r=g","contentUrl":"https:\/\/secure.gravatar.com\/avatar\/3ee4e82f93b26de0a7cf4ea5eb7893da637ed6bb0c9170c58065944c56e28a33?s=96&d=mm&r=g","caption":"Gustavo Silva"},"url":"https:\/\/redenoticiaz.com.br\/ribeiraopreto-regiao\/sp\/author\/gustavosilva"}]}},"_links":{"self":[{"href":"https:\/\/redenoticiaz.com.br\/ribeiraopreto-regiao\/wp-json\/wp\/v2\/posts\/111210","targetHints":{"allow":["GET"]}}],"collection":[{"href":"https:\/\/redenoticiaz.com.br\/ribeiraopreto-regiao\/wp-json\/wp\/v2\/posts"}],"about":[{"href":"https:\/\/redenoticiaz.com.br\/ribeiraopreto-regiao\/wp-json\/wp\/v2\/types\/post"}],"author":[{"embeddable":true,"href":"https:\/\/redenoticiaz.com.br\/ribeiraopreto-regiao\/wp-json\/wp\/v2\/users\/12"}],"replies":[{"embeddable":true,"href":"https:\/\/redenoticiaz.com.br\/ribeiraopreto-regiao\/wp-json\/wp\/v2\/comments?post=111210"}],"version-history":[{"count":1,"href":"https:\/\/redenoticiaz.com.br\/ribeiraopreto-regiao\/wp-json\/wp\/v2\/posts\/111210\/revisions"}],"predecessor-version":[{"id":111212,"href":"https:\/\/redenoticiaz.com.br\/ribeiraopreto-regiao\/wp-json\/wp\/v2\/posts\/111210\/revisions\/111212"}],"wp:featuredmedia":[{"embeddable":true,"href":"https:\/\/redenoticiaz.com.br\/ribeiraopreto-regiao\/wp-json\/wp\/v2\/media\/111211"}],"wp:attachment":[{"href":"https:\/\/redenoticiaz.com.br\/ribeiraopreto-regiao\/wp-json\/wp\/v2\/media?parent=111210"}],"wp:term":[{"taxonomy":"category","embeddable":true,"href":"https:\/\/redenoticiaz.com.br\/ribeiraopreto-regiao\/wp-json\/wp\/v2\/categories?post=111210"},{"taxonomy":"post_tag","embeddable":true,"href":"https:\/\/redenoticiaz.com.br\/ribeiraopreto-regiao\/wp-json\/wp\/v2\/tags?post=111210"}],"curies":[{"name":"wp","href":"https:\/\/api.w.org\/{rel}","templated":true}]}}