{"id":111258,"date":"2023-10-01T08:00:49","date_gmt":"2023-10-01T11:00:49","guid":{"rendered":"https:\/\/redenoticiaz.com.br\/barretos-regiao\/?p=111258"},"modified":"2023-09-28T21:25:57","modified_gmt":"2023-09-29T00:25:57","slug":"bolsa-atleta-atinge-recorde-de-7-451-beneficiados-em-2023","status":"publish","type":"post","link":"https:\/\/redenoticiaz.com.br\/ribeiraopreto-regiao\/sp\/2023\/10\/01\/bolsa-atleta-atinge-recorde-de-7-451-beneficiados-em-2023","title":{"rendered":"Bolsa Atleta atinge recorde de 7.451 beneficiados em 2023"},"content":{"rendered":"<p>O Minist\u00e9rio do Esporte divulgou, nesta quinta-feira (28), uma nova lista com 236 nomes de contemplados pelo programa Bolsa Atleta, do governo federal, em 2023. Os novos bolsistas j\u00e1 assinaram o termo de ades\u00e3o ao programa e a\u00a0<a href=\"https:\/\/www.gov.br\/esporte\/pt-br\/noticias-e-conteudos\/esporte\/com-nova-lista-de-236-nomes-bolsa-atleta-amplia-recorde-de-bolsistas\/PORTARIAN63DE26DESETEMBRODE2023PORTARIAN63DE26DESETEMBRODE2023DOUImprensaNacional.pdf\" target=\"_blank\" rel=\"noopener\">portaria foi publicada no\u00a0<em>Di\u00e1rio Oficial da Uni\u00e3o<\/em>\u00a0(<em>DOU<\/em>)<\/a>. Agora, os benefici\u00e1rios est\u00e3o aptos a usufruir do valor pelos pr\u00f3ximos 12 meses.<img decoding=\"async\" src=\"https:\/\/agenciabrasil.ebc.com.br\/ebc.png?id=1558232&amp;o=node\" \/><img decoding=\"async\" src=\"https:\/\/agenciabrasil.ebc.com.br\/ebc.gif?id=1558232&amp;o=node\" \/><\/p>\n<p>At\u00e9 o momento, o edital do programa de 2023 j\u00e1 beneficiou 7.451 bolsistas. A lista anterior, com 7.215 nomes que assinaram o termo de ades\u00e3o foi publicada\u00a0<a href=\"https:\/\/agenciabrasil.ebc.com.br\/esportes\/noticia\/2023-08\/bolsa-atleta-concede-beneficio-7215-esportistas-em-seis-categorias\" target=\"_blank\" rel=\"noopener\">em agosto deste ano<\/a>. O n\u00famero \u00e9 recorde. \u00c9 a maior lista, desde que os pagamentos come\u00e7aram a ser feitos, em 2005. No edital de 2022, foram contemplados 6.419 atletas.<\/p>\n<p>O ministro do Esporte, Andr\u00e9 Fufuca, comentou a amplia\u00e7\u00e3o do programa. \u201cCom essa nova lista, ampliamos o recorde de bolsistas do programa. Todo nosso esfor\u00e7o est\u00e1 voltado para que os atletas e paratletas tenham o apoio do Minist\u00e9rio do Esporte e juntos possamos avan\u00e7ar e garantir o Brasil como uma pot\u00eancia esportiva mundial.\u201d<\/p>\n<p>Segundo o governo federal,\u00a0quase 65% dos contemplados t\u00eam at\u00e9 23 anos, o que indica um foco na nova gera\u00e7\u00e3o.<\/p>\n<p>&#8220;O Bolsa Atleta \u00e9 fundamental para que os atletas brasileiros possam focar no esporte de alto desempenho e para que a nova gera\u00e7\u00e3o tenha oportunidade de grandes resultados em diversas modalidades esportivas\u201d, destacou Fufuca.<\/p>\n<p>Leia mais<\/p>\n<p><a href=\"https:\/\/redenoticiaz.com.br\/blog\/2023\/07\/27\/zagueira-da-selecao-feminina-kathellen-sousa-tem-ligacao-com-cidade-de-sao-vicente\">Zagueira da sele\u00e7\u00e3o feminina, Kathellen Sousa tem liga\u00e7\u00e3o com cidade de S\u00e3o Vicente<\/a><\/p>\n","protected":false},"excerpt":{"rendered":"<p>O Minist\u00e9rio do Esporte divulgou, nesta quinta-feira (28), uma nova lista com 236 nomes de contemplados pelo programa Bolsa Atleta, do governo federal, em 2023. Os novos bolsistas j\u00e1 assinaram o termo de ades\u00e3o ao programa e a\u00a0portaria foi publicada no\u00a0Di\u00e1rio Oficial da Uni\u00e3o\u00a0(DOU). Agora, os benefici\u00e1rios est\u00e3o aptos a usufruir do valor pelos pr\u00f3ximos &hellip;<\/p>\n","protected":false},"author":12,"featured_media":111259,"comment_status":"open","ping_status":"closed","sticky":false,"template":"","format":"standard","meta":{"footnotes":""},"categories":[67,87],"tags":[29082,29083,18250,19752],"class_list":["post-111258","post","type-post","status-publish","format-standard","has-post-thumbnail","hentry","category-direitos-humanos","category-esporte","tag-andre-fufuca","tag-bolsa-atleta","tag-contemplados","tag-recorde"],"yoast_head":"<!-- This site is optimized with the Yoast SEO plugin v27.4 - https:\/\/yoast.com\/product\/yoast-seo-wordpress\/ -->\n<title>Bolsa Atleta atinge recorde de 7.451 beneficiados em 2023 - Ribeir\u00e3o Preto e Regi\u00e3o<\/title>\n<meta name=\"description\" content=\"O Minist\u00e9rio do Esporte divulgou, nesta quinta-feira (28), uma nova lista com 236 nomes de contemplados pelo programa Bolsa Atleta, do governo federal, em 2023.\" \/>\n<meta name=\"robots\" content=\"index, follow, max-snippet:-1, max-image-preview:large, max-video-preview:-1\" \/>\n<link rel=\"canonical\" href=\"https:\/\/redenoticiaz.com.br\/ribeiraopreto-regiao\/sp\/2023\/10\/01\/bolsa-atleta-atinge-recorde-de-7-451-beneficiados-em-2023\" \/>\n<meta property=\"og:locale\" content=\"pt_BR\" \/>\n<meta property=\"og:type\" content=\"article\" \/>\n<meta property=\"og:title\" content=\"Bolsa Atleta atinge recorde de 7.451 beneficiados em 2023 - Ribeir\u00e3o Preto e Regi\u00e3o\" \/>\n<meta property=\"og:description\" content=\"O Minist\u00e9rio do Esporte divulgou, nesta quinta-feira (28), uma nova lista com 236 nomes de contemplados pelo programa Bolsa Atleta, do governo federal, em 2023.\" \/>\n<meta property=\"og:url\" content=\"https:\/\/redenoticiaz.com.br\/ribeiraopreto-regiao\/sp\/2023\/10\/01\/bolsa-atleta-atinge-recorde-de-7-451-beneficiados-em-2023\" \/>\n<meta property=\"og:site_name\" content=\"Ribeir\u00e3o Preto e Regi\u00e3o\" \/>\n<meta property=\"article:publisher\" content=\"https:\/\/m.facebook.com\/redenoticiaz.barretos\" \/>\n<meta property=\"article:published_time\" content=\"2023-10-01T11:00:49+00:00\" \/>\n<meta property=\"og:image\" content=\"https:\/\/redenoticiaz.com.br\/ribeiraopreto-regiao\/wp-content\/uploads\/sites\/4\/2023\/09\/jr_cerimonia_26-07-2019_00003198-1536x971-1.jpg?v=1626731056\" \/>\n\t<meta property=\"og:image:width\" content=\"1536\" \/>\n\t<meta property=\"og:image:height\" content=\"971\" \/>\n\t<meta property=\"og:image:type\" content=\"image\/jpeg\" \/>\n<meta name=\"author\" content=\"Gustavo Silva\" \/>\n<meta name=\"twitter:card\" content=\"summary_large_image\" \/>\n<meta name=\"twitter:creator\" content=\"@RN_barretos\" \/>\n<meta name=\"twitter:site\" content=\"@RN_barretos\" \/>\n<meta name=\"twitter:label1\" content=\"Escrito por\" \/>\n\t<meta name=\"twitter:data1\" content=\"Gustavo Silva\" \/>\n\t<meta name=\"twitter:label2\" content=\"Est. tempo de leitura\" \/>\n\t<meta name=\"twitter:data2\" content=\"2 minutos\" \/>\n<script type=\"application\/ld+json\" class=\"yoast-schema-graph\">{\"@context\":\"https:\\\/\\\/schema.org\",\"@graph\":[{\"@type\":\"Article\",\"@id\":\"https:\\\/\\\/redenoticiaz.com.br\\\/ribeiraopreto-regiao\\\/sp\\\/2023\\\/10\\\/01\\\/bolsa-atleta-atinge-recorde-de-7-451-beneficiados-em-2023#article\",\"isPartOf\":{\"@id\":\"https:\\\/\\\/redenoticiaz.com.br\\\/ribeiraopreto-regiao\\\/sp\\\/2023\\\/10\\\/01\\\/bolsa-atleta-atinge-recorde-de-7-451-beneficiados-em-2023\"},\"author\":{\"name\":\"Gustavo Silva\",\"@id\":\"https:\\\/\\\/redenoticiaz.com.br\\\/ribeiraopreto-regiao\\\/#\\\/schema\\\/person\\\/16057b37a3c0ee6b096d7f887c566e2e\"},\"headline\":\"Bolsa Atleta atinge recorde de 7.451 beneficiados em 2023\",\"datePublished\":\"2023-10-01T11:00:49+00:00\",\"mainEntityOfPage\":{\"@id\":\"https:\\\/\\\/redenoticiaz.com.br\\\/ribeiraopreto-regiao\\\/sp\\\/2023\\\/10\\\/01\\\/bolsa-atleta-atinge-recorde-de-7-451-beneficiados-em-2023\"},\"wordCount\":252,\"commentCount\":0,\"publisher\":{\"@id\":\"https:\\\/\\\/redenoticiaz.com.br\\\/ribeiraopreto-regiao\\\/#organization\"},\"image\":{\"@id\":\"https:\\\/\\\/redenoticiaz.com.br\\\/ribeiraopreto-regiao\\\/sp\\\/2023\\\/10\\\/01\\\/bolsa-atleta-atinge-recorde-de-7-451-beneficiados-em-2023#primaryimage\"},\"thumbnailUrl\":\"https:\\\/\\\/redenoticiaz.com.br\\\/ribeiraopreto-regiao\\\/wp-content\\\/uploads\\\/sites\\\/4\\\/2023\\\/09\\\/jr_cerimonia_26-07-2019_00003198-1536x971-1.jpg?v=1626731056\",\"keywords\":[\"Andr\u00e9 Fufuca\",\"Bolsa Atleta\",\"contemplados\",\"recorde\"],\"articleSection\":[\"Direitos Humanos\",\"Esporte\"],\"inLanguage\":\"pt-BR\",\"potentialAction\":[{\"@type\":\"CommentAction\",\"name\":\"Comment\",\"target\":[\"https:\\\/\\\/redenoticiaz.com.br\\\/ribeiraopreto-regiao\\\/sp\\\/2023\\\/10\\\/01\\\/bolsa-atleta-atinge-recorde-de-7-451-beneficiados-em-2023#respond\"]}]},{\"@type\":\"WebPage\",\"@id\":\"https:\\\/\\\/redenoticiaz.com.br\\\/ribeiraopreto-regiao\\\/sp\\\/2023\\\/10\\\/01\\\/bolsa-atleta-atinge-recorde-de-7-451-beneficiados-em-2023\",\"url\":\"https:\\\/\\\/redenoticiaz.com.br\\\/ribeiraopreto-regiao\\\/sp\\\/2023\\\/10\\\/01\\\/bolsa-atleta-atinge-recorde-de-7-451-beneficiados-em-2023\",\"name\":\"Bolsa Atleta atinge recorde de 7.451 beneficiados em 2023 - Ribeir\u00e3o Preto e Regi\u00e3o\",\"isPartOf\":{\"@id\":\"https:\\\/\\\/redenoticiaz.com.br\\\/ribeiraopreto-regiao\\\/#website\"},\"primaryImageOfPage\":{\"@id\":\"https:\\\/\\\/redenoticiaz.com.br\\\/ribeiraopreto-regiao\\\/sp\\\/2023\\\/10\\\/01\\\/bolsa-atleta-atinge-recorde-de-7-451-beneficiados-em-2023#primaryimage\"},\"image\":{\"@id\":\"https:\\\/\\\/redenoticiaz.com.br\\\/ribeiraopreto-regiao\\\/sp\\\/2023\\\/10\\\/01\\\/bolsa-atleta-atinge-recorde-de-7-451-beneficiados-em-2023#primaryimage\"},\"thumbnailUrl\":\"https:\\\/\\\/redenoticiaz.com.br\\\/ribeiraopreto-regiao\\\/wp-content\\\/uploads\\\/sites\\\/4\\\/2023\\\/09\\\/jr_cerimonia_26-07-2019_00003198-1536x971-1.jpg?v=1626731056\",\"datePublished\":\"2023-10-01T11:00:49+00:00\",\"description\":\"O Minist\u00e9rio do Esporte divulgou, nesta quinta-feira (28), uma nova lista com 236 nomes de contemplados pelo programa Bolsa Atleta, do governo federal, em 2023.\",\"inLanguage\":\"pt-BR\",\"potentialAction\":[{\"@type\":\"ReadAction\",\"target\":[\"https:\\\/\\\/redenoticiaz.com.br\\\/ribeiraopreto-regiao\\\/sp\\\/2023\\\/10\\\/01\\\/bolsa-atleta-atinge-recorde-de-7-451-beneficiados-em-2023\"]}]},{\"@type\":\"ImageObject\",\"inLanguage\":\"pt-BR\",\"@id\":\"https:\\\/\\\/redenoticiaz.com.br\\\/ribeiraopreto-regiao\\\/sp\\\/2023\\\/10\\\/01\\\/bolsa-atleta-atinge-recorde-de-7-451-beneficiados-em-2023#primaryimage\",\"url\":\"https:\\\/\\\/redenoticiaz.com.br\\\/ribeiraopreto-regiao\\\/wp-content\\\/uploads\\\/sites\\\/4\\\/2023\\\/09\\\/jr_cerimonia_26-07-2019_00003198-1536x971-1.jpg?v=1626731056\",\"contentUrl\":\"https:\\\/\\\/redenoticiaz.com.br\\\/ribeiraopreto-regiao\\\/wp-content\\\/uploads\\\/sites\\\/4\\\/2023\\\/09\\\/jr_cerimonia_26-07-2019_00003198-1536x971-1.jpg?v=1626731056\",\"width\":1536,\"height\":971,\"caption\":\"Os esportes coletivos s\u00e3o as principais possiblidades do pa\u00eds de conquistar medalhas.\"},{\"@type\":\"WebSite\",\"@id\":\"https:\\\/\\\/redenoticiaz.com.br\\\/ribeiraopreto-regiao\\\/#website\",\"url\":\"https:\\\/\\\/redenoticiaz.com.br\\\/ribeiraopreto-regiao\\\/\",\"name\":\"Ribeir\u00e3o Preto e Regi\u00e3o\",\"description\":\"Rede NoticiaZ - Ribeir\u00e3o Preto e regi\u00e3o\",\"publisher\":{\"@id\":\"https:\\\/\\\/redenoticiaz.com.br\\\/ribeiraopreto-regiao\\\/#organization\"},\"potentialAction\":[{\"@type\":\"SearchAction\",\"target\":{\"@type\":\"EntryPoint\",\"urlTemplate\":\"https:\\\/\\\/redenoticiaz.com.br\\\/ribeiraopreto-regiao\\\/?s={search_term_string}\"},\"query-input\":{\"@type\":\"PropertyValueSpecification\",\"valueRequired\":true,\"valueName\":\"search_term_string\"}}],\"inLanguage\":\"pt-BR\"},{\"@type\":\"Organization\",\"@id\":\"https:\\\/\\\/redenoticiaz.com.br\\\/ribeiraopreto-regiao\\\/#organization\",\"name\":\"Ribeir\u00e3o Preto e Regi\u00e3o\",\"url\":\"https:\\\/\\\/redenoticiaz.com.br\\\/ribeiraopreto-regiao\\\/\",\"logo\":{\"@type\":\"ImageObject\",\"inLanguage\":\"pt-BR\",\"@id\":\"https:\\\/\\\/redenoticiaz.com.br\\\/ribeiraopreto-regiao\\\/#\\\/schema\\\/logo\\\/image\\\/\",\"url\":\"https:\\\/\\\/redenoticiaz.com.br\\\/barretos-regiao\\\/wp-content\\\/uploads\\\/sites\\\/4\\\/2022\\\/02\\\/logo.jpg\",\"contentUrl\":\"https:\\\/\\\/redenoticiaz.com.br\\\/barretos-regiao\\\/wp-content\\\/uploads\\\/sites\\\/4\\\/2022\\\/02\\\/logo.jpg\",\"width\":400,\"height\":250,\"caption\":\"Ribeir\u00e3o Preto e Regi\u00e3o\"},\"image\":{\"@id\":\"https:\\\/\\\/redenoticiaz.com.br\\\/ribeiraopreto-regiao\\\/#\\\/schema\\\/logo\\\/image\\\/\"},\"sameAs\":[\"https:\\\/\\\/m.facebook.com\\\/redenoticiaz.barretos\",\"https:\\\/\\\/x.com\\\/RN_barretos\",\"https:\\\/\\\/www.instagram.com\\\/redenoticiaz.barretos\\\/?igshid=YmMyMTA2M2Y\",\"https:\\\/\\\/www.linkedin.com\\\/company\\\/rede-noticiaz-barretos-e-regio\\\/\"]},{\"@type\":\"Person\",\"@id\":\"https:\\\/\\\/redenoticiaz.com.br\\\/ribeiraopreto-regiao\\\/#\\\/schema\\\/person\\\/16057b37a3c0ee6b096d7f887c566e2e\",\"name\":\"Gustavo Silva\",\"image\":{\"@type\":\"ImageObject\",\"inLanguage\":\"pt-BR\",\"@id\":\"https:\\\/\\\/secure.gravatar.com\\\/avatar\\\/3ee4e82f93b26de0a7cf4ea5eb7893da637ed6bb0c9170c58065944c56e28a33?s=96&d=mm&r=g\",\"url\":\"https:\\\/\\\/secure.gravatar.com\\\/avatar\\\/3ee4e82f93b26de0a7cf4ea5eb7893da637ed6bb0c9170c58065944c56e28a33?s=96&d=mm&r=g\",\"contentUrl\":\"https:\\\/\\\/secure.gravatar.com\\\/avatar\\\/3ee4e82f93b26de0a7cf4ea5eb7893da637ed6bb0c9170c58065944c56e28a33?s=96&d=mm&r=g\",\"caption\":\"Gustavo Silva\"},\"url\":\"https:\\\/\\\/redenoticiaz.com.br\\\/ribeiraopreto-regiao\\\/sp\\\/author\\\/gustavosilva\"}]}<\/script>\n<!-- \/ Yoast SEO plugin. -->","yoast_head_json":{"title":"Bolsa Atleta atinge recorde de 7.451 beneficiados em 2023 - Ribeir\u00e3o Preto e Regi\u00e3o","description":"O Minist\u00e9rio do Esporte divulgou, nesta quinta-feira (28), uma nova lista com 236 nomes de contemplados pelo programa Bolsa Atleta, do governo federal, em 2023.","robots":{"index":"index","follow":"follow","max-snippet":"max-snippet:-1","max-image-preview":"max-image-preview:large","max-video-preview":"max-video-preview:-1"},"canonical":"https:\/\/redenoticiaz.com.br\/ribeiraopreto-regiao\/sp\/2023\/10\/01\/bolsa-atleta-atinge-recorde-de-7-451-beneficiados-em-2023","og_locale":"pt_BR","og_type":"article","og_title":"Bolsa Atleta atinge recorde de 7.451 beneficiados em 2023 - Ribeir\u00e3o Preto e Regi\u00e3o","og_description":"O Minist\u00e9rio do Esporte divulgou, nesta quinta-feira (28), uma nova lista com 236 nomes de contemplados pelo programa Bolsa Atleta, do governo federal, em 2023.","og_url":"https:\/\/redenoticiaz.com.br\/ribeiraopreto-regiao\/sp\/2023\/10\/01\/bolsa-atleta-atinge-recorde-de-7-451-beneficiados-em-2023","og_site_name":"Ribeir\u00e3o Preto e Regi\u00e3o","article_publisher":"https:\/\/m.facebook.com\/redenoticiaz.barretos","article_published_time":"2023-10-01T11:00:49+00:00","og_image":[{"width":1536,"height":971,"url":"https:\/\/redenoticiaz.com.br\/ribeiraopreto-regiao\/wp-content\/uploads\/sites\/4\/2023\/09\/jr_cerimonia_26-07-2019_00003198-1536x971-1.jpg?v=1626731056","type":"image\/jpeg"}],"author":"Gustavo Silva","twitter_card":"summary_large_image","twitter_creator":"@RN_barretos","twitter_site":"@RN_barretos","twitter_misc":{"Escrito por":"Gustavo Silva","Est. tempo de leitura":"2 minutos"},"schema":{"@context":"https:\/\/schema.org","@graph":[{"@type":"Article","@id":"https:\/\/redenoticiaz.com.br\/ribeiraopreto-regiao\/sp\/2023\/10\/01\/bolsa-atleta-atinge-recorde-de-7-451-beneficiados-em-2023#article","isPartOf":{"@id":"https:\/\/redenoticiaz.com.br\/ribeiraopreto-regiao\/sp\/2023\/10\/01\/bolsa-atleta-atinge-recorde-de-7-451-beneficiados-em-2023"},"author":{"name":"Gustavo Silva","@id":"https:\/\/redenoticiaz.com.br\/ribeiraopreto-regiao\/#\/schema\/person\/16057b37a3c0ee6b096d7f887c566e2e"},"headline":"Bolsa Atleta atinge recorde de 7.451 beneficiados em 2023","datePublished":"2023-10-01T11:00:49+00:00","mainEntityOfPage":{"@id":"https:\/\/redenoticiaz.com.br\/ribeiraopreto-regiao\/sp\/2023\/10\/01\/bolsa-atleta-atinge-recorde-de-7-451-beneficiados-em-2023"},"wordCount":252,"commentCount":0,"publisher":{"@id":"https:\/\/redenoticiaz.com.br\/ribeiraopreto-regiao\/#organization"},"image":{"@id":"https:\/\/redenoticiaz.com.br\/ribeiraopreto-regiao\/sp\/2023\/10\/01\/bolsa-atleta-atinge-recorde-de-7-451-beneficiados-em-2023#primaryimage"},"thumbnailUrl":"https:\/\/redenoticiaz.com.br\/ribeiraopreto-regiao\/wp-content\/uploads\/sites\/4\/2023\/09\/jr_cerimonia_26-07-2019_00003198-1536x971-1.jpg?v=1626731056","keywords":["Andr\u00e9 Fufuca","Bolsa Atleta","contemplados","recorde"],"articleSection":["Direitos Humanos","Esporte"],"inLanguage":"pt-BR","potentialAction":[{"@type":"CommentAction","name":"Comment","target":["https:\/\/redenoticiaz.com.br\/ribeiraopreto-regiao\/sp\/2023\/10\/01\/bolsa-atleta-atinge-recorde-de-7-451-beneficiados-em-2023#respond"]}]},{"@type":"WebPage","@id":"https:\/\/redenoticiaz.com.br\/ribeiraopreto-regiao\/sp\/2023\/10\/01\/bolsa-atleta-atinge-recorde-de-7-451-beneficiados-em-2023","url":"https:\/\/redenoticiaz.com.br\/ribeiraopreto-regiao\/sp\/2023\/10\/01\/bolsa-atleta-atinge-recorde-de-7-451-beneficiados-em-2023","name":"Bolsa Atleta atinge recorde de 7.451 beneficiados em 2023 - Ribeir\u00e3o Preto e Regi\u00e3o","isPartOf":{"@id":"https:\/\/redenoticiaz.com.br\/ribeiraopreto-regiao\/#website"},"primaryImageOfPage":{"@id":"https:\/\/redenoticiaz.com.br\/ribeiraopreto-regiao\/sp\/2023\/10\/01\/bolsa-atleta-atinge-recorde-de-7-451-beneficiados-em-2023#primaryimage"},"image":{"@id":"https:\/\/redenoticiaz.com.br\/ribeiraopreto-regiao\/sp\/2023\/10\/01\/bolsa-atleta-atinge-recorde-de-7-451-beneficiados-em-2023#primaryimage"},"thumbnailUrl":"https:\/\/redenoticiaz.com.br\/ribeiraopreto-regiao\/wp-content\/uploads\/sites\/4\/2023\/09\/jr_cerimonia_26-07-2019_00003198-1536x971-1.jpg?v=1626731056","datePublished":"2023-10-01T11:00:49+00:00","description":"O Minist\u00e9rio do Esporte divulgou, nesta quinta-feira (28), uma nova lista com 236 nomes de contemplados pelo programa Bolsa Atleta, do governo federal, em 2023.","inLanguage":"pt-BR","potentialAction":[{"@type":"ReadAction","target":["https:\/\/redenoticiaz.com.br\/ribeiraopreto-regiao\/sp\/2023\/10\/01\/bolsa-atleta-atinge-recorde-de-7-451-beneficiados-em-2023"]}]},{"@type":"ImageObject","inLanguage":"pt-BR","@id":"https:\/\/redenoticiaz.com.br\/ribeiraopreto-regiao\/sp\/2023\/10\/01\/bolsa-atleta-atinge-recorde-de-7-451-beneficiados-em-2023#primaryimage","url":"https:\/\/redenoticiaz.com.br\/ribeiraopreto-regiao\/wp-content\/uploads\/sites\/4\/2023\/09\/jr_cerimonia_26-07-2019_00003198-1536x971-1.jpg?v=1626731056","contentUrl":"https:\/\/redenoticiaz.com.br\/ribeiraopreto-regiao\/wp-content\/uploads\/sites\/4\/2023\/09\/jr_cerimonia_26-07-2019_00003198-1536x971-1.jpg?v=1626731056","width":1536,"height":971,"caption":"Os esportes coletivos s\u00e3o as principais possiblidades do pa\u00eds de conquistar medalhas."},{"@type":"WebSite","@id":"https:\/\/redenoticiaz.com.br\/ribeiraopreto-regiao\/#website","url":"https:\/\/redenoticiaz.com.br\/ribeiraopreto-regiao\/","name":"Ribeir\u00e3o Preto e Regi\u00e3o","description":"Rede NoticiaZ - Ribeir\u00e3o Preto e regi\u00e3o","publisher":{"@id":"https:\/\/redenoticiaz.com.br\/ribeiraopreto-regiao\/#organization"},"potentialAction":[{"@type":"SearchAction","target":{"@type":"EntryPoint","urlTemplate":"https:\/\/redenoticiaz.com.br\/ribeiraopreto-regiao\/?s={search_term_string}"},"query-input":{"@type":"PropertyValueSpecification","valueRequired":true,"valueName":"search_term_string"}}],"inLanguage":"pt-BR"},{"@type":"Organization","@id":"https:\/\/redenoticiaz.com.br\/ribeiraopreto-regiao\/#organization","name":"Ribeir\u00e3o Preto e Regi\u00e3o","url":"https:\/\/redenoticiaz.com.br\/ribeiraopreto-regiao\/","logo":{"@type":"ImageObject","inLanguage":"pt-BR","@id":"https:\/\/redenoticiaz.com.br\/ribeiraopreto-regiao\/#\/schema\/logo\/image\/","url":"https:\/\/redenoticiaz.com.br\/barretos-regiao\/wp-content\/uploads\/sites\/4\/2022\/02\/logo.jpg","contentUrl":"https:\/\/redenoticiaz.com.br\/barretos-regiao\/wp-content\/uploads\/sites\/4\/2022\/02\/logo.jpg","width":400,"height":250,"caption":"Ribeir\u00e3o Preto e Regi\u00e3o"},"image":{"@id":"https:\/\/redenoticiaz.com.br\/ribeiraopreto-regiao\/#\/schema\/logo\/image\/"},"sameAs":["https:\/\/m.facebook.com\/redenoticiaz.barretos","https:\/\/x.com\/RN_barretos","https:\/\/www.instagram.com\/redenoticiaz.barretos\/?igshid=YmMyMTA2M2Y","https:\/\/www.linkedin.com\/company\/rede-noticiaz-barretos-e-regio\/"]},{"@type":"Person","@id":"https:\/\/redenoticiaz.com.br\/ribeiraopreto-regiao\/#\/schema\/person\/16057b37a3c0ee6b096d7f887c566e2e","name":"Gustavo Silva","image":{"@type":"ImageObject","inLanguage":"pt-BR","@id":"https:\/\/secure.gravatar.com\/avatar\/3ee4e82f93b26de0a7cf4ea5eb7893da637ed6bb0c9170c58065944c56e28a33?s=96&d=mm&r=g","url":"https:\/\/secure.gravatar.com\/avatar\/3ee4e82f93b26de0a7cf4ea5eb7893da637ed6bb0c9170c58065944c56e28a33?s=96&d=mm&r=g","contentUrl":"https:\/\/secure.gravatar.com\/avatar\/3ee4e82f93b26de0a7cf4ea5eb7893da637ed6bb0c9170c58065944c56e28a33?s=96&d=mm&r=g","caption":"Gustavo Silva"},"url":"https:\/\/redenoticiaz.com.br\/ribeiraopreto-regiao\/sp\/author\/gustavosilva"}]}},"_links":{"self":[{"href":"https:\/\/redenoticiaz.com.br\/ribeiraopreto-regiao\/wp-json\/wp\/v2\/posts\/111258","targetHints":{"allow":["GET"]}}],"collection":[{"href":"https:\/\/redenoticiaz.com.br\/ribeiraopreto-regiao\/wp-json\/wp\/v2\/posts"}],"about":[{"href":"https:\/\/redenoticiaz.com.br\/ribeiraopreto-regiao\/wp-json\/wp\/v2\/types\/post"}],"author":[{"embeddable":true,"href":"https:\/\/redenoticiaz.com.br\/ribeiraopreto-regiao\/wp-json\/wp\/v2\/users\/12"}],"replies":[{"embeddable":true,"href":"https:\/\/redenoticiaz.com.br\/ribeiraopreto-regiao\/wp-json\/wp\/v2\/comments?post=111258"}],"version-history":[{"count":0,"href":"https:\/\/redenoticiaz.com.br\/ribeiraopreto-regiao\/wp-json\/wp\/v2\/posts\/111258\/revisions"}],"wp:featuredmedia":[{"embeddable":true,"href":"https:\/\/redenoticiaz.com.br\/ribeiraopreto-regiao\/wp-json\/wp\/v2\/media\/111259"}],"wp:attachment":[{"href":"https:\/\/redenoticiaz.com.br\/ribeiraopreto-regiao\/wp-json\/wp\/v2\/media?parent=111258"}],"wp:term":[{"taxonomy":"category","embeddable":true,"href":"https:\/\/redenoticiaz.com.br\/ribeiraopreto-regiao\/wp-json\/wp\/v2\/categories?post=111258"},{"taxonomy":"post_tag","embeddable":true,"href":"https:\/\/redenoticiaz.com.br\/ribeiraopreto-regiao\/wp-json\/wp\/v2\/tags?post=111258"}],"curies":[{"name":"wp","href":"https:\/\/api.w.org\/{rel}","templated":true}]}}