{"id":111558,"date":"2023-10-11T13:27:34","date_gmt":"2023-10-11T16:27:34","guid":{"rendered":"https:\/\/redenoticiaz.com.br\/barretos-regiao\/?p=111558"},"modified":"2023-10-11T13:27:34","modified_gmt":"2023-10-11T16:27:34","slug":"caomiada-no-parque-maraca","status":"publish","type":"post","link":"https:\/\/redenoticiaz.com.br\/ribeiraopreto-regiao\/sp\/2023\/10\/11\/caomiada-no-parque-maraca","title":{"rendered":"C\u00e3oMiada no Parque Marac\u00e1"},"content":{"rendered":"<p>No dia 12 de outubro, a cidade de Gua\u00edra ter\u00e1 a terceira edi\u00e7\u00e3o da C\u00e3oMiada, um evento que tem como objetivo a conscientiza\u00e7\u00e3o da comunidade sobre a import\u00e2ncia do cuidado e respeito aos animais e a arrecada\u00e7\u00e3o de ra\u00e7\u00f5es para os animais abandonados acolhidos pelos protetores da cidade.<\/p>\n<p>A concentra\u00e7\u00e3o do evento ocorrer\u00e1 a partir das 8h, em frente ao Pa\u00e7o Municipal Messias C\u00e2ndido Faleiros, na Avenida Gabriel Garcia Leal n\u00b0676. Os participantes ir\u00e3o percorrer uma caminhada pelo entorno do Parque Waldemar Chubaci (Parque Marac\u00e1) at\u00e9 a Pista de Atletismo &#8220;Reynaldo Modes Stein&#8221;.<\/p>\n<p>Ao chegar, os participantes poder\u00e3o desfrutar de uma programa\u00e7\u00e3o completa, que incluir\u00e1 apresenta\u00e7\u00e3o do adestrador Dino, palestra sobre conscientiza\u00e7\u00e3o e cuidados com os animais, sorteios de brindes, brinquedos e distribui\u00e7\u00e3o de pipoca, algod\u00e3o doce e picol\u00e9s para as crian\u00e7as.<\/p>\n<p>Para participar do sorteio, os interessados dever\u00e3o doar um quilo de ra\u00e7\u00e3o (ou mais) donativos que ser\u00e3o, posteriormente, entregues \u00e0s protetoras participantes.<\/p>\n<p>Al\u00e9m disso, j\u00e1 est\u00e3o sendo comercializadas as camisetas da C\u00e3oMiada, da qual podem ser adquiridas com as protetoras dos animais colaboradoras e participantes do evento ao custo de R$ 50 cada. Toda a renda arrecadada com a venda das camisetas ser\u00e1 revertida em sacos de ra\u00e7\u00e3o.<\/p>\n<h3>PROGRAMA\u00c7\u00c3O<\/h3>\n<p>08h &#8211;<br \/>\nConcentra\u00e7\u00e3o em frente ao Pa\u00e7o Municipal (Prefeitura);<\/p>\n<p>09h &#8211; Sa\u00edda,<br \/>\ncaminhada at\u00e9 o Parque Marac\u00e1 (em frente \u00e0 Pista de Atletismo);<\/p>\n<p>09h30 \u2013 Chegada,<br \/>\ncom distribui\u00e7\u00e3o pipoca, algod\u00e3o doce e picol\u00e9s e tamb\u00e9m brinquedos para as<br \/>\ncrian\u00e7as;<\/p>\n<p>09h40 &#8211;<br \/>\nApresenta\u00e7\u00e3o do adestrador Dino\/Palestra Conscientiza\u00e7\u00e3o sobre o abandono de<br \/>\nanimais;<\/p>\n<p>10h30 &#8211; Sorteio<br \/>\nde brindes;<\/p>\n<p>11h30 \u2013<br \/>\nEncerramento.<\/p>\n<p>TR\u00c2NSITO<br \/>\nINTERDITADO<\/p>\n<p>Para evitar congestionamentos e garantir a seguran\u00e7a de todos os participantes, durante o evento, haver\u00e1 interdi\u00e7\u00e3o de algumas vias pr\u00f3ximas ao trajeto da caminhada.<\/p>\n<p>Com in\u00edcio \u00e0s 8h, o evento ter\u00e1 as vias fechadas no entorno do Parque, por isso \u00e9 fundamental que os condutores fiquem atentos \u00e0s sinaliza\u00e7\u00f5es e orienta\u00e7\u00f5es dos agentes de tr\u00e2nsito durante o percurso.<\/p>\n<p>Os pontos interditados s\u00e3o:<\/p>\n<p>Rua 10 (sentido<br \/>\nEMEF profa-Vicencina Aparecida Vaccaro Morsoleto)<\/p>\n<p>Av: Gabriel<br \/>\nGarcia Leal (sentido Pa\u00e7o Municipal)<\/p>\n<p>Av: 25 com Av:<br \/>\nAc\u00e1cia Guairense<\/p>\n<p>Av: 31 com Av:<br \/>\nAc\u00e1cia Guairense<\/p>\n<p>Av: 35 com Av:<br \/>\nAc\u00e1cia Guairense<\/p>\n<p>Rua 10 com Av:<br \/>\n33 (Pra\u00e7a do Cruzeiro)<\/p>\n<p>Av: Gabriel<br \/>\nGarcia Leal com Av: Neca Santana<\/p>\n<p>LEIA MAIS<\/p>\n<p><a href=\"https:\/\/redenoticiaz.com.br\/barretos-regiao\/sp\/2023\/10\/10\/prefeitura-adquire-novos-equipamentos-para-atividades-esportivas\">Prefeitura adquire novos equipamentos para atividades esportivas<\/a><\/p>\n<p><a href=\"https:\/\/redenoticiaz.com.br\/barretos-regiao\/sp\/2023\/10\/10\/gcm-detem-traficante-no-jardim-aeroporto\">GCM det\u00e9m traficante no Jardim Aeroporto<\/a><\/p>\n","protected":false},"excerpt":{"rendered":"<p>No dia 12 de outubro, a cidade de Gua\u00edra ter\u00e1 a terceira edi\u00e7\u00e3o da C\u00e3oMiada, um evento que tem como objetivo a conscientiza\u00e7\u00e3o da comunidade sobre a import\u00e2ncia do cuidado e respeito aos animais e a arrecada\u00e7\u00e3o de ra\u00e7\u00f5es para os animais abandonados acolhidos pelos protetores da cidade. A concentra\u00e7\u00e3o do evento ocorrer\u00e1 a partir &hellip;<\/p>\n","protected":false},"author":30,"featured_media":111559,"comment_status":"open","ping_status":"closed","sticky":false,"template":"","format":"standard","meta":{"footnotes":""},"categories":[134,87],"tags":[29174,3174,29173],"class_list":["post-111558","post","type-post","status-publish","format-standard","has-post-thumbnail","hentry","category-entretenimento","category-esporte","tag-caomiada","tag-guaira","tag-parque-macara"],"yoast_head":"<!-- This site is optimized with the Yoast SEO plugin v27.4 - https:\/\/yoast.com\/product\/yoast-seo-wordpress\/ -->\n<title>C\u00e3oMiada no Parque Marac\u00e1 - Ribeir\u00e3o Preto e Regi\u00e3o<\/title>\n<meta name=\"description\" content=\"Gua\u00edra ter\u00e1 a terceira edi\u00e7\u00e3o da C\u00e3oMiada. O visa a conscientiza\u00e7\u00e3o da comunidade sobre a import\u00e2ncia do cuidado e respeito aos animais.\" \/>\n<meta name=\"robots\" content=\"index, follow, max-snippet:-1, max-image-preview:large, max-video-preview:-1\" \/>\n<link rel=\"canonical\" href=\"https:\/\/redenoticiaz.com.br\/ribeiraopreto-regiao\/sp\/2023\/10\/11\/caomiada-no-parque-maraca\" \/>\n<meta property=\"og:locale\" content=\"pt_BR\" \/>\n<meta property=\"og:type\" content=\"article\" \/>\n<meta property=\"og:title\" content=\"C\u00e3oMiada no Parque Marac\u00e1 - Ribeir\u00e3o Preto e Regi\u00e3o\" \/>\n<meta property=\"og:description\" content=\"Gua\u00edra ter\u00e1 a terceira edi\u00e7\u00e3o da C\u00e3oMiada. O visa a conscientiza\u00e7\u00e3o da comunidade sobre a import\u00e2ncia do cuidado e respeito aos animais.\" \/>\n<meta property=\"og:url\" content=\"https:\/\/redenoticiaz.com.br\/ribeiraopreto-regiao\/sp\/2023\/10\/11\/caomiada-no-parque-maraca\" \/>\n<meta property=\"og:site_name\" content=\"Ribeir\u00e3o Preto e Regi\u00e3o\" \/>\n<meta property=\"article:publisher\" content=\"https:\/\/m.facebook.com\/redenoticiaz.barretos\" \/>\n<meta property=\"article:published_time\" content=\"2023-10-11T16:27:34+00:00\" \/>\n<meta property=\"og:image\" content=\"https:\/\/redenoticiaz.com.br\/ribeiraopreto-regiao\/wp-content\/uploads\/sites\/4\/2023\/10\/19_logo-caomiada.jpg\" \/>\n\t<meta property=\"og:image:width\" content=\"1920\" \/>\n\t<meta property=\"og:image:height\" content=\"869\" \/>\n\t<meta property=\"og:image:type\" content=\"image\/jpeg\" \/>\n<meta name=\"author\" content=\"Carina Reifonas\" \/>\n<meta name=\"twitter:card\" content=\"summary_large_image\" \/>\n<meta name=\"twitter:creator\" content=\"@RN_barretos\" \/>\n<meta name=\"twitter:site\" content=\"@RN_barretos\" \/>\n<meta name=\"twitter:label1\" content=\"Escrito por\" \/>\n\t<meta name=\"twitter:data1\" content=\"Carina Reifonas\" \/>\n\t<meta name=\"twitter:label2\" content=\"Est. tempo de leitura\" \/>\n\t<meta name=\"twitter:data2\" content=\"3 minutos\" \/>\n<script type=\"application\/ld+json\" class=\"yoast-schema-graph\">{\"@context\":\"https:\\\/\\\/schema.org\",\"@graph\":[{\"@type\":\"Article\",\"@id\":\"https:\\\/\\\/redenoticiaz.com.br\\\/ribeiraopreto-regiao\\\/sp\\\/2023\\\/10\\\/11\\\/caomiada-no-parque-maraca#article\",\"isPartOf\":{\"@id\":\"https:\\\/\\\/redenoticiaz.com.br\\\/ribeiraopreto-regiao\\\/sp\\\/2023\\\/10\\\/11\\\/caomiada-no-parque-maraca\"},\"author\":{\"name\":\"Carina Reifonas\",\"@id\":\"https:\\\/\\\/redenoticiaz.com.br\\\/ribeiraopreto-regiao\\\/#\\\/schema\\\/person\\\/1f84d6e94e6a62d2d81199d7503e9e90\"},\"headline\":\"C\u00e3oMiada no Parque Marac\u00e1\",\"datePublished\":\"2023-10-11T16:27:34+00:00\",\"mainEntityOfPage\":{\"@id\":\"https:\\\/\\\/redenoticiaz.com.br\\\/ribeiraopreto-regiao\\\/sp\\\/2023\\\/10\\\/11\\\/caomiada-no-parque-maraca\"},\"wordCount\":434,\"commentCount\":0,\"publisher\":{\"@id\":\"https:\\\/\\\/redenoticiaz.com.br\\\/ribeiraopreto-regiao\\\/#organization\"},\"image\":{\"@id\":\"https:\\\/\\\/redenoticiaz.com.br\\\/ribeiraopreto-regiao\\\/sp\\\/2023\\\/10\\\/11\\\/caomiada-no-parque-maraca#primaryimage\"},\"thumbnailUrl\":\"https:\\\/\\\/redenoticiaz.com.br\\\/ribeiraopreto-regiao\\\/wp-content\\\/uploads\\\/sites\\\/4\\\/2023\\\/10\\\/19_logo-caomiada.jpg\",\"keywords\":[\"C\u00e3omiada\",\"GUA\u00cdRA\",\"Parque Macar\u00e1\"],\"articleSection\":[\"Entretenimento\",\"Esporte\"],\"inLanguage\":\"pt-BR\",\"potentialAction\":[{\"@type\":\"CommentAction\",\"name\":\"Comment\",\"target\":[\"https:\\\/\\\/redenoticiaz.com.br\\\/ribeiraopreto-regiao\\\/sp\\\/2023\\\/10\\\/11\\\/caomiada-no-parque-maraca#respond\"]}]},{\"@type\":\"WebPage\",\"@id\":\"https:\\\/\\\/redenoticiaz.com.br\\\/ribeiraopreto-regiao\\\/sp\\\/2023\\\/10\\\/11\\\/caomiada-no-parque-maraca\",\"url\":\"https:\\\/\\\/redenoticiaz.com.br\\\/ribeiraopreto-regiao\\\/sp\\\/2023\\\/10\\\/11\\\/caomiada-no-parque-maraca\",\"name\":\"C\u00e3oMiada no Parque Marac\u00e1 - Ribeir\u00e3o Preto e Regi\u00e3o\",\"isPartOf\":{\"@id\":\"https:\\\/\\\/redenoticiaz.com.br\\\/ribeiraopreto-regiao\\\/#website\"},\"primaryImageOfPage\":{\"@id\":\"https:\\\/\\\/redenoticiaz.com.br\\\/ribeiraopreto-regiao\\\/sp\\\/2023\\\/10\\\/11\\\/caomiada-no-parque-maraca#primaryimage\"},\"image\":{\"@id\":\"https:\\\/\\\/redenoticiaz.com.br\\\/ribeiraopreto-regiao\\\/sp\\\/2023\\\/10\\\/11\\\/caomiada-no-parque-maraca#primaryimage\"},\"thumbnailUrl\":\"https:\\\/\\\/redenoticiaz.com.br\\\/ribeiraopreto-regiao\\\/wp-content\\\/uploads\\\/sites\\\/4\\\/2023\\\/10\\\/19_logo-caomiada.jpg\",\"datePublished\":\"2023-10-11T16:27:34+00:00\",\"description\":\"Gua\u00edra ter\u00e1 a terceira edi\u00e7\u00e3o da C\u00e3oMiada. O visa a conscientiza\u00e7\u00e3o da comunidade sobre a import\u00e2ncia do cuidado e respeito aos animais.\",\"inLanguage\":\"pt-BR\",\"potentialAction\":[{\"@type\":\"ReadAction\",\"target\":[\"https:\\\/\\\/redenoticiaz.com.br\\\/ribeiraopreto-regiao\\\/sp\\\/2023\\\/10\\\/11\\\/caomiada-no-parque-maraca\"]}]},{\"@type\":\"ImageObject\",\"inLanguage\":\"pt-BR\",\"@id\":\"https:\\\/\\\/redenoticiaz.com.br\\\/ribeiraopreto-regiao\\\/sp\\\/2023\\\/10\\\/11\\\/caomiada-no-parque-maraca#primaryimage\",\"url\":\"https:\\\/\\\/redenoticiaz.com.br\\\/ribeiraopreto-regiao\\\/wp-content\\\/uploads\\\/sites\\\/4\\\/2023\\\/10\\\/19_logo-caomiada.jpg\",\"contentUrl\":\"https:\\\/\\\/redenoticiaz.com.br\\\/ribeiraopreto-regiao\\\/wp-content\\\/uploads\\\/sites\\\/4\\\/2023\\\/10\\\/19_logo-caomiada.jpg\",\"width\":1920,\"height\":869},{\"@type\":\"WebSite\",\"@id\":\"https:\\\/\\\/redenoticiaz.com.br\\\/ribeiraopreto-regiao\\\/#website\",\"url\":\"https:\\\/\\\/redenoticiaz.com.br\\\/ribeiraopreto-regiao\\\/\",\"name\":\"Ribeir\u00e3o Preto e Regi\u00e3o\",\"description\":\"Rede NoticiaZ - Ribeir\u00e3o Preto e regi\u00e3o\",\"publisher\":{\"@id\":\"https:\\\/\\\/redenoticiaz.com.br\\\/ribeiraopreto-regiao\\\/#organization\"},\"potentialAction\":[{\"@type\":\"SearchAction\",\"target\":{\"@type\":\"EntryPoint\",\"urlTemplate\":\"https:\\\/\\\/redenoticiaz.com.br\\\/ribeiraopreto-regiao\\\/?s={search_term_string}\"},\"query-input\":{\"@type\":\"PropertyValueSpecification\",\"valueRequired\":true,\"valueName\":\"search_term_string\"}}],\"inLanguage\":\"pt-BR\"},{\"@type\":\"Organization\",\"@id\":\"https:\\\/\\\/redenoticiaz.com.br\\\/ribeiraopreto-regiao\\\/#organization\",\"name\":\"Ribeir\u00e3o Preto e Regi\u00e3o\",\"url\":\"https:\\\/\\\/redenoticiaz.com.br\\\/ribeiraopreto-regiao\\\/\",\"logo\":{\"@type\":\"ImageObject\",\"inLanguage\":\"pt-BR\",\"@id\":\"https:\\\/\\\/redenoticiaz.com.br\\\/ribeiraopreto-regiao\\\/#\\\/schema\\\/logo\\\/image\\\/\",\"url\":\"https:\\\/\\\/redenoticiaz.com.br\\\/barretos-regiao\\\/wp-content\\\/uploads\\\/sites\\\/4\\\/2022\\\/02\\\/logo.jpg\",\"contentUrl\":\"https:\\\/\\\/redenoticiaz.com.br\\\/barretos-regiao\\\/wp-content\\\/uploads\\\/sites\\\/4\\\/2022\\\/02\\\/logo.jpg\",\"width\":400,\"height\":250,\"caption\":\"Ribeir\u00e3o Preto e Regi\u00e3o\"},\"image\":{\"@id\":\"https:\\\/\\\/redenoticiaz.com.br\\\/ribeiraopreto-regiao\\\/#\\\/schema\\\/logo\\\/image\\\/\"},\"sameAs\":[\"https:\\\/\\\/m.facebook.com\\\/redenoticiaz.barretos\",\"https:\\\/\\\/x.com\\\/RN_barretos\",\"https:\\\/\\\/www.instagram.com\\\/redenoticiaz.barretos\\\/?igshid=YmMyMTA2M2Y\",\"https:\\\/\\\/www.linkedin.com\\\/company\\\/rede-noticiaz-barretos-e-regio\\\/\"]},{\"@type\":\"Person\",\"@id\":\"https:\\\/\\\/redenoticiaz.com.br\\\/ribeiraopreto-regiao\\\/#\\\/schema\\\/person\\\/1f84d6e94e6a62d2d81199d7503e9e90\",\"name\":\"Carina Reifonas\",\"image\":{\"@type\":\"ImageObject\",\"inLanguage\":\"pt-BR\",\"@id\":\"https:\\\/\\\/secure.gravatar.com\\\/avatar\\\/04c59859b23696cf867715880f81d5c037e60109730bdb4e6670ec2a2245bc97?s=96&d=mm&r=g\",\"url\":\"https:\\\/\\\/secure.gravatar.com\\\/avatar\\\/04c59859b23696cf867715880f81d5c037e60109730bdb4e6670ec2a2245bc97?s=96&d=mm&r=g\",\"contentUrl\":\"https:\\\/\\\/secure.gravatar.com\\\/avatar\\\/04c59859b23696cf867715880f81d5c037e60109730bdb4e6670ec2a2245bc97?s=96&d=mm&r=g\",\"caption\":\"Carina Reifonas\"},\"url\":\"https:\\\/\\\/redenoticiaz.com.br\\\/ribeiraopreto-regiao\\\/sp\\\/author\\\/carinareifonas\"}]}<\/script>\n<!-- \/ Yoast SEO plugin. -->","yoast_head_json":{"title":"C\u00e3oMiada no Parque Marac\u00e1 - Ribeir\u00e3o Preto e Regi\u00e3o","description":"Gua\u00edra ter\u00e1 a terceira edi\u00e7\u00e3o da C\u00e3oMiada. O visa a conscientiza\u00e7\u00e3o da comunidade sobre a import\u00e2ncia do cuidado e respeito aos animais.","robots":{"index":"index","follow":"follow","max-snippet":"max-snippet:-1","max-image-preview":"max-image-preview:large","max-video-preview":"max-video-preview:-1"},"canonical":"https:\/\/redenoticiaz.com.br\/ribeiraopreto-regiao\/sp\/2023\/10\/11\/caomiada-no-parque-maraca","og_locale":"pt_BR","og_type":"article","og_title":"C\u00e3oMiada no Parque Marac\u00e1 - Ribeir\u00e3o Preto e Regi\u00e3o","og_description":"Gua\u00edra ter\u00e1 a terceira edi\u00e7\u00e3o da C\u00e3oMiada. O visa a conscientiza\u00e7\u00e3o da comunidade sobre a import\u00e2ncia do cuidado e respeito aos animais.","og_url":"https:\/\/redenoticiaz.com.br\/ribeiraopreto-regiao\/sp\/2023\/10\/11\/caomiada-no-parque-maraca","og_site_name":"Ribeir\u00e3o Preto e Regi\u00e3o","article_publisher":"https:\/\/m.facebook.com\/redenoticiaz.barretos","article_published_time":"2023-10-11T16:27:34+00:00","og_image":[{"width":1920,"height":869,"url":"https:\/\/redenoticiaz.com.br\/ribeiraopreto-regiao\/wp-content\/uploads\/sites\/4\/2023\/10\/19_logo-caomiada.jpg","type":"image\/jpeg"}],"author":"Carina Reifonas","twitter_card":"summary_large_image","twitter_creator":"@RN_barretos","twitter_site":"@RN_barretos","twitter_misc":{"Escrito por":"Carina Reifonas","Est. tempo de leitura":"3 minutos"},"schema":{"@context":"https:\/\/schema.org","@graph":[{"@type":"Article","@id":"https:\/\/redenoticiaz.com.br\/ribeiraopreto-regiao\/sp\/2023\/10\/11\/caomiada-no-parque-maraca#article","isPartOf":{"@id":"https:\/\/redenoticiaz.com.br\/ribeiraopreto-regiao\/sp\/2023\/10\/11\/caomiada-no-parque-maraca"},"author":{"name":"Carina Reifonas","@id":"https:\/\/redenoticiaz.com.br\/ribeiraopreto-regiao\/#\/schema\/person\/1f84d6e94e6a62d2d81199d7503e9e90"},"headline":"C\u00e3oMiada no Parque Marac\u00e1","datePublished":"2023-10-11T16:27:34+00:00","mainEntityOfPage":{"@id":"https:\/\/redenoticiaz.com.br\/ribeiraopreto-regiao\/sp\/2023\/10\/11\/caomiada-no-parque-maraca"},"wordCount":434,"commentCount":0,"publisher":{"@id":"https:\/\/redenoticiaz.com.br\/ribeiraopreto-regiao\/#organization"},"image":{"@id":"https:\/\/redenoticiaz.com.br\/ribeiraopreto-regiao\/sp\/2023\/10\/11\/caomiada-no-parque-maraca#primaryimage"},"thumbnailUrl":"https:\/\/redenoticiaz.com.br\/ribeiraopreto-regiao\/wp-content\/uploads\/sites\/4\/2023\/10\/19_logo-caomiada.jpg","keywords":["C\u00e3omiada","GUA\u00cdRA","Parque Macar\u00e1"],"articleSection":["Entretenimento","Esporte"],"inLanguage":"pt-BR","potentialAction":[{"@type":"CommentAction","name":"Comment","target":["https:\/\/redenoticiaz.com.br\/ribeiraopreto-regiao\/sp\/2023\/10\/11\/caomiada-no-parque-maraca#respond"]}]},{"@type":"WebPage","@id":"https:\/\/redenoticiaz.com.br\/ribeiraopreto-regiao\/sp\/2023\/10\/11\/caomiada-no-parque-maraca","url":"https:\/\/redenoticiaz.com.br\/ribeiraopreto-regiao\/sp\/2023\/10\/11\/caomiada-no-parque-maraca","name":"C\u00e3oMiada no Parque Marac\u00e1 - Ribeir\u00e3o Preto e Regi\u00e3o","isPartOf":{"@id":"https:\/\/redenoticiaz.com.br\/ribeiraopreto-regiao\/#website"},"primaryImageOfPage":{"@id":"https:\/\/redenoticiaz.com.br\/ribeiraopreto-regiao\/sp\/2023\/10\/11\/caomiada-no-parque-maraca#primaryimage"},"image":{"@id":"https:\/\/redenoticiaz.com.br\/ribeiraopreto-regiao\/sp\/2023\/10\/11\/caomiada-no-parque-maraca#primaryimage"},"thumbnailUrl":"https:\/\/redenoticiaz.com.br\/ribeiraopreto-regiao\/wp-content\/uploads\/sites\/4\/2023\/10\/19_logo-caomiada.jpg","datePublished":"2023-10-11T16:27:34+00:00","description":"Gua\u00edra ter\u00e1 a terceira edi\u00e7\u00e3o da C\u00e3oMiada. O visa a conscientiza\u00e7\u00e3o da comunidade sobre a import\u00e2ncia do cuidado e respeito aos animais.","inLanguage":"pt-BR","potentialAction":[{"@type":"ReadAction","target":["https:\/\/redenoticiaz.com.br\/ribeiraopreto-regiao\/sp\/2023\/10\/11\/caomiada-no-parque-maraca"]}]},{"@type":"ImageObject","inLanguage":"pt-BR","@id":"https:\/\/redenoticiaz.com.br\/ribeiraopreto-regiao\/sp\/2023\/10\/11\/caomiada-no-parque-maraca#primaryimage","url":"https:\/\/redenoticiaz.com.br\/ribeiraopreto-regiao\/wp-content\/uploads\/sites\/4\/2023\/10\/19_logo-caomiada.jpg","contentUrl":"https:\/\/redenoticiaz.com.br\/ribeiraopreto-regiao\/wp-content\/uploads\/sites\/4\/2023\/10\/19_logo-caomiada.jpg","width":1920,"height":869},{"@type":"WebSite","@id":"https:\/\/redenoticiaz.com.br\/ribeiraopreto-regiao\/#website","url":"https:\/\/redenoticiaz.com.br\/ribeiraopreto-regiao\/","name":"Ribeir\u00e3o Preto e Regi\u00e3o","description":"Rede NoticiaZ - Ribeir\u00e3o Preto e regi\u00e3o","publisher":{"@id":"https:\/\/redenoticiaz.com.br\/ribeiraopreto-regiao\/#organization"},"potentialAction":[{"@type":"SearchAction","target":{"@type":"EntryPoint","urlTemplate":"https:\/\/redenoticiaz.com.br\/ribeiraopreto-regiao\/?s={search_term_string}"},"query-input":{"@type":"PropertyValueSpecification","valueRequired":true,"valueName":"search_term_string"}}],"inLanguage":"pt-BR"},{"@type":"Organization","@id":"https:\/\/redenoticiaz.com.br\/ribeiraopreto-regiao\/#organization","name":"Ribeir\u00e3o Preto e Regi\u00e3o","url":"https:\/\/redenoticiaz.com.br\/ribeiraopreto-regiao\/","logo":{"@type":"ImageObject","inLanguage":"pt-BR","@id":"https:\/\/redenoticiaz.com.br\/ribeiraopreto-regiao\/#\/schema\/logo\/image\/","url":"https:\/\/redenoticiaz.com.br\/barretos-regiao\/wp-content\/uploads\/sites\/4\/2022\/02\/logo.jpg","contentUrl":"https:\/\/redenoticiaz.com.br\/barretos-regiao\/wp-content\/uploads\/sites\/4\/2022\/02\/logo.jpg","width":400,"height":250,"caption":"Ribeir\u00e3o Preto e Regi\u00e3o"},"image":{"@id":"https:\/\/redenoticiaz.com.br\/ribeiraopreto-regiao\/#\/schema\/logo\/image\/"},"sameAs":["https:\/\/m.facebook.com\/redenoticiaz.barretos","https:\/\/x.com\/RN_barretos","https:\/\/www.instagram.com\/redenoticiaz.barretos\/?igshid=YmMyMTA2M2Y","https:\/\/www.linkedin.com\/company\/rede-noticiaz-barretos-e-regio\/"]},{"@type":"Person","@id":"https:\/\/redenoticiaz.com.br\/ribeiraopreto-regiao\/#\/schema\/person\/1f84d6e94e6a62d2d81199d7503e9e90","name":"Carina Reifonas","image":{"@type":"ImageObject","inLanguage":"pt-BR","@id":"https:\/\/secure.gravatar.com\/avatar\/04c59859b23696cf867715880f81d5c037e60109730bdb4e6670ec2a2245bc97?s=96&d=mm&r=g","url":"https:\/\/secure.gravatar.com\/avatar\/04c59859b23696cf867715880f81d5c037e60109730bdb4e6670ec2a2245bc97?s=96&d=mm&r=g","contentUrl":"https:\/\/secure.gravatar.com\/avatar\/04c59859b23696cf867715880f81d5c037e60109730bdb4e6670ec2a2245bc97?s=96&d=mm&r=g","caption":"Carina Reifonas"},"url":"https:\/\/redenoticiaz.com.br\/ribeiraopreto-regiao\/sp\/author\/carinareifonas"}]}},"_links":{"self":[{"href":"https:\/\/redenoticiaz.com.br\/ribeiraopreto-regiao\/wp-json\/wp\/v2\/posts\/111558","targetHints":{"allow":["GET"]}}],"collection":[{"href":"https:\/\/redenoticiaz.com.br\/ribeiraopreto-regiao\/wp-json\/wp\/v2\/posts"}],"about":[{"href":"https:\/\/redenoticiaz.com.br\/ribeiraopreto-regiao\/wp-json\/wp\/v2\/types\/post"}],"author":[{"embeddable":true,"href":"https:\/\/redenoticiaz.com.br\/ribeiraopreto-regiao\/wp-json\/wp\/v2\/users\/30"}],"replies":[{"embeddable":true,"href":"https:\/\/redenoticiaz.com.br\/ribeiraopreto-regiao\/wp-json\/wp\/v2\/comments?post=111558"}],"version-history":[{"count":1,"href":"https:\/\/redenoticiaz.com.br\/ribeiraopreto-regiao\/wp-json\/wp\/v2\/posts\/111558\/revisions"}],"predecessor-version":[{"id":111560,"href":"https:\/\/redenoticiaz.com.br\/ribeiraopreto-regiao\/wp-json\/wp\/v2\/posts\/111558\/revisions\/111560"}],"wp:featuredmedia":[{"embeddable":true,"href":"https:\/\/redenoticiaz.com.br\/ribeiraopreto-regiao\/wp-json\/wp\/v2\/media\/111559"}],"wp:attachment":[{"href":"https:\/\/redenoticiaz.com.br\/ribeiraopreto-regiao\/wp-json\/wp\/v2\/media?parent=111558"}],"wp:term":[{"taxonomy":"category","embeddable":true,"href":"https:\/\/redenoticiaz.com.br\/ribeiraopreto-regiao\/wp-json\/wp\/v2\/categories?post=111558"},{"taxonomy":"post_tag","embeddable":true,"href":"https:\/\/redenoticiaz.com.br\/ribeiraopreto-regiao\/wp-json\/wp\/v2\/tags?post=111558"}],"curies":[{"name":"wp","href":"https:\/\/api.w.org\/{rel}","templated":true}]}}