{"id":111602,"date":"2023-10-12T14:59:20","date_gmt":"2023-10-12T17:59:20","guid":{"rendered":"https:\/\/redenoticiaz.com.br\/barretos-regiao\/?p=111602"},"modified":"2023-10-12T15:00:03","modified_gmt":"2023-10-12T18:00:03","slug":"sabesp-assina-contrato-de-concessao-com-olimpia","status":"publish","type":"post","link":"https:\/\/redenoticiaz.com.br\/ribeiraopreto-regiao\/sp\/2023\/10\/12\/sabesp-assina-contrato-de-concessao-com-olimpia","title":{"rendered":"Sabesp assina contrato de concess\u00e3o com Ol\u00edmpia"},"content":{"rendered":"<p>A Sabesp assinou o contrato de concess\u00e3o com a Prefeitura de Ol\u00edmpia para operar os servi\u00e7os de saneamento b\u00e1sico nos pr\u00f3ximos 30 anos. Em maio, a Companhia venceu o leil\u00e3o para atender o munic\u00edpio, numa disputa que contou com oito concorrentes privados. Foi a primeira concess\u00e3o que a Sabesp ganhou na sua hist\u00f3ria em um processo competitivo.<\/p>\n<p>O contrato vai garantir investimentos no sistema de abastecimento de \u00e1gua e no sistema de coleta e tratamento de esgoto.<\/p>\n<p>A Sabesp vai investir em tecnologias para controlar as perdas de \u00e1gua e executar adutoras, ampliando a capacidade de abastecimento em Ol\u00edmpia e seguindo o crescimento da cidade, conhecida pelo turismo de \u00e1guas termais.<\/p>\n<p>Al\u00e9m disso, vai revitalizar, ao longo dos anos, as Esta\u00e7\u00f5es de Tratamento de Esgoto (ETEs) da cidade e distritos. As a\u00e7\u00f5es v\u00e3o beneficiar os mais de 55 mil moradores do munic\u00edpio com mais sa\u00fade e qualidade de vida.<\/p>\n<p>A Companhia fica respons\u00e1vel nas pr\u00f3ximas tr\u00eas d\u00e9cadas pela capta\u00e7\u00e3o, adu\u00e7\u00e3o, tratamento e distribui\u00e7\u00e3o de \u00e1gua, al\u00e9m de coleta, transporte, tratamento e disposi\u00e7\u00e3o final do esgoto.<\/p>\n<p>Participaram tamb\u00e9m do evento de assinatura o diretor de Regula\u00e7\u00e3o e Novos Neg\u00f3cios da Sabesp, Bruno D&#8217;Abadia; o diretor de Opera\u00e7\u00e3o e Manuten\u00e7\u00e3o, Roberval Tavares de Souza; o superintendente regional da empresa, Antonio Rodrigues da Grela Filho; o superintendente de Novos Neg\u00f3cios, Caio Cunha; o gerente de Novos Neg\u00f3cios Regulados, Marco Seidenberg; o l\u00edder do Governo na C\u00e2mara, Jo\u00e3o Stallari; e autoridades locais.<\/p>\n<p><strong>Opera\u00e7\u00e3o assistida<\/strong><\/p>\n<p>A partir desta quinta (12), a Sabesp entra em opera\u00e7\u00e3o assistida em conjunto com a Prefeitura de Ol\u00edmpia, per\u00edodo que vai at\u00e9 o dia 10 de dezembro. Em 11 de dezembro, a Companhia passa a operar de maneira independente, sendo a nova respons\u00e1vel pelo saneamento b\u00e1sico local.<\/p>\n<p>O contrato de concess\u00e3o prev\u00ea, logo no primeiro ano de concess\u00e3o, uma redu\u00e7\u00e3o de 5% no valor da tarifa. Al\u00e9m disso, a atual pol\u00edtica da tarifa social ser\u00e1 mantida.<\/p>\n<p>LEIA MAIS<\/p>\n<p><a href=\"https:\/\/redenoticiaz.com.br\/barretos-regiao\/sp\/2023\/10\/12\/policia-faz-apreensao-recorde-de-fuzis-este-ano\">Pol\u00edcia faz apreens\u00e3o recorde de fuzis este ano<\/a><\/p>\n<p><a href=\"https:\/\/redenoticiaz.com.br\/barretos-regiao\/sp\/2023\/10\/12\/video-mulher-atropela-pedestres-apos-briga-por-vaga-de-estacionamento\">V\u00cdDEO \u2013 Mulher atropela pedestres ap\u00f3s briga por vaga de estacionamento<\/a><\/p>\n","protected":false},"excerpt":{"rendered":"<p>A Sabesp assinou o contrato de concess\u00e3o com a Prefeitura de Ol\u00edmpia para operar os servi\u00e7os de saneamento b\u00e1sico nos pr\u00f3ximos 30 anos. Em maio, a Companhia venceu o leil\u00e3o para atender o munic\u00edpio, numa disputa que contou com oito concorrentes privados. Foi a primeira concess\u00e3o que a Sabesp ganhou na sua hist\u00f3ria em um &hellip;<\/p>\n","protected":false},"author":30,"featured_media":111603,"comment_status":"open","ping_status":"closed","sticky":false,"template":"","format":"standard","meta":{"footnotes":""},"categories":[2920],"tags":[20192,814,20329],"class_list":["post-111602","post","type-post","status-publish","format-standard","has-post-thumbnail","hentry","category-obras","tag-contrato","tag-olimpia","tag-sabesp"],"yoast_head":"<!-- This site is optimized with the Yoast SEO plugin v28.4 - https:\/\/yoast.com\/product\/yoast-seo-wordpress\/ -->\n<title>Sabesp assina contrato de concess\u00e3o com Ol\u00edmpia - Ribeir\u00e3o Preto e Regi\u00e3o<\/title>\n<meta name=\"description\" content=\"Em maio, a SABESP venceu o leil\u00e3o para atender o munic\u00edpio, numa disputa que contou com oito concorrentes privados.\" \/>\n<meta name=\"robots\" content=\"index, follow, max-snippet:-1, max-image-preview:large, max-video-preview:-1\" \/>\n<link rel=\"canonical\" href=\"https:\/\/redenoticiaz.com.br\/ribeiraopreto-regiao\/sp\/2023\/10\/12\/sabesp-assina-contrato-de-concessao-com-olimpia\" \/>\n<meta property=\"og:locale\" content=\"pt_BR\" \/>\n<meta property=\"og:type\" content=\"article\" \/>\n<meta property=\"og:title\" content=\"Sabesp assina contrato de concess\u00e3o com Ol\u00edmpia - Ribeir\u00e3o Preto e Regi\u00e3o\" \/>\n<meta property=\"og:description\" content=\"Em maio, a SABESP venceu o leil\u00e3o para atender o munic\u00edpio, numa disputa que contou com oito concorrentes privados.\" \/>\n<meta property=\"og:url\" content=\"https:\/\/redenoticiaz.com.br\/ribeiraopreto-regiao\/sp\/2023\/10\/12\/sabesp-assina-contrato-de-concessao-com-olimpia\" \/>\n<meta property=\"og:site_name\" content=\"Ribeir\u00e3o Preto e Regi\u00e3o\" \/>\n<meta property=\"article:publisher\" content=\"https:\/\/m.facebook.com\/redenoticiaz.barretos\" \/>\n<meta property=\"article:published_time\" content=\"2023-10-12T17:59:20+00:00\" \/>\n<meta property=\"article:modified_time\" content=\"2023-10-12T18:00:03+00:00\" \/>\n<meta property=\"og:image\" content=\"https:\/\/redenoticiaz.com.br\/ribeiraopreto-regiao\/wp-content\/uploads\/sites\/4\/2023\/10\/7-scaled.jpg\" \/>\n\t<meta property=\"og:image:width\" content=\"1583\" \/>\n\t<meta property=\"og:image:height\" content=\"1080\" \/>\n\t<meta property=\"og:image:type\" content=\"image\/jpeg\" \/>\n<meta name=\"author\" content=\"Carina Reifonas\" \/>\n<meta name=\"twitter:card\" content=\"summary_large_image\" \/>\n<meta name=\"twitter:creator\" content=\"@RN_barretos\" \/>\n<meta name=\"twitter:site\" content=\"@RN_barretos\" \/>\n<meta name=\"twitter:label1\" content=\"Escrito por\" \/>\n\t<meta name=\"twitter:data1\" content=\"Carina Reifonas\" \/>\n\t<meta name=\"twitter:label2\" content=\"Est. tempo de leitura\" \/>\n\t<meta name=\"twitter:data2\" content=\"2 minutos\" \/>\n<script type=\"application\/ld+json\" class=\"yoast-schema-graph\">{\"@context\":\"https:\\\/\\\/schema.org\",\"@graph\":[{\"@type\":\"Article\",\"@id\":\"https:\\\/\\\/redenoticiaz.com.br\\\/ribeiraopreto-regiao\\\/sp\\\/2023\\\/10\\\/12\\\/sabesp-assina-contrato-de-concessao-com-olimpia#article\",\"isPartOf\":{\"@id\":\"https:\\\/\\\/redenoticiaz.com.br\\\/ribeiraopreto-regiao\\\/sp\\\/2023\\\/10\\\/12\\\/sabesp-assina-contrato-de-concessao-com-olimpia\"},\"author\":{\"name\":\"Carina Reifonas\",\"@id\":\"https:\\\/\\\/redenoticiaz.com.br\\\/ribeiraopreto-regiao\\\/#\\\/schema\\\/person\\\/1f84d6e94e6a62d2d81199d7503e9e90\"},\"headline\":\"Sabesp assina contrato de concess\u00e3o com Ol\u00edmpia\",\"datePublished\":\"2023-10-12T17:59:20+00:00\",\"dateModified\":\"2023-10-12T18:00:03+00:00\",\"mainEntityOfPage\":{\"@id\":\"https:\\\/\\\/redenoticiaz.com.br\\\/ribeiraopreto-regiao\\\/sp\\\/2023\\\/10\\\/12\\\/sabesp-assina-contrato-de-concessao-com-olimpia\"},\"wordCount\":390,\"commentCount\":0,\"publisher\":{\"@id\":\"https:\\\/\\\/redenoticiaz.com.br\\\/ribeiraopreto-regiao\\\/#organization\"},\"image\":{\"@id\":\"https:\\\/\\\/redenoticiaz.com.br\\\/ribeiraopreto-regiao\\\/sp\\\/2023\\\/10\\\/12\\\/sabesp-assina-contrato-de-concessao-com-olimpia#primaryimage\"},\"thumbnailUrl\":\"https:\\\/\\\/redenoticiaz.com.br\\\/ribeiraopreto-regiao\\\/wp-content\\\/uploads\\\/sites\\\/4\\\/2023\\\/10\\\/7-scaled.jpg\",\"keywords\":[\"CONTRATO\",\"OLIMP\u00cdA\",\"SABESP\"],\"articleSection\":[\"Obras\"],\"inLanguage\":\"pt-BR\",\"potentialAction\":[{\"@type\":\"CommentAction\",\"name\":\"Comment\",\"target\":[\"https:\\\/\\\/redenoticiaz.com.br\\\/ribeiraopreto-regiao\\\/sp\\\/2023\\\/10\\\/12\\\/sabesp-assina-contrato-de-concessao-com-olimpia#respond\"]}]},{\"@type\":\"WebPage\",\"@id\":\"https:\\\/\\\/redenoticiaz.com.br\\\/ribeiraopreto-regiao\\\/sp\\\/2023\\\/10\\\/12\\\/sabesp-assina-contrato-de-concessao-com-olimpia\",\"url\":\"https:\\\/\\\/redenoticiaz.com.br\\\/ribeiraopreto-regiao\\\/sp\\\/2023\\\/10\\\/12\\\/sabesp-assina-contrato-de-concessao-com-olimpia\",\"name\":\"Sabesp assina contrato de concess\u00e3o com Ol\u00edmpia - Ribeir\u00e3o Preto e Regi\u00e3o\",\"isPartOf\":{\"@id\":\"https:\\\/\\\/redenoticiaz.com.br\\\/ribeiraopreto-regiao\\\/#website\"},\"primaryImageOfPage\":{\"@id\":\"https:\\\/\\\/redenoticiaz.com.br\\\/ribeiraopreto-regiao\\\/sp\\\/2023\\\/10\\\/12\\\/sabesp-assina-contrato-de-concessao-com-olimpia#primaryimage\"},\"image\":{\"@id\":\"https:\\\/\\\/redenoticiaz.com.br\\\/ribeiraopreto-regiao\\\/sp\\\/2023\\\/10\\\/12\\\/sabesp-assina-contrato-de-concessao-com-olimpia#primaryimage\"},\"thumbnailUrl\":\"https:\\\/\\\/redenoticiaz.com.br\\\/ribeiraopreto-regiao\\\/wp-content\\\/uploads\\\/sites\\\/4\\\/2023\\\/10\\\/7-scaled.jpg\",\"datePublished\":\"2023-10-12T17:59:20+00:00\",\"dateModified\":\"2023-10-12T18:00:03+00:00\",\"description\":\"Em maio, a SABESP venceu o leil\u00e3o para atender o munic\u00edpio, numa disputa que contou com oito concorrentes privados.\",\"inLanguage\":\"pt-BR\",\"potentialAction\":[{\"@type\":\"ReadAction\",\"target\":[\"https:\\\/\\\/redenoticiaz.com.br\\\/ribeiraopreto-regiao\\\/sp\\\/2023\\\/10\\\/12\\\/sabesp-assina-contrato-de-concessao-com-olimpia\"]}]},{\"@type\":\"ImageObject\",\"inLanguage\":\"pt-BR\",\"@id\":\"https:\\\/\\\/redenoticiaz.com.br\\\/ribeiraopreto-regiao\\\/sp\\\/2023\\\/10\\\/12\\\/sabesp-assina-contrato-de-concessao-com-olimpia#primaryimage\",\"url\":\"https:\\\/\\\/redenoticiaz.com.br\\\/ribeiraopreto-regiao\\\/wp-content\\\/uploads\\\/sites\\\/4\\\/2023\\\/10\\\/7-scaled.jpg\",\"contentUrl\":\"https:\\\/\\\/redenoticiaz.com.br\\\/ribeiraopreto-regiao\\\/wp-content\\\/uploads\\\/sites\\\/4\\\/2023\\\/10\\\/7-scaled.jpg\",\"width\":1583,\"height\":1080},{\"@type\":\"WebSite\",\"@id\":\"https:\\\/\\\/redenoticiaz.com.br\\\/ribeiraopreto-regiao\\\/#website\",\"url\":\"https:\\\/\\\/redenoticiaz.com.br\\\/ribeiraopreto-regiao\\\/\",\"name\":\"Ribeir\u00e3o Preto e Regi\u00e3o\",\"description\":\"Rede NoticiaZ - Ribeir\u00e3o Preto e regi\u00e3o\",\"publisher\":{\"@id\":\"https:\\\/\\\/redenoticiaz.com.br\\\/ribeiraopreto-regiao\\\/#organization\"},\"potentialAction\":[{\"@type\":\"SearchAction\",\"target\":{\"@type\":\"EntryPoint\",\"urlTemplate\":\"https:\\\/\\\/redenoticiaz.com.br\\\/ribeiraopreto-regiao\\\/?s={search_term_string}\"},\"query-input\":{\"@type\":\"PropertyValueSpecification\",\"valueRequired\":true,\"valueName\":\"search_term_string\"}}],\"inLanguage\":\"pt-BR\"},{\"@type\":\"Organization\",\"@id\":\"https:\\\/\\\/redenoticiaz.com.br\\\/ribeiraopreto-regiao\\\/#organization\",\"name\":\"Ribeir\u00e3o Preto e Regi\u00e3o\",\"url\":\"https:\\\/\\\/redenoticiaz.com.br\\\/ribeiraopreto-regiao\\\/\",\"logo\":{\"@type\":\"ImageObject\",\"inLanguage\":\"pt-BR\",\"@id\":\"https:\\\/\\\/redenoticiaz.com.br\\\/ribeiraopreto-regiao\\\/#\\\/schema\\\/logo\\\/image\\\/\",\"url\":\"https:\\\/\\\/redenoticiaz.com.br\\\/barretos-regiao\\\/wp-content\\\/uploads\\\/sites\\\/4\\\/2022\\\/02\\\/logo.jpg\",\"contentUrl\":\"https:\\\/\\\/redenoticiaz.com.br\\\/barretos-regiao\\\/wp-content\\\/uploads\\\/sites\\\/4\\\/2022\\\/02\\\/logo.jpg\",\"width\":400,\"height\":250,\"caption\":\"Ribeir\u00e3o Preto e Regi\u00e3o\"},\"image\":{\"@id\":\"https:\\\/\\\/redenoticiaz.com.br\\\/ribeiraopreto-regiao\\\/#\\\/schema\\\/logo\\\/image\\\/\"},\"sameAs\":[\"https:\\\/\\\/m.facebook.com\\\/redenoticiaz.barretos\",\"https:\\\/\\\/x.com\\\/RN_barretos\",\"https:\\\/\\\/www.instagram.com\\\/redenoticiaz.barretos\\\/?igshid=YmMyMTA2M2Y\",\"https:\\\/\\\/www.linkedin.com\\\/company\\\/rede-noticiaz-barretos-e-regio\\\/\"]},{\"@type\":\"Person\",\"@id\":\"https:\\\/\\\/redenoticiaz.com.br\\\/ribeiraopreto-regiao\\\/#\\\/schema\\\/person\\\/1f84d6e94e6a62d2d81199d7503e9e90\",\"name\":\"Carina Reifonas\",\"image\":{\"@type\":\"ImageObject\",\"inLanguage\":\"pt-BR\",\"@id\":\"https:\\\/\\\/secure.gravatar.com\\\/avatar\\\/04c59859b23696cf867715880f81d5c037e60109730bdb4e6670ec2a2245bc97?s=96&d=mm&r=g\",\"url\":\"https:\\\/\\\/secure.gravatar.com\\\/avatar\\\/04c59859b23696cf867715880f81d5c037e60109730bdb4e6670ec2a2245bc97?s=96&d=mm&r=g\",\"contentUrl\":\"https:\\\/\\\/secure.gravatar.com\\\/avatar\\\/04c59859b23696cf867715880f81d5c037e60109730bdb4e6670ec2a2245bc97?s=96&d=mm&r=g\",\"caption\":\"Carina Reifonas\"},\"url\":\"https:\\\/\\\/redenoticiaz.com.br\\\/ribeiraopreto-regiao\\\/sp\\\/author\\\/carinareifonas\"}]}<\/script>\n<!-- \/ Yoast SEO plugin. -->","yoast_head_json":{"title":"Sabesp assina contrato de concess\u00e3o com Ol\u00edmpia - Ribeir\u00e3o Preto e Regi\u00e3o","description":"Em maio, a SABESP venceu o leil\u00e3o para atender o munic\u00edpio, numa disputa que contou com oito concorrentes privados.","robots":{"index":"index","follow":"follow","max-snippet":"max-snippet:-1","max-image-preview":"max-image-preview:large","max-video-preview":"max-video-preview:-1"},"canonical":"https:\/\/redenoticiaz.com.br\/ribeiraopreto-regiao\/sp\/2023\/10\/12\/sabesp-assina-contrato-de-concessao-com-olimpia","og_locale":"pt_BR","og_type":"article","og_title":"Sabesp assina contrato de concess\u00e3o com Ol\u00edmpia - Ribeir\u00e3o Preto e Regi\u00e3o","og_description":"Em maio, a SABESP venceu o leil\u00e3o para atender o munic\u00edpio, numa disputa que contou com oito concorrentes privados.","og_url":"https:\/\/redenoticiaz.com.br\/ribeiraopreto-regiao\/sp\/2023\/10\/12\/sabesp-assina-contrato-de-concessao-com-olimpia","og_site_name":"Ribeir\u00e3o Preto e Regi\u00e3o","article_publisher":"https:\/\/m.facebook.com\/redenoticiaz.barretos","article_published_time":"2023-10-12T17:59:20+00:00","article_modified_time":"2023-10-12T18:00:03+00:00","og_image":[{"width":1583,"height":1080,"url":"https:\/\/redenoticiaz.com.br\/ribeiraopreto-regiao\/wp-content\/uploads\/sites\/4\/2023\/10\/7-scaled.jpg","type":"image\/jpeg"}],"author":"Carina Reifonas","twitter_card":"summary_large_image","twitter_creator":"@RN_barretos","twitter_site":"@RN_barretos","twitter_misc":{"Escrito por":"Carina Reifonas","Est. tempo de leitura":"2 minutos"},"schema":{"@context":"https:\/\/schema.org","@graph":[{"@type":"Article","@id":"https:\/\/redenoticiaz.com.br\/ribeiraopreto-regiao\/sp\/2023\/10\/12\/sabesp-assina-contrato-de-concessao-com-olimpia#article","isPartOf":{"@id":"https:\/\/redenoticiaz.com.br\/ribeiraopreto-regiao\/sp\/2023\/10\/12\/sabesp-assina-contrato-de-concessao-com-olimpia"},"author":{"name":"Carina Reifonas","@id":"https:\/\/redenoticiaz.com.br\/ribeiraopreto-regiao\/#\/schema\/person\/1f84d6e94e6a62d2d81199d7503e9e90"},"headline":"Sabesp assina contrato de concess\u00e3o com Ol\u00edmpia","datePublished":"2023-10-12T17:59:20+00:00","dateModified":"2023-10-12T18:00:03+00:00","mainEntityOfPage":{"@id":"https:\/\/redenoticiaz.com.br\/ribeiraopreto-regiao\/sp\/2023\/10\/12\/sabesp-assina-contrato-de-concessao-com-olimpia"},"wordCount":390,"commentCount":0,"publisher":{"@id":"https:\/\/redenoticiaz.com.br\/ribeiraopreto-regiao\/#organization"},"image":{"@id":"https:\/\/redenoticiaz.com.br\/ribeiraopreto-regiao\/sp\/2023\/10\/12\/sabesp-assina-contrato-de-concessao-com-olimpia#primaryimage"},"thumbnailUrl":"https:\/\/redenoticiaz.com.br\/ribeiraopreto-regiao\/wp-content\/uploads\/sites\/4\/2023\/10\/7-scaled.jpg","keywords":["CONTRATO","OLIMP\u00cdA","SABESP"],"articleSection":["Obras"],"inLanguage":"pt-BR","potentialAction":[{"@type":"CommentAction","name":"Comment","target":["https:\/\/redenoticiaz.com.br\/ribeiraopreto-regiao\/sp\/2023\/10\/12\/sabesp-assina-contrato-de-concessao-com-olimpia#respond"]}]},{"@type":"WebPage","@id":"https:\/\/redenoticiaz.com.br\/ribeiraopreto-regiao\/sp\/2023\/10\/12\/sabesp-assina-contrato-de-concessao-com-olimpia","url":"https:\/\/redenoticiaz.com.br\/ribeiraopreto-regiao\/sp\/2023\/10\/12\/sabesp-assina-contrato-de-concessao-com-olimpia","name":"Sabesp assina contrato de concess\u00e3o com Ol\u00edmpia - Ribeir\u00e3o Preto e Regi\u00e3o","isPartOf":{"@id":"https:\/\/redenoticiaz.com.br\/ribeiraopreto-regiao\/#website"},"primaryImageOfPage":{"@id":"https:\/\/redenoticiaz.com.br\/ribeiraopreto-regiao\/sp\/2023\/10\/12\/sabesp-assina-contrato-de-concessao-com-olimpia#primaryimage"},"image":{"@id":"https:\/\/redenoticiaz.com.br\/ribeiraopreto-regiao\/sp\/2023\/10\/12\/sabesp-assina-contrato-de-concessao-com-olimpia#primaryimage"},"thumbnailUrl":"https:\/\/redenoticiaz.com.br\/ribeiraopreto-regiao\/wp-content\/uploads\/sites\/4\/2023\/10\/7-scaled.jpg","datePublished":"2023-10-12T17:59:20+00:00","dateModified":"2023-10-12T18:00:03+00:00","description":"Em maio, a SABESP venceu o leil\u00e3o para atender o munic\u00edpio, numa disputa que contou com oito concorrentes privados.","inLanguage":"pt-BR","potentialAction":[{"@type":"ReadAction","target":["https:\/\/redenoticiaz.com.br\/ribeiraopreto-regiao\/sp\/2023\/10\/12\/sabesp-assina-contrato-de-concessao-com-olimpia"]}]},{"@type":"ImageObject","inLanguage":"pt-BR","@id":"https:\/\/redenoticiaz.com.br\/ribeiraopreto-regiao\/sp\/2023\/10\/12\/sabesp-assina-contrato-de-concessao-com-olimpia#primaryimage","url":"https:\/\/redenoticiaz.com.br\/ribeiraopreto-regiao\/wp-content\/uploads\/sites\/4\/2023\/10\/7-scaled.jpg","contentUrl":"https:\/\/redenoticiaz.com.br\/ribeiraopreto-regiao\/wp-content\/uploads\/sites\/4\/2023\/10\/7-scaled.jpg","width":1583,"height":1080},{"@type":"WebSite","@id":"https:\/\/redenoticiaz.com.br\/ribeiraopreto-regiao\/#website","url":"https:\/\/redenoticiaz.com.br\/ribeiraopreto-regiao\/","name":"Ribeir\u00e3o Preto e Regi\u00e3o","description":"Rede NoticiaZ - Ribeir\u00e3o Preto e regi\u00e3o","publisher":{"@id":"https:\/\/redenoticiaz.com.br\/ribeiraopreto-regiao\/#organization"},"potentialAction":[{"@type":"SearchAction","target":{"@type":"EntryPoint","urlTemplate":"https:\/\/redenoticiaz.com.br\/ribeiraopreto-regiao\/?s={search_term_string}"},"query-input":{"@type":"PropertyValueSpecification","valueRequired":true,"valueName":"search_term_string"}}],"inLanguage":"pt-BR"},{"@type":"Organization","@id":"https:\/\/redenoticiaz.com.br\/ribeiraopreto-regiao\/#organization","name":"Ribeir\u00e3o Preto e Regi\u00e3o","url":"https:\/\/redenoticiaz.com.br\/ribeiraopreto-regiao\/","logo":{"@type":"ImageObject","inLanguage":"pt-BR","@id":"https:\/\/redenoticiaz.com.br\/ribeiraopreto-regiao\/#\/schema\/logo\/image\/","url":"https:\/\/redenoticiaz.com.br\/barretos-regiao\/wp-content\/uploads\/sites\/4\/2022\/02\/logo.jpg","contentUrl":"https:\/\/redenoticiaz.com.br\/barretos-regiao\/wp-content\/uploads\/sites\/4\/2022\/02\/logo.jpg","width":400,"height":250,"caption":"Ribeir\u00e3o Preto e Regi\u00e3o"},"image":{"@id":"https:\/\/redenoticiaz.com.br\/ribeiraopreto-regiao\/#\/schema\/logo\/image\/"},"sameAs":["https:\/\/m.facebook.com\/redenoticiaz.barretos","https:\/\/x.com\/RN_barretos","https:\/\/www.instagram.com\/redenoticiaz.barretos\/?igshid=YmMyMTA2M2Y","https:\/\/www.linkedin.com\/company\/rede-noticiaz-barretos-e-regio\/"]},{"@type":"Person","@id":"https:\/\/redenoticiaz.com.br\/ribeiraopreto-regiao\/#\/schema\/person\/1f84d6e94e6a62d2d81199d7503e9e90","name":"Carina Reifonas","image":{"@type":"ImageObject","inLanguage":"pt-BR","@id":"https:\/\/secure.gravatar.com\/avatar\/04c59859b23696cf867715880f81d5c037e60109730bdb4e6670ec2a2245bc97?s=96&d=mm&r=g","url":"https:\/\/secure.gravatar.com\/avatar\/04c59859b23696cf867715880f81d5c037e60109730bdb4e6670ec2a2245bc97?s=96&d=mm&r=g","contentUrl":"https:\/\/secure.gravatar.com\/avatar\/04c59859b23696cf867715880f81d5c037e60109730bdb4e6670ec2a2245bc97?s=96&d=mm&r=g","caption":"Carina Reifonas"},"url":"https:\/\/redenoticiaz.com.br\/ribeiraopreto-regiao\/sp\/author\/carinareifonas"}]}},"_links":{"self":[{"href":"https:\/\/redenoticiaz.com.br\/ribeiraopreto-regiao\/wp-json\/wp\/v2\/posts\/111602","targetHints":{"allow":["GET"]}}],"collection":[{"href":"https:\/\/redenoticiaz.com.br\/ribeiraopreto-regiao\/wp-json\/wp\/v2\/posts"}],"about":[{"href":"https:\/\/redenoticiaz.com.br\/ribeiraopreto-regiao\/wp-json\/wp\/v2\/types\/post"}],"author":[{"embeddable":true,"href":"https:\/\/redenoticiaz.com.br\/ribeiraopreto-regiao\/wp-json\/wp\/v2\/users\/30"}],"replies":[{"embeddable":true,"href":"https:\/\/redenoticiaz.com.br\/ribeiraopreto-regiao\/wp-json\/wp\/v2\/comments?post=111602"}],"version-history":[{"count":2,"href":"https:\/\/redenoticiaz.com.br\/ribeiraopreto-regiao\/wp-json\/wp\/v2\/posts\/111602\/revisions"}],"predecessor-version":[{"id":111605,"href":"https:\/\/redenoticiaz.com.br\/ribeiraopreto-regiao\/wp-json\/wp\/v2\/posts\/111602\/revisions\/111605"}],"wp:featuredmedia":[{"embeddable":true,"href":"https:\/\/redenoticiaz.com.br\/ribeiraopreto-regiao\/wp-json\/wp\/v2\/media\/111603"}],"wp:attachment":[{"href":"https:\/\/redenoticiaz.com.br\/ribeiraopreto-regiao\/wp-json\/wp\/v2\/media?parent=111602"}],"wp:term":[{"taxonomy":"category","embeddable":true,"href":"https:\/\/redenoticiaz.com.br\/ribeiraopreto-regiao\/wp-json\/wp\/v2\/categories?post=111602"},{"taxonomy":"post_tag","embeddable":true,"href":"https:\/\/redenoticiaz.com.br\/ribeiraopreto-regiao\/wp-json\/wp\/v2\/tags?post=111602"}],"curies":[{"name":"wp","href":"https:\/\/api.w.org\/{rel}","templated":true}]}}