{"id":111633,"date":"2023-10-13T13:23:15","date_gmt":"2023-10-13T16:23:15","guid":{"rendered":"https:\/\/redenoticiaz.com.br\/barretos-regiao\/?p=111633"},"modified":"2023-10-13T13:23:15","modified_gmt":"2023-10-13T16:23:15","slug":"municipio-de-guaira-fara-exposicao-na-feira-do-empreendedor-em-sao-paulo","status":"publish","type":"post","link":"https:\/\/redenoticiaz.com.br\/ribeiraopreto-regiao\/sp\/2023\/10\/13\/municipio-de-guaira-fara-exposicao-na-feira-do-empreendedor-em-sao-paulo","title":{"rendered":"Munic\u00edpio de Gua\u00edra far\u00e1 exposi\u00e7\u00e3o na Feira do Empreendedor em S\u00e3o Paulo"},"content":{"rendered":"<p>A prefeitura de Gua\u00edra estar\u00e1 como expositora na Feira do Empreendedor (FE23), promovida pelo Sebrae-SP, entre 16 e 19 de outubro, no S\u00e3o Paulo Expo, na capital paulista.<\/p>\n<p>Ser\u00e3o mais de 1,1 mil expositores entre franqueadores, empresas de m\u00e1quinas e equipamentos, empresas de servi\u00e7os e solu\u00e7\u00f5es digitais, servi\u00e7os p\u00fablicos, al\u00e9m de um &#8220;shopping&#8221; com pequenos neg\u00f3cios atendidos pelo Sebrae. As inscri\u00e7\u00f5es s\u00e3o gratuitas e podem ser feitas no site fe23.sebraesp.com.br.<\/p>\n<p>O objetivo \u00e9 buscar mais empresas e investidores para o munic\u00edpio, mostrando os atrativos tur\u00edsticos, econ\u00f4micos, financeiros e de infraestrutura, para almejar um futuro ainda mais promissor para Gua\u00edra.<\/p>\n<p>&#8220;A administra\u00e7\u00e3o municipal vai apresentar os programas e a estrutura existentes para receber novos investimentos neste sentido. Vamos mostrar as a\u00e7\u00f5es desenvolvidas dentro do trabalho de gerar novos neg\u00f3cios. Dessa forma, a ideia ser\u00e1 movimentar a economia de Gua\u00edra&#8221;, comentou o prefeito Jun\u00e3o.<\/p>\n<p>A \u00e1rea de exposi\u00e7\u00e3o ainda far\u00e1 atendimento institucional com outros munic\u00edpios, associa\u00e7\u00f5es e empresas que desejam investir na cidade.<\/p>\n<p>A cerim\u00f4nia de abertura da FE23 acontece no dia 16, \u00e0s 10h, com a presen\u00e7a da diretoria do Sebrae-SP, de autoridades, de diretores de outros Estados e convidados.<\/p>\n<p>Na edi\u00e7\u00e3o deste ano, a expectativa \u00e9 receber presencialmente 125 mil visitantes em um espa\u00e7o de 52 mil m\u00b2. Do total de visitantes, um n\u00famero recorde de mais de 17 mil pessoas deve chegar \u00e0 FE23 por meio de cerca de 430 miss\u00f5es empresariais organizadas pelos Escrit\u00f3rios Regionais do Sebrae-SP em todo o Estado.<\/p>\n<p>LEIA MAIS<\/p>\n<p><a href=\"https:\/\/redenoticiaz.com.br\/barretos-regiao\/sp\/2023\/10\/13\/barretos-adota-pratica-sustentavel-para-preservar-recursos-naturais\">Barretos adota pr\u00e1tica sustent\u00e1vel para preservar recursos naturais<\/a><\/p>\n<p><a href=\"https:\/\/redenoticiaz.com.br\/barretos-regiao\/sp\/2023\/10\/12\/video-mulher-e-espancada-apos-nao-pagar-corrida-de-moto\">V\u00cdDEO \u2013 Mulher \u00e9 espancada ap\u00f3s n\u00e3o pagar corrida de moto<\/a><\/p>\n","protected":false},"excerpt":{"rendered":"<p>A prefeitura de Gua\u00edra estar\u00e1 como expositora na Feira do Empreendedor (FE23), promovida pelo Sebrae-SP, entre 16 e 19 de outubro, no S\u00e3o Paulo Expo, na capital paulista. Ser\u00e3o mais de 1,1 mil expositores entre franqueadores, empresas de m\u00e1quinas e equipamentos, empresas de servi\u00e7os e solu\u00e7\u00f5es digitais, servi\u00e7os p\u00fablicos, al\u00e9m de um &#8220;shopping&#8221; com pequenos &hellip;<\/p>\n","protected":false},"author":30,"featured_media":111634,"comment_status":"open","ping_status":"closed","sticky":false,"template":"","format":"standard","meta":{"footnotes":""},"categories":[330],"tags":[18570,3174,157],"class_list":["post-111633","post","type-post","status-publish","format-standard","has-post-thumbnail","hentry","category-turismo","tag-feira-do-empreendedor","tag-guaira","tag-sao-paulo"],"yoast_head":"<!-- This site is optimized with the Yoast SEO plugin v27.4 - https:\/\/yoast.com\/product\/yoast-seo-wordpress\/ -->\n<title>Munic\u00edpio de Gua\u00edra far\u00e1 exposi\u00e7\u00e3o na Feira do Empreendedor em S\u00e3o Paulo - Ribeir\u00e3o Preto e Regi\u00e3o<\/title>\n<meta name=\"description\" content=\"A prefeitura de Gua\u00edra estar\u00e1 como expositora na Feira do Empreendedor (FE23), promovida pelo Sebrae-SP, entre 16 e 19 de outubro.\" \/>\n<meta name=\"robots\" content=\"index, follow, max-snippet:-1, max-image-preview:large, max-video-preview:-1\" \/>\n<link rel=\"canonical\" href=\"https:\/\/redenoticiaz.com.br\/ribeiraopreto-regiao\/sp\/2023\/10\/13\/municipio-de-guaira-fara-exposicao-na-feira-do-empreendedor-em-sao-paulo\" \/>\n<meta property=\"og:locale\" content=\"pt_BR\" \/>\n<meta property=\"og:type\" content=\"article\" \/>\n<meta property=\"og:title\" content=\"Munic\u00edpio de Gua\u00edra far\u00e1 exposi\u00e7\u00e3o na Feira do Empreendedor em S\u00e3o Paulo - Ribeir\u00e3o Preto e Regi\u00e3o\" \/>\n<meta property=\"og:description\" content=\"A prefeitura de Gua\u00edra estar\u00e1 como expositora na Feira do Empreendedor (FE23), promovida pelo Sebrae-SP, entre 16 e 19 de outubro.\" \/>\n<meta property=\"og:url\" content=\"https:\/\/redenoticiaz.com.br\/ribeiraopreto-regiao\/sp\/2023\/10\/13\/municipio-de-guaira-fara-exposicao-na-feira-do-empreendedor-em-sao-paulo\" \/>\n<meta property=\"og:site_name\" content=\"Ribeir\u00e3o Preto e Regi\u00e3o\" \/>\n<meta property=\"article:publisher\" content=\"https:\/\/m.facebook.com\/redenoticiaz.barretos\" \/>\n<meta property=\"article:published_time\" content=\"2023-10-13T16:23:15+00:00\" \/>\n<meta property=\"og:image\" content=\"https:\/\/redenoticiaz.com.br\/ribeiraopreto-regiao\/wp-content\/uploads\/sites\/4\/2023\/10\/65634353-ab23-4853-9518-142871cf8743.jpg\" \/>\n\t<meta property=\"og:image:width\" content=\"651\" \/>\n\t<meta property=\"og:image:height\" content=\"447\" \/>\n\t<meta property=\"og:image:type\" content=\"image\/jpeg\" \/>\n<meta name=\"author\" content=\"Carina Reifonas\" \/>\n<meta name=\"twitter:card\" content=\"summary_large_image\" \/>\n<meta name=\"twitter:creator\" content=\"@RN_barretos\" \/>\n<meta name=\"twitter:site\" content=\"@RN_barretos\" \/>\n<meta name=\"twitter:label1\" content=\"Escrito por\" \/>\n\t<meta name=\"twitter:data1\" content=\"Carina Reifonas\" \/>\n\t<meta name=\"twitter:label2\" content=\"Est. tempo de leitura\" \/>\n\t<meta name=\"twitter:data2\" content=\"2 minutos\" \/>\n<script type=\"application\/ld+json\" class=\"yoast-schema-graph\">{\"@context\":\"https:\\\/\\\/schema.org\",\"@graph\":[{\"@type\":\"Article\",\"@id\":\"https:\\\/\\\/redenoticiaz.com.br\\\/ribeiraopreto-regiao\\\/sp\\\/2023\\\/10\\\/13\\\/municipio-de-guaira-fara-exposicao-na-feira-do-empreendedor-em-sao-paulo#article\",\"isPartOf\":{\"@id\":\"https:\\\/\\\/redenoticiaz.com.br\\\/ribeiraopreto-regiao\\\/sp\\\/2023\\\/10\\\/13\\\/municipio-de-guaira-fara-exposicao-na-feira-do-empreendedor-em-sao-paulo\"},\"author\":{\"name\":\"Carina Reifonas\",\"@id\":\"https:\\\/\\\/redenoticiaz.com.br\\\/ribeiraopreto-regiao\\\/#\\\/schema\\\/person\\\/1f84d6e94e6a62d2d81199d7503e9e90\"},\"headline\":\"Munic\u00edpio de Gua\u00edra far\u00e1 exposi\u00e7\u00e3o na Feira do Empreendedor em S\u00e3o Paulo\",\"datePublished\":\"2023-10-13T16:23:15+00:00\",\"mainEntityOfPage\":{\"@id\":\"https:\\\/\\\/redenoticiaz.com.br\\\/ribeiraopreto-regiao\\\/sp\\\/2023\\\/10\\\/13\\\/municipio-de-guaira-fara-exposicao-na-feira-do-empreendedor-em-sao-paulo\"},\"wordCount\":306,\"commentCount\":0,\"publisher\":{\"@id\":\"https:\\\/\\\/redenoticiaz.com.br\\\/ribeiraopreto-regiao\\\/#organization\"},\"image\":{\"@id\":\"https:\\\/\\\/redenoticiaz.com.br\\\/ribeiraopreto-regiao\\\/sp\\\/2023\\\/10\\\/13\\\/municipio-de-guaira-fara-exposicao-na-feira-do-empreendedor-em-sao-paulo#primaryimage\"},\"thumbnailUrl\":\"https:\\\/\\\/redenoticiaz.com.br\\\/ribeiraopreto-regiao\\\/wp-content\\\/uploads\\\/sites\\\/4\\\/2023\\\/10\\\/65634353-ab23-4853-9518-142871cf8743.jpg\",\"keywords\":[\"FEIRA DO EMPREENDEDOR\",\"GUA\u00cdRA\",\"S\u00e3o Paulo\"],\"articleSection\":[\"Turismo\"],\"inLanguage\":\"pt-BR\",\"potentialAction\":[{\"@type\":\"CommentAction\",\"name\":\"Comment\",\"target\":[\"https:\\\/\\\/redenoticiaz.com.br\\\/ribeiraopreto-regiao\\\/sp\\\/2023\\\/10\\\/13\\\/municipio-de-guaira-fara-exposicao-na-feira-do-empreendedor-em-sao-paulo#respond\"]}]},{\"@type\":\"WebPage\",\"@id\":\"https:\\\/\\\/redenoticiaz.com.br\\\/ribeiraopreto-regiao\\\/sp\\\/2023\\\/10\\\/13\\\/municipio-de-guaira-fara-exposicao-na-feira-do-empreendedor-em-sao-paulo\",\"url\":\"https:\\\/\\\/redenoticiaz.com.br\\\/ribeiraopreto-regiao\\\/sp\\\/2023\\\/10\\\/13\\\/municipio-de-guaira-fara-exposicao-na-feira-do-empreendedor-em-sao-paulo\",\"name\":\"Munic\u00edpio de Gua\u00edra far\u00e1 exposi\u00e7\u00e3o na Feira do Empreendedor em S\u00e3o Paulo - Ribeir\u00e3o Preto e Regi\u00e3o\",\"isPartOf\":{\"@id\":\"https:\\\/\\\/redenoticiaz.com.br\\\/ribeiraopreto-regiao\\\/#website\"},\"primaryImageOfPage\":{\"@id\":\"https:\\\/\\\/redenoticiaz.com.br\\\/ribeiraopreto-regiao\\\/sp\\\/2023\\\/10\\\/13\\\/municipio-de-guaira-fara-exposicao-na-feira-do-empreendedor-em-sao-paulo#primaryimage\"},\"image\":{\"@id\":\"https:\\\/\\\/redenoticiaz.com.br\\\/ribeiraopreto-regiao\\\/sp\\\/2023\\\/10\\\/13\\\/municipio-de-guaira-fara-exposicao-na-feira-do-empreendedor-em-sao-paulo#primaryimage\"},\"thumbnailUrl\":\"https:\\\/\\\/redenoticiaz.com.br\\\/ribeiraopreto-regiao\\\/wp-content\\\/uploads\\\/sites\\\/4\\\/2023\\\/10\\\/65634353-ab23-4853-9518-142871cf8743.jpg\",\"datePublished\":\"2023-10-13T16:23:15+00:00\",\"description\":\"A prefeitura de Gua\u00edra estar\u00e1 como expositora na Feira do Empreendedor (FE23), promovida pelo Sebrae-SP, entre 16 e 19 de outubro.\",\"inLanguage\":\"pt-BR\",\"potentialAction\":[{\"@type\":\"ReadAction\",\"target\":[\"https:\\\/\\\/redenoticiaz.com.br\\\/ribeiraopreto-regiao\\\/sp\\\/2023\\\/10\\\/13\\\/municipio-de-guaira-fara-exposicao-na-feira-do-empreendedor-em-sao-paulo\"]}]},{\"@type\":\"ImageObject\",\"inLanguage\":\"pt-BR\",\"@id\":\"https:\\\/\\\/redenoticiaz.com.br\\\/ribeiraopreto-regiao\\\/sp\\\/2023\\\/10\\\/13\\\/municipio-de-guaira-fara-exposicao-na-feira-do-empreendedor-em-sao-paulo#primaryimage\",\"url\":\"https:\\\/\\\/redenoticiaz.com.br\\\/ribeiraopreto-regiao\\\/wp-content\\\/uploads\\\/sites\\\/4\\\/2023\\\/10\\\/65634353-ab23-4853-9518-142871cf8743.jpg\",\"contentUrl\":\"https:\\\/\\\/redenoticiaz.com.br\\\/ribeiraopreto-regiao\\\/wp-content\\\/uploads\\\/sites\\\/4\\\/2023\\\/10\\\/65634353-ab23-4853-9518-142871cf8743.jpg\",\"width\":651,\"height\":447},{\"@type\":\"WebSite\",\"@id\":\"https:\\\/\\\/redenoticiaz.com.br\\\/ribeiraopreto-regiao\\\/#website\",\"url\":\"https:\\\/\\\/redenoticiaz.com.br\\\/ribeiraopreto-regiao\\\/\",\"name\":\"Ribeir\u00e3o Preto e Regi\u00e3o\",\"description\":\"Rede NoticiaZ - Ribeir\u00e3o Preto e regi\u00e3o\",\"publisher\":{\"@id\":\"https:\\\/\\\/redenoticiaz.com.br\\\/ribeiraopreto-regiao\\\/#organization\"},\"potentialAction\":[{\"@type\":\"SearchAction\",\"target\":{\"@type\":\"EntryPoint\",\"urlTemplate\":\"https:\\\/\\\/redenoticiaz.com.br\\\/ribeiraopreto-regiao\\\/?s={search_term_string}\"},\"query-input\":{\"@type\":\"PropertyValueSpecification\",\"valueRequired\":true,\"valueName\":\"search_term_string\"}}],\"inLanguage\":\"pt-BR\"},{\"@type\":\"Organization\",\"@id\":\"https:\\\/\\\/redenoticiaz.com.br\\\/ribeiraopreto-regiao\\\/#organization\",\"name\":\"Ribeir\u00e3o Preto e Regi\u00e3o\",\"url\":\"https:\\\/\\\/redenoticiaz.com.br\\\/ribeiraopreto-regiao\\\/\",\"logo\":{\"@type\":\"ImageObject\",\"inLanguage\":\"pt-BR\",\"@id\":\"https:\\\/\\\/redenoticiaz.com.br\\\/ribeiraopreto-regiao\\\/#\\\/schema\\\/logo\\\/image\\\/\",\"url\":\"https:\\\/\\\/redenoticiaz.com.br\\\/barretos-regiao\\\/wp-content\\\/uploads\\\/sites\\\/4\\\/2022\\\/02\\\/logo.jpg\",\"contentUrl\":\"https:\\\/\\\/redenoticiaz.com.br\\\/barretos-regiao\\\/wp-content\\\/uploads\\\/sites\\\/4\\\/2022\\\/02\\\/logo.jpg\",\"width\":400,\"height\":250,\"caption\":\"Ribeir\u00e3o Preto e Regi\u00e3o\"},\"image\":{\"@id\":\"https:\\\/\\\/redenoticiaz.com.br\\\/ribeiraopreto-regiao\\\/#\\\/schema\\\/logo\\\/image\\\/\"},\"sameAs\":[\"https:\\\/\\\/m.facebook.com\\\/redenoticiaz.barretos\",\"https:\\\/\\\/x.com\\\/RN_barretos\",\"https:\\\/\\\/www.instagram.com\\\/redenoticiaz.barretos\\\/?igshid=YmMyMTA2M2Y\",\"https:\\\/\\\/www.linkedin.com\\\/company\\\/rede-noticiaz-barretos-e-regio\\\/\"]},{\"@type\":\"Person\",\"@id\":\"https:\\\/\\\/redenoticiaz.com.br\\\/ribeiraopreto-regiao\\\/#\\\/schema\\\/person\\\/1f84d6e94e6a62d2d81199d7503e9e90\",\"name\":\"Carina Reifonas\",\"image\":{\"@type\":\"ImageObject\",\"inLanguage\":\"pt-BR\",\"@id\":\"https:\\\/\\\/secure.gravatar.com\\\/avatar\\\/04c59859b23696cf867715880f81d5c037e60109730bdb4e6670ec2a2245bc97?s=96&d=mm&r=g\",\"url\":\"https:\\\/\\\/secure.gravatar.com\\\/avatar\\\/04c59859b23696cf867715880f81d5c037e60109730bdb4e6670ec2a2245bc97?s=96&d=mm&r=g\",\"contentUrl\":\"https:\\\/\\\/secure.gravatar.com\\\/avatar\\\/04c59859b23696cf867715880f81d5c037e60109730bdb4e6670ec2a2245bc97?s=96&d=mm&r=g\",\"caption\":\"Carina Reifonas\"},\"url\":\"https:\\\/\\\/redenoticiaz.com.br\\\/ribeiraopreto-regiao\\\/sp\\\/author\\\/carinareifonas\"}]}<\/script>\n<!-- \/ Yoast SEO plugin. -->","yoast_head_json":{"title":"Munic\u00edpio de Gua\u00edra far\u00e1 exposi\u00e7\u00e3o na Feira do Empreendedor em S\u00e3o Paulo - Ribeir\u00e3o Preto e Regi\u00e3o","description":"A prefeitura de Gua\u00edra estar\u00e1 como expositora na Feira do Empreendedor (FE23), promovida pelo Sebrae-SP, entre 16 e 19 de outubro.","robots":{"index":"index","follow":"follow","max-snippet":"max-snippet:-1","max-image-preview":"max-image-preview:large","max-video-preview":"max-video-preview:-1"},"canonical":"https:\/\/redenoticiaz.com.br\/ribeiraopreto-regiao\/sp\/2023\/10\/13\/municipio-de-guaira-fara-exposicao-na-feira-do-empreendedor-em-sao-paulo","og_locale":"pt_BR","og_type":"article","og_title":"Munic\u00edpio de Gua\u00edra far\u00e1 exposi\u00e7\u00e3o na Feira do Empreendedor em S\u00e3o Paulo - Ribeir\u00e3o Preto e Regi\u00e3o","og_description":"A prefeitura de Gua\u00edra estar\u00e1 como expositora na Feira do Empreendedor (FE23), promovida pelo Sebrae-SP, entre 16 e 19 de outubro.","og_url":"https:\/\/redenoticiaz.com.br\/ribeiraopreto-regiao\/sp\/2023\/10\/13\/municipio-de-guaira-fara-exposicao-na-feira-do-empreendedor-em-sao-paulo","og_site_name":"Ribeir\u00e3o Preto e Regi\u00e3o","article_publisher":"https:\/\/m.facebook.com\/redenoticiaz.barretos","article_published_time":"2023-10-13T16:23:15+00:00","og_image":[{"width":651,"height":447,"url":"https:\/\/redenoticiaz.com.br\/ribeiraopreto-regiao\/wp-content\/uploads\/sites\/4\/2023\/10\/65634353-ab23-4853-9518-142871cf8743.jpg","type":"image\/jpeg"}],"author":"Carina Reifonas","twitter_card":"summary_large_image","twitter_creator":"@RN_barretos","twitter_site":"@RN_barretos","twitter_misc":{"Escrito por":"Carina Reifonas","Est. tempo de leitura":"2 minutos"},"schema":{"@context":"https:\/\/schema.org","@graph":[{"@type":"Article","@id":"https:\/\/redenoticiaz.com.br\/ribeiraopreto-regiao\/sp\/2023\/10\/13\/municipio-de-guaira-fara-exposicao-na-feira-do-empreendedor-em-sao-paulo#article","isPartOf":{"@id":"https:\/\/redenoticiaz.com.br\/ribeiraopreto-regiao\/sp\/2023\/10\/13\/municipio-de-guaira-fara-exposicao-na-feira-do-empreendedor-em-sao-paulo"},"author":{"name":"Carina Reifonas","@id":"https:\/\/redenoticiaz.com.br\/ribeiraopreto-regiao\/#\/schema\/person\/1f84d6e94e6a62d2d81199d7503e9e90"},"headline":"Munic\u00edpio de Gua\u00edra far\u00e1 exposi\u00e7\u00e3o na Feira do Empreendedor em S\u00e3o Paulo","datePublished":"2023-10-13T16:23:15+00:00","mainEntityOfPage":{"@id":"https:\/\/redenoticiaz.com.br\/ribeiraopreto-regiao\/sp\/2023\/10\/13\/municipio-de-guaira-fara-exposicao-na-feira-do-empreendedor-em-sao-paulo"},"wordCount":306,"commentCount":0,"publisher":{"@id":"https:\/\/redenoticiaz.com.br\/ribeiraopreto-regiao\/#organization"},"image":{"@id":"https:\/\/redenoticiaz.com.br\/ribeiraopreto-regiao\/sp\/2023\/10\/13\/municipio-de-guaira-fara-exposicao-na-feira-do-empreendedor-em-sao-paulo#primaryimage"},"thumbnailUrl":"https:\/\/redenoticiaz.com.br\/ribeiraopreto-regiao\/wp-content\/uploads\/sites\/4\/2023\/10\/65634353-ab23-4853-9518-142871cf8743.jpg","keywords":["FEIRA DO EMPREENDEDOR","GUA\u00cdRA","S\u00e3o Paulo"],"articleSection":["Turismo"],"inLanguage":"pt-BR","potentialAction":[{"@type":"CommentAction","name":"Comment","target":["https:\/\/redenoticiaz.com.br\/ribeiraopreto-regiao\/sp\/2023\/10\/13\/municipio-de-guaira-fara-exposicao-na-feira-do-empreendedor-em-sao-paulo#respond"]}]},{"@type":"WebPage","@id":"https:\/\/redenoticiaz.com.br\/ribeiraopreto-regiao\/sp\/2023\/10\/13\/municipio-de-guaira-fara-exposicao-na-feira-do-empreendedor-em-sao-paulo","url":"https:\/\/redenoticiaz.com.br\/ribeiraopreto-regiao\/sp\/2023\/10\/13\/municipio-de-guaira-fara-exposicao-na-feira-do-empreendedor-em-sao-paulo","name":"Munic\u00edpio de Gua\u00edra far\u00e1 exposi\u00e7\u00e3o na Feira do Empreendedor em S\u00e3o Paulo - Ribeir\u00e3o Preto e Regi\u00e3o","isPartOf":{"@id":"https:\/\/redenoticiaz.com.br\/ribeiraopreto-regiao\/#website"},"primaryImageOfPage":{"@id":"https:\/\/redenoticiaz.com.br\/ribeiraopreto-regiao\/sp\/2023\/10\/13\/municipio-de-guaira-fara-exposicao-na-feira-do-empreendedor-em-sao-paulo#primaryimage"},"image":{"@id":"https:\/\/redenoticiaz.com.br\/ribeiraopreto-regiao\/sp\/2023\/10\/13\/municipio-de-guaira-fara-exposicao-na-feira-do-empreendedor-em-sao-paulo#primaryimage"},"thumbnailUrl":"https:\/\/redenoticiaz.com.br\/ribeiraopreto-regiao\/wp-content\/uploads\/sites\/4\/2023\/10\/65634353-ab23-4853-9518-142871cf8743.jpg","datePublished":"2023-10-13T16:23:15+00:00","description":"A prefeitura de Gua\u00edra estar\u00e1 como expositora na Feira do Empreendedor (FE23), promovida pelo Sebrae-SP, entre 16 e 19 de outubro.","inLanguage":"pt-BR","potentialAction":[{"@type":"ReadAction","target":["https:\/\/redenoticiaz.com.br\/ribeiraopreto-regiao\/sp\/2023\/10\/13\/municipio-de-guaira-fara-exposicao-na-feira-do-empreendedor-em-sao-paulo"]}]},{"@type":"ImageObject","inLanguage":"pt-BR","@id":"https:\/\/redenoticiaz.com.br\/ribeiraopreto-regiao\/sp\/2023\/10\/13\/municipio-de-guaira-fara-exposicao-na-feira-do-empreendedor-em-sao-paulo#primaryimage","url":"https:\/\/redenoticiaz.com.br\/ribeiraopreto-regiao\/wp-content\/uploads\/sites\/4\/2023\/10\/65634353-ab23-4853-9518-142871cf8743.jpg","contentUrl":"https:\/\/redenoticiaz.com.br\/ribeiraopreto-regiao\/wp-content\/uploads\/sites\/4\/2023\/10\/65634353-ab23-4853-9518-142871cf8743.jpg","width":651,"height":447},{"@type":"WebSite","@id":"https:\/\/redenoticiaz.com.br\/ribeiraopreto-regiao\/#website","url":"https:\/\/redenoticiaz.com.br\/ribeiraopreto-regiao\/","name":"Ribeir\u00e3o Preto e Regi\u00e3o","description":"Rede NoticiaZ - Ribeir\u00e3o Preto e regi\u00e3o","publisher":{"@id":"https:\/\/redenoticiaz.com.br\/ribeiraopreto-regiao\/#organization"},"potentialAction":[{"@type":"SearchAction","target":{"@type":"EntryPoint","urlTemplate":"https:\/\/redenoticiaz.com.br\/ribeiraopreto-regiao\/?s={search_term_string}"},"query-input":{"@type":"PropertyValueSpecification","valueRequired":true,"valueName":"search_term_string"}}],"inLanguage":"pt-BR"},{"@type":"Organization","@id":"https:\/\/redenoticiaz.com.br\/ribeiraopreto-regiao\/#organization","name":"Ribeir\u00e3o Preto e Regi\u00e3o","url":"https:\/\/redenoticiaz.com.br\/ribeiraopreto-regiao\/","logo":{"@type":"ImageObject","inLanguage":"pt-BR","@id":"https:\/\/redenoticiaz.com.br\/ribeiraopreto-regiao\/#\/schema\/logo\/image\/","url":"https:\/\/redenoticiaz.com.br\/barretos-regiao\/wp-content\/uploads\/sites\/4\/2022\/02\/logo.jpg","contentUrl":"https:\/\/redenoticiaz.com.br\/barretos-regiao\/wp-content\/uploads\/sites\/4\/2022\/02\/logo.jpg","width":400,"height":250,"caption":"Ribeir\u00e3o Preto e Regi\u00e3o"},"image":{"@id":"https:\/\/redenoticiaz.com.br\/ribeiraopreto-regiao\/#\/schema\/logo\/image\/"},"sameAs":["https:\/\/m.facebook.com\/redenoticiaz.barretos","https:\/\/x.com\/RN_barretos","https:\/\/www.instagram.com\/redenoticiaz.barretos\/?igshid=YmMyMTA2M2Y","https:\/\/www.linkedin.com\/company\/rede-noticiaz-barretos-e-regio\/"]},{"@type":"Person","@id":"https:\/\/redenoticiaz.com.br\/ribeiraopreto-regiao\/#\/schema\/person\/1f84d6e94e6a62d2d81199d7503e9e90","name":"Carina Reifonas","image":{"@type":"ImageObject","inLanguage":"pt-BR","@id":"https:\/\/secure.gravatar.com\/avatar\/04c59859b23696cf867715880f81d5c037e60109730bdb4e6670ec2a2245bc97?s=96&d=mm&r=g","url":"https:\/\/secure.gravatar.com\/avatar\/04c59859b23696cf867715880f81d5c037e60109730bdb4e6670ec2a2245bc97?s=96&d=mm&r=g","contentUrl":"https:\/\/secure.gravatar.com\/avatar\/04c59859b23696cf867715880f81d5c037e60109730bdb4e6670ec2a2245bc97?s=96&d=mm&r=g","caption":"Carina Reifonas"},"url":"https:\/\/redenoticiaz.com.br\/ribeiraopreto-regiao\/sp\/author\/carinareifonas"}]}},"_links":{"self":[{"href":"https:\/\/redenoticiaz.com.br\/ribeiraopreto-regiao\/wp-json\/wp\/v2\/posts\/111633","targetHints":{"allow":["GET"]}}],"collection":[{"href":"https:\/\/redenoticiaz.com.br\/ribeiraopreto-regiao\/wp-json\/wp\/v2\/posts"}],"about":[{"href":"https:\/\/redenoticiaz.com.br\/ribeiraopreto-regiao\/wp-json\/wp\/v2\/types\/post"}],"author":[{"embeddable":true,"href":"https:\/\/redenoticiaz.com.br\/ribeiraopreto-regiao\/wp-json\/wp\/v2\/users\/30"}],"replies":[{"embeddable":true,"href":"https:\/\/redenoticiaz.com.br\/ribeiraopreto-regiao\/wp-json\/wp\/v2\/comments?post=111633"}],"version-history":[{"count":1,"href":"https:\/\/redenoticiaz.com.br\/ribeiraopreto-regiao\/wp-json\/wp\/v2\/posts\/111633\/revisions"}],"predecessor-version":[{"id":111635,"href":"https:\/\/redenoticiaz.com.br\/ribeiraopreto-regiao\/wp-json\/wp\/v2\/posts\/111633\/revisions\/111635"}],"wp:featuredmedia":[{"embeddable":true,"href":"https:\/\/redenoticiaz.com.br\/ribeiraopreto-regiao\/wp-json\/wp\/v2\/media\/111634"}],"wp:attachment":[{"href":"https:\/\/redenoticiaz.com.br\/ribeiraopreto-regiao\/wp-json\/wp\/v2\/media?parent=111633"}],"wp:term":[{"taxonomy":"category","embeddable":true,"href":"https:\/\/redenoticiaz.com.br\/ribeiraopreto-regiao\/wp-json\/wp\/v2\/categories?post=111633"},{"taxonomy":"post_tag","embeddable":true,"href":"https:\/\/redenoticiaz.com.br\/ribeiraopreto-regiao\/wp-json\/wp\/v2\/tags?post=111633"}],"curies":[{"name":"wp","href":"https:\/\/api.w.org\/{rel}","templated":true}]}}