{"id":111874,"date":"2023-10-23T15:33:19","date_gmt":"2023-10-23T18:33:19","guid":{"rendered":"https:\/\/redenoticiaz.com.br\/barretos-regiao\/?p=111874"},"modified":"2023-10-23T15:33:19","modified_gmt":"2023-10-23T18:33:19","slug":"vem-ai-a-2a-edicao-do-terror-no-museu-em-olimpia","status":"publish","type":"post","link":"https:\/\/redenoticiaz.com.br\/ribeiraopreto-regiao\/sp\/2023\/10\/23\/vem-ai-a-2a-edicao-do-terror-no-museu-em-olimpia","title":{"rendered":"Vem a\u00ed a 2\u00aa edi\u00e7\u00e3o do \u2018Terror no Museu\u2019 em Ol\u00edmpia"},"content":{"rendered":"<p>Ap\u00f3s o sucesso do ano passado, a 2\u00aa edi\u00e7\u00e3o do \u201cTerror no Museu\u201d chega em 2023 maior e mais \u201caterrorizante\u201d. \u201cPreparem-se para uma experi\u00eancia de arrepiar\u201d, avisa Juan Espeche, gestor dos parques tem\u00e1ticos do grupo Dreams em Ol\u00edmpia e idealizador do projeto.<\/p>\n<p>Pegando carona no clima do \u201cHalloween\u201d, comemorado em 31 de outubro, o Dreamland Museu de Cera de Ol\u00edmpia promove a 2\u00aa evento \u201cTerror no Museu\u201d. Monstros, assombra\u00e7\u00f5es, palha\u00e7os macabros e freiras aterrorizantes, todos bem conhecidos da cultura pop, v\u00e3o garantir a divers\u00e3o e, claro, tamb\u00e9m muitos sustos, de 27 de outubro a 5 de novembro.<\/p>\n<p>Os visitantes poder\u00e3o interagir com personagens ao vivo, cen\u00e1rios exclusivos e maquiagem de terror tridimensionais e hiper-realistas, realizadas por maquiadores profissionais.<\/p>\n<p>O evento \u00e9 idealizado pelos mesmos produtores das hist\u00f3ricas \u201c\u2019Noites do Terror\u201d, do Playcenter, e seguir\u00e1 o padr\u00e3o de grandes eventos na capital, com ambienta\u00e7\u00e3o musical e atores profissionais.<\/p>\n<p>LEIA MAIS<\/p>\n<p><a href=\"https:\/\/redenoticiaz.com.br\/barretos-regiao\/sp\/2023\/10\/23\/video-eduardo-bolsonaro-e-cortado-ao-vivo-em-tv-argentina\">V\u00cdDEO \u2013 Eduardo Bolsonaro \u00e9 cortado ao vivo em TV argentina<\/a><\/p>\n<p><a href=\"https:\/\/redenoticiaz.com.br\/barretos-regiao\/sp\/2023\/10\/23\/ataque-com-arma-em-escola-mata-uma-aluna-e-deixa-tres-feridos\">Ataque com arma em escola mata uma aluna e deixa tr\u00eas feridos<\/a><br \/>\n<a href=\"https:\/\/redenoticiaz.com.br\/barretos-regiao\/sp\/2023\/10\/22\/dobradinha-brasileira-no-podio-dos-jogos-pan-americanos-de-santiago\">Dobradinha brasileira no p\u00f3dio dos Jogos Pan-Americanos de Santiago<\/a><br \/>\n&nbsp;<\/p>\n","protected":false},"excerpt":{"rendered":"<p>Ap\u00f3s o sucesso do ano passado, a 2\u00aa edi\u00e7\u00e3o do \u201cTerror no Museu\u201d chega em 2023 maior e mais \u201caterrorizante\u201d. \u201cPreparem-se para uma experi\u00eancia de arrepiar\u201d, avisa Juan Espeche, gestor dos parques tem\u00e1ticos do grupo Dreams em Ol\u00edmpia e idealizador do projeto. Pegando carona no clima do \u201cHalloween\u201d, comemorado em 31 de outubro, o Dreamland &hellip;<\/p>\n","protected":false},"author":30,"featured_media":111875,"comment_status":"open","ping_status":"closed","sticky":false,"template":"","format":"standard","meta":{"footnotes":""},"categories":[134],"tags":[1517,814,29263],"class_list":["post-111874","post","type-post","status-publish","format-standard","has-post-thumbnail","hentry","category-entretenimento","tag-museu-de-cera","tag-olimpia","tag-terror-no-museu"],"yoast_head":"<!-- This site is optimized with the Yoast SEO plugin v27.4 - https:\/\/yoast.com\/product\/yoast-seo-wordpress\/ -->\n<title>Vem a\u00ed a 2\u00aa edi\u00e7\u00e3o do \u2018Terror no Museu\u2019 em Ol\u00edmpia - Ribeir\u00e3o Preto e Regi\u00e3o<\/title>\n<meta name=\"description\" content=\"Ap\u00f3s o sucesso do ano passado, a 2\u00aa edi\u00e7\u00e3o do \u201cTerror no Museu\u201d chega em 2023 maior e mais \u201caterrorizante\u201d.\" \/>\n<meta name=\"robots\" content=\"index, follow, max-snippet:-1, max-image-preview:large, max-video-preview:-1\" \/>\n<link rel=\"canonical\" href=\"https:\/\/redenoticiaz.com.br\/ribeiraopreto-regiao\/sp\/2023\/10\/23\/vem-ai-a-2a-edicao-do-terror-no-museu-em-olimpia\" \/>\n<meta property=\"og:locale\" content=\"pt_BR\" \/>\n<meta property=\"og:type\" content=\"article\" \/>\n<meta property=\"og:title\" content=\"Vem a\u00ed a 2\u00aa edi\u00e7\u00e3o do \u2018Terror no Museu\u2019 em Ol\u00edmpia - Ribeir\u00e3o Preto e Regi\u00e3o\" \/>\n<meta property=\"og:description\" content=\"Ap\u00f3s o sucesso do ano passado, a 2\u00aa edi\u00e7\u00e3o do \u201cTerror no Museu\u201d chega em 2023 maior e mais \u201caterrorizante\u201d.\" \/>\n<meta property=\"og:url\" content=\"https:\/\/redenoticiaz.com.br\/ribeiraopreto-regiao\/sp\/2023\/10\/23\/vem-ai-a-2a-edicao-do-terror-no-museu-em-olimpia\" \/>\n<meta property=\"og:site_name\" content=\"Ribeir\u00e3o Preto e Regi\u00e3o\" \/>\n<meta property=\"article:publisher\" content=\"https:\/\/m.facebook.com\/redenoticiaz.barretos\" \/>\n<meta property=\"article:published_time\" content=\"2023-10-23T18:33:19+00:00\" \/>\n<meta property=\"og:image\" content=\"https:\/\/redenoticiaz.com.br\/ribeiraopreto-regiao\/wp-content\/uploads\/sites\/4\/2023\/10\/terrornomuseu_dreams-scaled.jpg\" \/>\n\t<meta property=\"og:image:width\" content=\"1620\" \/>\n\t<meta property=\"og:image:height\" content=\"1080\" \/>\n\t<meta property=\"og:image:type\" content=\"image\/jpeg\" \/>\n<meta name=\"author\" content=\"Carina Reifonas\" \/>\n<meta name=\"twitter:card\" content=\"summary_large_image\" \/>\n<meta name=\"twitter:creator\" content=\"@RN_barretos\" \/>\n<meta name=\"twitter:site\" content=\"@RN_barretos\" \/>\n<meta name=\"twitter:label1\" content=\"Escrito por\" \/>\n\t<meta name=\"twitter:data1\" content=\"Carina Reifonas\" \/>\n\t<meta name=\"twitter:label2\" content=\"Est. tempo de leitura\" \/>\n\t<meta name=\"twitter:data2\" content=\"1 minuto\" \/>\n<script type=\"application\/ld+json\" class=\"yoast-schema-graph\">{\"@context\":\"https:\\\/\\\/schema.org\",\"@graph\":[{\"@type\":\"Article\",\"@id\":\"https:\\\/\\\/redenoticiaz.com.br\\\/ribeiraopreto-regiao\\\/sp\\\/2023\\\/10\\\/23\\\/vem-ai-a-2a-edicao-do-terror-no-museu-em-olimpia#article\",\"isPartOf\":{\"@id\":\"https:\\\/\\\/redenoticiaz.com.br\\\/ribeiraopreto-regiao\\\/sp\\\/2023\\\/10\\\/23\\\/vem-ai-a-2a-edicao-do-terror-no-museu-em-olimpia\"},\"author\":{\"name\":\"Carina Reifonas\",\"@id\":\"https:\\\/\\\/redenoticiaz.com.br\\\/ribeiraopreto-regiao\\\/#\\\/schema\\\/person\\\/1f84d6e94e6a62d2d81199d7503e9e90\"},\"headline\":\"Vem a\u00ed a 2\u00aa edi\u00e7\u00e3o do \u2018Terror no Museu\u2019 em Ol\u00edmpia\",\"datePublished\":\"2023-10-23T18:33:19+00:00\",\"mainEntityOfPage\":{\"@id\":\"https:\\\/\\\/redenoticiaz.com.br\\\/ribeiraopreto-regiao\\\/sp\\\/2023\\\/10\\\/23\\\/vem-ai-a-2a-edicao-do-terror-no-museu-em-olimpia\"},\"wordCount\":204,\"commentCount\":0,\"publisher\":{\"@id\":\"https:\\\/\\\/redenoticiaz.com.br\\\/ribeiraopreto-regiao\\\/#organization\"},\"image\":{\"@id\":\"https:\\\/\\\/redenoticiaz.com.br\\\/ribeiraopreto-regiao\\\/sp\\\/2023\\\/10\\\/23\\\/vem-ai-a-2a-edicao-do-terror-no-museu-em-olimpia#primaryimage\"},\"thumbnailUrl\":\"https:\\\/\\\/redenoticiaz.com.br\\\/ribeiraopreto-regiao\\\/wp-content\\\/uploads\\\/sites\\\/4\\\/2023\\\/10\\\/terrornomuseu_dreams-scaled.jpg\",\"keywords\":[\"MUSEU DE CERA\",\"OLIMP\u00cdA\",\"Terror no Museu\"],\"articleSection\":[\"Entretenimento\"],\"inLanguage\":\"pt-BR\",\"potentialAction\":[{\"@type\":\"CommentAction\",\"name\":\"Comment\",\"target\":[\"https:\\\/\\\/redenoticiaz.com.br\\\/ribeiraopreto-regiao\\\/sp\\\/2023\\\/10\\\/23\\\/vem-ai-a-2a-edicao-do-terror-no-museu-em-olimpia#respond\"]}]},{\"@type\":\"WebPage\",\"@id\":\"https:\\\/\\\/redenoticiaz.com.br\\\/ribeiraopreto-regiao\\\/sp\\\/2023\\\/10\\\/23\\\/vem-ai-a-2a-edicao-do-terror-no-museu-em-olimpia\",\"url\":\"https:\\\/\\\/redenoticiaz.com.br\\\/ribeiraopreto-regiao\\\/sp\\\/2023\\\/10\\\/23\\\/vem-ai-a-2a-edicao-do-terror-no-museu-em-olimpia\",\"name\":\"Vem a\u00ed a 2\u00aa edi\u00e7\u00e3o do \u2018Terror no Museu\u2019 em Ol\u00edmpia - Ribeir\u00e3o Preto e Regi\u00e3o\",\"isPartOf\":{\"@id\":\"https:\\\/\\\/redenoticiaz.com.br\\\/ribeiraopreto-regiao\\\/#website\"},\"primaryImageOfPage\":{\"@id\":\"https:\\\/\\\/redenoticiaz.com.br\\\/ribeiraopreto-regiao\\\/sp\\\/2023\\\/10\\\/23\\\/vem-ai-a-2a-edicao-do-terror-no-museu-em-olimpia#primaryimage\"},\"image\":{\"@id\":\"https:\\\/\\\/redenoticiaz.com.br\\\/ribeiraopreto-regiao\\\/sp\\\/2023\\\/10\\\/23\\\/vem-ai-a-2a-edicao-do-terror-no-museu-em-olimpia#primaryimage\"},\"thumbnailUrl\":\"https:\\\/\\\/redenoticiaz.com.br\\\/ribeiraopreto-regiao\\\/wp-content\\\/uploads\\\/sites\\\/4\\\/2023\\\/10\\\/terrornomuseu_dreams-scaled.jpg\",\"datePublished\":\"2023-10-23T18:33:19+00:00\",\"description\":\"Ap\u00f3s o sucesso do ano passado, a 2\u00aa edi\u00e7\u00e3o do \u201cTerror no Museu\u201d chega em 2023 maior e mais \u201caterrorizante\u201d.\",\"inLanguage\":\"pt-BR\",\"potentialAction\":[{\"@type\":\"ReadAction\",\"target\":[\"https:\\\/\\\/redenoticiaz.com.br\\\/ribeiraopreto-regiao\\\/sp\\\/2023\\\/10\\\/23\\\/vem-ai-a-2a-edicao-do-terror-no-museu-em-olimpia\"]}]},{\"@type\":\"ImageObject\",\"inLanguage\":\"pt-BR\",\"@id\":\"https:\\\/\\\/redenoticiaz.com.br\\\/ribeiraopreto-regiao\\\/sp\\\/2023\\\/10\\\/23\\\/vem-ai-a-2a-edicao-do-terror-no-museu-em-olimpia#primaryimage\",\"url\":\"https:\\\/\\\/redenoticiaz.com.br\\\/ribeiraopreto-regiao\\\/wp-content\\\/uploads\\\/sites\\\/4\\\/2023\\\/10\\\/terrornomuseu_dreams-scaled.jpg\",\"contentUrl\":\"https:\\\/\\\/redenoticiaz.com.br\\\/ribeiraopreto-regiao\\\/wp-content\\\/uploads\\\/sites\\\/4\\\/2023\\\/10\\\/terrornomuseu_dreams-scaled.jpg\",\"width\":1620,\"height\":1080,\"caption\":\"Vem a\u00ed a 2\u00aa edi\u00e7\u00e3o do \u2018Terror no Museu\u2019 em Ol\u00edmpia\"},{\"@type\":\"WebSite\",\"@id\":\"https:\\\/\\\/redenoticiaz.com.br\\\/ribeiraopreto-regiao\\\/#website\",\"url\":\"https:\\\/\\\/redenoticiaz.com.br\\\/ribeiraopreto-regiao\\\/\",\"name\":\"Ribeir\u00e3o Preto e Regi\u00e3o\",\"description\":\"Rede NoticiaZ - Ribeir\u00e3o Preto e regi\u00e3o\",\"publisher\":{\"@id\":\"https:\\\/\\\/redenoticiaz.com.br\\\/ribeiraopreto-regiao\\\/#organization\"},\"potentialAction\":[{\"@type\":\"SearchAction\",\"target\":{\"@type\":\"EntryPoint\",\"urlTemplate\":\"https:\\\/\\\/redenoticiaz.com.br\\\/ribeiraopreto-regiao\\\/?s={search_term_string}\"},\"query-input\":{\"@type\":\"PropertyValueSpecification\",\"valueRequired\":true,\"valueName\":\"search_term_string\"}}],\"inLanguage\":\"pt-BR\"},{\"@type\":\"Organization\",\"@id\":\"https:\\\/\\\/redenoticiaz.com.br\\\/ribeiraopreto-regiao\\\/#organization\",\"name\":\"Ribeir\u00e3o Preto e Regi\u00e3o\",\"url\":\"https:\\\/\\\/redenoticiaz.com.br\\\/ribeiraopreto-regiao\\\/\",\"logo\":{\"@type\":\"ImageObject\",\"inLanguage\":\"pt-BR\",\"@id\":\"https:\\\/\\\/redenoticiaz.com.br\\\/ribeiraopreto-regiao\\\/#\\\/schema\\\/logo\\\/image\\\/\",\"url\":\"https:\\\/\\\/redenoticiaz.com.br\\\/barretos-regiao\\\/wp-content\\\/uploads\\\/sites\\\/4\\\/2022\\\/02\\\/logo.jpg\",\"contentUrl\":\"https:\\\/\\\/redenoticiaz.com.br\\\/barretos-regiao\\\/wp-content\\\/uploads\\\/sites\\\/4\\\/2022\\\/02\\\/logo.jpg\",\"width\":400,\"height\":250,\"caption\":\"Ribeir\u00e3o Preto e Regi\u00e3o\"},\"image\":{\"@id\":\"https:\\\/\\\/redenoticiaz.com.br\\\/ribeiraopreto-regiao\\\/#\\\/schema\\\/logo\\\/image\\\/\"},\"sameAs\":[\"https:\\\/\\\/m.facebook.com\\\/redenoticiaz.barretos\",\"https:\\\/\\\/x.com\\\/RN_barretos\",\"https:\\\/\\\/www.instagram.com\\\/redenoticiaz.barretos\\\/?igshid=YmMyMTA2M2Y\",\"https:\\\/\\\/www.linkedin.com\\\/company\\\/rede-noticiaz-barretos-e-regio\\\/\"]},{\"@type\":\"Person\",\"@id\":\"https:\\\/\\\/redenoticiaz.com.br\\\/ribeiraopreto-regiao\\\/#\\\/schema\\\/person\\\/1f84d6e94e6a62d2d81199d7503e9e90\",\"name\":\"Carina Reifonas\",\"image\":{\"@type\":\"ImageObject\",\"inLanguage\":\"pt-BR\",\"@id\":\"https:\\\/\\\/secure.gravatar.com\\\/avatar\\\/04c59859b23696cf867715880f81d5c037e60109730bdb4e6670ec2a2245bc97?s=96&d=mm&r=g\",\"url\":\"https:\\\/\\\/secure.gravatar.com\\\/avatar\\\/04c59859b23696cf867715880f81d5c037e60109730bdb4e6670ec2a2245bc97?s=96&d=mm&r=g\",\"contentUrl\":\"https:\\\/\\\/secure.gravatar.com\\\/avatar\\\/04c59859b23696cf867715880f81d5c037e60109730bdb4e6670ec2a2245bc97?s=96&d=mm&r=g\",\"caption\":\"Carina Reifonas\"},\"url\":\"https:\\\/\\\/redenoticiaz.com.br\\\/ribeiraopreto-regiao\\\/sp\\\/author\\\/carinareifonas\"}]}<\/script>\n<!-- \/ Yoast SEO plugin. -->","yoast_head_json":{"title":"Vem a\u00ed a 2\u00aa edi\u00e7\u00e3o do \u2018Terror no Museu\u2019 em Ol\u00edmpia - Ribeir\u00e3o Preto e Regi\u00e3o","description":"Ap\u00f3s o sucesso do ano passado, a 2\u00aa edi\u00e7\u00e3o do \u201cTerror no Museu\u201d chega em 2023 maior e mais \u201caterrorizante\u201d.","robots":{"index":"index","follow":"follow","max-snippet":"max-snippet:-1","max-image-preview":"max-image-preview:large","max-video-preview":"max-video-preview:-1"},"canonical":"https:\/\/redenoticiaz.com.br\/ribeiraopreto-regiao\/sp\/2023\/10\/23\/vem-ai-a-2a-edicao-do-terror-no-museu-em-olimpia","og_locale":"pt_BR","og_type":"article","og_title":"Vem a\u00ed a 2\u00aa edi\u00e7\u00e3o do \u2018Terror no Museu\u2019 em Ol\u00edmpia - Ribeir\u00e3o Preto e Regi\u00e3o","og_description":"Ap\u00f3s o sucesso do ano passado, a 2\u00aa edi\u00e7\u00e3o do \u201cTerror no Museu\u201d chega em 2023 maior e mais \u201caterrorizante\u201d.","og_url":"https:\/\/redenoticiaz.com.br\/ribeiraopreto-regiao\/sp\/2023\/10\/23\/vem-ai-a-2a-edicao-do-terror-no-museu-em-olimpia","og_site_name":"Ribeir\u00e3o Preto e Regi\u00e3o","article_publisher":"https:\/\/m.facebook.com\/redenoticiaz.barretos","article_published_time":"2023-10-23T18:33:19+00:00","og_image":[{"width":1620,"height":1080,"url":"https:\/\/redenoticiaz.com.br\/ribeiraopreto-regiao\/wp-content\/uploads\/sites\/4\/2023\/10\/terrornomuseu_dreams-scaled.jpg","type":"image\/jpeg"}],"author":"Carina Reifonas","twitter_card":"summary_large_image","twitter_creator":"@RN_barretos","twitter_site":"@RN_barretos","twitter_misc":{"Escrito por":"Carina Reifonas","Est. tempo de leitura":"1 minuto"},"schema":{"@context":"https:\/\/schema.org","@graph":[{"@type":"Article","@id":"https:\/\/redenoticiaz.com.br\/ribeiraopreto-regiao\/sp\/2023\/10\/23\/vem-ai-a-2a-edicao-do-terror-no-museu-em-olimpia#article","isPartOf":{"@id":"https:\/\/redenoticiaz.com.br\/ribeiraopreto-regiao\/sp\/2023\/10\/23\/vem-ai-a-2a-edicao-do-terror-no-museu-em-olimpia"},"author":{"name":"Carina Reifonas","@id":"https:\/\/redenoticiaz.com.br\/ribeiraopreto-regiao\/#\/schema\/person\/1f84d6e94e6a62d2d81199d7503e9e90"},"headline":"Vem a\u00ed a 2\u00aa edi\u00e7\u00e3o do \u2018Terror no Museu\u2019 em Ol\u00edmpia","datePublished":"2023-10-23T18:33:19+00:00","mainEntityOfPage":{"@id":"https:\/\/redenoticiaz.com.br\/ribeiraopreto-regiao\/sp\/2023\/10\/23\/vem-ai-a-2a-edicao-do-terror-no-museu-em-olimpia"},"wordCount":204,"commentCount":0,"publisher":{"@id":"https:\/\/redenoticiaz.com.br\/ribeiraopreto-regiao\/#organization"},"image":{"@id":"https:\/\/redenoticiaz.com.br\/ribeiraopreto-regiao\/sp\/2023\/10\/23\/vem-ai-a-2a-edicao-do-terror-no-museu-em-olimpia#primaryimage"},"thumbnailUrl":"https:\/\/redenoticiaz.com.br\/ribeiraopreto-regiao\/wp-content\/uploads\/sites\/4\/2023\/10\/terrornomuseu_dreams-scaled.jpg","keywords":["MUSEU DE CERA","OLIMP\u00cdA","Terror no Museu"],"articleSection":["Entretenimento"],"inLanguage":"pt-BR","potentialAction":[{"@type":"CommentAction","name":"Comment","target":["https:\/\/redenoticiaz.com.br\/ribeiraopreto-regiao\/sp\/2023\/10\/23\/vem-ai-a-2a-edicao-do-terror-no-museu-em-olimpia#respond"]}]},{"@type":"WebPage","@id":"https:\/\/redenoticiaz.com.br\/ribeiraopreto-regiao\/sp\/2023\/10\/23\/vem-ai-a-2a-edicao-do-terror-no-museu-em-olimpia","url":"https:\/\/redenoticiaz.com.br\/ribeiraopreto-regiao\/sp\/2023\/10\/23\/vem-ai-a-2a-edicao-do-terror-no-museu-em-olimpia","name":"Vem a\u00ed a 2\u00aa edi\u00e7\u00e3o do \u2018Terror no Museu\u2019 em Ol\u00edmpia - Ribeir\u00e3o Preto e Regi\u00e3o","isPartOf":{"@id":"https:\/\/redenoticiaz.com.br\/ribeiraopreto-regiao\/#website"},"primaryImageOfPage":{"@id":"https:\/\/redenoticiaz.com.br\/ribeiraopreto-regiao\/sp\/2023\/10\/23\/vem-ai-a-2a-edicao-do-terror-no-museu-em-olimpia#primaryimage"},"image":{"@id":"https:\/\/redenoticiaz.com.br\/ribeiraopreto-regiao\/sp\/2023\/10\/23\/vem-ai-a-2a-edicao-do-terror-no-museu-em-olimpia#primaryimage"},"thumbnailUrl":"https:\/\/redenoticiaz.com.br\/ribeiraopreto-regiao\/wp-content\/uploads\/sites\/4\/2023\/10\/terrornomuseu_dreams-scaled.jpg","datePublished":"2023-10-23T18:33:19+00:00","description":"Ap\u00f3s o sucesso do ano passado, a 2\u00aa edi\u00e7\u00e3o do \u201cTerror no Museu\u201d chega em 2023 maior e mais \u201caterrorizante\u201d.","inLanguage":"pt-BR","potentialAction":[{"@type":"ReadAction","target":["https:\/\/redenoticiaz.com.br\/ribeiraopreto-regiao\/sp\/2023\/10\/23\/vem-ai-a-2a-edicao-do-terror-no-museu-em-olimpia"]}]},{"@type":"ImageObject","inLanguage":"pt-BR","@id":"https:\/\/redenoticiaz.com.br\/ribeiraopreto-regiao\/sp\/2023\/10\/23\/vem-ai-a-2a-edicao-do-terror-no-museu-em-olimpia#primaryimage","url":"https:\/\/redenoticiaz.com.br\/ribeiraopreto-regiao\/wp-content\/uploads\/sites\/4\/2023\/10\/terrornomuseu_dreams-scaled.jpg","contentUrl":"https:\/\/redenoticiaz.com.br\/ribeiraopreto-regiao\/wp-content\/uploads\/sites\/4\/2023\/10\/terrornomuseu_dreams-scaled.jpg","width":1620,"height":1080,"caption":"Vem a\u00ed a 2\u00aa edi\u00e7\u00e3o do \u2018Terror no Museu\u2019 em Ol\u00edmpia"},{"@type":"WebSite","@id":"https:\/\/redenoticiaz.com.br\/ribeiraopreto-regiao\/#website","url":"https:\/\/redenoticiaz.com.br\/ribeiraopreto-regiao\/","name":"Ribeir\u00e3o Preto e Regi\u00e3o","description":"Rede NoticiaZ - Ribeir\u00e3o Preto e regi\u00e3o","publisher":{"@id":"https:\/\/redenoticiaz.com.br\/ribeiraopreto-regiao\/#organization"},"potentialAction":[{"@type":"SearchAction","target":{"@type":"EntryPoint","urlTemplate":"https:\/\/redenoticiaz.com.br\/ribeiraopreto-regiao\/?s={search_term_string}"},"query-input":{"@type":"PropertyValueSpecification","valueRequired":true,"valueName":"search_term_string"}}],"inLanguage":"pt-BR"},{"@type":"Organization","@id":"https:\/\/redenoticiaz.com.br\/ribeiraopreto-regiao\/#organization","name":"Ribeir\u00e3o Preto e Regi\u00e3o","url":"https:\/\/redenoticiaz.com.br\/ribeiraopreto-regiao\/","logo":{"@type":"ImageObject","inLanguage":"pt-BR","@id":"https:\/\/redenoticiaz.com.br\/ribeiraopreto-regiao\/#\/schema\/logo\/image\/","url":"https:\/\/redenoticiaz.com.br\/barretos-regiao\/wp-content\/uploads\/sites\/4\/2022\/02\/logo.jpg","contentUrl":"https:\/\/redenoticiaz.com.br\/barretos-regiao\/wp-content\/uploads\/sites\/4\/2022\/02\/logo.jpg","width":400,"height":250,"caption":"Ribeir\u00e3o Preto e Regi\u00e3o"},"image":{"@id":"https:\/\/redenoticiaz.com.br\/ribeiraopreto-regiao\/#\/schema\/logo\/image\/"},"sameAs":["https:\/\/m.facebook.com\/redenoticiaz.barretos","https:\/\/x.com\/RN_barretos","https:\/\/www.instagram.com\/redenoticiaz.barretos\/?igshid=YmMyMTA2M2Y","https:\/\/www.linkedin.com\/company\/rede-noticiaz-barretos-e-regio\/"]},{"@type":"Person","@id":"https:\/\/redenoticiaz.com.br\/ribeiraopreto-regiao\/#\/schema\/person\/1f84d6e94e6a62d2d81199d7503e9e90","name":"Carina Reifonas","image":{"@type":"ImageObject","inLanguage":"pt-BR","@id":"https:\/\/secure.gravatar.com\/avatar\/04c59859b23696cf867715880f81d5c037e60109730bdb4e6670ec2a2245bc97?s=96&d=mm&r=g","url":"https:\/\/secure.gravatar.com\/avatar\/04c59859b23696cf867715880f81d5c037e60109730bdb4e6670ec2a2245bc97?s=96&d=mm&r=g","contentUrl":"https:\/\/secure.gravatar.com\/avatar\/04c59859b23696cf867715880f81d5c037e60109730bdb4e6670ec2a2245bc97?s=96&d=mm&r=g","caption":"Carina Reifonas"},"url":"https:\/\/redenoticiaz.com.br\/ribeiraopreto-regiao\/sp\/author\/carinareifonas"}]}},"_links":{"self":[{"href":"https:\/\/redenoticiaz.com.br\/ribeiraopreto-regiao\/wp-json\/wp\/v2\/posts\/111874","targetHints":{"allow":["GET"]}}],"collection":[{"href":"https:\/\/redenoticiaz.com.br\/ribeiraopreto-regiao\/wp-json\/wp\/v2\/posts"}],"about":[{"href":"https:\/\/redenoticiaz.com.br\/ribeiraopreto-regiao\/wp-json\/wp\/v2\/types\/post"}],"author":[{"embeddable":true,"href":"https:\/\/redenoticiaz.com.br\/ribeiraopreto-regiao\/wp-json\/wp\/v2\/users\/30"}],"replies":[{"embeddable":true,"href":"https:\/\/redenoticiaz.com.br\/ribeiraopreto-regiao\/wp-json\/wp\/v2\/comments?post=111874"}],"version-history":[{"count":1,"href":"https:\/\/redenoticiaz.com.br\/ribeiraopreto-regiao\/wp-json\/wp\/v2\/posts\/111874\/revisions"}],"predecessor-version":[{"id":111876,"href":"https:\/\/redenoticiaz.com.br\/ribeiraopreto-regiao\/wp-json\/wp\/v2\/posts\/111874\/revisions\/111876"}],"wp:featuredmedia":[{"embeddable":true,"href":"https:\/\/redenoticiaz.com.br\/ribeiraopreto-regiao\/wp-json\/wp\/v2\/media\/111875"}],"wp:attachment":[{"href":"https:\/\/redenoticiaz.com.br\/ribeiraopreto-regiao\/wp-json\/wp\/v2\/media?parent=111874"}],"wp:term":[{"taxonomy":"category","embeddable":true,"href":"https:\/\/redenoticiaz.com.br\/ribeiraopreto-regiao\/wp-json\/wp\/v2\/categories?post=111874"},{"taxonomy":"post_tag","embeddable":true,"href":"https:\/\/redenoticiaz.com.br\/ribeiraopreto-regiao\/wp-json\/wp\/v2\/tags?post=111874"}],"curies":[{"name":"wp","href":"https:\/\/api.w.org\/{rel}","templated":true}]}}