{"id":111879,"date":"2023-10-23T15:56:20","date_gmt":"2023-10-23T18:56:20","guid":{"rendered":"https:\/\/redenoticiaz.com.br\/barretos-regiao\/?p=111879"},"modified":"2023-10-23T16:05:27","modified_gmt":"2023-10-23T19:05:27","slug":"o-que-aponta-o-laudo-medico-do-acusado-de-assassinato-entenda","status":"publish","type":"post","link":"https:\/\/redenoticiaz.com.br\/ribeiraopreto-regiao\/sp\/2023\/10\/23\/o-que-aponta-o-laudo-medico-do-acusado-de-assassinato-entenda","title":{"rendered":"O que aponta o laudo m\u00e9dico do acusado de assassinato? Entenda"},"content":{"rendered":"<p>Um laudo m\u00e9dico emitido pelo psiquiatra forense Hewdy Lobo Ribeiro, em conjunto com uma equipe de psic\u00f3logos, trouxe \u00e0 tona uma nova perspectiva no caso do jovem Leonardo Silva, de 18 anos, acusado de um crime que chocou a comunidade. Leonardo \u00e9 suspeito de <a href=\"https:\/\/redenoticiaz.com.br\/barretos-regiao\/sp\/2023\/08\/18\/realizada-a-reconstituicao-do-caso-da-mulher-encontrada-enterrada-no-quintal\" target=\"_blank\" rel=\"noopener\">matar e enterrar o corpo de Nilza Costa Pingoud, de 62 anos, no quintal da resid\u00eancia dela.<\/a><\/p>\n<p>De acordo com o documento, Leonardo Silva \u00e9 diagnosticado com Transtorno de Personalidade Esquizoide, Transtorno de Personalidade com Instabilidade Emocional &#8211; Comportamentos Impulsivos, al\u00e9m de outros Transtornos Mentais e Comportamentais associados ao uso de m\u00faltiplas drogas e subst\u00e2ncias psicoativas.<\/p>\n<p>Hewdy Lobo Ribeiro, especialista na \u00e1rea, afirmou que a avalia\u00e7\u00e3o desses transtornos, com base nas informa\u00e7\u00f5es fornecidas por Leonardo e sua m\u00e3e, levou \u00e0 conclus\u00e3o de que o acusado apresenta s\u00e9rios problemas de sa\u00fade mental. Essas condi\u00e7\u00f5es o enquadram na categoria de indiv\u00edduos que necessitam de cuidados e tratamento em sa\u00fade mental e f\u00edsica.<\/p>\n<p>O <a href=\"https:\/\/redenoticiaz.com.br\/barretos-regiao\/sp\/2023\/10\/20\/jovem-acusado-de-assassinato-em-barretos-tem-julgamento-marcado\" target=\"_blank\" rel=\"noopener\">julgamento de Leonardo Silva<\/a> est\u00e1 programado para ocorrer em 15 de dezembro. No entanto, o juiz Luciano de Oliveira Silva ainda n\u00e3o se pronunciou sobre a aceita\u00e7\u00e3o do pedido de insanidade mental, o que poderia ter um impacto significativo no desenrolar do caso. A decis\u00e3o do juiz sobre a quest\u00e3o ser\u00e1 aguardada com grande expectativa, uma vez que poder\u00e1 determinar o curso futuro do processo judicial.<\/p>\n<p>LEIA MAIS<\/p>\n<p><a href=\"https:\/\/redenoticiaz.com.br\/barretos-regiao\/sp\/2023\/10\/23\/vem-ai-a-2a-edicao-do-terror-no-museu-em-olimpia\">Vem a\u00ed a 2\u00aa edi\u00e7\u00e3o do \u2018Terror no Museu\u2019 em Ol\u00edmpia<\/a><\/p>\n<p><a href=\"https:\/\/redenoticiaz.com.br\/barretos-regiao\/sp\/2023\/10\/23\/video-eduardo-bolsonaro-e-cortado-ao-vivo-em-tv-argentina\">V\u00cdDEO \u2013 Eduardo Bolsonaro \u00e9 cortado ao vivo em TV argentina<\/a><br \/>\n<a href=\"https:\/\/redenoticiaz.com.br\/barretos-regiao\/sp\/2023\/10\/23\/ataque-com-arma-em-escola-mata-uma-aluna-e-deixa-tres-feridos\">Ataque com arma em escola mata uma aluna e deixa tr\u00eas feridos<\/a><\/p>\n","protected":false},"excerpt":{"rendered":"<p>Um laudo m\u00e9dico emitido pelo psiquiatra forense Hewdy Lobo Ribeiro, em conjunto com uma equipe de psic\u00f3logos, trouxe \u00e0 tona uma nova perspectiva no caso do jovem Leonardo Silva, de 18 anos, acusado de um crime que chocou a comunidade. Leonardo \u00e9 suspeito de matar e enterrar o corpo de Nilza Costa Pingoud, de 62 &hellip;<\/p>\n","protected":false},"author":30,"featured_media":111812,"comment_status":"open","ping_status":"closed","sticky":false,"template":"","format":"standard","meta":{"footnotes":""},"categories":[88],"tags":[29264,29249,24588],"class_list":["post-111879","post","type-post","status-publish","format-standard","has-post-thumbnail","hentry","category-policia","tag-laudo-medico","tag-leonardo-silva","tag-transtorno"],"yoast_head":"<!-- This site is optimized with the Yoast SEO plugin v27.5 - https:\/\/yoast.com\/product\/yoast-seo-wordpress\/ -->\n<title>O que aponta o laudo m\u00e9dico do acusado de assassinato? Entenda - Ribeir\u00e3o Preto e Regi\u00e3o<\/title>\n<meta name=\"description\" content=\"Um laudo m\u00e9dico emitido pelo psiquiatra forense Hewdy Lobo Ribeiro, em conjunto com uma equipe de psic\u00f3logos, trouxe \u00e0 tona uma nova perspectiva.\" \/>\n<meta name=\"robots\" content=\"index, follow, max-snippet:-1, max-image-preview:large, max-video-preview:-1\" \/>\n<link rel=\"canonical\" href=\"https:\/\/redenoticiaz.com.br\/ribeiraopreto-regiao\/sp\/2023\/10\/23\/o-que-aponta-o-laudo-medico-do-acusado-de-assassinato-entenda\" \/>\n<meta property=\"og:locale\" content=\"pt_BR\" \/>\n<meta property=\"og:type\" content=\"article\" \/>\n<meta property=\"og:title\" content=\"O que aponta o laudo m\u00e9dico do acusado de assassinato? Entenda - Ribeir\u00e3o Preto e Regi\u00e3o\" \/>\n<meta property=\"og:description\" content=\"Um laudo m\u00e9dico emitido pelo psiquiatra forense Hewdy Lobo Ribeiro, em conjunto com uma equipe de psic\u00f3logos, trouxe \u00e0 tona uma nova perspectiva.\" \/>\n<meta property=\"og:url\" content=\"https:\/\/redenoticiaz.com.br\/ribeiraopreto-regiao\/sp\/2023\/10\/23\/o-que-aponta-o-laudo-medico-do-acusado-de-assassinato-entenda\" \/>\n<meta property=\"og:site_name\" content=\"Ribeir\u00e3o Preto e Regi\u00e3o\" \/>\n<meta property=\"article:publisher\" content=\"https:\/\/m.facebook.com\/redenoticiaz.barretos\" \/>\n<meta property=\"article:published_time\" content=\"2023-10-23T18:56:20+00:00\" \/>\n<meta property=\"article:modified_time\" content=\"2023-10-23T19:05:27+00:00\" \/>\n<meta property=\"og:image\" content=\"https:\/\/redenoticiaz.com.br\/ribeiraopreto-regiao\/wp-content\/uploads\/sites\/4\/2023\/10\/6.png\" \/>\n\t<meta property=\"og:image:width\" content=\"1200\" \/>\n\t<meta property=\"og:image:height\" content=\"700\" \/>\n\t<meta property=\"og:image:type\" content=\"image\/png\" \/>\n<meta name=\"author\" content=\"Carina Reifonas\" \/>\n<meta name=\"twitter:card\" content=\"summary_large_image\" \/>\n<meta name=\"twitter:creator\" content=\"@RN_barretos\" \/>\n<meta name=\"twitter:site\" content=\"@RN_barretos\" \/>\n<meta name=\"twitter:label1\" content=\"Escrito por\" \/>\n\t<meta name=\"twitter:data1\" content=\"Carina Reifonas\" \/>\n\t<meta name=\"twitter:label2\" content=\"Est. tempo de leitura\" \/>\n\t<meta name=\"twitter:data2\" content=\"2 minutos\" \/>\n<script type=\"application\/ld+json\" class=\"yoast-schema-graph\">{\"@context\":\"https:\\\/\\\/schema.org\",\"@graph\":[{\"@type\":\"Article\",\"@id\":\"https:\\\/\\\/redenoticiaz.com.br\\\/ribeiraopreto-regiao\\\/sp\\\/2023\\\/10\\\/23\\\/o-que-aponta-o-laudo-medico-do-acusado-de-assassinato-entenda#article\",\"isPartOf\":{\"@id\":\"https:\\\/\\\/redenoticiaz.com.br\\\/ribeiraopreto-regiao\\\/sp\\\/2023\\\/10\\\/23\\\/o-que-aponta-o-laudo-medico-do-acusado-de-assassinato-entenda\"},\"author\":{\"name\":\"Carina Reifonas\",\"@id\":\"https:\\\/\\\/redenoticiaz.com.br\\\/ribeiraopreto-regiao\\\/#\\\/schema\\\/person\\\/1f84d6e94e6a62d2d81199d7503e9e90\"},\"headline\":\"O que aponta o laudo m\u00e9dico do acusado de assassinato? Entenda\",\"datePublished\":\"2023-10-23T18:56:20+00:00\",\"dateModified\":\"2023-10-23T19:05:27+00:00\",\"mainEntityOfPage\":{\"@id\":\"https:\\\/\\\/redenoticiaz.com.br\\\/ribeiraopreto-regiao\\\/sp\\\/2023\\\/10\\\/23\\\/o-que-aponta-o-laudo-medico-do-acusado-de-assassinato-entenda\"},\"wordCount\":283,\"commentCount\":0,\"publisher\":{\"@id\":\"https:\\\/\\\/redenoticiaz.com.br\\\/ribeiraopreto-regiao\\\/#organization\"},\"image\":{\"@id\":\"https:\\\/\\\/redenoticiaz.com.br\\\/ribeiraopreto-regiao\\\/sp\\\/2023\\\/10\\\/23\\\/o-que-aponta-o-laudo-medico-do-acusado-de-assassinato-entenda#primaryimage\"},\"thumbnailUrl\":\"https:\\\/\\\/redenoticiaz.com.br\\\/ribeiraopreto-regiao\\\/wp-content\\\/uploads\\\/sites\\\/4\\\/2023\\\/10\\\/6.png\",\"keywords\":[\"Laudo m\u00e9dico\",\"Leonardo Silva\",\"transtorno\"],\"articleSection\":[\"Pol\u00edcia\"],\"inLanguage\":\"pt-BR\",\"potentialAction\":[{\"@type\":\"CommentAction\",\"name\":\"Comment\",\"target\":[\"https:\\\/\\\/redenoticiaz.com.br\\\/ribeiraopreto-regiao\\\/sp\\\/2023\\\/10\\\/23\\\/o-que-aponta-o-laudo-medico-do-acusado-de-assassinato-entenda#respond\"]}]},{\"@type\":\"WebPage\",\"@id\":\"https:\\\/\\\/redenoticiaz.com.br\\\/ribeiraopreto-regiao\\\/sp\\\/2023\\\/10\\\/23\\\/o-que-aponta-o-laudo-medico-do-acusado-de-assassinato-entenda\",\"url\":\"https:\\\/\\\/redenoticiaz.com.br\\\/ribeiraopreto-regiao\\\/sp\\\/2023\\\/10\\\/23\\\/o-que-aponta-o-laudo-medico-do-acusado-de-assassinato-entenda\",\"name\":\"O que aponta o laudo m\u00e9dico do acusado de assassinato? Entenda - Ribeir\u00e3o Preto e Regi\u00e3o\",\"isPartOf\":{\"@id\":\"https:\\\/\\\/redenoticiaz.com.br\\\/ribeiraopreto-regiao\\\/#website\"},\"primaryImageOfPage\":{\"@id\":\"https:\\\/\\\/redenoticiaz.com.br\\\/ribeiraopreto-regiao\\\/sp\\\/2023\\\/10\\\/23\\\/o-que-aponta-o-laudo-medico-do-acusado-de-assassinato-entenda#primaryimage\"},\"image\":{\"@id\":\"https:\\\/\\\/redenoticiaz.com.br\\\/ribeiraopreto-regiao\\\/sp\\\/2023\\\/10\\\/23\\\/o-que-aponta-o-laudo-medico-do-acusado-de-assassinato-entenda#primaryimage\"},\"thumbnailUrl\":\"https:\\\/\\\/redenoticiaz.com.br\\\/ribeiraopreto-regiao\\\/wp-content\\\/uploads\\\/sites\\\/4\\\/2023\\\/10\\\/6.png\",\"datePublished\":\"2023-10-23T18:56:20+00:00\",\"dateModified\":\"2023-10-23T19:05:27+00:00\",\"description\":\"Um laudo m\u00e9dico emitido pelo psiquiatra forense Hewdy Lobo Ribeiro, em conjunto com uma equipe de psic\u00f3logos, trouxe \u00e0 tona uma nova perspectiva.\",\"inLanguage\":\"pt-BR\",\"potentialAction\":[{\"@type\":\"ReadAction\",\"target\":[\"https:\\\/\\\/redenoticiaz.com.br\\\/ribeiraopreto-regiao\\\/sp\\\/2023\\\/10\\\/23\\\/o-que-aponta-o-laudo-medico-do-acusado-de-assassinato-entenda\"]}]},{\"@type\":\"ImageObject\",\"inLanguage\":\"pt-BR\",\"@id\":\"https:\\\/\\\/redenoticiaz.com.br\\\/ribeiraopreto-regiao\\\/sp\\\/2023\\\/10\\\/23\\\/o-que-aponta-o-laudo-medico-do-acusado-de-assassinato-entenda#primaryimage\",\"url\":\"https:\\\/\\\/redenoticiaz.com.br\\\/ribeiraopreto-regiao\\\/wp-content\\\/uploads\\\/sites\\\/4\\\/2023\\\/10\\\/6.png\",\"contentUrl\":\"https:\\\/\\\/redenoticiaz.com.br\\\/ribeiraopreto-regiao\\\/wp-content\\\/uploads\\\/sites\\\/4\\\/2023\\\/10\\\/6.png\",\"width\":1200,\"height\":700,\"caption\":\"Cr\u00e9dito: Reprodu\u00e7\u00e3o\"},{\"@type\":\"WebSite\",\"@id\":\"https:\\\/\\\/redenoticiaz.com.br\\\/ribeiraopreto-regiao\\\/#website\",\"url\":\"https:\\\/\\\/redenoticiaz.com.br\\\/ribeiraopreto-regiao\\\/\",\"name\":\"Ribeir\u00e3o Preto e Regi\u00e3o\",\"description\":\"Rede NoticiaZ - Ribeir\u00e3o Preto e regi\u00e3o\",\"publisher\":{\"@id\":\"https:\\\/\\\/redenoticiaz.com.br\\\/ribeiraopreto-regiao\\\/#organization\"},\"potentialAction\":[{\"@type\":\"SearchAction\",\"target\":{\"@type\":\"EntryPoint\",\"urlTemplate\":\"https:\\\/\\\/redenoticiaz.com.br\\\/ribeiraopreto-regiao\\\/?s={search_term_string}\"},\"query-input\":{\"@type\":\"PropertyValueSpecification\",\"valueRequired\":true,\"valueName\":\"search_term_string\"}}],\"inLanguage\":\"pt-BR\"},{\"@type\":\"Organization\",\"@id\":\"https:\\\/\\\/redenoticiaz.com.br\\\/ribeiraopreto-regiao\\\/#organization\",\"name\":\"Ribeir\u00e3o Preto e Regi\u00e3o\",\"url\":\"https:\\\/\\\/redenoticiaz.com.br\\\/ribeiraopreto-regiao\\\/\",\"logo\":{\"@type\":\"ImageObject\",\"inLanguage\":\"pt-BR\",\"@id\":\"https:\\\/\\\/redenoticiaz.com.br\\\/ribeiraopreto-regiao\\\/#\\\/schema\\\/logo\\\/image\\\/\",\"url\":\"https:\\\/\\\/redenoticiaz.com.br\\\/barretos-regiao\\\/wp-content\\\/uploads\\\/sites\\\/4\\\/2022\\\/02\\\/logo.jpg\",\"contentUrl\":\"https:\\\/\\\/redenoticiaz.com.br\\\/barretos-regiao\\\/wp-content\\\/uploads\\\/sites\\\/4\\\/2022\\\/02\\\/logo.jpg\",\"width\":400,\"height\":250,\"caption\":\"Ribeir\u00e3o Preto e Regi\u00e3o\"},\"image\":{\"@id\":\"https:\\\/\\\/redenoticiaz.com.br\\\/ribeiraopreto-regiao\\\/#\\\/schema\\\/logo\\\/image\\\/\"},\"sameAs\":[\"https:\\\/\\\/m.facebook.com\\\/redenoticiaz.barretos\",\"https:\\\/\\\/x.com\\\/RN_barretos\",\"https:\\\/\\\/www.instagram.com\\\/redenoticiaz.barretos\\\/?igshid=YmMyMTA2M2Y\",\"https:\\\/\\\/www.linkedin.com\\\/company\\\/rede-noticiaz-barretos-e-regio\\\/\"]},{\"@type\":\"Person\",\"@id\":\"https:\\\/\\\/redenoticiaz.com.br\\\/ribeiraopreto-regiao\\\/#\\\/schema\\\/person\\\/1f84d6e94e6a62d2d81199d7503e9e90\",\"name\":\"Carina Reifonas\",\"image\":{\"@type\":\"ImageObject\",\"inLanguage\":\"pt-BR\",\"@id\":\"https:\\\/\\\/secure.gravatar.com\\\/avatar\\\/04c59859b23696cf867715880f81d5c037e60109730bdb4e6670ec2a2245bc97?s=96&d=mm&r=g\",\"url\":\"https:\\\/\\\/secure.gravatar.com\\\/avatar\\\/04c59859b23696cf867715880f81d5c037e60109730bdb4e6670ec2a2245bc97?s=96&d=mm&r=g\",\"contentUrl\":\"https:\\\/\\\/secure.gravatar.com\\\/avatar\\\/04c59859b23696cf867715880f81d5c037e60109730bdb4e6670ec2a2245bc97?s=96&d=mm&r=g\",\"caption\":\"Carina Reifonas\"},\"url\":\"https:\\\/\\\/redenoticiaz.com.br\\\/ribeiraopreto-regiao\\\/sp\\\/author\\\/carinareifonas\"}]}<\/script>\n<!-- \/ Yoast SEO plugin. -->","yoast_head_json":{"title":"O que aponta o laudo m\u00e9dico do acusado de assassinato? Entenda - Ribeir\u00e3o Preto e Regi\u00e3o","description":"Um laudo m\u00e9dico emitido pelo psiquiatra forense Hewdy Lobo Ribeiro, em conjunto com uma equipe de psic\u00f3logos, trouxe \u00e0 tona uma nova perspectiva.","robots":{"index":"index","follow":"follow","max-snippet":"max-snippet:-1","max-image-preview":"max-image-preview:large","max-video-preview":"max-video-preview:-1"},"canonical":"https:\/\/redenoticiaz.com.br\/ribeiraopreto-regiao\/sp\/2023\/10\/23\/o-que-aponta-o-laudo-medico-do-acusado-de-assassinato-entenda","og_locale":"pt_BR","og_type":"article","og_title":"O que aponta o laudo m\u00e9dico do acusado de assassinato? Entenda - Ribeir\u00e3o Preto e Regi\u00e3o","og_description":"Um laudo m\u00e9dico emitido pelo psiquiatra forense Hewdy Lobo Ribeiro, em conjunto com uma equipe de psic\u00f3logos, trouxe \u00e0 tona uma nova perspectiva.","og_url":"https:\/\/redenoticiaz.com.br\/ribeiraopreto-regiao\/sp\/2023\/10\/23\/o-que-aponta-o-laudo-medico-do-acusado-de-assassinato-entenda","og_site_name":"Ribeir\u00e3o Preto e Regi\u00e3o","article_publisher":"https:\/\/m.facebook.com\/redenoticiaz.barretos","article_published_time":"2023-10-23T18:56:20+00:00","article_modified_time":"2023-10-23T19:05:27+00:00","og_image":[{"width":1200,"height":700,"url":"https:\/\/redenoticiaz.com.br\/ribeiraopreto-regiao\/wp-content\/uploads\/sites\/4\/2023\/10\/6.png","type":"image\/png"}],"author":"Carina Reifonas","twitter_card":"summary_large_image","twitter_creator":"@RN_barretos","twitter_site":"@RN_barretos","twitter_misc":{"Escrito por":"Carina Reifonas","Est. tempo de leitura":"2 minutos"},"schema":{"@context":"https:\/\/schema.org","@graph":[{"@type":"Article","@id":"https:\/\/redenoticiaz.com.br\/ribeiraopreto-regiao\/sp\/2023\/10\/23\/o-que-aponta-o-laudo-medico-do-acusado-de-assassinato-entenda#article","isPartOf":{"@id":"https:\/\/redenoticiaz.com.br\/ribeiraopreto-regiao\/sp\/2023\/10\/23\/o-que-aponta-o-laudo-medico-do-acusado-de-assassinato-entenda"},"author":{"name":"Carina Reifonas","@id":"https:\/\/redenoticiaz.com.br\/ribeiraopreto-regiao\/#\/schema\/person\/1f84d6e94e6a62d2d81199d7503e9e90"},"headline":"O que aponta o laudo m\u00e9dico do acusado de assassinato? Entenda","datePublished":"2023-10-23T18:56:20+00:00","dateModified":"2023-10-23T19:05:27+00:00","mainEntityOfPage":{"@id":"https:\/\/redenoticiaz.com.br\/ribeiraopreto-regiao\/sp\/2023\/10\/23\/o-que-aponta-o-laudo-medico-do-acusado-de-assassinato-entenda"},"wordCount":283,"commentCount":0,"publisher":{"@id":"https:\/\/redenoticiaz.com.br\/ribeiraopreto-regiao\/#organization"},"image":{"@id":"https:\/\/redenoticiaz.com.br\/ribeiraopreto-regiao\/sp\/2023\/10\/23\/o-que-aponta-o-laudo-medico-do-acusado-de-assassinato-entenda#primaryimage"},"thumbnailUrl":"https:\/\/redenoticiaz.com.br\/ribeiraopreto-regiao\/wp-content\/uploads\/sites\/4\/2023\/10\/6.png","keywords":["Laudo m\u00e9dico","Leonardo Silva","transtorno"],"articleSection":["Pol\u00edcia"],"inLanguage":"pt-BR","potentialAction":[{"@type":"CommentAction","name":"Comment","target":["https:\/\/redenoticiaz.com.br\/ribeiraopreto-regiao\/sp\/2023\/10\/23\/o-que-aponta-o-laudo-medico-do-acusado-de-assassinato-entenda#respond"]}]},{"@type":"WebPage","@id":"https:\/\/redenoticiaz.com.br\/ribeiraopreto-regiao\/sp\/2023\/10\/23\/o-que-aponta-o-laudo-medico-do-acusado-de-assassinato-entenda","url":"https:\/\/redenoticiaz.com.br\/ribeiraopreto-regiao\/sp\/2023\/10\/23\/o-que-aponta-o-laudo-medico-do-acusado-de-assassinato-entenda","name":"O que aponta o laudo m\u00e9dico do acusado de assassinato? Entenda - Ribeir\u00e3o Preto e Regi\u00e3o","isPartOf":{"@id":"https:\/\/redenoticiaz.com.br\/ribeiraopreto-regiao\/#website"},"primaryImageOfPage":{"@id":"https:\/\/redenoticiaz.com.br\/ribeiraopreto-regiao\/sp\/2023\/10\/23\/o-que-aponta-o-laudo-medico-do-acusado-de-assassinato-entenda#primaryimage"},"image":{"@id":"https:\/\/redenoticiaz.com.br\/ribeiraopreto-regiao\/sp\/2023\/10\/23\/o-que-aponta-o-laudo-medico-do-acusado-de-assassinato-entenda#primaryimage"},"thumbnailUrl":"https:\/\/redenoticiaz.com.br\/ribeiraopreto-regiao\/wp-content\/uploads\/sites\/4\/2023\/10\/6.png","datePublished":"2023-10-23T18:56:20+00:00","dateModified":"2023-10-23T19:05:27+00:00","description":"Um laudo m\u00e9dico emitido pelo psiquiatra forense Hewdy Lobo Ribeiro, em conjunto com uma equipe de psic\u00f3logos, trouxe \u00e0 tona uma nova perspectiva.","inLanguage":"pt-BR","potentialAction":[{"@type":"ReadAction","target":["https:\/\/redenoticiaz.com.br\/ribeiraopreto-regiao\/sp\/2023\/10\/23\/o-que-aponta-o-laudo-medico-do-acusado-de-assassinato-entenda"]}]},{"@type":"ImageObject","inLanguage":"pt-BR","@id":"https:\/\/redenoticiaz.com.br\/ribeiraopreto-regiao\/sp\/2023\/10\/23\/o-que-aponta-o-laudo-medico-do-acusado-de-assassinato-entenda#primaryimage","url":"https:\/\/redenoticiaz.com.br\/ribeiraopreto-regiao\/wp-content\/uploads\/sites\/4\/2023\/10\/6.png","contentUrl":"https:\/\/redenoticiaz.com.br\/ribeiraopreto-regiao\/wp-content\/uploads\/sites\/4\/2023\/10\/6.png","width":1200,"height":700,"caption":"Cr\u00e9dito: Reprodu\u00e7\u00e3o"},{"@type":"WebSite","@id":"https:\/\/redenoticiaz.com.br\/ribeiraopreto-regiao\/#website","url":"https:\/\/redenoticiaz.com.br\/ribeiraopreto-regiao\/","name":"Ribeir\u00e3o Preto e Regi\u00e3o","description":"Rede NoticiaZ - Ribeir\u00e3o Preto e regi\u00e3o","publisher":{"@id":"https:\/\/redenoticiaz.com.br\/ribeiraopreto-regiao\/#organization"},"potentialAction":[{"@type":"SearchAction","target":{"@type":"EntryPoint","urlTemplate":"https:\/\/redenoticiaz.com.br\/ribeiraopreto-regiao\/?s={search_term_string}"},"query-input":{"@type":"PropertyValueSpecification","valueRequired":true,"valueName":"search_term_string"}}],"inLanguage":"pt-BR"},{"@type":"Organization","@id":"https:\/\/redenoticiaz.com.br\/ribeiraopreto-regiao\/#organization","name":"Ribeir\u00e3o Preto e Regi\u00e3o","url":"https:\/\/redenoticiaz.com.br\/ribeiraopreto-regiao\/","logo":{"@type":"ImageObject","inLanguage":"pt-BR","@id":"https:\/\/redenoticiaz.com.br\/ribeiraopreto-regiao\/#\/schema\/logo\/image\/","url":"https:\/\/redenoticiaz.com.br\/barretos-regiao\/wp-content\/uploads\/sites\/4\/2022\/02\/logo.jpg","contentUrl":"https:\/\/redenoticiaz.com.br\/barretos-regiao\/wp-content\/uploads\/sites\/4\/2022\/02\/logo.jpg","width":400,"height":250,"caption":"Ribeir\u00e3o Preto e Regi\u00e3o"},"image":{"@id":"https:\/\/redenoticiaz.com.br\/ribeiraopreto-regiao\/#\/schema\/logo\/image\/"},"sameAs":["https:\/\/m.facebook.com\/redenoticiaz.barretos","https:\/\/x.com\/RN_barretos","https:\/\/www.instagram.com\/redenoticiaz.barretos\/?igshid=YmMyMTA2M2Y","https:\/\/www.linkedin.com\/company\/rede-noticiaz-barretos-e-regio\/"]},{"@type":"Person","@id":"https:\/\/redenoticiaz.com.br\/ribeiraopreto-regiao\/#\/schema\/person\/1f84d6e94e6a62d2d81199d7503e9e90","name":"Carina Reifonas","image":{"@type":"ImageObject","inLanguage":"pt-BR","@id":"https:\/\/secure.gravatar.com\/avatar\/04c59859b23696cf867715880f81d5c037e60109730bdb4e6670ec2a2245bc97?s=96&d=mm&r=g","url":"https:\/\/secure.gravatar.com\/avatar\/04c59859b23696cf867715880f81d5c037e60109730bdb4e6670ec2a2245bc97?s=96&d=mm&r=g","contentUrl":"https:\/\/secure.gravatar.com\/avatar\/04c59859b23696cf867715880f81d5c037e60109730bdb4e6670ec2a2245bc97?s=96&d=mm&r=g","caption":"Carina Reifonas"},"url":"https:\/\/redenoticiaz.com.br\/ribeiraopreto-regiao\/sp\/author\/carinareifonas"}]}},"_links":{"self":[{"href":"https:\/\/redenoticiaz.com.br\/ribeiraopreto-regiao\/wp-json\/wp\/v2\/posts\/111879","targetHints":{"allow":["GET"]}}],"collection":[{"href":"https:\/\/redenoticiaz.com.br\/ribeiraopreto-regiao\/wp-json\/wp\/v2\/posts"}],"about":[{"href":"https:\/\/redenoticiaz.com.br\/ribeiraopreto-regiao\/wp-json\/wp\/v2\/types\/post"}],"author":[{"embeddable":true,"href":"https:\/\/redenoticiaz.com.br\/ribeiraopreto-regiao\/wp-json\/wp\/v2\/users\/30"}],"replies":[{"embeddable":true,"href":"https:\/\/redenoticiaz.com.br\/ribeiraopreto-regiao\/wp-json\/wp\/v2\/comments?post=111879"}],"version-history":[{"count":3,"href":"https:\/\/redenoticiaz.com.br\/ribeiraopreto-regiao\/wp-json\/wp\/v2\/posts\/111879\/revisions"}],"predecessor-version":[{"id":111882,"href":"https:\/\/redenoticiaz.com.br\/ribeiraopreto-regiao\/wp-json\/wp\/v2\/posts\/111879\/revisions\/111882"}],"wp:featuredmedia":[{"embeddable":true,"href":"https:\/\/redenoticiaz.com.br\/ribeiraopreto-regiao\/wp-json\/wp\/v2\/media\/111812"}],"wp:attachment":[{"href":"https:\/\/redenoticiaz.com.br\/ribeiraopreto-regiao\/wp-json\/wp\/v2\/media?parent=111879"}],"wp:term":[{"taxonomy":"category","embeddable":true,"href":"https:\/\/redenoticiaz.com.br\/ribeiraopreto-regiao\/wp-json\/wp\/v2\/categories?post=111879"},{"taxonomy":"post_tag","embeddable":true,"href":"https:\/\/redenoticiaz.com.br\/ribeiraopreto-regiao\/wp-json\/wp\/v2\/tags?post=111879"}],"curies":[{"name":"wp","href":"https:\/\/api.w.org\/{rel}","templated":true}]}}