{"id":111914,"date":"2023-10-28T10:00:37","date_gmt":"2023-10-28T13:00:37","guid":{"rendered":"https:\/\/redenoticiaz.com.br\/barretos-regiao\/?p=111914"},"modified":"2023-10-24T18:01:17","modified_gmt":"2023-10-24T21:01:17","slug":"doutor-em-educacao-questiona-politica-de-inclusao-adotada-em-escolas-brasileiras","status":"publish","type":"post","link":"https:\/\/redenoticiaz.com.br\/ribeiraopreto-regiao\/sp\/2023\/10\/28\/doutor-em-educacao-questiona-politica-de-inclusao-adotada-em-escolas-brasileiras","title":{"rendered":"Doutor em Educa\u00e7\u00e3o questiona pol\u00edtica de inclus\u00e3o adotada em escolas brasileiras"},"content":{"rendered":"<p>O Dr. Lucelmo Lacerda, pesquisador e defensor dos direitos das pessoas com defici\u00eancia, lan\u00e7ou o livro &#8220;Cr\u00edtica \u00e0 Pseudoci\u00eancia em Educa\u00e7\u00e3o Especial,&#8221; editado pela Luna Edi\u00e7\u00f5es, onde aborda quest\u00f5es cruciais relacionadas \u00e0 inclus\u00e3o de crian\u00e7as e adolescentes neurodivergentes ou com defici\u00eancias nas escolas brasileiras.<\/p>\n<p>A publica\u00e7\u00e3o destaca o debate em torno da Inclus\u00e3o Total versus Educa\u00e7\u00e3o Inclusiva como abordagens antag\u00f4nicas na Educa\u00e7\u00e3o Especial. Enquanto a primeira defende a elimina\u00e7\u00e3o de salas e escolas especializadas em prol da integra\u00e7\u00e3o social, a segunda prioriza a integra\u00e7\u00e3o, mas enfatiza a import\u00e2ncia da manuten\u00e7\u00e3o de espa\u00e7os especiais e suporte cont\u00ednuo para atender \u00e0s necessidades individuais de cada aluno.<\/p>\n<p>O livro ressalta que a escolariza\u00e7\u00e3o de pessoas com defici\u00eancia exige aten\u00e7\u00e3o e apoio especiais, seguindo m\u00e9todos que tenham sido testados e comprovados eficazes em outros pa\u00edses desenvolvidos. No entanto, no Brasil, a perspectiva da &#8220;Inclus\u00e3o Total,&#8221; apoiada pela Pol\u00edtica Nacional de Educa\u00e7\u00e3o Especial do Minist\u00e9rio da Educa\u00e7\u00e3o, tem se tornado a realidade predominante nas escolas. Essa abordagem, embora vista como econ\u00f4mica, tem causado s\u00e9rios preju\u00edzos a indiv\u00edduos com Transtornos Mentais, como o Transtorno do Espectro Autista e Defici\u00eancia Intelectual, pois n\u00e3o leva em considera\u00e7\u00e3o as necessidades individuais de cada aluno, resultando em salas superlotadas e professores com forma\u00e7\u00e3o inadequada para atender \u00e0s demandas espec\u00edficas.<\/p>\n<p>O autor argumenta que a solu\u00e7\u00e3o para esse dilema est\u00e1 na prioriza\u00e7\u00e3o das Pr\u00e1ticas Baseadas em Evid\u00eancias, uma abordagem com base cient\u00edfica que permite a implementa\u00e7\u00e3o de m\u00e9todos pedag\u00f3gicos com efic\u00e1cia comprovada por meio de pesquisas e estudos. O livro oferece uma an\u00e1lise profunda das principais correntes da Educa\u00e7\u00e3o Especial e apresenta dados relevantes de diversos pa\u00edses desenvolvidos e da literatura cient\u00edfica, promovendo uma reflex\u00e3o essencial nessa \u00e1rea de estudo.<\/p>\n<p>Segundo Lucelmo Lacerda, &#8220;a melhoria da educa\u00e7\u00e3o passa necessariamente pela organiza\u00e7\u00e3o de um sistema inclusivo, no qual salas e escolas especializadas s\u00e3o imprescind\u00edveis, como ocorre em qualquer pa\u00eds civilizado do mundo.&#8221; O livro busca contribuir para uma discuss\u00e3o fundamentada e embasada em evid\u00eancias na busca por solu\u00e7\u00f5es eficazes na educa\u00e7\u00e3o de crian\u00e7as e adolescentes com necessidades especiais.<\/p>\n<p>LEIA MAIS<\/p>\n<p><a href=\"https:\/\/redenoticiaz.com.br\/blog\/2023\/10\/24\/video-luisa-sonza-beija-sua-bailarina-no-palco\">V\u00cdDEO \u2013 Lu\u00edsa Sonza beija sua bailarina no palco<\/a><\/p>\n<p><a href=\"https:\/\/redenoticiaz.com.br\/blog\/2023\/10\/24\/homem-e-detido-apos-arrombar-restaurante-e-furtar-escola-em-jundiai\" target=\"_blank\" rel=\"noopener\">Homem \u00e9 detido ap\u00f3s arrombar restaurante e furtar escola em Jundia\u00ed<\/a><\/p>\n","protected":false},"excerpt":{"rendered":"<p>O Dr. Lucelmo Lacerda, pesquisador e defensor dos direitos das pessoas com defici\u00eancia, lan\u00e7ou o livro &#8220;Cr\u00edtica \u00e0 Pseudoci\u00eancia em Educa\u00e7\u00e3o Especial,&#8221; editado pela Luna Edi\u00e7\u00f5es, onde aborda quest\u00f5es cruciais relacionadas \u00e0 inclus\u00e3o de crian\u00e7as e adolescentes neurodivergentes ou com defici\u00eancias nas escolas brasileiras. A publica\u00e7\u00e3o destaca o debate em torno da Inclus\u00e3o Total versus &hellip;<\/p>\n","protected":false},"author":30,"featured_media":111915,"comment_status":"open","ping_status":"closed","sticky":false,"template":"","format":"standard","meta":{"footnotes":""},"categories":[820],"tags":[29276,17166,943],"class_list":["post-111914","post","type-post","status-publish","format-standard","has-post-thumbnail","hentry","category-educacao","tag-critica-a-pseudociencia-em-educacao-especial","tag-deficiencia","tag-educacao"],"yoast_head":"<!-- This site is optimized with the Yoast SEO plugin v27.5 - https:\/\/yoast.com\/product\/yoast-seo-wordpress\/ -->\n<title>Doutor em Educa\u00e7\u00e3o questiona pol\u00edtica de inclus\u00e3o adotada em escolas brasileiras - Ribeir\u00e3o Preto e Regi\u00e3o<\/title>\n<meta name=\"description\" content=\"O Dr. Lucelmo Lacerda, pesquisador e defensor dos direitos das pessoas com defici\u00eancia, lan\u00e7ou o livro &quot;Cr\u00edtica \u00e0 Pseudoci\u00eancia em Educa\u00e7\u00e3o Especial&quot;.\" \/>\n<meta name=\"robots\" content=\"index, follow, max-snippet:-1, max-image-preview:large, max-video-preview:-1\" \/>\n<link rel=\"canonical\" href=\"https:\/\/redenoticiaz.com.br\/ribeiraopreto-regiao\/sp\/2023\/10\/28\/doutor-em-educacao-questiona-politica-de-inclusao-adotada-em-escolas-brasileiras\" \/>\n<meta property=\"og:locale\" content=\"pt_BR\" \/>\n<meta property=\"og:type\" content=\"article\" \/>\n<meta property=\"og:title\" content=\"Doutor em Educa\u00e7\u00e3o questiona pol\u00edtica de inclus\u00e3o adotada em escolas brasileiras - Ribeir\u00e3o Preto e Regi\u00e3o\" \/>\n<meta property=\"og:description\" content=\"O Dr. Lucelmo Lacerda, pesquisador e defensor dos direitos das pessoas com defici\u00eancia, lan\u00e7ou o livro &quot;Cr\u00edtica \u00e0 Pseudoci\u00eancia em Educa\u00e7\u00e3o Especial&quot;.\" \/>\n<meta property=\"og:url\" content=\"https:\/\/redenoticiaz.com.br\/ribeiraopreto-regiao\/sp\/2023\/10\/28\/doutor-em-educacao-questiona-politica-de-inclusao-adotada-em-escolas-brasileiras\" \/>\n<meta property=\"og:site_name\" content=\"Ribeir\u00e3o Preto e Regi\u00e3o\" \/>\n<meta property=\"article:publisher\" content=\"https:\/\/m.facebook.com\/redenoticiaz.barretos\" \/>\n<meta property=\"article:published_time\" content=\"2023-10-28T13:00:37+00:00\" \/>\n<meta property=\"og:image\" content=\"https:\/\/redenoticiaz.com.br\/ribeiraopreto-regiao\/wp-content\/uploads\/sites\/4\/2023\/10\/inclusao-total-adotada-em-escolas-brasileiras.jpeg?v=1698181211\" \/>\n\t<meta property=\"og:image:width\" content=\"225\" \/>\n\t<meta property=\"og:image:height\" content=\"225\" \/>\n\t<meta property=\"og:image:type\" content=\"image\/jpeg\" \/>\n<meta name=\"author\" content=\"Carina Reifonas\" \/>\n<meta name=\"twitter:card\" content=\"summary_large_image\" \/>\n<meta name=\"twitter:creator\" content=\"@RN_barretos\" \/>\n<meta name=\"twitter:site\" content=\"@RN_barretos\" \/>\n<meta name=\"twitter:label1\" content=\"Escrito por\" \/>\n\t<meta name=\"twitter:data1\" content=\"Carina Reifonas\" \/>\n\t<meta name=\"twitter:label2\" content=\"Est. tempo de leitura\" \/>\n\t<meta name=\"twitter:data2\" content=\"2 minutos\" \/>\n<script type=\"application\/ld+json\" class=\"yoast-schema-graph\">{\"@context\":\"https:\\\/\\\/schema.org\",\"@graph\":[{\"@type\":\"Article\",\"@id\":\"https:\\\/\\\/redenoticiaz.com.br\\\/ribeiraopreto-regiao\\\/sp\\\/2023\\\/10\\\/28\\\/doutor-em-educacao-questiona-politica-de-inclusao-adotada-em-escolas-brasileiras#article\",\"isPartOf\":{\"@id\":\"https:\\\/\\\/redenoticiaz.com.br\\\/ribeiraopreto-regiao\\\/sp\\\/2023\\\/10\\\/28\\\/doutor-em-educacao-questiona-politica-de-inclusao-adotada-em-escolas-brasileiras\"},\"author\":{\"name\":\"Carina Reifonas\",\"@id\":\"https:\\\/\\\/redenoticiaz.com.br\\\/ribeiraopreto-regiao\\\/#\\\/schema\\\/person\\\/1f84d6e94e6a62d2d81199d7503e9e90\"},\"headline\":\"Doutor em Educa\u00e7\u00e3o questiona pol\u00edtica de inclus\u00e3o adotada em escolas brasileiras\",\"datePublished\":\"2023-10-28T13:00:37+00:00\",\"mainEntityOfPage\":{\"@id\":\"https:\\\/\\\/redenoticiaz.com.br\\\/ribeiraopreto-regiao\\\/sp\\\/2023\\\/10\\\/28\\\/doutor-em-educacao-questiona-politica-de-inclusao-adotada-em-escolas-brasileiras\"},\"wordCount\":436,\"commentCount\":0,\"publisher\":{\"@id\":\"https:\\\/\\\/redenoticiaz.com.br\\\/ribeiraopreto-regiao\\\/#organization\"},\"image\":{\"@id\":\"https:\\\/\\\/redenoticiaz.com.br\\\/ribeiraopreto-regiao\\\/sp\\\/2023\\\/10\\\/28\\\/doutor-em-educacao-questiona-politica-de-inclusao-adotada-em-escolas-brasileiras#primaryimage\"},\"thumbnailUrl\":\"https:\\\/\\\/redenoticiaz.com.br\\\/ribeiraopreto-regiao\\\/wp-content\\\/uploads\\\/sites\\\/4\\\/2023\\\/10\\\/inclusao-total-adotada-em-escolas-brasileiras.jpeg?v=1698181211\",\"keywords\":[\"Cr\u00edtica \u00e0 Pseudoci\u00eancia em Educa\u00e7\u00e3o Especial\",\"DEFICIENCIA\",\"educa\u00e7\u00e3o\"],\"articleSection\":[\"Educa\u00e7\u00e3o\"],\"inLanguage\":\"pt-BR\",\"potentialAction\":[{\"@type\":\"CommentAction\",\"name\":\"Comment\",\"target\":[\"https:\\\/\\\/redenoticiaz.com.br\\\/ribeiraopreto-regiao\\\/sp\\\/2023\\\/10\\\/28\\\/doutor-em-educacao-questiona-politica-de-inclusao-adotada-em-escolas-brasileiras#respond\"]}]},{\"@type\":\"WebPage\",\"@id\":\"https:\\\/\\\/redenoticiaz.com.br\\\/ribeiraopreto-regiao\\\/sp\\\/2023\\\/10\\\/28\\\/doutor-em-educacao-questiona-politica-de-inclusao-adotada-em-escolas-brasileiras\",\"url\":\"https:\\\/\\\/redenoticiaz.com.br\\\/ribeiraopreto-regiao\\\/sp\\\/2023\\\/10\\\/28\\\/doutor-em-educacao-questiona-politica-de-inclusao-adotada-em-escolas-brasileiras\",\"name\":\"Doutor em Educa\u00e7\u00e3o questiona pol\u00edtica de inclus\u00e3o adotada em escolas brasileiras - Ribeir\u00e3o Preto e Regi\u00e3o\",\"isPartOf\":{\"@id\":\"https:\\\/\\\/redenoticiaz.com.br\\\/ribeiraopreto-regiao\\\/#website\"},\"primaryImageOfPage\":{\"@id\":\"https:\\\/\\\/redenoticiaz.com.br\\\/ribeiraopreto-regiao\\\/sp\\\/2023\\\/10\\\/28\\\/doutor-em-educacao-questiona-politica-de-inclusao-adotada-em-escolas-brasileiras#primaryimage\"},\"image\":{\"@id\":\"https:\\\/\\\/redenoticiaz.com.br\\\/ribeiraopreto-regiao\\\/sp\\\/2023\\\/10\\\/28\\\/doutor-em-educacao-questiona-politica-de-inclusao-adotada-em-escolas-brasileiras#primaryimage\"},\"thumbnailUrl\":\"https:\\\/\\\/redenoticiaz.com.br\\\/ribeiraopreto-regiao\\\/wp-content\\\/uploads\\\/sites\\\/4\\\/2023\\\/10\\\/inclusao-total-adotada-em-escolas-brasileiras.jpeg?v=1698181211\",\"datePublished\":\"2023-10-28T13:00:37+00:00\",\"description\":\"O Dr. Lucelmo Lacerda, pesquisador e defensor dos direitos das pessoas com defici\u00eancia, lan\u00e7ou o livro \\\"Cr\u00edtica \u00e0 Pseudoci\u00eancia em Educa\u00e7\u00e3o Especial\\\".\",\"inLanguage\":\"pt-BR\",\"potentialAction\":[{\"@type\":\"ReadAction\",\"target\":[\"https:\\\/\\\/redenoticiaz.com.br\\\/ribeiraopreto-regiao\\\/sp\\\/2023\\\/10\\\/28\\\/doutor-em-educacao-questiona-politica-de-inclusao-adotada-em-escolas-brasileiras\"]}]},{\"@type\":\"ImageObject\",\"inLanguage\":\"pt-BR\",\"@id\":\"https:\\\/\\\/redenoticiaz.com.br\\\/ribeiraopreto-regiao\\\/sp\\\/2023\\\/10\\\/28\\\/doutor-em-educacao-questiona-politica-de-inclusao-adotada-em-escolas-brasileiras#primaryimage\",\"url\":\"https:\\\/\\\/redenoticiaz.com.br\\\/ribeiraopreto-regiao\\\/wp-content\\\/uploads\\\/sites\\\/4\\\/2023\\\/10\\\/inclusao-total-adotada-em-escolas-brasileiras.jpeg?v=1698181211\",\"contentUrl\":\"https:\\\/\\\/redenoticiaz.com.br\\\/ribeiraopreto-regiao\\\/wp-content\\\/uploads\\\/sites\\\/4\\\/2023\\\/10\\\/inclusao-total-adotada-em-escolas-brasileiras.jpeg?v=1698181211\",\"width\":225,\"height\":225},{\"@type\":\"WebSite\",\"@id\":\"https:\\\/\\\/redenoticiaz.com.br\\\/ribeiraopreto-regiao\\\/#website\",\"url\":\"https:\\\/\\\/redenoticiaz.com.br\\\/ribeiraopreto-regiao\\\/\",\"name\":\"Ribeir\u00e3o Preto e Regi\u00e3o\",\"description\":\"Rede NoticiaZ - Ribeir\u00e3o Preto e regi\u00e3o\",\"publisher\":{\"@id\":\"https:\\\/\\\/redenoticiaz.com.br\\\/ribeiraopreto-regiao\\\/#organization\"},\"potentialAction\":[{\"@type\":\"SearchAction\",\"target\":{\"@type\":\"EntryPoint\",\"urlTemplate\":\"https:\\\/\\\/redenoticiaz.com.br\\\/ribeiraopreto-regiao\\\/?s={search_term_string}\"},\"query-input\":{\"@type\":\"PropertyValueSpecification\",\"valueRequired\":true,\"valueName\":\"search_term_string\"}}],\"inLanguage\":\"pt-BR\"},{\"@type\":\"Organization\",\"@id\":\"https:\\\/\\\/redenoticiaz.com.br\\\/ribeiraopreto-regiao\\\/#organization\",\"name\":\"Ribeir\u00e3o Preto e Regi\u00e3o\",\"url\":\"https:\\\/\\\/redenoticiaz.com.br\\\/ribeiraopreto-regiao\\\/\",\"logo\":{\"@type\":\"ImageObject\",\"inLanguage\":\"pt-BR\",\"@id\":\"https:\\\/\\\/redenoticiaz.com.br\\\/ribeiraopreto-regiao\\\/#\\\/schema\\\/logo\\\/image\\\/\",\"url\":\"https:\\\/\\\/redenoticiaz.com.br\\\/barretos-regiao\\\/wp-content\\\/uploads\\\/sites\\\/4\\\/2022\\\/02\\\/logo.jpg\",\"contentUrl\":\"https:\\\/\\\/redenoticiaz.com.br\\\/barretos-regiao\\\/wp-content\\\/uploads\\\/sites\\\/4\\\/2022\\\/02\\\/logo.jpg\",\"width\":400,\"height\":250,\"caption\":\"Ribeir\u00e3o Preto e Regi\u00e3o\"},\"image\":{\"@id\":\"https:\\\/\\\/redenoticiaz.com.br\\\/ribeiraopreto-regiao\\\/#\\\/schema\\\/logo\\\/image\\\/\"},\"sameAs\":[\"https:\\\/\\\/m.facebook.com\\\/redenoticiaz.barretos\",\"https:\\\/\\\/x.com\\\/RN_barretos\",\"https:\\\/\\\/www.instagram.com\\\/redenoticiaz.barretos\\\/?igshid=YmMyMTA2M2Y\",\"https:\\\/\\\/www.linkedin.com\\\/company\\\/rede-noticiaz-barretos-e-regio\\\/\"]},{\"@type\":\"Person\",\"@id\":\"https:\\\/\\\/redenoticiaz.com.br\\\/ribeiraopreto-regiao\\\/#\\\/schema\\\/person\\\/1f84d6e94e6a62d2d81199d7503e9e90\",\"name\":\"Carina Reifonas\",\"image\":{\"@type\":\"ImageObject\",\"inLanguage\":\"pt-BR\",\"@id\":\"https:\\\/\\\/secure.gravatar.com\\\/avatar\\\/04c59859b23696cf867715880f81d5c037e60109730bdb4e6670ec2a2245bc97?s=96&d=mm&r=g\",\"url\":\"https:\\\/\\\/secure.gravatar.com\\\/avatar\\\/04c59859b23696cf867715880f81d5c037e60109730bdb4e6670ec2a2245bc97?s=96&d=mm&r=g\",\"contentUrl\":\"https:\\\/\\\/secure.gravatar.com\\\/avatar\\\/04c59859b23696cf867715880f81d5c037e60109730bdb4e6670ec2a2245bc97?s=96&d=mm&r=g\",\"caption\":\"Carina Reifonas\"},\"url\":\"https:\\\/\\\/redenoticiaz.com.br\\\/ribeiraopreto-regiao\\\/sp\\\/author\\\/carinareifonas\"}]}<\/script>\n<!-- \/ Yoast SEO plugin. -->","yoast_head_json":{"title":"Doutor em Educa\u00e7\u00e3o questiona pol\u00edtica de inclus\u00e3o adotada em escolas brasileiras - Ribeir\u00e3o Preto e Regi\u00e3o","description":"O Dr. Lucelmo Lacerda, pesquisador e defensor dos direitos das pessoas com defici\u00eancia, lan\u00e7ou o livro \"Cr\u00edtica \u00e0 Pseudoci\u00eancia em Educa\u00e7\u00e3o Especial\".","robots":{"index":"index","follow":"follow","max-snippet":"max-snippet:-1","max-image-preview":"max-image-preview:large","max-video-preview":"max-video-preview:-1"},"canonical":"https:\/\/redenoticiaz.com.br\/ribeiraopreto-regiao\/sp\/2023\/10\/28\/doutor-em-educacao-questiona-politica-de-inclusao-adotada-em-escolas-brasileiras","og_locale":"pt_BR","og_type":"article","og_title":"Doutor em Educa\u00e7\u00e3o questiona pol\u00edtica de inclus\u00e3o adotada em escolas brasileiras - Ribeir\u00e3o Preto e Regi\u00e3o","og_description":"O Dr. Lucelmo Lacerda, pesquisador e defensor dos direitos das pessoas com defici\u00eancia, lan\u00e7ou o livro \"Cr\u00edtica \u00e0 Pseudoci\u00eancia em Educa\u00e7\u00e3o Especial\".","og_url":"https:\/\/redenoticiaz.com.br\/ribeiraopreto-regiao\/sp\/2023\/10\/28\/doutor-em-educacao-questiona-politica-de-inclusao-adotada-em-escolas-brasileiras","og_site_name":"Ribeir\u00e3o Preto e Regi\u00e3o","article_publisher":"https:\/\/m.facebook.com\/redenoticiaz.barretos","article_published_time":"2023-10-28T13:00:37+00:00","og_image":[{"width":225,"height":225,"url":"https:\/\/redenoticiaz.com.br\/ribeiraopreto-regiao\/wp-content\/uploads\/sites\/4\/2023\/10\/inclusao-total-adotada-em-escolas-brasileiras.jpeg?v=1698181211","type":"image\/jpeg"}],"author":"Carina Reifonas","twitter_card":"summary_large_image","twitter_creator":"@RN_barretos","twitter_site":"@RN_barretos","twitter_misc":{"Escrito por":"Carina Reifonas","Est. tempo de leitura":"2 minutos"},"schema":{"@context":"https:\/\/schema.org","@graph":[{"@type":"Article","@id":"https:\/\/redenoticiaz.com.br\/ribeiraopreto-regiao\/sp\/2023\/10\/28\/doutor-em-educacao-questiona-politica-de-inclusao-adotada-em-escolas-brasileiras#article","isPartOf":{"@id":"https:\/\/redenoticiaz.com.br\/ribeiraopreto-regiao\/sp\/2023\/10\/28\/doutor-em-educacao-questiona-politica-de-inclusao-adotada-em-escolas-brasileiras"},"author":{"name":"Carina Reifonas","@id":"https:\/\/redenoticiaz.com.br\/ribeiraopreto-regiao\/#\/schema\/person\/1f84d6e94e6a62d2d81199d7503e9e90"},"headline":"Doutor em Educa\u00e7\u00e3o questiona pol\u00edtica de inclus\u00e3o adotada em escolas brasileiras","datePublished":"2023-10-28T13:00:37+00:00","mainEntityOfPage":{"@id":"https:\/\/redenoticiaz.com.br\/ribeiraopreto-regiao\/sp\/2023\/10\/28\/doutor-em-educacao-questiona-politica-de-inclusao-adotada-em-escolas-brasileiras"},"wordCount":436,"commentCount":0,"publisher":{"@id":"https:\/\/redenoticiaz.com.br\/ribeiraopreto-regiao\/#organization"},"image":{"@id":"https:\/\/redenoticiaz.com.br\/ribeiraopreto-regiao\/sp\/2023\/10\/28\/doutor-em-educacao-questiona-politica-de-inclusao-adotada-em-escolas-brasileiras#primaryimage"},"thumbnailUrl":"https:\/\/redenoticiaz.com.br\/ribeiraopreto-regiao\/wp-content\/uploads\/sites\/4\/2023\/10\/inclusao-total-adotada-em-escolas-brasileiras.jpeg?v=1698181211","keywords":["Cr\u00edtica \u00e0 Pseudoci\u00eancia em Educa\u00e7\u00e3o Especial","DEFICIENCIA","educa\u00e7\u00e3o"],"articleSection":["Educa\u00e7\u00e3o"],"inLanguage":"pt-BR","potentialAction":[{"@type":"CommentAction","name":"Comment","target":["https:\/\/redenoticiaz.com.br\/ribeiraopreto-regiao\/sp\/2023\/10\/28\/doutor-em-educacao-questiona-politica-de-inclusao-adotada-em-escolas-brasileiras#respond"]}]},{"@type":"WebPage","@id":"https:\/\/redenoticiaz.com.br\/ribeiraopreto-regiao\/sp\/2023\/10\/28\/doutor-em-educacao-questiona-politica-de-inclusao-adotada-em-escolas-brasileiras","url":"https:\/\/redenoticiaz.com.br\/ribeiraopreto-regiao\/sp\/2023\/10\/28\/doutor-em-educacao-questiona-politica-de-inclusao-adotada-em-escolas-brasileiras","name":"Doutor em Educa\u00e7\u00e3o questiona pol\u00edtica de inclus\u00e3o adotada em escolas brasileiras - Ribeir\u00e3o Preto e Regi\u00e3o","isPartOf":{"@id":"https:\/\/redenoticiaz.com.br\/ribeiraopreto-regiao\/#website"},"primaryImageOfPage":{"@id":"https:\/\/redenoticiaz.com.br\/ribeiraopreto-regiao\/sp\/2023\/10\/28\/doutor-em-educacao-questiona-politica-de-inclusao-adotada-em-escolas-brasileiras#primaryimage"},"image":{"@id":"https:\/\/redenoticiaz.com.br\/ribeiraopreto-regiao\/sp\/2023\/10\/28\/doutor-em-educacao-questiona-politica-de-inclusao-adotada-em-escolas-brasileiras#primaryimage"},"thumbnailUrl":"https:\/\/redenoticiaz.com.br\/ribeiraopreto-regiao\/wp-content\/uploads\/sites\/4\/2023\/10\/inclusao-total-adotada-em-escolas-brasileiras.jpeg?v=1698181211","datePublished":"2023-10-28T13:00:37+00:00","description":"O Dr. Lucelmo Lacerda, pesquisador e defensor dos direitos das pessoas com defici\u00eancia, lan\u00e7ou o livro \"Cr\u00edtica \u00e0 Pseudoci\u00eancia em Educa\u00e7\u00e3o Especial\".","inLanguage":"pt-BR","potentialAction":[{"@type":"ReadAction","target":["https:\/\/redenoticiaz.com.br\/ribeiraopreto-regiao\/sp\/2023\/10\/28\/doutor-em-educacao-questiona-politica-de-inclusao-adotada-em-escolas-brasileiras"]}]},{"@type":"ImageObject","inLanguage":"pt-BR","@id":"https:\/\/redenoticiaz.com.br\/ribeiraopreto-regiao\/sp\/2023\/10\/28\/doutor-em-educacao-questiona-politica-de-inclusao-adotada-em-escolas-brasileiras#primaryimage","url":"https:\/\/redenoticiaz.com.br\/ribeiraopreto-regiao\/wp-content\/uploads\/sites\/4\/2023\/10\/inclusao-total-adotada-em-escolas-brasileiras.jpeg?v=1698181211","contentUrl":"https:\/\/redenoticiaz.com.br\/ribeiraopreto-regiao\/wp-content\/uploads\/sites\/4\/2023\/10\/inclusao-total-adotada-em-escolas-brasileiras.jpeg?v=1698181211","width":225,"height":225},{"@type":"WebSite","@id":"https:\/\/redenoticiaz.com.br\/ribeiraopreto-regiao\/#website","url":"https:\/\/redenoticiaz.com.br\/ribeiraopreto-regiao\/","name":"Ribeir\u00e3o Preto e Regi\u00e3o","description":"Rede NoticiaZ - Ribeir\u00e3o Preto e regi\u00e3o","publisher":{"@id":"https:\/\/redenoticiaz.com.br\/ribeiraopreto-regiao\/#organization"},"potentialAction":[{"@type":"SearchAction","target":{"@type":"EntryPoint","urlTemplate":"https:\/\/redenoticiaz.com.br\/ribeiraopreto-regiao\/?s={search_term_string}"},"query-input":{"@type":"PropertyValueSpecification","valueRequired":true,"valueName":"search_term_string"}}],"inLanguage":"pt-BR"},{"@type":"Organization","@id":"https:\/\/redenoticiaz.com.br\/ribeiraopreto-regiao\/#organization","name":"Ribeir\u00e3o Preto e Regi\u00e3o","url":"https:\/\/redenoticiaz.com.br\/ribeiraopreto-regiao\/","logo":{"@type":"ImageObject","inLanguage":"pt-BR","@id":"https:\/\/redenoticiaz.com.br\/ribeiraopreto-regiao\/#\/schema\/logo\/image\/","url":"https:\/\/redenoticiaz.com.br\/barretos-regiao\/wp-content\/uploads\/sites\/4\/2022\/02\/logo.jpg","contentUrl":"https:\/\/redenoticiaz.com.br\/barretos-regiao\/wp-content\/uploads\/sites\/4\/2022\/02\/logo.jpg","width":400,"height":250,"caption":"Ribeir\u00e3o Preto e Regi\u00e3o"},"image":{"@id":"https:\/\/redenoticiaz.com.br\/ribeiraopreto-regiao\/#\/schema\/logo\/image\/"},"sameAs":["https:\/\/m.facebook.com\/redenoticiaz.barretos","https:\/\/x.com\/RN_barretos","https:\/\/www.instagram.com\/redenoticiaz.barretos\/?igshid=YmMyMTA2M2Y","https:\/\/www.linkedin.com\/company\/rede-noticiaz-barretos-e-regio\/"]},{"@type":"Person","@id":"https:\/\/redenoticiaz.com.br\/ribeiraopreto-regiao\/#\/schema\/person\/1f84d6e94e6a62d2d81199d7503e9e90","name":"Carina Reifonas","image":{"@type":"ImageObject","inLanguage":"pt-BR","@id":"https:\/\/secure.gravatar.com\/avatar\/04c59859b23696cf867715880f81d5c037e60109730bdb4e6670ec2a2245bc97?s=96&d=mm&r=g","url":"https:\/\/secure.gravatar.com\/avatar\/04c59859b23696cf867715880f81d5c037e60109730bdb4e6670ec2a2245bc97?s=96&d=mm&r=g","contentUrl":"https:\/\/secure.gravatar.com\/avatar\/04c59859b23696cf867715880f81d5c037e60109730bdb4e6670ec2a2245bc97?s=96&d=mm&r=g","caption":"Carina Reifonas"},"url":"https:\/\/redenoticiaz.com.br\/ribeiraopreto-regiao\/sp\/author\/carinareifonas"}]}},"_links":{"self":[{"href":"https:\/\/redenoticiaz.com.br\/ribeiraopreto-regiao\/wp-json\/wp\/v2\/posts\/111914","targetHints":{"allow":["GET"]}}],"collection":[{"href":"https:\/\/redenoticiaz.com.br\/ribeiraopreto-regiao\/wp-json\/wp\/v2\/posts"}],"about":[{"href":"https:\/\/redenoticiaz.com.br\/ribeiraopreto-regiao\/wp-json\/wp\/v2\/types\/post"}],"author":[{"embeddable":true,"href":"https:\/\/redenoticiaz.com.br\/ribeiraopreto-regiao\/wp-json\/wp\/v2\/users\/30"}],"replies":[{"embeddable":true,"href":"https:\/\/redenoticiaz.com.br\/ribeiraopreto-regiao\/wp-json\/wp\/v2\/comments?post=111914"}],"version-history":[{"count":0,"href":"https:\/\/redenoticiaz.com.br\/ribeiraopreto-regiao\/wp-json\/wp\/v2\/posts\/111914\/revisions"}],"wp:featuredmedia":[{"embeddable":true,"href":"https:\/\/redenoticiaz.com.br\/ribeiraopreto-regiao\/wp-json\/wp\/v2\/media\/111915"}],"wp:attachment":[{"href":"https:\/\/redenoticiaz.com.br\/ribeiraopreto-regiao\/wp-json\/wp\/v2\/media?parent=111914"}],"wp:term":[{"taxonomy":"category","embeddable":true,"href":"https:\/\/redenoticiaz.com.br\/ribeiraopreto-regiao\/wp-json\/wp\/v2\/categories?post=111914"},{"taxonomy":"post_tag","embeddable":true,"href":"https:\/\/redenoticiaz.com.br\/ribeiraopreto-regiao\/wp-json\/wp\/v2\/tags?post=111914"}],"curies":[{"name":"wp","href":"https:\/\/api.w.org\/{rel}","templated":true}]}}