{"id":111917,"date":"2023-10-28T12:00:04","date_gmt":"2023-10-28T15:00:04","guid":{"rendered":"https:\/\/redenoticiaz.com.br\/barretos-regiao\/?p=111917"},"modified":"2023-10-24T23:43:04","modified_gmt":"2023-10-25T02:43:04","slug":"temporada-de-cruzeiros-deve-ter-impacto-de-mais-de-r-5-bi-na-economia","status":"publish","type":"post","link":"https:\/\/redenoticiaz.com.br\/ribeiraopreto-regiao\/sp\/2023\/10\/28\/temporada-de-cruzeiros-deve-ter-impacto-de-mais-de-r-5-bi-na-economia","title":{"rendered":"Temporada de cruzeiros deve ter impacto de mais de R$ 5 bi na economia"},"content":{"rendered":"<p>Com 195 dias de dura\u00e7\u00e3o, quase sete meses de navega\u00e7\u00e3o, a temporada de cruzeiros 2023\/2024 ser\u00e1 ainda maior que sua antecessora, com a expectativa de ofertar mais de 877 mil leitos, segundo a Associa\u00e7\u00e3o Brasileira de Cruzeiros Mar\u00edtimos (Clia Brasil).<img decoding=\"async\" src=\"https:\/\/agenciabrasil.ebc.com.br\/ebc.png?id=1562288&amp;o=node\" \/><img decoding=\"async\" src=\"https:\/\/agenciabrasil.ebc.com.br\/ebc.gif?id=1562288&amp;o=node\" \/><\/p>\n<p>O setor espera criar mais de 80 mil empregos no pa\u00eds, al\u00e9m de gerar um impacto de mais de R$ 5 bilh\u00f5es na economia brasileira, motivado pelos gastos das companhias mar\u00edtimas, dos cruzeiristas e tripulantes nas cidades de embarque e desembarque e visitadas. Esse movimento beneficia setores como o com\u00e9rcio varejista \u2013\u00a0despesas com restaurantes, compras, presentes, alimentos e bebidas, al\u00e9m do transporte antes e ap\u00f3s a viagem, passeios tur\u00edsticos, transporte nas cidades visitadas e hospedagem antes ou ap\u00f3s o cruzeiro.<\/p>\n<p>De 25 de outubro a 7 de maio, Costa Diadema, Costa Fascinosa, Costa Favolosa, MSC Armonia, MSC Grandiosa, MSC Lirica, MSC Musica, MSC Preziosa e MSC Seaview formam o grupo de nove navios que partir\u00e3o dos portos de Itaja\u00ed (SC), Macei\u00f3, Rio de Janeiro, Salvador, Santos (SP), al\u00e9m do estreante Porto de Paranagu\u00e1 (PR), e \u00a0percorrer\u00e3o por 212 roteiros, com 763 escalas.<\/p>\n<p>No total, ser\u00e3o 19 destinos: Angra dos Reis, Balne\u00e1rio Cambori\u00fa, B\u00fazios, Cabo Frio, Fortaleza, Ilha Grande, Ilhabela, Ilh\u00e9us, Porto Belo, Recife, incluindo Buenos Aires, Montevid\u00e9u, Punta del Este e os portos de embarque e desembarque, al\u00e9m da possibilidade de escalas-teste em Penha e em S\u00e3o Francisco do Sul, e do trabalho um pouco mais de longo prazo para viabilizar outras cidades, como Vit\u00f3ria.<\/p>\n<p>Segundo a Clia Brasil, a temporada 2023\/2024 tamb\u00e9m refor\u00e7a o retorno do Brasil como rota de importantes companhias mar\u00edtimas internacionais, com 35 navios de longo curso, que far\u00e3o paradas em 45 destinos localizados em 15 estados brasileiros, como Amazonas, Bahia, Rio de Janeiro, S\u00e3o Paulo, Par\u00e1, Cear\u00e1, Rio Grande do Norte, Alagoas e Rio Grande do Sul.<\/p>\n<p>&#8220;Depois de 2022\/2023 se consolidar como a maior dos \u00faltimos dez anos, a temporada 2023\/2024 com certeza ser\u00e1 outro recorde, que ir\u00e1 manter a ind\u00fastria de cruzeiros em um caminho ascendente, at\u00e9 superarmos os 805 mil cruzeiristas de 2011\/2012,. Na temporada passada, tivemos 802 mil cruzeiristas\u201d, disse o\u00a0presidente da Clia Brasil, Marco Ferraz.<\/p>\n<p><strong>Leia mais<\/strong><\/p>\n<p><a href=\"https:\/\/redenoticiaz.com.br\/blog\/2022\/12\/11\/maior-navio-da-temporada-brasileira-de-cruzeiros-faz-primeira-escala-em-santos\">Duas pessoas s\u00e3o resgatadas de navios de cruzeiros no Porto de Santos<\/a><\/p>\n<p><a href=\"https:\/\/redenoticiaz.com.br\/blog\/2023\/10\/24\/brasil-soma-terceira-vitoria-no-pan-2023-vencendo-cuba-no-beisebol\">Brasil soma terceira vit\u00f3ria no Pan 2023 vencendo Cuba no beisebol<\/a><\/p>\n<p><a href=\"https:\/\/redenoticiaz.com.br\/blog\/2022\/02\/27\/temporada-de-cruzeiros-e-retomada-apos-aval-do-ministerio-da-saude\">Temporada de cruzeiros \u00e9 retomada ap\u00f3s aval do Minist\u00e9rio da Sa\u00fade<\/a><\/p>\n<p>&nbsp;<\/p>\n","protected":false},"excerpt":{"rendered":"<p>Com 195 dias de dura\u00e7\u00e3o, quase sete meses de navega\u00e7\u00e3o, a temporada de cruzeiros 2023\/2024 ser\u00e1 ainda maior que sua antecessora, com a expectativa de ofertar mais de 877 mil leitos, segundo a Associa\u00e7\u00e3o Brasileira de Cruzeiros Mar\u00edtimos (Clia Brasil). O setor espera criar mais de 80 mil empregos no pa\u00eds, al\u00e9m de gerar um &hellip;<\/p>\n","protected":false},"author":12,"featured_media":111918,"comment_status":"open","ping_status":"closed","sticky":false,"template":"","format":"standard","meta":{"footnotes":""},"categories":[101],"tags":[29279,13978,1245,27274,3322,18350,157],"class_list":["post-111917","post","type-post","status-publish","format-standard","has-post-thumbnail","hentry","category-economia","tag-associacao-brasileira-de-cruzeiros-maritimos","tag-ceara","tag-clia-brasil","tag-cruzeiros","tag-para","tag-rio-grande-do-norte","tag-sao-paulo"],"yoast_head":"<!-- This site is optimized with the Yoast SEO plugin v27.4 - https:\/\/yoast.com\/product\/yoast-seo-wordpress\/ -->\n<title>Temporada de cruzeiros deve ter impacto de mais de R$ 5 bi na economia - Ribeir\u00e3o Preto e Regi\u00e3o<\/title>\n<meta name=\"description\" content=\"Com 195 dias de dura\u00e7\u00e3o, quase sete meses de navega\u00e7\u00e3o, a temporada de cruzeiros 2023\/2024 ser\u00e1 ainda maior que sua antecessora, com a expectativa de ofertar mais de 877 mil leitos.\" \/>\n<meta name=\"robots\" content=\"index, follow, max-snippet:-1, max-image-preview:large, max-video-preview:-1\" \/>\n<link rel=\"canonical\" href=\"https:\/\/redenoticiaz.com.br\/ribeiraopreto-regiao\/sp\/2023\/10\/28\/temporada-de-cruzeiros-deve-ter-impacto-de-mais-de-r-5-bi-na-economia\" \/>\n<meta property=\"og:locale\" content=\"pt_BR\" \/>\n<meta property=\"og:type\" content=\"article\" \/>\n<meta property=\"og:title\" content=\"Temporada de cruzeiros deve ter impacto de mais de R$ 5 bi na economia - Ribeir\u00e3o Preto e Regi\u00e3o\" \/>\n<meta property=\"og:description\" content=\"Com 195 dias de dura\u00e7\u00e3o, quase sete meses de navega\u00e7\u00e3o, a temporada de cruzeiros 2023\/2024 ser\u00e1 ainda maior que sua antecessora, com a expectativa de ofertar mais de 877 mil leitos.\" \/>\n<meta property=\"og:url\" content=\"https:\/\/redenoticiaz.com.br\/ribeiraopreto-regiao\/sp\/2023\/10\/28\/temporada-de-cruzeiros-deve-ter-impacto-de-mais-de-r-5-bi-na-economia\" \/>\n<meta property=\"og:site_name\" content=\"Ribeir\u00e3o Preto e Regi\u00e3o\" \/>\n<meta property=\"article:publisher\" content=\"https:\/\/m.facebook.com\/redenoticiaz.barretos\" \/>\n<meta property=\"article:published_time\" content=\"2023-10-28T15:00:04+00:00\" \/>\n<meta property=\"og:image\" content=\"https:\/\/redenoticiaz.com.br\/ribeiraopreto-regiao\/wp-content\/uploads\/sites\/4\/2023\/10\/cruzeiross.jpg?v=1631289170\" \/>\n\t<meta property=\"og:image:width\" content=\"1420\" \/>\n\t<meta property=\"og:image:height\" content=\"730\" \/>\n\t<meta property=\"og:image:type\" content=\"image\/jpeg\" \/>\n<meta name=\"author\" content=\"Gustavo Silva\" \/>\n<meta name=\"twitter:card\" content=\"summary_large_image\" \/>\n<meta name=\"twitter:creator\" content=\"@RN_barretos\" \/>\n<meta name=\"twitter:site\" content=\"@RN_barretos\" \/>\n<meta name=\"twitter:label1\" content=\"Escrito por\" \/>\n\t<meta name=\"twitter:data1\" content=\"Gustavo Silva\" \/>\n\t<meta name=\"twitter:label2\" content=\"Est. tempo de leitura\" \/>\n\t<meta name=\"twitter:data2\" content=\"3 minutos\" \/>\n<script type=\"application\/ld+json\" class=\"yoast-schema-graph\">{\"@context\":\"https:\\\/\\\/schema.org\",\"@graph\":[{\"@type\":\"Article\",\"@id\":\"https:\\\/\\\/redenoticiaz.com.br\\\/ribeiraopreto-regiao\\\/sp\\\/2023\\\/10\\\/28\\\/temporada-de-cruzeiros-deve-ter-impacto-de-mais-de-r-5-bi-na-economia#article\",\"isPartOf\":{\"@id\":\"https:\\\/\\\/redenoticiaz.com.br\\\/ribeiraopreto-regiao\\\/sp\\\/2023\\\/10\\\/28\\\/temporada-de-cruzeiros-deve-ter-impacto-de-mais-de-r-5-bi-na-economia\"},\"author\":{\"name\":\"Gustavo Silva\",\"@id\":\"https:\\\/\\\/redenoticiaz.com.br\\\/ribeiraopreto-regiao\\\/#\\\/schema\\\/person\\\/16057b37a3c0ee6b096d7f887c566e2e\"},\"headline\":\"Temporada de cruzeiros deve ter impacto de mais de R$ 5 bi na economia\",\"datePublished\":\"2023-10-28T15:00:04+00:00\",\"mainEntityOfPage\":{\"@id\":\"https:\\\/\\\/redenoticiaz.com.br\\\/ribeiraopreto-regiao\\\/sp\\\/2023\\\/10\\\/28\\\/temporada-de-cruzeiros-deve-ter-impacto-de-mais-de-r-5-bi-na-economia\"},\"wordCount\":420,\"commentCount\":0,\"publisher\":{\"@id\":\"https:\\\/\\\/redenoticiaz.com.br\\\/ribeiraopreto-regiao\\\/#organization\"},\"image\":{\"@id\":\"https:\\\/\\\/redenoticiaz.com.br\\\/ribeiraopreto-regiao\\\/sp\\\/2023\\\/10\\\/28\\\/temporada-de-cruzeiros-deve-ter-impacto-de-mais-de-r-5-bi-na-economia#primaryimage\"},\"thumbnailUrl\":\"https:\\\/\\\/redenoticiaz.com.br\\\/ribeiraopreto-regiao\\\/wp-content\\\/uploads\\\/sites\\\/4\\\/2023\\\/10\\\/cruzeiross.jpg?v=1631289170\",\"keywords\":[\"Associa\u00e7\u00e3o Brasileira de Cruzeiros Mar\u00edtimos\",\"Cear\u00e1\",\"CLIA BRASIL\",\"CRUZEIROS\",\"PAR\u00c1\",\"RIO GRANDE DO NORTE\",\"S\u00e3o Paulo\"],\"articleSection\":[\"Economia\"],\"inLanguage\":\"pt-BR\",\"potentialAction\":[{\"@type\":\"CommentAction\",\"name\":\"Comment\",\"target\":[\"https:\\\/\\\/redenoticiaz.com.br\\\/ribeiraopreto-regiao\\\/sp\\\/2023\\\/10\\\/28\\\/temporada-de-cruzeiros-deve-ter-impacto-de-mais-de-r-5-bi-na-economia#respond\"]}]},{\"@type\":\"WebPage\",\"@id\":\"https:\\\/\\\/redenoticiaz.com.br\\\/ribeiraopreto-regiao\\\/sp\\\/2023\\\/10\\\/28\\\/temporada-de-cruzeiros-deve-ter-impacto-de-mais-de-r-5-bi-na-economia\",\"url\":\"https:\\\/\\\/redenoticiaz.com.br\\\/ribeiraopreto-regiao\\\/sp\\\/2023\\\/10\\\/28\\\/temporada-de-cruzeiros-deve-ter-impacto-de-mais-de-r-5-bi-na-economia\",\"name\":\"Temporada de cruzeiros deve ter impacto de mais de R$ 5 bi na economia - Ribeir\u00e3o Preto e Regi\u00e3o\",\"isPartOf\":{\"@id\":\"https:\\\/\\\/redenoticiaz.com.br\\\/ribeiraopreto-regiao\\\/#website\"},\"primaryImageOfPage\":{\"@id\":\"https:\\\/\\\/redenoticiaz.com.br\\\/ribeiraopreto-regiao\\\/sp\\\/2023\\\/10\\\/28\\\/temporada-de-cruzeiros-deve-ter-impacto-de-mais-de-r-5-bi-na-economia#primaryimage\"},\"image\":{\"@id\":\"https:\\\/\\\/redenoticiaz.com.br\\\/ribeiraopreto-regiao\\\/sp\\\/2023\\\/10\\\/28\\\/temporada-de-cruzeiros-deve-ter-impacto-de-mais-de-r-5-bi-na-economia#primaryimage\"},\"thumbnailUrl\":\"https:\\\/\\\/redenoticiaz.com.br\\\/ribeiraopreto-regiao\\\/wp-content\\\/uploads\\\/sites\\\/4\\\/2023\\\/10\\\/cruzeiross.jpg?v=1631289170\",\"datePublished\":\"2023-10-28T15:00:04+00:00\",\"description\":\"Com 195 dias de dura\u00e7\u00e3o, quase sete meses de navega\u00e7\u00e3o, a temporada de cruzeiros 2023\\\/2024 ser\u00e1 ainda maior que sua antecessora, com a expectativa de ofertar mais de 877 mil leitos.\",\"inLanguage\":\"pt-BR\",\"potentialAction\":[{\"@type\":\"ReadAction\",\"target\":[\"https:\\\/\\\/redenoticiaz.com.br\\\/ribeiraopreto-regiao\\\/sp\\\/2023\\\/10\\\/28\\\/temporada-de-cruzeiros-deve-ter-impacto-de-mais-de-r-5-bi-na-economia\"]}]},{\"@type\":\"ImageObject\",\"inLanguage\":\"pt-BR\",\"@id\":\"https:\\\/\\\/redenoticiaz.com.br\\\/ribeiraopreto-regiao\\\/sp\\\/2023\\\/10\\\/28\\\/temporada-de-cruzeiros-deve-ter-impacto-de-mais-de-r-5-bi-na-economia#primaryimage\",\"url\":\"https:\\\/\\\/redenoticiaz.com.br\\\/ribeiraopreto-regiao\\\/wp-content\\\/uploads\\\/sites\\\/4\\\/2023\\\/10\\\/cruzeiross.jpg?v=1631289170\",\"contentUrl\":\"https:\\\/\\\/redenoticiaz.com.br\\\/ribeiraopreto-regiao\\\/wp-content\\\/uploads\\\/sites\\\/4\\\/2023\\\/10\\\/cruzeiross.jpg?v=1631289170\",\"width\":1420,\"height\":730,\"caption\":\"Cr\u00e9ditos: Divulga\u00e7\u00e3o\\\/MSC\"},{\"@type\":\"WebSite\",\"@id\":\"https:\\\/\\\/redenoticiaz.com.br\\\/ribeiraopreto-regiao\\\/#website\",\"url\":\"https:\\\/\\\/redenoticiaz.com.br\\\/ribeiraopreto-regiao\\\/\",\"name\":\"Ribeir\u00e3o Preto e Regi\u00e3o\",\"description\":\"Rede NoticiaZ - Ribeir\u00e3o Preto e regi\u00e3o\",\"publisher\":{\"@id\":\"https:\\\/\\\/redenoticiaz.com.br\\\/ribeiraopreto-regiao\\\/#organization\"},\"potentialAction\":[{\"@type\":\"SearchAction\",\"target\":{\"@type\":\"EntryPoint\",\"urlTemplate\":\"https:\\\/\\\/redenoticiaz.com.br\\\/ribeiraopreto-regiao\\\/?s={search_term_string}\"},\"query-input\":{\"@type\":\"PropertyValueSpecification\",\"valueRequired\":true,\"valueName\":\"search_term_string\"}}],\"inLanguage\":\"pt-BR\"},{\"@type\":\"Organization\",\"@id\":\"https:\\\/\\\/redenoticiaz.com.br\\\/ribeiraopreto-regiao\\\/#organization\",\"name\":\"Ribeir\u00e3o Preto e Regi\u00e3o\",\"url\":\"https:\\\/\\\/redenoticiaz.com.br\\\/ribeiraopreto-regiao\\\/\",\"logo\":{\"@type\":\"ImageObject\",\"inLanguage\":\"pt-BR\",\"@id\":\"https:\\\/\\\/redenoticiaz.com.br\\\/ribeiraopreto-regiao\\\/#\\\/schema\\\/logo\\\/image\\\/\",\"url\":\"https:\\\/\\\/redenoticiaz.com.br\\\/barretos-regiao\\\/wp-content\\\/uploads\\\/sites\\\/4\\\/2022\\\/02\\\/logo.jpg\",\"contentUrl\":\"https:\\\/\\\/redenoticiaz.com.br\\\/barretos-regiao\\\/wp-content\\\/uploads\\\/sites\\\/4\\\/2022\\\/02\\\/logo.jpg\",\"width\":400,\"height\":250,\"caption\":\"Ribeir\u00e3o Preto e Regi\u00e3o\"},\"image\":{\"@id\":\"https:\\\/\\\/redenoticiaz.com.br\\\/ribeiraopreto-regiao\\\/#\\\/schema\\\/logo\\\/image\\\/\"},\"sameAs\":[\"https:\\\/\\\/m.facebook.com\\\/redenoticiaz.barretos\",\"https:\\\/\\\/x.com\\\/RN_barretos\",\"https:\\\/\\\/www.instagram.com\\\/redenoticiaz.barretos\\\/?igshid=YmMyMTA2M2Y\",\"https:\\\/\\\/www.linkedin.com\\\/company\\\/rede-noticiaz-barretos-e-regio\\\/\"]},{\"@type\":\"Person\",\"@id\":\"https:\\\/\\\/redenoticiaz.com.br\\\/ribeiraopreto-regiao\\\/#\\\/schema\\\/person\\\/16057b37a3c0ee6b096d7f887c566e2e\",\"name\":\"Gustavo Silva\",\"image\":{\"@type\":\"ImageObject\",\"inLanguage\":\"pt-BR\",\"@id\":\"https:\\\/\\\/secure.gravatar.com\\\/avatar\\\/3ee4e82f93b26de0a7cf4ea5eb7893da637ed6bb0c9170c58065944c56e28a33?s=96&d=mm&r=g\",\"url\":\"https:\\\/\\\/secure.gravatar.com\\\/avatar\\\/3ee4e82f93b26de0a7cf4ea5eb7893da637ed6bb0c9170c58065944c56e28a33?s=96&d=mm&r=g\",\"contentUrl\":\"https:\\\/\\\/secure.gravatar.com\\\/avatar\\\/3ee4e82f93b26de0a7cf4ea5eb7893da637ed6bb0c9170c58065944c56e28a33?s=96&d=mm&r=g\",\"caption\":\"Gustavo Silva\"},\"url\":\"https:\\\/\\\/redenoticiaz.com.br\\\/ribeiraopreto-regiao\\\/sp\\\/author\\\/gustavosilva\"}]}<\/script>\n<!-- \/ Yoast SEO plugin. -->","yoast_head_json":{"title":"Temporada de cruzeiros deve ter impacto de mais de R$ 5 bi na economia - Ribeir\u00e3o Preto e Regi\u00e3o","description":"Com 195 dias de dura\u00e7\u00e3o, quase sete meses de navega\u00e7\u00e3o, a temporada de cruzeiros 2023\/2024 ser\u00e1 ainda maior que sua antecessora, com a expectativa de ofertar mais de 877 mil leitos.","robots":{"index":"index","follow":"follow","max-snippet":"max-snippet:-1","max-image-preview":"max-image-preview:large","max-video-preview":"max-video-preview:-1"},"canonical":"https:\/\/redenoticiaz.com.br\/ribeiraopreto-regiao\/sp\/2023\/10\/28\/temporada-de-cruzeiros-deve-ter-impacto-de-mais-de-r-5-bi-na-economia","og_locale":"pt_BR","og_type":"article","og_title":"Temporada de cruzeiros deve ter impacto de mais de R$ 5 bi na economia - Ribeir\u00e3o Preto e Regi\u00e3o","og_description":"Com 195 dias de dura\u00e7\u00e3o, quase sete meses de navega\u00e7\u00e3o, a temporada de cruzeiros 2023\/2024 ser\u00e1 ainda maior que sua antecessora, com a expectativa de ofertar mais de 877 mil leitos.","og_url":"https:\/\/redenoticiaz.com.br\/ribeiraopreto-regiao\/sp\/2023\/10\/28\/temporada-de-cruzeiros-deve-ter-impacto-de-mais-de-r-5-bi-na-economia","og_site_name":"Ribeir\u00e3o Preto e Regi\u00e3o","article_publisher":"https:\/\/m.facebook.com\/redenoticiaz.barretos","article_published_time":"2023-10-28T15:00:04+00:00","og_image":[{"width":1420,"height":730,"url":"https:\/\/redenoticiaz.com.br\/ribeiraopreto-regiao\/wp-content\/uploads\/sites\/4\/2023\/10\/cruzeiross.jpg?v=1631289170","type":"image\/jpeg"}],"author":"Gustavo Silva","twitter_card":"summary_large_image","twitter_creator":"@RN_barretos","twitter_site":"@RN_barretos","twitter_misc":{"Escrito por":"Gustavo Silva","Est. tempo de leitura":"3 minutos"},"schema":{"@context":"https:\/\/schema.org","@graph":[{"@type":"Article","@id":"https:\/\/redenoticiaz.com.br\/ribeiraopreto-regiao\/sp\/2023\/10\/28\/temporada-de-cruzeiros-deve-ter-impacto-de-mais-de-r-5-bi-na-economia#article","isPartOf":{"@id":"https:\/\/redenoticiaz.com.br\/ribeiraopreto-regiao\/sp\/2023\/10\/28\/temporada-de-cruzeiros-deve-ter-impacto-de-mais-de-r-5-bi-na-economia"},"author":{"name":"Gustavo Silva","@id":"https:\/\/redenoticiaz.com.br\/ribeiraopreto-regiao\/#\/schema\/person\/16057b37a3c0ee6b096d7f887c566e2e"},"headline":"Temporada de cruzeiros deve ter impacto de mais de R$ 5 bi na economia","datePublished":"2023-10-28T15:00:04+00:00","mainEntityOfPage":{"@id":"https:\/\/redenoticiaz.com.br\/ribeiraopreto-regiao\/sp\/2023\/10\/28\/temporada-de-cruzeiros-deve-ter-impacto-de-mais-de-r-5-bi-na-economia"},"wordCount":420,"commentCount":0,"publisher":{"@id":"https:\/\/redenoticiaz.com.br\/ribeiraopreto-regiao\/#organization"},"image":{"@id":"https:\/\/redenoticiaz.com.br\/ribeiraopreto-regiao\/sp\/2023\/10\/28\/temporada-de-cruzeiros-deve-ter-impacto-de-mais-de-r-5-bi-na-economia#primaryimage"},"thumbnailUrl":"https:\/\/redenoticiaz.com.br\/ribeiraopreto-regiao\/wp-content\/uploads\/sites\/4\/2023\/10\/cruzeiross.jpg?v=1631289170","keywords":["Associa\u00e7\u00e3o Brasileira de Cruzeiros Mar\u00edtimos","Cear\u00e1","CLIA BRASIL","CRUZEIROS","PAR\u00c1","RIO GRANDE DO NORTE","S\u00e3o Paulo"],"articleSection":["Economia"],"inLanguage":"pt-BR","potentialAction":[{"@type":"CommentAction","name":"Comment","target":["https:\/\/redenoticiaz.com.br\/ribeiraopreto-regiao\/sp\/2023\/10\/28\/temporada-de-cruzeiros-deve-ter-impacto-de-mais-de-r-5-bi-na-economia#respond"]}]},{"@type":"WebPage","@id":"https:\/\/redenoticiaz.com.br\/ribeiraopreto-regiao\/sp\/2023\/10\/28\/temporada-de-cruzeiros-deve-ter-impacto-de-mais-de-r-5-bi-na-economia","url":"https:\/\/redenoticiaz.com.br\/ribeiraopreto-regiao\/sp\/2023\/10\/28\/temporada-de-cruzeiros-deve-ter-impacto-de-mais-de-r-5-bi-na-economia","name":"Temporada de cruzeiros deve ter impacto de mais de R$ 5 bi na economia - Ribeir\u00e3o Preto e Regi\u00e3o","isPartOf":{"@id":"https:\/\/redenoticiaz.com.br\/ribeiraopreto-regiao\/#website"},"primaryImageOfPage":{"@id":"https:\/\/redenoticiaz.com.br\/ribeiraopreto-regiao\/sp\/2023\/10\/28\/temporada-de-cruzeiros-deve-ter-impacto-de-mais-de-r-5-bi-na-economia#primaryimage"},"image":{"@id":"https:\/\/redenoticiaz.com.br\/ribeiraopreto-regiao\/sp\/2023\/10\/28\/temporada-de-cruzeiros-deve-ter-impacto-de-mais-de-r-5-bi-na-economia#primaryimage"},"thumbnailUrl":"https:\/\/redenoticiaz.com.br\/ribeiraopreto-regiao\/wp-content\/uploads\/sites\/4\/2023\/10\/cruzeiross.jpg?v=1631289170","datePublished":"2023-10-28T15:00:04+00:00","description":"Com 195 dias de dura\u00e7\u00e3o, quase sete meses de navega\u00e7\u00e3o, a temporada de cruzeiros 2023\/2024 ser\u00e1 ainda maior que sua antecessora, com a expectativa de ofertar mais de 877 mil leitos.","inLanguage":"pt-BR","potentialAction":[{"@type":"ReadAction","target":["https:\/\/redenoticiaz.com.br\/ribeiraopreto-regiao\/sp\/2023\/10\/28\/temporada-de-cruzeiros-deve-ter-impacto-de-mais-de-r-5-bi-na-economia"]}]},{"@type":"ImageObject","inLanguage":"pt-BR","@id":"https:\/\/redenoticiaz.com.br\/ribeiraopreto-regiao\/sp\/2023\/10\/28\/temporada-de-cruzeiros-deve-ter-impacto-de-mais-de-r-5-bi-na-economia#primaryimage","url":"https:\/\/redenoticiaz.com.br\/ribeiraopreto-regiao\/wp-content\/uploads\/sites\/4\/2023\/10\/cruzeiross.jpg?v=1631289170","contentUrl":"https:\/\/redenoticiaz.com.br\/ribeiraopreto-regiao\/wp-content\/uploads\/sites\/4\/2023\/10\/cruzeiross.jpg?v=1631289170","width":1420,"height":730,"caption":"Cr\u00e9ditos: Divulga\u00e7\u00e3o\/MSC"},{"@type":"WebSite","@id":"https:\/\/redenoticiaz.com.br\/ribeiraopreto-regiao\/#website","url":"https:\/\/redenoticiaz.com.br\/ribeiraopreto-regiao\/","name":"Ribeir\u00e3o Preto e Regi\u00e3o","description":"Rede NoticiaZ - Ribeir\u00e3o Preto e regi\u00e3o","publisher":{"@id":"https:\/\/redenoticiaz.com.br\/ribeiraopreto-regiao\/#organization"},"potentialAction":[{"@type":"SearchAction","target":{"@type":"EntryPoint","urlTemplate":"https:\/\/redenoticiaz.com.br\/ribeiraopreto-regiao\/?s={search_term_string}"},"query-input":{"@type":"PropertyValueSpecification","valueRequired":true,"valueName":"search_term_string"}}],"inLanguage":"pt-BR"},{"@type":"Organization","@id":"https:\/\/redenoticiaz.com.br\/ribeiraopreto-regiao\/#organization","name":"Ribeir\u00e3o Preto e Regi\u00e3o","url":"https:\/\/redenoticiaz.com.br\/ribeiraopreto-regiao\/","logo":{"@type":"ImageObject","inLanguage":"pt-BR","@id":"https:\/\/redenoticiaz.com.br\/ribeiraopreto-regiao\/#\/schema\/logo\/image\/","url":"https:\/\/redenoticiaz.com.br\/barretos-regiao\/wp-content\/uploads\/sites\/4\/2022\/02\/logo.jpg","contentUrl":"https:\/\/redenoticiaz.com.br\/barretos-regiao\/wp-content\/uploads\/sites\/4\/2022\/02\/logo.jpg","width":400,"height":250,"caption":"Ribeir\u00e3o Preto e Regi\u00e3o"},"image":{"@id":"https:\/\/redenoticiaz.com.br\/ribeiraopreto-regiao\/#\/schema\/logo\/image\/"},"sameAs":["https:\/\/m.facebook.com\/redenoticiaz.barretos","https:\/\/x.com\/RN_barretos","https:\/\/www.instagram.com\/redenoticiaz.barretos\/?igshid=YmMyMTA2M2Y","https:\/\/www.linkedin.com\/company\/rede-noticiaz-barretos-e-regio\/"]},{"@type":"Person","@id":"https:\/\/redenoticiaz.com.br\/ribeiraopreto-regiao\/#\/schema\/person\/16057b37a3c0ee6b096d7f887c566e2e","name":"Gustavo Silva","image":{"@type":"ImageObject","inLanguage":"pt-BR","@id":"https:\/\/secure.gravatar.com\/avatar\/3ee4e82f93b26de0a7cf4ea5eb7893da637ed6bb0c9170c58065944c56e28a33?s=96&d=mm&r=g","url":"https:\/\/secure.gravatar.com\/avatar\/3ee4e82f93b26de0a7cf4ea5eb7893da637ed6bb0c9170c58065944c56e28a33?s=96&d=mm&r=g","contentUrl":"https:\/\/secure.gravatar.com\/avatar\/3ee4e82f93b26de0a7cf4ea5eb7893da637ed6bb0c9170c58065944c56e28a33?s=96&d=mm&r=g","caption":"Gustavo Silva"},"url":"https:\/\/redenoticiaz.com.br\/ribeiraopreto-regiao\/sp\/author\/gustavosilva"}]}},"_links":{"self":[{"href":"https:\/\/redenoticiaz.com.br\/ribeiraopreto-regiao\/wp-json\/wp\/v2\/posts\/111917","targetHints":{"allow":["GET"]}}],"collection":[{"href":"https:\/\/redenoticiaz.com.br\/ribeiraopreto-regiao\/wp-json\/wp\/v2\/posts"}],"about":[{"href":"https:\/\/redenoticiaz.com.br\/ribeiraopreto-regiao\/wp-json\/wp\/v2\/types\/post"}],"author":[{"embeddable":true,"href":"https:\/\/redenoticiaz.com.br\/ribeiraopreto-regiao\/wp-json\/wp\/v2\/users\/12"}],"replies":[{"embeddable":true,"href":"https:\/\/redenoticiaz.com.br\/ribeiraopreto-regiao\/wp-json\/wp\/v2\/comments?post=111917"}],"version-history":[{"count":0,"href":"https:\/\/redenoticiaz.com.br\/ribeiraopreto-regiao\/wp-json\/wp\/v2\/posts\/111917\/revisions"}],"wp:featuredmedia":[{"embeddable":true,"href":"https:\/\/redenoticiaz.com.br\/ribeiraopreto-regiao\/wp-json\/wp\/v2\/media\/111918"}],"wp:attachment":[{"href":"https:\/\/redenoticiaz.com.br\/ribeiraopreto-regiao\/wp-json\/wp\/v2\/media?parent=111917"}],"wp:term":[{"taxonomy":"category","embeddable":true,"href":"https:\/\/redenoticiaz.com.br\/ribeiraopreto-regiao\/wp-json\/wp\/v2\/categories?post=111917"},{"taxonomy":"post_tag","embeddable":true,"href":"https:\/\/redenoticiaz.com.br\/ribeiraopreto-regiao\/wp-json\/wp\/v2\/tags?post=111917"}],"curies":[{"name":"wp","href":"https:\/\/api.w.org\/{rel}","templated":true}]}}