{"id":111919,"date":"2023-10-25T13:37:37","date_gmt":"2023-10-25T16:37:37","guid":{"rendered":"https:\/\/redenoticiaz.com.br\/barretos-regiao\/sp\/2023\/10\/25\/el-nino-de-alta-intensidade-deve-afetar-producao-de-uvas"},"modified":"2023-10-25T13:40:47","modified_gmt":"2023-10-25T16:40:47","slug":"el-nino-de-alta-intensidade-deve-afetar-producao-de-uvas","status":"publish","type":"post","link":"https:\/\/redenoticiaz.com.br\/ribeiraopreto-regiao\/sp\/2023\/10\/25\/el-nino-de-alta-intensidade-deve-afetar-producao-de-uvas","title":{"rendered":"El Ni\u00f1o de alta intensidade deve afetar produ\u00e7\u00e3o de uvas"},"content":{"rendered":"<p>As mudan\u00e7as clim\u00e1ticas em 2023 surpreenderam os brasileiros. De acordo com pesquisa realizada pela FAPESP, o El Ni\u00f1o tem 80% de chance de ter alta intensidade. Isso ocorre quando a temperaturas das \u00e1guas aumentam mais de 1,0\u00baC.<\/p>\n<p>O El Ni\u00f1o \u00e9 um fen\u00f4meno clim\u00e1tico caracterizado pelo enfraquecimento dos ventos al\u00edsios, que sopram do leste para o oeste e, consequentemente, pelo aumento da temperatura das \u00e1guas superficiais da regi\u00e3o central do Oceano Pac\u00edfico.<\/p>\n<p>Com dura\u00e7\u00e3o m\u00e9dia de um ano e meio, o El Ni\u00f1o causa diversos impactos na viticultura, seja na produtividade, na qualidade e no pre\u00e7o dos frutos. O Brasil \u00e9 um pa\u00eds com suas dimens\u00f5es continentais, por isso o fen\u00f4meno deve ser avaliado localmente. Geralmente, em anos do fen\u00f4meno, espera-se aumento de chuvas na regi\u00e3o Sul do pa\u00eds e secas ou estiagens nas regi\u00f5es Norte e Nordeste, al\u00e9m de aumento na temperatura, como temos visto atualmente.<\/p>\n<p>\u201cPor isso, o 6\u00ba Encontro Enoconex\u00e3o, evento t\u00e9cnico sobre viticultura, enologia e enoturismo, vai abordar<strong> duas palestras t\u00e9cnicas relevantes com profissionais refer\u00eancias no setor<\/strong> para trazer informa\u00e7\u00f5es para que os produtores de uva possam se apropriar do assunto\u201d, explica Rafael Vicchini, s\u00f3cio-diretor da Enoconex\u00e3o.<\/p>\n<p>O engenheiro agr\u00f4nomo e professor do Curso de Viticultura e Enologia, <strong>Dr. Leonardo Cury,<\/strong> abordar\u00e1 os pontos de aten\u00e7\u00e3o para os produtores das principais regi\u00f5es vit\u00edcolas brasileiras e apontar\u00e1 as principais estrat\u00e9gias para minimizar os efeitos do El Ni\u00f1o na viticultura.<\/p>\n<p>J\u00e1 o <strong>Dr. Henrique Pessoa dos Santos,<\/strong> engenheiro agr\u00f4nomo da Embrapa Uva e Vinho, fala dos principais aspectos do manejo sob o cultivo protegido das videiras, um tema relevante diante dos fen\u00f4menos clim\u00e1ticos da atualidade.<\/p>\n<p>Segundo Ariana Sgarioni, en\u00f3loga e organizadora do evento, o produtor de uva e de vinho deve ser estrategista. \u201cO que queremos \u00e9 que o produtor avalie quais os principais impactos desses fen\u00f4menos na regi\u00e3o dele e quais as mudan\u00e7as seja na infra-estrutura, seja no manejo ele ter\u00e1 que estar preparado para fazer\u201d.<\/p>\n<p>O 6 Enoconex\u00e3o, que tem co-organiza\u00e7\u00e3o do Polo Tur\u00edstico do Circuito das Frutas, acontecer\u00e1 nos dias 8 e 9 de novembro de 2023, no Sal\u00e3o de Cultura e Eventos de Louveira, localizado na Estrada Miguel Bossi, 130 \u2013 Bairro Guemb\u00ea, Louveira \u2013 SP. Para a programa\u00e7\u00e3o completa e inscri\u00e7\u00f5es, acesse: enoconexao.com.br\/eventos.<\/p>\n<h3>Palestrantes<\/h3>\n<ul>\n<li><strong>Dr. Leonardo Cury<\/strong> possui gradua\u00e7\u00e3o em Agronomia pela Universidade do Estado de Santa Catarina (2005), mestrado em Produ\u00e7\u00e3o Vegetal pela Universidade do Estado de Santa Catarina (2008) e doutorado em Fitotecnia pela Universidade Federal do Rio Grande do Sul (2012).<\/li>\n<\/ul>\n<p>Palestra: Mudan\u00e7as clim\u00e1ticas e os impactos na viticultura: El Ni\u00f1o, La Ni\u00f1a&#8230; e agora?<\/p>\n<p>Data e hor\u00e1rio: 09 de novembro de 2023 das 13h30 \u00e0s 15h00<\/p>\n<ul>\n<li><strong>Dr. Henrique Pessoa dos Santos<\/strong> \u00e9 engenheiro agr\u00f4nomo com mestrado em Fitotecnia e doutorado em Fisiologia Vegetal.<\/li>\n<\/ul>\n<p>Palestra:Cultivo protegido de videira: Detalhes para se garantir produ\u00e7\u00e3o e qualidade.<\/p>\n<p>Data e hor\u00e1rio: 9 de novembro de 2023 das 15h00 \u00e0s 16h30.<\/p>\n<p>Para efetivar a inscri\u00e7\u00e3o acesse o link: <a href=\"https:\/\/bit.ly\/enoconexao\">https:\/\/bit.ly\/enoconexao<\/a><\/p>\n<p>O <strong>6\u00ba Encontro Enoconex\u00e3o<\/strong> contar\u00e1 com sete palestras, al\u00e9m de brindes e degusta\u00e7\u00e3o de vinhos. Entre as palestras, duas s\u00e3o com<strong> nomes internacionais importantes do setor vitivin\u00edcola<\/strong>.<\/p>\n<ul>\n<li><strong>Dra. Marta Dizy Soto<\/strong> \u00e9 graduada em Ci\u00eancias Biol\u00f3gicas e Doutora em Qu\u00edmica pela Universidad Aut\u00f3noma de Madrid com especializa\u00e7\u00e3o no Master em Enologia e Viticultura da Universidad Polit\u00e9cnica de Madrid.<\/li>\n<\/ul>\n<p>Palestra: Como determinar o perfil organol\u00e9ptico aplicado ao caso dos vinhos ultra premium.<br \/>\nData e hor\u00e1rio: 08 de novembro de 2023 das 15h \u00e0s 16h30.<\/p>\n<ul>\n<li><strong>Dr. \u00c1lvaro Pe\u00f1a-Neira<\/strong> \u00e9 engenheiro agr\u00f4nomo\/en\u00f3logo e professor titular da Faculdade de Ci\u00eancias Agron\u00f4micas da Universidade do Chile. Possui PhD em Ci\u00eancias e Tecnologia de Alimentos pela Universidade Polit\u00e9cnica de Madrid (Espanha).<\/li>\n<\/ul>\n<p>Palestra: Fatores relevantes que determinam a qualidade dos vinhos e seu potencial de passagem por barricas de carvalho.<br \/>\nData e hor\u00e1rio: 08 de novembro de 2023 das 16h30 \u00e0s 18h00<\/p>\n<ul>\n<li><strong>Lucas Amaral<\/strong> possui gradua\u00e7\u00e3o em Viticultura e Enologia pelo Instituto Federal de S\u00e3o Paulo (2017) e mestrado em Ci\u00eancias pela Universidade de S\u00e3o Paulo (2021). Pesquisador da EPAMIG- N\u00facleo Tecnol\u00f3gico Uva e Vinho desde 2021 e Respons\u00e1vel T\u00e9cnico pela Vin\u00edcola Experimental.<\/li>\n<\/ul>\n<p>Palestra: Novas fronteiras vitivin\u00edcolas &#8211; A t\u00e9cnica de dupla poda.<br \/>\nData e hor\u00e1rio: 9 de novembro de 2023 das 16h30 \u00e0s 18h00.<\/p>\n<p>LEIA MAIS<\/p>\n<p><a href=\"https:\/\/redenoticiaz.com.br\/blog\/2023\/10\/25\/defesa-civil-alerta-para-possibilidade-de-chuvas-fortes-durante-a-semana\" target=\"_blank\" rel=\"noopener\">Defesa Civil alerta para possibilidade de chuvas fortes durante a semana<\/a><\/p>\n<p>&nbsp;<\/p>\n","protected":false},"excerpt":{"rendered":"<p>As mudan\u00e7as clim\u00e1ticas em 2023 surpreenderam os brasileiros. De acordo com pesquisa realizada pela FAPESP, o El Ni\u00f1o tem 80% de chance de ter alta intensidade. Isso ocorre quando a temperaturas das \u00e1guas aumentam mais de 1,0\u00baC. O El Ni\u00f1o \u00e9 um fen\u00f4meno clim\u00e1tico caracterizado pelo enfraquecimento dos ventos al\u00edsios, que sopram do leste para &hellip;<\/p>\n","protected":false},"author":30,"featured_media":111920,"comment_status":"open","ping_status":"closed","sticky":false,"template":"","format":"standard","meta":{"footnotes":""},"categories":[94],"tags":[27958,23674,29280],"class_list":["post-111919","post","type-post","status-publish","format-standard","has-post-thumbnail","hentry","category-meio-ambiente","tag-el-nino","tag-plantacao","tag-uvas"],"yoast_head":"<!-- This site is optimized with the Yoast SEO plugin v27.4 - https:\/\/yoast.com\/product\/yoast-seo-wordpress\/ -->\n<title>El Ni\u00f1o de alta intensidade deve afetar produ\u00e7\u00e3o de uvas - Ribeir\u00e3o Preto e Regi\u00e3o<\/title>\n<meta name=\"description\" content=\"As mudan\u00e7as clim\u00e1ticas em 2023 surpreenderam os brasileiros. De acordo com pesquisa realizada pela FAPESP, o El Ni\u00f1o tem 80% de chance de ter alta intensidade.\" \/>\n<meta name=\"robots\" content=\"index, follow, max-snippet:-1, max-image-preview:large, max-video-preview:-1\" \/>\n<link rel=\"canonical\" href=\"https:\/\/redenoticiaz.com.br\/ribeiraopreto-regiao\/sp\/2023\/10\/25\/el-nino-de-alta-intensidade-deve-afetar-producao-de-uvas\" \/>\n<meta property=\"og:locale\" content=\"pt_BR\" \/>\n<meta property=\"og:type\" content=\"article\" \/>\n<meta property=\"og:title\" content=\"El Ni\u00f1o de alta intensidade deve afetar produ\u00e7\u00e3o de uvas - Ribeir\u00e3o Preto e Regi\u00e3o\" \/>\n<meta property=\"og:description\" content=\"As mudan\u00e7as clim\u00e1ticas em 2023 surpreenderam os brasileiros. De acordo com pesquisa realizada pela FAPESP, o El Ni\u00f1o tem 80% de chance de ter alta intensidade.\" \/>\n<meta property=\"og:url\" content=\"https:\/\/redenoticiaz.com.br\/ribeiraopreto-regiao\/sp\/2023\/10\/25\/el-nino-de-alta-intensidade-deve-afetar-producao-de-uvas\" \/>\n<meta property=\"og:site_name\" content=\"Ribeir\u00e3o Preto e Regi\u00e3o\" \/>\n<meta property=\"article:publisher\" content=\"https:\/\/m.facebook.com\/redenoticiaz.barretos\" \/>\n<meta property=\"article:published_time\" content=\"2023-10-25T16:37:37+00:00\" \/>\n<meta property=\"article:modified_time\" content=\"2023-10-25T16:40:47+00:00\" \/>\n<meta property=\"og:image\" content=\"https:\/\/redenoticiaz.com.br\/ribeiraopreto-regiao\/wp-content\/uploads\/sites\/4\/2023\/10\/plantacao-uva-1-scaled.jpg?v=1698251620\" \/>\n\t<meta property=\"og:image:width\" content=\"1694\" \/>\n\t<meta property=\"og:image:height\" content=\"1080\" \/>\n\t<meta property=\"og:image:type\" content=\"image\/jpeg\" \/>\n<meta name=\"author\" content=\"Carina Reifonas\" \/>\n<meta name=\"twitter:card\" content=\"summary_large_image\" \/>\n<meta name=\"twitter:creator\" content=\"@RN_barretos\" \/>\n<meta name=\"twitter:site\" content=\"@RN_barretos\" \/>\n<meta name=\"twitter:label1\" content=\"Escrito por\" \/>\n\t<meta name=\"twitter:data1\" content=\"Carina Reifonas\" \/>\n\t<meta name=\"twitter:label2\" content=\"Est. tempo de leitura\" \/>\n\t<meta name=\"twitter:data2\" content=\"4 minutos\" \/>\n<script type=\"application\/ld+json\" class=\"yoast-schema-graph\">{\"@context\":\"https:\\\/\\\/schema.org\",\"@graph\":[{\"@type\":\"Article\",\"@id\":\"https:\\\/\\\/redenoticiaz.com.br\\\/ribeiraopreto-regiao\\\/sp\\\/2023\\\/10\\\/25\\\/el-nino-de-alta-intensidade-deve-afetar-producao-de-uvas#article\",\"isPartOf\":{\"@id\":\"https:\\\/\\\/redenoticiaz.com.br\\\/ribeiraopreto-regiao\\\/sp\\\/2023\\\/10\\\/25\\\/el-nino-de-alta-intensidade-deve-afetar-producao-de-uvas\"},\"author\":{\"name\":\"Carina Reifonas\",\"@id\":\"https:\\\/\\\/redenoticiaz.com.br\\\/ribeiraopreto-regiao\\\/#\\\/schema\\\/person\\\/1f84d6e94e6a62d2d81199d7503e9e90\"},\"headline\":\"El Ni\u00f1o de alta intensidade deve afetar produ\u00e7\u00e3o de uvas\",\"datePublished\":\"2023-10-25T16:37:37+00:00\",\"dateModified\":\"2023-10-25T16:40:47+00:00\",\"mainEntityOfPage\":{\"@id\":\"https:\\\/\\\/redenoticiaz.com.br\\\/ribeiraopreto-regiao\\\/sp\\\/2023\\\/10\\\/25\\\/el-nino-de-alta-intensidade-deve-afetar-producao-de-uvas\"},\"wordCount\":785,\"commentCount\":0,\"publisher\":{\"@id\":\"https:\\\/\\\/redenoticiaz.com.br\\\/ribeiraopreto-regiao\\\/#organization\"},\"image\":{\"@id\":\"https:\\\/\\\/redenoticiaz.com.br\\\/ribeiraopreto-regiao\\\/sp\\\/2023\\\/10\\\/25\\\/el-nino-de-alta-intensidade-deve-afetar-producao-de-uvas#primaryimage\"},\"thumbnailUrl\":\"https:\\\/\\\/redenoticiaz.com.br\\\/ribeiraopreto-regiao\\\/wp-content\\\/uploads\\\/sites\\\/4\\\/2023\\\/10\\\/plantacao-uva-1-scaled.jpg?v=1698251620\",\"keywords\":[\"El Ni\u00f1o\",\"planta\u00e7\u00e3o\",\"Uvas\"],\"articleSection\":[\"Meio Ambiente\"],\"inLanguage\":\"pt-BR\",\"potentialAction\":[{\"@type\":\"CommentAction\",\"name\":\"Comment\",\"target\":[\"https:\\\/\\\/redenoticiaz.com.br\\\/ribeiraopreto-regiao\\\/sp\\\/2023\\\/10\\\/25\\\/el-nino-de-alta-intensidade-deve-afetar-producao-de-uvas#respond\"]}]},{\"@type\":\"WebPage\",\"@id\":\"https:\\\/\\\/redenoticiaz.com.br\\\/ribeiraopreto-regiao\\\/sp\\\/2023\\\/10\\\/25\\\/el-nino-de-alta-intensidade-deve-afetar-producao-de-uvas\",\"url\":\"https:\\\/\\\/redenoticiaz.com.br\\\/ribeiraopreto-regiao\\\/sp\\\/2023\\\/10\\\/25\\\/el-nino-de-alta-intensidade-deve-afetar-producao-de-uvas\",\"name\":\"El Ni\u00f1o de alta intensidade deve afetar produ\u00e7\u00e3o de uvas - Ribeir\u00e3o Preto e Regi\u00e3o\",\"isPartOf\":{\"@id\":\"https:\\\/\\\/redenoticiaz.com.br\\\/ribeiraopreto-regiao\\\/#website\"},\"primaryImageOfPage\":{\"@id\":\"https:\\\/\\\/redenoticiaz.com.br\\\/ribeiraopreto-regiao\\\/sp\\\/2023\\\/10\\\/25\\\/el-nino-de-alta-intensidade-deve-afetar-producao-de-uvas#primaryimage\"},\"image\":{\"@id\":\"https:\\\/\\\/redenoticiaz.com.br\\\/ribeiraopreto-regiao\\\/sp\\\/2023\\\/10\\\/25\\\/el-nino-de-alta-intensidade-deve-afetar-producao-de-uvas#primaryimage\"},\"thumbnailUrl\":\"https:\\\/\\\/redenoticiaz.com.br\\\/ribeiraopreto-regiao\\\/wp-content\\\/uploads\\\/sites\\\/4\\\/2023\\\/10\\\/plantacao-uva-1-scaled.jpg?v=1698251620\",\"datePublished\":\"2023-10-25T16:37:37+00:00\",\"dateModified\":\"2023-10-25T16:40:47+00:00\",\"description\":\"As mudan\u00e7as clim\u00e1ticas em 2023 surpreenderam os brasileiros. De acordo com pesquisa realizada pela FAPESP, o El Ni\u00f1o tem 80% de chance de ter alta intensidade.\",\"inLanguage\":\"pt-BR\",\"potentialAction\":[{\"@type\":\"ReadAction\",\"target\":[\"https:\\\/\\\/redenoticiaz.com.br\\\/ribeiraopreto-regiao\\\/sp\\\/2023\\\/10\\\/25\\\/el-nino-de-alta-intensidade-deve-afetar-producao-de-uvas\"]}]},{\"@type\":\"ImageObject\",\"inLanguage\":\"pt-BR\",\"@id\":\"https:\\\/\\\/redenoticiaz.com.br\\\/ribeiraopreto-regiao\\\/sp\\\/2023\\\/10\\\/25\\\/el-nino-de-alta-intensidade-deve-afetar-producao-de-uvas#primaryimage\",\"url\":\"https:\\\/\\\/redenoticiaz.com.br\\\/ribeiraopreto-regiao\\\/wp-content\\\/uploads\\\/sites\\\/4\\\/2023\\\/10\\\/plantacao-uva-1-scaled.jpg?v=1698251620\",\"contentUrl\":\"https:\\\/\\\/redenoticiaz.com.br\\\/ribeiraopreto-regiao\\\/wp-content\\\/uploads\\\/sites\\\/4\\\/2023\\\/10\\\/plantacao-uva-1-scaled.jpg?v=1698251620\",\"width\":1694,\"height\":1080,\"caption\":\"El Ni\u00f1o de alta intensidade deve afetar produ\u00e7\u00e3o de uvas. Foto - Divulga\u00e7\u00e3o\"},{\"@type\":\"WebSite\",\"@id\":\"https:\\\/\\\/redenoticiaz.com.br\\\/ribeiraopreto-regiao\\\/#website\",\"url\":\"https:\\\/\\\/redenoticiaz.com.br\\\/ribeiraopreto-regiao\\\/\",\"name\":\"Ribeir\u00e3o Preto e Regi\u00e3o\",\"description\":\"Rede NoticiaZ - Ribeir\u00e3o Preto e regi\u00e3o\",\"publisher\":{\"@id\":\"https:\\\/\\\/redenoticiaz.com.br\\\/ribeiraopreto-regiao\\\/#organization\"},\"potentialAction\":[{\"@type\":\"SearchAction\",\"target\":{\"@type\":\"EntryPoint\",\"urlTemplate\":\"https:\\\/\\\/redenoticiaz.com.br\\\/ribeiraopreto-regiao\\\/?s={search_term_string}\"},\"query-input\":{\"@type\":\"PropertyValueSpecification\",\"valueRequired\":true,\"valueName\":\"search_term_string\"}}],\"inLanguage\":\"pt-BR\"},{\"@type\":\"Organization\",\"@id\":\"https:\\\/\\\/redenoticiaz.com.br\\\/ribeiraopreto-regiao\\\/#organization\",\"name\":\"Ribeir\u00e3o Preto e Regi\u00e3o\",\"url\":\"https:\\\/\\\/redenoticiaz.com.br\\\/ribeiraopreto-regiao\\\/\",\"logo\":{\"@type\":\"ImageObject\",\"inLanguage\":\"pt-BR\",\"@id\":\"https:\\\/\\\/redenoticiaz.com.br\\\/ribeiraopreto-regiao\\\/#\\\/schema\\\/logo\\\/image\\\/\",\"url\":\"https:\\\/\\\/redenoticiaz.com.br\\\/barretos-regiao\\\/wp-content\\\/uploads\\\/sites\\\/4\\\/2022\\\/02\\\/logo.jpg\",\"contentUrl\":\"https:\\\/\\\/redenoticiaz.com.br\\\/barretos-regiao\\\/wp-content\\\/uploads\\\/sites\\\/4\\\/2022\\\/02\\\/logo.jpg\",\"width\":400,\"height\":250,\"caption\":\"Ribeir\u00e3o Preto e Regi\u00e3o\"},\"image\":{\"@id\":\"https:\\\/\\\/redenoticiaz.com.br\\\/ribeiraopreto-regiao\\\/#\\\/schema\\\/logo\\\/image\\\/\"},\"sameAs\":[\"https:\\\/\\\/m.facebook.com\\\/redenoticiaz.barretos\",\"https:\\\/\\\/x.com\\\/RN_barretos\",\"https:\\\/\\\/www.instagram.com\\\/redenoticiaz.barretos\\\/?igshid=YmMyMTA2M2Y\",\"https:\\\/\\\/www.linkedin.com\\\/company\\\/rede-noticiaz-barretos-e-regio\\\/\"]},{\"@type\":\"Person\",\"@id\":\"https:\\\/\\\/redenoticiaz.com.br\\\/ribeiraopreto-regiao\\\/#\\\/schema\\\/person\\\/1f84d6e94e6a62d2d81199d7503e9e90\",\"name\":\"Carina Reifonas\",\"image\":{\"@type\":\"ImageObject\",\"inLanguage\":\"pt-BR\",\"@id\":\"https:\\\/\\\/secure.gravatar.com\\\/avatar\\\/04c59859b23696cf867715880f81d5c037e60109730bdb4e6670ec2a2245bc97?s=96&d=mm&r=g\",\"url\":\"https:\\\/\\\/secure.gravatar.com\\\/avatar\\\/04c59859b23696cf867715880f81d5c037e60109730bdb4e6670ec2a2245bc97?s=96&d=mm&r=g\",\"contentUrl\":\"https:\\\/\\\/secure.gravatar.com\\\/avatar\\\/04c59859b23696cf867715880f81d5c037e60109730bdb4e6670ec2a2245bc97?s=96&d=mm&r=g\",\"caption\":\"Carina Reifonas\"},\"url\":\"https:\\\/\\\/redenoticiaz.com.br\\\/ribeiraopreto-regiao\\\/sp\\\/author\\\/carinareifonas\"}]}<\/script>\n<!-- \/ Yoast SEO plugin. -->","yoast_head_json":{"title":"El Ni\u00f1o de alta intensidade deve afetar produ\u00e7\u00e3o de uvas - Ribeir\u00e3o Preto e Regi\u00e3o","description":"As mudan\u00e7as clim\u00e1ticas em 2023 surpreenderam os brasileiros. De acordo com pesquisa realizada pela FAPESP, o El Ni\u00f1o tem 80% de chance de ter alta intensidade.","robots":{"index":"index","follow":"follow","max-snippet":"max-snippet:-1","max-image-preview":"max-image-preview:large","max-video-preview":"max-video-preview:-1"},"canonical":"https:\/\/redenoticiaz.com.br\/ribeiraopreto-regiao\/sp\/2023\/10\/25\/el-nino-de-alta-intensidade-deve-afetar-producao-de-uvas","og_locale":"pt_BR","og_type":"article","og_title":"El Ni\u00f1o de alta intensidade deve afetar produ\u00e7\u00e3o de uvas - Ribeir\u00e3o Preto e Regi\u00e3o","og_description":"As mudan\u00e7as clim\u00e1ticas em 2023 surpreenderam os brasileiros. De acordo com pesquisa realizada pela FAPESP, o El Ni\u00f1o tem 80% de chance de ter alta intensidade.","og_url":"https:\/\/redenoticiaz.com.br\/ribeiraopreto-regiao\/sp\/2023\/10\/25\/el-nino-de-alta-intensidade-deve-afetar-producao-de-uvas","og_site_name":"Ribeir\u00e3o Preto e Regi\u00e3o","article_publisher":"https:\/\/m.facebook.com\/redenoticiaz.barretos","article_published_time":"2023-10-25T16:37:37+00:00","article_modified_time":"2023-10-25T16:40:47+00:00","og_image":[{"width":1694,"height":1080,"url":"https:\/\/redenoticiaz.com.br\/ribeiraopreto-regiao\/wp-content\/uploads\/sites\/4\/2023\/10\/plantacao-uva-1-scaled.jpg?v=1698251620","type":"image\/jpeg"}],"author":"Carina Reifonas","twitter_card":"summary_large_image","twitter_creator":"@RN_barretos","twitter_site":"@RN_barretos","twitter_misc":{"Escrito por":"Carina Reifonas","Est. tempo de leitura":"4 minutos"},"schema":{"@context":"https:\/\/schema.org","@graph":[{"@type":"Article","@id":"https:\/\/redenoticiaz.com.br\/ribeiraopreto-regiao\/sp\/2023\/10\/25\/el-nino-de-alta-intensidade-deve-afetar-producao-de-uvas#article","isPartOf":{"@id":"https:\/\/redenoticiaz.com.br\/ribeiraopreto-regiao\/sp\/2023\/10\/25\/el-nino-de-alta-intensidade-deve-afetar-producao-de-uvas"},"author":{"name":"Carina Reifonas","@id":"https:\/\/redenoticiaz.com.br\/ribeiraopreto-regiao\/#\/schema\/person\/1f84d6e94e6a62d2d81199d7503e9e90"},"headline":"El Ni\u00f1o de alta intensidade deve afetar produ\u00e7\u00e3o de uvas","datePublished":"2023-10-25T16:37:37+00:00","dateModified":"2023-10-25T16:40:47+00:00","mainEntityOfPage":{"@id":"https:\/\/redenoticiaz.com.br\/ribeiraopreto-regiao\/sp\/2023\/10\/25\/el-nino-de-alta-intensidade-deve-afetar-producao-de-uvas"},"wordCount":785,"commentCount":0,"publisher":{"@id":"https:\/\/redenoticiaz.com.br\/ribeiraopreto-regiao\/#organization"},"image":{"@id":"https:\/\/redenoticiaz.com.br\/ribeiraopreto-regiao\/sp\/2023\/10\/25\/el-nino-de-alta-intensidade-deve-afetar-producao-de-uvas#primaryimage"},"thumbnailUrl":"https:\/\/redenoticiaz.com.br\/ribeiraopreto-regiao\/wp-content\/uploads\/sites\/4\/2023\/10\/plantacao-uva-1-scaled.jpg?v=1698251620","keywords":["El Ni\u00f1o","planta\u00e7\u00e3o","Uvas"],"articleSection":["Meio Ambiente"],"inLanguage":"pt-BR","potentialAction":[{"@type":"CommentAction","name":"Comment","target":["https:\/\/redenoticiaz.com.br\/ribeiraopreto-regiao\/sp\/2023\/10\/25\/el-nino-de-alta-intensidade-deve-afetar-producao-de-uvas#respond"]}]},{"@type":"WebPage","@id":"https:\/\/redenoticiaz.com.br\/ribeiraopreto-regiao\/sp\/2023\/10\/25\/el-nino-de-alta-intensidade-deve-afetar-producao-de-uvas","url":"https:\/\/redenoticiaz.com.br\/ribeiraopreto-regiao\/sp\/2023\/10\/25\/el-nino-de-alta-intensidade-deve-afetar-producao-de-uvas","name":"El Ni\u00f1o de alta intensidade deve afetar produ\u00e7\u00e3o de uvas - Ribeir\u00e3o Preto e Regi\u00e3o","isPartOf":{"@id":"https:\/\/redenoticiaz.com.br\/ribeiraopreto-regiao\/#website"},"primaryImageOfPage":{"@id":"https:\/\/redenoticiaz.com.br\/ribeiraopreto-regiao\/sp\/2023\/10\/25\/el-nino-de-alta-intensidade-deve-afetar-producao-de-uvas#primaryimage"},"image":{"@id":"https:\/\/redenoticiaz.com.br\/ribeiraopreto-regiao\/sp\/2023\/10\/25\/el-nino-de-alta-intensidade-deve-afetar-producao-de-uvas#primaryimage"},"thumbnailUrl":"https:\/\/redenoticiaz.com.br\/ribeiraopreto-regiao\/wp-content\/uploads\/sites\/4\/2023\/10\/plantacao-uva-1-scaled.jpg?v=1698251620","datePublished":"2023-10-25T16:37:37+00:00","dateModified":"2023-10-25T16:40:47+00:00","description":"As mudan\u00e7as clim\u00e1ticas em 2023 surpreenderam os brasileiros. De acordo com pesquisa realizada pela FAPESP, o El Ni\u00f1o tem 80% de chance de ter alta intensidade.","inLanguage":"pt-BR","potentialAction":[{"@type":"ReadAction","target":["https:\/\/redenoticiaz.com.br\/ribeiraopreto-regiao\/sp\/2023\/10\/25\/el-nino-de-alta-intensidade-deve-afetar-producao-de-uvas"]}]},{"@type":"ImageObject","inLanguage":"pt-BR","@id":"https:\/\/redenoticiaz.com.br\/ribeiraopreto-regiao\/sp\/2023\/10\/25\/el-nino-de-alta-intensidade-deve-afetar-producao-de-uvas#primaryimage","url":"https:\/\/redenoticiaz.com.br\/ribeiraopreto-regiao\/wp-content\/uploads\/sites\/4\/2023\/10\/plantacao-uva-1-scaled.jpg?v=1698251620","contentUrl":"https:\/\/redenoticiaz.com.br\/ribeiraopreto-regiao\/wp-content\/uploads\/sites\/4\/2023\/10\/plantacao-uva-1-scaled.jpg?v=1698251620","width":1694,"height":1080,"caption":"El Ni\u00f1o de alta intensidade deve afetar produ\u00e7\u00e3o de uvas. Foto - Divulga\u00e7\u00e3o"},{"@type":"WebSite","@id":"https:\/\/redenoticiaz.com.br\/ribeiraopreto-regiao\/#website","url":"https:\/\/redenoticiaz.com.br\/ribeiraopreto-regiao\/","name":"Ribeir\u00e3o Preto e Regi\u00e3o","description":"Rede NoticiaZ - Ribeir\u00e3o Preto e regi\u00e3o","publisher":{"@id":"https:\/\/redenoticiaz.com.br\/ribeiraopreto-regiao\/#organization"},"potentialAction":[{"@type":"SearchAction","target":{"@type":"EntryPoint","urlTemplate":"https:\/\/redenoticiaz.com.br\/ribeiraopreto-regiao\/?s={search_term_string}"},"query-input":{"@type":"PropertyValueSpecification","valueRequired":true,"valueName":"search_term_string"}}],"inLanguage":"pt-BR"},{"@type":"Organization","@id":"https:\/\/redenoticiaz.com.br\/ribeiraopreto-regiao\/#organization","name":"Ribeir\u00e3o Preto e Regi\u00e3o","url":"https:\/\/redenoticiaz.com.br\/ribeiraopreto-regiao\/","logo":{"@type":"ImageObject","inLanguage":"pt-BR","@id":"https:\/\/redenoticiaz.com.br\/ribeiraopreto-regiao\/#\/schema\/logo\/image\/","url":"https:\/\/redenoticiaz.com.br\/barretos-regiao\/wp-content\/uploads\/sites\/4\/2022\/02\/logo.jpg","contentUrl":"https:\/\/redenoticiaz.com.br\/barretos-regiao\/wp-content\/uploads\/sites\/4\/2022\/02\/logo.jpg","width":400,"height":250,"caption":"Ribeir\u00e3o Preto e Regi\u00e3o"},"image":{"@id":"https:\/\/redenoticiaz.com.br\/ribeiraopreto-regiao\/#\/schema\/logo\/image\/"},"sameAs":["https:\/\/m.facebook.com\/redenoticiaz.barretos","https:\/\/x.com\/RN_barretos","https:\/\/www.instagram.com\/redenoticiaz.barretos\/?igshid=YmMyMTA2M2Y","https:\/\/www.linkedin.com\/company\/rede-noticiaz-barretos-e-regio\/"]},{"@type":"Person","@id":"https:\/\/redenoticiaz.com.br\/ribeiraopreto-regiao\/#\/schema\/person\/1f84d6e94e6a62d2d81199d7503e9e90","name":"Carina Reifonas","image":{"@type":"ImageObject","inLanguage":"pt-BR","@id":"https:\/\/secure.gravatar.com\/avatar\/04c59859b23696cf867715880f81d5c037e60109730bdb4e6670ec2a2245bc97?s=96&d=mm&r=g","url":"https:\/\/secure.gravatar.com\/avatar\/04c59859b23696cf867715880f81d5c037e60109730bdb4e6670ec2a2245bc97?s=96&d=mm&r=g","contentUrl":"https:\/\/secure.gravatar.com\/avatar\/04c59859b23696cf867715880f81d5c037e60109730bdb4e6670ec2a2245bc97?s=96&d=mm&r=g","caption":"Carina Reifonas"},"url":"https:\/\/redenoticiaz.com.br\/ribeiraopreto-regiao\/sp\/author\/carinareifonas"}]}},"_links":{"self":[{"href":"https:\/\/redenoticiaz.com.br\/ribeiraopreto-regiao\/wp-json\/wp\/v2\/posts\/111919","targetHints":{"allow":["GET"]}}],"collection":[{"href":"https:\/\/redenoticiaz.com.br\/ribeiraopreto-regiao\/wp-json\/wp\/v2\/posts"}],"about":[{"href":"https:\/\/redenoticiaz.com.br\/ribeiraopreto-regiao\/wp-json\/wp\/v2\/types\/post"}],"author":[{"embeddable":true,"href":"https:\/\/redenoticiaz.com.br\/ribeiraopreto-regiao\/wp-json\/wp\/v2\/users\/30"}],"replies":[{"embeddable":true,"href":"https:\/\/redenoticiaz.com.br\/ribeiraopreto-regiao\/wp-json\/wp\/v2\/comments?post=111919"}],"version-history":[{"count":1,"href":"https:\/\/redenoticiaz.com.br\/ribeiraopreto-regiao\/wp-json\/wp\/v2\/posts\/111919\/revisions"}],"predecessor-version":[{"id":111921,"href":"https:\/\/redenoticiaz.com.br\/ribeiraopreto-regiao\/wp-json\/wp\/v2\/posts\/111919\/revisions\/111921"}],"wp:featuredmedia":[{"embeddable":true,"href":"https:\/\/redenoticiaz.com.br\/ribeiraopreto-regiao\/wp-json\/wp\/v2\/media\/111920"}],"wp:attachment":[{"href":"https:\/\/redenoticiaz.com.br\/ribeiraopreto-regiao\/wp-json\/wp\/v2\/media?parent=111919"}],"wp:term":[{"taxonomy":"category","embeddable":true,"href":"https:\/\/redenoticiaz.com.br\/ribeiraopreto-regiao\/wp-json\/wp\/v2\/categories?post=111919"},{"taxonomy":"post_tag","embeddable":true,"href":"https:\/\/redenoticiaz.com.br\/ribeiraopreto-regiao\/wp-json\/wp\/v2\/tags?post=111919"}],"curies":[{"name":"wp","href":"https:\/\/api.w.org\/{rel}","templated":true}]}}