{"id":112260,"date":"2023-11-05T13:04:03","date_gmt":"2023-11-05T16:04:03","guid":{"rendered":"https:\/\/redenoticiaz.com.br\/barretos-regiao\/?p=112260"},"modified":"2023-11-05T13:04:03","modified_gmt":"2023-11-05T16:04:03","slug":"suspeito-de-crime-em-motel-e-preso-pela-policia-rodoviaria","status":"publish","type":"post","link":"https:\/\/redenoticiaz.com.br\/ribeiraopreto-regiao\/sp\/2023\/11\/05\/suspeito-de-crime-em-motel-e-preso-pela-policia-rodoviaria","title":{"rendered":"Suspeito de crime em motel \u00e9 preso pela Pol\u00edcia Rodovi\u00e1ria"},"content":{"rendered":"<p>Um homem de 30 anos suspeito de matar Silvia Mirian Angelo Ramos, de 56 anos, em um motel em Ol\u00edmpia foi preso. O suspeito foi detido pela Pol\u00edcia Militar Rodovi\u00e1ria em um \u00f4nibus preto no km 567 da Rodovia Raposo Tavares, na companhia de seu pai.<\/p>\n<p>A pris\u00e3o foi resultado de uma opera\u00e7\u00e3o virtual atrav\u00e9s do sistema Detecta, que rastreou o ve\u00edculo em que eles viajavam. O suspeito, quando questionado sobre o crime, ficou nervoso e n\u00e3o forneceu respostas convincentes.<\/p>\n<p>O pai relatou que atendeu ao pedido de busca do filho ap\u00f3s este dizer que tinha cometido um erro grave. O suspeito permanece detido em Presidente Prudente aguardando a\u00e7\u00e3o judicial.<\/p>\n<h3>Relembre o caso<\/h3>\n<p>A v\u00edtima, Silvia Mirian Angelo Ramos residia no munic\u00edpio de Sever\u00ednia, e foi encontrada morta madrugada de quinta-feira (2), por sufocamento, com dois travesseiros sobre a cabe\u00e7a no quarto de um motel em Ol\u00edmpia.<\/p>\n<p>Uma motorista de aplicativo &#8211; qualificada como testemunha &#8211; informou que por volta das 19 horas, a v\u00edtima pediu uma corrida; e fez duas paradas antes de chegar ao motel.<\/p>\n<p>Primeira parada, ela comprou um vinho e na segunda encontrou um homem que entrou no carro e, por fim, pararam no motel.<\/p>\n<p>Ent\u00e3o a testemunha combinou com eles que filha voltaria para busc\u00e1-los. No entanto, por volta das 00h10 de quinta-feira, a filha da motorista os estava esperando, e devido \u00e0 demora entrou em contato com a funcion\u00e1ria da portaria do motel.<\/p>\n<p>Funcion\u00e1rios ligaram no quarto, ningu\u00e9m atendeu.<\/p>\n<p><img loading=\"lazy\" decoding=\"async\" class=\"size-medium wp-image-112262 alignleft\" src=\"https:\/\/redenoticiaz.com.br\/barretos-regiao\/wp-content\/uploads\/sites\/4\/2023\/11\/Captura-de-tela-2023-11-05-125216-300x182.png\" alt=\"\" width=\"300\" height=\"182\" srcset=\"https:\/\/redenoticiaz.com.br\/ribeiraopreto-regiao\/wp-content\/uploads\/sites\/4\/2023\/11\/Captura-de-tela-2023-11-05-125216-300x182.png 300w, https:\/\/redenoticiaz.com.br\/ribeiraopreto-regiao\/wp-content\/uploads\/sites\/4\/2023\/11\/Captura-de-tela-2023-11-05-125216-768x465.png 768w, https:\/\/redenoticiaz.com.br\/ribeiraopreto-regiao\/wp-content\/uploads\/sites\/4\/2023\/11\/Captura-de-tela-2023-11-05-125216-780x470.png 780w, https:\/\/redenoticiaz.com.br\/ribeiraopreto-regiao\/wp-content\/uploads\/sites\/4\/2023\/11\/Captura-de-tela-2023-11-05-125216.png 963w\" sizes=\"auto, (max-width: 300px) 100vw, 300px\" \/><\/p>\n<p>Diante disso, foram averiguar o que estava acontecendo e depararam com Silvia desacordada em cima da cama e acionaram o SAMU que constatou o \u00f3bito.<\/p>\n<p>Imagens das c\u00e2meras de seguran\u00e7a, flagraram o momento que o suspeito deixou o quarto e fugiu pelos fundos.<\/p>\n<p>&nbsp;<\/p>\n<p>LEIA MAIS<\/p>\n<p><a href=\"https:\/\/redenoticiaz.com.br\/barretos-regiao\/sp\/2023\/11\/05\/fluminense-campeao-da-libertadores-quebra-recorde-de-premiacao-veja-valores\">Fluminense \u2013 Campe\u00e3o da Libertadores quebra recorde de premia\u00e7\u00e3o; veja valores<\/a><\/p>\n<p><a href=\"https:\/\/redenoticiaz.com.br\/barretos-regiao\/sp\/2023\/11\/05\/palmeiras-vence-e-iguala-o-botafogo-na-lideranca-do-brasileirao\">Palmeiras vence e iguala o Botafogo na lideran\u00e7a do Brasileir\u00e3o<\/a><\/p>\n","protected":false},"excerpt":{"rendered":"<p>Um homem de 30 anos suspeito de matar Silvia Mirian Angelo Ramos, de 56 anos, em um motel em Ol\u00edmpia foi preso. O suspeito foi detido pela Pol\u00edcia Militar Rodovi\u00e1ria em um \u00f4nibus preto no km 567 da Rodovia Raposo Tavares, na companhia de seu pai. A pris\u00e3o foi resultado de uma opera\u00e7\u00e3o virtual atrav\u00e9s &hellip;<\/p>\n","protected":false},"author":30,"featured_media":112261,"comment_status":"open","ping_status":"closed","sticky":false,"template":"","format":"standard","meta":{"footnotes":""},"categories":[88],"tags":[10141,20074,22848,814,10285,1329,9413],"class_list":["post-112260","post","type-post","status-publish","format-standard","has-post-thumbnail","hentry","category-policia","tag-crime","tag-investigacoes","tag-motel","tag-olimpia","tag-policia-rodoviaria","tag-prisao","tag-suspeito"],"yoast_head":"<!-- This site is optimized with the Yoast SEO plugin v27.4 - https:\/\/yoast.com\/product\/yoast-seo-wordpress\/ -->\n<title>Suspeito de crime em motel \u00e9 preso pela Pol\u00edcia Rodovi\u00e1ria - Ribeir\u00e3o Preto e Regi\u00e3o<\/title>\n<meta name=\"description\" content=\"Um homem de 30 anos suspeito de matar Silvia Mirian Angelo Ramos, de 56 anos, em um motel em Ol\u00edmpia foi preso.\" \/>\n<meta name=\"robots\" content=\"index, follow, max-snippet:-1, max-image-preview:large, max-video-preview:-1\" \/>\n<link rel=\"canonical\" href=\"https:\/\/redenoticiaz.com.br\/ribeiraopreto-regiao\/sp\/2023\/11\/05\/suspeito-de-crime-em-motel-e-preso-pela-policia-rodoviaria\" \/>\n<meta property=\"og:locale\" content=\"pt_BR\" \/>\n<meta property=\"og:type\" content=\"article\" \/>\n<meta property=\"og:title\" content=\"Suspeito de crime em motel \u00e9 preso pela Pol\u00edcia Rodovi\u00e1ria - Ribeir\u00e3o Preto e Regi\u00e3o\" \/>\n<meta property=\"og:description\" content=\"Um homem de 30 anos suspeito de matar Silvia Mirian Angelo Ramos, de 56 anos, em um motel em Ol\u00edmpia foi preso.\" \/>\n<meta property=\"og:url\" content=\"https:\/\/redenoticiaz.com.br\/ribeiraopreto-regiao\/sp\/2023\/11\/05\/suspeito-de-crime-em-motel-e-preso-pela-policia-rodoviaria\" \/>\n<meta property=\"og:site_name\" content=\"Ribeir\u00e3o Preto e Regi\u00e3o\" \/>\n<meta property=\"article:publisher\" content=\"https:\/\/m.facebook.com\/redenoticiaz.barretos\" \/>\n<meta property=\"article:published_time\" content=\"2023-11-05T16:04:03+00:00\" \/>\n<meta property=\"og:image\" content=\"https:\/\/redenoticiaz.com.br\/ribeiraopreto-regiao\/wp-content\/uploads\/sites\/4\/2023\/11\/Captura-de-tela-2023-11-05-125312.png\" \/>\n\t<meta property=\"og:image:width\" content=\"410\" \/>\n\t<meta property=\"og:image:height\" content=\"558\" \/>\n\t<meta property=\"og:image:type\" content=\"image\/png\" \/>\n<meta name=\"author\" content=\"Carina Reifonas\" \/>\n<meta name=\"twitter:card\" content=\"summary_large_image\" \/>\n<meta name=\"twitter:creator\" content=\"@RN_barretos\" \/>\n<meta name=\"twitter:site\" content=\"@RN_barretos\" \/>\n<meta name=\"twitter:label1\" content=\"Escrito por\" \/>\n\t<meta name=\"twitter:data1\" content=\"Carina Reifonas\" \/>\n\t<meta name=\"twitter:label2\" content=\"Est. tempo de leitura\" \/>\n\t<meta name=\"twitter:data2\" content=\"2 minutos\" \/>\n<script type=\"application\/ld+json\" class=\"yoast-schema-graph\">{\"@context\":\"https:\\\/\\\/schema.org\",\"@graph\":[{\"@type\":\"Article\",\"@id\":\"https:\\\/\\\/redenoticiaz.com.br\\\/ribeiraopreto-regiao\\\/sp\\\/2023\\\/11\\\/05\\\/suspeito-de-crime-em-motel-e-preso-pela-policia-rodoviaria#article\",\"isPartOf\":{\"@id\":\"https:\\\/\\\/redenoticiaz.com.br\\\/ribeiraopreto-regiao\\\/sp\\\/2023\\\/11\\\/05\\\/suspeito-de-crime-em-motel-e-preso-pela-policia-rodoviaria\"},\"author\":{\"name\":\"Carina Reifonas\",\"@id\":\"https:\\\/\\\/redenoticiaz.com.br\\\/ribeiraopreto-regiao\\\/#\\\/schema\\\/person\\\/1f84d6e94e6a62d2d81199d7503e9e90\"},\"headline\":\"Suspeito de crime em motel \u00e9 preso pela Pol\u00edcia Rodovi\u00e1ria\",\"datePublished\":\"2023-11-05T16:04:03+00:00\",\"mainEntityOfPage\":{\"@id\":\"https:\\\/\\\/redenoticiaz.com.br\\\/ribeiraopreto-regiao\\\/sp\\\/2023\\\/11\\\/05\\\/suspeito-de-crime-em-motel-e-preso-pela-policia-rodoviaria\"},\"wordCount\":343,\"commentCount\":0,\"publisher\":{\"@id\":\"https:\\\/\\\/redenoticiaz.com.br\\\/ribeiraopreto-regiao\\\/#organization\"},\"image\":{\"@id\":\"https:\\\/\\\/redenoticiaz.com.br\\\/ribeiraopreto-regiao\\\/sp\\\/2023\\\/11\\\/05\\\/suspeito-de-crime-em-motel-e-preso-pela-policia-rodoviaria#primaryimage\"},\"thumbnailUrl\":\"https:\\\/\\\/redenoticiaz.com.br\\\/ribeiraopreto-regiao\\\/wp-content\\\/uploads\\\/sites\\\/4\\\/2023\\\/11\\\/Captura-de-tela-2023-11-05-125312.png\",\"keywords\":[\"CRIME\",\"INVESTIGA\u00c7\u00d5ES\",\"MOTEL\",\"OLIMP\u00cdA\",\"Pol\u00edcia Rodovi\u00e1ria\",\"PRIS\u00c3O\",\"SUSPEITO\"],\"articleSection\":[\"Pol\u00edcia\"],\"inLanguage\":\"pt-BR\",\"potentialAction\":[{\"@type\":\"CommentAction\",\"name\":\"Comment\",\"target\":[\"https:\\\/\\\/redenoticiaz.com.br\\\/ribeiraopreto-regiao\\\/sp\\\/2023\\\/11\\\/05\\\/suspeito-de-crime-em-motel-e-preso-pela-policia-rodoviaria#respond\"]}]},{\"@type\":\"WebPage\",\"@id\":\"https:\\\/\\\/redenoticiaz.com.br\\\/ribeiraopreto-regiao\\\/sp\\\/2023\\\/11\\\/05\\\/suspeito-de-crime-em-motel-e-preso-pela-policia-rodoviaria\",\"url\":\"https:\\\/\\\/redenoticiaz.com.br\\\/ribeiraopreto-regiao\\\/sp\\\/2023\\\/11\\\/05\\\/suspeito-de-crime-em-motel-e-preso-pela-policia-rodoviaria\",\"name\":\"Suspeito de crime em motel \u00e9 preso pela Pol\u00edcia Rodovi\u00e1ria - Ribeir\u00e3o Preto e Regi\u00e3o\",\"isPartOf\":{\"@id\":\"https:\\\/\\\/redenoticiaz.com.br\\\/ribeiraopreto-regiao\\\/#website\"},\"primaryImageOfPage\":{\"@id\":\"https:\\\/\\\/redenoticiaz.com.br\\\/ribeiraopreto-regiao\\\/sp\\\/2023\\\/11\\\/05\\\/suspeito-de-crime-em-motel-e-preso-pela-policia-rodoviaria#primaryimage\"},\"image\":{\"@id\":\"https:\\\/\\\/redenoticiaz.com.br\\\/ribeiraopreto-regiao\\\/sp\\\/2023\\\/11\\\/05\\\/suspeito-de-crime-em-motel-e-preso-pela-policia-rodoviaria#primaryimage\"},\"thumbnailUrl\":\"https:\\\/\\\/redenoticiaz.com.br\\\/ribeiraopreto-regiao\\\/wp-content\\\/uploads\\\/sites\\\/4\\\/2023\\\/11\\\/Captura-de-tela-2023-11-05-125312.png\",\"datePublished\":\"2023-11-05T16:04:03+00:00\",\"description\":\"Um homem de 30 anos suspeito de matar Silvia Mirian Angelo Ramos, de 56 anos, em um motel em Ol\u00edmpia foi preso.\",\"inLanguage\":\"pt-BR\",\"potentialAction\":[{\"@type\":\"ReadAction\",\"target\":[\"https:\\\/\\\/redenoticiaz.com.br\\\/ribeiraopreto-regiao\\\/sp\\\/2023\\\/11\\\/05\\\/suspeito-de-crime-em-motel-e-preso-pela-policia-rodoviaria\"]}]},{\"@type\":\"ImageObject\",\"inLanguage\":\"pt-BR\",\"@id\":\"https:\\\/\\\/redenoticiaz.com.br\\\/ribeiraopreto-regiao\\\/sp\\\/2023\\\/11\\\/05\\\/suspeito-de-crime-em-motel-e-preso-pela-policia-rodoviaria#primaryimage\",\"url\":\"https:\\\/\\\/redenoticiaz.com.br\\\/ribeiraopreto-regiao\\\/wp-content\\\/uploads\\\/sites\\\/4\\\/2023\\\/11\\\/Captura-de-tela-2023-11-05-125312.png\",\"contentUrl\":\"https:\\\/\\\/redenoticiaz.com.br\\\/ribeiraopreto-regiao\\\/wp-content\\\/uploads\\\/sites\\\/4\\\/2023\\\/11\\\/Captura-de-tela-2023-11-05-125312.png\",\"width\":410,\"height\":558,\"caption\":\"Suspeito de crime em motel \u00e9 preso pela Pol\u00edcia Rodovi\u00e1ria\"},{\"@type\":\"WebSite\",\"@id\":\"https:\\\/\\\/redenoticiaz.com.br\\\/ribeiraopreto-regiao\\\/#website\",\"url\":\"https:\\\/\\\/redenoticiaz.com.br\\\/ribeiraopreto-regiao\\\/\",\"name\":\"Ribeir\u00e3o Preto e Regi\u00e3o\",\"description\":\"Rede NoticiaZ - Ribeir\u00e3o Preto e regi\u00e3o\",\"publisher\":{\"@id\":\"https:\\\/\\\/redenoticiaz.com.br\\\/ribeiraopreto-regiao\\\/#organization\"},\"potentialAction\":[{\"@type\":\"SearchAction\",\"target\":{\"@type\":\"EntryPoint\",\"urlTemplate\":\"https:\\\/\\\/redenoticiaz.com.br\\\/ribeiraopreto-regiao\\\/?s={search_term_string}\"},\"query-input\":{\"@type\":\"PropertyValueSpecification\",\"valueRequired\":true,\"valueName\":\"search_term_string\"}}],\"inLanguage\":\"pt-BR\"},{\"@type\":\"Organization\",\"@id\":\"https:\\\/\\\/redenoticiaz.com.br\\\/ribeiraopreto-regiao\\\/#organization\",\"name\":\"Ribeir\u00e3o Preto e Regi\u00e3o\",\"url\":\"https:\\\/\\\/redenoticiaz.com.br\\\/ribeiraopreto-regiao\\\/\",\"logo\":{\"@type\":\"ImageObject\",\"inLanguage\":\"pt-BR\",\"@id\":\"https:\\\/\\\/redenoticiaz.com.br\\\/ribeiraopreto-regiao\\\/#\\\/schema\\\/logo\\\/image\\\/\",\"url\":\"https:\\\/\\\/redenoticiaz.com.br\\\/barretos-regiao\\\/wp-content\\\/uploads\\\/sites\\\/4\\\/2022\\\/02\\\/logo.jpg\",\"contentUrl\":\"https:\\\/\\\/redenoticiaz.com.br\\\/barretos-regiao\\\/wp-content\\\/uploads\\\/sites\\\/4\\\/2022\\\/02\\\/logo.jpg\",\"width\":400,\"height\":250,\"caption\":\"Ribeir\u00e3o Preto e Regi\u00e3o\"},\"image\":{\"@id\":\"https:\\\/\\\/redenoticiaz.com.br\\\/ribeiraopreto-regiao\\\/#\\\/schema\\\/logo\\\/image\\\/\"},\"sameAs\":[\"https:\\\/\\\/m.facebook.com\\\/redenoticiaz.barretos\",\"https:\\\/\\\/x.com\\\/RN_barretos\",\"https:\\\/\\\/www.instagram.com\\\/redenoticiaz.barretos\\\/?igshid=YmMyMTA2M2Y\",\"https:\\\/\\\/www.linkedin.com\\\/company\\\/rede-noticiaz-barretos-e-regio\\\/\"]},{\"@type\":\"Person\",\"@id\":\"https:\\\/\\\/redenoticiaz.com.br\\\/ribeiraopreto-regiao\\\/#\\\/schema\\\/person\\\/1f84d6e94e6a62d2d81199d7503e9e90\",\"name\":\"Carina Reifonas\",\"image\":{\"@type\":\"ImageObject\",\"inLanguage\":\"pt-BR\",\"@id\":\"https:\\\/\\\/secure.gravatar.com\\\/avatar\\\/04c59859b23696cf867715880f81d5c037e60109730bdb4e6670ec2a2245bc97?s=96&d=mm&r=g\",\"url\":\"https:\\\/\\\/secure.gravatar.com\\\/avatar\\\/04c59859b23696cf867715880f81d5c037e60109730bdb4e6670ec2a2245bc97?s=96&d=mm&r=g\",\"contentUrl\":\"https:\\\/\\\/secure.gravatar.com\\\/avatar\\\/04c59859b23696cf867715880f81d5c037e60109730bdb4e6670ec2a2245bc97?s=96&d=mm&r=g\",\"caption\":\"Carina Reifonas\"},\"url\":\"https:\\\/\\\/redenoticiaz.com.br\\\/ribeiraopreto-regiao\\\/sp\\\/author\\\/carinareifonas\"}]}<\/script>\n<!-- \/ Yoast SEO plugin. -->","yoast_head_json":{"title":"Suspeito de crime em motel \u00e9 preso pela Pol\u00edcia Rodovi\u00e1ria - Ribeir\u00e3o Preto e Regi\u00e3o","description":"Um homem de 30 anos suspeito de matar Silvia Mirian Angelo Ramos, de 56 anos, em um motel em Ol\u00edmpia foi preso.","robots":{"index":"index","follow":"follow","max-snippet":"max-snippet:-1","max-image-preview":"max-image-preview:large","max-video-preview":"max-video-preview:-1"},"canonical":"https:\/\/redenoticiaz.com.br\/ribeiraopreto-regiao\/sp\/2023\/11\/05\/suspeito-de-crime-em-motel-e-preso-pela-policia-rodoviaria","og_locale":"pt_BR","og_type":"article","og_title":"Suspeito de crime em motel \u00e9 preso pela Pol\u00edcia Rodovi\u00e1ria - Ribeir\u00e3o Preto e Regi\u00e3o","og_description":"Um homem de 30 anos suspeito de matar Silvia Mirian Angelo Ramos, de 56 anos, em um motel em Ol\u00edmpia foi preso.","og_url":"https:\/\/redenoticiaz.com.br\/ribeiraopreto-regiao\/sp\/2023\/11\/05\/suspeito-de-crime-em-motel-e-preso-pela-policia-rodoviaria","og_site_name":"Ribeir\u00e3o Preto e Regi\u00e3o","article_publisher":"https:\/\/m.facebook.com\/redenoticiaz.barretos","article_published_time":"2023-11-05T16:04:03+00:00","og_image":[{"width":410,"height":558,"url":"https:\/\/redenoticiaz.com.br\/ribeiraopreto-regiao\/wp-content\/uploads\/sites\/4\/2023\/11\/Captura-de-tela-2023-11-05-125312.png","type":"image\/png"}],"author":"Carina Reifonas","twitter_card":"summary_large_image","twitter_creator":"@RN_barretos","twitter_site":"@RN_barretos","twitter_misc":{"Escrito por":"Carina Reifonas","Est. tempo de leitura":"2 minutos"},"schema":{"@context":"https:\/\/schema.org","@graph":[{"@type":"Article","@id":"https:\/\/redenoticiaz.com.br\/ribeiraopreto-regiao\/sp\/2023\/11\/05\/suspeito-de-crime-em-motel-e-preso-pela-policia-rodoviaria#article","isPartOf":{"@id":"https:\/\/redenoticiaz.com.br\/ribeiraopreto-regiao\/sp\/2023\/11\/05\/suspeito-de-crime-em-motel-e-preso-pela-policia-rodoviaria"},"author":{"name":"Carina Reifonas","@id":"https:\/\/redenoticiaz.com.br\/ribeiraopreto-regiao\/#\/schema\/person\/1f84d6e94e6a62d2d81199d7503e9e90"},"headline":"Suspeito de crime em motel \u00e9 preso pela Pol\u00edcia Rodovi\u00e1ria","datePublished":"2023-11-05T16:04:03+00:00","mainEntityOfPage":{"@id":"https:\/\/redenoticiaz.com.br\/ribeiraopreto-regiao\/sp\/2023\/11\/05\/suspeito-de-crime-em-motel-e-preso-pela-policia-rodoviaria"},"wordCount":343,"commentCount":0,"publisher":{"@id":"https:\/\/redenoticiaz.com.br\/ribeiraopreto-regiao\/#organization"},"image":{"@id":"https:\/\/redenoticiaz.com.br\/ribeiraopreto-regiao\/sp\/2023\/11\/05\/suspeito-de-crime-em-motel-e-preso-pela-policia-rodoviaria#primaryimage"},"thumbnailUrl":"https:\/\/redenoticiaz.com.br\/ribeiraopreto-regiao\/wp-content\/uploads\/sites\/4\/2023\/11\/Captura-de-tela-2023-11-05-125312.png","keywords":["CRIME","INVESTIGA\u00c7\u00d5ES","MOTEL","OLIMP\u00cdA","Pol\u00edcia Rodovi\u00e1ria","PRIS\u00c3O","SUSPEITO"],"articleSection":["Pol\u00edcia"],"inLanguage":"pt-BR","potentialAction":[{"@type":"CommentAction","name":"Comment","target":["https:\/\/redenoticiaz.com.br\/ribeiraopreto-regiao\/sp\/2023\/11\/05\/suspeito-de-crime-em-motel-e-preso-pela-policia-rodoviaria#respond"]}]},{"@type":"WebPage","@id":"https:\/\/redenoticiaz.com.br\/ribeiraopreto-regiao\/sp\/2023\/11\/05\/suspeito-de-crime-em-motel-e-preso-pela-policia-rodoviaria","url":"https:\/\/redenoticiaz.com.br\/ribeiraopreto-regiao\/sp\/2023\/11\/05\/suspeito-de-crime-em-motel-e-preso-pela-policia-rodoviaria","name":"Suspeito de crime em motel \u00e9 preso pela Pol\u00edcia Rodovi\u00e1ria - Ribeir\u00e3o Preto e Regi\u00e3o","isPartOf":{"@id":"https:\/\/redenoticiaz.com.br\/ribeiraopreto-regiao\/#website"},"primaryImageOfPage":{"@id":"https:\/\/redenoticiaz.com.br\/ribeiraopreto-regiao\/sp\/2023\/11\/05\/suspeito-de-crime-em-motel-e-preso-pela-policia-rodoviaria#primaryimage"},"image":{"@id":"https:\/\/redenoticiaz.com.br\/ribeiraopreto-regiao\/sp\/2023\/11\/05\/suspeito-de-crime-em-motel-e-preso-pela-policia-rodoviaria#primaryimage"},"thumbnailUrl":"https:\/\/redenoticiaz.com.br\/ribeiraopreto-regiao\/wp-content\/uploads\/sites\/4\/2023\/11\/Captura-de-tela-2023-11-05-125312.png","datePublished":"2023-11-05T16:04:03+00:00","description":"Um homem de 30 anos suspeito de matar Silvia Mirian Angelo Ramos, de 56 anos, em um motel em Ol\u00edmpia foi preso.","inLanguage":"pt-BR","potentialAction":[{"@type":"ReadAction","target":["https:\/\/redenoticiaz.com.br\/ribeiraopreto-regiao\/sp\/2023\/11\/05\/suspeito-de-crime-em-motel-e-preso-pela-policia-rodoviaria"]}]},{"@type":"ImageObject","inLanguage":"pt-BR","@id":"https:\/\/redenoticiaz.com.br\/ribeiraopreto-regiao\/sp\/2023\/11\/05\/suspeito-de-crime-em-motel-e-preso-pela-policia-rodoviaria#primaryimage","url":"https:\/\/redenoticiaz.com.br\/ribeiraopreto-regiao\/wp-content\/uploads\/sites\/4\/2023\/11\/Captura-de-tela-2023-11-05-125312.png","contentUrl":"https:\/\/redenoticiaz.com.br\/ribeiraopreto-regiao\/wp-content\/uploads\/sites\/4\/2023\/11\/Captura-de-tela-2023-11-05-125312.png","width":410,"height":558,"caption":"Suspeito de crime em motel \u00e9 preso pela Pol\u00edcia Rodovi\u00e1ria"},{"@type":"WebSite","@id":"https:\/\/redenoticiaz.com.br\/ribeiraopreto-regiao\/#website","url":"https:\/\/redenoticiaz.com.br\/ribeiraopreto-regiao\/","name":"Ribeir\u00e3o Preto e Regi\u00e3o","description":"Rede NoticiaZ - Ribeir\u00e3o Preto e regi\u00e3o","publisher":{"@id":"https:\/\/redenoticiaz.com.br\/ribeiraopreto-regiao\/#organization"},"potentialAction":[{"@type":"SearchAction","target":{"@type":"EntryPoint","urlTemplate":"https:\/\/redenoticiaz.com.br\/ribeiraopreto-regiao\/?s={search_term_string}"},"query-input":{"@type":"PropertyValueSpecification","valueRequired":true,"valueName":"search_term_string"}}],"inLanguage":"pt-BR"},{"@type":"Organization","@id":"https:\/\/redenoticiaz.com.br\/ribeiraopreto-regiao\/#organization","name":"Ribeir\u00e3o Preto e Regi\u00e3o","url":"https:\/\/redenoticiaz.com.br\/ribeiraopreto-regiao\/","logo":{"@type":"ImageObject","inLanguage":"pt-BR","@id":"https:\/\/redenoticiaz.com.br\/ribeiraopreto-regiao\/#\/schema\/logo\/image\/","url":"https:\/\/redenoticiaz.com.br\/barretos-regiao\/wp-content\/uploads\/sites\/4\/2022\/02\/logo.jpg","contentUrl":"https:\/\/redenoticiaz.com.br\/barretos-regiao\/wp-content\/uploads\/sites\/4\/2022\/02\/logo.jpg","width":400,"height":250,"caption":"Ribeir\u00e3o Preto e Regi\u00e3o"},"image":{"@id":"https:\/\/redenoticiaz.com.br\/ribeiraopreto-regiao\/#\/schema\/logo\/image\/"},"sameAs":["https:\/\/m.facebook.com\/redenoticiaz.barretos","https:\/\/x.com\/RN_barretos","https:\/\/www.instagram.com\/redenoticiaz.barretos\/?igshid=YmMyMTA2M2Y","https:\/\/www.linkedin.com\/company\/rede-noticiaz-barretos-e-regio\/"]},{"@type":"Person","@id":"https:\/\/redenoticiaz.com.br\/ribeiraopreto-regiao\/#\/schema\/person\/1f84d6e94e6a62d2d81199d7503e9e90","name":"Carina Reifonas","image":{"@type":"ImageObject","inLanguage":"pt-BR","@id":"https:\/\/secure.gravatar.com\/avatar\/04c59859b23696cf867715880f81d5c037e60109730bdb4e6670ec2a2245bc97?s=96&d=mm&r=g","url":"https:\/\/secure.gravatar.com\/avatar\/04c59859b23696cf867715880f81d5c037e60109730bdb4e6670ec2a2245bc97?s=96&d=mm&r=g","contentUrl":"https:\/\/secure.gravatar.com\/avatar\/04c59859b23696cf867715880f81d5c037e60109730bdb4e6670ec2a2245bc97?s=96&d=mm&r=g","caption":"Carina Reifonas"},"url":"https:\/\/redenoticiaz.com.br\/ribeiraopreto-regiao\/sp\/author\/carinareifonas"}]}},"_links":{"self":[{"href":"https:\/\/redenoticiaz.com.br\/ribeiraopreto-regiao\/wp-json\/wp\/v2\/posts\/112260","targetHints":{"allow":["GET"]}}],"collection":[{"href":"https:\/\/redenoticiaz.com.br\/ribeiraopreto-regiao\/wp-json\/wp\/v2\/posts"}],"about":[{"href":"https:\/\/redenoticiaz.com.br\/ribeiraopreto-regiao\/wp-json\/wp\/v2\/types\/post"}],"author":[{"embeddable":true,"href":"https:\/\/redenoticiaz.com.br\/ribeiraopreto-regiao\/wp-json\/wp\/v2\/users\/30"}],"replies":[{"embeddable":true,"href":"https:\/\/redenoticiaz.com.br\/ribeiraopreto-regiao\/wp-json\/wp\/v2\/comments?post=112260"}],"version-history":[{"count":1,"href":"https:\/\/redenoticiaz.com.br\/ribeiraopreto-regiao\/wp-json\/wp\/v2\/posts\/112260\/revisions"}],"predecessor-version":[{"id":112263,"href":"https:\/\/redenoticiaz.com.br\/ribeiraopreto-regiao\/wp-json\/wp\/v2\/posts\/112260\/revisions\/112263"}],"wp:featuredmedia":[{"embeddable":true,"href":"https:\/\/redenoticiaz.com.br\/ribeiraopreto-regiao\/wp-json\/wp\/v2\/media\/112261"}],"wp:attachment":[{"href":"https:\/\/redenoticiaz.com.br\/ribeiraopreto-regiao\/wp-json\/wp\/v2\/media?parent=112260"}],"wp:term":[{"taxonomy":"category","embeddable":true,"href":"https:\/\/redenoticiaz.com.br\/ribeiraopreto-regiao\/wp-json\/wp\/v2\/categories?post=112260"},{"taxonomy":"post_tag","embeddable":true,"href":"https:\/\/redenoticiaz.com.br\/ribeiraopreto-regiao\/wp-json\/wp\/v2\/tags?post=112260"}],"curies":[{"name":"wp","href":"https:\/\/api.w.org\/{rel}","templated":true}]}}