{"id":112283,"date":"2023-11-06T15:53:20","date_gmt":"2023-11-06T18:53:20","guid":{"rendered":"https:\/\/redenoticiaz.com.br\/barretos-regiao\/sp\/2023\/11\/06\/diniz-convoca-selecao-para-enfrentar-colombia-e-argentina-veja"},"modified":"2023-11-06T15:55:50","modified_gmt":"2023-11-06T18:55:50","slug":"diniz-convoca-selecao-para-enfrentar-colombia-e-argentina-veja","status":"publish","type":"post","link":"https:\/\/redenoticiaz.com.br\/ribeiraopreto-regiao\/sp\/2023\/11\/06\/diniz-convoca-selecao-para-enfrentar-colombia-e-argentina-veja","title":{"rendered":"Diniz convoca Sele\u00e7\u00e3o para enfrentar Col\u00f4mbia e Argentina. Veja"},"content":{"rendered":"<p>O treinador anunciou a convoca\u00e7\u00e3o da sele\u00e7\u00e3o brasileira para os jogos contra a Col\u00f4mbia e Argentina nas Eliminat\u00f3rias da Copa do Mundo de 2026. As novidades incluem os atacantes Endrick e Paulinho, com seis jogadores da lista atuando no Campeonato Brasileiro.<\/p>\n<p>O primeiro jogo ser\u00e1 contra a Col\u00f4mbia em 16 de novembro, seguido pelo confronto com a Argentina em 21 de novembro no Maracan\u00e3, no Rio de Janeiro.<\/p>\n<h3>Veja a lista de convocados<\/h3>\n<p><strong>Goleiros<\/strong><\/p>\n<p>Alisson (Liverpool)<br \/>\nEderson (Manchester City)<br \/>\nLucas Perri (Botafogo)<\/p>\n<p><strong>Laterais<\/strong><\/p>\n<p>Emerson Royal (Tottenham)<br \/>\nCarlos Augusto (Inter de Mil\u00e3o)<br \/>\nRenan Lodi (Olympique de Marseille)<\/p>\n<p><strong>Zagueiros<\/strong><\/p>\n<p>Bremer (Juventus)<br \/>\nGabriel Magalh\u00e3es (Arsenal)<br \/>\nMarquinhos (Paris Saint-Germain)<br \/>\nNino (Fluminense)<br \/>\nMeio-campistas<br \/>\nAndr\u00e9 (Fluminense)<br \/>\nBruno Guimar\u00e3es (Newcastle)<br \/>\nDouglas Luiz (Aston Villa)<br \/>\nJoelinton (Newcastle)<br \/>\nRaphael Veiga (Palmeiras)<br \/>\nRodrygo (Real Madrid)<\/p>\n<p><strong>Atacantes<\/strong><\/p>\n<p>Endrick (Palmeiras)<br \/>\nGabriel Jesus (Arsenal)<br \/>\nGabriel Martinelli (Arsenal)<br \/>\nJo\u00e3o Pedro (Brighton)<br \/>\nPaulinho (Atl\u00e9tico-MG)<br \/>\nPep\u00ea (Porto)<br \/>\nRaphinha (Barcelona)<br \/>\nVin\u00edcius J\u00fanior (Real Madrid)<\/p>\n<p><strong>LEI MAIS<\/strong><\/p>\n<p><strong><a href=\"https:\/\/redenoticiaz.com.br\/blog\/2023\/11\/06\/video-mar-agitado-na-orla-do-rio-de-janeiro-surpreendem-banhistas\">V\u00cdDEO \u2013 Mar agitado na orla do Rio de Janeiro surpreendem banhistas<\/a><br \/>\n<\/strong><\/p>\n<p><strong><a href=\"https:\/\/redenoticiaz.com.br\/blog\/2023\/11\/06\/casal-e-multado-em-r365-mil-por-manter-aves-silvestres-em-cativeiro\">Casal \u00e9 multado em R$365 mil por manter aves silvestres em cativeiro<\/a><br \/>\n<\/strong><\/p>\n<p><strong>\u00a0<\/strong><\/p>\n","protected":false},"excerpt":{"rendered":"<p>O treinador anunciou a convoca\u00e7\u00e3o da sele\u00e7\u00e3o brasileira para os jogos contra a Col\u00f4mbia e Argentina nas Eliminat\u00f3rias da Copa do Mundo de 2026. As novidades incluem os atacantes Endrick e Paulinho, com seis jogadores da lista atuando no Campeonato Brasileiro. O primeiro jogo ser\u00e1 contra a Col\u00f4mbia em 16 de novembro, seguido pelo confronto &hellip;<\/p>\n","protected":false},"author":30,"featured_media":112284,"comment_status":"open","ping_status":"closed","sticky":false,"template":"","format":"standard","meta":{"footnotes":""},"categories":[87],"tags":[8770,2742,29389,199],"class_list":["post-112283","post","type-post","status-publish","format-standard","has-post-thumbnail","hentry","category-esporte","tag-argentina","tag-colombia","tag-diniz","tag-selecao-brasileira"],"yoast_head":"<!-- This site is optimized with the Yoast SEO plugin v28.3 - https:\/\/yoast.com\/product\/yoast-seo-wordpress\/ -->\n<title>Diniz convoca Sele\u00e7\u00e3o para enfrentar Col\u00f4mbia e Argentina. Veja - Ribeir\u00e3o Preto e Regi\u00e3o<\/title>\n<meta name=\"description\" content=\"O treinador anunciou a convoca\u00e7\u00e3o da sele\u00e7\u00e3o brasileira para os jogos contra a Col\u00f4mbia e Argentina nas Eliminat\u00f3rias da Copa do Mundo de 2026\" \/>\n<meta name=\"robots\" content=\"index, follow, max-snippet:-1, max-image-preview:large, max-video-preview:-1\" \/>\n<link rel=\"canonical\" href=\"https:\/\/redenoticiaz.com.br\/ribeiraopreto-regiao\/sp\/2023\/11\/06\/diniz-convoca-selecao-para-enfrentar-colombia-e-argentina-veja\" \/>\n<meta property=\"og:locale\" content=\"pt_BR\" \/>\n<meta property=\"og:type\" content=\"article\" \/>\n<meta property=\"og:title\" content=\"Diniz convoca Sele\u00e7\u00e3o para enfrentar Col\u00f4mbia e Argentina. Veja - Ribeir\u00e3o Preto e Regi\u00e3o\" \/>\n<meta property=\"og:description\" content=\"O treinador anunciou a convoca\u00e7\u00e3o da sele\u00e7\u00e3o brasileira para os jogos contra a Col\u00f4mbia e Argentina nas Eliminat\u00f3rias da Copa do Mundo de 2026\" \/>\n<meta property=\"og:url\" content=\"https:\/\/redenoticiaz.com.br\/ribeiraopreto-regiao\/sp\/2023\/11\/06\/diniz-convoca-selecao-para-enfrentar-colombia-e-argentina-veja\" \/>\n<meta property=\"og:site_name\" content=\"Ribeir\u00e3o Preto e Regi\u00e3o\" \/>\n<meta property=\"article:publisher\" content=\"https:\/\/m.facebook.com\/redenoticiaz.barretos\" \/>\n<meta property=\"article:published_time\" content=\"2023-11-06T18:53:20+00:00\" \/>\n<meta property=\"article:modified_time\" content=\"2023-11-06T18:55:50+00:00\" \/>\n<meta property=\"og:image\" content=\"https:\/\/redenoticiaz.com.br\/ribeiraopreto-regiao\/wp-content\/uploads\/sites\/4\/2023\/11\/Captura-de-tela-2023-11-06-154243.png?v=1699296751\" \/>\n\t<meta property=\"og:image:width\" content=\"591\" \/>\n\t<meta property=\"og:image:height\" content=\"383\" \/>\n\t<meta property=\"og:image:type\" content=\"image\/png\" \/>\n<meta name=\"author\" content=\"Carina Reifonas\" \/>\n<meta name=\"twitter:card\" content=\"summary_large_image\" \/>\n<meta name=\"twitter:creator\" content=\"@RN_barretos\" \/>\n<meta name=\"twitter:site\" content=\"@RN_barretos\" \/>\n<meta name=\"twitter:label1\" content=\"Escrito por\" \/>\n\t<meta name=\"twitter:data1\" content=\"Carina Reifonas\" \/>\n\t<meta name=\"twitter:label2\" content=\"Est. tempo de leitura\" \/>\n\t<meta name=\"twitter:data2\" content=\"1 minuto\" \/>\n<script type=\"application\/ld+json\" class=\"yoast-schema-graph\">{\"@context\":\"https:\\\/\\\/schema.org\",\"@graph\":[{\"@type\":\"Article\",\"@id\":\"https:\\\/\\\/redenoticiaz.com.br\\\/ribeiraopreto-regiao\\\/sp\\\/2023\\\/11\\\/06\\\/diniz-convoca-selecao-para-enfrentar-colombia-e-argentina-veja#article\",\"isPartOf\":{\"@id\":\"https:\\\/\\\/redenoticiaz.com.br\\\/ribeiraopreto-regiao\\\/sp\\\/2023\\\/11\\\/06\\\/diniz-convoca-selecao-para-enfrentar-colombia-e-argentina-veja\"},\"author\":{\"name\":\"Carina Reifonas\",\"@id\":\"https:\\\/\\\/redenoticiaz.com.br\\\/ribeiraopreto-regiao\\\/#\\\/schema\\\/person\\\/1f84d6e94e6a62d2d81199d7503e9e90\"},\"headline\":\"Diniz convoca Sele\u00e7\u00e3o para enfrentar Col\u00f4mbia e Argentina. Veja\",\"datePublished\":\"2023-11-06T18:53:20+00:00\",\"dateModified\":\"2023-11-06T18:55:50+00:00\",\"mainEntityOfPage\":{\"@id\":\"https:\\\/\\\/redenoticiaz.com.br\\\/ribeiraopreto-regiao\\\/sp\\\/2023\\\/11\\\/06\\\/diniz-convoca-selecao-para-enfrentar-colombia-e-argentina-veja\"},\"wordCount\":192,\"commentCount\":0,\"publisher\":{\"@id\":\"https:\\\/\\\/redenoticiaz.com.br\\\/ribeiraopreto-regiao\\\/#organization\"},\"image\":{\"@id\":\"https:\\\/\\\/redenoticiaz.com.br\\\/ribeiraopreto-regiao\\\/sp\\\/2023\\\/11\\\/06\\\/diniz-convoca-selecao-para-enfrentar-colombia-e-argentina-veja#primaryimage\"},\"thumbnailUrl\":\"https:\\\/\\\/redenoticiaz.com.br\\\/ribeiraopreto-regiao\\\/wp-content\\\/uploads\\\/sites\\\/4\\\/2023\\\/11\\\/Captura-de-tela-2023-11-06-154243.png?v=1699296751\",\"keywords\":[\"Argentina\",\"COL\u00d4MBIA\",\"Diniz\",\"Sele\u00e7\u00e3o Brasileira\"],\"articleSection\":[\"Esporte\"],\"inLanguage\":\"pt-BR\",\"potentialAction\":[{\"@type\":\"CommentAction\",\"name\":\"Comment\",\"target\":[\"https:\\\/\\\/redenoticiaz.com.br\\\/ribeiraopreto-regiao\\\/sp\\\/2023\\\/11\\\/06\\\/diniz-convoca-selecao-para-enfrentar-colombia-e-argentina-veja#respond\"]}]},{\"@type\":\"WebPage\",\"@id\":\"https:\\\/\\\/redenoticiaz.com.br\\\/ribeiraopreto-regiao\\\/sp\\\/2023\\\/11\\\/06\\\/diniz-convoca-selecao-para-enfrentar-colombia-e-argentina-veja\",\"url\":\"https:\\\/\\\/redenoticiaz.com.br\\\/ribeiraopreto-regiao\\\/sp\\\/2023\\\/11\\\/06\\\/diniz-convoca-selecao-para-enfrentar-colombia-e-argentina-veja\",\"name\":\"Diniz convoca Sele\u00e7\u00e3o para enfrentar Col\u00f4mbia e Argentina. Veja - Ribeir\u00e3o Preto e Regi\u00e3o\",\"isPartOf\":{\"@id\":\"https:\\\/\\\/redenoticiaz.com.br\\\/ribeiraopreto-regiao\\\/#website\"},\"primaryImageOfPage\":{\"@id\":\"https:\\\/\\\/redenoticiaz.com.br\\\/ribeiraopreto-regiao\\\/sp\\\/2023\\\/11\\\/06\\\/diniz-convoca-selecao-para-enfrentar-colombia-e-argentina-veja#primaryimage\"},\"image\":{\"@id\":\"https:\\\/\\\/redenoticiaz.com.br\\\/ribeiraopreto-regiao\\\/sp\\\/2023\\\/11\\\/06\\\/diniz-convoca-selecao-para-enfrentar-colombia-e-argentina-veja#primaryimage\"},\"thumbnailUrl\":\"https:\\\/\\\/redenoticiaz.com.br\\\/ribeiraopreto-regiao\\\/wp-content\\\/uploads\\\/sites\\\/4\\\/2023\\\/11\\\/Captura-de-tela-2023-11-06-154243.png?v=1699296751\",\"datePublished\":\"2023-11-06T18:53:20+00:00\",\"dateModified\":\"2023-11-06T18:55:50+00:00\",\"description\":\"O treinador anunciou a convoca\u00e7\u00e3o da sele\u00e7\u00e3o brasileira para os jogos contra a Col\u00f4mbia e Argentina nas Eliminat\u00f3rias da Copa do Mundo de 2026\",\"inLanguage\":\"pt-BR\",\"potentialAction\":[{\"@type\":\"ReadAction\",\"target\":[\"https:\\\/\\\/redenoticiaz.com.br\\\/ribeiraopreto-regiao\\\/sp\\\/2023\\\/11\\\/06\\\/diniz-convoca-selecao-para-enfrentar-colombia-e-argentina-veja\"]}]},{\"@type\":\"ImageObject\",\"inLanguage\":\"pt-BR\",\"@id\":\"https:\\\/\\\/redenoticiaz.com.br\\\/ribeiraopreto-regiao\\\/sp\\\/2023\\\/11\\\/06\\\/diniz-convoca-selecao-para-enfrentar-colombia-e-argentina-veja#primaryimage\",\"url\":\"https:\\\/\\\/redenoticiaz.com.br\\\/ribeiraopreto-regiao\\\/wp-content\\\/uploads\\\/sites\\\/4\\\/2023\\\/11\\\/Captura-de-tela-2023-11-06-154243.png?v=1699296751\",\"contentUrl\":\"https:\\\/\\\/redenoticiaz.com.br\\\/ribeiraopreto-regiao\\\/wp-content\\\/uploads\\\/sites\\\/4\\\/2023\\\/11\\\/Captura-de-tela-2023-11-06-154243.png?v=1699296751\",\"width\":591,\"height\":383,\"caption\":\"Diniz convoca sele\u00e7\u00e3o para enfrentar Col\u00f4mbia e Argentina.\"},{\"@type\":\"WebSite\",\"@id\":\"https:\\\/\\\/redenoticiaz.com.br\\\/ribeiraopreto-regiao\\\/#website\",\"url\":\"https:\\\/\\\/redenoticiaz.com.br\\\/ribeiraopreto-regiao\\\/\",\"name\":\"Ribeir\u00e3o Preto e Regi\u00e3o\",\"description\":\"Rede NoticiaZ - Ribeir\u00e3o Preto e regi\u00e3o\",\"publisher\":{\"@id\":\"https:\\\/\\\/redenoticiaz.com.br\\\/ribeiraopreto-regiao\\\/#organization\"},\"potentialAction\":[{\"@type\":\"SearchAction\",\"target\":{\"@type\":\"EntryPoint\",\"urlTemplate\":\"https:\\\/\\\/redenoticiaz.com.br\\\/ribeiraopreto-regiao\\\/?s={search_term_string}\"},\"query-input\":{\"@type\":\"PropertyValueSpecification\",\"valueRequired\":true,\"valueName\":\"search_term_string\"}}],\"inLanguage\":\"pt-BR\"},{\"@type\":\"Organization\",\"@id\":\"https:\\\/\\\/redenoticiaz.com.br\\\/ribeiraopreto-regiao\\\/#organization\",\"name\":\"Ribeir\u00e3o Preto e Regi\u00e3o\",\"url\":\"https:\\\/\\\/redenoticiaz.com.br\\\/ribeiraopreto-regiao\\\/\",\"logo\":{\"@type\":\"ImageObject\",\"inLanguage\":\"pt-BR\",\"@id\":\"https:\\\/\\\/redenoticiaz.com.br\\\/ribeiraopreto-regiao\\\/#\\\/schema\\\/logo\\\/image\\\/\",\"url\":\"https:\\\/\\\/redenoticiaz.com.br\\\/barretos-regiao\\\/wp-content\\\/uploads\\\/sites\\\/4\\\/2022\\\/02\\\/logo.jpg\",\"contentUrl\":\"https:\\\/\\\/redenoticiaz.com.br\\\/barretos-regiao\\\/wp-content\\\/uploads\\\/sites\\\/4\\\/2022\\\/02\\\/logo.jpg\",\"width\":400,\"height\":250,\"caption\":\"Ribeir\u00e3o Preto e Regi\u00e3o\"},\"image\":{\"@id\":\"https:\\\/\\\/redenoticiaz.com.br\\\/ribeiraopreto-regiao\\\/#\\\/schema\\\/logo\\\/image\\\/\"},\"sameAs\":[\"https:\\\/\\\/m.facebook.com\\\/redenoticiaz.barretos\",\"https:\\\/\\\/x.com\\\/RN_barretos\",\"https:\\\/\\\/www.instagram.com\\\/redenoticiaz.barretos\\\/?igshid=YmMyMTA2M2Y\",\"https:\\\/\\\/www.linkedin.com\\\/company\\\/rede-noticiaz-barretos-e-regio\\\/\"]},{\"@type\":\"Person\",\"@id\":\"https:\\\/\\\/redenoticiaz.com.br\\\/ribeiraopreto-regiao\\\/#\\\/schema\\\/person\\\/1f84d6e94e6a62d2d81199d7503e9e90\",\"name\":\"Carina Reifonas\",\"image\":{\"@type\":\"ImageObject\",\"inLanguage\":\"pt-BR\",\"@id\":\"https:\\\/\\\/secure.gravatar.com\\\/avatar\\\/04c59859b23696cf867715880f81d5c037e60109730bdb4e6670ec2a2245bc97?s=96&d=mm&r=g\",\"url\":\"https:\\\/\\\/secure.gravatar.com\\\/avatar\\\/04c59859b23696cf867715880f81d5c037e60109730bdb4e6670ec2a2245bc97?s=96&d=mm&r=g\",\"contentUrl\":\"https:\\\/\\\/secure.gravatar.com\\\/avatar\\\/04c59859b23696cf867715880f81d5c037e60109730bdb4e6670ec2a2245bc97?s=96&d=mm&r=g\",\"caption\":\"Carina Reifonas\"},\"url\":\"https:\\\/\\\/redenoticiaz.com.br\\\/ribeiraopreto-regiao\\\/sp\\\/author\\\/carinareifonas\"}]}<\/script>\n<!-- \/ Yoast SEO plugin. -->","yoast_head_json":{"title":"Diniz convoca Sele\u00e7\u00e3o para enfrentar Col\u00f4mbia e Argentina. Veja - Ribeir\u00e3o Preto e Regi\u00e3o","description":"O treinador anunciou a convoca\u00e7\u00e3o da sele\u00e7\u00e3o brasileira para os jogos contra a Col\u00f4mbia e Argentina nas Eliminat\u00f3rias da Copa do Mundo de 2026","robots":{"index":"index","follow":"follow","max-snippet":"max-snippet:-1","max-image-preview":"max-image-preview:large","max-video-preview":"max-video-preview:-1"},"canonical":"https:\/\/redenoticiaz.com.br\/ribeiraopreto-regiao\/sp\/2023\/11\/06\/diniz-convoca-selecao-para-enfrentar-colombia-e-argentina-veja","og_locale":"pt_BR","og_type":"article","og_title":"Diniz convoca Sele\u00e7\u00e3o para enfrentar Col\u00f4mbia e Argentina. Veja - Ribeir\u00e3o Preto e Regi\u00e3o","og_description":"O treinador anunciou a convoca\u00e7\u00e3o da sele\u00e7\u00e3o brasileira para os jogos contra a Col\u00f4mbia e Argentina nas Eliminat\u00f3rias da Copa do Mundo de 2026","og_url":"https:\/\/redenoticiaz.com.br\/ribeiraopreto-regiao\/sp\/2023\/11\/06\/diniz-convoca-selecao-para-enfrentar-colombia-e-argentina-veja","og_site_name":"Ribeir\u00e3o Preto e Regi\u00e3o","article_publisher":"https:\/\/m.facebook.com\/redenoticiaz.barretos","article_published_time":"2023-11-06T18:53:20+00:00","article_modified_time":"2023-11-06T18:55:50+00:00","og_image":[{"width":591,"height":383,"url":"https:\/\/redenoticiaz.com.br\/ribeiraopreto-regiao\/wp-content\/uploads\/sites\/4\/2023\/11\/Captura-de-tela-2023-11-06-154243.png?v=1699296751","type":"image\/png"}],"author":"Carina Reifonas","twitter_card":"summary_large_image","twitter_creator":"@RN_barretos","twitter_site":"@RN_barretos","twitter_misc":{"Escrito por":"Carina Reifonas","Est. tempo de leitura":"1 minuto"},"schema":{"@context":"https:\/\/schema.org","@graph":[{"@type":"Article","@id":"https:\/\/redenoticiaz.com.br\/ribeiraopreto-regiao\/sp\/2023\/11\/06\/diniz-convoca-selecao-para-enfrentar-colombia-e-argentina-veja#article","isPartOf":{"@id":"https:\/\/redenoticiaz.com.br\/ribeiraopreto-regiao\/sp\/2023\/11\/06\/diniz-convoca-selecao-para-enfrentar-colombia-e-argentina-veja"},"author":{"name":"Carina Reifonas","@id":"https:\/\/redenoticiaz.com.br\/ribeiraopreto-regiao\/#\/schema\/person\/1f84d6e94e6a62d2d81199d7503e9e90"},"headline":"Diniz convoca Sele\u00e7\u00e3o para enfrentar Col\u00f4mbia e Argentina. Veja","datePublished":"2023-11-06T18:53:20+00:00","dateModified":"2023-11-06T18:55:50+00:00","mainEntityOfPage":{"@id":"https:\/\/redenoticiaz.com.br\/ribeiraopreto-regiao\/sp\/2023\/11\/06\/diniz-convoca-selecao-para-enfrentar-colombia-e-argentina-veja"},"wordCount":192,"commentCount":0,"publisher":{"@id":"https:\/\/redenoticiaz.com.br\/ribeiraopreto-regiao\/#organization"},"image":{"@id":"https:\/\/redenoticiaz.com.br\/ribeiraopreto-regiao\/sp\/2023\/11\/06\/diniz-convoca-selecao-para-enfrentar-colombia-e-argentina-veja#primaryimage"},"thumbnailUrl":"https:\/\/redenoticiaz.com.br\/ribeiraopreto-regiao\/wp-content\/uploads\/sites\/4\/2023\/11\/Captura-de-tela-2023-11-06-154243.png?v=1699296751","keywords":["Argentina","COL\u00d4MBIA","Diniz","Sele\u00e7\u00e3o Brasileira"],"articleSection":["Esporte"],"inLanguage":"pt-BR","potentialAction":[{"@type":"CommentAction","name":"Comment","target":["https:\/\/redenoticiaz.com.br\/ribeiraopreto-regiao\/sp\/2023\/11\/06\/diniz-convoca-selecao-para-enfrentar-colombia-e-argentina-veja#respond"]}]},{"@type":"WebPage","@id":"https:\/\/redenoticiaz.com.br\/ribeiraopreto-regiao\/sp\/2023\/11\/06\/diniz-convoca-selecao-para-enfrentar-colombia-e-argentina-veja","url":"https:\/\/redenoticiaz.com.br\/ribeiraopreto-regiao\/sp\/2023\/11\/06\/diniz-convoca-selecao-para-enfrentar-colombia-e-argentina-veja","name":"Diniz convoca Sele\u00e7\u00e3o para enfrentar Col\u00f4mbia e Argentina. Veja - Ribeir\u00e3o Preto e Regi\u00e3o","isPartOf":{"@id":"https:\/\/redenoticiaz.com.br\/ribeiraopreto-regiao\/#website"},"primaryImageOfPage":{"@id":"https:\/\/redenoticiaz.com.br\/ribeiraopreto-regiao\/sp\/2023\/11\/06\/diniz-convoca-selecao-para-enfrentar-colombia-e-argentina-veja#primaryimage"},"image":{"@id":"https:\/\/redenoticiaz.com.br\/ribeiraopreto-regiao\/sp\/2023\/11\/06\/diniz-convoca-selecao-para-enfrentar-colombia-e-argentina-veja#primaryimage"},"thumbnailUrl":"https:\/\/redenoticiaz.com.br\/ribeiraopreto-regiao\/wp-content\/uploads\/sites\/4\/2023\/11\/Captura-de-tela-2023-11-06-154243.png?v=1699296751","datePublished":"2023-11-06T18:53:20+00:00","dateModified":"2023-11-06T18:55:50+00:00","description":"O treinador anunciou a convoca\u00e7\u00e3o da sele\u00e7\u00e3o brasileira para os jogos contra a Col\u00f4mbia e Argentina nas Eliminat\u00f3rias da Copa do Mundo de 2026","inLanguage":"pt-BR","potentialAction":[{"@type":"ReadAction","target":["https:\/\/redenoticiaz.com.br\/ribeiraopreto-regiao\/sp\/2023\/11\/06\/diniz-convoca-selecao-para-enfrentar-colombia-e-argentina-veja"]}]},{"@type":"ImageObject","inLanguage":"pt-BR","@id":"https:\/\/redenoticiaz.com.br\/ribeiraopreto-regiao\/sp\/2023\/11\/06\/diniz-convoca-selecao-para-enfrentar-colombia-e-argentina-veja#primaryimage","url":"https:\/\/redenoticiaz.com.br\/ribeiraopreto-regiao\/wp-content\/uploads\/sites\/4\/2023\/11\/Captura-de-tela-2023-11-06-154243.png?v=1699296751","contentUrl":"https:\/\/redenoticiaz.com.br\/ribeiraopreto-regiao\/wp-content\/uploads\/sites\/4\/2023\/11\/Captura-de-tela-2023-11-06-154243.png?v=1699296751","width":591,"height":383,"caption":"Diniz convoca sele\u00e7\u00e3o para enfrentar Col\u00f4mbia e Argentina."},{"@type":"WebSite","@id":"https:\/\/redenoticiaz.com.br\/ribeiraopreto-regiao\/#website","url":"https:\/\/redenoticiaz.com.br\/ribeiraopreto-regiao\/","name":"Ribeir\u00e3o Preto e Regi\u00e3o","description":"Rede NoticiaZ - Ribeir\u00e3o Preto e regi\u00e3o","publisher":{"@id":"https:\/\/redenoticiaz.com.br\/ribeiraopreto-regiao\/#organization"},"potentialAction":[{"@type":"SearchAction","target":{"@type":"EntryPoint","urlTemplate":"https:\/\/redenoticiaz.com.br\/ribeiraopreto-regiao\/?s={search_term_string}"},"query-input":{"@type":"PropertyValueSpecification","valueRequired":true,"valueName":"search_term_string"}}],"inLanguage":"pt-BR"},{"@type":"Organization","@id":"https:\/\/redenoticiaz.com.br\/ribeiraopreto-regiao\/#organization","name":"Ribeir\u00e3o Preto e Regi\u00e3o","url":"https:\/\/redenoticiaz.com.br\/ribeiraopreto-regiao\/","logo":{"@type":"ImageObject","inLanguage":"pt-BR","@id":"https:\/\/redenoticiaz.com.br\/ribeiraopreto-regiao\/#\/schema\/logo\/image\/","url":"https:\/\/redenoticiaz.com.br\/barretos-regiao\/wp-content\/uploads\/sites\/4\/2022\/02\/logo.jpg","contentUrl":"https:\/\/redenoticiaz.com.br\/barretos-regiao\/wp-content\/uploads\/sites\/4\/2022\/02\/logo.jpg","width":400,"height":250,"caption":"Ribeir\u00e3o Preto e Regi\u00e3o"},"image":{"@id":"https:\/\/redenoticiaz.com.br\/ribeiraopreto-regiao\/#\/schema\/logo\/image\/"},"sameAs":["https:\/\/m.facebook.com\/redenoticiaz.barretos","https:\/\/x.com\/RN_barretos","https:\/\/www.instagram.com\/redenoticiaz.barretos\/?igshid=YmMyMTA2M2Y","https:\/\/www.linkedin.com\/company\/rede-noticiaz-barretos-e-regio\/"]},{"@type":"Person","@id":"https:\/\/redenoticiaz.com.br\/ribeiraopreto-regiao\/#\/schema\/person\/1f84d6e94e6a62d2d81199d7503e9e90","name":"Carina Reifonas","image":{"@type":"ImageObject","inLanguage":"pt-BR","@id":"https:\/\/secure.gravatar.com\/avatar\/04c59859b23696cf867715880f81d5c037e60109730bdb4e6670ec2a2245bc97?s=96&d=mm&r=g","url":"https:\/\/secure.gravatar.com\/avatar\/04c59859b23696cf867715880f81d5c037e60109730bdb4e6670ec2a2245bc97?s=96&d=mm&r=g","contentUrl":"https:\/\/secure.gravatar.com\/avatar\/04c59859b23696cf867715880f81d5c037e60109730bdb4e6670ec2a2245bc97?s=96&d=mm&r=g","caption":"Carina Reifonas"},"url":"https:\/\/redenoticiaz.com.br\/ribeiraopreto-regiao\/sp\/author\/carinareifonas"}]}},"_links":{"self":[{"href":"https:\/\/redenoticiaz.com.br\/ribeiraopreto-regiao\/wp-json\/wp\/v2\/posts\/112283","targetHints":{"allow":["GET"]}}],"collection":[{"href":"https:\/\/redenoticiaz.com.br\/ribeiraopreto-regiao\/wp-json\/wp\/v2\/posts"}],"about":[{"href":"https:\/\/redenoticiaz.com.br\/ribeiraopreto-regiao\/wp-json\/wp\/v2\/types\/post"}],"author":[{"embeddable":true,"href":"https:\/\/redenoticiaz.com.br\/ribeiraopreto-regiao\/wp-json\/wp\/v2\/users\/30"}],"replies":[{"embeddable":true,"href":"https:\/\/redenoticiaz.com.br\/ribeiraopreto-regiao\/wp-json\/wp\/v2\/comments?post=112283"}],"version-history":[{"count":1,"href":"https:\/\/redenoticiaz.com.br\/ribeiraopreto-regiao\/wp-json\/wp\/v2\/posts\/112283\/revisions"}],"predecessor-version":[{"id":112285,"href":"https:\/\/redenoticiaz.com.br\/ribeiraopreto-regiao\/wp-json\/wp\/v2\/posts\/112283\/revisions\/112285"}],"wp:featuredmedia":[{"embeddable":true,"href":"https:\/\/redenoticiaz.com.br\/ribeiraopreto-regiao\/wp-json\/wp\/v2\/media\/112284"}],"wp:attachment":[{"href":"https:\/\/redenoticiaz.com.br\/ribeiraopreto-regiao\/wp-json\/wp\/v2\/media?parent=112283"}],"wp:term":[{"taxonomy":"category","embeddable":true,"href":"https:\/\/redenoticiaz.com.br\/ribeiraopreto-regiao\/wp-json\/wp\/v2\/categories?post=112283"},{"taxonomy":"post_tag","embeddable":true,"href":"https:\/\/redenoticiaz.com.br\/ribeiraopreto-regiao\/wp-json\/wp\/v2\/tags?post=112283"}],"curies":[{"name":"wp","href":"https:\/\/api.w.org\/{rel}","templated":true}]}}