{"id":112287,"date":"2023-11-06T16:14:08","date_gmt":"2023-11-06T19:14:08","guid":{"rendered":"https:\/\/redenoticiaz.com.br\/barretos-regiao\/?p=112287"},"modified":"2023-11-06T16:14:08","modified_gmt":"2023-11-06T19:14:08","slug":"olimpia-abre-inscricoes-para-os-jogos-de-verao-2024","status":"publish","type":"post","link":"https:\/\/redenoticiaz.com.br\/ribeiraopreto-regiao\/sp\/2023\/11\/06\/olimpia-abre-inscricoes-para-os-jogos-de-verao-2024","title":{"rendered":"Olimpia abre inscri\u00e7\u00f5es para os Jogos de Ver\u00e3o 2024"},"content":{"rendered":"<p>Sucesso em todas as edi\u00e7\u00f5es passadas reunindo centenas de atletas e apaixonados pelas modalidades esportivas de areia, a Prefeitura da Est\u00e2ncia Tur\u00edstica de Ol\u00edmpia, por meio da secretaria de Esporte, Lazer e Juventude, j\u00e1 prepara a 14\u00aa edi\u00e7\u00e3o dos <a href=\"https:\/\/redenoticiaz.com.br\/barretos-regiao\/sp\/2023\/02\/16\/jogos-de-verao-revelam-os-campeoes-das-modalidades-de-futebol-futevolei-e-volei-de-areia\">Jogos de Ver\u00e3o<\/a> 2024, abrindo nesta segunda-feira (06), as inscri\u00e7\u00f5es oficiais para o evento.<\/p>\n<p>A competi\u00e7\u00e3o, prevista para ocorrer a partir de 09 de janeiro de 2024 no Gin\u00e1sio de Esportes &#8220;Olyntho Zambom&#8221;, tem expectativa de reunir mais de 700 atletas que poder\u00e3o se inscrever nas modalidades de: futebol de areia (masculino), v\u00f4lei de praia (masculino, feminino e misto), biribol (masculino), futev\u00f4lei (masculino e misto) e beach tennis (masculino, feminino e misto).<\/p>\n<p>As vagas ser\u00e3o limitadas de acordo com cada modalidade e os interessados em participar devem se inscrever de 06\/11 a 30\/11, exclusivamente, na sede da secretaria, localizada na Rua Orivaldo Crist\u00f3falo, 39, no Jardim Blanco, com atendimento de segunda a sexta, das 09h \u00e0s 16h. As inscri\u00e7\u00f5es s\u00e3o gratuitas e os jogos s\u00e3o abertos a toda popula\u00e7\u00e3o.<\/p>\n<p>Mais informa\u00e7\u00f5es e o acesso aos regulamentos das competi\u00e7\u00f5es estar\u00e3o dispon\u00edveis na secretaria de Esporte, Lazer e Juventude, presencialmente, ou pelo telefone (17) 3280-4057.<\/p>\n<p>LEIA MAIS<\/p>\n<p><a href=\"https:\/\/redenoticiaz.com.br\/barretos-regiao\/sp\/2023\/11\/06\/diniz-convoca-selecao-para-enfrentar-colombia-e-argentina-veja\">Diniz convoca Sele\u00e7\u00e3o para enfrentar Col\u00f4mbia e Argentina. Veja<\/a><\/p>\n<p><a href=\"https:\/\/redenoticiaz.com.br\/barretos-regiao\/sp\/2023\/11\/06\/video-mar-agitado-na-orla-do-rio-de-janeiro-surpreendem-banhistas\">V\u00cdDEO \u2013 Mar agitado na orla do Rio de Janeiro surpreendem banhistas<\/a><\/p>\n","protected":false},"excerpt":{"rendered":"<p>Sucesso em todas as edi\u00e7\u00f5es passadas reunindo centenas de atletas e apaixonados pelas modalidades esportivas de areia, a Prefeitura da Est\u00e2ncia Tur\u00edstica de Ol\u00edmpia, por meio da secretaria de Esporte, Lazer e Juventude, j\u00e1 prepara a 14\u00aa edi\u00e7\u00e3o dos Jogos de Ver\u00e3o 2024, abrindo nesta segunda-feira (06), as inscri\u00e7\u00f5es oficiais para o evento. A competi\u00e7\u00e3o, &hellip;<\/p>\n","protected":false},"author":30,"featured_media":112288,"comment_status":"open","ping_status":"closed","sticky":false,"template":"","format":"standard","meta":{"footnotes":""},"categories":[88],"tags":[17047,29390,814],"class_list":["post-112287","post","type-post","status-publish","format-standard","has-post-thumbnail","hentry","category-policia","tag-inscricoes","tag-jogos-de-verao-2024","tag-olimpia"],"yoast_head":"<!-- This site is optimized with the Yoast SEO plugin v27.4 - https:\/\/yoast.com\/product\/yoast-seo-wordpress\/ -->\n<title>Olimpia abre inscri\u00e7\u00f5es para os Jogos de Ver\u00e3o 2024 - Ribeir\u00e3o Preto e Regi\u00e3o<\/title>\n<meta name=\"description\" content=\"Sucesso em todas as edi\u00e7\u00f5es passadas reunindo centenas de atletas e apaixonados pelas modalidades esportivas de areia, a Prefeitura de Ol\u00edmpia.\" \/>\n<meta name=\"robots\" content=\"index, follow, max-snippet:-1, max-image-preview:large, max-video-preview:-1\" \/>\n<link rel=\"canonical\" href=\"https:\/\/redenoticiaz.com.br\/ribeiraopreto-regiao\/sp\/2023\/11\/06\/olimpia-abre-inscricoes-para-os-jogos-de-verao-2024\" \/>\n<meta property=\"og:locale\" content=\"pt_BR\" \/>\n<meta property=\"og:type\" content=\"article\" \/>\n<meta property=\"og:title\" content=\"Olimpia abre inscri\u00e7\u00f5es para os Jogos de Ver\u00e3o 2024 - Ribeir\u00e3o Preto e Regi\u00e3o\" \/>\n<meta property=\"og:description\" content=\"Sucesso em todas as edi\u00e7\u00f5es passadas reunindo centenas de atletas e apaixonados pelas modalidades esportivas de areia, a Prefeitura de Ol\u00edmpia.\" \/>\n<meta property=\"og:url\" content=\"https:\/\/redenoticiaz.com.br\/ribeiraopreto-regiao\/sp\/2023\/11\/06\/olimpia-abre-inscricoes-para-os-jogos-de-verao-2024\" \/>\n<meta property=\"og:site_name\" content=\"Ribeir\u00e3o Preto e Regi\u00e3o\" \/>\n<meta property=\"article:publisher\" content=\"https:\/\/m.facebook.com\/redenoticiaz.barretos\" \/>\n<meta property=\"article:published_time\" content=\"2023-11-06T19:14:08+00:00\" \/>\n<meta property=\"og:image\" content=\"https:\/\/redenoticiaz.com.br\/ribeiraopreto-regiao\/wp-content\/uploads\/sites\/4\/2023\/11\/Jogos-de-Verao-2023-Arquivo-3-scaled.jpg\" \/>\n\t<meta property=\"og:image:width\" content=\"1576\" \/>\n\t<meta property=\"og:image:height\" content=\"1080\" \/>\n\t<meta property=\"og:image:type\" content=\"image\/jpeg\" \/>\n<meta name=\"author\" content=\"Carina Reifonas\" \/>\n<meta name=\"twitter:card\" content=\"summary_large_image\" \/>\n<meta name=\"twitter:creator\" content=\"@RN_barretos\" \/>\n<meta name=\"twitter:site\" content=\"@RN_barretos\" \/>\n<meta name=\"twitter:label1\" content=\"Escrito por\" \/>\n\t<meta name=\"twitter:data1\" content=\"Carina Reifonas\" \/>\n\t<meta name=\"twitter:label2\" content=\"Est. tempo de leitura\" \/>\n\t<meta name=\"twitter:data2\" content=\"2 minutos\" \/>\n<script type=\"application\/ld+json\" class=\"yoast-schema-graph\">{\"@context\":\"https:\\\/\\\/schema.org\",\"@graph\":[{\"@type\":\"Article\",\"@id\":\"https:\\\/\\\/redenoticiaz.com.br\\\/ribeiraopreto-regiao\\\/sp\\\/2023\\\/11\\\/06\\\/olimpia-abre-inscricoes-para-os-jogos-de-verao-2024#article\",\"isPartOf\":{\"@id\":\"https:\\\/\\\/redenoticiaz.com.br\\\/ribeiraopreto-regiao\\\/sp\\\/2023\\\/11\\\/06\\\/olimpia-abre-inscricoes-para-os-jogos-de-verao-2024\"},\"author\":{\"name\":\"Carina Reifonas\",\"@id\":\"https:\\\/\\\/redenoticiaz.com.br\\\/ribeiraopreto-regiao\\\/#\\\/schema\\\/person\\\/1f84d6e94e6a62d2d81199d7503e9e90\"},\"headline\":\"Olimpia abre inscri\u00e7\u00f5es para os Jogos de Ver\u00e3o 2024\",\"datePublished\":\"2023-11-06T19:14:08+00:00\",\"mainEntityOfPage\":{\"@id\":\"https:\\\/\\\/redenoticiaz.com.br\\\/ribeiraopreto-regiao\\\/sp\\\/2023\\\/11\\\/06\\\/olimpia-abre-inscricoes-para-os-jogos-de-verao-2024\"},\"wordCount\":239,\"commentCount\":0,\"publisher\":{\"@id\":\"https:\\\/\\\/redenoticiaz.com.br\\\/ribeiraopreto-regiao\\\/#organization\"},\"image\":{\"@id\":\"https:\\\/\\\/redenoticiaz.com.br\\\/ribeiraopreto-regiao\\\/sp\\\/2023\\\/11\\\/06\\\/olimpia-abre-inscricoes-para-os-jogos-de-verao-2024#primaryimage\"},\"thumbnailUrl\":\"https:\\\/\\\/redenoticiaz.com.br\\\/ribeiraopreto-regiao\\\/wp-content\\\/uploads\\\/sites\\\/4\\\/2023\\\/11\\\/Jogos-de-Verao-2023-Arquivo-3-scaled.jpg\",\"keywords\":[\"INSCRI\u00c7\u00d5ES\",\"Jogos de Ver\u00e3o 2024\",\"OLIMP\u00cdA\"],\"articleSection\":[\"Pol\u00edcia\"],\"inLanguage\":\"pt-BR\",\"potentialAction\":[{\"@type\":\"CommentAction\",\"name\":\"Comment\",\"target\":[\"https:\\\/\\\/redenoticiaz.com.br\\\/ribeiraopreto-regiao\\\/sp\\\/2023\\\/11\\\/06\\\/olimpia-abre-inscricoes-para-os-jogos-de-verao-2024#respond\"]}]},{\"@type\":\"WebPage\",\"@id\":\"https:\\\/\\\/redenoticiaz.com.br\\\/ribeiraopreto-regiao\\\/sp\\\/2023\\\/11\\\/06\\\/olimpia-abre-inscricoes-para-os-jogos-de-verao-2024\",\"url\":\"https:\\\/\\\/redenoticiaz.com.br\\\/ribeiraopreto-regiao\\\/sp\\\/2023\\\/11\\\/06\\\/olimpia-abre-inscricoes-para-os-jogos-de-verao-2024\",\"name\":\"Olimpia abre inscri\u00e7\u00f5es para os Jogos de Ver\u00e3o 2024 - Ribeir\u00e3o Preto e Regi\u00e3o\",\"isPartOf\":{\"@id\":\"https:\\\/\\\/redenoticiaz.com.br\\\/ribeiraopreto-regiao\\\/#website\"},\"primaryImageOfPage\":{\"@id\":\"https:\\\/\\\/redenoticiaz.com.br\\\/ribeiraopreto-regiao\\\/sp\\\/2023\\\/11\\\/06\\\/olimpia-abre-inscricoes-para-os-jogos-de-verao-2024#primaryimage\"},\"image\":{\"@id\":\"https:\\\/\\\/redenoticiaz.com.br\\\/ribeiraopreto-regiao\\\/sp\\\/2023\\\/11\\\/06\\\/olimpia-abre-inscricoes-para-os-jogos-de-verao-2024#primaryimage\"},\"thumbnailUrl\":\"https:\\\/\\\/redenoticiaz.com.br\\\/ribeiraopreto-regiao\\\/wp-content\\\/uploads\\\/sites\\\/4\\\/2023\\\/11\\\/Jogos-de-Verao-2023-Arquivo-3-scaled.jpg\",\"datePublished\":\"2023-11-06T19:14:08+00:00\",\"description\":\"Sucesso em todas as edi\u00e7\u00f5es passadas reunindo centenas de atletas e apaixonados pelas modalidades esportivas de areia, a Prefeitura de Ol\u00edmpia.\",\"inLanguage\":\"pt-BR\",\"potentialAction\":[{\"@type\":\"ReadAction\",\"target\":[\"https:\\\/\\\/redenoticiaz.com.br\\\/ribeiraopreto-regiao\\\/sp\\\/2023\\\/11\\\/06\\\/olimpia-abre-inscricoes-para-os-jogos-de-verao-2024\"]}]},{\"@type\":\"ImageObject\",\"inLanguage\":\"pt-BR\",\"@id\":\"https:\\\/\\\/redenoticiaz.com.br\\\/ribeiraopreto-regiao\\\/sp\\\/2023\\\/11\\\/06\\\/olimpia-abre-inscricoes-para-os-jogos-de-verao-2024#primaryimage\",\"url\":\"https:\\\/\\\/redenoticiaz.com.br\\\/ribeiraopreto-regiao\\\/wp-content\\\/uploads\\\/sites\\\/4\\\/2023\\\/11\\\/Jogos-de-Verao-2023-Arquivo-3-scaled.jpg\",\"contentUrl\":\"https:\\\/\\\/redenoticiaz.com.br\\\/ribeiraopreto-regiao\\\/wp-content\\\/uploads\\\/sites\\\/4\\\/2023\\\/11\\\/Jogos-de-Verao-2023-Arquivo-3-scaled.jpg\",\"width\":1576,\"height\":1080,\"caption\":\"Olimpia abre inscri\u00e7\u00f5es para os Jogos de Ver\u00e3o 2024\"},{\"@type\":\"WebSite\",\"@id\":\"https:\\\/\\\/redenoticiaz.com.br\\\/ribeiraopreto-regiao\\\/#website\",\"url\":\"https:\\\/\\\/redenoticiaz.com.br\\\/ribeiraopreto-regiao\\\/\",\"name\":\"Ribeir\u00e3o Preto e Regi\u00e3o\",\"description\":\"Rede NoticiaZ - Ribeir\u00e3o Preto e regi\u00e3o\",\"publisher\":{\"@id\":\"https:\\\/\\\/redenoticiaz.com.br\\\/ribeiraopreto-regiao\\\/#organization\"},\"potentialAction\":[{\"@type\":\"SearchAction\",\"target\":{\"@type\":\"EntryPoint\",\"urlTemplate\":\"https:\\\/\\\/redenoticiaz.com.br\\\/ribeiraopreto-regiao\\\/?s={search_term_string}\"},\"query-input\":{\"@type\":\"PropertyValueSpecification\",\"valueRequired\":true,\"valueName\":\"search_term_string\"}}],\"inLanguage\":\"pt-BR\"},{\"@type\":\"Organization\",\"@id\":\"https:\\\/\\\/redenoticiaz.com.br\\\/ribeiraopreto-regiao\\\/#organization\",\"name\":\"Ribeir\u00e3o Preto e Regi\u00e3o\",\"url\":\"https:\\\/\\\/redenoticiaz.com.br\\\/ribeiraopreto-regiao\\\/\",\"logo\":{\"@type\":\"ImageObject\",\"inLanguage\":\"pt-BR\",\"@id\":\"https:\\\/\\\/redenoticiaz.com.br\\\/ribeiraopreto-regiao\\\/#\\\/schema\\\/logo\\\/image\\\/\",\"url\":\"https:\\\/\\\/redenoticiaz.com.br\\\/barretos-regiao\\\/wp-content\\\/uploads\\\/sites\\\/4\\\/2022\\\/02\\\/logo.jpg\",\"contentUrl\":\"https:\\\/\\\/redenoticiaz.com.br\\\/barretos-regiao\\\/wp-content\\\/uploads\\\/sites\\\/4\\\/2022\\\/02\\\/logo.jpg\",\"width\":400,\"height\":250,\"caption\":\"Ribeir\u00e3o Preto e Regi\u00e3o\"},\"image\":{\"@id\":\"https:\\\/\\\/redenoticiaz.com.br\\\/ribeiraopreto-regiao\\\/#\\\/schema\\\/logo\\\/image\\\/\"},\"sameAs\":[\"https:\\\/\\\/m.facebook.com\\\/redenoticiaz.barretos\",\"https:\\\/\\\/x.com\\\/RN_barretos\",\"https:\\\/\\\/www.instagram.com\\\/redenoticiaz.barretos\\\/?igshid=YmMyMTA2M2Y\",\"https:\\\/\\\/www.linkedin.com\\\/company\\\/rede-noticiaz-barretos-e-regio\\\/\"]},{\"@type\":\"Person\",\"@id\":\"https:\\\/\\\/redenoticiaz.com.br\\\/ribeiraopreto-regiao\\\/#\\\/schema\\\/person\\\/1f84d6e94e6a62d2d81199d7503e9e90\",\"name\":\"Carina Reifonas\",\"image\":{\"@type\":\"ImageObject\",\"inLanguage\":\"pt-BR\",\"@id\":\"https:\\\/\\\/secure.gravatar.com\\\/avatar\\\/04c59859b23696cf867715880f81d5c037e60109730bdb4e6670ec2a2245bc97?s=96&d=mm&r=g\",\"url\":\"https:\\\/\\\/secure.gravatar.com\\\/avatar\\\/04c59859b23696cf867715880f81d5c037e60109730bdb4e6670ec2a2245bc97?s=96&d=mm&r=g\",\"contentUrl\":\"https:\\\/\\\/secure.gravatar.com\\\/avatar\\\/04c59859b23696cf867715880f81d5c037e60109730bdb4e6670ec2a2245bc97?s=96&d=mm&r=g\",\"caption\":\"Carina Reifonas\"},\"url\":\"https:\\\/\\\/redenoticiaz.com.br\\\/ribeiraopreto-regiao\\\/sp\\\/author\\\/carinareifonas\"}]}<\/script>\n<!-- \/ Yoast SEO plugin. -->","yoast_head_json":{"title":"Olimpia abre inscri\u00e7\u00f5es para os Jogos de Ver\u00e3o 2024 - Ribeir\u00e3o Preto e Regi\u00e3o","description":"Sucesso em todas as edi\u00e7\u00f5es passadas reunindo centenas de atletas e apaixonados pelas modalidades esportivas de areia, a Prefeitura de Ol\u00edmpia.","robots":{"index":"index","follow":"follow","max-snippet":"max-snippet:-1","max-image-preview":"max-image-preview:large","max-video-preview":"max-video-preview:-1"},"canonical":"https:\/\/redenoticiaz.com.br\/ribeiraopreto-regiao\/sp\/2023\/11\/06\/olimpia-abre-inscricoes-para-os-jogos-de-verao-2024","og_locale":"pt_BR","og_type":"article","og_title":"Olimpia abre inscri\u00e7\u00f5es para os Jogos de Ver\u00e3o 2024 - Ribeir\u00e3o Preto e Regi\u00e3o","og_description":"Sucesso em todas as edi\u00e7\u00f5es passadas reunindo centenas de atletas e apaixonados pelas modalidades esportivas de areia, a Prefeitura de Ol\u00edmpia.","og_url":"https:\/\/redenoticiaz.com.br\/ribeiraopreto-regiao\/sp\/2023\/11\/06\/olimpia-abre-inscricoes-para-os-jogos-de-verao-2024","og_site_name":"Ribeir\u00e3o Preto e Regi\u00e3o","article_publisher":"https:\/\/m.facebook.com\/redenoticiaz.barretos","article_published_time":"2023-11-06T19:14:08+00:00","og_image":[{"width":1576,"height":1080,"url":"https:\/\/redenoticiaz.com.br\/ribeiraopreto-regiao\/wp-content\/uploads\/sites\/4\/2023\/11\/Jogos-de-Verao-2023-Arquivo-3-scaled.jpg","type":"image\/jpeg"}],"author":"Carina Reifonas","twitter_card":"summary_large_image","twitter_creator":"@RN_barretos","twitter_site":"@RN_barretos","twitter_misc":{"Escrito por":"Carina Reifonas","Est. tempo de leitura":"2 minutos"},"schema":{"@context":"https:\/\/schema.org","@graph":[{"@type":"Article","@id":"https:\/\/redenoticiaz.com.br\/ribeiraopreto-regiao\/sp\/2023\/11\/06\/olimpia-abre-inscricoes-para-os-jogos-de-verao-2024#article","isPartOf":{"@id":"https:\/\/redenoticiaz.com.br\/ribeiraopreto-regiao\/sp\/2023\/11\/06\/olimpia-abre-inscricoes-para-os-jogos-de-verao-2024"},"author":{"name":"Carina Reifonas","@id":"https:\/\/redenoticiaz.com.br\/ribeiraopreto-regiao\/#\/schema\/person\/1f84d6e94e6a62d2d81199d7503e9e90"},"headline":"Olimpia abre inscri\u00e7\u00f5es para os Jogos de Ver\u00e3o 2024","datePublished":"2023-11-06T19:14:08+00:00","mainEntityOfPage":{"@id":"https:\/\/redenoticiaz.com.br\/ribeiraopreto-regiao\/sp\/2023\/11\/06\/olimpia-abre-inscricoes-para-os-jogos-de-verao-2024"},"wordCount":239,"commentCount":0,"publisher":{"@id":"https:\/\/redenoticiaz.com.br\/ribeiraopreto-regiao\/#organization"},"image":{"@id":"https:\/\/redenoticiaz.com.br\/ribeiraopreto-regiao\/sp\/2023\/11\/06\/olimpia-abre-inscricoes-para-os-jogos-de-verao-2024#primaryimage"},"thumbnailUrl":"https:\/\/redenoticiaz.com.br\/ribeiraopreto-regiao\/wp-content\/uploads\/sites\/4\/2023\/11\/Jogos-de-Verao-2023-Arquivo-3-scaled.jpg","keywords":["INSCRI\u00c7\u00d5ES","Jogos de Ver\u00e3o 2024","OLIMP\u00cdA"],"articleSection":["Pol\u00edcia"],"inLanguage":"pt-BR","potentialAction":[{"@type":"CommentAction","name":"Comment","target":["https:\/\/redenoticiaz.com.br\/ribeiraopreto-regiao\/sp\/2023\/11\/06\/olimpia-abre-inscricoes-para-os-jogos-de-verao-2024#respond"]}]},{"@type":"WebPage","@id":"https:\/\/redenoticiaz.com.br\/ribeiraopreto-regiao\/sp\/2023\/11\/06\/olimpia-abre-inscricoes-para-os-jogos-de-verao-2024","url":"https:\/\/redenoticiaz.com.br\/ribeiraopreto-regiao\/sp\/2023\/11\/06\/olimpia-abre-inscricoes-para-os-jogos-de-verao-2024","name":"Olimpia abre inscri\u00e7\u00f5es para os Jogos de Ver\u00e3o 2024 - Ribeir\u00e3o Preto e Regi\u00e3o","isPartOf":{"@id":"https:\/\/redenoticiaz.com.br\/ribeiraopreto-regiao\/#website"},"primaryImageOfPage":{"@id":"https:\/\/redenoticiaz.com.br\/ribeiraopreto-regiao\/sp\/2023\/11\/06\/olimpia-abre-inscricoes-para-os-jogos-de-verao-2024#primaryimage"},"image":{"@id":"https:\/\/redenoticiaz.com.br\/ribeiraopreto-regiao\/sp\/2023\/11\/06\/olimpia-abre-inscricoes-para-os-jogos-de-verao-2024#primaryimage"},"thumbnailUrl":"https:\/\/redenoticiaz.com.br\/ribeiraopreto-regiao\/wp-content\/uploads\/sites\/4\/2023\/11\/Jogos-de-Verao-2023-Arquivo-3-scaled.jpg","datePublished":"2023-11-06T19:14:08+00:00","description":"Sucesso em todas as edi\u00e7\u00f5es passadas reunindo centenas de atletas e apaixonados pelas modalidades esportivas de areia, a Prefeitura de Ol\u00edmpia.","inLanguage":"pt-BR","potentialAction":[{"@type":"ReadAction","target":["https:\/\/redenoticiaz.com.br\/ribeiraopreto-regiao\/sp\/2023\/11\/06\/olimpia-abre-inscricoes-para-os-jogos-de-verao-2024"]}]},{"@type":"ImageObject","inLanguage":"pt-BR","@id":"https:\/\/redenoticiaz.com.br\/ribeiraopreto-regiao\/sp\/2023\/11\/06\/olimpia-abre-inscricoes-para-os-jogos-de-verao-2024#primaryimage","url":"https:\/\/redenoticiaz.com.br\/ribeiraopreto-regiao\/wp-content\/uploads\/sites\/4\/2023\/11\/Jogos-de-Verao-2023-Arquivo-3-scaled.jpg","contentUrl":"https:\/\/redenoticiaz.com.br\/ribeiraopreto-regiao\/wp-content\/uploads\/sites\/4\/2023\/11\/Jogos-de-Verao-2023-Arquivo-3-scaled.jpg","width":1576,"height":1080,"caption":"Olimpia abre inscri\u00e7\u00f5es para os Jogos de Ver\u00e3o 2024"},{"@type":"WebSite","@id":"https:\/\/redenoticiaz.com.br\/ribeiraopreto-regiao\/#website","url":"https:\/\/redenoticiaz.com.br\/ribeiraopreto-regiao\/","name":"Ribeir\u00e3o Preto e Regi\u00e3o","description":"Rede NoticiaZ - Ribeir\u00e3o Preto e regi\u00e3o","publisher":{"@id":"https:\/\/redenoticiaz.com.br\/ribeiraopreto-regiao\/#organization"},"potentialAction":[{"@type":"SearchAction","target":{"@type":"EntryPoint","urlTemplate":"https:\/\/redenoticiaz.com.br\/ribeiraopreto-regiao\/?s={search_term_string}"},"query-input":{"@type":"PropertyValueSpecification","valueRequired":true,"valueName":"search_term_string"}}],"inLanguage":"pt-BR"},{"@type":"Organization","@id":"https:\/\/redenoticiaz.com.br\/ribeiraopreto-regiao\/#organization","name":"Ribeir\u00e3o Preto e Regi\u00e3o","url":"https:\/\/redenoticiaz.com.br\/ribeiraopreto-regiao\/","logo":{"@type":"ImageObject","inLanguage":"pt-BR","@id":"https:\/\/redenoticiaz.com.br\/ribeiraopreto-regiao\/#\/schema\/logo\/image\/","url":"https:\/\/redenoticiaz.com.br\/barretos-regiao\/wp-content\/uploads\/sites\/4\/2022\/02\/logo.jpg","contentUrl":"https:\/\/redenoticiaz.com.br\/barretos-regiao\/wp-content\/uploads\/sites\/4\/2022\/02\/logo.jpg","width":400,"height":250,"caption":"Ribeir\u00e3o Preto e Regi\u00e3o"},"image":{"@id":"https:\/\/redenoticiaz.com.br\/ribeiraopreto-regiao\/#\/schema\/logo\/image\/"},"sameAs":["https:\/\/m.facebook.com\/redenoticiaz.barretos","https:\/\/x.com\/RN_barretos","https:\/\/www.instagram.com\/redenoticiaz.barretos\/?igshid=YmMyMTA2M2Y","https:\/\/www.linkedin.com\/company\/rede-noticiaz-barretos-e-regio\/"]},{"@type":"Person","@id":"https:\/\/redenoticiaz.com.br\/ribeiraopreto-regiao\/#\/schema\/person\/1f84d6e94e6a62d2d81199d7503e9e90","name":"Carina Reifonas","image":{"@type":"ImageObject","inLanguage":"pt-BR","@id":"https:\/\/secure.gravatar.com\/avatar\/04c59859b23696cf867715880f81d5c037e60109730bdb4e6670ec2a2245bc97?s=96&d=mm&r=g","url":"https:\/\/secure.gravatar.com\/avatar\/04c59859b23696cf867715880f81d5c037e60109730bdb4e6670ec2a2245bc97?s=96&d=mm&r=g","contentUrl":"https:\/\/secure.gravatar.com\/avatar\/04c59859b23696cf867715880f81d5c037e60109730bdb4e6670ec2a2245bc97?s=96&d=mm&r=g","caption":"Carina Reifonas"},"url":"https:\/\/redenoticiaz.com.br\/ribeiraopreto-regiao\/sp\/author\/carinareifonas"}]}},"_links":{"self":[{"href":"https:\/\/redenoticiaz.com.br\/ribeiraopreto-regiao\/wp-json\/wp\/v2\/posts\/112287","targetHints":{"allow":["GET"]}}],"collection":[{"href":"https:\/\/redenoticiaz.com.br\/ribeiraopreto-regiao\/wp-json\/wp\/v2\/posts"}],"about":[{"href":"https:\/\/redenoticiaz.com.br\/ribeiraopreto-regiao\/wp-json\/wp\/v2\/types\/post"}],"author":[{"embeddable":true,"href":"https:\/\/redenoticiaz.com.br\/ribeiraopreto-regiao\/wp-json\/wp\/v2\/users\/30"}],"replies":[{"embeddable":true,"href":"https:\/\/redenoticiaz.com.br\/ribeiraopreto-regiao\/wp-json\/wp\/v2\/comments?post=112287"}],"version-history":[{"count":1,"href":"https:\/\/redenoticiaz.com.br\/ribeiraopreto-regiao\/wp-json\/wp\/v2\/posts\/112287\/revisions"}],"predecessor-version":[{"id":112289,"href":"https:\/\/redenoticiaz.com.br\/ribeiraopreto-regiao\/wp-json\/wp\/v2\/posts\/112287\/revisions\/112289"}],"wp:featuredmedia":[{"embeddable":true,"href":"https:\/\/redenoticiaz.com.br\/ribeiraopreto-regiao\/wp-json\/wp\/v2\/media\/112288"}],"wp:attachment":[{"href":"https:\/\/redenoticiaz.com.br\/ribeiraopreto-regiao\/wp-json\/wp\/v2\/media?parent=112287"}],"wp:term":[{"taxonomy":"category","embeddable":true,"href":"https:\/\/redenoticiaz.com.br\/ribeiraopreto-regiao\/wp-json\/wp\/v2\/categories?post=112287"},{"taxonomy":"post_tag","embeddable":true,"href":"https:\/\/redenoticiaz.com.br\/ribeiraopreto-regiao\/wp-json\/wp\/v2\/tags?post=112287"}],"curies":[{"name":"wp","href":"https:\/\/api.w.org\/{rel}","templated":true}]}}