{"id":112784,"date":"2023-11-26T09:00:08","date_gmt":"2023-11-26T12:00:08","guid":{"rendered":"https:\/\/redenoticiaz.com.br\/barretos-regiao\/?p=112784"},"modified":"2023-11-23T17:07:26","modified_gmt":"2023-11-23T20:07:26","slug":"os-melhores-episodios-especiais-de-dia-de-acao-de-graca-de-series-confira","status":"publish","type":"post","link":"https:\/\/redenoticiaz.com.br\/ribeiraopreto-regiao\/sp\/2023\/11\/26\/os-melhores-episodios-especiais-de-dia-de-acao-de-graca-de-series-confira","title":{"rendered":"Os melhores epis\u00f3dios especiais de &#8220;Dia de A\u00e7\u00e3o de Gra\u00e7a&#8221; de s\u00e9ries; confira"},"content":{"rendered":"<p>O Thanksgiving &#8211; ou <b>Dia de A\u00e7\u00e3o de Gra\u00e7as<\/b>, em portugu\u00eas &#8211; \u00e9 um dos feriados mais tradicionais nos Estados Unidos. Comemorado na quarta quinta de novembro, o dia \u00e9 marcado, sobretudo, pela celebra\u00e7\u00e3o das conquistas obtidas naquele o ano e a reflex\u00e3o sobre a import\u00e2ncia de tal agradecimento, al\u00e9m de reunir amigos e familiares nesta data especial.<\/p>\n<p>Aproveitando que este ano o Thanksgiving \u00e9 celebrado na pr\u00f3xima quinta-feira, 23 de novembro, o Star+ reuniu s\u00e9ries dispon\u00edveis na plataforma que contam com epis\u00f3dios especiais comemorando o feriado! Confira abaixo:<\/p>\n<p><b>Modern Family<\/b><\/p>\n<p>S\u00e9rie |11 temporadas<\/p>\n<p>Modern Family \u00e9 uma s\u00e9rie de com\u00e9dia que conta a hist\u00f3ria de tr\u00eas fam\u00edlias, abordando os mais diversos assuntos corriqueiros de uma forma bem-humorada. Na terceira temporada, o nono epis\u00f3dio (Arremesso de Ab\u00f3bora) \u00e9 um especial de Thanksgiving e mostra o retorno de um ex-morador do bairro, agora rico e bem-sucedido, para uma visita. Mas, claro que, alguns problemas familiares n\u00e3o deixariam de ser abordados mesmo nesta data especial. Jay (Ed O\u2019Neill) acha que Manny (Rico Rodriguez) precisa de cr\u00edticas construtivas, enquanto Mitchell (Jesse Tyler) questiona a autenticidade das hist\u00f3rias infantis coloridas de Cam (Eric Stonestreet). Um feriado tranquilo, mas nem tanto.<\/p>\n<p><b>New Girl<\/b><\/p>\n<p>S\u00e9rie | 7 temporadas<\/p>\n<p>O Dia de A\u00e7\u00e3o de Gra\u00e7as \u00e9 abordado logo no in\u00edcio da primeira temporada de New Girl. No sexto epis\u00f3dio (A\u00e7\u00e3o de Gra\u00e7as), Jess (Zooey Deschanel) decide convidar Paul (Justin Long), seu professor de m\u00fasica, para o jantar comemorativo, pois sempre sentiu algo por ele. Mas os meninos n\u00e3o ficam nada felizes com a ideia e, naturalmente, tudo come\u00e7a a dar errado.<\/p>\n<p><b>How I Met Your Mother<\/b><\/p>\n<p>S\u00e9rie | 9 temporadas<\/p>\n<p>Nos Estados Unidos, al\u00e9m da ceia de Thanksgiving, algumas pessoas se re\u00fanem para proporcionar um jantar para moradores de rua. Em How I Met Your Mother, essa tradi\u00e7\u00e3o \u00e9 apresentada no nono epis\u00f3dio da primeira temporada (A A\u00e7\u00e3o de Gra\u00e7as). Ted (Josh Radnor) e Robin (Cobie Smulders) decidem contribuir com a causa, mas encontram Barney (Neil Patrick Harris) no local e ficam chocados ao saber que o amigo ajuda regularmente os sem-teto.<\/p>\n<p><b>This Is Us<\/b><\/p>\n<p>S\u00e9rie | 6 temporadas<\/p>\n<p>Prepara o lencinho porque o oitavo epis\u00f3dio da primeira temporada (Rick, O Peregrino) de This Is Us vai te fazer chorar. No Dia de A\u00e7\u00e3o de Gra\u00e7as, um imprevisto ocorre com Jack (Milo Ventimiglia), Rebecca (Mandy Moore) e as crian\u00e7as enquanto eles se dirigem \u00e0 casa dos pais dela. Tal acontecimento faz nascer uma linda tradi\u00e7\u00e3o da data na fam\u00edlia Pearson: comer cachorros-quentes assistindo Academia de Pol\u00edcia 3 e usando a cartola do Peregrino Rick.<\/p>\n<p><b>It\u2019s Always Sunny in Philadelphia<\/b><\/p>\n<p>S\u00e9rie | 16 temporadas<\/p>\n<p>Nem sempre o Dia de A\u00e7\u00e3o de Gra\u00e7as \u00e9 comemorada com os melhores amigos. Em It\u2019s Always Sunny in Philadelphia, no d\u00e9cimo epis\u00f3dio da nona temporada (A Gangue Faz As Pazes), algumas diverg\u00eancias com antigos advers\u00e1rios comprometem a data que era para ser perfeita. Dennis (Glenn Howerton), Dee (Kaitlin Olson) Charlie (Charlie Day), Mac (Rob McElhenney) e Frank (Danny DeVito) decidem tentar corrigir erros do passado repartindo o p\u00e3o com pessoas que os prejudicaram. Talvez, por conta disso, o feriado n\u00e3o seja muito tranquilo!<\/p>\n","protected":false},"excerpt":{"rendered":"<p>O Thanksgiving &#8211; ou Dia de A\u00e7\u00e3o de Gra\u00e7as, em portugu\u00eas &#8211; \u00e9 um dos feriados mais tradicionais nos Estados Unidos. Comemorado na quarta quinta de novembro, o dia \u00e9 marcado, sobretudo, pela celebra\u00e7\u00e3o das conquistas obtidas naquele o ano e a reflex\u00e3o sobre a import\u00e2ncia de tal agradecimento, al\u00e9m de reunir amigos e familiares &hellip;<\/p>\n","protected":false},"author":30,"featured_media":112785,"comment_status":"open","ping_status":"closed","sticky":false,"template":"","format":"standard","meta":{"footnotes":""},"categories":[23210],"tags":[29490,12580],"class_list":["post-112784","post","type-post","status-publish","format-standard","has-post-thumbnail","hentry","category-cameraz","tag-di-de-acoes-de-graca","tag-serie"],"yoast_head":"<!-- This site is optimized with the Yoast SEO plugin v27.4 - https:\/\/yoast.com\/product\/yoast-seo-wordpress\/ -->\n<title>Os melhores epis\u00f3dios especiais de &#8220;Dia de A\u00e7\u00e3o de Gra\u00e7a&#8221; de s\u00e9ries; confira - Ribeir\u00e3o Preto e Regi\u00e3o<\/title>\n<meta name=\"robots\" content=\"index, follow, max-snippet:-1, max-image-preview:large, max-video-preview:-1\" \/>\n<link rel=\"canonical\" href=\"https:\/\/redenoticiaz.com.br\/ribeiraopreto-regiao\/sp\/2023\/11\/26\/os-melhores-episodios-especiais-de-dia-de-acao-de-graca-de-series-confira\" \/>\n<meta property=\"og:locale\" content=\"pt_BR\" \/>\n<meta property=\"og:type\" content=\"article\" \/>\n<meta property=\"og:title\" content=\"Os melhores epis\u00f3dios especiais de &#8220;Dia de A\u00e7\u00e3o de Gra\u00e7a&#8221; de s\u00e9ries; confira - Ribeir\u00e3o Preto e Regi\u00e3o\" \/>\n<meta property=\"og:description\" content=\"O Thanksgiving &#8211; ou Dia de A\u00e7\u00e3o de Gra\u00e7as, em portugu\u00eas &#8211; \u00e9 um dos feriados mais tradicionais nos Estados Unidos. Comemorado na quarta quinta de novembro, o dia \u00e9 marcado, sobretudo, pela celebra\u00e7\u00e3o das conquistas obtidas naquele o ano e a reflex\u00e3o sobre a import\u00e2ncia de tal agradecimento, al\u00e9m de reunir amigos e familiares &hellip;\" \/>\n<meta property=\"og:url\" content=\"https:\/\/redenoticiaz.com.br\/ribeiraopreto-regiao\/sp\/2023\/11\/26\/os-melhores-episodios-especiais-de-dia-de-acao-de-graca-de-series-confira\" \/>\n<meta property=\"og:site_name\" content=\"Ribeir\u00e3o Preto e Regi\u00e3o\" \/>\n<meta property=\"article:publisher\" content=\"https:\/\/m.facebook.com\/redenoticiaz.barretos\" \/>\n<meta property=\"article:published_time\" content=\"2023-11-26T12:00:08+00:00\" \/>\n<meta property=\"og:image\" content=\"https:\/\/redenoticiaz.com.br\/ribeiraopreto-regiao\/wp-content\/uploads\/sites\/4\/2023\/11\/Os-melhores-episodios-especiais.jpg\" \/>\n\t<meta property=\"og:image:width\" content=\"566\" \/>\n\t<meta property=\"og:image:height\" content=\"319\" \/>\n\t<meta property=\"og:image:type\" content=\"image\/jpeg\" \/>\n<meta name=\"author\" content=\"Carina Reifonas\" \/>\n<meta name=\"twitter:card\" content=\"summary_large_image\" \/>\n<meta name=\"twitter:creator\" content=\"@RN_barretos\" \/>\n<meta name=\"twitter:site\" content=\"@RN_barretos\" \/>\n<meta name=\"twitter:label1\" content=\"Escrito por\" \/>\n\t<meta name=\"twitter:data1\" content=\"Carina Reifonas\" \/>\n\t<meta name=\"twitter:label2\" content=\"Est. tempo de leitura\" \/>\n\t<meta name=\"twitter:data2\" content=\"3 minutos\" \/>\n<script type=\"application\/ld+json\" class=\"yoast-schema-graph\">{\"@context\":\"https:\\\/\\\/schema.org\",\"@graph\":[{\"@type\":\"Article\",\"@id\":\"https:\\\/\\\/redenoticiaz.com.br\\\/ribeiraopreto-regiao\\\/sp\\\/2023\\\/11\\\/26\\\/os-melhores-episodios-especiais-de-dia-de-acao-de-graca-de-series-confira#article\",\"isPartOf\":{\"@id\":\"https:\\\/\\\/redenoticiaz.com.br\\\/ribeiraopreto-regiao\\\/sp\\\/2023\\\/11\\\/26\\\/os-melhores-episodios-especiais-de-dia-de-acao-de-graca-de-series-confira\"},\"author\":{\"name\":\"Carina Reifonas\",\"@id\":\"https:\\\/\\\/redenoticiaz.com.br\\\/ribeiraopreto-regiao\\\/#\\\/schema\\\/person\\\/1f84d6e94e6a62d2d81199d7503e9e90\"},\"headline\":\"Os melhores epis\u00f3dios especiais de &#8220;Dia de A\u00e7\u00e3o de Gra\u00e7a&#8221; de s\u00e9ries; confira\",\"datePublished\":\"2023-11-26T12:00:08+00:00\",\"mainEntityOfPage\":{\"@id\":\"https:\\\/\\\/redenoticiaz.com.br\\\/ribeiraopreto-regiao\\\/sp\\\/2023\\\/11\\\/26\\\/os-melhores-episodios-especiais-de-dia-de-acao-de-graca-de-series-confira\"},\"wordCount\":576,\"commentCount\":0,\"publisher\":{\"@id\":\"https:\\\/\\\/redenoticiaz.com.br\\\/ribeiraopreto-regiao\\\/#organization\"},\"image\":{\"@id\":\"https:\\\/\\\/redenoticiaz.com.br\\\/ribeiraopreto-regiao\\\/sp\\\/2023\\\/11\\\/26\\\/os-melhores-episodios-especiais-de-dia-de-acao-de-graca-de-series-confira#primaryimage\"},\"thumbnailUrl\":\"https:\\\/\\\/redenoticiaz.com.br\\\/ribeiraopreto-regiao\\\/wp-content\\\/uploads\\\/sites\\\/4\\\/2023\\\/11\\\/Os-melhores-episodios-especiais.jpg\",\"keywords\":[\"Di de a\u00e7\u00f5es de gra\u00e7a\",\"S\u00c9RIE\"],\"articleSection\":[\"C\u00e2mera Z\"],\"inLanguage\":\"pt-BR\",\"potentialAction\":[{\"@type\":\"CommentAction\",\"name\":\"Comment\",\"target\":[\"https:\\\/\\\/redenoticiaz.com.br\\\/ribeiraopreto-regiao\\\/sp\\\/2023\\\/11\\\/26\\\/os-melhores-episodios-especiais-de-dia-de-acao-de-graca-de-series-confira#respond\"]}]},{\"@type\":\"WebPage\",\"@id\":\"https:\\\/\\\/redenoticiaz.com.br\\\/ribeiraopreto-regiao\\\/sp\\\/2023\\\/11\\\/26\\\/os-melhores-episodios-especiais-de-dia-de-acao-de-graca-de-series-confira\",\"url\":\"https:\\\/\\\/redenoticiaz.com.br\\\/ribeiraopreto-regiao\\\/sp\\\/2023\\\/11\\\/26\\\/os-melhores-episodios-especiais-de-dia-de-acao-de-graca-de-series-confira\",\"name\":\"Os melhores epis\u00f3dios especiais de &#8220;Dia de A\u00e7\u00e3o de Gra\u00e7a&#8221; de s\u00e9ries; confira - Ribeir\u00e3o Preto e Regi\u00e3o\",\"isPartOf\":{\"@id\":\"https:\\\/\\\/redenoticiaz.com.br\\\/ribeiraopreto-regiao\\\/#website\"},\"primaryImageOfPage\":{\"@id\":\"https:\\\/\\\/redenoticiaz.com.br\\\/ribeiraopreto-regiao\\\/sp\\\/2023\\\/11\\\/26\\\/os-melhores-episodios-especiais-de-dia-de-acao-de-graca-de-series-confira#primaryimage\"},\"image\":{\"@id\":\"https:\\\/\\\/redenoticiaz.com.br\\\/ribeiraopreto-regiao\\\/sp\\\/2023\\\/11\\\/26\\\/os-melhores-episodios-especiais-de-dia-de-acao-de-graca-de-series-confira#primaryimage\"},\"thumbnailUrl\":\"https:\\\/\\\/redenoticiaz.com.br\\\/ribeiraopreto-regiao\\\/wp-content\\\/uploads\\\/sites\\\/4\\\/2023\\\/11\\\/Os-melhores-episodios-especiais.jpg\",\"datePublished\":\"2023-11-26T12:00:08+00:00\",\"inLanguage\":\"pt-BR\",\"potentialAction\":[{\"@type\":\"ReadAction\",\"target\":[\"https:\\\/\\\/redenoticiaz.com.br\\\/ribeiraopreto-regiao\\\/sp\\\/2023\\\/11\\\/26\\\/os-melhores-episodios-especiais-de-dia-de-acao-de-graca-de-series-confira\"]}]},{\"@type\":\"ImageObject\",\"inLanguage\":\"pt-BR\",\"@id\":\"https:\\\/\\\/redenoticiaz.com.br\\\/ribeiraopreto-regiao\\\/sp\\\/2023\\\/11\\\/26\\\/os-melhores-episodios-especiais-de-dia-de-acao-de-graca-de-series-confira#primaryimage\",\"url\":\"https:\\\/\\\/redenoticiaz.com.br\\\/ribeiraopreto-regiao\\\/wp-content\\\/uploads\\\/sites\\\/4\\\/2023\\\/11\\\/Os-melhores-episodios-especiais.jpg\",\"contentUrl\":\"https:\\\/\\\/redenoticiaz.com.br\\\/ribeiraopreto-regiao\\\/wp-content\\\/uploads\\\/sites\\\/4\\\/2023\\\/11\\\/Os-melhores-episodios-especiais.jpg\",\"width\":566,\"height\":319},{\"@type\":\"WebSite\",\"@id\":\"https:\\\/\\\/redenoticiaz.com.br\\\/ribeiraopreto-regiao\\\/#website\",\"url\":\"https:\\\/\\\/redenoticiaz.com.br\\\/ribeiraopreto-regiao\\\/\",\"name\":\"Ribeir\u00e3o Preto e Regi\u00e3o\",\"description\":\"Rede NoticiaZ - Ribeir\u00e3o Preto e regi\u00e3o\",\"publisher\":{\"@id\":\"https:\\\/\\\/redenoticiaz.com.br\\\/ribeiraopreto-regiao\\\/#organization\"},\"potentialAction\":[{\"@type\":\"SearchAction\",\"target\":{\"@type\":\"EntryPoint\",\"urlTemplate\":\"https:\\\/\\\/redenoticiaz.com.br\\\/ribeiraopreto-regiao\\\/?s={search_term_string}\"},\"query-input\":{\"@type\":\"PropertyValueSpecification\",\"valueRequired\":true,\"valueName\":\"search_term_string\"}}],\"inLanguage\":\"pt-BR\"},{\"@type\":\"Organization\",\"@id\":\"https:\\\/\\\/redenoticiaz.com.br\\\/ribeiraopreto-regiao\\\/#organization\",\"name\":\"Ribeir\u00e3o Preto e Regi\u00e3o\",\"url\":\"https:\\\/\\\/redenoticiaz.com.br\\\/ribeiraopreto-regiao\\\/\",\"logo\":{\"@type\":\"ImageObject\",\"inLanguage\":\"pt-BR\",\"@id\":\"https:\\\/\\\/redenoticiaz.com.br\\\/ribeiraopreto-regiao\\\/#\\\/schema\\\/logo\\\/image\\\/\",\"url\":\"https:\\\/\\\/redenoticiaz.com.br\\\/barretos-regiao\\\/wp-content\\\/uploads\\\/sites\\\/4\\\/2022\\\/02\\\/logo.jpg\",\"contentUrl\":\"https:\\\/\\\/redenoticiaz.com.br\\\/barretos-regiao\\\/wp-content\\\/uploads\\\/sites\\\/4\\\/2022\\\/02\\\/logo.jpg\",\"width\":400,\"height\":250,\"caption\":\"Ribeir\u00e3o Preto e Regi\u00e3o\"},\"image\":{\"@id\":\"https:\\\/\\\/redenoticiaz.com.br\\\/ribeiraopreto-regiao\\\/#\\\/schema\\\/logo\\\/image\\\/\"},\"sameAs\":[\"https:\\\/\\\/m.facebook.com\\\/redenoticiaz.barretos\",\"https:\\\/\\\/x.com\\\/RN_barretos\",\"https:\\\/\\\/www.instagram.com\\\/redenoticiaz.barretos\\\/?igshid=YmMyMTA2M2Y\",\"https:\\\/\\\/www.linkedin.com\\\/company\\\/rede-noticiaz-barretos-e-regio\\\/\"]},{\"@type\":\"Person\",\"@id\":\"https:\\\/\\\/redenoticiaz.com.br\\\/ribeiraopreto-regiao\\\/#\\\/schema\\\/person\\\/1f84d6e94e6a62d2d81199d7503e9e90\",\"name\":\"Carina Reifonas\",\"image\":{\"@type\":\"ImageObject\",\"inLanguage\":\"pt-BR\",\"@id\":\"https:\\\/\\\/secure.gravatar.com\\\/avatar\\\/04c59859b23696cf867715880f81d5c037e60109730bdb4e6670ec2a2245bc97?s=96&d=mm&r=g\",\"url\":\"https:\\\/\\\/secure.gravatar.com\\\/avatar\\\/04c59859b23696cf867715880f81d5c037e60109730bdb4e6670ec2a2245bc97?s=96&d=mm&r=g\",\"contentUrl\":\"https:\\\/\\\/secure.gravatar.com\\\/avatar\\\/04c59859b23696cf867715880f81d5c037e60109730bdb4e6670ec2a2245bc97?s=96&d=mm&r=g\",\"caption\":\"Carina Reifonas\"},\"url\":\"https:\\\/\\\/redenoticiaz.com.br\\\/ribeiraopreto-regiao\\\/sp\\\/author\\\/carinareifonas\"}]}<\/script>\n<!-- \/ Yoast SEO plugin. -->","yoast_head_json":{"title":"Os melhores epis\u00f3dios especiais de &#8220;Dia de A\u00e7\u00e3o de Gra\u00e7a&#8221; de s\u00e9ries; confira - Ribeir\u00e3o Preto e Regi\u00e3o","robots":{"index":"index","follow":"follow","max-snippet":"max-snippet:-1","max-image-preview":"max-image-preview:large","max-video-preview":"max-video-preview:-1"},"canonical":"https:\/\/redenoticiaz.com.br\/ribeiraopreto-regiao\/sp\/2023\/11\/26\/os-melhores-episodios-especiais-de-dia-de-acao-de-graca-de-series-confira","og_locale":"pt_BR","og_type":"article","og_title":"Os melhores epis\u00f3dios especiais de &#8220;Dia de A\u00e7\u00e3o de Gra\u00e7a&#8221; de s\u00e9ries; confira - Ribeir\u00e3o Preto e Regi\u00e3o","og_description":"O Thanksgiving &#8211; ou Dia de A\u00e7\u00e3o de Gra\u00e7as, em portugu\u00eas &#8211; \u00e9 um dos feriados mais tradicionais nos Estados Unidos. Comemorado na quarta quinta de novembro, o dia \u00e9 marcado, sobretudo, pela celebra\u00e7\u00e3o das conquistas obtidas naquele o ano e a reflex\u00e3o sobre a import\u00e2ncia de tal agradecimento, al\u00e9m de reunir amigos e familiares &hellip;","og_url":"https:\/\/redenoticiaz.com.br\/ribeiraopreto-regiao\/sp\/2023\/11\/26\/os-melhores-episodios-especiais-de-dia-de-acao-de-graca-de-series-confira","og_site_name":"Ribeir\u00e3o Preto e Regi\u00e3o","article_publisher":"https:\/\/m.facebook.com\/redenoticiaz.barretos","article_published_time":"2023-11-26T12:00:08+00:00","og_image":[{"width":566,"height":319,"url":"https:\/\/redenoticiaz.com.br\/ribeiraopreto-regiao\/wp-content\/uploads\/sites\/4\/2023\/11\/Os-melhores-episodios-especiais.jpg","type":"image\/jpeg"}],"author":"Carina Reifonas","twitter_card":"summary_large_image","twitter_creator":"@RN_barretos","twitter_site":"@RN_barretos","twitter_misc":{"Escrito por":"Carina Reifonas","Est. tempo de leitura":"3 minutos"},"schema":{"@context":"https:\/\/schema.org","@graph":[{"@type":"Article","@id":"https:\/\/redenoticiaz.com.br\/ribeiraopreto-regiao\/sp\/2023\/11\/26\/os-melhores-episodios-especiais-de-dia-de-acao-de-graca-de-series-confira#article","isPartOf":{"@id":"https:\/\/redenoticiaz.com.br\/ribeiraopreto-regiao\/sp\/2023\/11\/26\/os-melhores-episodios-especiais-de-dia-de-acao-de-graca-de-series-confira"},"author":{"name":"Carina Reifonas","@id":"https:\/\/redenoticiaz.com.br\/ribeiraopreto-regiao\/#\/schema\/person\/1f84d6e94e6a62d2d81199d7503e9e90"},"headline":"Os melhores epis\u00f3dios especiais de &#8220;Dia de A\u00e7\u00e3o de Gra\u00e7a&#8221; de s\u00e9ries; confira","datePublished":"2023-11-26T12:00:08+00:00","mainEntityOfPage":{"@id":"https:\/\/redenoticiaz.com.br\/ribeiraopreto-regiao\/sp\/2023\/11\/26\/os-melhores-episodios-especiais-de-dia-de-acao-de-graca-de-series-confira"},"wordCount":576,"commentCount":0,"publisher":{"@id":"https:\/\/redenoticiaz.com.br\/ribeiraopreto-regiao\/#organization"},"image":{"@id":"https:\/\/redenoticiaz.com.br\/ribeiraopreto-regiao\/sp\/2023\/11\/26\/os-melhores-episodios-especiais-de-dia-de-acao-de-graca-de-series-confira#primaryimage"},"thumbnailUrl":"https:\/\/redenoticiaz.com.br\/ribeiraopreto-regiao\/wp-content\/uploads\/sites\/4\/2023\/11\/Os-melhores-episodios-especiais.jpg","keywords":["Di de a\u00e7\u00f5es de gra\u00e7a","S\u00c9RIE"],"articleSection":["C\u00e2mera Z"],"inLanguage":"pt-BR","potentialAction":[{"@type":"CommentAction","name":"Comment","target":["https:\/\/redenoticiaz.com.br\/ribeiraopreto-regiao\/sp\/2023\/11\/26\/os-melhores-episodios-especiais-de-dia-de-acao-de-graca-de-series-confira#respond"]}]},{"@type":"WebPage","@id":"https:\/\/redenoticiaz.com.br\/ribeiraopreto-regiao\/sp\/2023\/11\/26\/os-melhores-episodios-especiais-de-dia-de-acao-de-graca-de-series-confira","url":"https:\/\/redenoticiaz.com.br\/ribeiraopreto-regiao\/sp\/2023\/11\/26\/os-melhores-episodios-especiais-de-dia-de-acao-de-graca-de-series-confira","name":"Os melhores epis\u00f3dios especiais de &#8220;Dia de A\u00e7\u00e3o de Gra\u00e7a&#8221; de s\u00e9ries; confira - Ribeir\u00e3o Preto e Regi\u00e3o","isPartOf":{"@id":"https:\/\/redenoticiaz.com.br\/ribeiraopreto-regiao\/#website"},"primaryImageOfPage":{"@id":"https:\/\/redenoticiaz.com.br\/ribeiraopreto-regiao\/sp\/2023\/11\/26\/os-melhores-episodios-especiais-de-dia-de-acao-de-graca-de-series-confira#primaryimage"},"image":{"@id":"https:\/\/redenoticiaz.com.br\/ribeiraopreto-regiao\/sp\/2023\/11\/26\/os-melhores-episodios-especiais-de-dia-de-acao-de-graca-de-series-confira#primaryimage"},"thumbnailUrl":"https:\/\/redenoticiaz.com.br\/ribeiraopreto-regiao\/wp-content\/uploads\/sites\/4\/2023\/11\/Os-melhores-episodios-especiais.jpg","datePublished":"2023-11-26T12:00:08+00:00","inLanguage":"pt-BR","potentialAction":[{"@type":"ReadAction","target":["https:\/\/redenoticiaz.com.br\/ribeiraopreto-regiao\/sp\/2023\/11\/26\/os-melhores-episodios-especiais-de-dia-de-acao-de-graca-de-series-confira"]}]},{"@type":"ImageObject","inLanguage":"pt-BR","@id":"https:\/\/redenoticiaz.com.br\/ribeiraopreto-regiao\/sp\/2023\/11\/26\/os-melhores-episodios-especiais-de-dia-de-acao-de-graca-de-series-confira#primaryimage","url":"https:\/\/redenoticiaz.com.br\/ribeiraopreto-regiao\/wp-content\/uploads\/sites\/4\/2023\/11\/Os-melhores-episodios-especiais.jpg","contentUrl":"https:\/\/redenoticiaz.com.br\/ribeiraopreto-regiao\/wp-content\/uploads\/sites\/4\/2023\/11\/Os-melhores-episodios-especiais.jpg","width":566,"height":319},{"@type":"WebSite","@id":"https:\/\/redenoticiaz.com.br\/ribeiraopreto-regiao\/#website","url":"https:\/\/redenoticiaz.com.br\/ribeiraopreto-regiao\/","name":"Ribeir\u00e3o Preto e Regi\u00e3o","description":"Rede NoticiaZ - Ribeir\u00e3o Preto e regi\u00e3o","publisher":{"@id":"https:\/\/redenoticiaz.com.br\/ribeiraopreto-regiao\/#organization"},"potentialAction":[{"@type":"SearchAction","target":{"@type":"EntryPoint","urlTemplate":"https:\/\/redenoticiaz.com.br\/ribeiraopreto-regiao\/?s={search_term_string}"},"query-input":{"@type":"PropertyValueSpecification","valueRequired":true,"valueName":"search_term_string"}}],"inLanguage":"pt-BR"},{"@type":"Organization","@id":"https:\/\/redenoticiaz.com.br\/ribeiraopreto-regiao\/#organization","name":"Ribeir\u00e3o Preto e Regi\u00e3o","url":"https:\/\/redenoticiaz.com.br\/ribeiraopreto-regiao\/","logo":{"@type":"ImageObject","inLanguage":"pt-BR","@id":"https:\/\/redenoticiaz.com.br\/ribeiraopreto-regiao\/#\/schema\/logo\/image\/","url":"https:\/\/redenoticiaz.com.br\/barretos-regiao\/wp-content\/uploads\/sites\/4\/2022\/02\/logo.jpg","contentUrl":"https:\/\/redenoticiaz.com.br\/barretos-regiao\/wp-content\/uploads\/sites\/4\/2022\/02\/logo.jpg","width":400,"height":250,"caption":"Ribeir\u00e3o Preto e Regi\u00e3o"},"image":{"@id":"https:\/\/redenoticiaz.com.br\/ribeiraopreto-regiao\/#\/schema\/logo\/image\/"},"sameAs":["https:\/\/m.facebook.com\/redenoticiaz.barretos","https:\/\/x.com\/RN_barretos","https:\/\/www.instagram.com\/redenoticiaz.barretos\/?igshid=YmMyMTA2M2Y","https:\/\/www.linkedin.com\/company\/rede-noticiaz-barretos-e-regio\/"]},{"@type":"Person","@id":"https:\/\/redenoticiaz.com.br\/ribeiraopreto-regiao\/#\/schema\/person\/1f84d6e94e6a62d2d81199d7503e9e90","name":"Carina Reifonas","image":{"@type":"ImageObject","inLanguage":"pt-BR","@id":"https:\/\/secure.gravatar.com\/avatar\/04c59859b23696cf867715880f81d5c037e60109730bdb4e6670ec2a2245bc97?s=96&d=mm&r=g","url":"https:\/\/secure.gravatar.com\/avatar\/04c59859b23696cf867715880f81d5c037e60109730bdb4e6670ec2a2245bc97?s=96&d=mm&r=g","contentUrl":"https:\/\/secure.gravatar.com\/avatar\/04c59859b23696cf867715880f81d5c037e60109730bdb4e6670ec2a2245bc97?s=96&d=mm&r=g","caption":"Carina Reifonas"},"url":"https:\/\/redenoticiaz.com.br\/ribeiraopreto-regiao\/sp\/author\/carinareifonas"}]}},"_links":{"self":[{"href":"https:\/\/redenoticiaz.com.br\/ribeiraopreto-regiao\/wp-json\/wp\/v2\/posts\/112784","targetHints":{"allow":["GET"]}}],"collection":[{"href":"https:\/\/redenoticiaz.com.br\/ribeiraopreto-regiao\/wp-json\/wp\/v2\/posts"}],"about":[{"href":"https:\/\/redenoticiaz.com.br\/ribeiraopreto-regiao\/wp-json\/wp\/v2\/types\/post"}],"author":[{"embeddable":true,"href":"https:\/\/redenoticiaz.com.br\/ribeiraopreto-regiao\/wp-json\/wp\/v2\/users\/30"}],"replies":[{"embeddable":true,"href":"https:\/\/redenoticiaz.com.br\/ribeiraopreto-regiao\/wp-json\/wp\/v2\/comments?post=112784"}],"version-history":[{"count":1,"href":"https:\/\/redenoticiaz.com.br\/ribeiraopreto-regiao\/wp-json\/wp\/v2\/posts\/112784\/revisions"}],"predecessor-version":[{"id":112786,"href":"https:\/\/redenoticiaz.com.br\/ribeiraopreto-regiao\/wp-json\/wp\/v2\/posts\/112784\/revisions\/112786"}],"wp:featuredmedia":[{"embeddable":true,"href":"https:\/\/redenoticiaz.com.br\/ribeiraopreto-regiao\/wp-json\/wp\/v2\/media\/112785"}],"wp:attachment":[{"href":"https:\/\/redenoticiaz.com.br\/ribeiraopreto-regiao\/wp-json\/wp\/v2\/media?parent=112784"}],"wp:term":[{"taxonomy":"category","embeddable":true,"href":"https:\/\/redenoticiaz.com.br\/ribeiraopreto-regiao\/wp-json\/wp\/v2\/categories?post=112784"},{"taxonomy":"post_tag","embeddable":true,"href":"https:\/\/redenoticiaz.com.br\/ribeiraopreto-regiao\/wp-json\/wp\/v2\/tags?post=112784"}],"curies":[{"name":"wp","href":"https:\/\/api.w.org\/{rel}","templated":true}]}}