{"id":113175,"date":"2023-12-06T15:07:36","date_gmt":"2023-12-06T18:07:36","guid":{"rendered":"https:\/\/redenoticiaz.com.br\/barretos-regiao\/sp\/2023\/12\/06\/o-que-se-sabe-sobre-o-estado-de-saude-de-ze-neto"},"modified":"2023-12-06T15:09:03","modified_gmt":"2023-12-06T18:09:03","slug":"o-que-se-sabe-sobre-o-estado-de-saude-de-ze-neto","status":"publish","type":"post","link":"https:\/\/redenoticiaz.com.br\/ribeiraopreto-regiao\/sp\/2023\/12\/06\/o-que-se-sabe-sobre-o-estado-de-saude-de-ze-neto","title":{"rendered":"O que se sabe sobre o estado de sa\u00fade de Z\u00e9 Neto"},"content":{"rendered":"<p>O cantor <a href=\"https:\/\/redenoticiaz.com.br\/blog\/2021\/03\/27\/cristiano-da-dupla-com-ze-neto-recebe-alta-hospitalar\">Z\u00e9 Neto<\/a>, da dupla Z\u00e9 Neto e Cristiano, ficou ferido em um acidente na BR-153, em Fronteira (MG). O carro em que estava capotou ap\u00f3s colidir com uma carreta carregada com caixas vazias, envolvendo mais dois ve\u00edculos. Tr\u00eas pessoas ficaram feridas, incluindo o artista.<\/p>\n<p>Z\u00e9 Neto foi socorrido e encaminhado ao Hospital de Base de S\u00e3o Jos\u00e9 do Rio Preto (SP), onde permanece internado. Seu estado \u00e9 est\u00e1vel, fraturou tr\u00eas costela e teve um corte no bra\u00e7o, mas devido \u00e0 gravidade, ele continuar\u00e1 na UTI at\u00e9 quinta-feira (7), quando ser\u00e1 reavaliado. Cristiano, colega de dupla, tranquilizou os f\u00e3s, indicando que o cantor est\u00e1 consciente, orientado e alimentando-se normalmente.<\/p>\n<p>LEIA MAIS<\/p>\n<p><a href=\"https:\/\/redenoticiaz.com.br\/blog\/2023\/12\/06\/operacao-venus-revela-esquema-de-fraude-fiscal-em-grupo-de-vestuario\">Opera\u00e7\u00e3o V\u00eanus revela esquema de fraude fiscal em grupo de vestu\u00e1rio<\/a><\/p>\n<p><a href=\"https:\/\/redenoticiaz.com.br\/blog\/2023\/12\/06\/ultraleve-faz-pouso-forcado-em-condominio-na-cidade-de-itupeva\">Ultraleve faz pouso for\u00e7ado em condom\u00ednio na cidade de\u00a0Itupeva<\/a><\/p>\n","protected":false},"excerpt":{"rendered":"<p>O cantor Z\u00e9 Neto, da dupla Z\u00e9 Neto e Cristiano, ficou ferido em um acidente na BR-153, em Fronteira (MG). O carro em que estava capotou ap\u00f3s colidir com uma carreta carregada com caixas vazias, envolvendo mais dois ve\u00edculos. Tr\u00eas pessoas ficaram feridas, incluindo o artista. Z\u00e9 Neto foi socorrido e encaminhado ao Hospital de &hellip;<\/p>\n","protected":false},"author":30,"featured_media":113176,"comment_status":"open","ping_status":"closed","sticky":false,"template":"","format":"standard","meta":{"footnotes":""},"categories":[22062],"tags":[145,29561,28486,17333],"class_list":["post-113175","post","type-post","status-publish","format-standard","has-post-thumbnail","hentry","category-celebridades","tag-acidente","tag-capotou","tag-estado-de-saude","tag-ze-neto"],"yoast_head":"<!-- This site is optimized with the Yoast SEO plugin v27.4 - https:\/\/yoast.com\/product\/yoast-seo-wordpress\/ -->\n<title>O que se sabe sobre o estado de sa\u00fade de Z\u00e9 Neto - Ribeir\u00e3o Preto e Regi\u00e3o<\/title>\n<meta name=\"description\" content=\"O cantor Z\u00e9 Neto, da dupla Z\u00e9 Neto e Cristiano, ficou ferido em um acidente na BR-153, em Fronteira (MG). O carro em que estava capotou.\" \/>\n<meta name=\"robots\" content=\"index, follow, max-snippet:-1, max-image-preview:large, max-video-preview:-1\" \/>\n<link rel=\"canonical\" href=\"https:\/\/redenoticiaz.com.br\/ribeiraopreto-regiao\/sp\/2023\/12\/06\/o-que-se-sabe-sobre-o-estado-de-saude-de-ze-neto\" \/>\n<meta property=\"og:locale\" content=\"pt_BR\" \/>\n<meta property=\"og:type\" content=\"article\" \/>\n<meta property=\"og:title\" content=\"O que se sabe sobre o estado de sa\u00fade de Z\u00e9 Neto - Ribeir\u00e3o Preto e Regi\u00e3o\" \/>\n<meta property=\"og:description\" content=\"O cantor Z\u00e9 Neto, da dupla Z\u00e9 Neto e Cristiano, ficou ferido em um acidente na BR-153, em Fronteira (MG). O carro em que estava capotou.\" \/>\n<meta property=\"og:url\" content=\"https:\/\/redenoticiaz.com.br\/ribeiraopreto-regiao\/sp\/2023\/12\/06\/o-que-se-sabe-sobre-o-estado-de-saude-de-ze-neto\" \/>\n<meta property=\"og:site_name\" content=\"Ribeir\u00e3o Preto e Regi\u00e3o\" \/>\n<meta property=\"article:publisher\" content=\"https:\/\/m.facebook.com\/redenoticiaz.barretos\" \/>\n<meta property=\"article:published_time\" content=\"2023-12-06T18:07:36+00:00\" \/>\n<meta property=\"article:modified_time\" content=\"2023-12-06T18:09:03+00:00\" \/>\n<meta property=\"og:image\" content=\"https:\/\/redenoticiaz.com.br\/ribeiraopreto-regiao\/wp-content\/uploads\/sites\/4\/2023\/12\/Ze-Neto.jpg?v=1701886019\" \/>\n\t<meta property=\"og:image:width\" content=\"1640\" \/>\n\t<meta property=\"og:image:height\" content=\"924\" \/>\n\t<meta property=\"og:image:type\" content=\"image\/jpeg\" \/>\n<meta name=\"author\" content=\"Carina Reifonas\" \/>\n<meta name=\"twitter:card\" content=\"summary_large_image\" \/>\n<meta name=\"twitter:creator\" content=\"@RN_barretos\" \/>\n<meta name=\"twitter:site\" content=\"@RN_barretos\" \/>\n<meta name=\"twitter:label1\" content=\"Escrito por\" \/>\n\t<meta name=\"twitter:data1\" content=\"Carina Reifonas\" \/>\n\t<meta name=\"twitter:label2\" content=\"Est. tempo de leitura\" \/>\n\t<meta name=\"twitter:data2\" content=\"1 minuto\" \/>\n<script type=\"application\/ld+json\" class=\"yoast-schema-graph\">{\"@context\":\"https:\\\/\\\/schema.org\",\"@graph\":[{\"@type\":\"Article\",\"@id\":\"https:\\\/\\\/redenoticiaz.com.br\\\/ribeiraopreto-regiao\\\/sp\\\/2023\\\/12\\\/06\\\/o-que-se-sabe-sobre-o-estado-de-saude-de-ze-neto#article\",\"isPartOf\":{\"@id\":\"https:\\\/\\\/redenoticiaz.com.br\\\/ribeiraopreto-regiao\\\/sp\\\/2023\\\/12\\\/06\\\/o-que-se-sabe-sobre-o-estado-de-saude-de-ze-neto\"},\"author\":{\"name\":\"Carina Reifonas\",\"@id\":\"https:\\\/\\\/redenoticiaz.com.br\\\/ribeiraopreto-regiao\\\/#\\\/schema\\\/person\\\/1f84d6e94e6a62d2d81199d7503e9e90\"},\"headline\":\"O que se sabe sobre o estado de sa\u00fade de Z\u00e9 Neto\",\"datePublished\":\"2023-12-06T18:07:36+00:00\",\"dateModified\":\"2023-12-06T18:09:03+00:00\",\"mainEntityOfPage\":{\"@id\":\"https:\\\/\\\/redenoticiaz.com.br\\\/ribeiraopreto-regiao\\\/sp\\\/2023\\\/12\\\/06\\\/o-que-se-sabe-sobre-o-estado-de-saude-de-ze-neto\"},\"wordCount\":156,\"commentCount\":0,\"publisher\":{\"@id\":\"https:\\\/\\\/redenoticiaz.com.br\\\/ribeiraopreto-regiao\\\/#organization\"},\"image\":{\"@id\":\"https:\\\/\\\/redenoticiaz.com.br\\\/ribeiraopreto-regiao\\\/sp\\\/2023\\\/12\\\/06\\\/o-que-se-sabe-sobre-o-estado-de-saude-de-ze-neto#primaryimage\"},\"thumbnailUrl\":\"https:\\\/\\\/redenoticiaz.com.br\\\/ribeiraopreto-regiao\\\/wp-content\\\/uploads\\\/sites\\\/4\\\/2023\\\/12\\\/Ze-Neto.jpg?v=1701886019\",\"keywords\":[\"acidente\",\"capotou\",\"estado de sa\u00fade\",\"Z\u00c9 NETO\"],\"articleSection\":[\"Celebridades\"],\"inLanguage\":\"pt-BR\",\"potentialAction\":[{\"@type\":\"CommentAction\",\"name\":\"Comment\",\"target\":[\"https:\\\/\\\/redenoticiaz.com.br\\\/ribeiraopreto-regiao\\\/sp\\\/2023\\\/12\\\/06\\\/o-que-se-sabe-sobre-o-estado-de-saude-de-ze-neto#respond\"]}]},{\"@type\":\"WebPage\",\"@id\":\"https:\\\/\\\/redenoticiaz.com.br\\\/ribeiraopreto-regiao\\\/sp\\\/2023\\\/12\\\/06\\\/o-que-se-sabe-sobre-o-estado-de-saude-de-ze-neto\",\"url\":\"https:\\\/\\\/redenoticiaz.com.br\\\/ribeiraopreto-regiao\\\/sp\\\/2023\\\/12\\\/06\\\/o-que-se-sabe-sobre-o-estado-de-saude-de-ze-neto\",\"name\":\"O que se sabe sobre o estado de sa\u00fade de Z\u00e9 Neto - Ribeir\u00e3o Preto e Regi\u00e3o\",\"isPartOf\":{\"@id\":\"https:\\\/\\\/redenoticiaz.com.br\\\/ribeiraopreto-regiao\\\/#website\"},\"primaryImageOfPage\":{\"@id\":\"https:\\\/\\\/redenoticiaz.com.br\\\/ribeiraopreto-regiao\\\/sp\\\/2023\\\/12\\\/06\\\/o-que-se-sabe-sobre-o-estado-de-saude-de-ze-neto#primaryimage\"},\"image\":{\"@id\":\"https:\\\/\\\/redenoticiaz.com.br\\\/ribeiraopreto-regiao\\\/sp\\\/2023\\\/12\\\/06\\\/o-que-se-sabe-sobre-o-estado-de-saude-de-ze-neto#primaryimage\"},\"thumbnailUrl\":\"https:\\\/\\\/redenoticiaz.com.br\\\/ribeiraopreto-regiao\\\/wp-content\\\/uploads\\\/sites\\\/4\\\/2023\\\/12\\\/Ze-Neto.jpg?v=1701886019\",\"datePublished\":\"2023-12-06T18:07:36+00:00\",\"dateModified\":\"2023-12-06T18:09:03+00:00\",\"description\":\"O cantor Z\u00e9 Neto, da dupla Z\u00e9 Neto e Cristiano, ficou ferido em um acidente na BR-153, em Fronteira (MG). O carro em que estava capotou.\",\"inLanguage\":\"pt-BR\",\"potentialAction\":[{\"@type\":\"ReadAction\",\"target\":[\"https:\\\/\\\/redenoticiaz.com.br\\\/ribeiraopreto-regiao\\\/sp\\\/2023\\\/12\\\/06\\\/o-que-se-sabe-sobre-o-estado-de-saude-de-ze-neto\"]}]},{\"@type\":\"ImageObject\",\"inLanguage\":\"pt-BR\",\"@id\":\"https:\\\/\\\/redenoticiaz.com.br\\\/ribeiraopreto-regiao\\\/sp\\\/2023\\\/12\\\/06\\\/o-que-se-sabe-sobre-o-estado-de-saude-de-ze-neto#primaryimage\",\"url\":\"https:\\\/\\\/redenoticiaz.com.br\\\/ribeiraopreto-regiao\\\/wp-content\\\/uploads\\\/sites\\\/4\\\/2023\\\/12\\\/Ze-Neto.jpg?v=1701886019\",\"contentUrl\":\"https:\\\/\\\/redenoticiaz.com.br\\\/ribeiraopreto-regiao\\\/wp-content\\\/uploads\\\/sites\\\/4\\\/2023\\\/12\\\/Ze-Neto.jpg?v=1701886019\",\"width\":1640,\"height\":924,\"caption\":\"Z\u00e9 Neto\"},{\"@type\":\"WebSite\",\"@id\":\"https:\\\/\\\/redenoticiaz.com.br\\\/ribeiraopreto-regiao\\\/#website\",\"url\":\"https:\\\/\\\/redenoticiaz.com.br\\\/ribeiraopreto-regiao\\\/\",\"name\":\"Ribeir\u00e3o Preto e Regi\u00e3o\",\"description\":\"Rede NoticiaZ - Ribeir\u00e3o Preto e regi\u00e3o\",\"publisher\":{\"@id\":\"https:\\\/\\\/redenoticiaz.com.br\\\/ribeiraopreto-regiao\\\/#organization\"},\"potentialAction\":[{\"@type\":\"SearchAction\",\"target\":{\"@type\":\"EntryPoint\",\"urlTemplate\":\"https:\\\/\\\/redenoticiaz.com.br\\\/ribeiraopreto-regiao\\\/?s={search_term_string}\"},\"query-input\":{\"@type\":\"PropertyValueSpecification\",\"valueRequired\":true,\"valueName\":\"search_term_string\"}}],\"inLanguage\":\"pt-BR\"},{\"@type\":\"Organization\",\"@id\":\"https:\\\/\\\/redenoticiaz.com.br\\\/ribeiraopreto-regiao\\\/#organization\",\"name\":\"Ribeir\u00e3o Preto e Regi\u00e3o\",\"url\":\"https:\\\/\\\/redenoticiaz.com.br\\\/ribeiraopreto-regiao\\\/\",\"logo\":{\"@type\":\"ImageObject\",\"inLanguage\":\"pt-BR\",\"@id\":\"https:\\\/\\\/redenoticiaz.com.br\\\/ribeiraopreto-regiao\\\/#\\\/schema\\\/logo\\\/image\\\/\",\"url\":\"https:\\\/\\\/redenoticiaz.com.br\\\/barretos-regiao\\\/wp-content\\\/uploads\\\/sites\\\/4\\\/2022\\\/02\\\/logo.jpg\",\"contentUrl\":\"https:\\\/\\\/redenoticiaz.com.br\\\/barretos-regiao\\\/wp-content\\\/uploads\\\/sites\\\/4\\\/2022\\\/02\\\/logo.jpg\",\"width\":400,\"height\":250,\"caption\":\"Ribeir\u00e3o Preto e Regi\u00e3o\"},\"image\":{\"@id\":\"https:\\\/\\\/redenoticiaz.com.br\\\/ribeiraopreto-regiao\\\/#\\\/schema\\\/logo\\\/image\\\/\"},\"sameAs\":[\"https:\\\/\\\/m.facebook.com\\\/redenoticiaz.barretos\",\"https:\\\/\\\/x.com\\\/RN_barretos\",\"https:\\\/\\\/www.instagram.com\\\/redenoticiaz.barretos\\\/?igshid=YmMyMTA2M2Y\",\"https:\\\/\\\/www.linkedin.com\\\/company\\\/rede-noticiaz-barretos-e-regio\\\/\"]},{\"@type\":\"Person\",\"@id\":\"https:\\\/\\\/redenoticiaz.com.br\\\/ribeiraopreto-regiao\\\/#\\\/schema\\\/person\\\/1f84d6e94e6a62d2d81199d7503e9e90\",\"name\":\"Carina Reifonas\",\"image\":{\"@type\":\"ImageObject\",\"inLanguage\":\"pt-BR\",\"@id\":\"https:\\\/\\\/secure.gravatar.com\\\/avatar\\\/04c59859b23696cf867715880f81d5c037e60109730bdb4e6670ec2a2245bc97?s=96&d=mm&r=g\",\"url\":\"https:\\\/\\\/secure.gravatar.com\\\/avatar\\\/04c59859b23696cf867715880f81d5c037e60109730bdb4e6670ec2a2245bc97?s=96&d=mm&r=g\",\"contentUrl\":\"https:\\\/\\\/secure.gravatar.com\\\/avatar\\\/04c59859b23696cf867715880f81d5c037e60109730bdb4e6670ec2a2245bc97?s=96&d=mm&r=g\",\"caption\":\"Carina Reifonas\"},\"url\":\"https:\\\/\\\/redenoticiaz.com.br\\\/ribeiraopreto-regiao\\\/sp\\\/author\\\/carinareifonas\"}]}<\/script>\n<!-- \/ Yoast SEO plugin. -->","yoast_head_json":{"title":"O que se sabe sobre o estado de sa\u00fade de Z\u00e9 Neto - Ribeir\u00e3o Preto e Regi\u00e3o","description":"O cantor Z\u00e9 Neto, da dupla Z\u00e9 Neto e Cristiano, ficou ferido em um acidente na BR-153, em Fronteira (MG). O carro em que estava capotou.","robots":{"index":"index","follow":"follow","max-snippet":"max-snippet:-1","max-image-preview":"max-image-preview:large","max-video-preview":"max-video-preview:-1"},"canonical":"https:\/\/redenoticiaz.com.br\/ribeiraopreto-regiao\/sp\/2023\/12\/06\/o-que-se-sabe-sobre-o-estado-de-saude-de-ze-neto","og_locale":"pt_BR","og_type":"article","og_title":"O que se sabe sobre o estado de sa\u00fade de Z\u00e9 Neto - Ribeir\u00e3o Preto e Regi\u00e3o","og_description":"O cantor Z\u00e9 Neto, da dupla Z\u00e9 Neto e Cristiano, ficou ferido em um acidente na BR-153, em Fronteira (MG). O carro em que estava capotou.","og_url":"https:\/\/redenoticiaz.com.br\/ribeiraopreto-regiao\/sp\/2023\/12\/06\/o-que-se-sabe-sobre-o-estado-de-saude-de-ze-neto","og_site_name":"Ribeir\u00e3o Preto e Regi\u00e3o","article_publisher":"https:\/\/m.facebook.com\/redenoticiaz.barretos","article_published_time":"2023-12-06T18:07:36+00:00","article_modified_time":"2023-12-06T18:09:03+00:00","og_image":[{"width":1640,"height":924,"url":"https:\/\/redenoticiaz.com.br\/ribeiraopreto-regiao\/wp-content\/uploads\/sites\/4\/2023\/12\/Ze-Neto.jpg?v=1701886019","type":"image\/jpeg"}],"author":"Carina Reifonas","twitter_card":"summary_large_image","twitter_creator":"@RN_barretos","twitter_site":"@RN_barretos","twitter_misc":{"Escrito por":"Carina Reifonas","Est. tempo de leitura":"1 minuto"},"schema":{"@context":"https:\/\/schema.org","@graph":[{"@type":"Article","@id":"https:\/\/redenoticiaz.com.br\/ribeiraopreto-regiao\/sp\/2023\/12\/06\/o-que-se-sabe-sobre-o-estado-de-saude-de-ze-neto#article","isPartOf":{"@id":"https:\/\/redenoticiaz.com.br\/ribeiraopreto-regiao\/sp\/2023\/12\/06\/o-que-se-sabe-sobre-o-estado-de-saude-de-ze-neto"},"author":{"name":"Carina Reifonas","@id":"https:\/\/redenoticiaz.com.br\/ribeiraopreto-regiao\/#\/schema\/person\/1f84d6e94e6a62d2d81199d7503e9e90"},"headline":"O que se sabe sobre o estado de sa\u00fade de Z\u00e9 Neto","datePublished":"2023-12-06T18:07:36+00:00","dateModified":"2023-12-06T18:09:03+00:00","mainEntityOfPage":{"@id":"https:\/\/redenoticiaz.com.br\/ribeiraopreto-regiao\/sp\/2023\/12\/06\/o-que-se-sabe-sobre-o-estado-de-saude-de-ze-neto"},"wordCount":156,"commentCount":0,"publisher":{"@id":"https:\/\/redenoticiaz.com.br\/ribeiraopreto-regiao\/#organization"},"image":{"@id":"https:\/\/redenoticiaz.com.br\/ribeiraopreto-regiao\/sp\/2023\/12\/06\/o-que-se-sabe-sobre-o-estado-de-saude-de-ze-neto#primaryimage"},"thumbnailUrl":"https:\/\/redenoticiaz.com.br\/ribeiraopreto-regiao\/wp-content\/uploads\/sites\/4\/2023\/12\/Ze-Neto.jpg?v=1701886019","keywords":["acidente","capotou","estado de sa\u00fade","Z\u00c9 NETO"],"articleSection":["Celebridades"],"inLanguage":"pt-BR","potentialAction":[{"@type":"CommentAction","name":"Comment","target":["https:\/\/redenoticiaz.com.br\/ribeiraopreto-regiao\/sp\/2023\/12\/06\/o-que-se-sabe-sobre-o-estado-de-saude-de-ze-neto#respond"]}]},{"@type":"WebPage","@id":"https:\/\/redenoticiaz.com.br\/ribeiraopreto-regiao\/sp\/2023\/12\/06\/o-que-se-sabe-sobre-o-estado-de-saude-de-ze-neto","url":"https:\/\/redenoticiaz.com.br\/ribeiraopreto-regiao\/sp\/2023\/12\/06\/o-que-se-sabe-sobre-o-estado-de-saude-de-ze-neto","name":"O que se sabe sobre o estado de sa\u00fade de Z\u00e9 Neto - Ribeir\u00e3o Preto e Regi\u00e3o","isPartOf":{"@id":"https:\/\/redenoticiaz.com.br\/ribeiraopreto-regiao\/#website"},"primaryImageOfPage":{"@id":"https:\/\/redenoticiaz.com.br\/ribeiraopreto-regiao\/sp\/2023\/12\/06\/o-que-se-sabe-sobre-o-estado-de-saude-de-ze-neto#primaryimage"},"image":{"@id":"https:\/\/redenoticiaz.com.br\/ribeiraopreto-regiao\/sp\/2023\/12\/06\/o-que-se-sabe-sobre-o-estado-de-saude-de-ze-neto#primaryimage"},"thumbnailUrl":"https:\/\/redenoticiaz.com.br\/ribeiraopreto-regiao\/wp-content\/uploads\/sites\/4\/2023\/12\/Ze-Neto.jpg?v=1701886019","datePublished":"2023-12-06T18:07:36+00:00","dateModified":"2023-12-06T18:09:03+00:00","description":"O cantor Z\u00e9 Neto, da dupla Z\u00e9 Neto e Cristiano, ficou ferido em um acidente na BR-153, em Fronteira (MG). O carro em que estava capotou.","inLanguage":"pt-BR","potentialAction":[{"@type":"ReadAction","target":["https:\/\/redenoticiaz.com.br\/ribeiraopreto-regiao\/sp\/2023\/12\/06\/o-que-se-sabe-sobre-o-estado-de-saude-de-ze-neto"]}]},{"@type":"ImageObject","inLanguage":"pt-BR","@id":"https:\/\/redenoticiaz.com.br\/ribeiraopreto-regiao\/sp\/2023\/12\/06\/o-que-se-sabe-sobre-o-estado-de-saude-de-ze-neto#primaryimage","url":"https:\/\/redenoticiaz.com.br\/ribeiraopreto-regiao\/wp-content\/uploads\/sites\/4\/2023\/12\/Ze-Neto.jpg?v=1701886019","contentUrl":"https:\/\/redenoticiaz.com.br\/ribeiraopreto-regiao\/wp-content\/uploads\/sites\/4\/2023\/12\/Ze-Neto.jpg?v=1701886019","width":1640,"height":924,"caption":"Z\u00e9 Neto"},{"@type":"WebSite","@id":"https:\/\/redenoticiaz.com.br\/ribeiraopreto-regiao\/#website","url":"https:\/\/redenoticiaz.com.br\/ribeiraopreto-regiao\/","name":"Ribeir\u00e3o Preto e Regi\u00e3o","description":"Rede NoticiaZ - Ribeir\u00e3o Preto e regi\u00e3o","publisher":{"@id":"https:\/\/redenoticiaz.com.br\/ribeiraopreto-regiao\/#organization"},"potentialAction":[{"@type":"SearchAction","target":{"@type":"EntryPoint","urlTemplate":"https:\/\/redenoticiaz.com.br\/ribeiraopreto-regiao\/?s={search_term_string}"},"query-input":{"@type":"PropertyValueSpecification","valueRequired":true,"valueName":"search_term_string"}}],"inLanguage":"pt-BR"},{"@type":"Organization","@id":"https:\/\/redenoticiaz.com.br\/ribeiraopreto-regiao\/#organization","name":"Ribeir\u00e3o Preto e Regi\u00e3o","url":"https:\/\/redenoticiaz.com.br\/ribeiraopreto-regiao\/","logo":{"@type":"ImageObject","inLanguage":"pt-BR","@id":"https:\/\/redenoticiaz.com.br\/ribeiraopreto-regiao\/#\/schema\/logo\/image\/","url":"https:\/\/redenoticiaz.com.br\/barretos-regiao\/wp-content\/uploads\/sites\/4\/2022\/02\/logo.jpg","contentUrl":"https:\/\/redenoticiaz.com.br\/barretos-regiao\/wp-content\/uploads\/sites\/4\/2022\/02\/logo.jpg","width":400,"height":250,"caption":"Ribeir\u00e3o Preto e Regi\u00e3o"},"image":{"@id":"https:\/\/redenoticiaz.com.br\/ribeiraopreto-regiao\/#\/schema\/logo\/image\/"},"sameAs":["https:\/\/m.facebook.com\/redenoticiaz.barretos","https:\/\/x.com\/RN_barretos","https:\/\/www.instagram.com\/redenoticiaz.barretos\/?igshid=YmMyMTA2M2Y","https:\/\/www.linkedin.com\/company\/rede-noticiaz-barretos-e-regio\/"]},{"@type":"Person","@id":"https:\/\/redenoticiaz.com.br\/ribeiraopreto-regiao\/#\/schema\/person\/1f84d6e94e6a62d2d81199d7503e9e90","name":"Carina Reifonas","image":{"@type":"ImageObject","inLanguage":"pt-BR","@id":"https:\/\/secure.gravatar.com\/avatar\/04c59859b23696cf867715880f81d5c037e60109730bdb4e6670ec2a2245bc97?s=96&d=mm&r=g","url":"https:\/\/secure.gravatar.com\/avatar\/04c59859b23696cf867715880f81d5c037e60109730bdb4e6670ec2a2245bc97?s=96&d=mm&r=g","contentUrl":"https:\/\/secure.gravatar.com\/avatar\/04c59859b23696cf867715880f81d5c037e60109730bdb4e6670ec2a2245bc97?s=96&d=mm&r=g","caption":"Carina Reifonas"},"url":"https:\/\/redenoticiaz.com.br\/ribeiraopreto-regiao\/sp\/author\/carinareifonas"}]}},"_links":{"self":[{"href":"https:\/\/redenoticiaz.com.br\/ribeiraopreto-regiao\/wp-json\/wp\/v2\/posts\/113175","targetHints":{"allow":["GET"]}}],"collection":[{"href":"https:\/\/redenoticiaz.com.br\/ribeiraopreto-regiao\/wp-json\/wp\/v2\/posts"}],"about":[{"href":"https:\/\/redenoticiaz.com.br\/ribeiraopreto-regiao\/wp-json\/wp\/v2\/types\/post"}],"author":[{"embeddable":true,"href":"https:\/\/redenoticiaz.com.br\/ribeiraopreto-regiao\/wp-json\/wp\/v2\/users\/30"}],"replies":[{"embeddable":true,"href":"https:\/\/redenoticiaz.com.br\/ribeiraopreto-regiao\/wp-json\/wp\/v2\/comments?post=113175"}],"version-history":[{"count":1,"href":"https:\/\/redenoticiaz.com.br\/ribeiraopreto-regiao\/wp-json\/wp\/v2\/posts\/113175\/revisions"}],"predecessor-version":[{"id":113177,"href":"https:\/\/redenoticiaz.com.br\/ribeiraopreto-regiao\/wp-json\/wp\/v2\/posts\/113175\/revisions\/113177"}],"wp:featuredmedia":[{"embeddable":true,"href":"https:\/\/redenoticiaz.com.br\/ribeiraopreto-regiao\/wp-json\/wp\/v2\/media\/113176"}],"wp:attachment":[{"href":"https:\/\/redenoticiaz.com.br\/ribeiraopreto-regiao\/wp-json\/wp\/v2\/media?parent=113175"}],"wp:term":[{"taxonomy":"category","embeddable":true,"href":"https:\/\/redenoticiaz.com.br\/ribeiraopreto-regiao\/wp-json\/wp\/v2\/categories?post=113175"},{"taxonomy":"post_tag","embeddable":true,"href":"https:\/\/redenoticiaz.com.br\/ribeiraopreto-regiao\/wp-json\/wp\/v2\/tags?post=113175"}],"curies":[{"name":"wp","href":"https:\/\/api.w.org\/{rel}","templated":true}]}}