{"id":113470,"date":"2023-12-16T15:00:28","date_gmt":"2023-12-16T18:00:28","guid":{"rendered":"https:\/\/redenoticiaz.com.br\/barretos-regiao\/?p=113470"},"modified":"2023-12-14T17:41:17","modified_gmt":"2023-12-14T20:41:17","slug":"netflix-lanca-trailer-de-um-tira-da-pesada-4-com-eddie-murphy","status":"publish","type":"post","link":"https:\/\/redenoticiaz.com.br\/ribeiraopreto-regiao\/sp\/2023\/12\/16\/netflix-lanca-trailer-de-um-tira-da-pesada-4-com-eddie-murphy","title":{"rendered":"Netflix lan\u00e7a trailer de &#8220;Um Tira da Pesada 4&#8221; com Eddie Murphy"},"content":{"rendered":"<p>A Netflix divulgou o aguardado trailer de &#8220;Um Tira da Pesada 4&#8221;, marcando o retorno de Eddie Murphy no papel do detetive Axel Foley. O filme chega \u00e0s telas 30 anos ap\u00f3s o terceiro cap\u00edtulo da franquia.<\/p>\n<p>Na trama, Axel Foley precisa se unir a um novo parceiro, interpretado por Joseph Gordon-Levitt, para desvendar um mist\u00e9rio repleto de explos\u00f5es e reviravoltas. Com a vida de sua filha amea\u00e7ada, Foley conta tamb\u00e9m com o apoio de antigos companheiros, como Billy Rosewood e John Taggart.<\/p>\n<p>Al\u00e9m de Eddie Murphy, o elenco conta com o retorno de Judge Reinhold, John Ashton e Paul Reiser em seus pap\u00e9is originais. Joseph Gordon-Levitt e Taylour Paige s\u00e3o as novas adi\u00e7\u00f5es \u00e0 equipe.<\/p>\n<p>O filme, intitulado &#8220;Um Tira da Pesada: Axel Foley&#8221;, tem previs\u00e3o de lan\u00e7amento na Netflix em 2024, embora a data espec\u00edfica ainda n\u00e3o tenha sido anunciada.<\/p>\n<p>LEIA MAIS<\/p>\n<p><a href=\"https:\/\/redenoticiaz.com.br\/blog\/2023\/12\/09\/trailer-inedito-de-bob-marley-one-love-traz-sucessos-do-artista-e-cenas-emblematicas-de-sua-historia\">Trailer in\u00e9dito de \u2018Bob Marley: One Love\u2019 traz sucessos do artista e cenas emblem\u00e1ticas de sua hist\u00f3ria<\/a><\/p>\n<p><a href=\"https:\/\/redenoticiaz.com.br\/blog\/2023\/12\/14\/video-papai-noel-fica-preso-durante-descida-de-rapel-em-parada-natalina\">V\u00cdDEO \u2013 Papai Noel fica preso durante descida de rapel em parada natalina<\/a><\/p>\n","protected":false},"excerpt":{"rendered":"<p>A Netflix divulgou o aguardado trailer de &#8220;Um Tira da Pesada 4&#8221;, marcando o retorno de Eddie Murphy no papel do detetive Axel Foley. O filme chega \u00e0s telas 30 anos ap\u00f3s o terceiro cap\u00edtulo da franquia. Na trama, Axel Foley precisa se unir a um novo parceiro, interpretado por Joseph Gordon-Levitt, para desvendar um &hellip;<\/p>\n","protected":false},"author":30,"featured_media":113471,"comment_status":"open","ping_status":"closed","sticky":false,"template":"","format":"standard","meta":{"footnotes":""},"categories":[23210],"tags":[23601,5887,29609],"class_list":["post-113470","post","type-post","status-publish","format-standard","has-post-thumbnail","hentry","category-cameraz","tag-eddie-murphy","tag-netflix","tag-um-tira-da-pesada-4"],"yoast_head":"<!-- This site is optimized with the Yoast SEO plugin v27.4 - https:\/\/yoast.com\/product\/yoast-seo-wordpress\/ -->\n<title>Netflix lan\u00e7a trailer de &quot;Um Tira da Pesada 4&quot; com Eddie Murphy - Ribeir\u00e3o Preto e Regi\u00e3o<\/title>\n<meta name=\"description\" content=\"A Netflix divulgou o aguardado trailer de &quot;Um Tira da Pesada 4&quot;, marcando o retorno de Eddie Murphy no papel do detetive Axel Foley.\" \/>\n<meta name=\"robots\" content=\"index, follow, max-snippet:-1, max-image-preview:large, max-video-preview:-1\" \/>\n<link rel=\"canonical\" href=\"https:\/\/redenoticiaz.com.br\/ribeiraopreto-regiao\/sp\/2023\/12\/16\/netflix-lanca-trailer-de-um-tira-da-pesada-4-com-eddie-murphy\" \/>\n<meta property=\"og:locale\" content=\"pt_BR\" \/>\n<meta property=\"og:type\" content=\"article\" \/>\n<meta property=\"og:title\" content=\"Netflix lan\u00e7a trailer de &quot;Um Tira da Pesada 4&quot; com Eddie Murphy - Ribeir\u00e3o Preto e Regi\u00e3o\" \/>\n<meta property=\"og:description\" content=\"A Netflix divulgou o aguardado trailer de &quot;Um Tira da Pesada 4&quot;, marcando o retorno de Eddie Murphy no papel do detetive Axel Foley.\" \/>\n<meta property=\"og:url\" content=\"https:\/\/redenoticiaz.com.br\/ribeiraopreto-regiao\/sp\/2023\/12\/16\/netflix-lanca-trailer-de-um-tira-da-pesada-4-com-eddie-murphy\" \/>\n<meta property=\"og:site_name\" content=\"Ribeir\u00e3o Preto e Regi\u00e3o\" \/>\n<meta property=\"article:publisher\" content=\"https:\/\/m.facebook.com\/redenoticiaz.barretos\" \/>\n<meta property=\"article:published_time\" content=\"2023-12-16T18:00:28+00:00\" \/>\n<meta property=\"og:image\" content=\"https:\/\/redenoticiaz.com.br\/ribeiraopreto-regiao\/wp-content\/uploads\/sites\/4\/2023\/12\/Captura-de-tela-2023-12-14-173929.jpg?v=1702586371\" \/>\n\t<meta property=\"og:image:width\" content=\"445\" \/>\n\t<meta property=\"og:image:height\" content=\"331\" \/>\n\t<meta property=\"og:image:type\" content=\"image\/jpeg\" \/>\n<meta name=\"author\" content=\"Carina Reifonas\" \/>\n<meta name=\"twitter:card\" content=\"summary_large_image\" \/>\n<meta name=\"twitter:creator\" content=\"@RN_barretos\" \/>\n<meta name=\"twitter:site\" content=\"@RN_barretos\" \/>\n<meta name=\"twitter:label1\" content=\"Escrito por\" \/>\n\t<meta name=\"twitter:data1\" content=\"Carina Reifonas\" \/>\n\t<meta name=\"twitter:label2\" content=\"Est. tempo de leitura\" \/>\n\t<meta name=\"twitter:data2\" content=\"2 minutos\" \/>\n<script type=\"application\/ld+json\" class=\"yoast-schema-graph\">{\"@context\":\"https:\\\/\\\/schema.org\",\"@graph\":[{\"@type\":\"Article\",\"@id\":\"https:\\\/\\\/redenoticiaz.com.br\\\/ribeiraopreto-regiao\\\/sp\\\/2023\\\/12\\\/16\\\/netflix-lanca-trailer-de-um-tira-da-pesada-4-com-eddie-murphy#article\",\"isPartOf\":{\"@id\":\"https:\\\/\\\/redenoticiaz.com.br\\\/ribeiraopreto-regiao\\\/sp\\\/2023\\\/12\\\/16\\\/netflix-lanca-trailer-de-um-tira-da-pesada-4-com-eddie-murphy\"},\"author\":{\"name\":\"Carina Reifonas\",\"@id\":\"https:\\\/\\\/redenoticiaz.com.br\\\/ribeiraopreto-regiao\\\/#\\\/schema\\\/person\\\/1f84d6e94e6a62d2d81199d7503e9e90\"},\"headline\":\"Netflix lan\u00e7a trailer de &#8220;Um Tira da Pesada 4&#8221; com Eddie Murphy\",\"datePublished\":\"2023-12-16T18:00:28+00:00\",\"mainEntityOfPage\":{\"@id\":\"https:\\\/\\\/redenoticiaz.com.br\\\/ribeiraopreto-regiao\\\/sp\\\/2023\\\/12\\\/16\\\/netflix-lanca-trailer-de-um-tira-da-pesada-4-com-eddie-murphy\"},\"wordCount\":199,\"commentCount\":0,\"publisher\":{\"@id\":\"https:\\\/\\\/redenoticiaz.com.br\\\/ribeiraopreto-regiao\\\/#organization\"},\"image\":{\"@id\":\"https:\\\/\\\/redenoticiaz.com.br\\\/ribeiraopreto-regiao\\\/sp\\\/2023\\\/12\\\/16\\\/netflix-lanca-trailer-de-um-tira-da-pesada-4-com-eddie-murphy#primaryimage\"},\"thumbnailUrl\":\"https:\\\/\\\/redenoticiaz.com.br\\\/ribeiraopreto-regiao\\\/wp-content\\\/uploads\\\/sites\\\/4\\\/2023\\\/12\\\/Captura-de-tela-2023-12-14-173929.jpg?v=1702586371\",\"keywords\":[\"Eddie Murphy\",\"NETFLIX\",\"Um tira da pesada 4\"],\"articleSection\":[\"C\u00e2mera Z\"],\"inLanguage\":\"pt-BR\",\"potentialAction\":[{\"@type\":\"CommentAction\",\"name\":\"Comment\",\"target\":[\"https:\\\/\\\/redenoticiaz.com.br\\\/ribeiraopreto-regiao\\\/sp\\\/2023\\\/12\\\/16\\\/netflix-lanca-trailer-de-um-tira-da-pesada-4-com-eddie-murphy#respond\"]}]},{\"@type\":\"WebPage\",\"@id\":\"https:\\\/\\\/redenoticiaz.com.br\\\/ribeiraopreto-regiao\\\/sp\\\/2023\\\/12\\\/16\\\/netflix-lanca-trailer-de-um-tira-da-pesada-4-com-eddie-murphy\",\"url\":\"https:\\\/\\\/redenoticiaz.com.br\\\/ribeiraopreto-regiao\\\/sp\\\/2023\\\/12\\\/16\\\/netflix-lanca-trailer-de-um-tira-da-pesada-4-com-eddie-murphy\",\"name\":\"Netflix lan\u00e7a trailer de \\\"Um Tira da Pesada 4\\\" com Eddie Murphy - Ribeir\u00e3o Preto e Regi\u00e3o\",\"isPartOf\":{\"@id\":\"https:\\\/\\\/redenoticiaz.com.br\\\/ribeiraopreto-regiao\\\/#website\"},\"primaryImageOfPage\":{\"@id\":\"https:\\\/\\\/redenoticiaz.com.br\\\/ribeiraopreto-regiao\\\/sp\\\/2023\\\/12\\\/16\\\/netflix-lanca-trailer-de-um-tira-da-pesada-4-com-eddie-murphy#primaryimage\"},\"image\":{\"@id\":\"https:\\\/\\\/redenoticiaz.com.br\\\/ribeiraopreto-regiao\\\/sp\\\/2023\\\/12\\\/16\\\/netflix-lanca-trailer-de-um-tira-da-pesada-4-com-eddie-murphy#primaryimage\"},\"thumbnailUrl\":\"https:\\\/\\\/redenoticiaz.com.br\\\/ribeiraopreto-regiao\\\/wp-content\\\/uploads\\\/sites\\\/4\\\/2023\\\/12\\\/Captura-de-tela-2023-12-14-173929.jpg?v=1702586371\",\"datePublished\":\"2023-12-16T18:00:28+00:00\",\"description\":\"A Netflix divulgou o aguardado trailer de \\\"Um Tira da Pesada 4\\\", marcando o retorno de Eddie Murphy no papel do detetive Axel Foley.\",\"inLanguage\":\"pt-BR\",\"potentialAction\":[{\"@type\":\"ReadAction\",\"target\":[\"https:\\\/\\\/redenoticiaz.com.br\\\/ribeiraopreto-regiao\\\/sp\\\/2023\\\/12\\\/16\\\/netflix-lanca-trailer-de-um-tira-da-pesada-4-com-eddie-murphy\"]}]},{\"@type\":\"ImageObject\",\"inLanguage\":\"pt-BR\",\"@id\":\"https:\\\/\\\/redenoticiaz.com.br\\\/ribeiraopreto-regiao\\\/sp\\\/2023\\\/12\\\/16\\\/netflix-lanca-trailer-de-um-tira-da-pesada-4-com-eddie-murphy#primaryimage\",\"url\":\"https:\\\/\\\/redenoticiaz.com.br\\\/ribeiraopreto-regiao\\\/wp-content\\\/uploads\\\/sites\\\/4\\\/2023\\\/12\\\/Captura-de-tela-2023-12-14-173929.jpg?v=1702586371\",\"contentUrl\":\"https:\\\/\\\/redenoticiaz.com.br\\\/ribeiraopreto-regiao\\\/wp-content\\\/uploads\\\/sites\\\/4\\\/2023\\\/12\\\/Captura-de-tela-2023-12-14-173929.jpg?v=1702586371\",\"width\":445,\"height\":331,\"caption\":\"Netflix Lan\u00e7a Trailer de \\\"Um Tira da Pesada 4\\\" com Eddie Murphy\"},{\"@type\":\"WebSite\",\"@id\":\"https:\\\/\\\/redenoticiaz.com.br\\\/ribeiraopreto-regiao\\\/#website\",\"url\":\"https:\\\/\\\/redenoticiaz.com.br\\\/ribeiraopreto-regiao\\\/\",\"name\":\"Ribeir\u00e3o Preto e Regi\u00e3o\",\"description\":\"Rede NoticiaZ - Ribeir\u00e3o Preto e regi\u00e3o\",\"publisher\":{\"@id\":\"https:\\\/\\\/redenoticiaz.com.br\\\/ribeiraopreto-regiao\\\/#organization\"},\"potentialAction\":[{\"@type\":\"SearchAction\",\"target\":{\"@type\":\"EntryPoint\",\"urlTemplate\":\"https:\\\/\\\/redenoticiaz.com.br\\\/ribeiraopreto-regiao\\\/?s={search_term_string}\"},\"query-input\":{\"@type\":\"PropertyValueSpecification\",\"valueRequired\":true,\"valueName\":\"search_term_string\"}}],\"inLanguage\":\"pt-BR\"},{\"@type\":\"Organization\",\"@id\":\"https:\\\/\\\/redenoticiaz.com.br\\\/ribeiraopreto-regiao\\\/#organization\",\"name\":\"Ribeir\u00e3o Preto e Regi\u00e3o\",\"url\":\"https:\\\/\\\/redenoticiaz.com.br\\\/ribeiraopreto-regiao\\\/\",\"logo\":{\"@type\":\"ImageObject\",\"inLanguage\":\"pt-BR\",\"@id\":\"https:\\\/\\\/redenoticiaz.com.br\\\/ribeiraopreto-regiao\\\/#\\\/schema\\\/logo\\\/image\\\/\",\"url\":\"https:\\\/\\\/redenoticiaz.com.br\\\/barretos-regiao\\\/wp-content\\\/uploads\\\/sites\\\/4\\\/2022\\\/02\\\/logo.jpg\",\"contentUrl\":\"https:\\\/\\\/redenoticiaz.com.br\\\/barretos-regiao\\\/wp-content\\\/uploads\\\/sites\\\/4\\\/2022\\\/02\\\/logo.jpg\",\"width\":400,\"height\":250,\"caption\":\"Ribeir\u00e3o Preto e Regi\u00e3o\"},\"image\":{\"@id\":\"https:\\\/\\\/redenoticiaz.com.br\\\/ribeiraopreto-regiao\\\/#\\\/schema\\\/logo\\\/image\\\/\"},\"sameAs\":[\"https:\\\/\\\/m.facebook.com\\\/redenoticiaz.barretos\",\"https:\\\/\\\/x.com\\\/RN_barretos\",\"https:\\\/\\\/www.instagram.com\\\/redenoticiaz.barretos\\\/?igshid=YmMyMTA2M2Y\",\"https:\\\/\\\/www.linkedin.com\\\/company\\\/rede-noticiaz-barretos-e-regio\\\/\"]},{\"@type\":\"Person\",\"@id\":\"https:\\\/\\\/redenoticiaz.com.br\\\/ribeiraopreto-regiao\\\/#\\\/schema\\\/person\\\/1f84d6e94e6a62d2d81199d7503e9e90\",\"name\":\"Carina Reifonas\",\"image\":{\"@type\":\"ImageObject\",\"inLanguage\":\"pt-BR\",\"@id\":\"https:\\\/\\\/secure.gravatar.com\\\/avatar\\\/04c59859b23696cf867715880f81d5c037e60109730bdb4e6670ec2a2245bc97?s=96&d=mm&r=g\",\"url\":\"https:\\\/\\\/secure.gravatar.com\\\/avatar\\\/04c59859b23696cf867715880f81d5c037e60109730bdb4e6670ec2a2245bc97?s=96&d=mm&r=g\",\"contentUrl\":\"https:\\\/\\\/secure.gravatar.com\\\/avatar\\\/04c59859b23696cf867715880f81d5c037e60109730bdb4e6670ec2a2245bc97?s=96&d=mm&r=g\",\"caption\":\"Carina Reifonas\"},\"url\":\"https:\\\/\\\/redenoticiaz.com.br\\\/ribeiraopreto-regiao\\\/sp\\\/author\\\/carinareifonas\"}]}<\/script>\n<!-- \/ Yoast SEO plugin. -->","yoast_head_json":{"title":"Netflix lan\u00e7a trailer de \"Um Tira da Pesada 4\" com Eddie Murphy - Ribeir\u00e3o Preto e Regi\u00e3o","description":"A Netflix divulgou o aguardado trailer de \"Um Tira da Pesada 4\", marcando o retorno de Eddie Murphy no papel do detetive Axel Foley.","robots":{"index":"index","follow":"follow","max-snippet":"max-snippet:-1","max-image-preview":"max-image-preview:large","max-video-preview":"max-video-preview:-1"},"canonical":"https:\/\/redenoticiaz.com.br\/ribeiraopreto-regiao\/sp\/2023\/12\/16\/netflix-lanca-trailer-de-um-tira-da-pesada-4-com-eddie-murphy","og_locale":"pt_BR","og_type":"article","og_title":"Netflix lan\u00e7a trailer de \"Um Tira da Pesada 4\" com Eddie Murphy - Ribeir\u00e3o Preto e Regi\u00e3o","og_description":"A Netflix divulgou o aguardado trailer de \"Um Tira da Pesada 4\", marcando o retorno de Eddie Murphy no papel do detetive Axel Foley.","og_url":"https:\/\/redenoticiaz.com.br\/ribeiraopreto-regiao\/sp\/2023\/12\/16\/netflix-lanca-trailer-de-um-tira-da-pesada-4-com-eddie-murphy","og_site_name":"Ribeir\u00e3o Preto e Regi\u00e3o","article_publisher":"https:\/\/m.facebook.com\/redenoticiaz.barretos","article_published_time":"2023-12-16T18:00:28+00:00","og_image":[{"width":445,"height":331,"url":"https:\/\/redenoticiaz.com.br\/ribeiraopreto-regiao\/wp-content\/uploads\/sites\/4\/2023\/12\/Captura-de-tela-2023-12-14-173929.jpg?v=1702586371","type":"image\/jpeg"}],"author":"Carina Reifonas","twitter_card":"summary_large_image","twitter_creator":"@RN_barretos","twitter_site":"@RN_barretos","twitter_misc":{"Escrito por":"Carina Reifonas","Est. tempo de leitura":"2 minutos"},"schema":{"@context":"https:\/\/schema.org","@graph":[{"@type":"Article","@id":"https:\/\/redenoticiaz.com.br\/ribeiraopreto-regiao\/sp\/2023\/12\/16\/netflix-lanca-trailer-de-um-tira-da-pesada-4-com-eddie-murphy#article","isPartOf":{"@id":"https:\/\/redenoticiaz.com.br\/ribeiraopreto-regiao\/sp\/2023\/12\/16\/netflix-lanca-trailer-de-um-tira-da-pesada-4-com-eddie-murphy"},"author":{"name":"Carina Reifonas","@id":"https:\/\/redenoticiaz.com.br\/ribeiraopreto-regiao\/#\/schema\/person\/1f84d6e94e6a62d2d81199d7503e9e90"},"headline":"Netflix lan\u00e7a trailer de &#8220;Um Tira da Pesada 4&#8221; com Eddie Murphy","datePublished":"2023-12-16T18:00:28+00:00","mainEntityOfPage":{"@id":"https:\/\/redenoticiaz.com.br\/ribeiraopreto-regiao\/sp\/2023\/12\/16\/netflix-lanca-trailer-de-um-tira-da-pesada-4-com-eddie-murphy"},"wordCount":199,"commentCount":0,"publisher":{"@id":"https:\/\/redenoticiaz.com.br\/ribeiraopreto-regiao\/#organization"},"image":{"@id":"https:\/\/redenoticiaz.com.br\/ribeiraopreto-regiao\/sp\/2023\/12\/16\/netflix-lanca-trailer-de-um-tira-da-pesada-4-com-eddie-murphy#primaryimage"},"thumbnailUrl":"https:\/\/redenoticiaz.com.br\/ribeiraopreto-regiao\/wp-content\/uploads\/sites\/4\/2023\/12\/Captura-de-tela-2023-12-14-173929.jpg?v=1702586371","keywords":["Eddie Murphy","NETFLIX","Um tira da pesada 4"],"articleSection":["C\u00e2mera Z"],"inLanguage":"pt-BR","potentialAction":[{"@type":"CommentAction","name":"Comment","target":["https:\/\/redenoticiaz.com.br\/ribeiraopreto-regiao\/sp\/2023\/12\/16\/netflix-lanca-trailer-de-um-tira-da-pesada-4-com-eddie-murphy#respond"]}]},{"@type":"WebPage","@id":"https:\/\/redenoticiaz.com.br\/ribeiraopreto-regiao\/sp\/2023\/12\/16\/netflix-lanca-trailer-de-um-tira-da-pesada-4-com-eddie-murphy","url":"https:\/\/redenoticiaz.com.br\/ribeiraopreto-regiao\/sp\/2023\/12\/16\/netflix-lanca-trailer-de-um-tira-da-pesada-4-com-eddie-murphy","name":"Netflix lan\u00e7a trailer de \"Um Tira da Pesada 4\" com Eddie Murphy - Ribeir\u00e3o Preto e Regi\u00e3o","isPartOf":{"@id":"https:\/\/redenoticiaz.com.br\/ribeiraopreto-regiao\/#website"},"primaryImageOfPage":{"@id":"https:\/\/redenoticiaz.com.br\/ribeiraopreto-regiao\/sp\/2023\/12\/16\/netflix-lanca-trailer-de-um-tira-da-pesada-4-com-eddie-murphy#primaryimage"},"image":{"@id":"https:\/\/redenoticiaz.com.br\/ribeiraopreto-regiao\/sp\/2023\/12\/16\/netflix-lanca-trailer-de-um-tira-da-pesada-4-com-eddie-murphy#primaryimage"},"thumbnailUrl":"https:\/\/redenoticiaz.com.br\/ribeiraopreto-regiao\/wp-content\/uploads\/sites\/4\/2023\/12\/Captura-de-tela-2023-12-14-173929.jpg?v=1702586371","datePublished":"2023-12-16T18:00:28+00:00","description":"A Netflix divulgou o aguardado trailer de \"Um Tira da Pesada 4\", marcando o retorno de Eddie Murphy no papel do detetive Axel Foley.","inLanguage":"pt-BR","potentialAction":[{"@type":"ReadAction","target":["https:\/\/redenoticiaz.com.br\/ribeiraopreto-regiao\/sp\/2023\/12\/16\/netflix-lanca-trailer-de-um-tira-da-pesada-4-com-eddie-murphy"]}]},{"@type":"ImageObject","inLanguage":"pt-BR","@id":"https:\/\/redenoticiaz.com.br\/ribeiraopreto-regiao\/sp\/2023\/12\/16\/netflix-lanca-trailer-de-um-tira-da-pesada-4-com-eddie-murphy#primaryimage","url":"https:\/\/redenoticiaz.com.br\/ribeiraopreto-regiao\/wp-content\/uploads\/sites\/4\/2023\/12\/Captura-de-tela-2023-12-14-173929.jpg?v=1702586371","contentUrl":"https:\/\/redenoticiaz.com.br\/ribeiraopreto-regiao\/wp-content\/uploads\/sites\/4\/2023\/12\/Captura-de-tela-2023-12-14-173929.jpg?v=1702586371","width":445,"height":331,"caption":"Netflix Lan\u00e7a Trailer de \"Um Tira da Pesada 4\" com Eddie Murphy"},{"@type":"WebSite","@id":"https:\/\/redenoticiaz.com.br\/ribeiraopreto-regiao\/#website","url":"https:\/\/redenoticiaz.com.br\/ribeiraopreto-regiao\/","name":"Ribeir\u00e3o Preto e Regi\u00e3o","description":"Rede NoticiaZ - Ribeir\u00e3o Preto e regi\u00e3o","publisher":{"@id":"https:\/\/redenoticiaz.com.br\/ribeiraopreto-regiao\/#organization"},"potentialAction":[{"@type":"SearchAction","target":{"@type":"EntryPoint","urlTemplate":"https:\/\/redenoticiaz.com.br\/ribeiraopreto-regiao\/?s={search_term_string}"},"query-input":{"@type":"PropertyValueSpecification","valueRequired":true,"valueName":"search_term_string"}}],"inLanguage":"pt-BR"},{"@type":"Organization","@id":"https:\/\/redenoticiaz.com.br\/ribeiraopreto-regiao\/#organization","name":"Ribeir\u00e3o Preto e Regi\u00e3o","url":"https:\/\/redenoticiaz.com.br\/ribeiraopreto-regiao\/","logo":{"@type":"ImageObject","inLanguage":"pt-BR","@id":"https:\/\/redenoticiaz.com.br\/ribeiraopreto-regiao\/#\/schema\/logo\/image\/","url":"https:\/\/redenoticiaz.com.br\/barretos-regiao\/wp-content\/uploads\/sites\/4\/2022\/02\/logo.jpg","contentUrl":"https:\/\/redenoticiaz.com.br\/barretos-regiao\/wp-content\/uploads\/sites\/4\/2022\/02\/logo.jpg","width":400,"height":250,"caption":"Ribeir\u00e3o Preto e Regi\u00e3o"},"image":{"@id":"https:\/\/redenoticiaz.com.br\/ribeiraopreto-regiao\/#\/schema\/logo\/image\/"},"sameAs":["https:\/\/m.facebook.com\/redenoticiaz.barretos","https:\/\/x.com\/RN_barretos","https:\/\/www.instagram.com\/redenoticiaz.barretos\/?igshid=YmMyMTA2M2Y","https:\/\/www.linkedin.com\/company\/rede-noticiaz-barretos-e-regio\/"]},{"@type":"Person","@id":"https:\/\/redenoticiaz.com.br\/ribeiraopreto-regiao\/#\/schema\/person\/1f84d6e94e6a62d2d81199d7503e9e90","name":"Carina Reifonas","image":{"@type":"ImageObject","inLanguage":"pt-BR","@id":"https:\/\/secure.gravatar.com\/avatar\/04c59859b23696cf867715880f81d5c037e60109730bdb4e6670ec2a2245bc97?s=96&d=mm&r=g","url":"https:\/\/secure.gravatar.com\/avatar\/04c59859b23696cf867715880f81d5c037e60109730bdb4e6670ec2a2245bc97?s=96&d=mm&r=g","contentUrl":"https:\/\/secure.gravatar.com\/avatar\/04c59859b23696cf867715880f81d5c037e60109730bdb4e6670ec2a2245bc97?s=96&d=mm&r=g","caption":"Carina Reifonas"},"url":"https:\/\/redenoticiaz.com.br\/ribeiraopreto-regiao\/sp\/author\/carinareifonas"}]}},"_links":{"self":[{"href":"https:\/\/redenoticiaz.com.br\/ribeiraopreto-regiao\/wp-json\/wp\/v2\/posts\/113470","targetHints":{"allow":["GET"]}}],"collection":[{"href":"https:\/\/redenoticiaz.com.br\/ribeiraopreto-regiao\/wp-json\/wp\/v2\/posts"}],"about":[{"href":"https:\/\/redenoticiaz.com.br\/ribeiraopreto-regiao\/wp-json\/wp\/v2\/types\/post"}],"author":[{"embeddable":true,"href":"https:\/\/redenoticiaz.com.br\/ribeiraopreto-regiao\/wp-json\/wp\/v2\/users\/30"}],"replies":[{"embeddable":true,"href":"https:\/\/redenoticiaz.com.br\/ribeiraopreto-regiao\/wp-json\/wp\/v2\/comments?post=113470"}],"version-history":[{"count":1,"href":"https:\/\/redenoticiaz.com.br\/ribeiraopreto-regiao\/wp-json\/wp\/v2\/posts\/113470\/revisions"}],"predecessor-version":[{"id":113524,"href":"https:\/\/redenoticiaz.com.br\/ribeiraopreto-regiao\/wp-json\/wp\/v2\/posts\/113470\/revisions\/113524"}],"wp:featuredmedia":[{"embeddable":true,"href":"https:\/\/redenoticiaz.com.br\/ribeiraopreto-regiao\/wp-json\/wp\/v2\/media\/113471"}],"wp:attachment":[{"href":"https:\/\/redenoticiaz.com.br\/ribeiraopreto-regiao\/wp-json\/wp\/v2\/media?parent=113470"}],"wp:term":[{"taxonomy":"category","embeddable":true,"href":"https:\/\/redenoticiaz.com.br\/ribeiraopreto-regiao\/wp-json\/wp\/v2\/categories?post=113470"},{"taxonomy":"post_tag","embeddable":true,"href":"https:\/\/redenoticiaz.com.br\/ribeiraopreto-regiao\/wp-json\/wp\/v2\/tags?post=113470"}],"curies":[{"name":"wp","href":"https:\/\/api.w.org\/{rel}","templated":true}]}}