{"id":113665,"date":"2023-12-20T15:34:04","date_gmt":"2023-12-20T18:34:04","guid":{"rendered":"https:\/\/redenoticiaz.com.br\/barretos-regiao\/?p=113665"},"modified":"2023-12-20T15:36:32","modified_gmt":"2023-12-20T18:36:32","slug":"concurso-da-campanha-de-prevencao-ao-cancer-de-pele-premia-alunos","status":"publish","type":"post","link":"https:\/\/redenoticiaz.com.br\/ribeiraopreto-regiao\/sp\/2023\/12\/20\/concurso-da-campanha-de-prevencao-ao-cancer-de-pele-premia-alunos","title":{"rendered":"Concurso da Campanha de Preven\u00e7\u00e3o ao C\u00e2ncer de Pele premia alunos"},"content":{"rendered":"<p>Promovendo mais uma edi\u00e7\u00e3o da Campanha Nacional de Preven\u00e7\u00e3o ao C\u00e2ncer de Pele na Est\u00e2ncia Tur\u00edstica de Ol\u00edmpia, a secretaria de Educa\u00e7\u00e3o, em parceria com a Sociedade Brasileira de Dermatologia premiou os alunos da rede municipal que participaram da a\u00e7\u00e3o, por meio de um concurso a respeito da tem\u00e1tica.<\/p>\n<p>O objetivo maior da campanha \u00e9 a preven\u00e7\u00e3o de doen\u00e7as causadas pelo sol em excesso. Assim, a informa\u00e7\u00e3o, o envolvimento e a conscientiza\u00e7\u00e3o dos alunos atrav\u00e9s dos professores em sala de aula, fazem com que as crian\u00e7as passem a ser propagadoras sobre os cuidados b\u00e1sicos para garantir a preserva\u00e7\u00e3o da sa\u00fade para as fam\u00edlias e comunidade em geral.<\/p>\n<p>Em Ol\u00edmpia, toda a a\u00e7\u00e3o da Campanha conhecida como &#8220;Dezembro Laranja&#8221;, \u00e9 coordenada pelas dermatologistas Solange Benatti Murad e Dra. Nely Spegiorin Rimoli, al\u00e9m de contar com o apoio de outros m\u00e9dicos e dermatologistas da cidade.<\/p>\n<p>A premia\u00e7\u00e3o dos trabalhos escolhidos foi realizada, contemplando alunos da pr\u00e9-escola, ensino fundamental e educa\u00e7\u00e3o de jovens e adultos (EJA), que ganharam bicicletas doadas por patrocinadores.<\/p>\n<p><b>Confira os alunos vencedores das categorias:<\/b><\/p>\n<p><b>Modalidade Desenho &#8211; Pr\u00e9 \u2013Escola- Jardim II:<\/b><\/p>\n<p>Ketilly Vit\u00f3ria Lira Barbosa<\/p>\n<p>EMEB Professora Irma Tereza Soares<\/p>\n<p><b>Modalidade Desenho &#8211; 1\u00ba Ano:<\/b><\/p>\n<p>Davi Lucas Alves Veiga<\/p>\n<p>EMEB Jardim H\u00e9lio Cazarini<\/p>\n<p><b>Modalidade Desenho &#8211; 2\u00ba Ano:<\/b><\/p>\n<p>Allana Beatriz Fernandes De Souza<\/p>\n<p>EMEB Professor Jos\u00e9 Sant&#8217;anna<\/p>\n<p><b>Modalidade Desenho &#8211; 3\u00ba Ano:<\/b><\/p>\n<p>Victor Batista Da Silva<\/p>\n<p>EMEB Jardim H\u00e9lio Cazarini<\/p>\n<p><b>Modalidade Frase &#8211; 4\u00ba Ano:<\/b><\/p>\n<p>Miguel Mialichi Bertoco De Paula<\/p>\n<p>EMEB Theodomiro Da Silva Melo<\/p>\n<p><b>Modalidade Frase &#8211; 5\u00ba Ano:<\/b><\/p>\n<p>Maria Eduarda De P\u00e1dua Gomes<\/p>\n<p>EMEB Jardim H\u00e9lio Cazarini<\/p>\n<p><b>Modalidade Frase &#8211; Supl\u00eancia I &#8211; Termo II (4\u00aa S\u00e9rie):<\/b><\/p>\n<p>Fabiana Aparecida Muniz<\/p>\n<p>EMEB Dona Luiza Seno De Oliveira<\/p>\n<p><b>Modalidade Frase &#8211; Supl\u00eancia II &#8211; Termo IV (8\u00aa S\u00e9rie):<\/b><\/p>\n<p>Aline Benevides De Souza<\/p>\n<p>EMEB Dona Luiza Seno De Oliveira<\/p>\n<p>LEIA MAIS<\/p>\n<p><a href=\"https:\/\/redenoticiaz.com.br\/barretos-regiao\/sp\/2023\/12\/20\/guaira-assina-contrato-com-o-viva-leite-para-beneficiar-criancas-e-idosos\">Gua\u00edra assina contrato com o Viva Leite para beneficiar crian\u00e7as e idosos<\/a><\/p>\n<p><a href=\"https:\/\/redenoticiaz.com.br\/barretos-regiao\/sp\/2023\/12\/19\/familias-beneficiadas-com-as-31-unidades-habitacionais-sao-acompanhadas-pela-prefeitura-de-barretos\">Fam\u00edlias beneficiadas com as 31 unidades habitacionais s\u00e3o acompanhadas pela Prefeitura de Barretos<\/a><\/p>\n","protected":false},"excerpt":{"rendered":"<p>Promovendo mais uma edi\u00e7\u00e3o da Campanha Nacional de Preven\u00e7\u00e3o ao C\u00e2ncer de Pele na Est\u00e2ncia Tur\u00edstica de Ol\u00edmpia, a secretaria de Educa\u00e7\u00e3o, em parceria com a Sociedade Brasileira de Dermatologia premiou os alunos da rede municipal que participaram da a\u00e7\u00e3o, por meio de um concurso a respeito da tem\u00e1tica. O objetivo maior da campanha \u00e9 &hellip;<\/p>\n","protected":false},"author":30,"featured_media":113666,"comment_status":"open","ping_status":"closed","sticky":false,"template":"","format":"standard","meta":{"footnotes":""},"categories":[820],"tags":[9835,8299,22517],"class_list":["post-113665","post","type-post","status-publish","format-standard","has-post-thumbnail","hentry","category-educacao","tag-acao","tag-alunos","tag-cancer-de-pele"],"yoast_head":"<!-- This site is optimized with the Yoast SEO plugin v27.5 - https:\/\/yoast.com\/product\/yoast-seo-wordpress\/ -->\n<title>Concurso da Campanha de Preven\u00e7\u00e3o ao C\u00e2ncer de Pele premia alunos - Ribeir\u00e3o Preto e Regi\u00e3o<\/title>\n<meta name=\"description\" content=\"Ol\u00edmpia, em parceria com a Sociedade Brasileira de Dermatologia premiou os alunos da rede municipal que participaram da a\u00e7\u00e3o.\" \/>\n<meta name=\"robots\" content=\"index, follow, max-snippet:-1, max-image-preview:large, max-video-preview:-1\" \/>\n<link rel=\"canonical\" href=\"https:\/\/redenoticiaz.com.br\/ribeiraopreto-regiao\/sp\/2023\/12\/20\/concurso-da-campanha-de-prevencao-ao-cancer-de-pele-premia-alunos\" \/>\n<meta property=\"og:locale\" content=\"pt_BR\" \/>\n<meta property=\"og:type\" content=\"article\" \/>\n<meta property=\"og:title\" content=\"Concurso da Campanha de Preven\u00e7\u00e3o ao C\u00e2ncer de Pele premia alunos - Ribeir\u00e3o Preto e Regi\u00e3o\" \/>\n<meta property=\"og:description\" content=\"Ol\u00edmpia, em parceria com a Sociedade Brasileira de Dermatologia premiou os alunos da rede municipal que participaram da a\u00e7\u00e3o.\" \/>\n<meta property=\"og:url\" content=\"https:\/\/redenoticiaz.com.br\/ribeiraopreto-regiao\/sp\/2023\/12\/20\/concurso-da-campanha-de-prevencao-ao-cancer-de-pele-premia-alunos\" \/>\n<meta property=\"og:site_name\" content=\"Ribeir\u00e3o Preto e Regi\u00e3o\" \/>\n<meta property=\"article:publisher\" content=\"https:\/\/m.facebook.com\/redenoticiaz.barretos\" \/>\n<meta property=\"article:published_time\" content=\"2023-12-20T18:34:04+00:00\" \/>\n<meta property=\"article:modified_time\" content=\"2023-12-20T18:36:32+00:00\" \/>\n<meta property=\"og:image\" content=\"https:\/\/redenoticiaz.com.br\/ribeiraopreto-regiao\/wp-content\/uploads\/sites\/4\/2023\/12\/Premiacao-Campanha-Cancer-de-Pele-3-scaled.jpg\" \/>\n\t<meta property=\"og:image:width\" content=\"1620\" \/>\n\t<meta property=\"og:image:height\" content=\"1080\" \/>\n\t<meta property=\"og:image:type\" content=\"image\/jpeg\" \/>\n<meta name=\"author\" content=\"Carina Reifonas\" \/>\n<meta name=\"twitter:card\" content=\"summary_large_image\" \/>\n<meta name=\"twitter:creator\" content=\"@RN_barretos\" \/>\n<meta name=\"twitter:site\" content=\"@RN_barretos\" \/>\n<meta name=\"twitter:label1\" content=\"Escrito por\" \/>\n\t<meta name=\"twitter:data1\" content=\"Carina Reifonas\" \/>\n\t<meta name=\"twitter:label2\" content=\"Est. tempo de leitura\" \/>\n\t<meta name=\"twitter:data2\" content=\"2 minutos\" \/>\n<script type=\"application\/ld+json\" class=\"yoast-schema-graph\">{\"@context\":\"https:\\\/\\\/schema.org\",\"@graph\":[{\"@type\":\"Article\",\"@id\":\"https:\\\/\\\/redenoticiaz.com.br\\\/ribeiraopreto-regiao\\\/sp\\\/2023\\\/12\\\/20\\\/concurso-da-campanha-de-prevencao-ao-cancer-de-pele-premia-alunos#article\",\"isPartOf\":{\"@id\":\"https:\\\/\\\/redenoticiaz.com.br\\\/ribeiraopreto-regiao\\\/sp\\\/2023\\\/12\\\/20\\\/concurso-da-campanha-de-prevencao-ao-cancer-de-pele-premia-alunos\"},\"author\":{\"name\":\"Carina Reifonas\",\"@id\":\"https:\\\/\\\/redenoticiaz.com.br\\\/ribeiraopreto-regiao\\\/#\\\/schema\\\/person\\\/1f84d6e94e6a62d2d81199d7503e9e90\"},\"headline\":\"Concurso da Campanha de Preven\u00e7\u00e3o ao C\u00e2ncer de Pele premia alunos\",\"datePublished\":\"2023-12-20T18:34:04+00:00\",\"dateModified\":\"2023-12-20T18:36:32+00:00\",\"mainEntityOfPage\":{\"@id\":\"https:\\\/\\\/redenoticiaz.com.br\\\/ribeiraopreto-regiao\\\/sp\\\/2023\\\/12\\\/20\\\/concurso-da-campanha-de-prevencao-ao-cancer-de-pele-premia-alunos\"},\"wordCount\":369,\"commentCount\":0,\"publisher\":{\"@id\":\"https:\\\/\\\/redenoticiaz.com.br\\\/ribeiraopreto-regiao\\\/#organization\"},\"image\":{\"@id\":\"https:\\\/\\\/redenoticiaz.com.br\\\/ribeiraopreto-regiao\\\/sp\\\/2023\\\/12\\\/20\\\/concurso-da-campanha-de-prevencao-ao-cancer-de-pele-premia-alunos#primaryimage\"},\"thumbnailUrl\":\"https:\\\/\\\/redenoticiaz.com.br\\\/ribeiraopreto-regiao\\\/wp-content\\\/uploads\\\/sites\\\/4\\\/2023\\\/12\\\/Premiacao-Campanha-Cancer-de-Pele-3-scaled.jpg\",\"keywords\":[\"A\u00c7\u00c3O\",\"alunos\",\"cancer de pele\"],\"articleSection\":[\"Educa\u00e7\u00e3o\"],\"inLanguage\":\"pt-BR\",\"potentialAction\":[{\"@type\":\"CommentAction\",\"name\":\"Comment\",\"target\":[\"https:\\\/\\\/redenoticiaz.com.br\\\/ribeiraopreto-regiao\\\/sp\\\/2023\\\/12\\\/20\\\/concurso-da-campanha-de-prevencao-ao-cancer-de-pele-premia-alunos#respond\"]}]},{\"@type\":\"WebPage\",\"@id\":\"https:\\\/\\\/redenoticiaz.com.br\\\/ribeiraopreto-regiao\\\/sp\\\/2023\\\/12\\\/20\\\/concurso-da-campanha-de-prevencao-ao-cancer-de-pele-premia-alunos\",\"url\":\"https:\\\/\\\/redenoticiaz.com.br\\\/ribeiraopreto-regiao\\\/sp\\\/2023\\\/12\\\/20\\\/concurso-da-campanha-de-prevencao-ao-cancer-de-pele-premia-alunos\",\"name\":\"Concurso da Campanha de Preven\u00e7\u00e3o ao C\u00e2ncer de Pele premia alunos - Ribeir\u00e3o Preto e Regi\u00e3o\",\"isPartOf\":{\"@id\":\"https:\\\/\\\/redenoticiaz.com.br\\\/ribeiraopreto-regiao\\\/#website\"},\"primaryImageOfPage\":{\"@id\":\"https:\\\/\\\/redenoticiaz.com.br\\\/ribeiraopreto-regiao\\\/sp\\\/2023\\\/12\\\/20\\\/concurso-da-campanha-de-prevencao-ao-cancer-de-pele-premia-alunos#primaryimage\"},\"image\":{\"@id\":\"https:\\\/\\\/redenoticiaz.com.br\\\/ribeiraopreto-regiao\\\/sp\\\/2023\\\/12\\\/20\\\/concurso-da-campanha-de-prevencao-ao-cancer-de-pele-premia-alunos#primaryimage\"},\"thumbnailUrl\":\"https:\\\/\\\/redenoticiaz.com.br\\\/ribeiraopreto-regiao\\\/wp-content\\\/uploads\\\/sites\\\/4\\\/2023\\\/12\\\/Premiacao-Campanha-Cancer-de-Pele-3-scaled.jpg\",\"datePublished\":\"2023-12-20T18:34:04+00:00\",\"dateModified\":\"2023-12-20T18:36:32+00:00\",\"description\":\"Ol\u00edmpia, em parceria com a Sociedade Brasileira de Dermatologia premiou os alunos da rede municipal que participaram da a\u00e7\u00e3o.\",\"inLanguage\":\"pt-BR\",\"potentialAction\":[{\"@type\":\"ReadAction\",\"target\":[\"https:\\\/\\\/redenoticiaz.com.br\\\/ribeiraopreto-regiao\\\/sp\\\/2023\\\/12\\\/20\\\/concurso-da-campanha-de-prevencao-ao-cancer-de-pele-premia-alunos\"]}]},{\"@type\":\"ImageObject\",\"inLanguage\":\"pt-BR\",\"@id\":\"https:\\\/\\\/redenoticiaz.com.br\\\/ribeiraopreto-regiao\\\/sp\\\/2023\\\/12\\\/20\\\/concurso-da-campanha-de-prevencao-ao-cancer-de-pele-premia-alunos#primaryimage\",\"url\":\"https:\\\/\\\/redenoticiaz.com.br\\\/ribeiraopreto-regiao\\\/wp-content\\\/uploads\\\/sites\\\/4\\\/2023\\\/12\\\/Premiacao-Campanha-Cancer-de-Pele-3-scaled.jpg\",\"contentUrl\":\"https:\\\/\\\/redenoticiaz.com.br\\\/ribeiraopreto-regiao\\\/wp-content\\\/uploads\\\/sites\\\/4\\\/2023\\\/12\\\/Premiacao-Campanha-Cancer-de-Pele-3-scaled.jpg\",\"width\":1620,\"height\":1080,\"caption\":\"Concurso da Campanha de Preven\u00e7\u00e3o ao C\u00e2ncer de Pele premia alunos. Cr\u00e9dito: Divulga\u00e7\u00e3o\"},{\"@type\":\"WebSite\",\"@id\":\"https:\\\/\\\/redenoticiaz.com.br\\\/ribeiraopreto-regiao\\\/#website\",\"url\":\"https:\\\/\\\/redenoticiaz.com.br\\\/ribeiraopreto-regiao\\\/\",\"name\":\"Ribeir\u00e3o Preto e Regi\u00e3o\",\"description\":\"Rede NoticiaZ - Ribeir\u00e3o Preto e regi\u00e3o\",\"publisher\":{\"@id\":\"https:\\\/\\\/redenoticiaz.com.br\\\/ribeiraopreto-regiao\\\/#organization\"},\"potentialAction\":[{\"@type\":\"SearchAction\",\"target\":{\"@type\":\"EntryPoint\",\"urlTemplate\":\"https:\\\/\\\/redenoticiaz.com.br\\\/ribeiraopreto-regiao\\\/?s={search_term_string}\"},\"query-input\":{\"@type\":\"PropertyValueSpecification\",\"valueRequired\":true,\"valueName\":\"search_term_string\"}}],\"inLanguage\":\"pt-BR\"},{\"@type\":\"Organization\",\"@id\":\"https:\\\/\\\/redenoticiaz.com.br\\\/ribeiraopreto-regiao\\\/#organization\",\"name\":\"Ribeir\u00e3o Preto e Regi\u00e3o\",\"url\":\"https:\\\/\\\/redenoticiaz.com.br\\\/ribeiraopreto-regiao\\\/\",\"logo\":{\"@type\":\"ImageObject\",\"inLanguage\":\"pt-BR\",\"@id\":\"https:\\\/\\\/redenoticiaz.com.br\\\/ribeiraopreto-regiao\\\/#\\\/schema\\\/logo\\\/image\\\/\",\"url\":\"https:\\\/\\\/redenoticiaz.com.br\\\/barretos-regiao\\\/wp-content\\\/uploads\\\/sites\\\/4\\\/2022\\\/02\\\/logo.jpg\",\"contentUrl\":\"https:\\\/\\\/redenoticiaz.com.br\\\/barretos-regiao\\\/wp-content\\\/uploads\\\/sites\\\/4\\\/2022\\\/02\\\/logo.jpg\",\"width\":400,\"height\":250,\"caption\":\"Ribeir\u00e3o Preto e Regi\u00e3o\"},\"image\":{\"@id\":\"https:\\\/\\\/redenoticiaz.com.br\\\/ribeiraopreto-regiao\\\/#\\\/schema\\\/logo\\\/image\\\/\"},\"sameAs\":[\"https:\\\/\\\/m.facebook.com\\\/redenoticiaz.barretos\",\"https:\\\/\\\/x.com\\\/RN_barretos\",\"https:\\\/\\\/www.instagram.com\\\/redenoticiaz.barretos\\\/?igshid=YmMyMTA2M2Y\",\"https:\\\/\\\/www.linkedin.com\\\/company\\\/rede-noticiaz-barretos-e-regio\\\/\"]},{\"@type\":\"Person\",\"@id\":\"https:\\\/\\\/redenoticiaz.com.br\\\/ribeiraopreto-regiao\\\/#\\\/schema\\\/person\\\/1f84d6e94e6a62d2d81199d7503e9e90\",\"name\":\"Carina Reifonas\",\"image\":{\"@type\":\"ImageObject\",\"inLanguage\":\"pt-BR\",\"@id\":\"https:\\\/\\\/secure.gravatar.com\\\/avatar\\\/04c59859b23696cf867715880f81d5c037e60109730bdb4e6670ec2a2245bc97?s=96&d=mm&r=g\",\"url\":\"https:\\\/\\\/secure.gravatar.com\\\/avatar\\\/04c59859b23696cf867715880f81d5c037e60109730bdb4e6670ec2a2245bc97?s=96&d=mm&r=g\",\"contentUrl\":\"https:\\\/\\\/secure.gravatar.com\\\/avatar\\\/04c59859b23696cf867715880f81d5c037e60109730bdb4e6670ec2a2245bc97?s=96&d=mm&r=g\",\"caption\":\"Carina Reifonas\"},\"url\":\"https:\\\/\\\/redenoticiaz.com.br\\\/ribeiraopreto-regiao\\\/sp\\\/author\\\/carinareifonas\"}]}<\/script>\n<!-- \/ Yoast SEO plugin. -->","yoast_head_json":{"title":"Concurso da Campanha de Preven\u00e7\u00e3o ao C\u00e2ncer de Pele premia alunos - Ribeir\u00e3o Preto e Regi\u00e3o","description":"Ol\u00edmpia, em parceria com a Sociedade Brasileira de Dermatologia premiou os alunos da rede municipal que participaram da a\u00e7\u00e3o.","robots":{"index":"index","follow":"follow","max-snippet":"max-snippet:-1","max-image-preview":"max-image-preview:large","max-video-preview":"max-video-preview:-1"},"canonical":"https:\/\/redenoticiaz.com.br\/ribeiraopreto-regiao\/sp\/2023\/12\/20\/concurso-da-campanha-de-prevencao-ao-cancer-de-pele-premia-alunos","og_locale":"pt_BR","og_type":"article","og_title":"Concurso da Campanha de Preven\u00e7\u00e3o ao C\u00e2ncer de Pele premia alunos - Ribeir\u00e3o Preto e Regi\u00e3o","og_description":"Ol\u00edmpia, em parceria com a Sociedade Brasileira de Dermatologia premiou os alunos da rede municipal que participaram da a\u00e7\u00e3o.","og_url":"https:\/\/redenoticiaz.com.br\/ribeiraopreto-regiao\/sp\/2023\/12\/20\/concurso-da-campanha-de-prevencao-ao-cancer-de-pele-premia-alunos","og_site_name":"Ribeir\u00e3o Preto e Regi\u00e3o","article_publisher":"https:\/\/m.facebook.com\/redenoticiaz.barretos","article_published_time":"2023-12-20T18:34:04+00:00","article_modified_time":"2023-12-20T18:36:32+00:00","og_image":[{"width":1620,"height":1080,"url":"https:\/\/redenoticiaz.com.br\/ribeiraopreto-regiao\/wp-content\/uploads\/sites\/4\/2023\/12\/Premiacao-Campanha-Cancer-de-Pele-3-scaled.jpg","type":"image\/jpeg"}],"author":"Carina Reifonas","twitter_card":"summary_large_image","twitter_creator":"@RN_barretos","twitter_site":"@RN_barretos","twitter_misc":{"Escrito por":"Carina Reifonas","Est. tempo de leitura":"2 minutos"},"schema":{"@context":"https:\/\/schema.org","@graph":[{"@type":"Article","@id":"https:\/\/redenoticiaz.com.br\/ribeiraopreto-regiao\/sp\/2023\/12\/20\/concurso-da-campanha-de-prevencao-ao-cancer-de-pele-premia-alunos#article","isPartOf":{"@id":"https:\/\/redenoticiaz.com.br\/ribeiraopreto-regiao\/sp\/2023\/12\/20\/concurso-da-campanha-de-prevencao-ao-cancer-de-pele-premia-alunos"},"author":{"name":"Carina Reifonas","@id":"https:\/\/redenoticiaz.com.br\/ribeiraopreto-regiao\/#\/schema\/person\/1f84d6e94e6a62d2d81199d7503e9e90"},"headline":"Concurso da Campanha de Preven\u00e7\u00e3o ao C\u00e2ncer de Pele premia alunos","datePublished":"2023-12-20T18:34:04+00:00","dateModified":"2023-12-20T18:36:32+00:00","mainEntityOfPage":{"@id":"https:\/\/redenoticiaz.com.br\/ribeiraopreto-regiao\/sp\/2023\/12\/20\/concurso-da-campanha-de-prevencao-ao-cancer-de-pele-premia-alunos"},"wordCount":369,"commentCount":0,"publisher":{"@id":"https:\/\/redenoticiaz.com.br\/ribeiraopreto-regiao\/#organization"},"image":{"@id":"https:\/\/redenoticiaz.com.br\/ribeiraopreto-regiao\/sp\/2023\/12\/20\/concurso-da-campanha-de-prevencao-ao-cancer-de-pele-premia-alunos#primaryimage"},"thumbnailUrl":"https:\/\/redenoticiaz.com.br\/ribeiraopreto-regiao\/wp-content\/uploads\/sites\/4\/2023\/12\/Premiacao-Campanha-Cancer-de-Pele-3-scaled.jpg","keywords":["A\u00c7\u00c3O","alunos","cancer de pele"],"articleSection":["Educa\u00e7\u00e3o"],"inLanguage":"pt-BR","potentialAction":[{"@type":"CommentAction","name":"Comment","target":["https:\/\/redenoticiaz.com.br\/ribeiraopreto-regiao\/sp\/2023\/12\/20\/concurso-da-campanha-de-prevencao-ao-cancer-de-pele-premia-alunos#respond"]}]},{"@type":"WebPage","@id":"https:\/\/redenoticiaz.com.br\/ribeiraopreto-regiao\/sp\/2023\/12\/20\/concurso-da-campanha-de-prevencao-ao-cancer-de-pele-premia-alunos","url":"https:\/\/redenoticiaz.com.br\/ribeiraopreto-regiao\/sp\/2023\/12\/20\/concurso-da-campanha-de-prevencao-ao-cancer-de-pele-premia-alunos","name":"Concurso da Campanha de Preven\u00e7\u00e3o ao C\u00e2ncer de Pele premia alunos - Ribeir\u00e3o Preto e Regi\u00e3o","isPartOf":{"@id":"https:\/\/redenoticiaz.com.br\/ribeiraopreto-regiao\/#website"},"primaryImageOfPage":{"@id":"https:\/\/redenoticiaz.com.br\/ribeiraopreto-regiao\/sp\/2023\/12\/20\/concurso-da-campanha-de-prevencao-ao-cancer-de-pele-premia-alunos#primaryimage"},"image":{"@id":"https:\/\/redenoticiaz.com.br\/ribeiraopreto-regiao\/sp\/2023\/12\/20\/concurso-da-campanha-de-prevencao-ao-cancer-de-pele-premia-alunos#primaryimage"},"thumbnailUrl":"https:\/\/redenoticiaz.com.br\/ribeiraopreto-regiao\/wp-content\/uploads\/sites\/4\/2023\/12\/Premiacao-Campanha-Cancer-de-Pele-3-scaled.jpg","datePublished":"2023-12-20T18:34:04+00:00","dateModified":"2023-12-20T18:36:32+00:00","description":"Ol\u00edmpia, em parceria com a Sociedade Brasileira de Dermatologia premiou os alunos da rede municipal que participaram da a\u00e7\u00e3o.","inLanguage":"pt-BR","potentialAction":[{"@type":"ReadAction","target":["https:\/\/redenoticiaz.com.br\/ribeiraopreto-regiao\/sp\/2023\/12\/20\/concurso-da-campanha-de-prevencao-ao-cancer-de-pele-premia-alunos"]}]},{"@type":"ImageObject","inLanguage":"pt-BR","@id":"https:\/\/redenoticiaz.com.br\/ribeiraopreto-regiao\/sp\/2023\/12\/20\/concurso-da-campanha-de-prevencao-ao-cancer-de-pele-premia-alunos#primaryimage","url":"https:\/\/redenoticiaz.com.br\/ribeiraopreto-regiao\/wp-content\/uploads\/sites\/4\/2023\/12\/Premiacao-Campanha-Cancer-de-Pele-3-scaled.jpg","contentUrl":"https:\/\/redenoticiaz.com.br\/ribeiraopreto-regiao\/wp-content\/uploads\/sites\/4\/2023\/12\/Premiacao-Campanha-Cancer-de-Pele-3-scaled.jpg","width":1620,"height":1080,"caption":"Concurso da Campanha de Preven\u00e7\u00e3o ao C\u00e2ncer de Pele premia alunos. Cr\u00e9dito: Divulga\u00e7\u00e3o"},{"@type":"WebSite","@id":"https:\/\/redenoticiaz.com.br\/ribeiraopreto-regiao\/#website","url":"https:\/\/redenoticiaz.com.br\/ribeiraopreto-regiao\/","name":"Ribeir\u00e3o Preto e Regi\u00e3o","description":"Rede NoticiaZ - Ribeir\u00e3o Preto e regi\u00e3o","publisher":{"@id":"https:\/\/redenoticiaz.com.br\/ribeiraopreto-regiao\/#organization"},"potentialAction":[{"@type":"SearchAction","target":{"@type":"EntryPoint","urlTemplate":"https:\/\/redenoticiaz.com.br\/ribeiraopreto-regiao\/?s={search_term_string}"},"query-input":{"@type":"PropertyValueSpecification","valueRequired":true,"valueName":"search_term_string"}}],"inLanguage":"pt-BR"},{"@type":"Organization","@id":"https:\/\/redenoticiaz.com.br\/ribeiraopreto-regiao\/#organization","name":"Ribeir\u00e3o Preto e Regi\u00e3o","url":"https:\/\/redenoticiaz.com.br\/ribeiraopreto-regiao\/","logo":{"@type":"ImageObject","inLanguage":"pt-BR","@id":"https:\/\/redenoticiaz.com.br\/ribeiraopreto-regiao\/#\/schema\/logo\/image\/","url":"https:\/\/redenoticiaz.com.br\/barretos-regiao\/wp-content\/uploads\/sites\/4\/2022\/02\/logo.jpg","contentUrl":"https:\/\/redenoticiaz.com.br\/barretos-regiao\/wp-content\/uploads\/sites\/4\/2022\/02\/logo.jpg","width":400,"height":250,"caption":"Ribeir\u00e3o Preto e Regi\u00e3o"},"image":{"@id":"https:\/\/redenoticiaz.com.br\/ribeiraopreto-regiao\/#\/schema\/logo\/image\/"},"sameAs":["https:\/\/m.facebook.com\/redenoticiaz.barretos","https:\/\/x.com\/RN_barretos","https:\/\/www.instagram.com\/redenoticiaz.barretos\/?igshid=YmMyMTA2M2Y","https:\/\/www.linkedin.com\/company\/rede-noticiaz-barretos-e-regio\/"]},{"@type":"Person","@id":"https:\/\/redenoticiaz.com.br\/ribeiraopreto-regiao\/#\/schema\/person\/1f84d6e94e6a62d2d81199d7503e9e90","name":"Carina Reifonas","image":{"@type":"ImageObject","inLanguage":"pt-BR","@id":"https:\/\/secure.gravatar.com\/avatar\/04c59859b23696cf867715880f81d5c037e60109730bdb4e6670ec2a2245bc97?s=96&d=mm&r=g","url":"https:\/\/secure.gravatar.com\/avatar\/04c59859b23696cf867715880f81d5c037e60109730bdb4e6670ec2a2245bc97?s=96&d=mm&r=g","contentUrl":"https:\/\/secure.gravatar.com\/avatar\/04c59859b23696cf867715880f81d5c037e60109730bdb4e6670ec2a2245bc97?s=96&d=mm&r=g","caption":"Carina Reifonas"},"url":"https:\/\/redenoticiaz.com.br\/ribeiraopreto-regiao\/sp\/author\/carinareifonas"}]}},"_links":{"self":[{"href":"https:\/\/redenoticiaz.com.br\/ribeiraopreto-regiao\/wp-json\/wp\/v2\/posts\/113665","targetHints":{"allow":["GET"]}}],"collection":[{"href":"https:\/\/redenoticiaz.com.br\/ribeiraopreto-regiao\/wp-json\/wp\/v2\/posts"}],"about":[{"href":"https:\/\/redenoticiaz.com.br\/ribeiraopreto-regiao\/wp-json\/wp\/v2\/types\/post"}],"author":[{"embeddable":true,"href":"https:\/\/redenoticiaz.com.br\/ribeiraopreto-regiao\/wp-json\/wp\/v2\/users\/30"}],"replies":[{"embeddable":true,"href":"https:\/\/redenoticiaz.com.br\/ribeiraopreto-regiao\/wp-json\/wp\/v2\/comments?post=113665"}],"version-history":[{"count":1,"href":"https:\/\/redenoticiaz.com.br\/ribeiraopreto-regiao\/wp-json\/wp\/v2\/posts\/113665\/revisions"}],"predecessor-version":[{"id":113667,"href":"https:\/\/redenoticiaz.com.br\/ribeiraopreto-regiao\/wp-json\/wp\/v2\/posts\/113665\/revisions\/113667"}],"wp:featuredmedia":[{"embeddable":true,"href":"https:\/\/redenoticiaz.com.br\/ribeiraopreto-regiao\/wp-json\/wp\/v2\/media\/113666"}],"wp:attachment":[{"href":"https:\/\/redenoticiaz.com.br\/ribeiraopreto-regiao\/wp-json\/wp\/v2\/media?parent=113665"}],"wp:term":[{"taxonomy":"category","embeddable":true,"href":"https:\/\/redenoticiaz.com.br\/ribeiraopreto-regiao\/wp-json\/wp\/v2\/categories?post=113665"},{"taxonomy":"post_tag","embeddable":true,"href":"https:\/\/redenoticiaz.com.br\/ribeiraopreto-regiao\/wp-json\/wp\/v2\/tags?post=113665"}],"curies":[{"name":"wp","href":"https:\/\/api.w.org\/{rel}","templated":true}]}}