{"id":113728,"date":"2023-12-24T10:00:03","date_gmt":"2023-12-24T13:00:03","guid":{"rendered":"https:\/\/redenoticiaz.com.br\/barretos-regiao\/?p=113728"},"modified":"2023-12-21T17:55:11","modified_gmt":"2023-12-21T20:55:11","slug":"retrospectiva-filmes-e-series-os-principais-lancamentos-de-2023","status":"publish","type":"post","link":"https:\/\/redenoticiaz.com.br\/ribeiraopreto-regiao\/sp\/2023\/12\/24\/retrospectiva-filmes-e-series-os-principais-lancamentos-de-2023","title":{"rendered":"Retrospectiva filmes e s\u00e9ries &#8211; Os principais lan\u00e7amentos de 2023"},"content":{"rendered":"<p>Fim do ano chegou e j\u00e1 \u00e9 poss\u00edvel ouvir o sino do Papai Noel tocar de longe. Mas antes das festividades iniciarem oficialmente, que tal uma lista dos filmes e s\u00e9ries que chegaram em 2023 ao Disney+? E olha que este ano foi recheado de novidades, hein? Tem op\u00e7\u00f5es para todos os estilos, gostos e idades. Confira os lan\u00e7amentos de destaque deste ano da Disney, Pixar, Marvel Studios e Lucasfilm!<\/p>\n<p><b>A Pequena Sereia (2023)<br \/>\n<\/b><br \/>\nUm dos live-action mais esperados dos \u00faltimos tempos, A Pequena Sereia, chegou ao Disney+ em 6 de setembro para a alegria dos f\u00e3s. Nesta vers\u00e3o repaginada da adorada hist\u00f3ria, a curiosa sereia Ariel decide emergir das profundezas e conhecer a vida em terra firme, contrariando os conselhos de seu pai. E em meio a novas e arriscadas aventuras, ela encontra um pr\u00edncipe, uma bruxa do mar, e mergulha em uma inesperada jornada de autodescoberta.<\/p>\n<p><b>Elementos (2023)<br \/>\n<\/b><br \/>\nO indicado ao Globo de Ouro\u00ae 2024 de Melhor Anima\u00e7\u00e3o, Elementos, chegou na plataforma tamb\u00e9m em 2023. Em uma cidade onde moradores do fogo, da \u00e1gua, da terra e do ar vivem juntos, uma jovem impetuosa e um homem tranquilo est\u00e3o prestes a descobrir algo elementar: o quanto realmente t\u00eam em comum.<\/p>\n<p><b>O Encontro de Carl (2023)<br \/>\n<\/b><br \/>\nEm O Encontro de Carl, um curta especial da Disney e Pixar, um relutante Carl Fredricksen aceita sair em um encontro com uma amiga, mas admite n\u00e3o fazer ideia de como os encontros funcionam nos dias de hoje. Como o amigo prestativo que \u00e9, Dug tenta acalmar o nervosismo de Carl e oferece dicas provadas e aprovadas de como fazer amigos&#8230; Se voc\u00ea for um c\u00e3o.<\/p>\n<p><b>Peter Pan &amp; Wendy (2023)<br \/>\n<\/b><br \/>\nPeter Pan e Wendy, uma nova vers\u00e3o em live-action do romance de J.M. Barrie e do cl\u00e1ssico da anima\u00e7\u00e3o de 1953, apresenta Wendy Darling, uma jovem com medo de deixar sua casa de inf\u00e2ncia para tr\u00e1s, conhece Peter Pan, um menino que se recusa a crescer. Com seus irm\u00e3os e uma fada, Tinker Bell, ela viaja com Peter para o mundo m\u00e1gico da Terra do Nunca. L\u00e1, ela encontra o pirata perverso, Capit\u00e3o Gancho, e embarca em uma aventura emocionante que vai mudar sua vida para sempre.<\/p>\n<p><b>Indiana Jones e a Reliquia do Destino (2023)<br \/>\n<\/b><br \/>\nO \u00faltimo filme da franquia Indiana Jones chegou recentemente e exclusivamente no Disney+ ap\u00f3s estrear nos cinemas. Em Indiana Jones e a Reliquia do Destino, os f\u00e3s acompanham Harrison Ford em mais uma de aventuras ic\u00f4nicas, durante a Corrida Especial e a Guerra Fria, e se despedem desse lend\u00e1rio personagem.<\/p>\n<p><b>Perdida (2023)<br \/>\n<\/b><br \/>\nEm 2023, as produ\u00e7\u00f5es nacionais tamb\u00e9m tomaram conta do Disney+! Baseado no sucesso de vendas da autora brasileira Carina Rissi, Perdida conta a hist\u00f3ria de Sofia (Giovanna Grigio), uma garota moderna e independente, mas quando o assunto \u00e9 amor, os \u00fanicos romances da sua vida s\u00e3o aqueles do universo liter\u00e1rio de Jane Austen. Ap\u00f3s utilizar um celular emprestado, algo misterioso acontece e ela \u00e9 transportada para um mundo diferente, que se assemelha ao s\u00e9culo XIX. Sofia \u00e9 acolhida pela fam\u00edlia do encantador Ian Clarke (Bruno Montaleone), enquanto tenta desesperadamente encontrar uma forma de retornar a sua vida. O que ela n\u00e3o sabia \u00e9 que seu cora\u00e7\u00e3o tinha outros planos.<\/p>\n<p><b>A Magia de Aruna (2023)<\/b><\/p>\n<p>Mais um nacional da \u00e1rea! A Magia de Aruna chegou recentemente \u00e0 plataforma apresentando um Rio de Janeiro dist\u00f3pico e cinzento, onde vive Mima (Jamilly Mariano) &#8211; uma jovem que quer apenas ser uma garota comum. Entretanto, a adolescente vive com um segredo: com sua hiper empatia, ela consegue experienciar os sentimentos alheios e esse \u00e9 s\u00f3 o come\u00e7o de uma grande hist\u00f3ria.<\/p>\n<p><b>Guardi\u00f5es da Gal\u00e1xia \u2013 Vol. 3 (2023)<\/b><\/p>\n<p>Guardi\u00f5es da Gal\u00e1xia \u2013 Vol. 3 tamb\u00e9m chegou ao Disney+ ap\u00f3s estrear nos cinemas! O filme apresenta a hist\u00f3ria dos her\u00f3is buscando se estabelecer em Luganenhum, mas n\u00e3o demora muito para que suas vidas sejam reviradas pelos ecos do passado turbulento de Rocket (Bradley Cooper). Enquanto Peter Quill (Chris Pratt) ainda se recupera da perda de Gamora (Zoe Salda\u00f1a), ele re\u00fane sua equipe em uma perigosa tarefa para salvar de seu amigo &#8211; uma miss\u00e3o que, se n\u00e3o for conclu\u00edda com sucesso, pode muito bem levar ao fim de os Guardi\u00f5es como os conhecemos.<\/p>\n<p><b>Homem Aranha: Longe de Casa (2019)<br \/>\n<\/b><br \/>\nPeter Parker retorna em Homem Aranha: Longe de Casa, filme dispon\u00edvel tamb\u00e9m no Disney+. Nosso amig\u00e1vel her\u00f3i decide se juntar aos seus melhores amigos Ned, MJ e ao resto da turma para uma viagem \u00e0 Europa. Por\u00e9m, o plano de Peter de deixar o hero\u00edsmo de lado por um tempo vai por \u00e1gua abaixo quando ele relutantemente concorda em ajudar Nick Fury a desvendar o mist\u00e9rio por tr\u00e1s dos ataques por criaturas elementais. Homem-Aranha e Mysterio unem for\u00e7as para combater o caos desencadeado pelo continente, mas nem tudo \u00e9 o que parece.<\/p>\n<p><b>Homem-Formiga e a Vespa Quantumania (2023)<br \/>\n<\/b><br \/>\nOs parceiros e super-her\u00f3is Scott Lang e Hope Van Dyne retornam \u00e0s aventuras como Homem-Formiga e Vespa. Com os pais de Hope, Hank Pym e Janet Van Dyne, e a filha de Scott, Cassie Lang, eles exploram o Reino Qu\u00e2ntico, interagindo com novas criaturas estranhas, em uma aventura que os levar\u00e1 al\u00e9m dos limites do que eles pensavam ser poss\u00edveis.<\/p>\n<p><b>Invas\u00e3o Secreta<br \/>\n<\/b><br \/>\nAmbientada no MCU atual, Invas\u00e3o Secreta, da Marvel Studios, traz Nick Fury descobrindo uma invas\u00e3o clandestina da Terra por uma fac\u00e7\u00e3o de metamorfos Skrulls. Fury \u00e9 acompanhado por seus aliados, incluindo Everett Ross, Maria Hill e os Skrull Talos, que montaram sua vida na Terra. Juntos, eles correm contra o tempo para impedir uma invas\u00e3o Skrull iminente e salvar a humanidade.<\/p>\n<p><b>Loki \u2013 Temporada 2<br \/>\n<\/b><br \/>\nA nova temporada de Loki inicia ap\u00f3s o chocante epis\u00f3dio final, quando o Deus da mentira se encontra em uma batalha pela alma da Autoridade de Varia\u00e7\u00e3o Temporal TVA \u2013 sigla em ingl\u00eas). Ao lado de Mobius, a Ca\u00e7adora B-15 e um time de personagens novos e antigos, Loki navega em um multiverso em constante expans\u00e3o e cada vez mais perigoso em busca de Sylvie, a ju\u00edza Ravonna Renslayer, a Senhorita Minutos e pela verdade do que significa possuir livre arb\u00edtrio e um nobre prop\u00f3sito.<\/p>\n<p><b>The Mandalorian \u2013 Temporada 3<\/b><\/p>\n<p>As aventuras do Mandaloriano pela gal\u00e1xia de Star Wars continuam na terceira temporada. Din Djarin (Pedro Pascal), um velho e solit\u00e1rio ca\u00e7ador de recompensas, se re\u00fane com Grogu. Enquanto isso, a Nova Rep\u00fablica luta para afastar a gal\u00e1xia de sua hist\u00f3ria sombria. O Mandaloriano cruzar\u00e1 caminhos com antigos aliados e far\u00e1 novos inimigos enquanto segue sua jornada ao lado de Grogu.<\/p>\n<p><b>Ahsoka<br \/>\n<\/b><br \/>\nAmbientada logo ap\u00f3s a queda do Imp\u00e9rio, Star Wars: Ahsoka conta a hist\u00f3ria de Ahsoka Tano, que costumava ser uma Cavaleira Jedi, durante sua investiga\u00e7\u00e3o de uma amea\u00e7a emergente a uma vulner\u00e1vel gal\u00e1xia.<\/p>\n<p>LEIA MAIS<\/p>\n<p><a href=\"https:\/\/redenoticiaz.com.br\/blog\/2023\/12\/21\/ataque-em-praga-na-republica-tcheca-deixa-pelo-menos-15-mortos-e-20-feridos-em-estado-grave\">Ataque em Praga na Rep\u00fablica Tcheca deixa pelo menos 15 mortos e 20 feridos em estado grave<\/a><\/p>\n<p><a href=\"https:\/\/redenoticiaz.com.br\/blog\/2023\/12\/21\/video-mulher-invade-hospital-apos-transportar-irma-no-porta-malas\">V\u00cdDEO \u2013 Mulher invade hospital ap\u00f3s transportar irm\u00e3 no porta-malas<\/a><\/p>\n","protected":false},"excerpt":{"rendered":"<p>Fim do ano chegou e j\u00e1 \u00e9 poss\u00edvel ouvir o sino do Papai Noel tocar de longe. Mas antes das festividades iniciarem oficialmente, que tal uma lista dos filmes e s\u00e9ries que chegaram em 2023 ao Disney+? E olha que este ano foi recheado de novidades, hein? Tem op\u00e7\u00f5es para todos os estilos, gostos e &hellip;<\/p>\n","protected":false},"author":30,"featured_media":113729,"comment_status":"open","ping_status":"closed","sticky":false,"template":"","format":"standard","meta":{"footnotes":""},"categories":[23210],"tags":[14970,4767,6704],"class_list":["post-113728","post","type-post","status-publish","format-standard","has-post-thumbnail","hentry","category-cameraz","tag-disney","tag-filmes","tag-series"],"yoast_head":"<!-- This site is optimized with the Yoast SEO plugin v27.4 - https:\/\/yoast.com\/product\/yoast-seo-wordpress\/ -->\n<title>Retrospectiva filmes e s\u00e9ries - Os principais lan\u00e7amentos de 2023 - Ribeir\u00e3o Preto e Regi\u00e3o<\/title>\n<meta name=\"description\" content=\"Fim do ano chegou e j\u00e1 \u00e9 poss\u00edvel ouvir o sino do Papai Noel tocar de longe. Mas antes das festividades iniciarem oficialmente, que tal uma lista dos filmes e s\u00e9ries.\" \/>\n<meta name=\"robots\" content=\"index, follow, max-snippet:-1, max-image-preview:large, max-video-preview:-1\" \/>\n<link rel=\"canonical\" href=\"https:\/\/redenoticiaz.com.br\/ribeiraopreto-regiao\/sp\/2023\/12\/24\/retrospectiva-filmes-e-series-os-principais-lancamentos-de-2023\" \/>\n<meta property=\"og:locale\" content=\"pt_BR\" \/>\n<meta property=\"og:type\" content=\"article\" \/>\n<meta property=\"og:title\" content=\"Retrospectiva filmes e s\u00e9ries - Os principais lan\u00e7amentos de 2023 - Ribeir\u00e3o Preto e Regi\u00e3o\" \/>\n<meta property=\"og:description\" content=\"Fim do ano chegou e j\u00e1 \u00e9 poss\u00edvel ouvir o sino do Papai Noel tocar de longe. Mas antes das festividades iniciarem oficialmente, que tal uma lista dos filmes e s\u00e9ries.\" \/>\n<meta property=\"og:url\" content=\"https:\/\/redenoticiaz.com.br\/ribeiraopreto-regiao\/sp\/2023\/12\/24\/retrospectiva-filmes-e-series-os-principais-lancamentos-de-2023\" \/>\n<meta property=\"og:site_name\" content=\"Ribeir\u00e3o Preto e Regi\u00e3o\" \/>\n<meta property=\"article:publisher\" content=\"https:\/\/m.facebook.com\/redenoticiaz.barretos\" \/>\n<meta property=\"article:published_time\" content=\"2023-12-24T13:00:03+00:00\" \/>\n<meta property=\"og:image\" content=\"https:\/\/redenoticiaz.com.br\/ribeiraopreto-regiao\/wp-content\/uploads\/sites\/4\/2023\/12\/Retrospectiva-filmes-e-series-Os-principais-lancamentos-de-2023.jpg?v=1703191986\" \/>\n\t<meta property=\"og:image:width\" content=\"567\" \/>\n\t<meta property=\"og:image:height\" content=\"237\" \/>\n\t<meta property=\"og:image:type\" content=\"image\/jpeg\" \/>\n<meta name=\"author\" content=\"Carina Reifonas\" \/>\n<meta name=\"twitter:card\" content=\"summary_large_image\" \/>\n<meta name=\"twitter:creator\" content=\"@RN_barretos\" \/>\n<meta name=\"twitter:site\" content=\"@RN_barretos\" \/>\n<meta name=\"twitter:label1\" content=\"Escrito por\" \/>\n\t<meta name=\"twitter:data1\" content=\"Carina Reifonas\" \/>\n\t<meta name=\"twitter:label2\" content=\"Est. tempo de leitura\" \/>\n\t<meta name=\"twitter:data2\" content=\"7 minutos\" \/>\n<script type=\"application\/ld+json\" class=\"yoast-schema-graph\">{\"@context\":\"https:\\\/\\\/schema.org\",\"@graph\":[{\"@type\":\"Article\",\"@id\":\"https:\\\/\\\/redenoticiaz.com.br\\\/ribeiraopreto-regiao\\\/sp\\\/2023\\\/12\\\/24\\\/retrospectiva-filmes-e-series-os-principais-lancamentos-de-2023#article\",\"isPartOf\":{\"@id\":\"https:\\\/\\\/redenoticiaz.com.br\\\/ribeiraopreto-regiao\\\/sp\\\/2023\\\/12\\\/24\\\/retrospectiva-filmes-e-series-os-principais-lancamentos-de-2023\"},\"author\":{\"name\":\"Carina Reifonas\",\"@id\":\"https:\\\/\\\/redenoticiaz.com.br\\\/ribeiraopreto-regiao\\\/#\\\/schema\\\/person\\\/1f84d6e94e6a62d2d81199d7503e9e90\"},\"headline\":\"Retrospectiva filmes e s\u00e9ries &#8211; Os principais lan\u00e7amentos de 2023\",\"datePublished\":\"2023-12-24T13:00:03+00:00\",\"mainEntityOfPage\":{\"@id\":\"https:\\\/\\\/redenoticiaz.com.br\\\/ribeiraopreto-regiao\\\/sp\\\/2023\\\/12\\\/24\\\/retrospectiva-filmes-e-series-os-principais-lancamentos-de-2023\"},\"wordCount\":1219,\"commentCount\":0,\"publisher\":{\"@id\":\"https:\\\/\\\/redenoticiaz.com.br\\\/ribeiraopreto-regiao\\\/#organization\"},\"image\":{\"@id\":\"https:\\\/\\\/redenoticiaz.com.br\\\/ribeiraopreto-regiao\\\/sp\\\/2023\\\/12\\\/24\\\/retrospectiva-filmes-e-series-os-principais-lancamentos-de-2023#primaryimage\"},\"thumbnailUrl\":\"https:\\\/\\\/redenoticiaz.com.br\\\/ribeiraopreto-regiao\\\/wp-content\\\/uploads\\\/sites\\\/4\\\/2023\\\/12\\\/Retrospectiva-filmes-e-series-Os-principais-lancamentos-de-2023.jpg?v=1703191986\",\"keywords\":[\"DISNEY\",\"FILMES\",\"S\u00c9RIES\"],\"articleSection\":[\"C\u00e2mera Z\"],\"inLanguage\":\"pt-BR\",\"potentialAction\":[{\"@type\":\"CommentAction\",\"name\":\"Comment\",\"target\":[\"https:\\\/\\\/redenoticiaz.com.br\\\/ribeiraopreto-regiao\\\/sp\\\/2023\\\/12\\\/24\\\/retrospectiva-filmes-e-series-os-principais-lancamentos-de-2023#respond\"]}]},{\"@type\":\"WebPage\",\"@id\":\"https:\\\/\\\/redenoticiaz.com.br\\\/ribeiraopreto-regiao\\\/sp\\\/2023\\\/12\\\/24\\\/retrospectiva-filmes-e-series-os-principais-lancamentos-de-2023\",\"url\":\"https:\\\/\\\/redenoticiaz.com.br\\\/ribeiraopreto-regiao\\\/sp\\\/2023\\\/12\\\/24\\\/retrospectiva-filmes-e-series-os-principais-lancamentos-de-2023\",\"name\":\"Retrospectiva filmes e s\u00e9ries - Os principais lan\u00e7amentos de 2023 - Ribeir\u00e3o Preto e Regi\u00e3o\",\"isPartOf\":{\"@id\":\"https:\\\/\\\/redenoticiaz.com.br\\\/ribeiraopreto-regiao\\\/#website\"},\"primaryImageOfPage\":{\"@id\":\"https:\\\/\\\/redenoticiaz.com.br\\\/ribeiraopreto-regiao\\\/sp\\\/2023\\\/12\\\/24\\\/retrospectiva-filmes-e-series-os-principais-lancamentos-de-2023#primaryimage\"},\"image\":{\"@id\":\"https:\\\/\\\/redenoticiaz.com.br\\\/ribeiraopreto-regiao\\\/sp\\\/2023\\\/12\\\/24\\\/retrospectiva-filmes-e-series-os-principais-lancamentos-de-2023#primaryimage\"},\"thumbnailUrl\":\"https:\\\/\\\/redenoticiaz.com.br\\\/ribeiraopreto-regiao\\\/wp-content\\\/uploads\\\/sites\\\/4\\\/2023\\\/12\\\/Retrospectiva-filmes-e-series-Os-principais-lancamentos-de-2023.jpg?v=1703191986\",\"datePublished\":\"2023-12-24T13:00:03+00:00\",\"description\":\"Fim do ano chegou e j\u00e1 \u00e9 poss\u00edvel ouvir o sino do Papai Noel tocar de longe. Mas antes das festividades iniciarem oficialmente, que tal uma lista dos filmes e s\u00e9ries.\",\"inLanguage\":\"pt-BR\",\"potentialAction\":[{\"@type\":\"ReadAction\",\"target\":[\"https:\\\/\\\/redenoticiaz.com.br\\\/ribeiraopreto-regiao\\\/sp\\\/2023\\\/12\\\/24\\\/retrospectiva-filmes-e-series-os-principais-lancamentos-de-2023\"]}]},{\"@type\":\"ImageObject\",\"inLanguage\":\"pt-BR\",\"@id\":\"https:\\\/\\\/redenoticiaz.com.br\\\/ribeiraopreto-regiao\\\/sp\\\/2023\\\/12\\\/24\\\/retrospectiva-filmes-e-series-os-principais-lancamentos-de-2023#primaryimage\",\"url\":\"https:\\\/\\\/redenoticiaz.com.br\\\/ribeiraopreto-regiao\\\/wp-content\\\/uploads\\\/sites\\\/4\\\/2023\\\/12\\\/Retrospectiva-filmes-e-series-Os-principais-lancamentos-de-2023.jpg?v=1703191986\",\"contentUrl\":\"https:\\\/\\\/redenoticiaz.com.br\\\/ribeiraopreto-regiao\\\/wp-content\\\/uploads\\\/sites\\\/4\\\/2023\\\/12\\\/Retrospectiva-filmes-e-series-Os-principais-lancamentos-de-2023.jpg?v=1703191986\",\"width\":567,\"height\":237,\"caption\":\"Retrospectiva filmes e s\u00e9ries - Os principais lan\u00e7amentos de 2023\"},{\"@type\":\"WebSite\",\"@id\":\"https:\\\/\\\/redenoticiaz.com.br\\\/ribeiraopreto-regiao\\\/#website\",\"url\":\"https:\\\/\\\/redenoticiaz.com.br\\\/ribeiraopreto-regiao\\\/\",\"name\":\"Ribeir\u00e3o Preto e Regi\u00e3o\",\"description\":\"Rede NoticiaZ - Ribeir\u00e3o Preto e regi\u00e3o\",\"publisher\":{\"@id\":\"https:\\\/\\\/redenoticiaz.com.br\\\/ribeiraopreto-regiao\\\/#organization\"},\"potentialAction\":[{\"@type\":\"SearchAction\",\"target\":{\"@type\":\"EntryPoint\",\"urlTemplate\":\"https:\\\/\\\/redenoticiaz.com.br\\\/ribeiraopreto-regiao\\\/?s={search_term_string}\"},\"query-input\":{\"@type\":\"PropertyValueSpecification\",\"valueRequired\":true,\"valueName\":\"search_term_string\"}}],\"inLanguage\":\"pt-BR\"},{\"@type\":\"Organization\",\"@id\":\"https:\\\/\\\/redenoticiaz.com.br\\\/ribeiraopreto-regiao\\\/#organization\",\"name\":\"Ribeir\u00e3o Preto e Regi\u00e3o\",\"url\":\"https:\\\/\\\/redenoticiaz.com.br\\\/ribeiraopreto-regiao\\\/\",\"logo\":{\"@type\":\"ImageObject\",\"inLanguage\":\"pt-BR\",\"@id\":\"https:\\\/\\\/redenoticiaz.com.br\\\/ribeiraopreto-regiao\\\/#\\\/schema\\\/logo\\\/image\\\/\",\"url\":\"https:\\\/\\\/redenoticiaz.com.br\\\/barretos-regiao\\\/wp-content\\\/uploads\\\/sites\\\/4\\\/2022\\\/02\\\/logo.jpg\",\"contentUrl\":\"https:\\\/\\\/redenoticiaz.com.br\\\/barretos-regiao\\\/wp-content\\\/uploads\\\/sites\\\/4\\\/2022\\\/02\\\/logo.jpg\",\"width\":400,\"height\":250,\"caption\":\"Ribeir\u00e3o Preto e Regi\u00e3o\"},\"image\":{\"@id\":\"https:\\\/\\\/redenoticiaz.com.br\\\/ribeiraopreto-regiao\\\/#\\\/schema\\\/logo\\\/image\\\/\"},\"sameAs\":[\"https:\\\/\\\/m.facebook.com\\\/redenoticiaz.barretos\",\"https:\\\/\\\/x.com\\\/RN_barretos\",\"https:\\\/\\\/www.instagram.com\\\/redenoticiaz.barretos\\\/?igshid=YmMyMTA2M2Y\",\"https:\\\/\\\/www.linkedin.com\\\/company\\\/rede-noticiaz-barretos-e-regio\\\/\"]},{\"@type\":\"Person\",\"@id\":\"https:\\\/\\\/redenoticiaz.com.br\\\/ribeiraopreto-regiao\\\/#\\\/schema\\\/person\\\/1f84d6e94e6a62d2d81199d7503e9e90\",\"name\":\"Carina Reifonas\",\"image\":{\"@type\":\"ImageObject\",\"inLanguage\":\"pt-BR\",\"@id\":\"https:\\\/\\\/secure.gravatar.com\\\/avatar\\\/04c59859b23696cf867715880f81d5c037e60109730bdb4e6670ec2a2245bc97?s=96&d=mm&r=g\",\"url\":\"https:\\\/\\\/secure.gravatar.com\\\/avatar\\\/04c59859b23696cf867715880f81d5c037e60109730bdb4e6670ec2a2245bc97?s=96&d=mm&r=g\",\"contentUrl\":\"https:\\\/\\\/secure.gravatar.com\\\/avatar\\\/04c59859b23696cf867715880f81d5c037e60109730bdb4e6670ec2a2245bc97?s=96&d=mm&r=g\",\"caption\":\"Carina Reifonas\"},\"url\":\"https:\\\/\\\/redenoticiaz.com.br\\\/ribeiraopreto-regiao\\\/sp\\\/author\\\/carinareifonas\"}]}<\/script>\n<!-- \/ Yoast SEO plugin. -->","yoast_head_json":{"title":"Retrospectiva filmes e s\u00e9ries - Os principais lan\u00e7amentos de 2023 - Ribeir\u00e3o Preto e Regi\u00e3o","description":"Fim do ano chegou e j\u00e1 \u00e9 poss\u00edvel ouvir o sino do Papai Noel tocar de longe. Mas antes das festividades iniciarem oficialmente, que tal uma lista dos filmes e s\u00e9ries.","robots":{"index":"index","follow":"follow","max-snippet":"max-snippet:-1","max-image-preview":"max-image-preview:large","max-video-preview":"max-video-preview:-1"},"canonical":"https:\/\/redenoticiaz.com.br\/ribeiraopreto-regiao\/sp\/2023\/12\/24\/retrospectiva-filmes-e-series-os-principais-lancamentos-de-2023","og_locale":"pt_BR","og_type":"article","og_title":"Retrospectiva filmes e s\u00e9ries - Os principais lan\u00e7amentos de 2023 - Ribeir\u00e3o Preto e Regi\u00e3o","og_description":"Fim do ano chegou e j\u00e1 \u00e9 poss\u00edvel ouvir o sino do Papai Noel tocar de longe. Mas antes das festividades iniciarem oficialmente, que tal uma lista dos filmes e s\u00e9ries.","og_url":"https:\/\/redenoticiaz.com.br\/ribeiraopreto-regiao\/sp\/2023\/12\/24\/retrospectiva-filmes-e-series-os-principais-lancamentos-de-2023","og_site_name":"Ribeir\u00e3o Preto e Regi\u00e3o","article_publisher":"https:\/\/m.facebook.com\/redenoticiaz.barretos","article_published_time":"2023-12-24T13:00:03+00:00","og_image":[{"width":567,"height":237,"url":"https:\/\/redenoticiaz.com.br\/ribeiraopreto-regiao\/wp-content\/uploads\/sites\/4\/2023\/12\/Retrospectiva-filmes-e-series-Os-principais-lancamentos-de-2023.jpg?v=1703191986","type":"image\/jpeg"}],"author":"Carina Reifonas","twitter_card":"summary_large_image","twitter_creator":"@RN_barretos","twitter_site":"@RN_barretos","twitter_misc":{"Escrito por":"Carina Reifonas","Est. tempo de leitura":"7 minutos"},"schema":{"@context":"https:\/\/schema.org","@graph":[{"@type":"Article","@id":"https:\/\/redenoticiaz.com.br\/ribeiraopreto-regiao\/sp\/2023\/12\/24\/retrospectiva-filmes-e-series-os-principais-lancamentos-de-2023#article","isPartOf":{"@id":"https:\/\/redenoticiaz.com.br\/ribeiraopreto-regiao\/sp\/2023\/12\/24\/retrospectiva-filmes-e-series-os-principais-lancamentos-de-2023"},"author":{"name":"Carina Reifonas","@id":"https:\/\/redenoticiaz.com.br\/ribeiraopreto-regiao\/#\/schema\/person\/1f84d6e94e6a62d2d81199d7503e9e90"},"headline":"Retrospectiva filmes e s\u00e9ries &#8211; Os principais lan\u00e7amentos de 2023","datePublished":"2023-12-24T13:00:03+00:00","mainEntityOfPage":{"@id":"https:\/\/redenoticiaz.com.br\/ribeiraopreto-regiao\/sp\/2023\/12\/24\/retrospectiva-filmes-e-series-os-principais-lancamentos-de-2023"},"wordCount":1219,"commentCount":0,"publisher":{"@id":"https:\/\/redenoticiaz.com.br\/ribeiraopreto-regiao\/#organization"},"image":{"@id":"https:\/\/redenoticiaz.com.br\/ribeiraopreto-regiao\/sp\/2023\/12\/24\/retrospectiva-filmes-e-series-os-principais-lancamentos-de-2023#primaryimage"},"thumbnailUrl":"https:\/\/redenoticiaz.com.br\/ribeiraopreto-regiao\/wp-content\/uploads\/sites\/4\/2023\/12\/Retrospectiva-filmes-e-series-Os-principais-lancamentos-de-2023.jpg?v=1703191986","keywords":["DISNEY","FILMES","S\u00c9RIES"],"articleSection":["C\u00e2mera Z"],"inLanguage":"pt-BR","potentialAction":[{"@type":"CommentAction","name":"Comment","target":["https:\/\/redenoticiaz.com.br\/ribeiraopreto-regiao\/sp\/2023\/12\/24\/retrospectiva-filmes-e-series-os-principais-lancamentos-de-2023#respond"]}]},{"@type":"WebPage","@id":"https:\/\/redenoticiaz.com.br\/ribeiraopreto-regiao\/sp\/2023\/12\/24\/retrospectiva-filmes-e-series-os-principais-lancamentos-de-2023","url":"https:\/\/redenoticiaz.com.br\/ribeiraopreto-regiao\/sp\/2023\/12\/24\/retrospectiva-filmes-e-series-os-principais-lancamentos-de-2023","name":"Retrospectiva filmes e s\u00e9ries - Os principais lan\u00e7amentos de 2023 - Ribeir\u00e3o Preto e Regi\u00e3o","isPartOf":{"@id":"https:\/\/redenoticiaz.com.br\/ribeiraopreto-regiao\/#website"},"primaryImageOfPage":{"@id":"https:\/\/redenoticiaz.com.br\/ribeiraopreto-regiao\/sp\/2023\/12\/24\/retrospectiva-filmes-e-series-os-principais-lancamentos-de-2023#primaryimage"},"image":{"@id":"https:\/\/redenoticiaz.com.br\/ribeiraopreto-regiao\/sp\/2023\/12\/24\/retrospectiva-filmes-e-series-os-principais-lancamentos-de-2023#primaryimage"},"thumbnailUrl":"https:\/\/redenoticiaz.com.br\/ribeiraopreto-regiao\/wp-content\/uploads\/sites\/4\/2023\/12\/Retrospectiva-filmes-e-series-Os-principais-lancamentos-de-2023.jpg?v=1703191986","datePublished":"2023-12-24T13:00:03+00:00","description":"Fim do ano chegou e j\u00e1 \u00e9 poss\u00edvel ouvir o sino do Papai Noel tocar de longe. Mas antes das festividades iniciarem oficialmente, que tal uma lista dos filmes e s\u00e9ries.","inLanguage":"pt-BR","potentialAction":[{"@type":"ReadAction","target":["https:\/\/redenoticiaz.com.br\/ribeiraopreto-regiao\/sp\/2023\/12\/24\/retrospectiva-filmes-e-series-os-principais-lancamentos-de-2023"]}]},{"@type":"ImageObject","inLanguage":"pt-BR","@id":"https:\/\/redenoticiaz.com.br\/ribeiraopreto-regiao\/sp\/2023\/12\/24\/retrospectiva-filmes-e-series-os-principais-lancamentos-de-2023#primaryimage","url":"https:\/\/redenoticiaz.com.br\/ribeiraopreto-regiao\/wp-content\/uploads\/sites\/4\/2023\/12\/Retrospectiva-filmes-e-series-Os-principais-lancamentos-de-2023.jpg?v=1703191986","contentUrl":"https:\/\/redenoticiaz.com.br\/ribeiraopreto-regiao\/wp-content\/uploads\/sites\/4\/2023\/12\/Retrospectiva-filmes-e-series-Os-principais-lancamentos-de-2023.jpg?v=1703191986","width":567,"height":237,"caption":"Retrospectiva filmes e s\u00e9ries - Os principais lan\u00e7amentos de 2023"},{"@type":"WebSite","@id":"https:\/\/redenoticiaz.com.br\/ribeiraopreto-regiao\/#website","url":"https:\/\/redenoticiaz.com.br\/ribeiraopreto-regiao\/","name":"Ribeir\u00e3o Preto e Regi\u00e3o","description":"Rede NoticiaZ - Ribeir\u00e3o Preto e regi\u00e3o","publisher":{"@id":"https:\/\/redenoticiaz.com.br\/ribeiraopreto-regiao\/#organization"},"potentialAction":[{"@type":"SearchAction","target":{"@type":"EntryPoint","urlTemplate":"https:\/\/redenoticiaz.com.br\/ribeiraopreto-regiao\/?s={search_term_string}"},"query-input":{"@type":"PropertyValueSpecification","valueRequired":true,"valueName":"search_term_string"}}],"inLanguage":"pt-BR"},{"@type":"Organization","@id":"https:\/\/redenoticiaz.com.br\/ribeiraopreto-regiao\/#organization","name":"Ribeir\u00e3o Preto e Regi\u00e3o","url":"https:\/\/redenoticiaz.com.br\/ribeiraopreto-regiao\/","logo":{"@type":"ImageObject","inLanguage":"pt-BR","@id":"https:\/\/redenoticiaz.com.br\/ribeiraopreto-regiao\/#\/schema\/logo\/image\/","url":"https:\/\/redenoticiaz.com.br\/barretos-regiao\/wp-content\/uploads\/sites\/4\/2022\/02\/logo.jpg","contentUrl":"https:\/\/redenoticiaz.com.br\/barretos-regiao\/wp-content\/uploads\/sites\/4\/2022\/02\/logo.jpg","width":400,"height":250,"caption":"Ribeir\u00e3o Preto e Regi\u00e3o"},"image":{"@id":"https:\/\/redenoticiaz.com.br\/ribeiraopreto-regiao\/#\/schema\/logo\/image\/"},"sameAs":["https:\/\/m.facebook.com\/redenoticiaz.barretos","https:\/\/x.com\/RN_barretos","https:\/\/www.instagram.com\/redenoticiaz.barretos\/?igshid=YmMyMTA2M2Y","https:\/\/www.linkedin.com\/company\/rede-noticiaz-barretos-e-regio\/"]},{"@type":"Person","@id":"https:\/\/redenoticiaz.com.br\/ribeiraopreto-regiao\/#\/schema\/person\/1f84d6e94e6a62d2d81199d7503e9e90","name":"Carina Reifonas","image":{"@type":"ImageObject","inLanguage":"pt-BR","@id":"https:\/\/secure.gravatar.com\/avatar\/04c59859b23696cf867715880f81d5c037e60109730bdb4e6670ec2a2245bc97?s=96&d=mm&r=g","url":"https:\/\/secure.gravatar.com\/avatar\/04c59859b23696cf867715880f81d5c037e60109730bdb4e6670ec2a2245bc97?s=96&d=mm&r=g","contentUrl":"https:\/\/secure.gravatar.com\/avatar\/04c59859b23696cf867715880f81d5c037e60109730bdb4e6670ec2a2245bc97?s=96&d=mm&r=g","caption":"Carina Reifonas"},"url":"https:\/\/redenoticiaz.com.br\/ribeiraopreto-regiao\/sp\/author\/carinareifonas"}]}},"_links":{"self":[{"href":"https:\/\/redenoticiaz.com.br\/ribeiraopreto-regiao\/wp-json\/wp\/v2\/posts\/113728","targetHints":{"allow":["GET"]}}],"collection":[{"href":"https:\/\/redenoticiaz.com.br\/ribeiraopreto-regiao\/wp-json\/wp\/v2\/posts"}],"about":[{"href":"https:\/\/redenoticiaz.com.br\/ribeiraopreto-regiao\/wp-json\/wp\/v2\/types\/post"}],"author":[{"embeddable":true,"href":"https:\/\/redenoticiaz.com.br\/ribeiraopreto-regiao\/wp-json\/wp\/v2\/users\/30"}],"replies":[{"embeddable":true,"href":"https:\/\/redenoticiaz.com.br\/ribeiraopreto-regiao\/wp-json\/wp\/v2\/comments?post=113728"}],"version-history":[{"count":1,"href":"https:\/\/redenoticiaz.com.br\/ribeiraopreto-regiao\/wp-json\/wp\/v2\/posts\/113728\/revisions"}],"predecessor-version":[{"id":113790,"href":"https:\/\/redenoticiaz.com.br\/ribeiraopreto-regiao\/wp-json\/wp\/v2\/posts\/113728\/revisions\/113790"}],"wp:featuredmedia":[{"embeddable":true,"href":"https:\/\/redenoticiaz.com.br\/ribeiraopreto-regiao\/wp-json\/wp\/v2\/media\/113729"}],"wp:attachment":[{"href":"https:\/\/redenoticiaz.com.br\/ribeiraopreto-regiao\/wp-json\/wp\/v2\/media?parent=113728"}],"wp:term":[{"taxonomy":"category","embeddable":true,"href":"https:\/\/redenoticiaz.com.br\/ribeiraopreto-regiao\/wp-json\/wp\/v2\/categories?post=113728"},{"taxonomy":"post_tag","embeddable":true,"href":"https:\/\/redenoticiaz.com.br\/ribeiraopreto-regiao\/wp-json\/wp\/v2\/tags?post=113728"}],"curies":[{"name":"wp","href":"https:\/\/api.w.org\/{rel}","templated":true}]}}