{"id":113810,"date":"2023-12-26T13:51:52","date_gmt":"2023-12-26T16:51:52","guid":{"rendered":"https:\/\/redenoticiaz.com.br\/barretos-regiao\/sp\/2023\/12\/26\/revelacoes-dos-suspeitos-no-caso-do-sequestro-de-marcelinho-carioca"},"modified":"2023-12-26T13:55:52","modified_gmt":"2023-12-26T16:55:52","slug":"revelacoes-dos-suspeitos-no-caso-do-sequestro-de-marcelinho-carioca","status":"publish","type":"post","link":"https:\/\/redenoticiaz.com.br\/ribeiraopreto-regiao\/sp\/2023\/12\/26\/revelacoes-dos-suspeitos-no-caso-do-sequestro-de-marcelinho-carioca","title":{"rendered":"Revela\u00e7\u00f5es dos suspeitos no caso do sequestro de Marcelinho Carioca"},"content":{"rendered":"<p>Quatro suspeitos, dois homens (29 e 37 anos) e duas mulheres (18 e 30 anos), foram presos pela participa\u00e7\u00e3o no sequestro de Marcelinho Carioca e Tais Alc\u00e2ntara de Oliveira, em Itaquaquecetuba, na Grande S\u00e3o Paulo. O grupo enfrenta acusa\u00e7\u00f5es que v\u00e3o desde extors\u00e3o mediante sequestro at\u00e9 lavagem de dinheiro.<\/p>\n<p>Eliane de Amorim, uma das mulheres, afirma ter emprestado sua conta banc\u00e1ria para um &#8220;neg\u00f3cio&#8221; de um amigo, negando ter recebido valores.<\/p>\n<p>Thauannata dos Santos, respons\u00e1vel por cuidar das v\u00edtimas, alega inoc\u00eancia e \u00e9 acusada de associa\u00e7\u00e3o criminosa e extors\u00e3o mediante sequestro.<\/p>\n<p>Wadson Fernandes Santos, questionado sobre receber dinheiro, foi indiciado por associa\u00e7\u00e3o criminosa, recepta\u00e7\u00e3o e lavagem de dinheiro.<\/p>\n<p>Jones Santos Ferreira, confessando participa\u00e7\u00e3o em estelionato, foi indiciado por associa\u00e7\u00e3o criminosa, recepta\u00e7\u00e3o, lavagem de dinheiro e extors\u00e3o mediante sequestro.<\/p>\n<p>O caso est\u00e1 sendo investigado pela Divis\u00e3o Antissequestro (DAS) da Secretaria da Seguran\u00e7a P\u00fablica (SSP).<\/p>\n<p>LEIA MAIS<\/p>\n<p><a href=\"https:\/\/redenoticiaz.com.br\/blog\/2023\/12\/24\/video-homens-sao-flagrados-fazendo-sexo-em-sala-do-senado\">V\u00cdDEO \u2013 Homens s\u00e3o flagrados fazendo sexo em sala do Senado<\/a><\/p>\n<p><a href=\"https:\/\/redenoticiaz.com.br\/blog\/2023\/12\/24\/atriz-claudia-alencar-esta-sedada-e-em-ventilacao-mecanica\">Atriz Claudia Alencar est\u00e1 sedada e em ventila\u00e7\u00e3o mec\u00e2nica<\/a><\/p>\n","protected":false},"excerpt":{"rendered":"<p>Quatro suspeitos, dois homens (29 e 37 anos) e duas mulheres (18 e 30 anos), foram presos pela participa\u00e7\u00e3o no sequestro de Marcelinho Carioca e Tais Alc\u00e2ntara de Oliveira, em Itaquaquecetuba, na Grande S\u00e3o Paulo. O grupo enfrenta acusa\u00e7\u00f5es que v\u00e3o desde extors\u00e3o mediante sequestro at\u00e9 lavagem de dinheiro. Eliane de Amorim, uma das mulheres, &hellip;<\/p>\n","protected":false},"author":30,"featured_media":113811,"comment_status":"open","ping_status":"closed","sticky":false,"template":"","format":"standard","meta":{"footnotes":""},"categories":[88],"tags":[29623,10389,19515],"class_list":["post-113810","post","type-post","status-publish","format-standard","has-post-thumbnail","hentry","category-policia","tag-marcelinho-carioca","tag-presos","tag-sequestro"],"yoast_head":"<!-- This site is optimized with the Yoast SEO plugin v28.4 - https:\/\/yoast.com\/product\/yoast-seo-wordpress\/ -->\n<title>Revela\u00e7\u00f5es dos suspeitos no caso do sequestro de Marcelinho Carioca - Ribeir\u00e3o Preto e Regi\u00e3o<\/title>\n<meta name=\"description\" content=\"Quatro suspeitos, dois homens e duas mulheres, foram presos suspeitos de participar do sequestro de Marcelinho Carioca e Tais Alc\u00e2ntara.\" \/>\n<meta name=\"robots\" content=\"index, follow, max-snippet:-1, max-image-preview:large, max-video-preview:-1\" \/>\n<link rel=\"canonical\" href=\"https:\/\/redenoticiaz.com.br\/ribeiraopreto-regiao\/sp\/2023\/12\/26\/revelacoes-dos-suspeitos-no-caso-do-sequestro-de-marcelinho-carioca\" \/>\n<meta property=\"og:locale\" content=\"pt_BR\" \/>\n<meta property=\"og:type\" content=\"article\" \/>\n<meta property=\"og:title\" content=\"Revela\u00e7\u00f5es dos suspeitos no caso do sequestro de Marcelinho Carioca - Ribeir\u00e3o Preto e Regi\u00e3o\" \/>\n<meta property=\"og:description\" content=\"Quatro suspeitos, dois homens e duas mulheres, foram presos suspeitos de participar do sequestro de Marcelinho Carioca e Tais Alc\u00e2ntara.\" \/>\n<meta property=\"og:url\" content=\"https:\/\/redenoticiaz.com.br\/ribeiraopreto-regiao\/sp\/2023\/12\/26\/revelacoes-dos-suspeitos-no-caso-do-sequestro-de-marcelinho-carioca\" \/>\n<meta property=\"og:site_name\" content=\"Ribeir\u00e3o Preto e Regi\u00e3o\" \/>\n<meta property=\"article:publisher\" content=\"https:\/\/m.facebook.com\/redenoticiaz.barretos\" \/>\n<meta property=\"article:published_time\" content=\"2023-12-26T16:51:52+00:00\" \/>\n<meta property=\"article:modified_time\" content=\"2023-12-26T16:55:52+00:00\" \/>\n<meta property=\"og:image\" content=\"https:\/\/redenoticiaz.com.br\/ribeiraopreto-regiao\/wp-content\/uploads\/sites\/4\/2023\/12\/Captura-de-tela-2023-12-26-134324.jpg?v=1703609007\" \/>\n\t<meta property=\"og:image:width\" content=\"636\" \/>\n\t<meta property=\"og:image:height\" content=\"335\" \/>\n\t<meta property=\"og:image:type\" content=\"image\/jpeg\" \/>\n<meta name=\"author\" content=\"Carina Reifonas\" \/>\n<meta name=\"twitter:card\" content=\"summary_large_image\" \/>\n<meta name=\"twitter:creator\" content=\"@RN_barretos\" \/>\n<meta name=\"twitter:site\" content=\"@RN_barretos\" \/>\n<meta name=\"twitter:label1\" content=\"Escrito por\" \/>\n\t<meta name=\"twitter:data1\" content=\"Carina Reifonas\" \/>\n\t<meta name=\"twitter:label2\" content=\"Est. tempo de leitura\" \/>\n\t<meta name=\"twitter:data2\" content=\"2 minutos\" \/>\n<script type=\"application\/ld+json\" class=\"yoast-schema-graph\">{\"@context\":\"https:\\\/\\\/schema.org\",\"@graph\":[{\"@type\":\"Article\",\"@id\":\"https:\\\/\\\/redenoticiaz.com.br\\\/ribeiraopreto-regiao\\\/sp\\\/2023\\\/12\\\/26\\\/revelacoes-dos-suspeitos-no-caso-do-sequestro-de-marcelinho-carioca#article\",\"isPartOf\":{\"@id\":\"https:\\\/\\\/redenoticiaz.com.br\\\/ribeiraopreto-regiao\\\/sp\\\/2023\\\/12\\\/26\\\/revelacoes-dos-suspeitos-no-caso-do-sequestro-de-marcelinho-carioca\"},\"author\":{\"name\":\"Carina Reifonas\",\"@id\":\"https:\\\/\\\/redenoticiaz.com.br\\\/ribeiraopreto-regiao\\\/#\\\/schema\\\/person\\\/1f84d6e94e6a62d2d81199d7503e9e90\"},\"headline\":\"Revela\u00e7\u00f5es dos suspeitos no caso do sequestro de Marcelinho Carioca\",\"datePublished\":\"2023-12-26T16:51:52+00:00\",\"dateModified\":\"2023-12-26T16:55:52+00:00\",\"mainEntityOfPage\":{\"@id\":\"https:\\\/\\\/redenoticiaz.com.br\\\/ribeiraopreto-regiao\\\/sp\\\/2023\\\/12\\\/26\\\/revelacoes-dos-suspeitos-no-caso-do-sequestro-de-marcelinho-carioca\"},\"wordCount\":196,\"commentCount\":0,\"publisher\":{\"@id\":\"https:\\\/\\\/redenoticiaz.com.br\\\/ribeiraopreto-regiao\\\/#organization\"},\"image\":{\"@id\":\"https:\\\/\\\/redenoticiaz.com.br\\\/ribeiraopreto-regiao\\\/sp\\\/2023\\\/12\\\/26\\\/revelacoes-dos-suspeitos-no-caso-do-sequestro-de-marcelinho-carioca#primaryimage\"},\"thumbnailUrl\":\"https:\\\/\\\/redenoticiaz.com.br\\\/ribeiraopreto-regiao\\\/wp-content\\\/uploads\\\/sites\\\/4\\\/2023\\\/12\\\/Captura-de-tela-2023-12-26-134324.jpg?v=1703609007\",\"keywords\":[\"Marcelinho Carioca\",\"PRESOS\",\"SEQUESTRO\"],\"articleSection\":[\"Pol\u00edcia\"],\"inLanguage\":\"pt-BR\",\"potentialAction\":[{\"@type\":\"CommentAction\",\"name\":\"Comment\",\"target\":[\"https:\\\/\\\/redenoticiaz.com.br\\\/ribeiraopreto-regiao\\\/sp\\\/2023\\\/12\\\/26\\\/revelacoes-dos-suspeitos-no-caso-do-sequestro-de-marcelinho-carioca#respond\"]}]},{\"@type\":\"WebPage\",\"@id\":\"https:\\\/\\\/redenoticiaz.com.br\\\/ribeiraopreto-regiao\\\/sp\\\/2023\\\/12\\\/26\\\/revelacoes-dos-suspeitos-no-caso-do-sequestro-de-marcelinho-carioca\",\"url\":\"https:\\\/\\\/redenoticiaz.com.br\\\/ribeiraopreto-regiao\\\/sp\\\/2023\\\/12\\\/26\\\/revelacoes-dos-suspeitos-no-caso-do-sequestro-de-marcelinho-carioca\",\"name\":\"Revela\u00e7\u00f5es dos suspeitos no caso do sequestro de Marcelinho Carioca - Ribeir\u00e3o Preto e Regi\u00e3o\",\"isPartOf\":{\"@id\":\"https:\\\/\\\/redenoticiaz.com.br\\\/ribeiraopreto-regiao\\\/#website\"},\"primaryImageOfPage\":{\"@id\":\"https:\\\/\\\/redenoticiaz.com.br\\\/ribeiraopreto-regiao\\\/sp\\\/2023\\\/12\\\/26\\\/revelacoes-dos-suspeitos-no-caso-do-sequestro-de-marcelinho-carioca#primaryimage\"},\"image\":{\"@id\":\"https:\\\/\\\/redenoticiaz.com.br\\\/ribeiraopreto-regiao\\\/sp\\\/2023\\\/12\\\/26\\\/revelacoes-dos-suspeitos-no-caso-do-sequestro-de-marcelinho-carioca#primaryimage\"},\"thumbnailUrl\":\"https:\\\/\\\/redenoticiaz.com.br\\\/ribeiraopreto-regiao\\\/wp-content\\\/uploads\\\/sites\\\/4\\\/2023\\\/12\\\/Captura-de-tela-2023-12-26-134324.jpg?v=1703609007\",\"datePublished\":\"2023-12-26T16:51:52+00:00\",\"dateModified\":\"2023-12-26T16:55:52+00:00\",\"description\":\"Quatro suspeitos, dois homens e duas mulheres, foram presos suspeitos de participar do sequestro de Marcelinho Carioca e Tais Alc\u00e2ntara.\",\"inLanguage\":\"pt-BR\",\"potentialAction\":[{\"@type\":\"ReadAction\",\"target\":[\"https:\\\/\\\/redenoticiaz.com.br\\\/ribeiraopreto-regiao\\\/sp\\\/2023\\\/12\\\/26\\\/revelacoes-dos-suspeitos-no-caso-do-sequestro-de-marcelinho-carioca\"]}]},{\"@type\":\"ImageObject\",\"inLanguage\":\"pt-BR\",\"@id\":\"https:\\\/\\\/redenoticiaz.com.br\\\/ribeiraopreto-regiao\\\/sp\\\/2023\\\/12\\\/26\\\/revelacoes-dos-suspeitos-no-caso-do-sequestro-de-marcelinho-carioca#primaryimage\",\"url\":\"https:\\\/\\\/redenoticiaz.com.br\\\/ribeiraopreto-regiao\\\/wp-content\\\/uploads\\\/sites\\\/4\\\/2023\\\/12\\\/Captura-de-tela-2023-12-26-134324.jpg?v=1703609007\",\"contentUrl\":\"https:\\\/\\\/redenoticiaz.com.br\\\/ribeiraopreto-regiao\\\/wp-content\\\/uploads\\\/sites\\\/4\\\/2023\\\/12\\\/Captura-de-tela-2023-12-26-134324.jpg?v=1703609007\",\"width\":636,\"height\":335,\"caption\":\"Eliane de Amorim, Thauannata dos Santos, Wadson Fernandes e Jones Ferreira. Acusados de participa\u00e7\u00e3o no sequestro do ex-jogador. Cr\u00e9dito: Reprodu\u00e7\u00e3o\"},{\"@type\":\"WebSite\",\"@id\":\"https:\\\/\\\/redenoticiaz.com.br\\\/ribeiraopreto-regiao\\\/#website\",\"url\":\"https:\\\/\\\/redenoticiaz.com.br\\\/ribeiraopreto-regiao\\\/\",\"name\":\"Ribeir\u00e3o Preto e Regi\u00e3o\",\"description\":\"Rede NoticiaZ - Ribeir\u00e3o Preto e regi\u00e3o\",\"publisher\":{\"@id\":\"https:\\\/\\\/redenoticiaz.com.br\\\/ribeiraopreto-regiao\\\/#organization\"},\"potentialAction\":[{\"@type\":\"SearchAction\",\"target\":{\"@type\":\"EntryPoint\",\"urlTemplate\":\"https:\\\/\\\/redenoticiaz.com.br\\\/ribeiraopreto-regiao\\\/?s={search_term_string}\"},\"query-input\":{\"@type\":\"PropertyValueSpecification\",\"valueRequired\":true,\"valueName\":\"search_term_string\"}}],\"inLanguage\":\"pt-BR\"},{\"@type\":\"Organization\",\"@id\":\"https:\\\/\\\/redenoticiaz.com.br\\\/ribeiraopreto-regiao\\\/#organization\",\"name\":\"Ribeir\u00e3o Preto e Regi\u00e3o\",\"url\":\"https:\\\/\\\/redenoticiaz.com.br\\\/ribeiraopreto-regiao\\\/\",\"logo\":{\"@type\":\"ImageObject\",\"inLanguage\":\"pt-BR\",\"@id\":\"https:\\\/\\\/redenoticiaz.com.br\\\/ribeiraopreto-regiao\\\/#\\\/schema\\\/logo\\\/image\\\/\",\"url\":\"https:\\\/\\\/redenoticiaz.com.br\\\/barretos-regiao\\\/wp-content\\\/uploads\\\/sites\\\/4\\\/2022\\\/02\\\/logo.jpg\",\"contentUrl\":\"https:\\\/\\\/redenoticiaz.com.br\\\/barretos-regiao\\\/wp-content\\\/uploads\\\/sites\\\/4\\\/2022\\\/02\\\/logo.jpg\",\"width\":400,\"height\":250,\"caption\":\"Ribeir\u00e3o Preto e Regi\u00e3o\"},\"image\":{\"@id\":\"https:\\\/\\\/redenoticiaz.com.br\\\/ribeiraopreto-regiao\\\/#\\\/schema\\\/logo\\\/image\\\/\"},\"sameAs\":[\"https:\\\/\\\/m.facebook.com\\\/redenoticiaz.barretos\",\"https:\\\/\\\/x.com\\\/RN_barretos\",\"https:\\\/\\\/www.instagram.com\\\/redenoticiaz.barretos\\\/?igshid=YmMyMTA2M2Y\",\"https:\\\/\\\/www.linkedin.com\\\/company\\\/rede-noticiaz-barretos-e-regio\\\/\"]},{\"@type\":\"Person\",\"@id\":\"https:\\\/\\\/redenoticiaz.com.br\\\/ribeiraopreto-regiao\\\/#\\\/schema\\\/person\\\/1f84d6e94e6a62d2d81199d7503e9e90\",\"name\":\"Carina Reifonas\",\"image\":{\"@type\":\"ImageObject\",\"inLanguage\":\"pt-BR\",\"@id\":\"https:\\\/\\\/secure.gravatar.com\\\/avatar\\\/04c59859b23696cf867715880f81d5c037e60109730bdb4e6670ec2a2245bc97?s=96&d=mm&r=g\",\"url\":\"https:\\\/\\\/secure.gravatar.com\\\/avatar\\\/04c59859b23696cf867715880f81d5c037e60109730bdb4e6670ec2a2245bc97?s=96&d=mm&r=g\",\"contentUrl\":\"https:\\\/\\\/secure.gravatar.com\\\/avatar\\\/04c59859b23696cf867715880f81d5c037e60109730bdb4e6670ec2a2245bc97?s=96&d=mm&r=g\",\"caption\":\"Carina Reifonas\"},\"url\":\"https:\\\/\\\/redenoticiaz.com.br\\\/ribeiraopreto-regiao\\\/sp\\\/author\\\/carinareifonas\"}]}<\/script>\n<!-- \/ Yoast SEO plugin. -->","yoast_head_json":{"title":"Revela\u00e7\u00f5es dos suspeitos no caso do sequestro de Marcelinho Carioca - Ribeir\u00e3o Preto e Regi\u00e3o","description":"Quatro suspeitos, dois homens e duas mulheres, foram presos suspeitos de participar do sequestro de Marcelinho Carioca e Tais Alc\u00e2ntara.","robots":{"index":"index","follow":"follow","max-snippet":"max-snippet:-1","max-image-preview":"max-image-preview:large","max-video-preview":"max-video-preview:-1"},"canonical":"https:\/\/redenoticiaz.com.br\/ribeiraopreto-regiao\/sp\/2023\/12\/26\/revelacoes-dos-suspeitos-no-caso-do-sequestro-de-marcelinho-carioca","og_locale":"pt_BR","og_type":"article","og_title":"Revela\u00e7\u00f5es dos suspeitos no caso do sequestro de Marcelinho Carioca - Ribeir\u00e3o Preto e Regi\u00e3o","og_description":"Quatro suspeitos, dois homens e duas mulheres, foram presos suspeitos de participar do sequestro de Marcelinho Carioca e Tais Alc\u00e2ntara.","og_url":"https:\/\/redenoticiaz.com.br\/ribeiraopreto-regiao\/sp\/2023\/12\/26\/revelacoes-dos-suspeitos-no-caso-do-sequestro-de-marcelinho-carioca","og_site_name":"Ribeir\u00e3o Preto e Regi\u00e3o","article_publisher":"https:\/\/m.facebook.com\/redenoticiaz.barretos","article_published_time":"2023-12-26T16:51:52+00:00","article_modified_time":"2023-12-26T16:55:52+00:00","og_image":[{"width":636,"height":335,"url":"https:\/\/redenoticiaz.com.br\/ribeiraopreto-regiao\/wp-content\/uploads\/sites\/4\/2023\/12\/Captura-de-tela-2023-12-26-134324.jpg?v=1703609007","type":"image\/jpeg"}],"author":"Carina Reifonas","twitter_card":"summary_large_image","twitter_creator":"@RN_barretos","twitter_site":"@RN_barretos","twitter_misc":{"Escrito por":"Carina Reifonas","Est. tempo de leitura":"2 minutos"},"schema":{"@context":"https:\/\/schema.org","@graph":[{"@type":"Article","@id":"https:\/\/redenoticiaz.com.br\/ribeiraopreto-regiao\/sp\/2023\/12\/26\/revelacoes-dos-suspeitos-no-caso-do-sequestro-de-marcelinho-carioca#article","isPartOf":{"@id":"https:\/\/redenoticiaz.com.br\/ribeiraopreto-regiao\/sp\/2023\/12\/26\/revelacoes-dos-suspeitos-no-caso-do-sequestro-de-marcelinho-carioca"},"author":{"name":"Carina Reifonas","@id":"https:\/\/redenoticiaz.com.br\/ribeiraopreto-regiao\/#\/schema\/person\/1f84d6e94e6a62d2d81199d7503e9e90"},"headline":"Revela\u00e7\u00f5es dos suspeitos no caso do sequestro de Marcelinho Carioca","datePublished":"2023-12-26T16:51:52+00:00","dateModified":"2023-12-26T16:55:52+00:00","mainEntityOfPage":{"@id":"https:\/\/redenoticiaz.com.br\/ribeiraopreto-regiao\/sp\/2023\/12\/26\/revelacoes-dos-suspeitos-no-caso-do-sequestro-de-marcelinho-carioca"},"wordCount":196,"commentCount":0,"publisher":{"@id":"https:\/\/redenoticiaz.com.br\/ribeiraopreto-regiao\/#organization"},"image":{"@id":"https:\/\/redenoticiaz.com.br\/ribeiraopreto-regiao\/sp\/2023\/12\/26\/revelacoes-dos-suspeitos-no-caso-do-sequestro-de-marcelinho-carioca#primaryimage"},"thumbnailUrl":"https:\/\/redenoticiaz.com.br\/ribeiraopreto-regiao\/wp-content\/uploads\/sites\/4\/2023\/12\/Captura-de-tela-2023-12-26-134324.jpg?v=1703609007","keywords":["Marcelinho Carioca","PRESOS","SEQUESTRO"],"articleSection":["Pol\u00edcia"],"inLanguage":"pt-BR","potentialAction":[{"@type":"CommentAction","name":"Comment","target":["https:\/\/redenoticiaz.com.br\/ribeiraopreto-regiao\/sp\/2023\/12\/26\/revelacoes-dos-suspeitos-no-caso-do-sequestro-de-marcelinho-carioca#respond"]}]},{"@type":"WebPage","@id":"https:\/\/redenoticiaz.com.br\/ribeiraopreto-regiao\/sp\/2023\/12\/26\/revelacoes-dos-suspeitos-no-caso-do-sequestro-de-marcelinho-carioca","url":"https:\/\/redenoticiaz.com.br\/ribeiraopreto-regiao\/sp\/2023\/12\/26\/revelacoes-dos-suspeitos-no-caso-do-sequestro-de-marcelinho-carioca","name":"Revela\u00e7\u00f5es dos suspeitos no caso do sequestro de Marcelinho Carioca - Ribeir\u00e3o Preto e Regi\u00e3o","isPartOf":{"@id":"https:\/\/redenoticiaz.com.br\/ribeiraopreto-regiao\/#website"},"primaryImageOfPage":{"@id":"https:\/\/redenoticiaz.com.br\/ribeiraopreto-regiao\/sp\/2023\/12\/26\/revelacoes-dos-suspeitos-no-caso-do-sequestro-de-marcelinho-carioca#primaryimage"},"image":{"@id":"https:\/\/redenoticiaz.com.br\/ribeiraopreto-regiao\/sp\/2023\/12\/26\/revelacoes-dos-suspeitos-no-caso-do-sequestro-de-marcelinho-carioca#primaryimage"},"thumbnailUrl":"https:\/\/redenoticiaz.com.br\/ribeiraopreto-regiao\/wp-content\/uploads\/sites\/4\/2023\/12\/Captura-de-tela-2023-12-26-134324.jpg?v=1703609007","datePublished":"2023-12-26T16:51:52+00:00","dateModified":"2023-12-26T16:55:52+00:00","description":"Quatro suspeitos, dois homens e duas mulheres, foram presos suspeitos de participar do sequestro de Marcelinho Carioca e Tais Alc\u00e2ntara.","inLanguage":"pt-BR","potentialAction":[{"@type":"ReadAction","target":["https:\/\/redenoticiaz.com.br\/ribeiraopreto-regiao\/sp\/2023\/12\/26\/revelacoes-dos-suspeitos-no-caso-do-sequestro-de-marcelinho-carioca"]}]},{"@type":"ImageObject","inLanguage":"pt-BR","@id":"https:\/\/redenoticiaz.com.br\/ribeiraopreto-regiao\/sp\/2023\/12\/26\/revelacoes-dos-suspeitos-no-caso-do-sequestro-de-marcelinho-carioca#primaryimage","url":"https:\/\/redenoticiaz.com.br\/ribeiraopreto-regiao\/wp-content\/uploads\/sites\/4\/2023\/12\/Captura-de-tela-2023-12-26-134324.jpg?v=1703609007","contentUrl":"https:\/\/redenoticiaz.com.br\/ribeiraopreto-regiao\/wp-content\/uploads\/sites\/4\/2023\/12\/Captura-de-tela-2023-12-26-134324.jpg?v=1703609007","width":636,"height":335,"caption":"Eliane de Amorim, Thauannata dos Santos, Wadson Fernandes e Jones Ferreira. Acusados de participa\u00e7\u00e3o no sequestro do ex-jogador. Cr\u00e9dito: Reprodu\u00e7\u00e3o"},{"@type":"WebSite","@id":"https:\/\/redenoticiaz.com.br\/ribeiraopreto-regiao\/#website","url":"https:\/\/redenoticiaz.com.br\/ribeiraopreto-regiao\/","name":"Ribeir\u00e3o Preto e Regi\u00e3o","description":"Rede NoticiaZ - Ribeir\u00e3o Preto e regi\u00e3o","publisher":{"@id":"https:\/\/redenoticiaz.com.br\/ribeiraopreto-regiao\/#organization"},"potentialAction":[{"@type":"SearchAction","target":{"@type":"EntryPoint","urlTemplate":"https:\/\/redenoticiaz.com.br\/ribeiraopreto-regiao\/?s={search_term_string}"},"query-input":{"@type":"PropertyValueSpecification","valueRequired":true,"valueName":"search_term_string"}}],"inLanguage":"pt-BR"},{"@type":"Organization","@id":"https:\/\/redenoticiaz.com.br\/ribeiraopreto-regiao\/#organization","name":"Ribeir\u00e3o Preto e Regi\u00e3o","url":"https:\/\/redenoticiaz.com.br\/ribeiraopreto-regiao\/","logo":{"@type":"ImageObject","inLanguage":"pt-BR","@id":"https:\/\/redenoticiaz.com.br\/ribeiraopreto-regiao\/#\/schema\/logo\/image\/","url":"https:\/\/redenoticiaz.com.br\/barretos-regiao\/wp-content\/uploads\/sites\/4\/2022\/02\/logo.jpg","contentUrl":"https:\/\/redenoticiaz.com.br\/barretos-regiao\/wp-content\/uploads\/sites\/4\/2022\/02\/logo.jpg","width":400,"height":250,"caption":"Ribeir\u00e3o Preto e Regi\u00e3o"},"image":{"@id":"https:\/\/redenoticiaz.com.br\/ribeiraopreto-regiao\/#\/schema\/logo\/image\/"},"sameAs":["https:\/\/m.facebook.com\/redenoticiaz.barretos","https:\/\/x.com\/RN_barretos","https:\/\/www.instagram.com\/redenoticiaz.barretos\/?igshid=YmMyMTA2M2Y","https:\/\/www.linkedin.com\/company\/rede-noticiaz-barretos-e-regio\/"]},{"@type":"Person","@id":"https:\/\/redenoticiaz.com.br\/ribeiraopreto-regiao\/#\/schema\/person\/1f84d6e94e6a62d2d81199d7503e9e90","name":"Carina Reifonas","image":{"@type":"ImageObject","inLanguage":"pt-BR","@id":"https:\/\/secure.gravatar.com\/avatar\/04c59859b23696cf867715880f81d5c037e60109730bdb4e6670ec2a2245bc97?s=96&d=mm&r=g","url":"https:\/\/secure.gravatar.com\/avatar\/04c59859b23696cf867715880f81d5c037e60109730bdb4e6670ec2a2245bc97?s=96&d=mm&r=g","contentUrl":"https:\/\/secure.gravatar.com\/avatar\/04c59859b23696cf867715880f81d5c037e60109730bdb4e6670ec2a2245bc97?s=96&d=mm&r=g","caption":"Carina Reifonas"},"url":"https:\/\/redenoticiaz.com.br\/ribeiraopreto-regiao\/sp\/author\/carinareifonas"}]}},"_links":{"self":[{"href":"https:\/\/redenoticiaz.com.br\/ribeiraopreto-regiao\/wp-json\/wp\/v2\/posts\/113810","targetHints":{"allow":["GET"]}}],"collection":[{"href":"https:\/\/redenoticiaz.com.br\/ribeiraopreto-regiao\/wp-json\/wp\/v2\/posts"}],"about":[{"href":"https:\/\/redenoticiaz.com.br\/ribeiraopreto-regiao\/wp-json\/wp\/v2\/types\/post"}],"author":[{"embeddable":true,"href":"https:\/\/redenoticiaz.com.br\/ribeiraopreto-regiao\/wp-json\/wp\/v2\/users\/30"}],"replies":[{"embeddable":true,"href":"https:\/\/redenoticiaz.com.br\/ribeiraopreto-regiao\/wp-json\/wp\/v2\/comments?post=113810"}],"version-history":[{"count":1,"href":"https:\/\/redenoticiaz.com.br\/ribeiraopreto-regiao\/wp-json\/wp\/v2\/posts\/113810\/revisions"}],"predecessor-version":[{"id":113812,"href":"https:\/\/redenoticiaz.com.br\/ribeiraopreto-regiao\/wp-json\/wp\/v2\/posts\/113810\/revisions\/113812"}],"wp:featuredmedia":[{"embeddable":true,"href":"https:\/\/redenoticiaz.com.br\/ribeiraopreto-regiao\/wp-json\/wp\/v2\/media\/113811"}],"wp:attachment":[{"href":"https:\/\/redenoticiaz.com.br\/ribeiraopreto-regiao\/wp-json\/wp\/v2\/media?parent=113810"}],"wp:term":[{"taxonomy":"category","embeddable":true,"href":"https:\/\/redenoticiaz.com.br\/ribeiraopreto-regiao\/wp-json\/wp\/v2\/categories?post=113810"},{"taxonomy":"post_tag","embeddable":true,"href":"https:\/\/redenoticiaz.com.br\/ribeiraopreto-regiao\/wp-json\/wp\/v2\/tags?post=113810"}],"curies":[{"name":"wp","href":"https:\/\/api.w.org\/{rel}","templated":true}]}}