{"id":113892,"date":"2023-12-28T16:27:02","date_gmt":"2023-12-28T19:27:02","guid":{"rendered":"https:\/\/redenoticiaz.com.br\/barretos-regiao\/?p=113892"},"modified":"2023-12-28T16:27:02","modified_gmt":"2023-12-28T19:27:02","slug":"confira-o-funcionamento-das-reparticoes-publicas-em-barretos-no-feriado-de-ano-novo","status":"publish","type":"post","link":"https:\/\/redenoticiaz.com.br\/ribeiraopreto-regiao\/sp\/2023\/12\/28\/confira-o-funcionamento-das-reparticoes-publicas-em-barretos-no-feriado-de-ano-novo","title":{"rendered":"Confira o funcionamento das reparti\u00e7\u00f5es p\u00fablicas em Barretos no Feriado de Ano Novo"},"content":{"rendered":"<p>A Prefeitura da Est\u00e2ncia Tur\u00edstica de Barretos divulga o &#8216;abre e fecha&#8217; durante o feriado de Ano Novo. Nesta sexta-feira (29), o atendimento ao p\u00fablico no Pa\u00e7o Municipal ser\u00e1 das 8 \u00e0s 10h e os servidores cumprir\u00e3o a jornada at\u00e9 as 12h. Na ter\u00e7a-feira, dia 2, os mun\u00edcipes poder\u00e3o procurar o Pa\u00e7o Municipal para atendimento das 13 \u00e0s 15h.<\/p>\n<p>As Unidades B\u00e1sicas de Sa\u00fade (UBSs) atendem nesta sexta-feira, dia 29, at\u00e9 as 12h. Todas as UBSs permanecem fechadas de s\u00e1bado (30\/12) a segunda-feira (1\u00ba\/1), retomando o atendimento \u00e0s 13h de ter\u00e7a-feira, dia 2 de janeiro.<\/p>\n<p>Conforme o decreto, cada secret\u00e1rio tem autonomia para fazer os ajustes necess\u00e1rios na pasta pela qual \u00e9 respons\u00e1vel. Confira mais informa\u00e7\u00f5es sobre os servi\u00e7os:<\/p>\n<p><b>PA\u00c7O MUNICIPAL<\/b><br \/>\n29\/12 (sexta-feira) \u2013 Atendimento at\u00e9 as 10h<br \/>\n1\u00ba\/1 (segunda-feira) \u2013 Fechado<br \/>\n2\/1 (ter\u00e7a-feira) \u2013 Atendimento das 13 \u00e0s 15h<\/p>\n<p><b>TODAS AS UNIDADES B\u00c1SICAS DE SA\u00daDE (UBSs):<\/b><br \/>\n29\/12 (sexta-feira) \u2013 Atendimento at\u00e9 as 12h<br \/>\n30\/12 (s\u00e1bado) \u2013 Todas fechadas<br \/>\n31\/12 (domingo) \u2013 Fechadas<br \/>\n1\u00ba\/1 (segunda-feira) \u2013 Fechadas<br \/>\n2\/1 (ter\u00e7a-feira) \u2013 Atendimento a partir das 13h<\/p>\n<p><b>TELESSA\u00daDE:<\/b><br \/>\nFunciona at\u00e9 as 12h da sexta-feira, dia 29, e retorna na ter\u00e7a-feira, dia 2\/1, a partir das 13h. Para ser atendido no servi\u00e7o, o mun\u00edcipe deve entrar em contato pelo WhatsApp (17) 3612-0003, em dias \u00fateis, das 7 \u00e0s 17h.<\/p>\n<p><b>ABORDAGEM SOCIAL<\/b><br \/>\nA abordagem \u00e0 pessoa em situa\u00e7\u00e3o de rua \u00e9 realizada todos os dias da semana (de segunda-feira a domingo, inclusive feriados) das 7 \u00e0s 22h. \u00c9 poss\u00edvel entrar em contato com o servi\u00e7o pelos telefones (17) 99636-4678 e (17) 99654-6755.<\/p>\n<p><b>COLETAS DE LIXO:<\/b><br \/>\nA coleta de lixo org\u00e2nico e a coleta seletiva ser\u00e3o interrompidas no dia 1\u00ba, feriado.<\/p>\n<p><b>ECOPONTOS:<\/b><br \/>\nFuncionam normalmente at\u00e9 \u00e0s 18h do s\u00e1bado, dia 30, e reabrem \u00e0s 7h da ter\u00e7a-feira, dia 26.<\/p>\n<p><b>Endere\u00e7os dos Ecopontos:<\/b><br \/>\nCalif\u00f3rnia: Rua Cristiano de Carvalho n\u00ba 50<br \/>\nCristiano de Carvalho: Av. Jo\u00e3o Ribeiro do Nascimento (Av. Colina)<br \/>\nExposi\u00e7\u00e3o: Rua F\u00e1bio Junqueira Franco n\u00ba 301<br \/>\nNadir Kenan: Rua Rage Caiel n\u00ba 400<br \/>\nSanta Cec\u00edlia: Avenida Ant\u00f4nio Machado das Dores, s\/n\u00ba<br \/>\nZequinha Am\u00eandola (Barretos II): Avenida Mario Petroni x Via Dr.<br \/>\nGuilherme Seraphico de Assis Carvalho<\/p>\n<p><b>FUNCIONAM 24H:<br \/>\n<\/b><br \/>\nSAMU 192<br \/>\nCorpo de Bombeiros 193<br \/>\nPol\u00edcia Militar 190<br \/>\nDefesa Civil: 199 ou (17) 99195-8754<br \/>\nUPA (Via Conselheiro Ant\u00f4nio Prado, 1355 \u2013 Bairro Pereira)<br \/>\nPlant\u00e3o do SAAEB \u2013 (17) 3321-5300<br \/>\nPlant\u00e3o do Conselho Tutelar \u2013 (17) 98217-5999<br \/>\nRonda Municipal: (17) 98220-1007<\/p>\n<p>LEIA MAIS<\/p>\n<p><a href=\"https:\/\/redenoticiaz.com.br\/barretos-regiao\/sp\/2023\/12\/28\/mais-de-mil-casos-de-chikungunya-e-dengue-registrados-em-barretos\">Mais de mil casos de chikungunya e dengue registrados em Barretos<\/a><\/p>\n<p><a href=\"https:\/\/redenoticiaz.com.br\/barretos-regiao\/sp\/2023\/12\/28\/a-raspadinha-voltou-ministerio-da-fazenda-autoriza-caixa-a-retomar-a-lotex\">A raspadinha voltou! Minist\u00e9rio da Fazenda autoriza Caixa a retomar a Lotex<\/a><\/p>\n","protected":false},"excerpt":{"rendered":"<p>A Prefeitura da Est\u00e2ncia Tur\u00edstica de Barretos divulga o &#8216;abre e fecha&#8217; durante o feriado de Ano Novo. Nesta sexta-feira (29), o atendimento ao p\u00fablico no Pa\u00e7o Municipal ser\u00e1 das 8 \u00e0s 10h e os servidores cumprir\u00e3o a jornada at\u00e9 as 12h. Na ter\u00e7a-feira, dia 2, os mun\u00edcipes poder\u00e3o procurar o Pa\u00e7o Municipal para atendimento &hellip;<\/p>\n","protected":false},"author":30,"featured_media":113893,"comment_status":"open","ping_status":"closed","sticky":false,"template":"","format":"standard","meta":{"footnotes":""},"categories":[88,129],"tags":[17421,11269],"class_list":["post-113892","post","type-post","status-publish","format-standard","has-post-thumbnail","hentry","category-policia","category-saude","tag-ecoponto","tag-telessaude"],"yoast_head":"<!-- This site is optimized with the Yoast SEO plugin v27.5 - https:\/\/yoast.com\/product\/yoast-seo-wordpress\/ -->\n<title>Confira o funcionamento das reparti\u00e7\u00f5es p\u00fablicas em Barretos no Feriado de Ano Novo - Ribeir\u00e3o Preto e Regi\u00e3o<\/title>\n<meta name=\"description\" content=\"Nesta sexta-feira (29), o atendimento ao p\u00fablico no Pa\u00e7o Municipal ser\u00e1 das 8 \u00e0s 10h e os servidores cumprir\u00e3o a jornada at\u00e9 as 12h. Saiba mais\" \/>\n<meta name=\"robots\" content=\"index, follow, max-snippet:-1, max-image-preview:large, max-video-preview:-1\" \/>\n<link rel=\"canonical\" href=\"https:\/\/redenoticiaz.com.br\/ribeiraopreto-regiao\/sp\/2023\/12\/28\/confira-o-funcionamento-das-reparticoes-publicas-em-barretos-no-feriado-de-ano-novo\" \/>\n<meta property=\"og:locale\" content=\"pt_BR\" \/>\n<meta property=\"og:type\" content=\"article\" \/>\n<meta property=\"og:title\" content=\"Confira o funcionamento das reparti\u00e7\u00f5es p\u00fablicas em Barretos no Feriado de Ano Novo - Ribeir\u00e3o Preto e Regi\u00e3o\" \/>\n<meta property=\"og:description\" content=\"Nesta sexta-feira (29), o atendimento ao p\u00fablico no Pa\u00e7o Municipal ser\u00e1 das 8 \u00e0s 10h e os servidores cumprir\u00e3o a jornada at\u00e9 as 12h. Saiba mais\" \/>\n<meta property=\"og:url\" content=\"https:\/\/redenoticiaz.com.br\/ribeiraopreto-regiao\/sp\/2023\/12\/28\/confira-o-funcionamento-das-reparticoes-publicas-em-barretos-no-feriado-de-ano-novo\" \/>\n<meta property=\"og:site_name\" content=\"Ribeir\u00e3o Preto e Regi\u00e3o\" \/>\n<meta property=\"article:publisher\" content=\"https:\/\/m.facebook.com\/redenoticiaz.barretos\" \/>\n<meta property=\"article:published_time\" content=\"2023-12-28T19:27:02+00:00\" \/>\n<meta property=\"og:image\" content=\"https:\/\/redenoticiaz.com.br\/ribeiraopreto-regiao\/wp-content\/uploads\/sites\/4\/2023\/12\/Barretos-1-3-1024x577.png\" \/>\n\t<meta property=\"og:image:width\" content=\"1024\" \/>\n\t<meta property=\"og:image:height\" content=\"577\" \/>\n\t<meta property=\"og:image:type\" content=\"image\/png\" \/>\n<meta name=\"author\" content=\"Carina Reifonas\" \/>\n<meta name=\"twitter:card\" content=\"summary_large_image\" \/>\n<meta name=\"twitter:creator\" content=\"@RN_barretos\" \/>\n<meta name=\"twitter:site\" content=\"@RN_barretos\" \/>\n<meta name=\"twitter:label1\" content=\"Escrito por\" \/>\n\t<meta name=\"twitter:data1\" content=\"Carina Reifonas\" \/>\n\t<meta name=\"twitter:label2\" content=\"Est. tempo de leitura\" \/>\n\t<meta name=\"twitter:data2\" content=\"3 minutos\" \/>\n<script type=\"application\/ld+json\" class=\"yoast-schema-graph\">{\"@context\":\"https:\\\/\\\/schema.org\",\"@graph\":[{\"@type\":\"Article\",\"@id\":\"https:\\\/\\\/redenoticiaz.com.br\\\/ribeiraopreto-regiao\\\/sp\\\/2023\\\/12\\\/28\\\/confira-o-funcionamento-das-reparticoes-publicas-em-barretos-no-feriado-de-ano-novo#article\",\"isPartOf\":{\"@id\":\"https:\\\/\\\/redenoticiaz.com.br\\\/ribeiraopreto-regiao\\\/sp\\\/2023\\\/12\\\/28\\\/confira-o-funcionamento-das-reparticoes-publicas-em-barretos-no-feriado-de-ano-novo\"},\"author\":{\"name\":\"Carina Reifonas\",\"@id\":\"https:\\\/\\\/redenoticiaz.com.br\\\/ribeiraopreto-regiao\\\/#\\\/schema\\\/person\\\/1f84d6e94e6a62d2d81199d7503e9e90\"},\"headline\":\"Confira o funcionamento das reparti\u00e7\u00f5es p\u00fablicas em Barretos no Feriado de Ano Novo\",\"datePublished\":\"2023-12-28T19:27:02+00:00\",\"mainEntityOfPage\":{\"@id\":\"https:\\\/\\\/redenoticiaz.com.br\\\/ribeiraopreto-regiao\\\/sp\\\/2023\\\/12\\\/28\\\/confira-o-funcionamento-das-reparticoes-publicas-em-barretos-no-feriado-de-ano-novo\"},\"wordCount\":429,\"commentCount\":0,\"publisher\":{\"@id\":\"https:\\\/\\\/redenoticiaz.com.br\\\/ribeiraopreto-regiao\\\/#organization\"},\"image\":{\"@id\":\"https:\\\/\\\/redenoticiaz.com.br\\\/ribeiraopreto-regiao\\\/sp\\\/2023\\\/12\\\/28\\\/confira-o-funcionamento-das-reparticoes-publicas-em-barretos-no-feriado-de-ano-novo#primaryimage\"},\"thumbnailUrl\":\"https:\\\/\\\/redenoticiaz.com.br\\\/ribeiraopreto-regiao\\\/wp-content\\\/uploads\\\/sites\\\/4\\\/2023\\\/12\\\/Barretos-1-3.png\",\"keywords\":[\"ECOPONTO\",\"TELESSA\u00daDE\"],\"articleSection\":[\"Pol\u00edcia\",\"Sa\u00fade\"],\"inLanguage\":\"pt-BR\",\"potentialAction\":[{\"@type\":\"CommentAction\",\"name\":\"Comment\",\"target\":[\"https:\\\/\\\/redenoticiaz.com.br\\\/ribeiraopreto-regiao\\\/sp\\\/2023\\\/12\\\/28\\\/confira-o-funcionamento-das-reparticoes-publicas-em-barretos-no-feriado-de-ano-novo#respond\"]}]},{\"@type\":\"WebPage\",\"@id\":\"https:\\\/\\\/redenoticiaz.com.br\\\/ribeiraopreto-regiao\\\/sp\\\/2023\\\/12\\\/28\\\/confira-o-funcionamento-das-reparticoes-publicas-em-barretos-no-feriado-de-ano-novo\",\"url\":\"https:\\\/\\\/redenoticiaz.com.br\\\/ribeiraopreto-regiao\\\/sp\\\/2023\\\/12\\\/28\\\/confira-o-funcionamento-das-reparticoes-publicas-em-barretos-no-feriado-de-ano-novo\",\"name\":\"Confira o funcionamento das reparti\u00e7\u00f5es p\u00fablicas em Barretos no Feriado de Ano Novo - Ribeir\u00e3o Preto e Regi\u00e3o\",\"isPartOf\":{\"@id\":\"https:\\\/\\\/redenoticiaz.com.br\\\/ribeiraopreto-regiao\\\/#website\"},\"primaryImageOfPage\":{\"@id\":\"https:\\\/\\\/redenoticiaz.com.br\\\/ribeiraopreto-regiao\\\/sp\\\/2023\\\/12\\\/28\\\/confira-o-funcionamento-das-reparticoes-publicas-em-barretos-no-feriado-de-ano-novo#primaryimage\"},\"image\":{\"@id\":\"https:\\\/\\\/redenoticiaz.com.br\\\/ribeiraopreto-regiao\\\/sp\\\/2023\\\/12\\\/28\\\/confira-o-funcionamento-das-reparticoes-publicas-em-barretos-no-feriado-de-ano-novo#primaryimage\"},\"thumbnailUrl\":\"https:\\\/\\\/redenoticiaz.com.br\\\/ribeiraopreto-regiao\\\/wp-content\\\/uploads\\\/sites\\\/4\\\/2023\\\/12\\\/Barretos-1-3.png\",\"datePublished\":\"2023-12-28T19:27:02+00:00\",\"description\":\"Nesta sexta-feira (29), o atendimento ao p\u00fablico no Pa\u00e7o Municipal ser\u00e1 das 8 \u00e0s 10h e os servidores cumprir\u00e3o a jornada at\u00e9 as 12h. Saiba mais\",\"inLanguage\":\"pt-BR\",\"potentialAction\":[{\"@type\":\"ReadAction\",\"target\":[\"https:\\\/\\\/redenoticiaz.com.br\\\/ribeiraopreto-regiao\\\/sp\\\/2023\\\/12\\\/28\\\/confira-o-funcionamento-das-reparticoes-publicas-em-barretos-no-feriado-de-ano-novo\"]}]},{\"@type\":\"ImageObject\",\"inLanguage\":\"pt-BR\",\"@id\":\"https:\\\/\\\/redenoticiaz.com.br\\\/ribeiraopreto-regiao\\\/sp\\\/2023\\\/12\\\/28\\\/confira-o-funcionamento-das-reparticoes-publicas-em-barretos-no-feriado-de-ano-novo#primaryimage\",\"url\":\"https:\\\/\\\/redenoticiaz.com.br\\\/ribeiraopreto-regiao\\\/wp-content\\\/uploads\\\/sites\\\/4\\\/2023\\\/12\\\/Barretos-1-3.png\",\"contentUrl\":\"https:\\\/\\\/redenoticiaz.com.br\\\/ribeiraopreto-regiao\\\/wp-content\\\/uploads\\\/sites\\\/4\\\/2023\\\/12\\\/Barretos-1-3.png\",\"width\":1640,\"height\":924,\"caption\":\"Confira o funcionamento das reparti\u00e7\u00f5es p\u00fablicas em Barretos no Feriado de Ano Novo\"},{\"@type\":\"WebSite\",\"@id\":\"https:\\\/\\\/redenoticiaz.com.br\\\/ribeiraopreto-regiao\\\/#website\",\"url\":\"https:\\\/\\\/redenoticiaz.com.br\\\/ribeiraopreto-regiao\\\/\",\"name\":\"Ribeir\u00e3o Preto e Regi\u00e3o\",\"description\":\"Rede NoticiaZ - Ribeir\u00e3o Preto e regi\u00e3o\",\"publisher\":{\"@id\":\"https:\\\/\\\/redenoticiaz.com.br\\\/ribeiraopreto-regiao\\\/#organization\"},\"potentialAction\":[{\"@type\":\"SearchAction\",\"target\":{\"@type\":\"EntryPoint\",\"urlTemplate\":\"https:\\\/\\\/redenoticiaz.com.br\\\/ribeiraopreto-regiao\\\/?s={search_term_string}\"},\"query-input\":{\"@type\":\"PropertyValueSpecification\",\"valueRequired\":true,\"valueName\":\"search_term_string\"}}],\"inLanguage\":\"pt-BR\"},{\"@type\":\"Organization\",\"@id\":\"https:\\\/\\\/redenoticiaz.com.br\\\/ribeiraopreto-regiao\\\/#organization\",\"name\":\"Ribeir\u00e3o Preto e Regi\u00e3o\",\"url\":\"https:\\\/\\\/redenoticiaz.com.br\\\/ribeiraopreto-regiao\\\/\",\"logo\":{\"@type\":\"ImageObject\",\"inLanguage\":\"pt-BR\",\"@id\":\"https:\\\/\\\/redenoticiaz.com.br\\\/ribeiraopreto-regiao\\\/#\\\/schema\\\/logo\\\/image\\\/\",\"url\":\"https:\\\/\\\/redenoticiaz.com.br\\\/barretos-regiao\\\/wp-content\\\/uploads\\\/sites\\\/4\\\/2022\\\/02\\\/logo.jpg\",\"contentUrl\":\"https:\\\/\\\/redenoticiaz.com.br\\\/barretos-regiao\\\/wp-content\\\/uploads\\\/sites\\\/4\\\/2022\\\/02\\\/logo.jpg\",\"width\":400,\"height\":250,\"caption\":\"Ribeir\u00e3o Preto e Regi\u00e3o\"},\"image\":{\"@id\":\"https:\\\/\\\/redenoticiaz.com.br\\\/ribeiraopreto-regiao\\\/#\\\/schema\\\/logo\\\/image\\\/\"},\"sameAs\":[\"https:\\\/\\\/m.facebook.com\\\/redenoticiaz.barretos\",\"https:\\\/\\\/x.com\\\/RN_barretos\",\"https:\\\/\\\/www.instagram.com\\\/redenoticiaz.barretos\\\/?igshid=YmMyMTA2M2Y\",\"https:\\\/\\\/www.linkedin.com\\\/company\\\/rede-noticiaz-barretos-e-regio\\\/\"]},{\"@type\":\"Person\",\"@id\":\"https:\\\/\\\/redenoticiaz.com.br\\\/ribeiraopreto-regiao\\\/#\\\/schema\\\/person\\\/1f84d6e94e6a62d2d81199d7503e9e90\",\"name\":\"Carina Reifonas\",\"image\":{\"@type\":\"ImageObject\",\"inLanguage\":\"pt-BR\",\"@id\":\"https:\\\/\\\/secure.gravatar.com\\\/avatar\\\/04c59859b23696cf867715880f81d5c037e60109730bdb4e6670ec2a2245bc97?s=96&d=mm&r=g\",\"url\":\"https:\\\/\\\/secure.gravatar.com\\\/avatar\\\/04c59859b23696cf867715880f81d5c037e60109730bdb4e6670ec2a2245bc97?s=96&d=mm&r=g\",\"contentUrl\":\"https:\\\/\\\/secure.gravatar.com\\\/avatar\\\/04c59859b23696cf867715880f81d5c037e60109730bdb4e6670ec2a2245bc97?s=96&d=mm&r=g\",\"caption\":\"Carina Reifonas\"},\"url\":\"https:\\\/\\\/redenoticiaz.com.br\\\/ribeiraopreto-regiao\\\/sp\\\/author\\\/carinareifonas\"}]}<\/script>\n<!-- \/ Yoast SEO plugin. -->","yoast_head_json":{"title":"Confira o funcionamento das reparti\u00e7\u00f5es p\u00fablicas em Barretos no Feriado de Ano Novo - Ribeir\u00e3o Preto e Regi\u00e3o","description":"Nesta sexta-feira (29), o atendimento ao p\u00fablico no Pa\u00e7o Municipal ser\u00e1 das 8 \u00e0s 10h e os servidores cumprir\u00e3o a jornada at\u00e9 as 12h. Saiba mais","robots":{"index":"index","follow":"follow","max-snippet":"max-snippet:-1","max-image-preview":"max-image-preview:large","max-video-preview":"max-video-preview:-1"},"canonical":"https:\/\/redenoticiaz.com.br\/ribeiraopreto-regiao\/sp\/2023\/12\/28\/confira-o-funcionamento-das-reparticoes-publicas-em-barretos-no-feriado-de-ano-novo","og_locale":"pt_BR","og_type":"article","og_title":"Confira o funcionamento das reparti\u00e7\u00f5es p\u00fablicas em Barretos no Feriado de Ano Novo - Ribeir\u00e3o Preto e Regi\u00e3o","og_description":"Nesta sexta-feira (29), o atendimento ao p\u00fablico no Pa\u00e7o Municipal ser\u00e1 das 8 \u00e0s 10h e os servidores cumprir\u00e3o a jornada at\u00e9 as 12h. Saiba mais","og_url":"https:\/\/redenoticiaz.com.br\/ribeiraopreto-regiao\/sp\/2023\/12\/28\/confira-o-funcionamento-das-reparticoes-publicas-em-barretos-no-feriado-de-ano-novo","og_site_name":"Ribeir\u00e3o Preto e Regi\u00e3o","article_publisher":"https:\/\/m.facebook.com\/redenoticiaz.barretos","article_published_time":"2023-12-28T19:27:02+00:00","og_image":[{"width":1024,"height":577,"url":"https:\/\/redenoticiaz.com.br\/ribeiraopreto-regiao\/wp-content\/uploads\/sites\/4\/2023\/12\/Barretos-1-3-1024x577.png","type":"image\/png"}],"author":"Carina Reifonas","twitter_card":"summary_large_image","twitter_creator":"@RN_barretos","twitter_site":"@RN_barretos","twitter_misc":{"Escrito por":"Carina Reifonas","Est. tempo de leitura":"3 minutos"},"schema":{"@context":"https:\/\/schema.org","@graph":[{"@type":"Article","@id":"https:\/\/redenoticiaz.com.br\/ribeiraopreto-regiao\/sp\/2023\/12\/28\/confira-o-funcionamento-das-reparticoes-publicas-em-barretos-no-feriado-de-ano-novo#article","isPartOf":{"@id":"https:\/\/redenoticiaz.com.br\/ribeiraopreto-regiao\/sp\/2023\/12\/28\/confira-o-funcionamento-das-reparticoes-publicas-em-barretos-no-feriado-de-ano-novo"},"author":{"name":"Carina Reifonas","@id":"https:\/\/redenoticiaz.com.br\/ribeiraopreto-regiao\/#\/schema\/person\/1f84d6e94e6a62d2d81199d7503e9e90"},"headline":"Confira o funcionamento das reparti\u00e7\u00f5es p\u00fablicas em Barretos no Feriado de Ano Novo","datePublished":"2023-12-28T19:27:02+00:00","mainEntityOfPage":{"@id":"https:\/\/redenoticiaz.com.br\/ribeiraopreto-regiao\/sp\/2023\/12\/28\/confira-o-funcionamento-das-reparticoes-publicas-em-barretos-no-feriado-de-ano-novo"},"wordCount":429,"commentCount":0,"publisher":{"@id":"https:\/\/redenoticiaz.com.br\/ribeiraopreto-regiao\/#organization"},"image":{"@id":"https:\/\/redenoticiaz.com.br\/ribeiraopreto-regiao\/sp\/2023\/12\/28\/confira-o-funcionamento-das-reparticoes-publicas-em-barretos-no-feriado-de-ano-novo#primaryimage"},"thumbnailUrl":"https:\/\/redenoticiaz.com.br\/ribeiraopreto-regiao\/wp-content\/uploads\/sites\/4\/2023\/12\/Barretos-1-3.png","keywords":["ECOPONTO","TELESSA\u00daDE"],"articleSection":["Pol\u00edcia","Sa\u00fade"],"inLanguage":"pt-BR","potentialAction":[{"@type":"CommentAction","name":"Comment","target":["https:\/\/redenoticiaz.com.br\/ribeiraopreto-regiao\/sp\/2023\/12\/28\/confira-o-funcionamento-das-reparticoes-publicas-em-barretos-no-feriado-de-ano-novo#respond"]}]},{"@type":"WebPage","@id":"https:\/\/redenoticiaz.com.br\/ribeiraopreto-regiao\/sp\/2023\/12\/28\/confira-o-funcionamento-das-reparticoes-publicas-em-barretos-no-feriado-de-ano-novo","url":"https:\/\/redenoticiaz.com.br\/ribeiraopreto-regiao\/sp\/2023\/12\/28\/confira-o-funcionamento-das-reparticoes-publicas-em-barretos-no-feriado-de-ano-novo","name":"Confira o funcionamento das reparti\u00e7\u00f5es p\u00fablicas em Barretos no Feriado de Ano Novo - Ribeir\u00e3o Preto e Regi\u00e3o","isPartOf":{"@id":"https:\/\/redenoticiaz.com.br\/ribeiraopreto-regiao\/#website"},"primaryImageOfPage":{"@id":"https:\/\/redenoticiaz.com.br\/ribeiraopreto-regiao\/sp\/2023\/12\/28\/confira-o-funcionamento-das-reparticoes-publicas-em-barretos-no-feriado-de-ano-novo#primaryimage"},"image":{"@id":"https:\/\/redenoticiaz.com.br\/ribeiraopreto-regiao\/sp\/2023\/12\/28\/confira-o-funcionamento-das-reparticoes-publicas-em-barretos-no-feriado-de-ano-novo#primaryimage"},"thumbnailUrl":"https:\/\/redenoticiaz.com.br\/ribeiraopreto-regiao\/wp-content\/uploads\/sites\/4\/2023\/12\/Barretos-1-3.png","datePublished":"2023-12-28T19:27:02+00:00","description":"Nesta sexta-feira (29), o atendimento ao p\u00fablico no Pa\u00e7o Municipal ser\u00e1 das 8 \u00e0s 10h e os servidores cumprir\u00e3o a jornada at\u00e9 as 12h. Saiba mais","inLanguage":"pt-BR","potentialAction":[{"@type":"ReadAction","target":["https:\/\/redenoticiaz.com.br\/ribeiraopreto-regiao\/sp\/2023\/12\/28\/confira-o-funcionamento-das-reparticoes-publicas-em-barretos-no-feriado-de-ano-novo"]}]},{"@type":"ImageObject","inLanguage":"pt-BR","@id":"https:\/\/redenoticiaz.com.br\/ribeiraopreto-regiao\/sp\/2023\/12\/28\/confira-o-funcionamento-das-reparticoes-publicas-em-barretos-no-feriado-de-ano-novo#primaryimage","url":"https:\/\/redenoticiaz.com.br\/ribeiraopreto-regiao\/wp-content\/uploads\/sites\/4\/2023\/12\/Barretos-1-3.png","contentUrl":"https:\/\/redenoticiaz.com.br\/ribeiraopreto-regiao\/wp-content\/uploads\/sites\/4\/2023\/12\/Barretos-1-3.png","width":1640,"height":924,"caption":"Confira o funcionamento das reparti\u00e7\u00f5es p\u00fablicas em Barretos no Feriado de Ano Novo"},{"@type":"WebSite","@id":"https:\/\/redenoticiaz.com.br\/ribeiraopreto-regiao\/#website","url":"https:\/\/redenoticiaz.com.br\/ribeiraopreto-regiao\/","name":"Ribeir\u00e3o Preto e Regi\u00e3o","description":"Rede NoticiaZ - Ribeir\u00e3o Preto e regi\u00e3o","publisher":{"@id":"https:\/\/redenoticiaz.com.br\/ribeiraopreto-regiao\/#organization"},"potentialAction":[{"@type":"SearchAction","target":{"@type":"EntryPoint","urlTemplate":"https:\/\/redenoticiaz.com.br\/ribeiraopreto-regiao\/?s={search_term_string}"},"query-input":{"@type":"PropertyValueSpecification","valueRequired":true,"valueName":"search_term_string"}}],"inLanguage":"pt-BR"},{"@type":"Organization","@id":"https:\/\/redenoticiaz.com.br\/ribeiraopreto-regiao\/#organization","name":"Ribeir\u00e3o Preto e Regi\u00e3o","url":"https:\/\/redenoticiaz.com.br\/ribeiraopreto-regiao\/","logo":{"@type":"ImageObject","inLanguage":"pt-BR","@id":"https:\/\/redenoticiaz.com.br\/ribeiraopreto-regiao\/#\/schema\/logo\/image\/","url":"https:\/\/redenoticiaz.com.br\/barretos-regiao\/wp-content\/uploads\/sites\/4\/2022\/02\/logo.jpg","contentUrl":"https:\/\/redenoticiaz.com.br\/barretos-regiao\/wp-content\/uploads\/sites\/4\/2022\/02\/logo.jpg","width":400,"height":250,"caption":"Ribeir\u00e3o Preto e Regi\u00e3o"},"image":{"@id":"https:\/\/redenoticiaz.com.br\/ribeiraopreto-regiao\/#\/schema\/logo\/image\/"},"sameAs":["https:\/\/m.facebook.com\/redenoticiaz.barretos","https:\/\/x.com\/RN_barretos","https:\/\/www.instagram.com\/redenoticiaz.barretos\/?igshid=YmMyMTA2M2Y","https:\/\/www.linkedin.com\/company\/rede-noticiaz-barretos-e-regio\/"]},{"@type":"Person","@id":"https:\/\/redenoticiaz.com.br\/ribeiraopreto-regiao\/#\/schema\/person\/1f84d6e94e6a62d2d81199d7503e9e90","name":"Carina Reifonas","image":{"@type":"ImageObject","inLanguage":"pt-BR","@id":"https:\/\/secure.gravatar.com\/avatar\/04c59859b23696cf867715880f81d5c037e60109730bdb4e6670ec2a2245bc97?s=96&d=mm&r=g","url":"https:\/\/secure.gravatar.com\/avatar\/04c59859b23696cf867715880f81d5c037e60109730bdb4e6670ec2a2245bc97?s=96&d=mm&r=g","contentUrl":"https:\/\/secure.gravatar.com\/avatar\/04c59859b23696cf867715880f81d5c037e60109730bdb4e6670ec2a2245bc97?s=96&d=mm&r=g","caption":"Carina Reifonas"},"url":"https:\/\/redenoticiaz.com.br\/ribeiraopreto-regiao\/sp\/author\/carinareifonas"}]}},"_links":{"self":[{"href":"https:\/\/redenoticiaz.com.br\/ribeiraopreto-regiao\/wp-json\/wp\/v2\/posts\/113892","targetHints":{"allow":["GET"]}}],"collection":[{"href":"https:\/\/redenoticiaz.com.br\/ribeiraopreto-regiao\/wp-json\/wp\/v2\/posts"}],"about":[{"href":"https:\/\/redenoticiaz.com.br\/ribeiraopreto-regiao\/wp-json\/wp\/v2\/types\/post"}],"author":[{"embeddable":true,"href":"https:\/\/redenoticiaz.com.br\/ribeiraopreto-regiao\/wp-json\/wp\/v2\/users\/30"}],"replies":[{"embeddable":true,"href":"https:\/\/redenoticiaz.com.br\/ribeiraopreto-regiao\/wp-json\/wp\/v2\/comments?post=113892"}],"version-history":[{"count":1,"href":"https:\/\/redenoticiaz.com.br\/ribeiraopreto-regiao\/wp-json\/wp\/v2\/posts\/113892\/revisions"}],"predecessor-version":[{"id":113894,"href":"https:\/\/redenoticiaz.com.br\/ribeiraopreto-regiao\/wp-json\/wp\/v2\/posts\/113892\/revisions\/113894"}],"wp:featuredmedia":[{"embeddable":true,"href":"https:\/\/redenoticiaz.com.br\/ribeiraopreto-regiao\/wp-json\/wp\/v2\/media\/113893"}],"wp:attachment":[{"href":"https:\/\/redenoticiaz.com.br\/ribeiraopreto-regiao\/wp-json\/wp\/v2\/media?parent=113892"}],"wp:term":[{"taxonomy":"category","embeddable":true,"href":"https:\/\/redenoticiaz.com.br\/ribeiraopreto-regiao\/wp-json\/wp\/v2\/categories?post=113892"},{"taxonomy":"post_tag","embeddable":true,"href":"https:\/\/redenoticiaz.com.br\/ribeiraopreto-regiao\/wp-json\/wp\/v2\/tags?post=113892"}],"curies":[{"name":"wp","href":"https:\/\/api.w.org\/{rel}","templated":true}]}}