{"id":113954,"date":"2023-12-30T14:16:03","date_gmt":"2023-12-30T17:16:03","guid":{"rendered":"https:\/\/redenoticiaz.com.br\/barretos-regiao\/sp\/2023\/12\/30\/marido-que-teve-penis-cortado-trocou-nudes-com-adolescente-de-15-anos"},"modified":"2023-12-30T14:18:27","modified_gmt":"2023-12-30T17:18:27","slug":"marido-que-teve-penis-cortado-trocou-nudes-com-adolescente-de-15-anos","status":"publish","type":"post","link":"https:\/\/redenoticiaz.com.br\/ribeiraopreto-regiao\/sp\/2023\/12\/30\/marido-que-teve-penis-cortado-trocou-nudes-com-adolescente-de-15-anos","title":{"rendered":"Marido que teve p\u00eanis cortado trocou nudes com adolescente de 15 anos"},"content":{"rendered":"<p>Gilberto Nogueira de Oliveira, de 39 anos, que teve o p\u00eanis cortado pela mulher, havia trocado nudes com uma sobrinha de 15 anos da esposa. A descoberta da trai\u00e7\u00e3o teria deixado a esposa \u201cmuito irritada\u201d e a levou a cometer o crime.<\/p>\n<p>O print da troca de nudes entre seu marido, Gilberto, e a sua sobrinha foi inclu\u00eddo nos autos pela defesa de Daiane. A imagem mostra que o esposo enviou uma foto do pr\u00f3prio p\u00eanis para a adolescente e pediu: \u201cMe manda uma dos seus peitos\u201d. A jovem responde com uma foto sem blusa.<\/p>\n<p>O caso aconteceu na madrugada da \u00faltima sexta-feira (22), em Atibaia. A mulher se entregou logo depois de cometer o crime, foi at\u00e9 a delegacia e disse: &#8220;Boa noite, mo\u00e7o. Eu vim me apresentar, porque eu acabei de cortar o p\u00eanis do meu marido\u201d.<\/p>\n<p>Suspeita de tentativa de homic\u00eddio, a cozinheira Daiane dos Santos Farias, de 34 anos, est\u00e1 presa temporariamente desde ent\u00e3o.<\/p>\n<p>O marido dela n\u00e3o \u00e9 alvo de nenhuma investiga\u00e7\u00e3o.<\/p>\n<p>LEIA MAIS<\/p>\n<p><a href=\"https:\/\/redenoticiaz.com.br\/blog\/2023\/12\/30\/mega-sena-da-virada-quanto-rende-o-premio-de-r-570-milhoes-na-poupanca\">Mega-Sena da virada: quanto rende o pr\u00eamio de R$ 570 milh\u00f5es na poupan\u00e7a<\/a><\/p>\n<p><a href=\"https:\/\/redenoticiaz.com.br\/blog\/2023\/12\/30\/detran-amplia-prazo-para-revisao-de-normativos-buscando-maior-transparencia\">Detran amplia prazo para revis\u00e3o de normativos, buscando maior transpar\u00eancia<\/a><\/p>\n","protected":false},"excerpt":{"rendered":"<p>Gilberto Nogueira de Oliveira, de 39 anos, que teve o p\u00eanis cortado pela mulher, havia trocado nudes com uma sobrinha de 15 anos da esposa. A descoberta da trai\u00e7\u00e3o teria deixado a esposa \u201cmuito irritada\u201d e a levou a cometer o crime. O print da troca de nudes entre seu marido, Gilberto, e a sua &hellip;<\/p>\n","protected":false},"author":30,"featured_media":113955,"comment_status":"open","ping_status":"closed","sticky":false,"template":"","format":"standard","meta":{"footnotes":""},"categories":[88],"tags":[29697,29484,29515],"class_list":["post-113954","post","type-post","status-publish","format-standard","has-post-thumbnail","hentry","category-policia","tag-cortou","tag-marido","tag-penis"],"yoast_head":"<!-- This site is optimized with the Yoast SEO plugin v27.4 - https:\/\/yoast.com\/product\/yoast-seo-wordpress\/ -->\n<title>Marido que teve p\u00eanis cortado trocou nudes com adolescente de 15 anos - Ribeir\u00e3o Preto e Regi\u00e3o<\/title>\n<meta name=\"description\" content=\"Gilberto Nogueira de Oliveira, de 39 anos, que teve o p\u00eanis cortado pela mulher, havia trocado nudes com uma sobrinha de 15 anos da esposa.\" \/>\n<meta name=\"robots\" content=\"index, follow, max-snippet:-1, max-image-preview:large, max-video-preview:-1\" \/>\n<link rel=\"canonical\" href=\"https:\/\/redenoticiaz.com.br\/ribeiraopreto-regiao\/sp\/2023\/12\/30\/marido-que-teve-penis-cortado-trocou-nudes-com-adolescente-de-15-anos\" \/>\n<meta property=\"og:locale\" content=\"pt_BR\" \/>\n<meta property=\"og:type\" content=\"article\" \/>\n<meta property=\"og:title\" content=\"Marido que teve p\u00eanis cortado trocou nudes com adolescente de 15 anos - Ribeir\u00e3o Preto e Regi\u00e3o\" \/>\n<meta property=\"og:description\" content=\"Gilberto Nogueira de Oliveira, de 39 anos, que teve o p\u00eanis cortado pela mulher, havia trocado nudes com uma sobrinha de 15 anos da esposa.\" \/>\n<meta property=\"og:url\" content=\"https:\/\/redenoticiaz.com.br\/ribeiraopreto-regiao\/sp\/2023\/12\/30\/marido-que-teve-penis-cortado-trocou-nudes-com-adolescente-de-15-anos\" \/>\n<meta property=\"og:site_name\" content=\"Ribeir\u00e3o Preto e Regi\u00e3o\" \/>\n<meta property=\"article:publisher\" content=\"https:\/\/m.facebook.com\/redenoticiaz.barretos\" \/>\n<meta property=\"article:published_time\" content=\"2023-12-30T17:16:03+00:00\" \/>\n<meta property=\"article:modified_time\" content=\"2023-12-30T17:18:27+00:00\" \/>\n<meta property=\"og:image\" content=\"https:\/\/redenoticiaz.com.br\/ribeiraopreto-regiao\/wp-content\/uploads\/sites\/4\/2023\/12\/Captura-de-tela-2023-12-30-141520.jpg?v=1703956512\" \/>\n\t<meta property=\"og:image:width\" content=\"526\" \/>\n\t<meta property=\"og:image:height\" content=\"362\" \/>\n\t<meta property=\"og:image:type\" content=\"image\/jpeg\" \/>\n<meta name=\"author\" content=\"Carina Reifonas\" \/>\n<meta name=\"twitter:card\" content=\"summary_large_image\" \/>\n<meta name=\"twitter:creator\" content=\"@RN_barretos\" \/>\n<meta name=\"twitter:site\" content=\"@RN_barretos\" \/>\n<meta name=\"twitter:label1\" content=\"Escrito por\" \/>\n\t<meta name=\"twitter:data1\" content=\"Carina Reifonas\" \/>\n\t<meta name=\"twitter:label2\" content=\"Est. tempo de leitura\" \/>\n\t<meta name=\"twitter:data2\" content=\"2 minutos\" \/>\n<script type=\"application\/ld+json\" class=\"yoast-schema-graph\">{\"@context\":\"https:\\\/\\\/schema.org\",\"@graph\":[{\"@type\":\"Article\",\"@id\":\"https:\\\/\\\/redenoticiaz.com.br\\\/ribeiraopreto-regiao\\\/sp\\\/2023\\\/12\\\/30\\\/marido-que-teve-penis-cortado-trocou-nudes-com-adolescente-de-15-anos#article\",\"isPartOf\":{\"@id\":\"https:\\\/\\\/redenoticiaz.com.br\\\/ribeiraopreto-regiao\\\/sp\\\/2023\\\/12\\\/30\\\/marido-que-teve-penis-cortado-trocou-nudes-com-adolescente-de-15-anos\"},\"author\":{\"name\":\"Carina Reifonas\",\"@id\":\"https:\\\/\\\/redenoticiaz.com.br\\\/ribeiraopreto-regiao\\\/#\\\/schema\\\/person\\\/1f84d6e94e6a62d2d81199d7503e9e90\"},\"headline\":\"Marido que teve p\u00eanis cortado trocou nudes com adolescente de 15 anos\",\"datePublished\":\"2023-12-30T17:16:03+00:00\",\"dateModified\":\"2023-12-30T17:18:27+00:00\",\"mainEntityOfPage\":{\"@id\":\"https:\\\/\\\/redenoticiaz.com.br\\\/ribeiraopreto-regiao\\\/sp\\\/2023\\\/12\\\/30\\\/marido-que-teve-penis-cortado-trocou-nudes-com-adolescente-de-15-anos\"},\"wordCount\":214,\"commentCount\":0,\"publisher\":{\"@id\":\"https:\\\/\\\/redenoticiaz.com.br\\\/ribeiraopreto-regiao\\\/#organization\"},\"image\":{\"@id\":\"https:\\\/\\\/redenoticiaz.com.br\\\/ribeiraopreto-regiao\\\/sp\\\/2023\\\/12\\\/30\\\/marido-que-teve-penis-cortado-trocou-nudes-com-adolescente-de-15-anos#primaryimage\"},\"thumbnailUrl\":\"https:\\\/\\\/redenoticiaz.com.br\\\/ribeiraopreto-regiao\\\/wp-content\\\/uploads\\\/sites\\\/4\\\/2023\\\/12\\\/Captura-de-tela-2023-12-30-141520.jpg?v=1703956512\",\"keywords\":[\"cortou\",\"MARIDO\",\"p\u00eanis\"],\"articleSection\":[\"Pol\u00edcia\"],\"inLanguage\":\"pt-BR\",\"potentialAction\":[{\"@type\":\"CommentAction\",\"name\":\"Comment\",\"target\":[\"https:\\\/\\\/redenoticiaz.com.br\\\/ribeiraopreto-regiao\\\/sp\\\/2023\\\/12\\\/30\\\/marido-que-teve-penis-cortado-trocou-nudes-com-adolescente-de-15-anos#respond\"]}]},{\"@type\":\"WebPage\",\"@id\":\"https:\\\/\\\/redenoticiaz.com.br\\\/ribeiraopreto-regiao\\\/sp\\\/2023\\\/12\\\/30\\\/marido-que-teve-penis-cortado-trocou-nudes-com-adolescente-de-15-anos\",\"url\":\"https:\\\/\\\/redenoticiaz.com.br\\\/ribeiraopreto-regiao\\\/sp\\\/2023\\\/12\\\/30\\\/marido-que-teve-penis-cortado-trocou-nudes-com-adolescente-de-15-anos\",\"name\":\"Marido que teve p\u00eanis cortado trocou nudes com adolescente de 15 anos - Ribeir\u00e3o Preto e Regi\u00e3o\",\"isPartOf\":{\"@id\":\"https:\\\/\\\/redenoticiaz.com.br\\\/ribeiraopreto-regiao\\\/#website\"},\"primaryImageOfPage\":{\"@id\":\"https:\\\/\\\/redenoticiaz.com.br\\\/ribeiraopreto-regiao\\\/sp\\\/2023\\\/12\\\/30\\\/marido-que-teve-penis-cortado-trocou-nudes-com-adolescente-de-15-anos#primaryimage\"},\"image\":{\"@id\":\"https:\\\/\\\/redenoticiaz.com.br\\\/ribeiraopreto-regiao\\\/sp\\\/2023\\\/12\\\/30\\\/marido-que-teve-penis-cortado-trocou-nudes-com-adolescente-de-15-anos#primaryimage\"},\"thumbnailUrl\":\"https:\\\/\\\/redenoticiaz.com.br\\\/ribeiraopreto-regiao\\\/wp-content\\\/uploads\\\/sites\\\/4\\\/2023\\\/12\\\/Captura-de-tela-2023-12-30-141520.jpg?v=1703956512\",\"datePublished\":\"2023-12-30T17:16:03+00:00\",\"dateModified\":\"2023-12-30T17:18:27+00:00\",\"description\":\"Gilberto Nogueira de Oliveira, de 39 anos, que teve o p\u00eanis cortado pela mulher, havia trocado nudes com uma sobrinha de 15 anos da esposa.\",\"inLanguage\":\"pt-BR\",\"potentialAction\":[{\"@type\":\"ReadAction\",\"target\":[\"https:\\\/\\\/redenoticiaz.com.br\\\/ribeiraopreto-regiao\\\/sp\\\/2023\\\/12\\\/30\\\/marido-que-teve-penis-cortado-trocou-nudes-com-adolescente-de-15-anos\"]}]},{\"@type\":\"ImageObject\",\"inLanguage\":\"pt-BR\",\"@id\":\"https:\\\/\\\/redenoticiaz.com.br\\\/ribeiraopreto-regiao\\\/sp\\\/2023\\\/12\\\/30\\\/marido-que-teve-penis-cortado-trocou-nudes-com-adolescente-de-15-anos#primaryimage\",\"url\":\"https:\\\/\\\/redenoticiaz.com.br\\\/ribeiraopreto-regiao\\\/wp-content\\\/uploads\\\/sites\\\/4\\\/2023\\\/12\\\/Captura-de-tela-2023-12-30-141520.jpg?v=1703956512\",\"contentUrl\":\"https:\\\/\\\/redenoticiaz.com.br\\\/ribeiraopreto-regiao\\\/wp-content\\\/uploads\\\/sites\\\/4\\\/2023\\\/12\\\/Captura-de-tela-2023-12-30-141520.jpg?v=1703956512\",\"width\":526,\"height\":362,\"caption\":\"Marido que teve p\u00eanis cortado trocou nudes com sobrinha de 15 anos\"},{\"@type\":\"WebSite\",\"@id\":\"https:\\\/\\\/redenoticiaz.com.br\\\/ribeiraopreto-regiao\\\/#website\",\"url\":\"https:\\\/\\\/redenoticiaz.com.br\\\/ribeiraopreto-regiao\\\/\",\"name\":\"Ribeir\u00e3o Preto e Regi\u00e3o\",\"description\":\"Rede NoticiaZ - Ribeir\u00e3o Preto e regi\u00e3o\",\"publisher\":{\"@id\":\"https:\\\/\\\/redenoticiaz.com.br\\\/ribeiraopreto-regiao\\\/#organization\"},\"potentialAction\":[{\"@type\":\"SearchAction\",\"target\":{\"@type\":\"EntryPoint\",\"urlTemplate\":\"https:\\\/\\\/redenoticiaz.com.br\\\/ribeiraopreto-regiao\\\/?s={search_term_string}\"},\"query-input\":{\"@type\":\"PropertyValueSpecification\",\"valueRequired\":true,\"valueName\":\"search_term_string\"}}],\"inLanguage\":\"pt-BR\"},{\"@type\":\"Organization\",\"@id\":\"https:\\\/\\\/redenoticiaz.com.br\\\/ribeiraopreto-regiao\\\/#organization\",\"name\":\"Ribeir\u00e3o Preto e Regi\u00e3o\",\"url\":\"https:\\\/\\\/redenoticiaz.com.br\\\/ribeiraopreto-regiao\\\/\",\"logo\":{\"@type\":\"ImageObject\",\"inLanguage\":\"pt-BR\",\"@id\":\"https:\\\/\\\/redenoticiaz.com.br\\\/ribeiraopreto-regiao\\\/#\\\/schema\\\/logo\\\/image\\\/\",\"url\":\"https:\\\/\\\/redenoticiaz.com.br\\\/barretos-regiao\\\/wp-content\\\/uploads\\\/sites\\\/4\\\/2022\\\/02\\\/logo.jpg\",\"contentUrl\":\"https:\\\/\\\/redenoticiaz.com.br\\\/barretos-regiao\\\/wp-content\\\/uploads\\\/sites\\\/4\\\/2022\\\/02\\\/logo.jpg\",\"width\":400,\"height\":250,\"caption\":\"Ribeir\u00e3o Preto e Regi\u00e3o\"},\"image\":{\"@id\":\"https:\\\/\\\/redenoticiaz.com.br\\\/ribeiraopreto-regiao\\\/#\\\/schema\\\/logo\\\/image\\\/\"},\"sameAs\":[\"https:\\\/\\\/m.facebook.com\\\/redenoticiaz.barretos\",\"https:\\\/\\\/x.com\\\/RN_barretos\",\"https:\\\/\\\/www.instagram.com\\\/redenoticiaz.barretos\\\/?igshid=YmMyMTA2M2Y\",\"https:\\\/\\\/www.linkedin.com\\\/company\\\/rede-noticiaz-barretos-e-regio\\\/\"]},{\"@type\":\"Person\",\"@id\":\"https:\\\/\\\/redenoticiaz.com.br\\\/ribeiraopreto-regiao\\\/#\\\/schema\\\/person\\\/1f84d6e94e6a62d2d81199d7503e9e90\",\"name\":\"Carina Reifonas\",\"image\":{\"@type\":\"ImageObject\",\"inLanguage\":\"pt-BR\",\"@id\":\"https:\\\/\\\/secure.gravatar.com\\\/avatar\\\/04c59859b23696cf867715880f81d5c037e60109730bdb4e6670ec2a2245bc97?s=96&d=mm&r=g\",\"url\":\"https:\\\/\\\/secure.gravatar.com\\\/avatar\\\/04c59859b23696cf867715880f81d5c037e60109730bdb4e6670ec2a2245bc97?s=96&d=mm&r=g\",\"contentUrl\":\"https:\\\/\\\/secure.gravatar.com\\\/avatar\\\/04c59859b23696cf867715880f81d5c037e60109730bdb4e6670ec2a2245bc97?s=96&d=mm&r=g\",\"caption\":\"Carina Reifonas\"},\"url\":\"https:\\\/\\\/redenoticiaz.com.br\\\/ribeiraopreto-regiao\\\/sp\\\/author\\\/carinareifonas\"}]}<\/script>\n<!-- \/ Yoast SEO plugin. -->","yoast_head_json":{"title":"Marido que teve p\u00eanis cortado trocou nudes com adolescente de 15 anos - Ribeir\u00e3o Preto e Regi\u00e3o","description":"Gilberto Nogueira de Oliveira, de 39 anos, que teve o p\u00eanis cortado pela mulher, havia trocado nudes com uma sobrinha de 15 anos da esposa.","robots":{"index":"index","follow":"follow","max-snippet":"max-snippet:-1","max-image-preview":"max-image-preview:large","max-video-preview":"max-video-preview:-1"},"canonical":"https:\/\/redenoticiaz.com.br\/ribeiraopreto-regiao\/sp\/2023\/12\/30\/marido-que-teve-penis-cortado-trocou-nudes-com-adolescente-de-15-anos","og_locale":"pt_BR","og_type":"article","og_title":"Marido que teve p\u00eanis cortado trocou nudes com adolescente de 15 anos - Ribeir\u00e3o Preto e Regi\u00e3o","og_description":"Gilberto Nogueira de Oliveira, de 39 anos, que teve o p\u00eanis cortado pela mulher, havia trocado nudes com uma sobrinha de 15 anos da esposa.","og_url":"https:\/\/redenoticiaz.com.br\/ribeiraopreto-regiao\/sp\/2023\/12\/30\/marido-que-teve-penis-cortado-trocou-nudes-com-adolescente-de-15-anos","og_site_name":"Ribeir\u00e3o Preto e Regi\u00e3o","article_publisher":"https:\/\/m.facebook.com\/redenoticiaz.barretos","article_published_time":"2023-12-30T17:16:03+00:00","article_modified_time":"2023-12-30T17:18:27+00:00","og_image":[{"width":526,"height":362,"url":"https:\/\/redenoticiaz.com.br\/ribeiraopreto-regiao\/wp-content\/uploads\/sites\/4\/2023\/12\/Captura-de-tela-2023-12-30-141520.jpg?v=1703956512","type":"image\/jpeg"}],"author":"Carina Reifonas","twitter_card":"summary_large_image","twitter_creator":"@RN_barretos","twitter_site":"@RN_barretos","twitter_misc":{"Escrito por":"Carina Reifonas","Est. tempo de leitura":"2 minutos"},"schema":{"@context":"https:\/\/schema.org","@graph":[{"@type":"Article","@id":"https:\/\/redenoticiaz.com.br\/ribeiraopreto-regiao\/sp\/2023\/12\/30\/marido-que-teve-penis-cortado-trocou-nudes-com-adolescente-de-15-anos#article","isPartOf":{"@id":"https:\/\/redenoticiaz.com.br\/ribeiraopreto-regiao\/sp\/2023\/12\/30\/marido-que-teve-penis-cortado-trocou-nudes-com-adolescente-de-15-anos"},"author":{"name":"Carina Reifonas","@id":"https:\/\/redenoticiaz.com.br\/ribeiraopreto-regiao\/#\/schema\/person\/1f84d6e94e6a62d2d81199d7503e9e90"},"headline":"Marido que teve p\u00eanis cortado trocou nudes com adolescente de 15 anos","datePublished":"2023-12-30T17:16:03+00:00","dateModified":"2023-12-30T17:18:27+00:00","mainEntityOfPage":{"@id":"https:\/\/redenoticiaz.com.br\/ribeiraopreto-regiao\/sp\/2023\/12\/30\/marido-que-teve-penis-cortado-trocou-nudes-com-adolescente-de-15-anos"},"wordCount":214,"commentCount":0,"publisher":{"@id":"https:\/\/redenoticiaz.com.br\/ribeiraopreto-regiao\/#organization"},"image":{"@id":"https:\/\/redenoticiaz.com.br\/ribeiraopreto-regiao\/sp\/2023\/12\/30\/marido-que-teve-penis-cortado-trocou-nudes-com-adolescente-de-15-anos#primaryimage"},"thumbnailUrl":"https:\/\/redenoticiaz.com.br\/ribeiraopreto-regiao\/wp-content\/uploads\/sites\/4\/2023\/12\/Captura-de-tela-2023-12-30-141520.jpg?v=1703956512","keywords":["cortou","MARIDO","p\u00eanis"],"articleSection":["Pol\u00edcia"],"inLanguage":"pt-BR","potentialAction":[{"@type":"CommentAction","name":"Comment","target":["https:\/\/redenoticiaz.com.br\/ribeiraopreto-regiao\/sp\/2023\/12\/30\/marido-que-teve-penis-cortado-trocou-nudes-com-adolescente-de-15-anos#respond"]}]},{"@type":"WebPage","@id":"https:\/\/redenoticiaz.com.br\/ribeiraopreto-regiao\/sp\/2023\/12\/30\/marido-que-teve-penis-cortado-trocou-nudes-com-adolescente-de-15-anos","url":"https:\/\/redenoticiaz.com.br\/ribeiraopreto-regiao\/sp\/2023\/12\/30\/marido-que-teve-penis-cortado-trocou-nudes-com-adolescente-de-15-anos","name":"Marido que teve p\u00eanis cortado trocou nudes com adolescente de 15 anos - Ribeir\u00e3o Preto e Regi\u00e3o","isPartOf":{"@id":"https:\/\/redenoticiaz.com.br\/ribeiraopreto-regiao\/#website"},"primaryImageOfPage":{"@id":"https:\/\/redenoticiaz.com.br\/ribeiraopreto-regiao\/sp\/2023\/12\/30\/marido-que-teve-penis-cortado-trocou-nudes-com-adolescente-de-15-anos#primaryimage"},"image":{"@id":"https:\/\/redenoticiaz.com.br\/ribeiraopreto-regiao\/sp\/2023\/12\/30\/marido-que-teve-penis-cortado-trocou-nudes-com-adolescente-de-15-anos#primaryimage"},"thumbnailUrl":"https:\/\/redenoticiaz.com.br\/ribeiraopreto-regiao\/wp-content\/uploads\/sites\/4\/2023\/12\/Captura-de-tela-2023-12-30-141520.jpg?v=1703956512","datePublished":"2023-12-30T17:16:03+00:00","dateModified":"2023-12-30T17:18:27+00:00","description":"Gilberto Nogueira de Oliveira, de 39 anos, que teve o p\u00eanis cortado pela mulher, havia trocado nudes com uma sobrinha de 15 anos da esposa.","inLanguage":"pt-BR","potentialAction":[{"@type":"ReadAction","target":["https:\/\/redenoticiaz.com.br\/ribeiraopreto-regiao\/sp\/2023\/12\/30\/marido-que-teve-penis-cortado-trocou-nudes-com-adolescente-de-15-anos"]}]},{"@type":"ImageObject","inLanguage":"pt-BR","@id":"https:\/\/redenoticiaz.com.br\/ribeiraopreto-regiao\/sp\/2023\/12\/30\/marido-que-teve-penis-cortado-trocou-nudes-com-adolescente-de-15-anos#primaryimage","url":"https:\/\/redenoticiaz.com.br\/ribeiraopreto-regiao\/wp-content\/uploads\/sites\/4\/2023\/12\/Captura-de-tela-2023-12-30-141520.jpg?v=1703956512","contentUrl":"https:\/\/redenoticiaz.com.br\/ribeiraopreto-regiao\/wp-content\/uploads\/sites\/4\/2023\/12\/Captura-de-tela-2023-12-30-141520.jpg?v=1703956512","width":526,"height":362,"caption":"Marido que teve p\u00eanis cortado trocou nudes com sobrinha de 15 anos"},{"@type":"WebSite","@id":"https:\/\/redenoticiaz.com.br\/ribeiraopreto-regiao\/#website","url":"https:\/\/redenoticiaz.com.br\/ribeiraopreto-regiao\/","name":"Ribeir\u00e3o Preto e Regi\u00e3o","description":"Rede NoticiaZ - Ribeir\u00e3o Preto e regi\u00e3o","publisher":{"@id":"https:\/\/redenoticiaz.com.br\/ribeiraopreto-regiao\/#organization"},"potentialAction":[{"@type":"SearchAction","target":{"@type":"EntryPoint","urlTemplate":"https:\/\/redenoticiaz.com.br\/ribeiraopreto-regiao\/?s={search_term_string}"},"query-input":{"@type":"PropertyValueSpecification","valueRequired":true,"valueName":"search_term_string"}}],"inLanguage":"pt-BR"},{"@type":"Organization","@id":"https:\/\/redenoticiaz.com.br\/ribeiraopreto-regiao\/#organization","name":"Ribeir\u00e3o Preto e Regi\u00e3o","url":"https:\/\/redenoticiaz.com.br\/ribeiraopreto-regiao\/","logo":{"@type":"ImageObject","inLanguage":"pt-BR","@id":"https:\/\/redenoticiaz.com.br\/ribeiraopreto-regiao\/#\/schema\/logo\/image\/","url":"https:\/\/redenoticiaz.com.br\/barretos-regiao\/wp-content\/uploads\/sites\/4\/2022\/02\/logo.jpg","contentUrl":"https:\/\/redenoticiaz.com.br\/barretos-regiao\/wp-content\/uploads\/sites\/4\/2022\/02\/logo.jpg","width":400,"height":250,"caption":"Ribeir\u00e3o Preto e Regi\u00e3o"},"image":{"@id":"https:\/\/redenoticiaz.com.br\/ribeiraopreto-regiao\/#\/schema\/logo\/image\/"},"sameAs":["https:\/\/m.facebook.com\/redenoticiaz.barretos","https:\/\/x.com\/RN_barretos","https:\/\/www.instagram.com\/redenoticiaz.barretos\/?igshid=YmMyMTA2M2Y","https:\/\/www.linkedin.com\/company\/rede-noticiaz-barretos-e-regio\/"]},{"@type":"Person","@id":"https:\/\/redenoticiaz.com.br\/ribeiraopreto-regiao\/#\/schema\/person\/1f84d6e94e6a62d2d81199d7503e9e90","name":"Carina Reifonas","image":{"@type":"ImageObject","inLanguage":"pt-BR","@id":"https:\/\/secure.gravatar.com\/avatar\/04c59859b23696cf867715880f81d5c037e60109730bdb4e6670ec2a2245bc97?s=96&d=mm&r=g","url":"https:\/\/secure.gravatar.com\/avatar\/04c59859b23696cf867715880f81d5c037e60109730bdb4e6670ec2a2245bc97?s=96&d=mm&r=g","contentUrl":"https:\/\/secure.gravatar.com\/avatar\/04c59859b23696cf867715880f81d5c037e60109730bdb4e6670ec2a2245bc97?s=96&d=mm&r=g","caption":"Carina Reifonas"},"url":"https:\/\/redenoticiaz.com.br\/ribeiraopreto-regiao\/sp\/author\/carinareifonas"}]}},"_links":{"self":[{"href":"https:\/\/redenoticiaz.com.br\/ribeiraopreto-regiao\/wp-json\/wp\/v2\/posts\/113954","targetHints":{"allow":["GET"]}}],"collection":[{"href":"https:\/\/redenoticiaz.com.br\/ribeiraopreto-regiao\/wp-json\/wp\/v2\/posts"}],"about":[{"href":"https:\/\/redenoticiaz.com.br\/ribeiraopreto-regiao\/wp-json\/wp\/v2\/types\/post"}],"author":[{"embeddable":true,"href":"https:\/\/redenoticiaz.com.br\/ribeiraopreto-regiao\/wp-json\/wp\/v2\/users\/30"}],"replies":[{"embeddable":true,"href":"https:\/\/redenoticiaz.com.br\/ribeiraopreto-regiao\/wp-json\/wp\/v2\/comments?post=113954"}],"version-history":[{"count":2,"href":"https:\/\/redenoticiaz.com.br\/ribeiraopreto-regiao\/wp-json\/wp\/v2\/posts\/113954\/revisions"}],"predecessor-version":[{"id":113957,"href":"https:\/\/redenoticiaz.com.br\/ribeiraopreto-regiao\/wp-json\/wp\/v2\/posts\/113954\/revisions\/113957"}],"wp:featuredmedia":[{"embeddable":true,"href":"https:\/\/redenoticiaz.com.br\/ribeiraopreto-regiao\/wp-json\/wp\/v2\/media\/113955"}],"wp:attachment":[{"href":"https:\/\/redenoticiaz.com.br\/ribeiraopreto-regiao\/wp-json\/wp\/v2\/media?parent=113954"}],"wp:term":[{"taxonomy":"category","embeddable":true,"href":"https:\/\/redenoticiaz.com.br\/ribeiraopreto-regiao\/wp-json\/wp\/v2\/categories?post=113954"},{"taxonomy":"post_tag","embeddable":true,"href":"https:\/\/redenoticiaz.com.br\/ribeiraopreto-regiao\/wp-json\/wp\/v2\/tags?post=113954"}],"curies":[{"name":"wp","href":"https:\/\/api.w.org\/{rel}","templated":true}]}}