{"id":114265,"date":"2024-01-13T16:00:48","date_gmt":"2024-01-13T19:00:48","guid":{"rendered":"https:\/\/redenoticiaz.com.br\/barretos-regiao\/?p=114265"},"modified":"2024-01-11T12:00:02","modified_gmt":"2024-01-11T15:00:02","slug":"novos-casos-de-hanseniase-aumentaram-5-de-janeiro-a-novembro-de-2023","status":"publish","type":"post","link":"https:\/\/redenoticiaz.com.br\/ribeiraopreto-regiao\/sp\/2024\/01\/13\/novos-casos-de-hanseniase-aumentaram-5-de-janeiro-a-novembro-de-2023","title":{"rendered":"Novos casos de hansen\u00edase aumentaram 5% de janeiro a novembro de 2023"},"content":{"rendered":"<p>Entre janeiro e novembro de 2023, o Brasil diagnosticou ao menos 19.219 novos casos de hansen\u00edase. Mesmo que preliminar, o resultado j\u00e1 \u00e9 5% superior ao total de notifica\u00e7\u00f5es registradas no mesmo per\u00edodo de 2022.<img decoding=\"async\" src=\"https:\/\/agenciabrasil.ebc.com.br\/ebc.png?id=1576048&amp;o=node\" \/><img decoding=\"async\" src=\"https:\/\/agenciabrasil.ebc.com.br\/ebc.gif?id=1576048&amp;o=node\" \/><\/p>\n<p>Segundo as informa\u00e7\u00f5es do Painel de Monitoramento de Indicadores da Hansen\u00edase, do Minist\u00e9rio da Sa\u00fade, o estado de Mato Grosso segue liderando o ranking das unidades federativas com maiores taxas de detec\u00e7\u00e3o da doen\u00e7a.<\/p>\n<p>At\u00e9 o fim de novembro, o total de 3.927 novos casos no estado j\u00e1 superava em 76% as 2.229 ocorr\u00eancias do mesmo per\u00edodo de 2022. Em seguida vem o Maranh\u00e3o, com 2.028 notifica\u00e7\u00f5es, resultado quase 8% inferior aos 2.196 registros anteriores.<\/p>\n<p>Consultada pela\u00a0<strong>Ag\u00eancia Brasil<\/strong>, a Secretaria de Sa\u00fade de Mato Grosso informou que nos \u00faltimos anos os diagn\u00f3sticos da doen\u00e7a v\u00eam aumentando gradualmente, resultado de uma \u201cpol\u00edtica ativa de detec\u00e7\u00e3o\u201d que, entre outras medidas, inclui a \u201ccapacita\u00e7\u00e3o dos profissionais da sa\u00fade\u201d.<\/p>\n<p>A exemplo do Mato Grosso, outras unidades federativas seguem abastecendo o cadastro nacional com informa\u00e7\u00f5es anteriores a novembro, o que significa que o percentual de 5% tende a aumentar ainda mais.<\/p>\n<p>A pasta tamb\u00e9m atualizou os dados estaduais. Somados os diagn\u00f3sticos de dezembro e outros ainda n\u00e3o reportados ao Sistema de Informa\u00e7\u00e3o de Agravos de Notifica\u00e7\u00e3o (Sinan), o total de novos casos notificados em 2023\u00a0j\u00e1 chega a 4.212.<\/p>\n<p>\u201cPara n\u00f3s, o aumento [dos diagn\u00f3sticos] nacional do \u00faltimo ano n\u00e3o \u00e9 novidade, pois h\u00e1 uma grande subnotifica\u00e7\u00e3o de casos no pa\u00eds\u201d, disse o coordenador Nacional do Movimento de Reintegra\u00e7\u00e3o das Pessoas Atingidas pela Hansen\u00edase (Morhan), Faustino Pinto, explicando que, paradoxalmente, o aumento de diagn\u00f3sticos \u00e9, em um primeiro momento, algo positivo.<\/p>\n<p>De acordo com Faustino, at\u00e9 2019, o n\u00famero de novos casos identificados vinha aumentando ano a ano, sem, com isso, representar a real gravidade da situa\u00e7\u00e3o. \u201cComo h\u00e1 muitos anos n\u00e3o h\u00e1 uma campanha nacional de esclarecimento e est\u00edmulo para as pessoas procurarem o servi\u00e7o de sa\u00fade em caso de suspeita da doen\u00e7a, os diagn\u00f3sticos s\u00e3o resultado de uma busca espont\u00e2nea. As pessoas procuraram o servi\u00e7o de sa\u00fade por iniciativa pr\u00f3pria, buscando as causas de uma mancha na pele; \u00e1rea dormente ou dores nos nervos\u201d, explicou Pinto, acrescentando que a situa\u00e7\u00e3o piorou de 2020 a 2021, devido \u00e0 pandemia da covid-19.<\/p>\n<p>A Secretaria de Vigil\u00e2ncia em Sa\u00fade, do Minist\u00e9rio da Sa\u00fade, no\u00a0<a href=\"https:\/\/www.gov.br\/saude\/pt-br\/centrais-de-conteudo\/publicacoes\/boletins\/epidemiologicos\/especiais\/2023\/boletim_hanseniase-2023_internet_completo.pdf\" target=\"_blank\" rel=\"noopener\">boletim epidemiol\u00f3gico<\/a>\u00a0divulgado em janeiro de 2023, com os dados da doen\u00e7a relativos a 2022, admite que a pandemia imp\u00f4s um desafio extra, exigindo estrat\u00e9gias direcionadas ao fortalecimento das a\u00e7\u00f5es de controle da hansen\u00edase.<\/p>\n<p>\u201cA pandemia de covid-19 criou dificuldades para novos diagn\u00f3sticos e para o tratamento de pacientes com hansen\u00edase, contribuindo para a subnotifica\u00e7\u00e3o e o pior progn\u00f3stico dos casos\u201d, disse a secretaria ao demonstrar que, de 2019 a 2020, o total de casos diagnosticados caiu de 27.864 para 17.979. Al\u00e9m disso, em 2021, 11,2% dos 18.318 novos pacientes identificados j\u00e1 apresentavam les\u00f5es graves nos olhos, m\u00e3os e p\u00e9s quando foram diagnosticados.<\/p>\n<div class=\"dnd-widget-wrapper context-cheio_8colunas type-image\">\n<div class=\"dnd-atom-rendered\">\n<div class=\"shadow overflow-hidden rounded-lg d-block w-100\"><img decoding=\"async\" class=\"flex-fill img-cover\" title=\"Fonte: Sinan\/SVS\/MS\" src=\"https:\/\/imagens.ebc.com.br\/jwXb2IYaDvqTk7Gb2B-1nE2PQcg=\/754x0\/smart\/https:\/\/agenciabrasil.ebc.com.br\/sites\/default\/files\/thumbnails\/image\/hanseniase_0.jpg?itok=HAEngGJs\" alt=\"Novos casos de hansen\u00edase aumentaram 5% de janeiro a novembro de 2023. Fonte: Sinan\/SVS\/MS\" \/><\/div>\n<\/div>\n<div class=\"dnd-caption-wrapper\">\n<h6 class=\"meta\"><strong>Fonte: Sinan\/SVS\/MS<\/strong><\/h6>\n<\/div>\n<\/div>\n<p>\u201cOu seja, hoje n\u00e3o retornamos sequer aos n\u00fameros pr\u00e9-pandemia, quando j\u00e1 acus\u00e1vamos a subnotifica\u00e7\u00e3o. O que significa que a situa\u00e7\u00e3o atual \u00e9 ainda mais grave, porque se estamos identificando apenas os pacientes que chegam por demanda espont\u00e2nea, muitas pessoas est\u00e3o deixando de ser tratadas a tempo de evitar sequelas neurol\u00f3gicas. Tamb\u00e9m estamos falhando nos esfor\u00e7os para interromper o ciclo de transmiss\u00e3o da doen\u00e7a\u201d, comentou Pinto, destacando que, uma vez iniciado o tratamento, a pessoa infectada deixa de transmitir a bact\u00e9ria causadora da hansen\u00edase para outras pessoas suscept\u00edveis a desenvolver a doen\u00e7a.<\/p>\n<p>Leia mais<\/p>\n<p><a href=\"https:\/\/redenoticiaz.com.br\/blog\/2024\/01\/05\/janeiro-branco-traz-programacao-de-apoio-emocional-e-cuidados-com-a-saude-mental\">Janeiro Branco traz programa\u00e7\u00e3o de apoio emocional e cuidados com a sa\u00fade mental<\/a><\/p>\n<p><a href=\"https:\/\/redenoticiaz.com.br\/blog\/2023\/12\/03\/dezembro-laranja-proteja-sua-pele-cuide-da-sua-saude\">Dezembro Laranja: proteja sua pele, cuide da sua sa\u00fade<\/a><\/p>\n","protected":false},"excerpt":{"rendered":"<p>Entre janeiro e novembro de 2023, o Brasil diagnosticou ao menos 19.219 novos casos de hansen\u00edase. Mesmo que preliminar, o resultado j\u00e1 \u00e9 5% superior ao total de notifica\u00e7\u00f5es registradas no mesmo per\u00edodo de 2022. Segundo as informa\u00e7\u00f5es do Painel de Monitoramento de Indicadores da Hansen\u00edase, do Minist\u00e9rio da Sa\u00fade, o estado de Mato Grosso &hellip;<\/p>\n","protected":false},"author":12,"featured_media":114266,"comment_status":"open","ping_status":"closed","sticky":false,"template":"","format":"standard","meta":{"footnotes":""},"categories":[129],"tags":[23299,24081],"class_list":["post-114265","post","type-post","status-publish","format-standard","has-post-thumbnail","hentry","category-saude","tag-janeiro","tag-janeiro-roxo"],"yoast_head":"<!-- This site is optimized with the Yoast SEO plugin v27.4 - https:\/\/yoast.com\/product\/yoast-seo-wordpress\/ -->\n<title>Novos casos de hansen\u00edase aumentaram 5% de janeiro a novembro de 2023 - Ribeir\u00e3o Preto e Regi\u00e3o<\/title>\n<meta name=\"description\" content=\"Mesmo que preliminar, o resultado j\u00e1 \u00e9 5% superior ao total de notifica\u00e7\u00f5es registradas no mesmo per\u00edodo de 2022.\" \/>\n<meta name=\"robots\" content=\"index, follow, max-snippet:-1, max-image-preview:large, max-video-preview:-1\" \/>\n<link rel=\"canonical\" href=\"https:\/\/redenoticiaz.com.br\/ribeiraopreto-regiao\/sp\/2024\/01\/13\/novos-casos-de-hanseniase-aumentaram-5-de-janeiro-a-novembro-de-2023\" \/>\n<meta property=\"og:locale\" content=\"pt_BR\" \/>\n<meta property=\"og:type\" content=\"article\" \/>\n<meta property=\"og:title\" content=\"Novos casos de hansen\u00edase aumentaram 5% de janeiro a novembro de 2023 - Ribeir\u00e3o Preto e Regi\u00e3o\" \/>\n<meta property=\"og:description\" content=\"Mesmo que preliminar, o resultado j\u00e1 \u00e9 5% superior ao total de notifica\u00e7\u00f5es registradas no mesmo per\u00edodo de 2022.\" \/>\n<meta property=\"og:url\" content=\"https:\/\/redenoticiaz.com.br\/ribeiraopreto-regiao\/sp\/2024\/01\/13\/novos-casos-de-hanseniase-aumentaram-5-de-janeiro-a-novembro-de-2023\" \/>\n<meta property=\"og:site_name\" content=\"Ribeir\u00e3o Preto e Regi\u00e3o\" \/>\n<meta property=\"article:publisher\" content=\"https:\/\/m.facebook.com\/redenoticiaz.barretos\" \/>\n<meta property=\"article:published_time\" content=\"2024-01-13T19:00:48+00:00\" \/>\n<meta property=\"og:image\" content=\"https:\/\/redenoticiaz.com.br\/ribeiraopreto-regiao\/wp-content\/uploads\/sites\/4\/2024\/01\/92c423d1-9dc3-47c0-8069-51b6f1f6de8a.jpg?v=1704985165\" \/>\n\t<meta property=\"og:image:width\" content=\"1170\" \/>\n\t<meta property=\"og:image:height\" content=\"700\" \/>\n\t<meta property=\"og:image:type\" content=\"image\/jpeg\" \/>\n<meta name=\"author\" content=\"Gustavo Silva\" \/>\n<meta name=\"twitter:card\" content=\"summary_large_image\" \/>\n<meta name=\"twitter:creator\" content=\"@RN_barretos\" \/>\n<meta name=\"twitter:site\" content=\"@RN_barretos\" \/>\n<meta name=\"twitter:label1\" content=\"Escrito por\" \/>\n\t<meta name=\"twitter:data1\" content=\"Gustavo Silva\" \/>\n\t<meta name=\"twitter:label2\" content=\"Est. tempo de leitura\" \/>\n\t<meta name=\"twitter:data2\" content=\"5 minutos\" \/>\n<script type=\"application\/ld+json\" class=\"yoast-schema-graph\">{\"@context\":\"https:\\\/\\\/schema.org\",\"@graph\":[{\"@type\":\"Article\",\"@id\":\"https:\\\/\\\/redenoticiaz.com.br\\\/ribeiraopreto-regiao\\\/sp\\\/2024\\\/01\\\/13\\\/novos-casos-de-hanseniase-aumentaram-5-de-janeiro-a-novembro-de-2023#article\",\"isPartOf\":{\"@id\":\"https:\\\/\\\/redenoticiaz.com.br\\\/ribeiraopreto-regiao\\\/sp\\\/2024\\\/01\\\/13\\\/novos-casos-de-hanseniase-aumentaram-5-de-janeiro-a-novembro-de-2023\"},\"author\":{\"name\":\"Gustavo Silva\",\"@id\":\"https:\\\/\\\/redenoticiaz.com.br\\\/ribeiraopreto-regiao\\\/#\\\/schema\\\/person\\\/16057b37a3c0ee6b096d7f887c566e2e\"},\"headline\":\"Novos casos de hansen\u00edase aumentaram 5% de janeiro a novembro de 2023\",\"datePublished\":\"2024-01-13T19:00:48+00:00\",\"mainEntityOfPage\":{\"@id\":\"https:\\\/\\\/redenoticiaz.com.br\\\/ribeiraopreto-regiao\\\/sp\\\/2024\\\/01\\\/13\\\/novos-casos-de-hanseniase-aumentaram-5-de-janeiro-a-novembro-de-2023\"},\"wordCount\":674,\"commentCount\":0,\"publisher\":{\"@id\":\"https:\\\/\\\/redenoticiaz.com.br\\\/ribeiraopreto-regiao\\\/#organization\"},\"image\":{\"@id\":\"https:\\\/\\\/redenoticiaz.com.br\\\/ribeiraopreto-regiao\\\/sp\\\/2024\\\/01\\\/13\\\/novos-casos-de-hanseniase-aumentaram-5-de-janeiro-a-novembro-de-2023#primaryimage\"},\"thumbnailUrl\":\"https:\\\/\\\/redenoticiaz.com.br\\\/ribeiraopreto-regiao\\\/wp-content\\\/uploads\\\/sites\\\/4\\\/2024\\\/01\\\/92c423d1-9dc3-47c0-8069-51b6f1f6de8a.jpg?v=1704985165\",\"keywords\":[\"JANEIRO\",\"JANEIRO ROXO\"],\"articleSection\":[\"Sa\u00fade\"],\"inLanguage\":\"pt-BR\",\"potentialAction\":[{\"@type\":\"CommentAction\",\"name\":\"Comment\",\"target\":[\"https:\\\/\\\/redenoticiaz.com.br\\\/ribeiraopreto-regiao\\\/sp\\\/2024\\\/01\\\/13\\\/novos-casos-de-hanseniase-aumentaram-5-de-janeiro-a-novembro-de-2023#respond\"]}]},{\"@type\":\"WebPage\",\"@id\":\"https:\\\/\\\/redenoticiaz.com.br\\\/ribeiraopreto-regiao\\\/sp\\\/2024\\\/01\\\/13\\\/novos-casos-de-hanseniase-aumentaram-5-de-janeiro-a-novembro-de-2023\",\"url\":\"https:\\\/\\\/redenoticiaz.com.br\\\/ribeiraopreto-regiao\\\/sp\\\/2024\\\/01\\\/13\\\/novos-casos-de-hanseniase-aumentaram-5-de-janeiro-a-novembro-de-2023\",\"name\":\"Novos casos de hansen\u00edase aumentaram 5% de janeiro a novembro de 2023 - Ribeir\u00e3o Preto e Regi\u00e3o\",\"isPartOf\":{\"@id\":\"https:\\\/\\\/redenoticiaz.com.br\\\/ribeiraopreto-regiao\\\/#website\"},\"primaryImageOfPage\":{\"@id\":\"https:\\\/\\\/redenoticiaz.com.br\\\/ribeiraopreto-regiao\\\/sp\\\/2024\\\/01\\\/13\\\/novos-casos-de-hanseniase-aumentaram-5-de-janeiro-a-novembro-de-2023#primaryimage\"},\"image\":{\"@id\":\"https:\\\/\\\/redenoticiaz.com.br\\\/ribeiraopreto-regiao\\\/sp\\\/2024\\\/01\\\/13\\\/novos-casos-de-hanseniase-aumentaram-5-de-janeiro-a-novembro-de-2023#primaryimage\"},\"thumbnailUrl\":\"https:\\\/\\\/redenoticiaz.com.br\\\/ribeiraopreto-regiao\\\/wp-content\\\/uploads\\\/sites\\\/4\\\/2024\\\/01\\\/92c423d1-9dc3-47c0-8069-51b6f1f6de8a.jpg?v=1704985165\",\"datePublished\":\"2024-01-13T19:00:48+00:00\",\"description\":\"Mesmo que preliminar, o resultado j\u00e1 \u00e9 5% superior ao total de notifica\u00e7\u00f5es registradas no mesmo per\u00edodo de 2022.\",\"inLanguage\":\"pt-BR\",\"potentialAction\":[{\"@type\":\"ReadAction\",\"target\":[\"https:\\\/\\\/redenoticiaz.com.br\\\/ribeiraopreto-regiao\\\/sp\\\/2024\\\/01\\\/13\\\/novos-casos-de-hanseniase-aumentaram-5-de-janeiro-a-novembro-de-2023\"]}]},{\"@type\":\"ImageObject\",\"inLanguage\":\"pt-BR\",\"@id\":\"https:\\\/\\\/redenoticiaz.com.br\\\/ribeiraopreto-regiao\\\/sp\\\/2024\\\/01\\\/13\\\/novos-casos-de-hanseniase-aumentaram-5-de-janeiro-a-novembro-de-2023#primaryimage\",\"url\":\"https:\\\/\\\/redenoticiaz.com.br\\\/ribeiraopreto-regiao\\\/wp-content\\\/uploads\\\/sites\\\/4\\\/2024\\\/01\\\/92c423d1-9dc3-47c0-8069-51b6f1f6de8a.jpg?v=1704985165\",\"contentUrl\":\"https:\\\/\\\/redenoticiaz.com.br\\\/ribeiraopreto-regiao\\\/wp-content\\\/uploads\\\/sites\\\/4\\\/2024\\\/01\\\/92c423d1-9dc3-47c0-8069-51b6f1f6de8a.jpg?v=1704985165\",\"width\":1170,\"height\":700},{\"@type\":\"WebSite\",\"@id\":\"https:\\\/\\\/redenoticiaz.com.br\\\/ribeiraopreto-regiao\\\/#website\",\"url\":\"https:\\\/\\\/redenoticiaz.com.br\\\/ribeiraopreto-regiao\\\/\",\"name\":\"Ribeir\u00e3o Preto e Regi\u00e3o\",\"description\":\"Rede NoticiaZ - Ribeir\u00e3o Preto e regi\u00e3o\",\"publisher\":{\"@id\":\"https:\\\/\\\/redenoticiaz.com.br\\\/ribeiraopreto-regiao\\\/#organization\"},\"potentialAction\":[{\"@type\":\"SearchAction\",\"target\":{\"@type\":\"EntryPoint\",\"urlTemplate\":\"https:\\\/\\\/redenoticiaz.com.br\\\/ribeiraopreto-regiao\\\/?s={search_term_string}\"},\"query-input\":{\"@type\":\"PropertyValueSpecification\",\"valueRequired\":true,\"valueName\":\"search_term_string\"}}],\"inLanguage\":\"pt-BR\"},{\"@type\":\"Organization\",\"@id\":\"https:\\\/\\\/redenoticiaz.com.br\\\/ribeiraopreto-regiao\\\/#organization\",\"name\":\"Ribeir\u00e3o Preto e Regi\u00e3o\",\"url\":\"https:\\\/\\\/redenoticiaz.com.br\\\/ribeiraopreto-regiao\\\/\",\"logo\":{\"@type\":\"ImageObject\",\"inLanguage\":\"pt-BR\",\"@id\":\"https:\\\/\\\/redenoticiaz.com.br\\\/ribeiraopreto-regiao\\\/#\\\/schema\\\/logo\\\/image\\\/\",\"url\":\"https:\\\/\\\/redenoticiaz.com.br\\\/barretos-regiao\\\/wp-content\\\/uploads\\\/sites\\\/4\\\/2022\\\/02\\\/logo.jpg\",\"contentUrl\":\"https:\\\/\\\/redenoticiaz.com.br\\\/barretos-regiao\\\/wp-content\\\/uploads\\\/sites\\\/4\\\/2022\\\/02\\\/logo.jpg\",\"width\":400,\"height\":250,\"caption\":\"Ribeir\u00e3o Preto e Regi\u00e3o\"},\"image\":{\"@id\":\"https:\\\/\\\/redenoticiaz.com.br\\\/ribeiraopreto-regiao\\\/#\\\/schema\\\/logo\\\/image\\\/\"},\"sameAs\":[\"https:\\\/\\\/m.facebook.com\\\/redenoticiaz.barretos\",\"https:\\\/\\\/x.com\\\/RN_barretos\",\"https:\\\/\\\/www.instagram.com\\\/redenoticiaz.barretos\\\/?igshid=YmMyMTA2M2Y\",\"https:\\\/\\\/www.linkedin.com\\\/company\\\/rede-noticiaz-barretos-e-regio\\\/\"]},{\"@type\":\"Person\",\"@id\":\"https:\\\/\\\/redenoticiaz.com.br\\\/ribeiraopreto-regiao\\\/#\\\/schema\\\/person\\\/16057b37a3c0ee6b096d7f887c566e2e\",\"name\":\"Gustavo Silva\",\"image\":{\"@type\":\"ImageObject\",\"inLanguage\":\"pt-BR\",\"@id\":\"https:\\\/\\\/secure.gravatar.com\\\/avatar\\\/3ee4e82f93b26de0a7cf4ea5eb7893da637ed6bb0c9170c58065944c56e28a33?s=96&d=mm&r=g\",\"url\":\"https:\\\/\\\/secure.gravatar.com\\\/avatar\\\/3ee4e82f93b26de0a7cf4ea5eb7893da637ed6bb0c9170c58065944c56e28a33?s=96&d=mm&r=g\",\"contentUrl\":\"https:\\\/\\\/secure.gravatar.com\\\/avatar\\\/3ee4e82f93b26de0a7cf4ea5eb7893da637ed6bb0c9170c58065944c56e28a33?s=96&d=mm&r=g\",\"caption\":\"Gustavo Silva\"},\"url\":\"https:\\\/\\\/redenoticiaz.com.br\\\/ribeiraopreto-regiao\\\/sp\\\/author\\\/gustavosilva\"}]}<\/script>\n<!-- \/ Yoast SEO plugin. -->","yoast_head_json":{"title":"Novos casos de hansen\u00edase aumentaram 5% de janeiro a novembro de 2023 - Ribeir\u00e3o Preto e Regi\u00e3o","description":"Mesmo que preliminar, o resultado j\u00e1 \u00e9 5% superior ao total de notifica\u00e7\u00f5es registradas no mesmo per\u00edodo de 2022.","robots":{"index":"index","follow":"follow","max-snippet":"max-snippet:-1","max-image-preview":"max-image-preview:large","max-video-preview":"max-video-preview:-1"},"canonical":"https:\/\/redenoticiaz.com.br\/ribeiraopreto-regiao\/sp\/2024\/01\/13\/novos-casos-de-hanseniase-aumentaram-5-de-janeiro-a-novembro-de-2023","og_locale":"pt_BR","og_type":"article","og_title":"Novos casos de hansen\u00edase aumentaram 5% de janeiro a novembro de 2023 - Ribeir\u00e3o Preto e Regi\u00e3o","og_description":"Mesmo que preliminar, o resultado j\u00e1 \u00e9 5% superior ao total de notifica\u00e7\u00f5es registradas no mesmo per\u00edodo de 2022.","og_url":"https:\/\/redenoticiaz.com.br\/ribeiraopreto-regiao\/sp\/2024\/01\/13\/novos-casos-de-hanseniase-aumentaram-5-de-janeiro-a-novembro-de-2023","og_site_name":"Ribeir\u00e3o Preto e Regi\u00e3o","article_publisher":"https:\/\/m.facebook.com\/redenoticiaz.barretos","article_published_time":"2024-01-13T19:00:48+00:00","og_image":[{"width":1170,"height":700,"url":"https:\/\/redenoticiaz.com.br\/ribeiraopreto-regiao\/wp-content\/uploads\/sites\/4\/2024\/01\/92c423d1-9dc3-47c0-8069-51b6f1f6de8a.jpg?v=1704985165","type":"image\/jpeg"}],"author":"Gustavo Silva","twitter_card":"summary_large_image","twitter_creator":"@RN_barretos","twitter_site":"@RN_barretos","twitter_misc":{"Escrito por":"Gustavo Silva","Est. tempo de leitura":"5 minutos"},"schema":{"@context":"https:\/\/schema.org","@graph":[{"@type":"Article","@id":"https:\/\/redenoticiaz.com.br\/ribeiraopreto-regiao\/sp\/2024\/01\/13\/novos-casos-de-hanseniase-aumentaram-5-de-janeiro-a-novembro-de-2023#article","isPartOf":{"@id":"https:\/\/redenoticiaz.com.br\/ribeiraopreto-regiao\/sp\/2024\/01\/13\/novos-casos-de-hanseniase-aumentaram-5-de-janeiro-a-novembro-de-2023"},"author":{"name":"Gustavo Silva","@id":"https:\/\/redenoticiaz.com.br\/ribeiraopreto-regiao\/#\/schema\/person\/16057b37a3c0ee6b096d7f887c566e2e"},"headline":"Novos casos de hansen\u00edase aumentaram 5% de janeiro a novembro de 2023","datePublished":"2024-01-13T19:00:48+00:00","mainEntityOfPage":{"@id":"https:\/\/redenoticiaz.com.br\/ribeiraopreto-regiao\/sp\/2024\/01\/13\/novos-casos-de-hanseniase-aumentaram-5-de-janeiro-a-novembro-de-2023"},"wordCount":674,"commentCount":0,"publisher":{"@id":"https:\/\/redenoticiaz.com.br\/ribeiraopreto-regiao\/#organization"},"image":{"@id":"https:\/\/redenoticiaz.com.br\/ribeiraopreto-regiao\/sp\/2024\/01\/13\/novos-casos-de-hanseniase-aumentaram-5-de-janeiro-a-novembro-de-2023#primaryimage"},"thumbnailUrl":"https:\/\/redenoticiaz.com.br\/ribeiraopreto-regiao\/wp-content\/uploads\/sites\/4\/2024\/01\/92c423d1-9dc3-47c0-8069-51b6f1f6de8a.jpg?v=1704985165","keywords":["JANEIRO","JANEIRO ROXO"],"articleSection":["Sa\u00fade"],"inLanguage":"pt-BR","potentialAction":[{"@type":"CommentAction","name":"Comment","target":["https:\/\/redenoticiaz.com.br\/ribeiraopreto-regiao\/sp\/2024\/01\/13\/novos-casos-de-hanseniase-aumentaram-5-de-janeiro-a-novembro-de-2023#respond"]}]},{"@type":"WebPage","@id":"https:\/\/redenoticiaz.com.br\/ribeiraopreto-regiao\/sp\/2024\/01\/13\/novos-casos-de-hanseniase-aumentaram-5-de-janeiro-a-novembro-de-2023","url":"https:\/\/redenoticiaz.com.br\/ribeiraopreto-regiao\/sp\/2024\/01\/13\/novos-casos-de-hanseniase-aumentaram-5-de-janeiro-a-novembro-de-2023","name":"Novos casos de hansen\u00edase aumentaram 5% de janeiro a novembro de 2023 - Ribeir\u00e3o Preto e Regi\u00e3o","isPartOf":{"@id":"https:\/\/redenoticiaz.com.br\/ribeiraopreto-regiao\/#website"},"primaryImageOfPage":{"@id":"https:\/\/redenoticiaz.com.br\/ribeiraopreto-regiao\/sp\/2024\/01\/13\/novos-casos-de-hanseniase-aumentaram-5-de-janeiro-a-novembro-de-2023#primaryimage"},"image":{"@id":"https:\/\/redenoticiaz.com.br\/ribeiraopreto-regiao\/sp\/2024\/01\/13\/novos-casos-de-hanseniase-aumentaram-5-de-janeiro-a-novembro-de-2023#primaryimage"},"thumbnailUrl":"https:\/\/redenoticiaz.com.br\/ribeiraopreto-regiao\/wp-content\/uploads\/sites\/4\/2024\/01\/92c423d1-9dc3-47c0-8069-51b6f1f6de8a.jpg?v=1704985165","datePublished":"2024-01-13T19:00:48+00:00","description":"Mesmo que preliminar, o resultado j\u00e1 \u00e9 5% superior ao total de notifica\u00e7\u00f5es registradas no mesmo per\u00edodo de 2022.","inLanguage":"pt-BR","potentialAction":[{"@type":"ReadAction","target":["https:\/\/redenoticiaz.com.br\/ribeiraopreto-regiao\/sp\/2024\/01\/13\/novos-casos-de-hanseniase-aumentaram-5-de-janeiro-a-novembro-de-2023"]}]},{"@type":"ImageObject","inLanguage":"pt-BR","@id":"https:\/\/redenoticiaz.com.br\/ribeiraopreto-regiao\/sp\/2024\/01\/13\/novos-casos-de-hanseniase-aumentaram-5-de-janeiro-a-novembro-de-2023#primaryimage","url":"https:\/\/redenoticiaz.com.br\/ribeiraopreto-regiao\/wp-content\/uploads\/sites\/4\/2024\/01\/92c423d1-9dc3-47c0-8069-51b6f1f6de8a.jpg?v=1704985165","contentUrl":"https:\/\/redenoticiaz.com.br\/ribeiraopreto-regiao\/wp-content\/uploads\/sites\/4\/2024\/01\/92c423d1-9dc3-47c0-8069-51b6f1f6de8a.jpg?v=1704985165","width":1170,"height":700},{"@type":"WebSite","@id":"https:\/\/redenoticiaz.com.br\/ribeiraopreto-regiao\/#website","url":"https:\/\/redenoticiaz.com.br\/ribeiraopreto-regiao\/","name":"Ribeir\u00e3o Preto e Regi\u00e3o","description":"Rede NoticiaZ - Ribeir\u00e3o Preto e regi\u00e3o","publisher":{"@id":"https:\/\/redenoticiaz.com.br\/ribeiraopreto-regiao\/#organization"},"potentialAction":[{"@type":"SearchAction","target":{"@type":"EntryPoint","urlTemplate":"https:\/\/redenoticiaz.com.br\/ribeiraopreto-regiao\/?s={search_term_string}"},"query-input":{"@type":"PropertyValueSpecification","valueRequired":true,"valueName":"search_term_string"}}],"inLanguage":"pt-BR"},{"@type":"Organization","@id":"https:\/\/redenoticiaz.com.br\/ribeiraopreto-regiao\/#organization","name":"Ribeir\u00e3o Preto e Regi\u00e3o","url":"https:\/\/redenoticiaz.com.br\/ribeiraopreto-regiao\/","logo":{"@type":"ImageObject","inLanguage":"pt-BR","@id":"https:\/\/redenoticiaz.com.br\/ribeiraopreto-regiao\/#\/schema\/logo\/image\/","url":"https:\/\/redenoticiaz.com.br\/barretos-regiao\/wp-content\/uploads\/sites\/4\/2022\/02\/logo.jpg","contentUrl":"https:\/\/redenoticiaz.com.br\/barretos-regiao\/wp-content\/uploads\/sites\/4\/2022\/02\/logo.jpg","width":400,"height":250,"caption":"Ribeir\u00e3o Preto e Regi\u00e3o"},"image":{"@id":"https:\/\/redenoticiaz.com.br\/ribeiraopreto-regiao\/#\/schema\/logo\/image\/"},"sameAs":["https:\/\/m.facebook.com\/redenoticiaz.barretos","https:\/\/x.com\/RN_barretos","https:\/\/www.instagram.com\/redenoticiaz.barretos\/?igshid=YmMyMTA2M2Y","https:\/\/www.linkedin.com\/company\/rede-noticiaz-barretos-e-regio\/"]},{"@type":"Person","@id":"https:\/\/redenoticiaz.com.br\/ribeiraopreto-regiao\/#\/schema\/person\/16057b37a3c0ee6b096d7f887c566e2e","name":"Gustavo Silva","image":{"@type":"ImageObject","inLanguage":"pt-BR","@id":"https:\/\/secure.gravatar.com\/avatar\/3ee4e82f93b26de0a7cf4ea5eb7893da637ed6bb0c9170c58065944c56e28a33?s=96&d=mm&r=g","url":"https:\/\/secure.gravatar.com\/avatar\/3ee4e82f93b26de0a7cf4ea5eb7893da637ed6bb0c9170c58065944c56e28a33?s=96&d=mm&r=g","contentUrl":"https:\/\/secure.gravatar.com\/avatar\/3ee4e82f93b26de0a7cf4ea5eb7893da637ed6bb0c9170c58065944c56e28a33?s=96&d=mm&r=g","caption":"Gustavo Silva"},"url":"https:\/\/redenoticiaz.com.br\/ribeiraopreto-regiao\/sp\/author\/gustavosilva"}]}},"_links":{"self":[{"href":"https:\/\/redenoticiaz.com.br\/ribeiraopreto-regiao\/wp-json\/wp\/v2\/posts\/114265","targetHints":{"allow":["GET"]}}],"collection":[{"href":"https:\/\/redenoticiaz.com.br\/ribeiraopreto-regiao\/wp-json\/wp\/v2\/posts"}],"about":[{"href":"https:\/\/redenoticiaz.com.br\/ribeiraopreto-regiao\/wp-json\/wp\/v2\/types\/post"}],"author":[{"embeddable":true,"href":"https:\/\/redenoticiaz.com.br\/ribeiraopreto-regiao\/wp-json\/wp\/v2\/users\/12"}],"replies":[{"embeddable":true,"href":"https:\/\/redenoticiaz.com.br\/ribeiraopreto-regiao\/wp-json\/wp\/v2\/comments?post=114265"}],"version-history":[{"count":1,"href":"https:\/\/redenoticiaz.com.br\/ribeiraopreto-regiao\/wp-json\/wp\/v2\/posts\/114265\/revisions"}],"predecessor-version":[{"id":114366,"href":"https:\/\/redenoticiaz.com.br\/ribeiraopreto-regiao\/wp-json\/wp\/v2\/posts\/114265\/revisions\/114366"}],"wp:featuredmedia":[{"embeddable":true,"href":"https:\/\/redenoticiaz.com.br\/ribeiraopreto-regiao\/wp-json\/wp\/v2\/media\/114266"}],"wp:attachment":[{"href":"https:\/\/redenoticiaz.com.br\/ribeiraopreto-regiao\/wp-json\/wp\/v2\/media?parent=114265"}],"wp:term":[{"taxonomy":"category","embeddable":true,"href":"https:\/\/redenoticiaz.com.br\/ribeiraopreto-regiao\/wp-json\/wp\/v2\/categories?post=114265"},{"taxonomy":"post_tag","embeddable":true,"href":"https:\/\/redenoticiaz.com.br\/ribeiraopreto-regiao\/wp-json\/wp\/v2\/tags?post=114265"}],"curies":[{"name":"wp","href":"https:\/\/api.w.org\/{rel}","templated":true}]}}