{"id":114491,"date":"2024-01-20T13:00:59","date_gmt":"2024-01-20T16:00:59","guid":{"rendered":"https:\/\/redenoticiaz.com.br\/barretos-regiao\/?p=114491"},"modified":"2024-01-17T17:14:59","modified_gmt":"2024-01-17T20:14:59","slug":"janeiro-roxo-mes-faz-alerta-para-combater-o-estigma-e-a-discriminacao-da-hanseniase","status":"publish","type":"post","link":"https:\/\/redenoticiaz.com.br\/ribeiraopreto-regiao\/sp\/2024\/01\/20\/janeiro-roxo-mes-faz-alerta-para-combater-o-estigma-e-a-discriminacao-da-hanseniase","title":{"rendered":"Janeiro roxo: m\u00eas faz alerta para combater o estigma e a discrimina\u00e7\u00e3o da hansen\u00edase"},"content":{"rendered":"<p>Em um esfor\u00e7o conjunto para conscientizar a sociedade sobre a hansen\u00edase, janeiro \u00e9 dedicado ao &#8220;Janeiro Roxo&#8221;, um m\u00eas de alerta para o combate ao estigma e \u00e0 discrimina\u00e7\u00e3o associados a essa doen\u00e7a milenar. O objetivo \u00e9 promover a informa\u00e7\u00e3o, a empatia e a solidariedade em rela\u00e7\u00e3o \u00e0s pessoas afetadas por essa condi\u00e7\u00e3o.<\/p>\n<p>\u201cA hansen\u00edase \u00e9 uma doen\u00e7a infectocontagiosa transmitida por uma bact\u00e9ria &#8211; mycobacterium leprae &#8211; atrav\u00e9s da respira\u00e7\u00e3o, got\u00edculas que ficam suspensas no ar. Possui afinidade pela pele e pelos nervos perif\u00e9ricos, podendo causar incapacidades f\u00edsicas e deformidades. Entre os sinais e sintomas da doen\u00e7a podem aparecer manchas brancas ou avermelhadas na pele, congest\u00e3o nasal, dorm\u00eancia, dificuldade em perceber pelo contato com a pele varia\u00e7\u00f5es t\u00e9rmicas, entre outros. Apesar dos avan\u00e7os nos tratamentos e da curabilidade da doen\u00e7a, o estigma social persiste, muitas vezes prejudicando a qualidade de vida dos pacientes\u201d, declara Dra. Renata Amorim, m\u00e9dica dermatologista da Rede OTO | Kora Sa\u00fade.<\/p>\n<p>Durante o Janeiro Roxo, campanhas de conscientiza\u00e7\u00e3o s\u00e3o intensificadas em todo o pa\u00eds, envolvendo organiza\u00e7\u00f5es de sa\u00fade, governos locais e a sociedade civil. O foco est\u00e1 na dissemina\u00e7\u00e3o de informa\u00e7\u00f5es precisas sobre a hansen\u00edase, destacando a import\u00e2ncia do diagn\u00f3stico precoce e do tratamento adequado.<\/p>\n<p>Dra. Renata Amorim ressalta ainda a necessidade de combater o estigma associado a hansen\u00edase. &#8220;O Janeiro Roxo n\u00e3o \u00e9 apenas a conscientiza\u00e7\u00e3o sobre a doen\u00e7a, mas tamb\u00e9m para promover um ambiente de compreens\u00e3o e apoio para aqueles que enfrentam o desafio da hansen\u00edase&#8221;, destaca a especialista.<\/p>\n<p>A discrimina\u00e7\u00e3o relacionada \u00e0 hansen\u00edase frequentemente leva ao isolamento social, impactando negativamente a sa\u00fade mental dos pacientes. \u201cO estigma est\u00e1 enraizado em mitos e desinforma\u00e7\u00e3o que perpetuam o medo, contribuindo para o atraso no diagn\u00f3stico e tratamento\u201d alerta. Fomentando a conscientiza\u00e7\u00e3o e a empatia, o m\u00eas roxo busca construir uma sociedade mais inclusiva, na qual a hansen\u00edase seja compreendida como uma condi\u00e7\u00e3o m\u00e9dica trat\u00e1vel, e n\u00e3o como motivo para estigmatiza\u00e7\u00e3o. \u201cA conscientiza\u00e7\u00e3o \u00e9 a chave para a mudan\u00e7a, e o combate ao estigma come\u00e7a com o entendimento e a solidariedade de todos\u201d, finaliza Dra. Renata Amorim.<\/p>\n<p>LEIA MAIS<\/p>\n<p><a href=\"https:\/\/redenoticiaz.com.br\/blog\/2024\/01\/03\/campanha-janeiro-branco-alerta-para-saude-mental-e-emocional\">Campanha Janeiro Branco alerta para sa\u00fade mental e emocional<\/a><\/p>\n","protected":false},"excerpt":{"rendered":"<p>Em um esfor\u00e7o conjunto para conscientizar a sociedade sobre a hansen\u00edase, janeiro \u00e9 dedicado ao &#8220;Janeiro Roxo&#8221;, um m\u00eas de alerta para o combate ao estigma e \u00e0 discrimina\u00e7\u00e3o associados a essa doen\u00e7a milenar. O objetivo \u00e9 promover a informa\u00e7\u00e3o, a empatia e a solidariedade em rela\u00e7\u00e3o \u00e0s pessoas afetadas por essa condi\u00e7\u00e3o. \u201cA hansen\u00edase &hellip;<\/p>\n","protected":false},"author":30,"featured_media":114492,"comment_status":"open","ping_status":"closed","sticky":false,"template":"","format":"standard","meta":{"footnotes":""},"categories":[129],"tags":[24082,24081],"class_list":["post-114491","post","type-post","status-publish","format-standard","has-post-thumbnail","hentry","category-saude","tag-hanseniase","tag-janeiro-roxo"],"yoast_head":"<!-- This site is optimized with the Yoast SEO plugin v27.4 - https:\/\/yoast.com\/product\/yoast-seo-wordpress\/ -->\n<title>Janeiro roxo: m\u00eas faz alerta para combater o estigma e a discrimina\u00e7\u00e3o da hansen\u00edase - Ribeir\u00e3o Preto e Regi\u00e3o<\/title>\n<meta name=\"description\" content=\"&quot;Janeiro Roxo&quot;, um m\u00eas de alerta para o combate ao estigma e \u00e0 discrimina\u00e7\u00e3o associados a essa doen\u00e7a milenar.\" \/>\n<meta name=\"robots\" content=\"index, follow, max-snippet:-1, max-image-preview:large, max-video-preview:-1\" \/>\n<link rel=\"canonical\" href=\"https:\/\/redenoticiaz.com.br\/ribeiraopreto-regiao\/sp\/2024\/01\/20\/janeiro-roxo-mes-faz-alerta-para-combater-o-estigma-e-a-discriminacao-da-hanseniase\" \/>\n<meta property=\"og:locale\" content=\"pt_BR\" \/>\n<meta property=\"og:type\" content=\"article\" \/>\n<meta property=\"og:title\" content=\"Janeiro roxo: m\u00eas faz alerta para combater o estigma e a discrimina\u00e7\u00e3o da hansen\u00edase - Ribeir\u00e3o Preto e Regi\u00e3o\" \/>\n<meta property=\"og:description\" content=\"&quot;Janeiro Roxo&quot;, um m\u00eas de alerta para o combate ao estigma e \u00e0 discrimina\u00e7\u00e3o associados a essa doen\u00e7a milenar.\" \/>\n<meta property=\"og:url\" content=\"https:\/\/redenoticiaz.com.br\/ribeiraopreto-regiao\/sp\/2024\/01\/20\/janeiro-roxo-mes-faz-alerta-para-combater-o-estigma-e-a-discriminacao-da-hanseniase\" \/>\n<meta property=\"og:site_name\" content=\"Ribeir\u00e3o Preto e Regi\u00e3o\" \/>\n<meta property=\"article:publisher\" content=\"https:\/\/m.facebook.com\/redenoticiaz.barretos\" \/>\n<meta property=\"article:published_time\" content=\"2024-01-20T16:00:59+00:00\" \/>\n<meta property=\"og:image\" content=\"https:\/\/redenoticiaz.com.br\/ribeiraopreto-regiao\/wp-content\/uploads\/sites\/4\/2024\/01\/Rede-OTO-Divulgacao-4--scaled.jpg?v=1705522352\" \/>\n\t<meta property=\"og:image:width\" content=\"1623\" \/>\n\t<meta property=\"og:image:height\" content=\"1080\" \/>\n\t<meta property=\"og:image:type\" content=\"image\/jpeg\" \/>\n<meta name=\"author\" content=\"Carina Reifonas\" \/>\n<meta name=\"twitter:card\" content=\"summary_large_image\" \/>\n<meta name=\"twitter:creator\" content=\"@RN_barretos\" \/>\n<meta name=\"twitter:site\" content=\"@RN_barretos\" \/>\n<meta name=\"twitter:label1\" content=\"Escrito por\" \/>\n\t<meta name=\"twitter:data1\" content=\"Carina Reifonas\" \/>\n\t<meta name=\"twitter:label2\" content=\"Est. tempo de leitura\" \/>\n\t<meta name=\"twitter:data2\" content=\"3 minutos\" \/>\n<script type=\"application\/ld+json\" class=\"yoast-schema-graph\">{\"@context\":\"https:\\\/\\\/schema.org\",\"@graph\":[{\"@type\":\"Article\",\"@id\":\"https:\\\/\\\/redenoticiaz.com.br\\\/ribeiraopreto-regiao\\\/sp\\\/2024\\\/01\\\/20\\\/janeiro-roxo-mes-faz-alerta-para-combater-o-estigma-e-a-discriminacao-da-hanseniase#article\",\"isPartOf\":{\"@id\":\"https:\\\/\\\/redenoticiaz.com.br\\\/ribeiraopreto-regiao\\\/sp\\\/2024\\\/01\\\/20\\\/janeiro-roxo-mes-faz-alerta-para-combater-o-estigma-e-a-discriminacao-da-hanseniase\"},\"author\":{\"name\":\"Carina Reifonas\",\"@id\":\"https:\\\/\\\/redenoticiaz.com.br\\\/ribeiraopreto-regiao\\\/#\\\/schema\\\/person\\\/1f84d6e94e6a62d2d81199d7503e9e90\"},\"headline\":\"Janeiro roxo: m\u00eas faz alerta para combater o estigma e a discrimina\u00e7\u00e3o da hansen\u00edase\",\"datePublished\":\"2024-01-20T16:00:59+00:00\",\"mainEntityOfPage\":{\"@id\":\"https:\\\/\\\/redenoticiaz.com.br\\\/ribeiraopreto-regiao\\\/sp\\\/2024\\\/01\\\/20\\\/janeiro-roxo-mes-faz-alerta-para-combater-o-estigma-e-a-discriminacao-da-hanseniase\"},\"wordCount\":420,\"commentCount\":0,\"publisher\":{\"@id\":\"https:\\\/\\\/redenoticiaz.com.br\\\/ribeiraopreto-regiao\\\/#organization\"},\"image\":{\"@id\":\"https:\\\/\\\/redenoticiaz.com.br\\\/ribeiraopreto-regiao\\\/sp\\\/2024\\\/01\\\/20\\\/janeiro-roxo-mes-faz-alerta-para-combater-o-estigma-e-a-discriminacao-da-hanseniase#primaryimage\"},\"thumbnailUrl\":\"https:\\\/\\\/redenoticiaz.com.br\\\/ribeiraopreto-regiao\\\/wp-content\\\/uploads\\\/sites\\\/4\\\/2024\\\/01\\\/Rede-OTO-Divulgacao-4--scaled.jpg?v=1705522352\",\"keywords\":[\"HANSEN\u00cdASE\",\"JANEIRO ROXO\"],\"articleSection\":[\"Sa\u00fade\"],\"inLanguage\":\"pt-BR\",\"potentialAction\":[{\"@type\":\"CommentAction\",\"name\":\"Comment\",\"target\":[\"https:\\\/\\\/redenoticiaz.com.br\\\/ribeiraopreto-regiao\\\/sp\\\/2024\\\/01\\\/20\\\/janeiro-roxo-mes-faz-alerta-para-combater-o-estigma-e-a-discriminacao-da-hanseniase#respond\"]}]},{\"@type\":\"WebPage\",\"@id\":\"https:\\\/\\\/redenoticiaz.com.br\\\/ribeiraopreto-regiao\\\/sp\\\/2024\\\/01\\\/20\\\/janeiro-roxo-mes-faz-alerta-para-combater-o-estigma-e-a-discriminacao-da-hanseniase\",\"url\":\"https:\\\/\\\/redenoticiaz.com.br\\\/ribeiraopreto-regiao\\\/sp\\\/2024\\\/01\\\/20\\\/janeiro-roxo-mes-faz-alerta-para-combater-o-estigma-e-a-discriminacao-da-hanseniase\",\"name\":\"Janeiro roxo: m\u00eas faz alerta para combater o estigma e a discrimina\u00e7\u00e3o da hansen\u00edase - Ribeir\u00e3o Preto e Regi\u00e3o\",\"isPartOf\":{\"@id\":\"https:\\\/\\\/redenoticiaz.com.br\\\/ribeiraopreto-regiao\\\/#website\"},\"primaryImageOfPage\":{\"@id\":\"https:\\\/\\\/redenoticiaz.com.br\\\/ribeiraopreto-regiao\\\/sp\\\/2024\\\/01\\\/20\\\/janeiro-roxo-mes-faz-alerta-para-combater-o-estigma-e-a-discriminacao-da-hanseniase#primaryimage\"},\"image\":{\"@id\":\"https:\\\/\\\/redenoticiaz.com.br\\\/ribeiraopreto-regiao\\\/sp\\\/2024\\\/01\\\/20\\\/janeiro-roxo-mes-faz-alerta-para-combater-o-estigma-e-a-discriminacao-da-hanseniase#primaryimage\"},\"thumbnailUrl\":\"https:\\\/\\\/redenoticiaz.com.br\\\/ribeiraopreto-regiao\\\/wp-content\\\/uploads\\\/sites\\\/4\\\/2024\\\/01\\\/Rede-OTO-Divulgacao-4--scaled.jpg?v=1705522352\",\"datePublished\":\"2024-01-20T16:00:59+00:00\",\"description\":\"\\\"Janeiro Roxo\\\", um m\u00eas de alerta para o combate ao estigma e \u00e0 discrimina\u00e7\u00e3o associados a essa doen\u00e7a milenar.\",\"inLanguage\":\"pt-BR\",\"potentialAction\":[{\"@type\":\"ReadAction\",\"target\":[\"https:\\\/\\\/redenoticiaz.com.br\\\/ribeiraopreto-regiao\\\/sp\\\/2024\\\/01\\\/20\\\/janeiro-roxo-mes-faz-alerta-para-combater-o-estigma-e-a-discriminacao-da-hanseniase\"]}]},{\"@type\":\"ImageObject\",\"inLanguage\":\"pt-BR\",\"@id\":\"https:\\\/\\\/redenoticiaz.com.br\\\/ribeiraopreto-regiao\\\/sp\\\/2024\\\/01\\\/20\\\/janeiro-roxo-mes-faz-alerta-para-combater-o-estigma-e-a-discriminacao-da-hanseniase#primaryimage\",\"url\":\"https:\\\/\\\/redenoticiaz.com.br\\\/ribeiraopreto-regiao\\\/wp-content\\\/uploads\\\/sites\\\/4\\\/2024\\\/01\\\/Rede-OTO-Divulgacao-4--scaled.jpg?v=1705522352\",\"contentUrl\":\"https:\\\/\\\/redenoticiaz.com.br\\\/ribeiraopreto-regiao\\\/wp-content\\\/uploads\\\/sites\\\/4\\\/2024\\\/01\\\/Rede-OTO-Divulgacao-4--scaled.jpg?v=1705522352\",\"width\":1623,\"height\":1080,\"caption\":\"Janeiro roxo: m\u00eas faz alerta para combater o estigma e a discrimina\u00e7\u00e3o da hansen\u00edase. Foto - Divulga\u00e7\u00e3o\"},{\"@type\":\"WebSite\",\"@id\":\"https:\\\/\\\/redenoticiaz.com.br\\\/ribeiraopreto-regiao\\\/#website\",\"url\":\"https:\\\/\\\/redenoticiaz.com.br\\\/ribeiraopreto-regiao\\\/\",\"name\":\"Ribeir\u00e3o Preto e Regi\u00e3o\",\"description\":\"Rede NoticiaZ - Ribeir\u00e3o Preto e regi\u00e3o\",\"publisher\":{\"@id\":\"https:\\\/\\\/redenoticiaz.com.br\\\/ribeiraopreto-regiao\\\/#organization\"},\"potentialAction\":[{\"@type\":\"SearchAction\",\"target\":{\"@type\":\"EntryPoint\",\"urlTemplate\":\"https:\\\/\\\/redenoticiaz.com.br\\\/ribeiraopreto-regiao\\\/?s={search_term_string}\"},\"query-input\":{\"@type\":\"PropertyValueSpecification\",\"valueRequired\":true,\"valueName\":\"search_term_string\"}}],\"inLanguage\":\"pt-BR\"},{\"@type\":\"Organization\",\"@id\":\"https:\\\/\\\/redenoticiaz.com.br\\\/ribeiraopreto-regiao\\\/#organization\",\"name\":\"Ribeir\u00e3o Preto e Regi\u00e3o\",\"url\":\"https:\\\/\\\/redenoticiaz.com.br\\\/ribeiraopreto-regiao\\\/\",\"logo\":{\"@type\":\"ImageObject\",\"inLanguage\":\"pt-BR\",\"@id\":\"https:\\\/\\\/redenoticiaz.com.br\\\/ribeiraopreto-regiao\\\/#\\\/schema\\\/logo\\\/image\\\/\",\"url\":\"https:\\\/\\\/redenoticiaz.com.br\\\/barretos-regiao\\\/wp-content\\\/uploads\\\/sites\\\/4\\\/2022\\\/02\\\/logo.jpg\",\"contentUrl\":\"https:\\\/\\\/redenoticiaz.com.br\\\/barretos-regiao\\\/wp-content\\\/uploads\\\/sites\\\/4\\\/2022\\\/02\\\/logo.jpg\",\"width\":400,\"height\":250,\"caption\":\"Ribeir\u00e3o Preto e Regi\u00e3o\"},\"image\":{\"@id\":\"https:\\\/\\\/redenoticiaz.com.br\\\/ribeiraopreto-regiao\\\/#\\\/schema\\\/logo\\\/image\\\/\"},\"sameAs\":[\"https:\\\/\\\/m.facebook.com\\\/redenoticiaz.barretos\",\"https:\\\/\\\/x.com\\\/RN_barretos\",\"https:\\\/\\\/www.instagram.com\\\/redenoticiaz.barretos\\\/?igshid=YmMyMTA2M2Y\",\"https:\\\/\\\/www.linkedin.com\\\/company\\\/rede-noticiaz-barretos-e-regio\\\/\"]},{\"@type\":\"Person\",\"@id\":\"https:\\\/\\\/redenoticiaz.com.br\\\/ribeiraopreto-regiao\\\/#\\\/schema\\\/person\\\/1f84d6e94e6a62d2d81199d7503e9e90\",\"name\":\"Carina Reifonas\",\"image\":{\"@type\":\"ImageObject\",\"inLanguage\":\"pt-BR\",\"@id\":\"https:\\\/\\\/secure.gravatar.com\\\/avatar\\\/04c59859b23696cf867715880f81d5c037e60109730bdb4e6670ec2a2245bc97?s=96&d=mm&r=g\",\"url\":\"https:\\\/\\\/secure.gravatar.com\\\/avatar\\\/04c59859b23696cf867715880f81d5c037e60109730bdb4e6670ec2a2245bc97?s=96&d=mm&r=g\",\"contentUrl\":\"https:\\\/\\\/secure.gravatar.com\\\/avatar\\\/04c59859b23696cf867715880f81d5c037e60109730bdb4e6670ec2a2245bc97?s=96&d=mm&r=g\",\"caption\":\"Carina Reifonas\"},\"url\":\"https:\\\/\\\/redenoticiaz.com.br\\\/ribeiraopreto-regiao\\\/sp\\\/author\\\/carinareifonas\"}]}<\/script>\n<!-- \/ Yoast SEO plugin. -->","yoast_head_json":{"title":"Janeiro roxo: m\u00eas faz alerta para combater o estigma e a discrimina\u00e7\u00e3o da hansen\u00edase - Ribeir\u00e3o Preto e Regi\u00e3o","description":"\"Janeiro Roxo\", um m\u00eas de alerta para o combate ao estigma e \u00e0 discrimina\u00e7\u00e3o associados a essa doen\u00e7a milenar.","robots":{"index":"index","follow":"follow","max-snippet":"max-snippet:-1","max-image-preview":"max-image-preview:large","max-video-preview":"max-video-preview:-1"},"canonical":"https:\/\/redenoticiaz.com.br\/ribeiraopreto-regiao\/sp\/2024\/01\/20\/janeiro-roxo-mes-faz-alerta-para-combater-o-estigma-e-a-discriminacao-da-hanseniase","og_locale":"pt_BR","og_type":"article","og_title":"Janeiro roxo: m\u00eas faz alerta para combater o estigma e a discrimina\u00e7\u00e3o da hansen\u00edase - Ribeir\u00e3o Preto e Regi\u00e3o","og_description":"\"Janeiro Roxo\", um m\u00eas de alerta para o combate ao estigma e \u00e0 discrimina\u00e7\u00e3o associados a essa doen\u00e7a milenar.","og_url":"https:\/\/redenoticiaz.com.br\/ribeiraopreto-regiao\/sp\/2024\/01\/20\/janeiro-roxo-mes-faz-alerta-para-combater-o-estigma-e-a-discriminacao-da-hanseniase","og_site_name":"Ribeir\u00e3o Preto e Regi\u00e3o","article_publisher":"https:\/\/m.facebook.com\/redenoticiaz.barretos","article_published_time":"2024-01-20T16:00:59+00:00","og_image":[{"width":1623,"height":1080,"url":"https:\/\/redenoticiaz.com.br\/ribeiraopreto-regiao\/wp-content\/uploads\/sites\/4\/2024\/01\/Rede-OTO-Divulgacao-4--scaled.jpg?v=1705522352","type":"image\/jpeg"}],"author":"Carina Reifonas","twitter_card":"summary_large_image","twitter_creator":"@RN_barretos","twitter_site":"@RN_barretos","twitter_misc":{"Escrito por":"Carina Reifonas","Est. tempo de leitura":"3 minutos"},"schema":{"@context":"https:\/\/schema.org","@graph":[{"@type":"Article","@id":"https:\/\/redenoticiaz.com.br\/ribeiraopreto-regiao\/sp\/2024\/01\/20\/janeiro-roxo-mes-faz-alerta-para-combater-o-estigma-e-a-discriminacao-da-hanseniase#article","isPartOf":{"@id":"https:\/\/redenoticiaz.com.br\/ribeiraopreto-regiao\/sp\/2024\/01\/20\/janeiro-roxo-mes-faz-alerta-para-combater-o-estigma-e-a-discriminacao-da-hanseniase"},"author":{"name":"Carina Reifonas","@id":"https:\/\/redenoticiaz.com.br\/ribeiraopreto-regiao\/#\/schema\/person\/1f84d6e94e6a62d2d81199d7503e9e90"},"headline":"Janeiro roxo: m\u00eas faz alerta para combater o estigma e a discrimina\u00e7\u00e3o da hansen\u00edase","datePublished":"2024-01-20T16:00:59+00:00","mainEntityOfPage":{"@id":"https:\/\/redenoticiaz.com.br\/ribeiraopreto-regiao\/sp\/2024\/01\/20\/janeiro-roxo-mes-faz-alerta-para-combater-o-estigma-e-a-discriminacao-da-hanseniase"},"wordCount":420,"commentCount":0,"publisher":{"@id":"https:\/\/redenoticiaz.com.br\/ribeiraopreto-regiao\/#organization"},"image":{"@id":"https:\/\/redenoticiaz.com.br\/ribeiraopreto-regiao\/sp\/2024\/01\/20\/janeiro-roxo-mes-faz-alerta-para-combater-o-estigma-e-a-discriminacao-da-hanseniase#primaryimage"},"thumbnailUrl":"https:\/\/redenoticiaz.com.br\/ribeiraopreto-regiao\/wp-content\/uploads\/sites\/4\/2024\/01\/Rede-OTO-Divulgacao-4--scaled.jpg?v=1705522352","keywords":["HANSEN\u00cdASE","JANEIRO ROXO"],"articleSection":["Sa\u00fade"],"inLanguage":"pt-BR","potentialAction":[{"@type":"CommentAction","name":"Comment","target":["https:\/\/redenoticiaz.com.br\/ribeiraopreto-regiao\/sp\/2024\/01\/20\/janeiro-roxo-mes-faz-alerta-para-combater-o-estigma-e-a-discriminacao-da-hanseniase#respond"]}]},{"@type":"WebPage","@id":"https:\/\/redenoticiaz.com.br\/ribeiraopreto-regiao\/sp\/2024\/01\/20\/janeiro-roxo-mes-faz-alerta-para-combater-o-estigma-e-a-discriminacao-da-hanseniase","url":"https:\/\/redenoticiaz.com.br\/ribeiraopreto-regiao\/sp\/2024\/01\/20\/janeiro-roxo-mes-faz-alerta-para-combater-o-estigma-e-a-discriminacao-da-hanseniase","name":"Janeiro roxo: m\u00eas faz alerta para combater o estigma e a discrimina\u00e7\u00e3o da hansen\u00edase - Ribeir\u00e3o Preto e Regi\u00e3o","isPartOf":{"@id":"https:\/\/redenoticiaz.com.br\/ribeiraopreto-regiao\/#website"},"primaryImageOfPage":{"@id":"https:\/\/redenoticiaz.com.br\/ribeiraopreto-regiao\/sp\/2024\/01\/20\/janeiro-roxo-mes-faz-alerta-para-combater-o-estigma-e-a-discriminacao-da-hanseniase#primaryimage"},"image":{"@id":"https:\/\/redenoticiaz.com.br\/ribeiraopreto-regiao\/sp\/2024\/01\/20\/janeiro-roxo-mes-faz-alerta-para-combater-o-estigma-e-a-discriminacao-da-hanseniase#primaryimage"},"thumbnailUrl":"https:\/\/redenoticiaz.com.br\/ribeiraopreto-regiao\/wp-content\/uploads\/sites\/4\/2024\/01\/Rede-OTO-Divulgacao-4--scaled.jpg?v=1705522352","datePublished":"2024-01-20T16:00:59+00:00","description":"\"Janeiro Roxo\", um m\u00eas de alerta para o combate ao estigma e \u00e0 discrimina\u00e7\u00e3o associados a essa doen\u00e7a milenar.","inLanguage":"pt-BR","potentialAction":[{"@type":"ReadAction","target":["https:\/\/redenoticiaz.com.br\/ribeiraopreto-regiao\/sp\/2024\/01\/20\/janeiro-roxo-mes-faz-alerta-para-combater-o-estigma-e-a-discriminacao-da-hanseniase"]}]},{"@type":"ImageObject","inLanguage":"pt-BR","@id":"https:\/\/redenoticiaz.com.br\/ribeiraopreto-regiao\/sp\/2024\/01\/20\/janeiro-roxo-mes-faz-alerta-para-combater-o-estigma-e-a-discriminacao-da-hanseniase#primaryimage","url":"https:\/\/redenoticiaz.com.br\/ribeiraopreto-regiao\/wp-content\/uploads\/sites\/4\/2024\/01\/Rede-OTO-Divulgacao-4--scaled.jpg?v=1705522352","contentUrl":"https:\/\/redenoticiaz.com.br\/ribeiraopreto-regiao\/wp-content\/uploads\/sites\/4\/2024\/01\/Rede-OTO-Divulgacao-4--scaled.jpg?v=1705522352","width":1623,"height":1080,"caption":"Janeiro roxo: m\u00eas faz alerta para combater o estigma e a discrimina\u00e7\u00e3o da hansen\u00edase. Foto - Divulga\u00e7\u00e3o"},{"@type":"WebSite","@id":"https:\/\/redenoticiaz.com.br\/ribeiraopreto-regiao\/#website","url":"https:\/\/redenoticiaz.com.br\/ribeiraopreto-regiao\/","name":"Ribeir\u00e3o Preto e Regi\u00e3o","description":"Rede NoticiaZ - Ribeir\u00e3o Preto e regi\u00e3o","publisher":{"@id":"https:\/\/redenoticiaz.com.br\/ribeiraopreto-regiao\/#organization"},"potentialAction":[{"@type":"SearchAction","target":{"@type":"EntryPoint","urlTemplate":"https:\/\/redenoticiaz.com.br\/ribeiraopreto-regiao\/?s={search_term_string}"},"query-input":{"@type":"PropertyValueSpecification","valueRequired":true,"valueName":"search_term_string"}}],"inLanguage":"pt-BR"},{"@type":"Organization","@id":"https:\/\/redenoticiaz.com.br\/ribeiraopreto-regiao\/#organization","name":"Ribeir\u00e3o Preto e Regi\u00e3o","url":"https:\/\/redenoticiaz.com.br\/ribeiraopreto-regiao\/","logo":{"@type":"ImageObject","inLanguage":"pt-BR","@id":"https:\/\/redenoticiaz.com.br\/ribeiraopreto-regiao\/#\/schema\/logo\/image\/","url":"https:\/\/redenoticiaz.com.br\/barretos-regiao\/wp-content\/uploads\/sites\/4\/2022\/02\/logo.jpg","contentUrl":"https:\/\/redenoticiaz.com.br\/barretos-regiao\/wp-content\/uploads\/sites\/4\/2022\/02\/logo.jpg","width":400,"height":250,"caption":"Ribeir\u00e3o Preto e Regi\u00e3o"},"image":{"@id":"https:\/\/redenoticiaz.com.br\/ribeiraopreto-regiao\/#\/schema\/logo\/image\/"},"sameAs":["https:\/\/m.facebook.com\/redenoticiaz.barretos","https:\/\/x.com\/RN_barretos","https:\/\/www.instagram.com\/redenoticiaz.barretos\/?igshid=YmMyMTA2M2Y","https:\/\/www.linkedin.com\/company\/rede-noticiaz-barretos-e-regio\/"]},{"@type":"Person","@id":"https:\/\/redenoticiaz.com.br\/ribeiraopreto-regiao\/#\/schema\/person\/1f84d6e94e6a62d2d81199d7503e9e90","name":"Carina Reifonas","image":{"@type":"ImageObject","inLanguage":"pt-BR","@id":"https:\/\/secure.gravatar.com\/avatar\/04c59859b23696cf867715880f81d5c037e60109730bdb4e6670ec2a2245bc97?s=96&d=mm&r=g","url":"https:\/\/secure.gravatar.com\/avatar\/04c59859b23696cf867715880f81d5c037e60109730bdb4e6670ec2a2245bc97?s=96&d=mm&r=g","contentUrl":"https:\/\/secure.gravatar.com\/avatar\/04c59859b23696cf867715880f81d5c037e60109730bdb4e6670ec2a2245bc97?s=96&d=mm&r=g","caption":"Carina Reifonas"},"url":"https:\/\/redenoticiaz.com.br\/ribeiraopreto-regiao\/sp\/author\/carinareifonas"}]}},"_links":{"self":[{"href":"https:\/\/redenoticiaz.com.br\/ribeiraopreto-regiao\/wp-json\/wp\/v2\/posts\/114491","targetHints":{"allow":["GET"]}}],"collection":[{"href":"https:\/\/redenoticiaz.com.br\/ribeiraopreto-regiao\/wp-json\/wp\/v2\/posts"}],"about":[{"href":"https:\/\/redenoticiaz.com.br\/ribeiraopreto-regiao\/wp-json\/wp\/v2\/types\/post"}],"author":[{"embeddable":true,"href":"https:\/\/redenoticiaz.com.br\/ribeiraopreto-regiao\/wp-json\/wp\/v2\/users\/30"}],"replies":[{"embeddable":true,"href":"https:\/\/redenoticiaz.com.br\/ribeiraopreto-regiao\/wp-json\/wp\/v2\/comments?post=114491"}],"version-history":[{"count":1,"href":"https:\/\/redenoticiaz.com.br\/ribeiraopreto-regiao\/wp-json\/wp\/v2\/posts\/114491\/revisions"}],"predecessor-version":[{"id":114572,"href":"https:\/\/redenoticiaz.com.br\/ribeiraopreto-regiao\/wp-json\/wp\/v2\/posts\/114491\/revisions\/114572"}],"wp:featuredmedia":[{"embeddable":true,"href":"https:\/\/redenoticiaz.com.br\/ribeiraopreto-regiao\/wp-json\/wp\/v2\/media\/114492"}],"wp:attachment":[{"href":"https:\/\/redenoticiaz.com.br\/ribeiraopreto-regiao\/wp-json\/wp\/v2\/media?parent=114491"}],"wp:term":[{"taxonomy":"category","embeddable":true,"href":"https:\/\/redenoticiaz.com.br\/ribeiraopreto-regiao\/wp-json\/wp\/v2\/categories?post=114491"},{"taxonomy":"post_tag","embeddable":true,"href":"https:\/\/redenoticiaz.com.br\/ribeiraopreto-regiao\/wp-json\/wp\/v2\/tags?post=114491"}],"curies":[{"name":"wp","href":"https:\/\/api.w.org\/{rel}","templated":true}]}}