{"id":114679,"date":"2024-01-25T14:45:15","date_gmt":"2024-01-25T17:45:15","guid":{"rendered":"https:\/\/redenoticiaz.com.br\/barretos-regiao\/?p=114679"},"modified":"2024-01-25T14:47:46","modified_gmt":"2024-01-25T17:47:46","slug":"confira-o-prazo-de-inscricoes-do-programa-de-estagio-2024-da-minerva-foods","status":"publish","type":"post","link":"https:\/\/redenoticiaz.com.br\/ribeiraopreto-regiao\/sp\/2024\/01\/25\/confira-o-prazo-de-inscricoes-do-programa-de-estagio-2024-da-minerva-foods","title":{"rendered":"Confira o prazo de inscri\u00e7\u00f5es do Programa de Est\u00e1gio 2024 da Minerva Foods"},"content":{"rendered":"<p>A Minerva Foods, l\u00edder em exporta\u00e7\u00e3o de carne bovina na Am\u00e9rica do Sul e uma das maiores empresas na produ\u00e7\u00e3o e comercializa\u00e7\u00e3o de carne in natura e seus derivados na regi\u00e3o, est\u00e1 com inscri\u00e7\u00f5es abertas para a 4\u00aa edi\u00e7\u00e3o do Programa de Est\u00e1gio. Os candidatos t\u00eam at\u00e9 o dia 28 janeiro para realizar a candidatura no<a href=\"https:\/\/vagas.ciadetalentos.com.br\/hotsite\/estagioMinervaFoods2024?visualization=1\"> site da Cia de Talentos.<\/a><\/p>\n<p>Ao todo, h\u00e1 17 vagas dispon\u00edveis para atuar na unidade de Barretos, s\u00e3o elas:<\/p>\n<p><strong>SSC (Centro de Servi\u00e7o Compartilhado)<\/strong><\/p>\n<p>Contratos, Controle de Qualidade, Sustentabilidade Institucional, P&amp;D (Pesquisa e Desenvolvimento), Business Intelligence,<\/p>\n<p><strong>Compras de Insumos\u00a0<\/strong><\/p>\n<p>Business Intelligence, Engenharia de Processos, Exporta\u00e7\u00e3o, Fiscal Tribut\u00e1rio, Compras de Insumos, Controladoria, Engenharia Projetos e Obras, Intelig\u00eancia Comercial, Sustentabilidade (Rastreabilidade), Engenharia Automa\u00e7\u00e3o, Or\u00e7amento e Origina\u00e7\u00e3o Pricing.<\/p>\n<h3><strong>Para se candidatar<\/strong><\/h3>\n<p>\u00c9 necess\u00e1rio estar cursando gradua\u00e7\u00e3o em bacharelado ou tecn\u00f3logo nas \u00e1reas de Administra\u00e7\u00e3o, Agronomia, Ci\u00eancias Cont\u00e1beis, Com\u00e9rcio Exterior, Direito, Economia, Engenharia Industrial, Agron\u00f4mica, Alimentos, Qu\u00edmica, El\u00e9trica, Eletr\u00f4nica, Mec\u00e2nica, Computa\u00e7\u00e3o, Dados. Mecatr\u00f4nica, Produ\u00e7\u00e3o e correlatas, Gest\u00e3o de Recursos Humanos, Gest\u00e3o Comercial, Marketing, Processos Gerenciais, Psicologia e \u00e1reas afins. Com forma\u00e7\u00e3o prevista entre julho de 2025 e agosto de 2026.<\/p>\n<p>Outra exig\u00eancia \u00e9 residir pr\u00f3ximo \u00e0s localidades das vagas existentes e disponibilidade para estagiar 30 horas semanais (6 por dia), na modalidade presencial ou h\u00edbrida (a depender da vaga).<\/p>\n<p>LEIA MAIS<\/p>\n<p><a href=\"https:\/\/redenoticiaz.com.br\/barretos-regiao\/sp\/2024\/01\/25\/video-perseguicao-termina-com-policial-atropelado-por-carro-blindado\">V\u00cdDEO \u2013 Persegui\u00e7\u00e3o termina com policial atropelado por carro blindado<\/a><\/p>\n<p><a href=\"https:\/\/redenoticiaz.com.br\/barretos-regiao\/sp\/2024\/01\/25\/video-aviao-cai-apos-forte-chuva\">V\u00cdDEO \u2013 Avi\u00e3o cai ap\u00f3s forte chuva<\/a><\/p>\n<p>&nbsp;<\/p>\n","protected":false},"excerpt":{"rendered":"<p>A Minerva Foods, l\u00edder em exporta\u00e7\u00e3o de carne bovina na Am\u00e9rica do Sul e uma das maiores empresas na produ\u00e7\u00e3o e comercializa\u00e7\u00e3o de carne in natura e seus derivados na regi\u00e3o, est\u00e1 com inscri\u00e7\u00f5es abertas para a 4\u00aa edi\u00e7\u00e3o do Programa de Est\u00e1gio. Os candidatos t\u00eam at\u00e9 o dia 28 janeiro para realizar a candidatura &hellip;<\/p>\n","protected":false},"author":30,"featured_media":114680,"comment_status":"open","ping_status":"closed","sticky":false,"template":"","format":"standard","meta":{"footnotes":""},"categories":[2075],"tags":[17605,17604,19364],"class_list":["post-114679","post","type-post","status-publish","format-standard","has-post-thumbnail","hentry","category-trabalho","tag-estagio","tag-minerva-foods","tag-vaga"],"yoast_head":"<!-- This site is optimized with the Yoast SEO plugin v27.5 - https:\/\/yoast.com\/product\/yoast-seo-wordpress\/ -->\n<title>Confira o prazo de inscri\u00e7\u00f5es do Programa de Est\u00e1gio 2024 da Minerva Foods - Ribeir\u00e3o Preto e Regi\u00e3o<\/title>\n<meta name=\"description\" content=\"A Minerva Foods, l\u00edder em exporta\u00e7\u00e3o de carne bovina na Am\u00e9rica do Sul, est\u00e1 com inscri\u00e7\u00f5es abertas para a 4\u00aa edi\u00e7\u00e3o do Programa de Est\u00e1gio.\" \/>\n<meta name=\"robots\" content=\"index, follow, max-snippet:-1, max-image-preview:large, max-video-preview:-1\" \/>\n<link rel=\"canonical\" href=\"https:\/\/redenoticiaz.com.br\/ribeiraopreto-regiao\/sp\/2024\/01\/25\/confira-o-prazo-de-inscricoes-do-programa-de-estagio-2024-da-minerva-foods\" \/>\n<meta property=\"og:locale\" content=\"pt_BR\" \/>\n<meta property=\"og:type\" content=\"article\" \/>\n<meta property=\"og:title\" content=\"Confira o prazo de inscri\u00e7\u00f5es do Programa de Est\u00e1gio 2024 da Minerva Foods - Ribeir\u00e3o Preto e Regi\u00e3o\" \/>\n<meta property=\"og:description\" content=\"A Minerva Foods, l\u00edder em exporta\u00e7\u00e3o de carne bovina na Am\u00e9rica do Sul, est\u00e1 com inscri\u00e7\u00f5es abertas para a 4\u00aa edi\u00e7\u00e3o do Programa de Est\u00e1gio.\" \/>\n<meta property=\"og:url\" content=\"https:\/\/redenoticiaz.com.br\/ribeiraopreto-regiao\/sp\/2024\/01\/25\/confira-o-prazo-de-inscricoes-do-programa-de-estagio-2024-da-minerva-foods\" \/>\n<meta property=\"og:site_name\" content=\"Ribeir\u00e3o Preto e Regi\u00e3o\" \/>\n<meta property=\"article:publisher\" content=\"https:\/\/m.facebook.com\/redenoticiaz.barretos\" \/>\n<meta property=\"article:published_time\" content=\"2024-01-25T17:45:15+00:00\" \/>\n<meta property=\"article:modified_time\" content=\"2024-01-25T17:47:46+00:00\" \/>\n<meta property=\"og:image\" content=\"https:\/\/redenoticiaz.com.br\/ribeiraopreto-regiao\/wp-content\/uploads\/sites\/4\/2024\/01\/Fachada-Corporativo-Barretos-scaled.jpg\" \/>\n\t<meta property=\"og:image:width\" content=\"1920\" \/>\n\t<meta property=\"og:image:height\" content=\"973\" \/>\n\t<meta property=\"og:image:type\" content=\"image\/jpeg\" \/>\n<meta name=\"author\" content=\"Carina Reifonas\" \/>\n<meta name=\"twitter:card\" content=\"summary_large_image\" \/>\n<meta name=\"twitter:creator\" content=\"@RN_barretos\" \/>\n<meta name=\"twitter:site\" content=\"@RN_barretos\" \/>\n<meta name=\"twitter:label1\" content=\"Escrito por\" \/>\n\t<meta name=\"twitter:data1\" content=\"Carina Reifonas\" \/>\n\t<meta name=\"twitter:label2\" content=\"Est. tempo de leitura\" \/>\n\t<meta name=\"twitter:data2\" content=\"2 minutos\" \/>\n<script type=\"application\/ld+json\" class=\"yoast-schema-graph\">{\"@context\":\"https:\\\/\\\/schema.org\",\"@graph\":[{\"@type\":\"Article\",\"@id\":\"https:\\\/\\\/redenoticiaz.com.br\\\/ribeiraopreto-regiao\\\/sp\\\/2024\\\/01\\\/25\\\/confira-o-prazo-de-inscricoes-do-programa-de-estagio-2024-da-minerva-foods#article\",\"isPartOf\":{\"@id\":\"https:\\\/\\\/redenoticiaz.com.br\\\/ribeiraopreto-regiao\\\/sp\\\/2024\\\/01\\\/25\\\/confira-o-prazo-de-inscricoes-do-programa-de-estagio-2024-da-minerva-foods\"},\"author\":{\"name\":\"Carina Reifonas\",\"@id\":\"https:\\\/\\\/redenoticiaz.com.br\\\/ribeiraopreto-regiao\\\/#\\\/schema\\\/person\\\/1f84d6e94e6a62d2d81199d7503e9e90\"},\"headline\":\"Confira o prazo de inscri\u00e7\u00f5es do Programa de Est\u00e1gio 2024 da Minerva Foods\",\"datePublished\":\"2024-01-25T17:45:15+00:00\",\"dateModified\":\"2024-01-25T17:47:46+00:00\",\"mainEntityOfPage\":{\"@id\":\"https:\\\/\\\/redenoticiaz.com.br\\\/ribeiraopreto-regiao\\\/sp\\\/2024\\\/01\\\/25\\\/confira-o-prazo-de-inscricoes-do-programa-de-estagio-2024-da-minerva-foods\"},\"wordCount\":281,\"commentCount\":0,\"publisher\":{\"@id\":\"https:\\\/\\\/redenoticiaz.com.br\\\/ribeiraopreto-regiao\\\/#organization\"},\"image\":{\"@id\":\"https:\\\/\\\/redenoticiaz.com.br\\\/ribeiraopreto-regiao\\\/sp\\\/2024\\\/01\\\/25\\\/confira-o-prazo-de-inscricoes-do-programa-de-estagio-2024-da-minerva-foods#primaryimage\"},\"thumbnailUrl\":\"https:\\\/\\\/redenoticiaz.com.br\\\/ribeiraopreto-regiao\\\/wp-content\\\/uploads\\\/sites\\\/4\\\/2024\\\/01\\\/Fachada-Corporativo-Barretos-scaled.jpg\",\"keywords\":[\"EST\u00c1GIO\",\"MINERVA FOODS\",\"VAGA\"],\"articleSection\":[\"Trabalho\"],\"inLanguage\":\"pt-BR\",\"potentialAction\":[{\"@type\":\"CommentAction\",\"name\":\"Comment\",\"target\":[\"https:\\\/\\\/redenoticiaz.com.br\\\/ribeiraopreto-regiao\\\/sp\\\/2024\\\/01\\\/25\\\/confira-o-prazo-de-inscricoes-do-programa-de-estagio-2024-da-minerva-foods#respond\"]}]},{\"@type\":\"WebPage\",\"@id\":\"https:\\\/\\\/redenoticiaz.com.br\\\/ribeiraopreto-regiao\\\/sp\\\/2024\\\/01\\\/25\\\/confira-o-prazo-de-inscricoes-do-programa-de-estagio-2024-da-minerva-foods\",\"url\":\"https:\\\/\\\/redenoticiaz.com.br\\\/ribeiraopreto-regiao\\\/sp\\\/2024\\\/01\\\/25\\\/confira-o-prazo-de-inscricoes-do-programa-de-estagio-2024-da-minerva-foods\",\"name\":\"Confira o prazo de inscri\u00e7\u00f5es do Programa de Est\u00e1gio 2024 da Minerva Foods - Ribeir\u00e3o Preto e Regi\u00e3o\",\"isPartOf\":{\"@id\":\"https:\\\/\\\/redenoticiaz.com.br\\\/ribeiraopreto-regiao\\\/#website\"},\"primaryImageOfPage\":{\"@id\":\"https:\\\/\\\/redenoticiaz.com.br\\\/ribeiraopreto-regiao\\\/sp\\\/2024\\\/01\\\/25\\\/confira-o-prazo-de-inscricoes-do-programa-de-estagio-2024-da-minerva-foods#primaryimage\"},\"image\":{\"@id\":\"https:\\\/\\\/redenoticiaz.com.br\\\/ribeiraopreto-regiao\\\/sp\\\/2024\\\/01\\\/25\\\/confira-o-prazo-de-inscricoes-do-programa-de-estagio-2024-da-minerva-foods#primaryimage\"},\"thumbnailUrl\":\"https:\\\/\\\/redenoticiaz.com.br\\\/ribeiraopreto-regiao\\\/wp-content\\\/uploads\\\/sites\\\/4\\\/2024\\\/01\\\/Fachada-Corporativo-Barretos-scaled.jpg\",\"datePublished\":\"2024-01-25T17:45:15+00:00\",\"dateModified\":\"2024-01-25T17:47:46+00:00\",\"description\":\"A Minerva Foods, l\u00edder em exporta\u00e7\u00e3o de carne bovina na Am\u00e9rica do Sul, est\u00e1 com inscri\u00e7\u00f5es abertas para a 4\u00aa edi\u00e7\u00e3o do Programa de Est\u00e1gio.\",\"inLanguage\":\"pt-BR\",\"potentialAction\":[{\"@type\":\"ReadAction\",\"target\":[\"https:\\\/\\\/redenoticiaz.com.br\\\/ribeiraopreto-regiao\\\/sp\\\/2024\\\/01\\\/25\\\/confira-o-prazo-de-inscricoes-do-programa-de-estagio-2024-da-minerva-foods\"]}]},{\"@type\":\"ImageObject\",\"inLanguage\":\"pt-BR\",\"@id\":\"https:\\\/\\\/redenoticiaz.com.br\\\/ribeiraopreto-regiao\\\/sp\\\/2024\\\/01\\\/25\\\/confira-o-prazo-de-inscricoes-do-programa-de-estagio-2024-da-minerva-foods#primaryimage\",\"url\":\"https:\\\/\\\/redenoticiaz.com.br\\\/ribeiraopreto-regiao\\\/wp-content\\\/uploads\\\/sites\\\/4\\\/2024\\\/01\\\/Fachada-Corporativo-Barretos-scaled.jpg\",\"contentUrl\":\"https:\\\/\\\/redenoticiaz.com.br\\\/ribeiraopreto-regiao\\\/wp-content\\\/uploads\\\/sites\\\/4\\\/2024\\\/01\\\/Fachada-Corporativo-Barretos-scaled.jpg\",\"width\":1920,\"height\":973,\"caption\":\"Fachada - Minerva Foods, em Barretos. Cr\u00e9dito: Divulga\u00e7\u00e3o\"},{\"@type\":\"WebSite\",\"@id\":\"https:\\\/\\\/redenoticiaz.com.br\\\/ribeiraopreto-regiao\\\/#website\",\"url\":\"https:\\\/\\\/redenoticiaz.com.br\\\/ribeiraopreto-regiao\\\/\",\"name\":\"Ribeir\u00e3o Preto e Regi\u00e3o\",\"description\":\"Rede NoticiaZ - Ribeir\u00e3o Preto e regi\u00e3o\",\"publisher\":{\"@id\":\"https:\\\/\\\/redenoticiaz.com.br\\\/ribeiraopreto-regiao\\\/#organization\"},\"potentialAction\":[{\"@type\":\"SearchAction\",\"target\":{\"@type\":\"EntryPoint\",\"urlTemplate\":\"https:\\\/\\\/redenoticiaz.com.br\\\/ribeiraopreto-regiao\\\/?s={search_term_string}\"},\"query-input\":{\"@type\":\"PropertyValueSpecification\",\"valueRequired\":true,\"valueName\":\"search_term_string\"}}],\"inLanguage\":\"pt-BR\"},{\"@type\":\"Organization\",\"@id\":\"https:\\\/\\\/redenoticiaz.com.br\\\/ribeiraopreto-regiao\\\/#organization\",\"name\":\"Ribeir\u00e3o Preto e Regi\u00e3o\",\"url\":\"https:\\\/\\\/redenoticiaz.com.br\\\/ribeiraopreto-regiao\\\/\",\"logo\":{\"@type\":\"ImageObject\",\"inLanguage\":\"pt-BR\",\"@id\":\"https:\\\/\\\/redenoticiaz.com.br\\\/ribeiraopreto-regiao\\\/#\\\/schema\\\/logo\\\/image\\\/\",\"url\":\"https:\\\/\\\/redenoticiaz.com.br\\\/barretos-regiao\\\/wp-content\\\/uploads\\\/sites\\\/4\\\/2022\\\/02\\\/logo.jpg\",\"contentUrl\":\"https:\\\/\\\/redenoticiaz.com.br\\\/barretos-regiao\\\/wp-content\\\/uploads\\\/sites\\\/4\\\/2022\\\/02\\\/logo.jpg\",\"width\":400,\"height\":250,\"caption\":\"Ribeir\u00e3o Preto e Regi\u00e3o\"},\"image\":{\"@id\":\"https:\\\/\\\/redenoticiaz.com.br\\\/ribeiraopreto-regiao\\\/#\\\/schema\\\/logo\\\/image\\\/\"},\"sameAs\":[\"https:\\\/\\\/m.facebook.com\\\/redenoticiaz.barretos\",\"https:\\\/\\\/x.com\\\/RN_barretos\",\"https:\\\/\\\/www.instagram.com\\\/redenoticiaz.barretos\\\/?igshid=YmMyMTA2M2Y\",\"https:\\\/\\\/www.linkedin.com\\\/company\\\/rede-noticiaz-barretos-e-regio\\\/\"]},{\"@type\":\"Person\",\"@id\":\"https:\\\/\\\/redenoticiaz.com.br\\\/ribeiraopreto-regiao\\\/#\\\/schema\\\/person\\\/1f84d6e94e6a62d2d81199d7503e9e90\",\"name\":\"Carina Reifonas\",\"image\":{\"@type\":\"ImageObject\",\"inLanguage\":\"pt-BR\",\"@id\":\"https:\\\/\\\/secure.gravatar.com\\\/avatar\\\/04c59859b23696cf867715880f81d5c037e60109730bdb4e6670ec2a2245bc97?s=96&d=mm&r=g\",\"url\":\"https:\\\/\\\/secure.gravatar.com\\\/avatar\\\/04c59859b23696cf867715880f81d5c037e60109730bdb4e6670ec2a2245bc97?s=96&d=mm&r=g\",\"contentUrl\":\"https:\\\/\\\/secure.gravatar.com\\\/avatar\\\/04c59859b23696cf867715880f81d5c037e60109730bdb4e6670ec2a2245bc97?s=96&d=mm&r=g\",\"caption\":\"Carina Reifonas\"},\"url\":\"https:\\\/\\\/redenoticiaz.com.br\\\/ribeiraopreto-regiao\\\/sp\\\/author\\\/carinareifonas\"}]}<\/script>\n<!-- \/ Yoast SEO plugin. -->","yoast_head_json":{"title":"Confira o prazo de inscri\u00e7\u00f5es do Programa de Est\u00e1gio 2024 da Minerva Foods - Ribeir\u00e3o Preto e Regi\u00e3o","description":"A Minerva Foods, l\u00edder em exporta\u00e7\u00e3o de carne bovina na Am\u00e9rica do Sul, est\u00e1 com inscri\u00e7\u00f5es abertas para a 4\u00aa edi\u00e7\u00e3o do Programa de Est\u00e1gio.","robots":{"index":"index","follow":"follow","max-snippet":"max-snippet:-1","max-image-preview":"max-image-preview:large","max-video-preview":"max-video-preview:-1"},"canonical":"https:\/\/redenoticiaz.com.br\/ribeiraopreto-regiao\/sp\/2024\/01\/25\/confira-o-prazo-de-inscricoes-do-programa-de-estagio-2024-da-minerva-foods","og_locale":"pt_BR","og_type":"article","og_title":"Confira o prazo de inscri\u00e7\u00f5es do Programa de Est\u00e1gio 2024 da Minerva Foods - Ribeir\u00e3o Preto e Regi\u00e3o","og_description":"A Minerva Foods, l\u00edder em exporta\u00e7\u00e3o de carne bovina na Am\u00e9rica do Sul, est\u00e1 com inscri\u00e7\u00f5es abertas para a 4\u00aa edi\u00e7\u00e3o do Programa de Est\u00e1gio.","og_url":"https:\/\/redenoticiaz.com.br\/ribeiraopreto-regiao\/sp\/2024\/01\/25\/confira-o-prazo-de-inscricoes-do-programa-de-estagio-2024-da-minerva-foods","og_site_name":"Ribeir\u00e3o Preto e Regi\u00e3o","article_publisher":"https:\/\/m.facebook.com\/redenoticiaz.barretos","article_published_time":"2024-01-25T17:45:15+00:00","article_modified_time":"2024-01-25T17:47:46+00:00","og_image":[{"width":1920,"height":973,"url":"https:\/\/redenoticiaz.com.br\/ribeiraopreto-regiao\/wp-content\/uploads\/sites\/4\/2024\/01\/Fachada-Corporativo-Barretos-scaled.jpg","type":"image\/jpeg"}],"author":"Carina Reifonas","twitter_card":"summary_large_image","twitter_creator":"@RN_barretos","twitter_site":"@RN_barretos","twitter_misc":{"Escrito por":"Carina Reifonas","Est. tempo de leitura":"2 minutos"},"schema":{"@context":"https:\/\/schema.org","@graph":[{"@type":"Article","@id":"https:\/\/redenoticiaz.com.br\/ribeiraopreto-regiao\/sp\/2024\/01\/25\/confira-o-prazo-de-inscricoes-do-programa-de-estagio-2024-da-minerva-foods#article","isPartOf":{"@id":"https:\/\/redenoticiaz.com.br\/ribeiraopreto-regiao\/sp\/2024\/01\/25\/confira-o-prazo-de-inscricoes-do-programa-de-estagio-2024-da-minerva-foods"},"author":{"name":"Carina Reifonas","@id":"https:\/\/redenoticiaz.com.br\/ribeiraopreto-regiao\/#\/schema\/person\/1f84d6e94e6a62d2d81199d7503e9e90"},"headline":"Confira o prazo de inscri\u00e7\u00f5es do Programa de Est\u00e1gio 2024 da Minerva Foods","datePublished":"2024-01-25T17:45:15+00:00","dateModified":"2024-01-25T17:47:46+00:00","mainEntityOfPage":{"@id":"https:\/\/redenoticiaz.com.br\/ribeiraopreto-regiao\/sp\/2024\/01\/25\/confira-o-prazo-de-inscricoes-do-programa-de-estagio-2024-da-minerva-foods"},"wordCount":281,"commentCount":0,"publisher":{"@id":"https:\/\/redenoticiaz.com.br\/ribeiraopreto-regiao\/#organization"},"image":{"@id":"https:\/\/redenoticiaz.com.br\/ribeiraopreto-regiao\/sp\/2024\/01\/25\/confira-o-prazo-de-inscricoes-do-programa-de-estagio-2024-da-minerva-foods#primaryimage"},"thumbnailUrl":"https:\/\/redenoticiaz.com.br\/ribeiraopreto-regiao\/wp-content\/uploads\/sites\/4\/2024\/01\/Fachada-Corporativo-Barretos-scaled.jpg","keywords":["EST\u00c1GIO","MINERVA FOODS","VAGA"],"articleSection":["Trabalho"],"inLanguage":"pt-BR","potentialAction":[{"@type":"CommentAction","name":"Comment","target":["https:\/\/redenoticiaz.com.br\/ribeiraopreto-regiao\/sp\/2024\/01\/25\/confira-o-prazo-de-inscricoes-do-programa-de-estagio-2024-da-minerva-foods#respond"]}]},{"@type":"WebPage","@id":"https:\/\/redenoticiaz.com.br\/ribeiraopreto-regiao\/sp\/2024\/01\/25\/confira-o-prazo-de-inscricoes-do-programa-de-estagio-2024-da-minerva-foods","url":"https:\/\/redenoticiaz.com.br\/ribeiraopreto-regiao\/sp\/2024\/01\/25\/confira-o-prazo-de-inscricoes-do-programa-de-estagio-2024-da-minerva-foods","name":"Confira o prazo de inscri\u00e7\u00f5es do Programa de Est\u00e1gio 2024 da Minerva Foods - Ribeir\u00e3o Preto e Regi\u00e3o","isPartOf":{"@id":"https:\/\/redenoticiaz.com.br\/ribeiraopreto-regiao\/#website"},"primaryImageOfPage":{"@id":"https:\/\/redenoticiaz.com.br\/ribeiraopreto-regiao\/sp\/2024\/01\/25\/confira-o-prazo-de-inscricoes-do-programa-de-estagio-2024-da-minerva-foods#primaryimage"},"image":{"@id":"https:\/\/redenoticiaz.com.br\/ribeiraopreto-regiao\/sp\/2024\/01\/25\/confira-o-prazo-de-inscricoes-do-programa-de-estagio-2024-da-minerva-foods#primaryimage"},"thumbnailUrl":"https:\/\/redenoticiaz.com.br\/ribeiraopreto-regiao\/wp-content\/uploads\/sites\/4\/2024\/01\/Fachada-Corporativo-Barretos-scaled.jpg","datePublished":"2024-01-25T17:45:15+00:00","dateModified":"2024-01-25T17:47:46+00:00","description":"A Minerva Foods, l\u00edder em exporta\u00e7\u00e3o de carne bovina na Am\u00e9rica do Sul, est\u00e1 com inscri\u00e7\u00f5es abertas para a 4\u00aa edi\u00e7\u00e3o do Programa de Est\u00e1gio.","inLanguage":"pt-BR","potentialAction":[{"@type":"ReadAction","target":["https:\/\/redenoticiaz.com.br\/ribeiraopreto-regiao\/sp\/2024\/01\/25\/confira-o-prazo-de-inscricoes-do-programa-de-estagio-2024-da-minerva-foods"]}]},{"@type":"ImageObject","inLanguage":"pt-BR","@id":"https:\/\/redenoticiaz.com.br\/ribeiraopreto-regiao\/sp\/2024\/01\/25\/confira-o-prazo-de-inscricoes-do-programa-de-estagio-2024-da-minerva-foods#primaryimage","url":"https:\/\/redenoticiaz.com.br\/ribeiraopreto-regiao\/wp-content\/uploads\/sites\/4\/2024\/01\/Fachada-Corporativo-Barretos-scaled.jpg","contentUrl":"https:\/\/redenoticiaz.com.br\/ribeiraopreto-regiao\/wp-content\/uploads\/sites\/4\/2024\/01\/Fachada-Corporativo-Barretos-scaled.jpg","width":1920,"height":973,"caption":"Fachada - Minerva Foods, em Barretos. Cr\u00e9dito: Divulga\u00e7\u00e3o"},{"@type":"WebSite","@id":"https:\/\/redenoticiaz.com.br\/ribeiraopreto-regiao\/#website","url":"https:\/\/redenoticiaz.com.br\/ribeiraopreto-regiao\/","name":"Ribeir\u00e3o Preto e Regi\u00e3o","description":"Rede NoticiaZ - Ribeir\u00e3o Preto e regi\u00e3o","publisher":{"@id":"https:\/\/redenoticiaz.com.br\/ribeiraopreto-regiao\/#organization"},"potentialAction":[{"@type":"SearchAction","target":{"@type":"EntryPoint","urlTemplate":"https:\/\/redenoticiaz.com.br\/ribeiraopreto-regiao\/?s={search_term_string}"},"query-input":{"@type":"PropertyValueSpecification","valueRequired":true,"valueName":"search_term_string"}}],"inLanguage":"pt-BR"},{"@type":"Organization","@id":"https:\/\/redenoticiaz.com.br\/ribeiraopreto-regiao\/#organization","name":"Ribeir\u00e3o Preto e Regi\u00e3o","url":"https:\/\/redenoticiaz.com.br\/ribeiraopreto-regiao\/","logo":{"@type":"ImageObject","inLanguage":"pt-BR","@id":"https:\/\/redenoticiaz.com.br\/ribeiraopreto-regiao\/#\/schema\/logo\/image\/","url":"https:\/\/redenoticiaz.com.br\/barretos-regiao\/wp-content\/uploads\/sites\/4\/2022\/02\/logo.jpg","contentUrl":"https:\/\/redenoticiaz.com.br\/barretos-regiao\/wp-content\/uploads\/sites\/4\/2022\/02\/logo.jpg","width":400,"height":250,"caption":"Ribeir\u00e3o Preto e Regi\u00e3o"},"image":{"@id":"https:\/\/redenoticiaz.com.br\/ribeiraopreto-regiao\/#\/schema\/logo\/image\/"},"sameAs":["https:\/\/m.facebook.com\/redenoticiaz.barretos","https:\/\/x.com\/RN_barretos","https:\/\/www.instagram.com\/redenoticiaz.barretos\/?igshid=YmMyMTA2M2Y","https:\/\/www.linkedin.com\/company\/rede-noticiaz-barretos-e-regio\/"]},{"@type":"Person","@id":"https:\/\/redenoticiaz.com.br\/ribeiraopreto-regiao\/#\/schema\/person\/1f84d6e94e6a62d2d81199d7503e9e90","name":"Carina Reifonas","image":{"@type":"ImageObject","inLanguage":"pt-BR","@id":"https:\/\/secure.gravatar.com\/avatar\/04c59859b23696cf867715880f81d5c037e60109730bdb4e6670ec2a2245bc97?s=96&d=mm&r=g","url":"https:\/\/secure.gravatar.com\/avatar\/04c59859b23696cf867715880f81d5c037e60109730bdb4e6670ec2a2245bc97?s=96&d=mm&r=g","contentUrl":"https:\/\/secure.gravatar.com\/avatar\/04c59859b23696cf867715880f81d5c037e60109730bdb4e6670ec2a2245bc97?s=96&d=mm&r=g","caption":"Carina Reifonas"},"url":"https:\/\/redenoticiaz.com.br\/ribeiraopreto-regiao\/sp\/author\/carinareifonas"}]}},"_links":{"self":[{"href":"https:\/\/redenoticiaz.com.br\/ribeiraopreto-regiao\/wp-json\/wp\/v2\/posts\/114679","targetHints":{"allow":["GET"]}}],"collection":[{"href":"https:\/\/redenoticiaz.com.br\/ribeiraopreto-regiao\/wp-json\/wp\/v2\/posts"}],"about":[{"href":"https:\/\/redenoticiaz.com.br\/ribeiraopreto-regiao\/wp-json\/wp\/v2\/types\/post"}],"author":[{"embeddable":true,"href":"https:\/\/redenoticiaz.com.br\/ribeiraopreto-regiao\/wp-json\/wp\/v2\/users\/30"}],"replies":[{"embeddable":true,"href":"https:\/\/redenoticiaz.com.br\/ribeiraopreto-regiao\/wp-json\/wp\/v2\/comments?post=114679"}],"version-history":[{"count":3,"href":"https:\/\/redenoticiaz.com.br\/ribeiraopreto-regiao\/wp-json\/wp\/v2\/posts\/114679\/revisions"}],"predecessor-version":[{"id":114683,"href":"https:\/\/redenoticiaz.com.br\/ribeiraopreto-regiao\/wp-json\/wp\/v2\/posts\/114679\/revisions\/114683"}],"wp:featuredmedia":[{"embeddable":true,"href":"https:\/\/redenoticiaz.com.br\/ribeiraopreto-regiao\/wp-json\/wp\/v2\/media\/114680"}],"wp:attachment":[{"href":"https:\/\/redenoticiaz.com.br\/ribeiraopreto-regiao\/wp-json\/wp\/v2\/media?parent=114679"}],"wp:term":[{"taxonomy":"category","embeddable":true,"href":"https:\/\/redenoticiaz.com.br\/ribeiraopreto-regiao\/wp-json\/wp\/v2\/categories?post=114679"},{"taxonomy":"post_tag","embeddable":true,"href":"https:\/\/redenoticiaz.com.br\/ribeiraopreto-regiao\/wp-json\/wp\/v2\/tags?post=114679"}],"curies":[{"name":"wp","href":"https:\/\/api.w.org\/{rel}","templated":true}]}}