{"id":114885,"date":"2024-02-01T15:26:56","date_gmt":"2024-02-01T18:26:56","guid":{"rendered":"https:\/\/redenoticiaz.com.br\/barretos-regiao\/?p=114885"},"modified":"2024-02-01T15:26:56","modified_gmt":"2024-02-01T18:26:56","slug":"castramovel-e-leva-e-traz-pet-ampliam-atendimento-a-comunidade","status":"publish","type":"post","link":"https:\/\/redenoticiaz.com.br\/ribeiraopreto-regiao\/sp\/2024\/02\/01\/castramovel-e-leva-e-traz-pet-ampliam-atendimento-a-comunidade","title":{"rendered":"CastraM\u00f3vel e &#8220;Leva e Traz \u2013 Pet&#8221; ampliam atendimento \u00e0 comunidade"},"content":{"rendered":"<p>A prefeita de Barretos, Paula Lemos, apresentou o novo CastraM\u00f3vel da Secretaria Municipal de Agricultura e Meio Ambiente, destacando a reativa\u00e7\u00e3o do servi\u00e7o de castra\u00e7\u00e3o m\u00f3vel para animais pequenos.<\/p>\n<p>O \u00f4nibus, adaptado para o procedimento, estar\u00e1 em opera\u00e7\u00e3o a partir de fevereiro. Paralelamente, a prefeitura lan\u00e7ou o servi\u00e7o &#8220;Leva e Traz \u2013 Pet&#8221; para auxiliar pessoas com dificuldade de locomo\u00e7\u00e3o, garantindo o transporte de animais para atendimento veterin\u00e1rio.<\/p>\n<p>Ainda na ocasi\u00e3o, a prefeita entregou um trator \u00e0 Secretaria de Agricultura, fortalecendo a frota do Programa Patrulha Agr\u00edcola.<\/p>\n<p>O ve\u00edculo, proveniente de um conv\u00eanio estadual, est\u00e1 avaliado em R$ 189 mil. Al\u00e9m disso, foram anunciadas mudan\u00e7as na equipe administrativa, com Pl\u00e1cido Martins J\u00fanior assumindo a Secretaria de Agricultura e Meio Ambiente, e Fernando Fernandes de Freitas passando a liderar a Secretaria de Obras e Servi\u00e7os P\u00fablicos.<\/p>\n<p>A ex-secret\u00e1ria Gra\u00e7a Lemos dedicar\u00e1-se exclusivamente \u00e0 Secretaria Municipal de Sa\u00fade ap\u00f3s nove meses \u00e0 frente da Agricultura e Meio Ambiente, per\u00edodo marcado por conquistas significativas para o munic\u00edpio.<\/p>\n<p>LEIA MAIS<\/p>\n<p><a href=\"https:\/\/redenoticiaz.com.br\/barretos-regiao\/sp\/2024\/02\/01\/vacina-contra-dengue-do-instituto-butantan-demonstra-eficiencia-de-796-em-estudo-de-tres-anos\">Vacina contra dengue do Instituto Butantan demonstra efici\u00eancia de 79,6% em estudo de tr\u00eas anos<\/a><\/p>\n<p><a href=\"https:\/\/redenoticiaz.com.br\/barretos-regiao\/sp\/2024\/02\/01\/novo-salario-minimo-entra-em-vigor-saiba-mais\">Novo sal\u00e1rio m\u00ednimo entra em vigor; saiba mais<\/a><\/p>\n","protected":false},"excerpt":{"rendered":"<p>A prefeita de Barretos, Paula Lemos, apresentou o novo CastraM\u00f3vel da Secretaria Municipal de Agricultura e Meio Ambiente, destacando a reativa\u00e7\u00e3o do servi\u00e7o de castra\u00e7\u00e3o m\u00f3vel para animais pequenos. O \u00f4nibus, adaptado para o procedimento, estar\u00e1 em opera\u00e7\u00e3o a partir de fevereiro. Paralelamente, a prefeitura lan\u00e7ou o servi\u00e7o &#8220;Leva e Traz \u2013 Pet&#8221; para auxiliar &hellip;<\/p>\n","protected":false},"author":30,"featured_media":114886,"comment_status":"open","ping_status":"closed","sticky":false,"template":"","format":"standard","meta":{"footnotes":""},"categories":[94,2921],"tags":[29881,29880,254],"class_list":["post-114885","post","type-post","status-publish","format-standard","has-post-thumbnail","hentry","category-meio-ambiente","category-transportes","tag-castramovel","tag-leva-e-traz","tag-pet"],"yoast_head":"<!-- This site is optimized with the Yoast SEO plugin v27.4 - https:\/\/yoast.com\/product\/yoast-seo-wordpress\/ -->\n<title>CastraM\u00f3vel e &#8220;Leva e Traz \u2013 Pet&#8221; ampliam atendimento \u00e0 comunidade - Ribeir\u00e3o Preto e Regi\u00e3o<\/title>\n<meta name=\"description\" content=\"A prefeita de Barretos, apresentou o novo CastraM\u00f3vel da Secretaria Municipal de Agricultura e Meio Ambiente, destacando a reativa\u00e7\u00e3o do servi\u00e7o.\" \/>\n<meta name=\"robots\" content=\"index, follow, max-snippet:-1, max-image-preview:large, max-video-preview:-1\" \/>\n<link rel=\"canonical\" href=\"https:\/\/redenoticiaz.com.br\/ribeiraopreto-regiao\/sp\/2024\/02\/01\/castramovel-e-leva-e-traz-pet-ampliam-atendimento-a-comunidade\" \/>\n<meta property=\"og:locale\" content=\"pt_BR\" \/>\n<meta property=\"og:type\" content=\"article\" \/>\n<meta property=\"og:title\" content=\"CastraM\u00f3vel e &#8220;Leva e Traz \u2013 Pet&#8221; ampliam atendimento \u00e0 comunidade - Ribeir\u00e3o Preto e Regi\u00e3o\" \/>\n<meta property=\"og:description\" content=\"A prefeita de Barretos, apresentou o novo CastraM\u00f3vel da Secretaria Municipal de Agricultura e Meio Ambiente, destacando a reativa\u00e7\u00e3o do servi\u00e7o.\" \/>\n<meta property=\"og:url\" content=\"https:\/\/redenoticiaz.com.br\/ribeiraopreto-regiao\/sp\/2024\/02\/01\/castramovel-e-leva-e-traz-pet-ampliam-atendimento-a-comunidade\" \/>\n<meta property=\"og:site_name\" content=\"Ribeir\u00e3o Preto e Regi\u00e3o\" \/>\n<meta property=\"article:publisher\" content=\"https:\/\/m.facebook.com\/redenoticiaz.barretos\" \/>\n<meta property=\"article:published_time\" content=\"2024-02-01T18:26:56+00:00\" \/>\n<meta property=\"og:image\" content=\"https:\/\/redenoticiaz.com.br\/ribeiraopreto-regiao\/wp-content\/uploads\/sites\/4\/2024\/02\/b73ce398c39f506af761d2277d853a92.jpeg\" \/>\n\t<meta property=\"og:image:width\" content=\"1600\" \/>\n\t<meta property=\"og:image:height\" content=\"1067\" \/>\n\t<meta property=\"og:image:type\" content=\"image\/jpeg\" \/>\n<meta name=\"author\" content=\"Carina Reifonas\" \/>\n<meta name=\"twitter:card\" content=\"summary_large_image\" \/>\n<meta name=\"twitter:creator\" content=\"@RN_barretos\" \/>\n<meta name=\"twitter:site\" content=\"@RN_barretos\" \/>\n<meta name=\"twitter:label1\" content=\"Escrito por\" \/>\n\t<meta name=\"twitter:data1\" content=\"Carina Reifonas\" \/>\n\t<meta name=\"twitter:label2\" content=\"Est. tempo de leitura\" \/>\n\t<meta name=\"twitter:data2\" content=\"2 minutos\" \/>\n<script type=\"application\/ld+json\" class=\"yoast-schema-graph\">{\"@context\":\"https:\\\/\\\/schema.org\",\"@graph\":[{\"@type\":\"Article\",\"@id\":\"https:\\\/\\\/redenoticiaz.com.br\\\/ribeiraopreto-regiao\\\/sp\\\/2024\\\/02\\\/01\\\/castramovel-e-leva-e-traz-pet-ampliam-atendimento-a-comunidade#article\",\"isPartOf\":{\"@id\":\"https:\\\/\\\/redenoticiaz.com.br\\\/ribeiraopreto-regiao\\\/sp\\\/2024\\\/02\\\/01\\\/castramovel-e-leva-e-traz-pet-ampliam-atendimento-a-comunidade\"},\"author\":{\"name\":\"Carina Reifonas\",\"@id\":\"https:\\\/\\\/redenoticiaz.com.br\\\/ribeiraopreto-regiao\\\/#\\\/schema\\\/person\\\/1f84d6e94e6a62d2d81199d7503e9e90\"},\"headline\":\"CastraM\u00f3vel e &#8220;Leva e Traz \u2013 Pet&#8221; ampliam atendimento \u00e0 comunidade\",\"datePublished\":\"2024-02-01T18:26:56+00:00\",\"mainEntityOfPage\":{\"@id\":\"https:\\\/\\\/redenoticiaz.com.br\\\/ribeiraopreto-regiao\\\/sp\\\/2024\\\/02\\\/01\\\/castramovel-e-leva-e-traz-pet-ampliam-atendimento-a-comunidade\"},\"wordCount\":224,\"commentCount\":0,\"publisher\":{\"@id\":\"https:\\\/\\\/redenoticiaz.com.br\\\/ribeiraopreto-regiao\\\/#organization\"},\"image\":{\"@id\":\"https:\\\/\\\/redenoticiaz.com.br\\\/ribeiraopreto-regiao\\\/sp\\\/2024\\\/02\\\/01\\\/castramovel-e-leva-e-traz-pet-ampliam-atendimento-a-comunidade#primaryimage\"},\"thumbnailUrl\":\"https:\\\/\\\/redenoticiaz.com.br\\\/ribeiraopreto-regiao\\\/wp-content\\\/uploads\\\/sites\\\/4\\\/2024\\\/02\\\/b73ce398c39f506af761d2277d853a92.jpeg\",\"keywords\":[\"CastraM\u00f3vel\",\"Leva e traz\",\"pet\"],\"articleSection\":[\"Meio Ambiente\",\"Transportes\"],\"inLanguage\":\"pt-BR\",\"potentialAction\":[{\"@type\":\"CommentAction\",\"name\":\"Comment\",\"target\":[\"https:\\\/\\\/redenoticiaz.com.br\\\/ribeiraopreto-regiao\\\/sp\\\/2024\\\/02\\\/01\\\/castramovel-e-leva-e-traz-pet-ampliam-atendimento-a-comunidade#respond\"]}]},{\"@type\":\"WebPage\",\"@id\":\"https:\\\/\\\/redenoticiaz.com.br\\\/ribeiraopreto-regiao\\\/sp\\\/2024\\\/02\\\/01\\\/castramovel-e-leva-e-traz-pet-ampliam-atendimento-a-comunidade\",\"url\":\"https:\\\/\\\/redenoticiaz.com.br\\\/ribeiraopreto-regiao\\\/sp\\\/2024\\\/02\\\/01\\\/castramovel-e-leva-e-traz-pet-ampliam-atendimento-a-comunidade\",\"name\":\"CastraM\u00f3vel e &#8220;Leva e Traz \u2013 Pet&#8221; ampliam atendimento \u00e0 comunidade - Ribeir\u00e3o Preto e Regi\u00e3o\",\"isPartOf\":{\"@id\":\"https:\\\/\\\/redenoticiaz.com.br\\\/ribeiraopreto-regiao\\\/#website\"},\"primaryImageOfPage\":{\"@id\":\"https:\\\/\\\/redenoticiaz.com.br\\\/ribeiraopreto-regiao\\\/sp\\\/2024\\\/02\\\/01\\\/castramovel-e-leva-e-traz-pet-ampliam-atendimento-a-comunidade#primaryimage\"},\"image\":{\"@id\":\"https:\\\/\\\/redenoticiaz.com.br\\\/ribeiraopreto-regiao\\\/sp\\\/2024\\\/02\\\/01\\\/castramovel-e-leva-e-traz-pet-ampliam-atendimento-a-comunidade#primaryimage\"},\"thumbnailUrl\":\"https:\\\/\\\/redenoticiaz.com.br\\\/ribeiraopreto-regiao\\\/wp-content\\\/uploads\\\/sites\\\/4\\\/2024\\\/02\\\/b73ce398c39f506af761d2277d853a92.jpeg\",\"datePublished\":\"2024-02-01T18:26:56+00:00\",\"description\":\"A prefeita de Barretos, apresentou o novo CastraM\u00f3vel da Secretaria Municipal de Agricultura e Meio Ambiente, destacando a reativa\u00e7\u00e3o do servi\u00e7o.\",\"inLanguage\":\"pt-BR\",\"potentialAction\":[{\"@type\":\"ReadAction\",\"target\":[\"https:\\\/\\\/redenoticiaz.com.br\\\/ribeiraopreto-regiao\\\/sp\\\/2024\\\/02\\\/01\\\/castramovel-e-leva-e-traz-pet-ampliam-atendimento-a-comunidade\"]}]},{\"@type\":\"ImageObject\",\"inLanguage\":\"pt-BR\",\"@id\":\"https:\\\/\\\/redenoticiaz.com.br\\\/ribeiraopreto-regiao\\\/sp\\\/2024\\\/02\\\/01\\\/castramovel-e-leva-e-traz-pet-ampliam-atendimento-a-comunidade#primaryimage\",\"url\":\"https:\\\/\\\/redenoticiaz.com.br\\\/ribeiraopreto-regiao\\\/wp-content\\\/uploads\\\/sites\\\/4\\\/2024\\\/02\\\/b73ce398c39f506af761d2277d853a92.jpeg\",\"contentUrl\":\"https:\\\/\\\/redenoticiaz.com.br\\\/ribeiraopreto-regiao\\\/wp-content\\\/uploads\\\/sites\\\/4\\\/2024\\\/02\\\/b73ce398c39f506af761d2277d853a92.jpeg\",\"width\":1600,\"height\":1067,\"caption\":\"CastraM\u00f3vel e \\\"Leva e Traz \u2013 Pet\\\" ampliam atendimento \u00e0 comunidade. Foto - Divulga\u00e7\u00e3o\"},{\"@type\":\"WebSite\",\"@id\":\"https:\\\/\\\/redenoticiaz.com.br\\\/ribeiraopreto-regiao\\\/#website\",\"url\":\"https:\\\/\\\/redenoticiaz.com.br\\\/ribeiraopreto-regiao\\\/\",\"name\":\"Ribeir\u00e3o Preto e Regi\u00e3o\",\"description\":\"Rede NoticiaZ - Ribeir\u00e3o Preto e regi\u00e3o\",\"publisher\":{\"@id\":\"https:\\\/\\\/redenoticiaz.com.br\\\/ribeiraopreto-regiao\\\/#organization\"},\"potentialAction\":[{\"@type\":\"SearchAction\",\"target\":{\"@type\":\"EntryPoint\",\"urlTemplate\":\"https:\\\/\\\/redenoticiaz.com.br\\\/ribeiraopreto-regiao\\\/?s={search_term_string}\"},\"query-input\":{\"@type\":\"PropertyValueSpecification\",\"valueRequired\":true,\"valueName\":\"search_term_string\"}}],\"inLanguage\":\"pt-BR\"},{\"@type\":\"Organization\",\"@id\":\"https:\\\/\\\/redenoticiaz.com.br\\\/ribeiraopreto-regiao\\\/#organization\",\"name\":\"Ribeir\u00e3o Preto e Regi\u00e3o\",\"url\":\"https:\\\/\\\/redenoticiaz.com.br\\\/ribeiraopreto-regiao\\\/\",\"logo\":{\"@type\":\"ImageObject\",\"inLanguage\":\"pt-BR\",\"@id\":\"https:\\\/\\\/redenoticiaz.com.br\\\/ribeiraopreto-regiao\\\/#\\\/schema\\\/logo\\\/image\\\/\",\"url\":\"https:\\\/\\\/redenoticiaz.com.br\\\/barretos-regiao\\\/wp-content\\\/uploads\\\/sites\\\/4\\\/2022\\\/02\\\/logo.jpg\",\"contentUrl\":\"https:\\\/\\\/redenoticiaz.com.br\\\/barretos-regiao\\\/wp-content\\\/uploads\\\/sites\\\/4\\\/2022\\\/02\\\/logo.jpg\",\"width\":400,\"height\":250,\"caption\":\"Ribeir\u00e3o Preto e Regi\u00e3o\"},\"image\":{\"@id\":\"https:\\\/\\\/redenoticiaz.com.br\\\/ribeiraopreto-regiao\\\/#\\\/schema\\\/logo\\\/image\\\/\"},\"sameAs\":[\"https:\\\/\\\/m.facebook.com\\\/redenoticiaz.barretos\",\"https:\\\/\\\/x.com\\\/RN_barretos\",\"https:\\\/\\\/www.instagram.com\\\/redenoticiaz.barretos\\\/?igshid=YmMyMTA2M2Y\",\"https:\\\/\\\/www.linkedin.com\\\/company\\\/rede-noticiaz-barretos-e-regio\\\/\"]},{\"@type\":\"Person\",\"@id\":\"https:\\\/\\\/redenoticiaz.com.br\\\/ribeiraopreto-regiao\\\/#\\\/schema\\\/person\\\/1f84d6e94e6a62d2d81199d7503e9e90\",\"name\":\"Carina Reifonas\",\"image\":{\"@type\":\"ImageObject\",\"inLanguage\":\"pt-BR\",\"@id\":\"https:\\\/\\\/secure.gravatar.com\\\/avatar\\\/04c59859b23696cf867715880f81d5c037e60109730bdb4e6670ec2a2245bc97?s=96&d=mm&r=g\",\"url\":\"https:\\\/\\\/secure.gravatar.com\\\/avatar\\\/04c59859b23696cf867715880f81d5c037e60109730bdb4e6670ec2a2245bc97?s=96&d=mm&r=g\",\"contentUrl\":\"https:\\\/\\\/secure.gravatar.com\\\/avatar\\\/04c59859b23696cf867715880f81d5c037e60109730bdb4e6670ec2a2245bc97?s=96&d=mm&r=g\",\"caption\":\"Carina Reifonas\"},\"url\":\"https:\\\/\\\/redenoticiaz.com.br\\\/ribeiraopreto-regiao\\\/sp\\\/author\\\/carinareifonas\"}]}<\/script>\n<!-- \/ Yoast SEO plugin. -->","yoast_head_json":{"title":"CastraM\u00f3vel e &#8220;Leva e Traz \u2013 Pet&#8221; ampliam atendimento \u00e0 comunidade - Ribeir\u00e3o Preto e Regi\u00e3o","description":"A prefeita de Barretos, apresentou o novo CastraM\u00f3vel da Secretaria Municipal de Agricultura e Meio Ambiente, destacando a reativa\u00e7\u00e3o do servi\u00e7o.","robots":{"index":"index","follow":"follow","max-snippet":"max-snippet:-1","max-image-preview":"max-image-preview:large","max-video-preview":"max-video-preview:-1"},"canonical":"https:\/\/redenoticiaz.com.br\/ribeiraopreto-regiao\/sp\/2024\/02\/01\/castramovel-e-leva-e-traz-pet-ampliam-atendimento-a-comunidade","og_locale":"pt_BR","og_type":"article","og_title":"CastraM\u00f3vel e &#8220;Leva e Traz \u2013 Pet&#8221; ampliam atendimento \u00e0 comunidade - Ribeir\u00e3o Preto e Regi\u00e3o","og_description":"A prefeita de Barretos, apresentou o novo CastraM\u00f3vel da Secretaria Municipal de Agricultura e Meio Ambiente, destacando a reativa\u00e7\u00e3o do servi\u00e7o.","og_url":"https:\/\/redenoticiaz.com.br\/ribeiraopreto-regiao\/sp\/2024\/02\/01\/castramovel-e-leva-e-traz-pet-ampliam-atendimento-a-comunidade","og_site_name":"Ribeir\u00e3o Preto e Regi\u00e3o","article_publisher":"https:\/\/m.facebook.com\/redenoticiaz.barretos","article_published_time":"2024-02-01T18:26:56+00:00","og_image":[{"width":1600,"height":1067,"url":"https:\/\/redenoticiaz.com.br\/ribeiraopreto-regiao\/wp-content\/uploads\/sites\/4\/2024\/02\/b73ce398c39f506af761d2277d853a92.jpeg","type":"image\/jpeg"}],"author":"Carina Reifonas","twitter_card":"summary_large_image","twitter_creator":"@RN_barretos","twitter_site":"@RN_barretos","twitter_misc":{"Escrito por":"Carina Reifonas","Est. tempo de leitura":"2 minutos"},"schema":{"@context":"https:\/\/schema.org","@graph":[{"@type":"Article","@id":"https:\/\/redenoticiaz.com.br\/ribeiraopreto-regiao\/sp\/2024\/02\/01\/castramovel-e-leva-e-traz-pet-ampliam-atendimento-a-comunidade#article","isPartOf":{"@id":"https:\/\/redenoticiaz.com.br\/ribeiraopreto-regiao\/sp\/2024\/02\/01\/castramovel-e-leva-e-traz-pet-ampliam-atendimento-a-comunidade"},"author":{"name":"Carina Reifonas","@id":"https:\/\/redenoticiaz.com.br\/ribeiraopreto-regiao\/#\/schema\/person\/1f84d6e94e6a62d2d81199d7503e9e90"},"headline":"CastraM\u00f3vel e &#8220;Leva e Traz \u2013 Pet&#8221; ampliam atendimento \u00e0 comunidade","datePublished":"2024-02-01T18:26:56+00:00","mainEntityOfPage":{"@id":"https:\/\/redenoticiaz.com.br\/ribeiraopreto-regiao\/sp\/2024\/02\/01\/castramovel-e-leva-e-traz-pet-ampliam-atendimento-a-comunidade"},"wordCount":224,"commentCount":0,"publisher":{"@id":"https:\/\/redenoticiaz.com.br\/ribeiraopreto-regiao\/#organization"},"image":{"@id":"https:\/\/redenoticiaz.com.br\/ribeiraopreto-regiao\/sp\/2024\/02\/01\/castramovel-e-leva-e-traz-pet-ampliam-atendimento-a-comunidade#primaryimage"},"thumbnailUrl":"https:\/\/redenoticiaz.com.br\/ribeiraopreto-regiao\/wp-content\/uploads\/sites\/4\/2024\/02\/b73ce398c39f506af761d2277d853a92.jpeg","keywords":["CastraM\u00f3vel","Leva e traz","pet"],"articleSection":["Meio Ambiente","Transportes"],"inLanguage":"pt-BR","potentialAction":[{"@type":"CommentAction","name":"Comment","target":["https:\/\/redenoticiaz.com.br\/ribeiraopreto-regiao\/sp\/2024\/02\/01\/castramovel-e-leva-e-traz-pet-ampliam-atendimento-a-comunidade#respond"]}]},{"@type":"WebPage","@id":"https:\/\/redenoticiaz.com.br\/ribeiraopreto-regiao\/sp\/2024\/02\/01\/castramovel-e-leva-e-traz-pet-ampliam-atendimento-a-comunidade","url":"https:\/\/redenoticiaz.com.br\/ribeiraopreto-regiao\/sp\/2024\/02\/01\/castramovel-e-leva-e-traz-pet-ampliam-atendimento-a-comunidade","name":"CastraM\u00f3vel e &#8220;Leva e Traz \u2013 Pet&#8221; ampliam atendimento \u00e0 comunidade - Ribeir\u00e3o Preto e Regi\u00e3o","isPartOf":{"@id":"https:\/\/redenoticiaz.com.br\/ribeiraopreto-regiao\/#website"},"primaryImageOfPage":{"@id":"https:\/\/redenoticiaz.com.br\/ribeiraopreto-regiao\/sp\/2024\/02\/01\/castramovel-e-leva-e-traz-pet-ampliam-atendimento-a-comunidade#primaryimage"},"image":{"@id":"https:\/\/redenoticiaz.com.br\/ribeiraopreto-regiao\/sp\/2024\/02\/01\/castramovel-e-leva-e-traz-pet-ampliam-atendimento-a-comunidade#primaryimage"},"thumbnailUrl":"https:\/\/redenoticiaz.com.br\/ribeiraopreto-regiao\/wp-content\/uploads\/sites\/4\/2024\/02\/b73ce398c39f506af761d2277d853a92.jpeg","datePublished":"2024-02-01T18:26:56+00:00","description":"A prefeita de Barretos, apresentou o novo CastraM\u00f3vel da Secretaria Municipal de Agricultura e Meio Ambiente, destacando a reativa\u00e7\u00e3o do servi\u00e7o.","inLanguage":"pt-BR","potentialAction":[{"@type":"ReadAction","target":["https:\/\/redenoticiaz.com.br\/ribeiraopreto-regiao\/sp\/2024\/02\/01\/castramovel-e-leva-e-traz-pet-ampliam-atendimento-a-comunidade"]}]},{"@type":"ImageObject","inLanguage":"pt-BR","@id":"https:\/\/redenoticiaz.com.br\/ribeiraopreto-regiao\/sp\/2024\/02\/01\/castramovel-e-leva-e-traz-pet-ampliam-atendimento-a-comunidade#primaryimage","url":"https:\/\/redenoticiaz.com.br\/ribeiraopreto-regiao\/wp-content\/uploads\/sites\/4\/2024\/02\/b73ce398c39f506af761d2277d853a92.jpeg","contentUrl":"https:\/\/redenoticiaz.com.br\/ribeiraopreto-regiao\/wp-content\/uploads\/sites\/4\/2024\/02\/b73ce398c39f506af761d2277d853a92.jpeg","width":1600,"height":1067,"caption":"CastraM\u00f3vel e \"Leva e Traz \u2013 Pet\" ampliam atendimento \u00e0 comunidade. Foto - Divulga\u00e7\u00e3o"},{"@type":"WebSite","@id":"https:\/\/redenoticiaz.com.br\/ribeiraopreto-regiao\/#website","url":"https:\/\/redenoticiaz.com.br\/ribeiraopreto-regiao\/","name":"Ribeir\u00e3o Preto e Regi\u00e3o","description":"Rede NoticiaZ - Ribeir\u00e3o Preto e regi\u00e3o","publisher":{"@id":"https:\/\/redenoticiaz.com.br\/ribeiraopreto-regiao\/#organization"},"potentialAction":[{"@type":"SearchAction","target":{"@type":"EntryPoint","urlTemplate":"https:\/\/redenoticiaz.com.br\/ribeiraopreto-regiao\/?s={search_term_string}"},"query-input":{"@type":"PropertyValueSpecification","valueRequired":true,"valueName":"search_term_string"}}],"inLanguage":"pt-BR"},{"@type":"Organization","@id":"https:\/\/redenoticiaz.com.br\/ribeiraopreto-regiao\/#organization","name":"Ribeir\u00e3o Preto e Regi\u00e3o","url":"https:\/\/redenoticiaz.com.br\/ribeiraopreto-regiao\/","logo":{"@type":"ImageObject","inLanguage":"pt-BR","@id":"https:\/\/redenoticiaz.com.br\/ribeiraopreto-regiao\/#\/schema\/logo\/image\/","url":"https:\/\/redenoticiaz.com.br\/barretos-regiao\/wp-content\/uploads\/sites\/4\/2022\/02\/logo.jpg","contentUrl":"https:\/\/redenoticiaz.com.br\/barretos-regiao\/wp-content\/uploads\/sites\/4\/2022\/02\/logo.jpg","width":400,"height":250,"caption":"Ribeir\u00e3o Preto e Regi\u00e3o"},"image":{"@id":"https:\/\/redenoticiaz.com.br\/ribeiraopreto-regiao\/#\/schema\/logo\/image\/"},"sameAs":["https:\/\/m.facebook.com\/redenoticiaz.barretos","https:\/\/x.com\/RN_barretos","https:\/\/www.instagram.com\/redenoticiaz.barretos\/?igshid=YmMyMTA2M2Y","https:\/\/www.linkedin.com\/company\/rede-noticiaz-barretos-e-regio\/"]},{"@type":"Person","@id":"https:\/\/redenoticiaz.com.br\/ribeiraopreto-regiao\/#\/schema\/person\/1f84d6e94e6a62d2d81199d7503e9e90","name":"Carina Reifonas","image":{"@type":"ImageObject","inLanguage":"pt-BR","@id":"https:\/\/secure.gravatar.com\/avatar\/04c59859b23696cf867715880f81d5c037e60109730bdb4e6670ec2a2245bc97?s=96&d=mm&r=g","url":"https:\/\/secure.gravatar.com\/avatar\/04c59859b23696cf867715880f81d5c037e60109730bdb4e6670ec2a2245bc97?s=96&d=mm&r=g","contentUrl":"https:\/\/secure.gravatar.com\/avatar\/04c59859b23696cf867715880f81d5c037e60109730bdb4e6670ec2a2245bc97?s=96&d=mm&r=g","caption":"Carina Reifonas"},"url":"https:\/\/redenoticiaz.com.br\/ribeiraopreto-regiao\/sp\/author\/carinareifonas"}]}},"_links":{"self":[{"href":"https:\/\/redenoticiaz.com.br\/ribeiraopreto-regiao\/wp-json\/wp\/v2\/posts\/114885","targetHints":{"allow":["GET"]}}],"collection":[{"href":"https:\/\/redenoticiaz.com.br\/ribeiraopreto-regiao\/wp-json\/wp\/v2\/posts"}],"about":[{"href":"https:\/\/redenoticiaz.com.br\/ribeiraopreto-regiao\/wp-json\/wp\/v2\/types\/post"}],"author":[{"embeddable":true,"href":"https:\/\/redenoticiaz.com.br\/ribeiraopreto-regiao\/wp-json\/wp\/v2\/users\/30"}],"replies":[{"embeddable":true,"href":"https:\/\/redenoticiaz.com.br\/ribeiraopreto-regiao\/wp-json\/wp\/v2\/comments?post=114885"}],"version-history":[{"count":1,"href":"https:\/\/redenoticiaz.com.br\/ribeiraopreto-regiao\/wp-json\/wp\/v2\/posts\/114885\/revisions"}],"predecessor-version":[{"id":114887,"href":"https:\/\/redenoticiaz.com.br\/ribeiraopreto-regiao\/wp-json\/wp\/v2\/posts\/114885\/revisions\/114887"}],"wp:featuredmedia":[{"embeddable":true,"href":"https:\/\/redenoticiaz.com.br\/ribeiraopreto-regiao\/wp-json\/wp\/v2\/media\/114886"}],"wp:attachment":[{"href":"https:\/\/redenoticiaz.com.br\/ribeiraopreto-regiao\/wp-json\/wp\/v2\/media?parent=114885"}],"wp:term":[{"taxonomy":"category","embeddable":true,"href":"https:\/\/redenoticiaz.com.br\/ribeiraopreto-regiao\/wp-json\/wp\/v2\/categories?post=114885"},{"taxonomy":"post_tag","embeddable":true,"href":"https:\/\/redenoticiaz.com.br\/ribeiraopreto-regiao\/wp-json\/wp\/v2\/tags?post=114885"}],"curies":[{"name":"wp","href":"https:\/\/api.w.org\/{rel}","templated":true}]}}