{"id":114958,"date":"2024-02-04T13:26:07","date_gmt":"2024-02-04T16:26:07","guid":{"rendered":"https:\/\/redenoticiaz.com.br\/barretos-regiao\/sp\/2024\/02\/04\/projeto-cultural-voltado-a-republica-tcheca-sera-idealizado-em-piracaia"},"modified":"2024-02-04T16:41:15","modified_gmt":"2024-02-04T19:41:15","slug":"projeto-cultural-voltado-a-republica-tcheca-sera-idealizado-em-piracaia","status":"publish","type":"post","link":"https:\/\/redenoticiaz.com.br\/ribeiraopreto-regiao\/sp\/2024\/02\/04\/projeto-cultural-voltado-a-republica-tcheca-sera-idealizado-em-piracaia","title":{"rendered":"Projeto Cultural voltado a Rep\u00fablica Tcheca ser\u00e1 idealizado em Piracaia"},"content":{"rendered":"<div class=\"xdj266r x11i5rnm xat24cr x1mh8g0r x1vvkbs x126k92a\">\n<div dir=\"auto\">Um projeto Cultural voltado a Rep\u00fablica Tcheca ser\u00e1 idealizado pela Prefeitura de Piracaia, segundo an\u00fancio do Prefeito da cidade, Silvino Cintra.<\/div>\n<\/div>\n<div dir=\"auto\"><\/div>\n<div dir=\"auto\">De acordo com as informa\u00e7\u00f5es, o chefe do executivo participou de uma reuni\u00e3o com o vice-prefeito Rog\u00e9rio Nascimento e do diretor da Redescobrindo Ideias, Sr. Marcos Junior Oliveira, juntamente com os diretores do N\u00facleo Cultural Jan Antonin Bata.<\/div>\n<div dir=\"auto\"><\/div>\n<div dir=\"auto\">Ainda de acordo com as informa\u00e7\u00f5es, um projeto destinado a um evento cultura dedicado a Rep\u00fablica Tcheca ser\u00e1 realizado em v\u00e1rios estabelecimentos da cidade.<\/div>\n<div dir=\"auto\"><\/div>\n<div dir=\"auto\">Sendo assim, o evento abranger\u00e1 uma ampla variedade de express\u00f5es art\u00edsticas, incluindo gastronomia, m\u00fasica, dan\u00e7a, cinema e fotografia, entre outras formas de manifesta\u00e7\u00e3o cultural.<\/div>\n<div class=\"xdj266r x11i5rnm xat24cr x1mh8g0r x1vvkbs x126k92a\">\n<div dir=\"auto\"><\/div>\n<div dir=\"auto\">Uma cerim\u00f4nia especial para receber o C\u00f4nsul Geral Tcheco est\u00e1 sendo discutida, al\u00e9m disso, um concurso de desenhos na Escola Marie Bata, em Batatuba.<\/div>\n<div dir=\"auto\">\n<figure id=\"attachment_114959\" aria-describedby=\"caption-attachment-114959\" style=\"width: 627px\" class=\"wp-caption aligncenter\"><img loading=\"lazy\" decoding=\"async\" class=\"wp-image-114959 size-large\" src=\"https:\/\/redenoticiaz.com.br\/barretos-regiao\/wp-content\/uploads\/sites\/4\/2024\/02\/425629953_889423542876740_1514985785879654743_n-627x470.jpg\" alt=\"Dirceu Cardoso, presidente do N\u00facleo Cultural Batatuba, Silvino Cintra, Prefeito Municipal de Piracaia, Rogerio Nascimento, Vice prefeito de Piracaia, \u2060Vera Camargo diretora N\u00facleo Cultural Batatuba e \u2060Marcos Oliveira,\u00a0 diretor do Redescobrindo Ideias\" width=\"627\" height=\"470\" \/><figcaption id=\"caption-attachment-114959\" class=\"wp-caption-text\">Dirceu Cardoso, presidente do N\u00facleo Cultural Batatuba, Silvino Cintra, Prefeito Municipal de Piracaia, Rogerio Nascimento, Vice prefeito de Piracaia, \u2060Vera Camargo diretora N\u00facleo Cultural Batatuba e \u2060Marcos Oliveira,\u00a0 diretor do Redescobrindo Ideias<\/figcaption><\/figure>\n<\/div>\n<\/div>\n<div dir=\"auto\"><\/div>\n<div dir=\"auto\">Enfim, o Prefeito afirmou na ocasi\u00e3o que o objetivo da reuni\u00e3o \u00e9 foi de ampliar os la\u00e7os e fortalecer o relacionamento entre a cidade e o pa\u00eds da a Rep\u00fablica Tcheca.<\/div>\n<div dir=\"auto\"><\/div>\n<div dir=\"auto\">&#8221; tamb\u00e9m estimular neg\u00f3cios, turismo e destacar a import\u00e2ncia da mem\u00f3ria do imigrante Jan Antonin Bata.<\/div>\n<div class=\"x11i5rnm xat24cr x1mh8g0r x1vvkbs xtlvy1s x126k92a\">\n<div dir=\"auto\">Estamos confiantes de que essas iniciativas n\u00e3o apenas enriquecer\u00e3o nossa vida cultural, mas tamb\u00e9m contribuir\u00e3o para o desenvolvimento econ\u00f4mico e cultural de nossa comunidade.&#8221;<\/div>\n<\/div>\n<div dir=\"auto\"><\/div>\n<div dir=\"auto\">Leia mais<\/div>\n<div dir=\"auto\"><a href=\"https:\/\/redenoticiaz.com.br\/blog\/2023\/06\/13\/camara-de-piracaia-recebe-exposicao-sobre-memorias-de-jan-bata-e-visita-do-consul-da-republica-tcheca\">OMS: novos casos de c\u00e2ncer devem aumentar 77% em 2050<\/a><\/div>\n<div dir=\"auto\"><a href=\"https:\/\/redenoticiaz.com.br\/blog\/2023\/09\/21\/piracaia-recebe-a-visita-de-empresarios-tchecos\">Piracaia recebe a visita de empres\u00e1rios tchecos<\/a><\/div>\n<div dir=\"auto\"><\/div>\n<div dir=\"auto\"><\/div>\n","protected":false},"excerpt":{"rendered":"<p>Um projeto Cultural voltado a Rep\u00fablica Tcheca ser\u00e1 idealizado pela Prefeitura de Piracaia, segundo an\u00fancio do Prefeito da cidade, Silvino Cintra. De acordo com as informa\u00e7\u00f5es, o chefe do executivo participou de uma reuni\u00e3o com o vice-prefeito Rog\u00e9rio Nascimento e do diretor da Redescobrindo Ideias, Sr. Marcos Junior Oliveira, juntamente com os diretores do N\u00facleo &hellip;<\/p>\n","protected":false},"author":12,"featured_media":114965,"comment_status":"open","ping_status":"closed","sticky":false,"template":"","format":"standard","meta":{"footnotes":""},"categories":[1,815],"tags":[25531,2924],"class_list":["post-114958","post","type-post","status-publish","format-standard","has-post-thumbnail","hentry","category-cidades","category-cultura-e-musica","tag-piracaia","tag-projeto"],"yoast_head":"<!-- This site is optimized with the Yoast SEO plugin v27.4 - https:\/\/yoast.com\/product\/yoast-seo-wordpress\/ -->\n<title>Projeto Cultural voltado a Rep\u00fablica Tcheca ser\u00e1 idealizado em Piracaia - Ribeir\u00e3o Preto e Regi\u00e3o<\/title>\n<meta name=\"description\" content=\"Um projeto Cultural voltado a Rep\u00fablica Tcheca ser\u00e1 idealizado pela Prefeitura de Piracaia, segundo an\u00fancio do Prefeito da cidade, Silvino Cintra.\" \/>\n<meta name=\"robots\" content=\"index, follow, max-snippet:-1, max-image-preview:large, max-video-preview:-1\" \/>\n<link rel=\"canonical\" href=\"https:\/\/redenoticiaz.com.br\/ribeiraopreto-regiao\/sp\/2024\/02\/04\/projeto-cultural-voltado-a-republica-tcheca-sera-idealizado-em-piracaia\" \/>\n<meta property=\"og:locale\" content=\"pt_BR\" \/>\n<meta property=\"og:type\" content=\"article\" \/>\n<meta property=\"og:title\" content=\"Projeto Cultural voltado a Rep\u00fablica Tcheca ser\u00e1 idealizado em Piracaia - Ribeir\u00e3o Preto e Regi\u00e3o\" \/>\n<meta property=\"og:description\" content=\"Um projeto Cultural voltado a Rep\u00fablica Tcheca ser\u00e1 idealizado pela Prefeitura de Piracaia, segundo an\u00fancio do Prefeito da cidade, Silvino Cintra.\" \/>\n<meta property=\"og:url\" content=\"https:\/\/redenoticiaz.com.br\/ribeiraopreto-regiao\/sp\/2024\/02\/04\/projeto-cultural-voltado-a-republica-tcheca-sera-idealizado-em-piracaia\" \/>\n<meta property=\"og:site_name\" content=\"Ribeir\u00e3o Preto e Regi\u00e3o\" \/>\n<meta property=\"article:publisher\" content=\"https:\/\/m.facebook.com\/redenoticiaz.barretos\" \/>\n<meta property=\"article:published_time\" content=\"2024-02-04T16:26:07+00:00\" \/>\n<meta property=\"article:modified_time\" content=\"2024-02-04T19:41:15+00:00\" \/>\n<meta property=\"og:image\" content=\"https:\/\/redenoticiaz.com.br\/ribeiraopreto-regiao\/wp-content\/uploads\/sites\/4\/2024\/02\/424784667_889041939581567_6552321311543881541_n.jpg?v=1707075649\" \/>\n\t<meta property=\"og:image:width\" content=\"1280\" \/>\n\t<meta property=\"og:image:height\" content=\"720\" \/>\n\t<meta property=\"og:image:type\" content=\"image\/jpeg\" \/>\n<meta name=\"author\" content=\"Gustavo Silva\" \/>\n<meta name=\"twitter:card\" content=\"summary_large_image\" \/>\n<meta name=\"twitter:creator\" content=\"@RN_barretos\" \/>\n<meta name=\"twitter:site\" content=\"@RN_barretos\" \/>\n<meta name=\"twitter:label1\" content=\"Escrito por\" \/>\n\t<meta name=\"twitter:data1\" content=\"Gustavo Silva\" \/>\n\t<meta name=\"twitter:label2\" content=\"Est. tempo de leitura\" \/>\n\t<meta name=\"twitter:data2\" content=\"2 minutos\" \/>\n<script type=\"application\/ld+json\" class=\"yoast-schema-graph\">{\"@context\":\"https:\\\/\\\/schema.org\",\"@graph\":[{\"@type\":\"Article\",\"@id\":\"https:\\\/\\\/redenoticiaz.com.br\\\/ribeiraopreto-regiao\\\/sp\\\/2024\\\/02\\\/04\\\/projeto-cultural-voltado-a-republica-tcheca-sera-idealizado-em-piracaia#article\",\"isPartOf\":{\"@id\":\"https:\\\/\\\/redenoticiaz.com.br\\\/ribeiraopreto-regiao\\\/sp\\\/2024\\\/02\\\/04\\\/projeto-cultural-voltado-a-republica-tcheca-sera-idealizado-em-piracaia\"},\"author\":{\"name\":\"Gustavo Silva\",\"@id\":\"https:\\\/\\\/redenoticiaz.com.br\\\/ribeiraopreto-regiao\\\/#\\\/schema\\\/person\\\/16057b37a3c0ee6b096d7f887c566e2e\"},\"headline\":\"Projeto Cultural voltado a Rep\u00fablica Tcheca ser\u00e1 idealizado em Piracaia\",\"datePublished\":\"2024-02-04T16:26:07+00:00\",\"dateModified\":\"2024-02-04T19:41:15+00:00\",\"mainEntityOfPage\":{\"@id\":\"https:\\\/\\\/redenoticiaz.com.br\\\/ribeiraopreto-regiao\\\/sp\\\/2024\\\/02\\\/04\\\/projeto-cultural-voltado-a-republica-tcheca-sera-idealizado-em-piracaia\"},\"wordCount\":302,\"commentCount\":0,\"publisher\":{\"@id\":\"https:\\\/\\\/redenoticiaz.com.br\\\/ribeiraopreto-regiao\\\/#organization\"},\"image\":{\"@id\":\"https:\\\/\\\/redenoticiaz.com.br\\\/ribeiraopreto-regiao\\\/sp\\\/2024\\\/02\\\/04\\\/projeto-cultural-voltado-a-republica-tcheca-sera-idealizado-em-piracaia#primaryimage\"},\"thumbnailUrl\":\"https:\\\/\\\/redenoticiaz.com.br\\\/ribeiraopreto-regiao\\\/wp-content\\\/uploads\\\/sites\\\/4\\\/2024\\\/02\\\/424784667_889041939581567_6552321311543881541_n.jpg?v=1707075649\",\"keywords\":[\"PIRACAIA\",\"PROJETO\"],\"articleSection\":[\"Cidades\",\"Cultura e M\u00fasica\"],\"inLanguage\":\"pt-BR\",\"potentialAction\":[{\"@type\":\"CommentAction\",\"name\":\"Comment\",\"target\":[\"https:\\\/\\\/redenoticiaz.com.br\\\/ribeiraopreto-regiao\\\/sp\\\/2024\\\/02\\\/04\\\/projeto-cultural-voltado-a-republica-tcheca-sera-idealizado-em-piracaia#respond\"]}]},{\"@type\":\"WebPage\",\"@id\":\"https:\\\/\\\/redenoticiaz.com.br\\\/ribeiraopreto-regiao\\\/sp\\\/2024\\\/02\\\/04\\\/projeto-cultural-voltado-a-republica-tcheca-sera-idealizado-em-piracaia\",\"url\":\"https:\\\/\\\/redenoticiaz.com.br\\\/ribeiraopreto-regiao\\\/sp\\\/2024\\\/02\\\/04\\\/projeto-cultural-voltado-a-republica-tcheca-sera-idealizado-em-piracaia\",\"name\":\"Projeto Cultural voltado a Rep\u00fablica Tcheca ser\u00e1 idealizado em Piracaia - Ribeir\u00e3o Preto e Regi\u00e3o\",\"isPartOf\":{\"@id\":\"https:\\\/\\\/redenoticiaz.com.br\\\/ribeiraopreto-regiao\\\/#website\"},\"primaryImageOfPage\":{\"@id\":\"https:\\\/\\\/redenoticiaz.com.br\\\/ribeiraopreto-regiao\\\/sp\\\/2024\\\/02\\\/04\\\/projeto-cultural-voltado-a-republica-tcheca-sera-idealizado-em-piracaia#primaryimage\"},\"image\":{\"@id\":\"https:\\\/\\\/redenoticiaz.com.br\\\/ribeiraopreto-regiao\\\/sp\\\/2024\\\/02\\\/04\\\/projeto-cultural-voltado-a-republica-tcheca-sera-idealizado-em-piracaia#primaryimage\"},\"thumbnailUrl\":\"https:\\\/\\\/redenoticiaz.com.br\\\/ribeiraopreto-regiao\\\/wp-content\\\/uploads\\\/sites\\\/4\\\/2024\\\/02\\\/424784667_889041939581567_6552321311543881541_n.jpg?v=1707075649\",\"datePublished\":\"2024-02-04T16:26:07+00:00\",\"dateModified\":\"2024-02-04T19:41:15+00:00\",\"description\":\"Um projeto Cultural voltado a Rep\u00fablica Tcheca ser\u00e1 idealizado pela Prefeitura de Piracaia, segundo an\u00fancio do Prefeito da cidade, Silvino Cintra.\",\"inLanguage\":\"pt-BR\",\"potentialAction\":[{\"@type\":\"ReadAction\",\"target\":[\"https:\\\/\\\/redenoticiaz.com.br\\\/ribeiraopreto-regiao\\\/sp\\\/2024\\\/02\\\/04\\\/projeto-cultural-voltado-a-republica-tcheca-sera-idealizado-em-piracaia\"]}]},{\"@type\":\"ImageObject\",\"inLanguage\":\"pt-BR\",\"@id\":\"https:\\\/\\\/redenoticiaz.com.br\\\/ribeiraopreto-regiao\\\/sp\\\/2024\\\/02\\\/04\\\/projeto-cultural-voltado-a-republica-tcheca-sera-idealizado-em-piracaia#primaryimage\",\"url\":\"https:\\\/\\\/redenoticiaz.com.br\\\/ribeiraopreto-regiao\\\/wp-content\\\/uploads\\\/sites\\\/4\\\/2024\\\/02\\\/424784667_889041939581567_6552321311543881541_n.jpg?v=1707075649\",\"contentUrl\":\"https:\\\/\\\/redenoticiaz.com.br\\\/ribeiraopreto-regiao\\\/wp-content\\\/uploads\\\/sites\\\/4\\\/2024\\\/02\\\/424784667_889041939581567_6552321311543881541_n.jpg?v=1707075649\",\"width\":1280,\"height\":720},{\"@type\":\"WebSite\",\"@id\":\"https:\\\/\\\/redenoticiaz.com.br\\\/ribeiraopreto-regiao\\\/#website\",\"url\":\"https:\\\/\\\/redenoticiaz.com.br\\\/ribeiraopreto-regiao\\\/\",\"name\":\"Ribeir\u00e3o Preto e Regi\u00e3o\",\"description\":\"Rede NoticiaZ - Ribeir\u00e3o Preto e regi\u00e3o\",\"publisher\":{\"@id\":\"https:\\\/\\\/redenoticiaz.com.br\\\/ribeiraopreto-regiao\\\/#organization\"},\"potentialAction\":[{\"@type\":\"SearchAction\",\"target\":{\"@type\":\"EntryPoint\",\"urlTemplate\":\"https:\\\/\\\/redenoticiaz.com.br\\\/ribeiraopreto-regiao\\\/?s={search_term_string}\"},\"query-input\":{\"@type\":\"PropertyValueSpecification\",\"valueRequired\":true,\"valueName\":\"search_term_string\"}}],\"inLanguage\":\"pt-BR\"},{\"@type\":\"Organization\",\"@id\":\"https:\\\/\\\/redenoticiaz.com.br\\\/ribeiraopreto-regiao\\\/#organization\",\"name\":\"Ribeir\u00e3o Preto e Regi\u00e3o\",\"url\":\"https:\\\/\\\/redenoticiaz.com.br\\\/ribeiraopreto-regiao\\\/\",\"logo\":{\"@type\":\"ImageObject\",\"inLanguage\":\"pt-BR\",\"@id\":\"https:\\\/\\\/redenoticiaz.com.br\\\/ribeiraopreto-regiao\\\/#\\\/schema\\\/logo\\\/image\\\/\",\"url\":\"https:\\\/\\\/redenoticiaz.com.br\\\/barretos-regiao\\\/wp-content\\\/uploads\\\/sites\\\/4\\\/2022\\\/02\\\/logo.jpg\",\"contentUrl\":\"https:\\\/\\\/redenoticiaz.com.br\\\/barretos-regiao\\\/wp-content\\\/uploads\\\/sites\\\/4\\\/2022\\\/02\\\/logo.jpg\",\"width\":400,\"height\":250,\"caption\":\"Ribeir\u00e3o Preto e Regi\u00e3o\"},\"image\":{\"@id\":\"https:\\\/\\\/redenoticiaz.com.br\\\/ribeiraopreto-regiao\\\/#\\\/schema\\\/logo\\\/image\\\/\"},\"sameAs\":[\"https:\\\/\\\/m.facebook.com\\\/redenoticiaz.barretos\",\"https:\\\/\\\/x.com\\\/RN_barretos\",\"https:\\\/\\\/www.instagram.com\\\/redenoticiaz.barretos\\\/?igshid=YmMyMTA2M2Y\",\"https:\\\/\\\/www.linkedin.com\\\/company\\\/rede-noticiaz-barretos-e-regio\\\/\"]},{\"@type\":\"Person\",\"@id\":\"https:\\\/\\\/redenoticiaz.com.br\\\/ribeiraopreto-regiao\\\/#\\\/schema\\\/person\\\/16057b37a3c0ee6b096d7f887c566e2e\",\"name\":\"Gustavo Silva\",\"image\":{\"@type\":\"ImageObject\",\"inLanguage\":\"pt-BR\",\"@id\":\"https:\\\/\\\/secure.gravatar.com\\\/avatar\\\/3ee4e82f93b26de0a7cf4ea5eb7893da637ed6bb0c9170c58065944c56e28a33?s=96&d=mm&r=g\",\"url\":\"https:\\\/\\\/secure.gravatar.com\\\/avatar\\\/3ee4e82f93b26de0a7cf4ea5eb7893da637ed6bb0c9170c58065944c56e28a33?s=96&d=mm&r=g\",\"contentUrl\":\"https:\\\/\\\/secure.gravatar.com\\\/avatar\\\/3ee4e82f93b26de0a7cf4ea5eb7893da637ed6bb0c9170c58065944c56e28a33?s=96&d=mm&r=g\",\"caption\":\"Gustavo Silva\"},\"url\":\"https:\\\/\\\/redenoticiaz.com.br\\\/ribeiraopreto-regiao\\\/sp\\\/author\\\/gustavosilva\"}]}<\/script>\n<!-- \/ Yoast SEO plugin. -->","yoast_head_json":{"title":"Projeto Cultural voltado a Rep\u00fablica Tcheca ser\u00e1 idealizado em Piracaia - Ribeir\u00e3o Preto e Regi\u00e3o","description":"Um projeto Cultural voltado a Rep\u00fablica Tcheca ser\u00e1 idealizado pela Prefeitura de Piracaia, segundo an\u00fancio do Prefeito da cidade, Silvino Cintra.","robots":{"index":"index","follow":"follow","max-snippet":"max-snippet:-1","max-image-preview":"max-image-preview:large","max-video-preview":"max-video-preview:-1"},"canonical":"https:\/\/redenoticiaz.com.br\/ribeiraopreto-regiao\/sp\/2024\/02\/04\/projeto-cultural-voltado-a-republica-tcheca-sera-idealizado-em-piracaia","og_locale":"pt_BR","og_type":"article","og_title":"Projeto Cultural voltado a Rep\u00fablica Tcheca ser\u00e1 idealizado em Piracaia - Ribeir\u00e3o Preto e Regi\u00e3o","og_description":"Um projeto Cultural voltado a Rep\u00fablica Tcheca ser\u00e1 idealizado pela Prefeitura de Piracaia, segundo an\u00fancio do Prefeito da cidade, Silvino Cintra.","og_url":"https:\/\/redenoticiaz.com.br\/ribeiraopreto-regiao\/sp\/2024\/02\/04\/projeto-cultural-voltado-a-republica-tcheca-sera-idealizado-em-piracaia","og_site_name":"Ribeir\u00e3o Preto e Regi\u00e3o","article_publisher":"https:\/\/m.facebook.com\/redenoticiaz.barretos","article_published_time":"2024-02-04T16:26:07+00:00","article_modified_time":"2024-02-04T19:41:15+00:00","og_image":[{"width":1280,"height":720,"url":"https:\/\/redenoticiaz.com.br\/ribeiraopreto-regiao\/wp-content\/uploads\/sites\/4\/2024\/02\/424784667_889041939581567_6552321311543881541_n.jpg?v=1707075649","type":"image\/jpeg"}],"author":"Gustavo Silva","twitter_card":"summary_large_image","twitter_creator":"@RN_barretos","twitter_site":"@RN_barretos","twitter_misc":{"Escrito por":"Gustavo Silva","Est. tempo de leitura":"2 minutos"},"schema":{"@context":"https:\/\/schema.org","@graph":[{"@type":"Article","@id":"https:\/\/redenoticiaz.com.br\/ribeiraopreto-regiao\/sp\/2024\/02\/04\/projeto-cultural-voltado-a-republica-tcheca-sera-idealizado-em-piracaia#article","isPartOf":{"@id":"https:\/\/redenoticiaz.com.br\/ribeiraopreto-regiao\/sp\/2024\/02\/04\/projeto-cultural-voltado-a-republica-tcheca-sera-idealizado-em-piracaia"},"author":{"name":"Gustavo Silva","@id":"https:\/\/redenoticiaz.com.br\/ribeiraopreto-regiao\/#\/schema\/person\/16057b37a3c0ee6b096d7f887c566e2e"},"headline":"Projeto Cultural voltado a Rep\u00fablica Tcheca ser\u00e1 idealizado em Piracaia","datePublished":"2024-02-04T16:26:07+00:00","dateModified":"2024-02-04T19:41:15+00:00","mainEntityOfPage":{"@id":"https:\/\/redenoticiaz.com.br\/ribeiraopreto-regiao\/sp\/2024\/02\/04\/projeto-cultural-voltado-a-republica-tcheca-sera-idealizado-em-piracaia"},"wordCount":302,"commentCount":0,"publisher":{"@id":"https:\/\/redenoticiaz.com.br\/ribeiraopreto-regiao\/#organization"},"image":{"@id":"https:\/\/redenoticiaz.com.br\/ribeiraopreto-regiao\/sp\/2024\/02\/04\/projeto-cultural-voltado-a-republica-tcheca-sera-idealizado-em-piracaia#primaryimage"},"thumbnailUrl":"https:\/\/redenoticiaz.com.br\/ribeiraopreto-regiao\/wp-content\/uploads\/sites\/4\/2024\/02\/424784667_889041939581567_6552321311543881541_n.jpg?v=1707075649","keywords":["PIRACAIA","PROJETO"],"articleSection":["Cidades","Cultura e M\u00fasica"],"inLanguage":"pt-BR","potentialAction":[{"@type":"CommentAction","name":"Comment","target":["https:\/\/redenoticiaz.com.br\/ribeiraopreto-regiao\/sp\/2024\/02\/04\/projeto-cultural-voltado-a-republica-tcheca-sera-idealizado-em-piracaia#respond"]}]},{"@type":"WebPage","@id":"https:\/\/redenoticiaz.com.br\/ribeiraopreto-regiao\/sp\/2024\/02\/04\/projeto-cultural-voltado-a-republica-tcheca-sera-idealizado-em-piracaia","url":"https:\/\/redenoticiaz.com.br\/ribeiraopreto-regiao\/sp\/2024\/02\/04\/projeto-cultural-voltado-a-republica-tcheca-sera-idealizado-em-piracaia","name":"Projeto Cultural voltado a Rep\u00fablica Tcheca ser\u00e1 idealizado em Piracaia - Ribeir\u00e3o Preto e Regi\u00e3o","isPartOf":{"@id":"https:\/\/redenoticiaz.com.br\/ribeiraopreto-regiao\/#website"},"primaryImageOfPage":{"@id":"https:\/\/redenoticiaz.com.br\/ribeiraopreto-regiao\/sp\/2024\/02\/04\/projeto-cultural-voltado-a-republica-tcheca-sera-idealizado-em-piracaia#primaryimage"},"image":{"@id":"https:\/\/redenoticiaz.com.br\/ribeiraopreto-regiao\/sp\/2024\/02\/04\/projeto-cultural-voltado-a-republica-tcheca-sera-idealizado-em-piracaia#primaryimage"},"thumbnailUrl":"https:\/\/redenoticiaz.com.br\/ribeiraopreto-regiao\/wp-content\/uploads\/sites\/4\/2024\/02\/424784667_889041939581567_6552321311543881541_n.jpg?v=1707075649","datePublished":"2024-02-04T16:26:07+00:00","dateModified":"2024-02-04T19:41:15+00:00","description":"Um projeto Cultural voltado a Rep\u00fablica Tcheca ser\u00e1 idealizado pela Prefeitura de Piracaia, segundo an\u00fancio do Prefeito da cidade, Silvino Cintra.","inLanguage":"pt-BR","potentialAction":[{"@type":"ReadAction","target":["https:\/\/redenoticiaz.com.br\/ribeiraopreto-regiao\/sp\/2024\/02\/04\/projeto-cultural-voltado-a-republica-tcheca-sera-idealizado-em-piracaia"]}]},{"@type":"ImageObject","inLanguage":"pt-BR","@id":"https:\/\/redenoticiaz.com.br\/ribeiraopreto-regiao\/sp\/2024\/02\/04\/projeto-cultural-voltado-a-republica-tcheca-sera-idealizado-em-piracaia#primaryimage","url":"https:\/\/redenoticiaz.com.br\/ribeiraopreto-regiao\/wp-content\/uploads\/sites\/4\/2024\/02\/424784667_889041939581567_6552321311543881541_n.jpg?v=1707075649","contentUrl":"https:\/\/redenoticiaz.com.br\/ribeiraopreto-regiao\/wp-content\/uploads\/sites\/4\/2024\/02\/424784667_889041939581567_6552321311543881541_n.jpg?v=1707075649","width":1280,"height":720},{"@type":"WebSite","@id":"https:\/\/redenoticiaz.com.br\/ribeiraopreto-regiao\/#website","url":"https:\/\/redenoticiaz.com.br\/ribeiraopreto-regiao\/","name":"Ribeir\u00e3o Preto e Regi\u00e3o","description":"Rede NoticiaZ - Ribeir\u00e3o Preto e regi\u00e3o","publisher":{"@id":"https:\/\/redenoticiaz.com.br\/ribeiraopreto-regiao\/#organization"},"potentialAction":[{"@type":"SearchAction","target":{"@type":"EntryPoint","urlTemplate":"https:\/\/redenoticiaz.com.br\/ribeiraopreto-regiao\/?s={search_term_string}"},"query-input":{"@type":"PropertyValueSpecification","valueRequired":true,"valueName":"search_term_string"}}],"inLanguage":"pt-BR"},{"@type":"Organization","@id":"https:\/\/redenoticiaz.com.br\/ribeiraopreto-regiao\/#organization","name":"Ribeir\u00e3o Preto e Regi\u00e3o","url":"https:\/\/redenoticiaz.com.br\/ribeiraopreto-regiao\/","logo":{"@type":"ImageObject","inLanguage":"pt-BR","@id":"https:\/\/redenoticiaz.com.br\/ribeiraopreto-regiao\/#\/schema\/logo\/image\/","url":"https:\/\/redenoticiaz.com.br\/barretos-regiao\/wp-content\/uploads\/sites\/4\/2022\/02\/logo.jpg","contentUrl":"https:\/\/redenoticiaz.com.br\/barretos-regiao\/wp-content\/uploads\/sites\/4\/2022\/02\/logo.jpg","width":400,"height":250,"caption":"Ribeir\u00e3o Preto e Regi\u00e3o"},"image":{"@id":"https:\/\/redenoticiaz.com.br\/ribeiraopreto-regiao\/#\/schema\/logo\/image\/"},"sameAs":["https:\/\/m.facebook.com\/redenoticiaz.barretos","https:\/\/x.com\/RN_barretos","https:\/\/www.instagram.com\/redenoticiaz.barretos\/?igshid=YmMyMTA2M2Y","https:\/\/www.linkedin.com\/company\/rede-noticiaz-barretos-e-regio\/"]},{"@type":"Person","@id":"https:\/\/redenoticiaz.com.br\/ribeiraopreto-regiao\/#\/schema\/person\/16057b37a3c0ee6b096d7f887c566e2e","name":"Gustavo Silva","image":{"@type":"ImageObject","inLanguage":"pt-BR","@id":"https:\/\/secure.gravatar.com\/avatar\/3ee4e82f93b26de0a7cf4ea5eb7893da637ed6bb0c9170c58065944c56e28a33?s=96&d=mm&r=g","url":"https:\/\/secure.gravatar.com\/avatar\/3ee4e82f93b26de0a7cf4ea5eb7893da637ed6bb0c9170c58065944c56e28a33?s=96&d=mm&r=g","contentUrl":"https:\/\/secure.gravatar.com\/avatar\/3ee4e82f93b26de0a7cf4ea5eb7893da637ed6bb0c9170c58065944c56e28a33?s=96&d=mm&r=g","caption":"Gustavo Silva"},"url":"https:\/\/redenoticiaz.com.br\/ribeiraopreto-regiao\/sp\/author\/gustavosilva"}]}},"_links":{"self":[{"href":"https:\/\/redenoticiaz.com.br\/ribeiraopreto-regiao\/wp-json\/wp\/v2\/posts\/114958","targetHints":{"allow":["GET"]}}],"collection":[{"href":"https:\/\/redenoticiaz.com.br\/ribeiraopreto-regiao\/wp-json\/wp\/v2\/posts"}],"about":[{"href":"https:\/\/redenoticiaz.com.br\/ribeiraopreto-regiao\/wp-json\/wp\/v2\/types\/post"}],"author":[{"embeddable":true,"href":"https:\/\/redenoticiaz.com.br\/ribeiraopreto-regiao\/wp-json\/wp\/v2\/users\/12"}],"replies":[{"embeddable":true,"href":"https:\/\/redenoticiaz.com.br\/ribeiraopreto-regiao\/wp-json\/wp\/v2\/comments?post=114958"}],"version-history":[{"count":3,"href":"https:\/\/redenoticiaz.com.br\/ribeiraopreto-regiao\/wp-json\/wp\/v2\/posts\/114958\/revisions"}],"predecessor-version":[{"id":114966,"href":"https:\/\/redenoticiaz.com.br\/ribeiraopreto-regiao\/wp-json\/wp\/v2\/posts\/114958\/revisions\/114966"}],"wp:featuredmedia":[{"embeddable":true,"href":"https:\/\/redenoticiaz.com.br\/ribeiraopreto-regiao\/wp-json\/wp\/v2\/media\/114965"}],"wp:attachment":[{"href":"https:\/\/redenoticiaz.com.br\/ribeiraopreto-regiao\/wp-json\/wp\/v2\/media?parent=114958"}],"wp:term":[{"taxonomy":"category","embeddable":true,"href":"https:\/\/redenoticiaz.com.br\/ribeiraopreto-regiao\/wp-json\/wp\/v2\/categories?post=114958"},{"taxonomy":"post_tag","embeddable":true,"href":"https:\/\/redenoticiaz.com.br\/ribeiraopreto-regiao\/wp-json\/wp\/v2\/tags?post=114958"}],"curies":[{"name":"wp","href":"https:\/\/api.w.org\/{rel}","templated":true}]}}