{"id":114988,"date":"2024-02-05T17:09:36","date_gmt":"2024-02-05T20:09:36","guid":{"rendered":"https:\/\/redenoticiaz.com.br\/barretos-regiao\/sp\/2024\/02\/05\/governo-lanca-campanha-para-combate-a-violacao-de-direitos-no-carnaval"},"modified":"2024-02-05T17:10:00","modified_gmt":"2024-02-05T20:10:00","slug":"governo-lanca-campanha-para-combate-a-violacao-de-direitos-no-carnaval","status":"publish","type":"post","link":"https:\/\/redenoticiaz.com.br\/ribeiraopreto-regiao\/sp\/2024\/02\/05\/governo-lanca-campanha-para-combate-a-violacao-de-direitos-no-carnaval","title":{"rendered":"Governo lan\u00e7a campanha para combate a viola\u00e7\u00e3o de direitos no carnaval"},"content":{"rendered":"<p>A festa de carnaval come\u00e7ar\u00e1 oficialmente no s\u00e1bado (10), por\u00e9m,\u00a0na pr\u00e1tica, foli\u00e3s e foli\u00f5es j\u00e1 brincam fantasiados nas ruas de diversas cidades brasileiras\u00a0desde o \u00faltimo fim de semana.<\/p>\n<p>Carnaval, sim, mas, ass\u00e9dio, desrespeito e viola\u00e7\u00f5es de direitos n\u00e3o ter\u00e3o passagem\u00a0nas avenidas. \u00c9 o que pregam duas campanhas de conscientiza\u00e7\u00e3o espec\u00edficas para o per\u00edodo, lan\u00e7adas pelo Minist\u00e9rio dos Direitos Humanos e da Cidadania (MDHC) e pelo Conselho Nacional de Justi\u00e7a (CNJ).<img decoding=\"async\" src=\"https:\/\/agenciabrasil.ebc.com.br\/ebc.png?id=1579465&amp;o=node\" \/><img decoding=\"async\" src=\"https:\/\/agenciabrasil.ebc.com.br\/ebc.gif?id=1579465&amp;o=node\" \/><\/p>\n<p>O cantor e compositor Saulo Fernandes \u00e9 o embaixador da campanha federal. No jingle da a\u00e7\u00e3o, em ritmo de pagode baiano, o artista convoca os foli\u00f5es para ingressarem no Bloco do Disque 100\u00a0e denunciar poss\u00edveis casos de viola\u00e7\u00f5es de direitos humanos. \u201cSe voc\u00ea souber de qualquer viola\u00e7\u00e3o de direitos humanos, denuncie. Disque 100&#8243;.<\/p>\n<p>Em Salvador, na Bahia, a campanha sai do meio digital e desce \u00e0 avenida para o p\u00fablico ver. O trio el\u00e9trico do int\u00e9rprete de sucessos como Raiz de Todo o Bem\u00a0e Rua 15\u00a0integrar\u00e1 o Carnaval Pipoca, da folia gratuita e sem cordas dos blocos privados na capital baiana. O ve\u00edculo trar\u00e1 estampadas mensagens de conscientiza\u00e7\u00e3o sobre a import\u00e2ncia de se proteger o p\u00fablico infanto-juvenil.<\/p>\n<p>O Disque 100 \u00e9 gratuito e pode ser acionado pelo\u00a0<a href=\"https:\/\/falabr.cgu.gov.br\/Login\/Identificacao\/Identificacao.aspx?idFormulario=4&amp;tipo=1&amp;ReturnUrl=%2fpublico%2fManifestacao%2fRegistrarManifestacao.aspx%3fidFormulario%3d4%26tipo%3d1%26origem%3didp%26modo%3d%26ouvidoria%3d%26servico%3d%26assunto%3d\" target=\"_blank\" rel=\"noopener\">site oficial<\/a>, pelo Telegram e pelo WhatsApp (61) 99611-0100.<\/p>\n<p>Entre as viola\u00e7\u00f5es que devem ser combatidas, est\u00e3o a viol\u00eancia sexual contra crian\u00e7as e adolescentes, abuso e\/ou venda de \u00e1lcool e outras drogas, trabalho infantil, situa\u00e7\u00f5es de neglig\u00eancia e desaparecimento de pessoas. As mensagens publicit\u00e1rias ser\u00e3o postadas nas redes\u00a0<a href=\"https:\/\/www.instagram.com\/mdhcbrasil\/\" target=\"_blank\" rel=\"noopener\">sociais do minist\u00e9rio<\/a>.<\/p>\n<p>Aos interessados em participar da campanha Respeito e Cuidado, o MDHC tamb\u00e9m disponibiliza\u00a0gratuitamente as pe\u00e7as para download, no\u00a0<a href=\"https:\/\/www.gov.br\/mdh\/pt-br\/comunicacao\/campanhas-do-mdhc\/2024\/bloco-do-disque-100-cuidado-respeito-e-diversao-na-avenida\/acesse-as-pecas\" target=\"_blank\" rel=\"noopener\">site da pasta<\/a>,\u00a0com arquivos prontos para confeccionar bandanas, camisetas, cartazes, leques, tatuagem e at\u00e9 fitinhas com a frase Cuidado, Respeito e Divers\u00e3o na Avenida.<\/p>\n<p>Em 2023, das 430 mil den\u00fancias recebidas pelo Disque 100, 228 mil (53,14%) eram referentes \u00e0 viol\u00eancia contra crian\u00e7as e adolescentes, com 1,3 milh\u00e3o de viola\u00e7\u00f5es de direitos humanos. O n\u00famero de den\u00fancias recebidas \u00e9 45% maior do que 2022.<\/p>\n<p>Leia mais<\/p>\n<p><a href=\"https:\/\/redenoticiaz.com.br\/blog\/2024\/02\/05\/eleicao-da-corte-do-carnaval-de-jundiai-2024-agita-encerramento-da-festa-da-uva\">Elei\u00e7\u00e3o da corte do Carnaval de Jundia\u00ed 2024 agita encerramento da Festa da Uva<\/a><\/p>\n<p><a href=\"https:\/\/redenoticiaz.com.br\/blog\/2024\/01\/28\/carnaval-dicas-infaliveis-para-cuidar-da-sua-pele-durante-a-folia\">Carnaval: dicas infal\u00edveis para cuidar da sua pele durante a folia<\/a><\/p>\n","protected":false},"excerpt":{"rendered":"<p>A festa de carnaval come\u00e7ar\u00e1 oficialmente no s\u00e1bado (10), por\u00e9m,\u00a0na pr\u00e1tica, foli\u00e3s e foli\u00f5es j\u00e1 brincam fantasiados nas ruas de diversas cidades brasileiras\u00a0desde o \u00faltimo fim de semana. Carnaval, sim, mas, ass\u00e9dio, desrespeito e viola\u00e7\u00f5es de direitos n\u00e3o ter\u00e3o passagem\u00a0nas avenidas. \u00c9 o que pregam duas campanhas de conscientiza\u00e7\u00e3o espec\u00edficas para o per\u00edodo, lan\u00e7adas pelo &hellip;<\/p>\n","protected":false},"author":12,"featured_media":114989,"comment_status":"open","ping_status":"closed","sticky":false,"template":"","format":"standard","meta":{"footnotes":""},"categories":[815,67],"tags":[29891,168,157],"class_list":["post-114988","post","type-post","status-publish","format-standard","has-post-thumbnail","hentry","category-cultura-e-musica","category-direitos-humanos","tag-bloco","tag-carnaval","tag-sao-paulo"],"yoast_head":"<!-- This site is optimized with the Yoast SEO plugin v27.4 - https:\/\/yoast.com\/product\/yoast-seo-wordpress\/ -->\n<title>Governo lan\u00e7a campanha para combate a viola\u00e7\u00e3o de direitos no carnaval - Ribeir\u00e3o Preto e Regi\u00e3o<\/title>\n<meta name=\"description\" content=\"A festa de carnaval come\u00e7ar\u00e1 oficialmente no s\u00e1bado (10), por\u00e9m,\u00a0na pr\u00e1tica, foli\u00e3s e foli\u00f5es j\u00e1 brincam fantasiados nas ruas de diversas cidades brasileiras\u00a0desde o \u00faltimo fim de semana.\" \/>\n<meta name=\"robots\" content=\"index, follow, max-snippet:-1, max-image-preview:large, max-video-preview:-1\" \/>\n<link rel=\"canonical\" href=\"https:\/\/redenoticiaz.com.br\/ribeiraopreto-regiao\/sp\/2024\/02\/05\/governo-lanca-campanha-para-combate-a-violacao-de-direitos-no-carnaval\" \/>\n<meta property=\"og:locale\" content=\"pt_BR\" \/>\n<meta property=\"og:type\" content=\"article\" \/>\n<meta property=\"og:title\" content=\"Governo lan\u00e7a campanha para combate a viola\u00e7\u00e3o de direitos no carnaval - Ribeir\u00e3o Preto e Regi\u00e3o\" \/>\n<meta property=\"og:description\" content=\"A festa de carnaval come\u00e7ar\u00e1 oficialmente no s\u00e1bado (10), por\u00e9m,\u00a0na pr\u00e1tica, foli\u00e3s e foli\u00f5es j\u00e1 brincam fantasiados nas ruas de diversas cidades brasileiras\u00a0desde o \u00faltimo fim de semana.\" \/>\n<meta property=\"og:url\" content=\"https:\/\/redenoticiaz.com.br\/ribeiraopreto-regiao\/sp\/2024\/02\/05\/governo-lanca-campanha-para-combate-a-violacao-de-direitos-no-carnaval\" \/>\n<meta property=\"og:site_name\" content=\"Ribeir\u00e3o Preto e Regi\u00e3o\" \/>\n<meta property=\"article:publisher\" content=\"https:\/\/m.facebook.com\/redenoticiaz.barretos\" \/>\n<meta property=\"article:published_time\" content=\"2024-02-05T20:09:36+00:00\" \/>\n<meta property=\"article:modified_time\" content=\"2024-02-05T20:10:00+00:00\" \/>\n<meta property=\"og:image\" content=\"https:\/\/redenoticiaz.com.br\/ribeiraopreto-regiao\/wp-content\/uploads\/sites\/4\/2024\/02\/canaval-sp.jpg?v=1595901629\" \/>\n\t<meta property=\"og:image:width\" content=\"540\" \/>\n\t<meta property=\"og:image:height\" content=\"370\" \/>\n\t<meta property=\"og:image:type\" content=\"image\/jpeg\" \/>\n<meta name=\"author\" content=\"Gustavo Silva\" \/>\n<meta name=\"twitter:card\" content=\"summary_large_image\" \/>\n<meta name=\"twitter:creator\" content=\"@RN_barretos\" \/>\n<meta name=\"twitter:site\" content=\"@RN_barretos\" \/>\n<meta name=\"twitter:label1\" content=\"Escrito por\" \/>\n\t<meta name=\"twitter:data1\" content=\"Gustavo Silva\" \/>\n\t<meta name=\"twitter:label2\" content=\"Est. tempo de leitura\" \/>\n\t<meta name=\"twitter:data2\" content=\"3 minutos\" \/>\n<script type=\"application\/ld+json\" class=\"yoast-schema-graph\">{\"@context\":\"https:\\\/\\\/schema.org\",\"@graph\":[{\"@type\":\"Article\",\"@id\":\"https:\\\/\\\/redenoticiaz.com.br\\\/ribeiraopreto-regiao\\\/sp\\\/2024\\\/02\\\/05\\\/governo-lanca-campanha-para-combate-a-violacao-de-direitos-no-carnaval#article\",\"isPartOf\":{\"@id\":\"https:\\\/\\\/redenoticiaz.com.br\\\/ribeiraopreto-regiao\\\/sp\\\/2024\\\/02\\\/05\\\/governo-lanca-campanha-para-combate-a-violacao-de-direitos-no-carnaval\"},\"author\":{\"name\":\"Gustavo Silva\",\"@id\":\"https:\\\/\\\/redenoticiaz.com.br\\\/ribeiraopreto-regiao\\\/#\\\/schema\\\/person\\\/16057b37a3c0ee6b096d7f887c566e2e\"},\"headline\":\"Governo lan\u00e7a campanha para combate a viola\u00e7\u00e3o de direitos no carnaval\",\"datePublished\":\"2024-02-05T20:09:36+00:00\",\"dateModified\":\"2024-02-05T20:10:00+00:00\",\"mainEntityOfPage\":{\"@id\":\"https:\\\/\\\/redenoticiaz.com.br\\\/ribeiraopreto-regiao\\\/sp\\\/2024\\\/02\\\/05\\\/governo-lanca-campanha-para-combate-a-violacao-de-direitos-no-carnaval\"},\"wordCount\":407,\"commentCount\":0,\"publisher\":{\"@id\":\"https:\\\/\\\/redenoticiaz.com.br\\\/ribeiraopreto-regiao\\\/#organization\"},\"image\":{\"@id\":\"https:\\\/\\\/redenoticiaz.com.br\\\/ribeiraopreto-regiao\\\/sp\\\/2024\\\/02\\\/05\\\/governo-lanca-campanha-para-combate-a-violacao-de-direitos-no-carnaval#primaryimage\"},\"thumbnailUrl\":\"https:\\\/\\\/redenoticiaz.com.br\\\/ribeiraopreto-regiao\\\/wp-content\\\/uploads\\\/sites\\\/4\\\/2024\\\/02\\\/canaval-sp.jpg?v=1595901629\",\"keywords\":[\"bloco\",\"CARNAVAL\",\"S\u00e3o Paulo\"],\"articleSection\":[\"Cultura e M\u00fasica\",\"Direitos Humanos\"],\"inLanguage\":\"pt-BR\",\"potentialAction\":[{\"@type\":\"CommentAction\",\"name\":\"Comment\",\"target\":[\"https:\\\/\\\/redenoticiaz.com.br\\\/ribeiraopreto-regiao\\\/sp\\\/2024\\\/02\\\/05\\\/governo-lanca-campanha-para-combate-a-violacao-de-direitos-no-carnaval#respond\"]}]},{\"@type\":\"WebPage\",\"@id\":\"https:\\\/\\\/redenoticiaz.com.br\\\/ribeiraopreto-regiao\\\/sp\\\/2024\\\/02\\\/05\\\/governo-lanca-campanha-para-combate-a-violacao-de-direitos-no-carnaval\",\"url\":\"https:\\\/\\\/redenoticiaz.com.br\\\/ribeiraopreto-regiao\\\/sp\\\/2024\\\/02\\\/05\\\/governo-lanca-campanha-para-combate-a-violacao-de-direitos-no-carnaval\",\"name\":\"Governo lan\u00e7a campanha para combate a viola\u00e7\u00e3o de direitos no carnaval - Ribeir\u00e3o Preto e Regi\u00e3o\",\"isPartOf\":{\"@id\":\"https:\\\/\\\/redenoticiaz.com.br\\\/ribeiraopreto-regiao\\\/#website\"},\"primaryImageOfPage\":{\"@id\":\"https:\\\/\\\/redenoticiaz.com.br\\\/ribeiraopreto-regiao\\\/sp\\\/2024\\\/02\\\/05\\\/governo-lanca-campanha-para-combate-a-violacao-de-direitos-no-carnaval#primaryimage\"},\"image\":{\"@id\":\"https:\\\/\\\/redenoticiaz.com.br\\\/ribeiraopreto-regiao\\\/sp\\\/2024\\\/02\\\/05\\\/governo-lanca-campanha-para-combate-a-violacao-de-direitos-no-carnaval#primaryimage\"},\"thumbnailUrl\":\"https:\\\/\\\/redenoticiaz.com.br\\\/ribeiraopreto-regiao\\\/wp-content\\\/uploads\\\/sites\\\/4\\\/2024\\\/02\\\/canaval-sp.jpg?v=1595901629\",\"datePublished\":\"2024-02-05T20:09:36+00:00\",\"dateModified\":\"2024-02-05T20:10:00+00:00\",\"description\":\"A festa de carnaval come\u00e7ar\u00e1 oficialmente no s\u00e1bado (10), por\u00e9m,\u00a0na pr\u00e1tica, foli\u00e3s e foli\u00f5es j\u00e1 brincam fantasiados nas ruas de diversas cidades brasileiras\u00a0desde o \u00faltimo fim de semana.\",\"inLanguage\":\"pt-BR\",\"potentialAction\":[{\"@type\":\"ReadAction\",\"target\":[\"https:\\\/\\\/redenoticiaz.com.br\\\/ribeiraopreto-regiao\\\/sp\\\/2024\\\/02\\\/05\\\/governo-lanca-campanha-para-combate-a-violacao-de-direitos-no-carnaval\"]}]},{\"@type\":\"ImageObject\",\"inLanguage\":\"pt-BR\",\"@id\":\"https:\\\/\\\/redenoticiaz.com.br\\\/ribeiraopreto-regiao\\\/sp\\\/2024\\\/02\\\/05\\\/governo-lanca-campanha-para-combate-a-violacao-de-direitos-no-carnaval#primaryimage\",\"url\":\"https:\\\/\\\/redenoticiaz.com.br\\\/ribeiraopreto-regiao\\\/wp-content\\\/uploads\\\/sites\\\/4\\\/2024\\\/02\\\/canaval-sp.jpg?v=1595901629\",\"contentUrl\":\"https:\\\/\\\/redenoticiaz.com.br\\\/ribeiraopreto-regiao\\\/wp-content\\\/uploads\\\/sites\\\/4\\\/2024\\\/02\\\/canaval-sp.jpg?v=1595901629\",\"width\":540,\"height\":370,\"caption\":\"Carnaval foi adiado, enquanto que Marcha para Jesus e Parada LGBT+ foi cancelado.\"},{\"@type\":\"WebSite\",\"@id\":\"https:\\\/\\\/redenoticiaz.com.br\\\/ribeiraopreto-regiao\\\/#website\",\"url\":\"https:\\\/\\\/redenoticiaz.com.br\\\/ribeiraopreto-regiao\\\/\",\"name\":\"Ribeir\u00e3o Preto e Regi\u00e3o\",\"description\":\"Rede NoticiaZ - Ribeir\u00e3o Preto e regi\u00e3o\",\"publisher\":{\"@id\":\"https:\\\/\\\/redenoticiaz.com.br\\\/ribeiraopreto-regiao\\\/#organization\"},\"potentialAction\":[{\"@type\":\"SearchAction\",\"target\":{\"@type\":\"EntryPoint\",\"urlTemplate\":\"https:\\\/\\\/redenoticiaz.com.br\\\/ribeiraopreto-regiao\\\/?s={search_term_string}\"},\"query-input\":{\"@type\":\"PropertyValueSpecification\",\"valueRequired\":true,\"valueName\":\"search_term_string\"}}],\"inLanguage\":\"pt-BR\"},{\"@type\":\"Organization\",\"@id\":\"https:\\\/\\\/redenoticiaz.com.br\\\/ribeiraopreto-regiao\\\/#organization\",\"name\":\"Ribeir\u00e3o Preto e Regi\u00e3o\",\"url\":\"https:\\\/\\\/redenoticiaz.com.br\\\/ribeiraopreto-regiao\\\/\",\"logo\":{\"@type\":\"ImageObject\",\"inLanguage\":\"pt-BR\",\"@id\":\"https:\\\/\\\/redenoticiaz.com.br\\\/ribeiraopreto-regiao\\\/#\\\/schema\\\/logo\\\/image\\\/\",\"url\":\"https:\\\/\\\/redenoticiaz.com.br\\\/barretos-regiao\\\/wp-content\\\/uploads\\\/sites\\\/4\\\/2022\\\/02\\\/logo.jpg\",\"contentUrl\":\"https:\\\/\\\/redenoticiaz.com.br\\\/barretos-regiao\\\/wp-content\\\/uploads\\\/sites\\\/4\\\/2022\\\/02\\\/logo.jpg\",\"width\":400,\"height\":250,\"caption\":\"Ribeir\u00e3o Preto e Regi\u00e3o\"},\"image\":{\"@id\":\"https:\\\/\\\/redenoticiaz.com.br\\\/ribeiraopreto-regiao\\\/#\\\/schema\\\/logo\\\/image\\\/\"},\"sameAs\":[\"https:\\\/\\\/m.facebook.com\\\/redenoticiaz.barretos\",\"https:\\\/\\\/x.com\\\/RN_barretos\",\"https:\\\/\\\/www.instagram.com\\\/redenoticiaz.barretos\\\/?igshid=YmMyMTA2M2Y\",\"https:\\\/\\\/www.linkedin.com\\\/company\\\/rede-noticiaz-barretos-e-regio\\\/\"]},{\"@type\":\"Person\",\"@id\":\"https:\\\/\\\/redenoticiaz.com.br\\\/ribeiraopreto-regiao\\\/#\\\/schema\\\/person\\\/16057b37a3c0ee6b096d7f887c566e2e\",\"name\":\"Gustavo Silva\",\"image\":{\"@type\":\"ImageObject\",\"inLanguage\":\"pt-BR\",\"@id\":\"https:\\\/\\\/secure.gravatar.com\\\/avatar\\\/3ee4e82f93b26de0a7cf4ea5eb7893da637ed6bb0c9170c58065944c56e28a33?s=96&d=mm&r=g\",\"url\":\"https:\\\/\\\/secure.gravatar.com\\\/avatar\\\/3ee4e82f93b26de0a7cf4ea5eb7893da637ed6bb0c9170c58065944c56e28a33?s=96&d=mm&r=g\",\"contentUrl\":\"https:\\\/\\\/secure.gravatar.com\\\/avatar\\\/3ee4e82f93b26de0a7cf4ea5eb7893da637ed6bb0c9170c58065944c56e28a33?s=96&d=mm&r=g\",\"caption\":\"Gustavo Silva\"},\"url\":\"https:\\\/\\\/redenoticiaz.com.br\\\/ribeiraopreto-regiao\\\/sp\\\/author\\\/gustavosilva\"}]}<\/script>\n<!-- \/ Yoast SEO plugin. -->","yoast_head_json":{"title":"Governo lan\u00e7a campanha para combate a viola\u00e7\u00e3o de direitos no carnaval - Ribeir\u00e3o Preto e Regi\u00e3o","description":"A festa de carnaval come\u00e7ar\u00e1 oficialmente no s\u00e1bado (10), por\u00e9m,\u00a0na pr\u00e1tica, foli\u00e3s e foli\u00f5es j\u00e1 brincam fantasiados nas ruas de diversas cidades brasileiras\u00a0desde o \u00faltimo fim de semana.","robots":{"index":"index","follow":"follow","max-snippet":"max-snippet:-1","max-image-preview":"max-image-preview:large","max-video-preview":"max-video-preview:-1"},"canonical":"https:\/\/redenoticiaz.com.br\/ribeiraopreto-regiao\/sp\/2024\/02\/05\/governo-lanca-campanha-para-combate-a-violacao-de-direitos-no-carnaval","og_locale":"pt_BR","og_type":"article","og_title":"Governo lan\u00e7a campanha para combate a viola\u00e7\u00e3o de direitos no carnaval - Ribeir\u00e3o Preto e Regi\u00e3o","og_description":"A festa de carnaval come\u00e7ar\u00e1 oficialmente no s\u00e1bado (10), por\u00e9m,\u00a0na pr\u00e1tica, foli\u00e3s e foli\u00f5es j\u00e1 brincam fantasiados nas ruas de diversas cidades brasileiras\u00a0desde o \u00faltimo fim de semana.","og_url":"https:\/\/redenoticiaz.com.br\/ribeiraopreto-regiao\/sp\/2024\/02\/05\/governo-lanca-campanha-para-combate-a-violacao-de-direitos-no-carnaval","og_site_name":"Ribeir\u00e3o Preto e Regi\u00e3o","article_publisher":"https:\/\/m.facebook.com\/redenoticiaz.barretos","article_published_time":"2024-02-05T20:09:36+00:00","article_modified_time":"2024-02-05T20:10:00+00:00","og_image":[{"width":540,"height":370,"url":"https:\/\/redenoticiaz.com.br\/ribeiraopreto-regiao\/wp-content\/uploads\/sites\/4\/2024\/02\/canaval-sp.jpg?v=1595901629","type":"image\/jpeg"}],"author":"Gustavo Silva","twitter_card":"summary_large_image","twitter_creator":"@RN_barretos","twitter_site":"@RN_barretos","twitter_misc":{"Escrito por":"Gustavo Silva","Est. tempo de leitura":"3 minutos"},"schema":{"@context":"https:\/\/schema.org","@graph":[{"@type":"Article","@id":"https:\/\/redenoticiaz.com.br\/ribeiraopreto-regiao\/sp\/2024\/02\/05\/governo-lanca-campanha-para-combate-a-violacao-de-direitos-no-carnaval#article","isPartOf":{"@id":"https:\/\/redenoticiaz.com.br\/ribeiraopreto-regiao\/sp\/2024\/02\/05\/governo-lanca-campanha-para-combate-a-violacao-de-direitos-no-carnaval"},"author":{"name":"Gustavo Silva","@id":"https:\/\/redenoticiaz.com.br\/ribeiraopreto-regiao\/#\/schema\/person\/16057b37a3c0ee6b096d7f887c566e2e"},"headline":"Governo lan\u00e7a campanha para combate a viola\u00e7\u00e3o de direitos no carnaval","datePublished":"2024-02-05T20:09:36+00:00","dateModified":"2024-02-05T20:10:00+00:00","mainEntityOfPage":{"@id":"https:\/\/redenoticiaz.com.br\/ribeiraopreto-regiao\/sp\/2024\/02\/05\/governo-lanca-campanha-para-combate-a-violacao-de-direitos-no-carnaval"},"wordCount":407,"commentCount":0,"publisher":{"@id":"https:\/\/redenoticiaz.com.br\/ribeiraopreto-regiao\/#organization"},"image":{"@id":"https:\/\/redenoticiaz.com.br\/ribeiraopreto-regiao\/sp\/2024\/02\/05\/governo-lanca-campanha-para-combate-a-violacao-de-direitos-no-carnaval#primaryimage"},"thumbnailUrl":"https:\/\/redenoticiaz.com.br\/ribeiraopreto-regiao\/wp-content\/uploads\/sites\/4\/2024\/02\/canaval-sp.jpg?v=1595901629","keywords":["bloco","CARNAVAL","S\u00e3o Paulo"],"articleSection":["Cultura e M\u00fasica","Direitos Humanos"],"inLanguage":"pt-BR","potentialAction":[{"@type":"CommentAction","name":"Comment","target":["https:\/\/redenoticiaz.com.br\/ribeiraopreto-regiao\/sp\/2024\/02\/05\/governo-lanca-campanha-para-combate-a-violacao-de-direitos-no-carnaval#respond"]}]},{"@type":"WebPage","@id":"https:\/\/redenoticiaz.com.br\/ribeiraopreto-regiao\/sp\/2024\/02\/05\/governo-lanca-campanha-para-combate-a-violacao-de-direitos-no-carnaval","url":"https:\/\/redenoticiaz.com.br\/ribeiraopreto-regiao\/sp\/2024\/02\/05\/governo-lanca-campanha-para-combate-a-violacao-de-direitos-no-carnaval","name":"Governo lan\u00e7a campanha para combate a viola\u00e7\u00e3o de direitos no carnaval - Ribeir\u00e3o Preto e Regi\u00e3o","isPartOf":{"@id":"https:\/\/redenoticiaz.com.br\/ribeiraopreto-regiao\/#website"},"primaryImageOfPage":{"@id":"https:\/\/redenoticiaz.com.br\/ribeiraopreto-regiao\/sp\/2024\/02\/05\/governo-lanca-campanha-para-combate-a-violacao-de-direitos-no-carnaval#primaryimage"},"image":{"@id":"https:\/\/redenoticiaz.com.br\/ribeiraopreto-regiao\/sp\/2024\/02\/05\/governo-lanca-campanha-para-combate-a-violacao-de-direitos-no-carnaval#primaryimage"},"thumbnailUrl":"https:\/\/redenoticiaz.com.br\/ribeiraopreto-regiao\/wp-content\/uploads\/sites\/4\/2024\/02\/canaval-sp.jpg?v=1595901629","datePublished":"2024-02-05T20:09:36+00:00","dateModified":"2024-02-05T20:10:00+00:00","description":"A festa de carnaval come\u00e7ar\u00e1 oficialmente no s\u00e1bado (10), por\u00e9m,\u00a0na pr\u00e1tica, foli\u00e3s e foli\u00f5es j\u00e1 brincam fantasiados nas ruas de diversas cidades brasileiras\u00a0desde o \u00faltimo fim de semana.","inLanguage":"pt-BR","potentialAction":[{"@type":"ReadAction","target":["https:\/\/redenoticiaz.com.br\/ribeiraopreto-regiao\/sp\/2024\/02\/05\/governo-lanca-campanha-para-combate-a-violacao-de-direitos-no-carnaval"]}]},{"@type":"ImageObject","inLanguage":"pt-BR","@id":"https:\/\/redenoticiaz.com.br\/ribeiraopreto-regiao\/sp\/2024\/02\/05\/governo-lanca-campanha-para-combate-a-violacao-de-direitos-no-carnaval#primaryimage","url":"https:\/\/redenoticiaz.com.br\/ribeiraopreto-regiao\/wp-content\/uploads\/sites\/4\/2024\/02\/canaval-sp.jpg?v=1595901629","contentUrl":"https:\/\/redenoticiaz.com.br\/ribeiraopreto-regiao\/wp-content\/uploads\/sites\/4\/2024\/02\/canaval-sp.jpg?v=1595901629","width":540,"height":370,"caption":"Carnaval foi adiado, enquanto que Marcha para Jesus e Parada LGBT+ foi cancelado."},{"@type":"WebSite","@id":"https:\/\/redenoticiaz.com.br\/ribeiraopreto-regiao\/#website","url":"https:\/\/redenoticiaz.com.br\/ribeiraopreto-regiao\/","name":"Ribeir\u00e3o Preto e Regi\u00e3o","description":"Rede NoticiaZ - Ribeir\u00e3o Preto e regi\u00e3o","publisher":{"@id":"https:\/\/redenoticiaz.com.br\/ribeiraopreto-regiao\/#organization"},"potentialAction":[{"@type":"SearchAction","target":{"@type":"EntryPoint","urlTemplate":"https:\/\/redenoticiaz.com.br\/ribeiraopreto-regiao\/?s={search_term_string}"},"query-input":{"@type":"PropertyValueSpecification","valueRequired":true,"valueName":"search_term_string"}}],"inLanguage":"pt-BR"},{"@type":"Organization","@id":"https:\/\/redenoticiaz.com.br\/ribeiraopreto-regiao\/#organization","name":"Ribeir\u00e3o Preto e Regi\u00e3o","url":"https:\/\/redenoticiaz.com.br\/ribeiraopreto-regiao\/","logo":{"@type":"ImageObject","inLanguage":"pt-BR","@id":"https:\/\/redenoticiaz.com.br\/ribeiraopreto-regiao\/#\/schema\/logo\/image\/","url":"https:\/\/redenoticiaz.com.br\/barretos-regiao\/wp-content\/uploads\/sites\/4\/2022\/02\/logo.jpg","contentUrl":"https:\/\/redenoticiaz.com.br\/barretos-regiao\/wp-content\/uploads\/sites\/4\/2022\/02\/logo.jpg","width":400,"height":250,"caption":"Ribeir\u00e3o Preto e Regi\u00e3o"},"image":{"@id":"https:\/\/redenoticiaz.com.br\/ribeiraopreto-regiao\/#\/schema\/logo\/image\/"},"sameAs":["https:\/\/m.facebook.com\/redenoticiaz.barretos","https:\/\/x.com\/RN_barretos","https:\/\/www.instagram.com\/redenoticiaz.barretos\/?igshid=YmMyMTA2M2Y","https:\/\/www.linkedin.com\/company\/rede-noticiaz-barretos-e-regio\/"]},{"@type":"Person","@id":"https:\/\/redenoticiaz.com.br\/ribeiraopreto-regiao\/#\/schema\/person\/16057b37a3c0ee6b096d7f887c566e2e","name":"Gustavo Silva","image":{"@type":"ImageObject","inLanguage":"pt-BR","@id":"https:\/\/secure.gravatar.com\/avatar\/3ee4e82f93b26de0a7cf4ea5eb7893da637ed6bb0c9170c58065944c56e28a33?s=96&d=mm&r=g","url":"https:\/\/secure.gravatar.com\/avatar\/3ee4e82f93b26de0a7cf4ea5eb7893da637ed6bb0c9170c58065944c56e28a33?s=96&d=mm&r=g","contentUrl":"https:\/\/secure.gravatar.com\/avatar\/3ee4e82f93b26de0a7cf4ea5eb7893da637ed6bb0c9170c58065944c56e28a33?s=96&d=mm&r=g","caption":"Gustavo Silva"},"url":"https:\/\/redenoticiaz.com.br\/ribeiraopreto-regiao\/sp\/author\/gustavosilva"}]}},"_links":{"self":[{"href":"https:\/\/redenoticiaz.com.br\/ribeiraopreto-regiao\/wp-json\/wp\/v2\/posts\/114988","targetHints":{"allow":["GET"]}}],"collection":[{"href":"https:\/\/redenoticiaz.com.br\/ribeiraopreto-regiao\/wp-json\/wp\/v2\/posts"}],"about":[{"href":"https:\/\/redenoticiaz.com.br\/ribeiraopreto-regiao\/wp-json\/wp\/v2\/types\/post"}],"author":[{"embeddable":true,"href":"https:\/\/redenoticiaz.com.br\/ribeiraopreto-regiao\/wp-json\/wp\/v2\/users\/12"}],"replies":[{"embeddable":true,"href":"https:\/\/redenoticiaz.com.br\/ribeiraopreto-regiao\/wp-json\/wp\/v2\/comments?post=114988"}],"version-history":[{"count":0,"href":"https:\/\/redenoticiaz.com.br\/ribeiraopreto-regiao\/wp-json\/wp\/v2\/posts\/114988\/revisions"}],"wp:featuredmedia":[{"embeddable":true,"href":"https:\/\/redenoticiaz.com.br\/ribeiraopreto-regiao\/wp-json\/wp\/v2\/media\/114989"}],"wp:attachment":[{"href":"https:\/\/redenoticiaz.com.br\/ribeiraopreto-regiao\/wp-json\/wp\/v2\/media?parent=114988"}],"wp:term":[{"taxonomy":"category","embeddable":true,"href":"https:\/\/redenoticiaz.com.br\/ribeiraopreto-regiao\/wp-json\/wp\/v2\/categories?post=114988"},{"taxonomy":"post_tag","embeddable":true,"href":"https:\/\/redenoticiaz.com.br\/ribeiraopreto-regiao\/wp-json\/wp\/v2\/tags?post=114988"}],"curies":[{"name":"wp","href":"https:\/\/api.w.org\/{rel}","templated":true}]}}