{"id":115055,"date":"2024-02-10T16:00:12","date_gmt":"2024-02-10T19:00:12","guid":{"rendered":"https:\/\/redenoticiaz.com.br\/barretos-regiao\/?p=115055"},"modified":"2024-02-08T10:21:53","modified_gmt":"2024-02-08T13:21:53","slug":"governo-lancara-guia-para-uso-consciente-de-telas-por-adolescentes","status":"publish","type":"post","link":"https:\/\/redenoticiaz.com.br\/ribeiraopreto-regiao\/sp\/2024\/02\/10\/governo-lancara-guia-para-uso-consciente-de-telas-por-adolescentes","title":{"rendered":"Governo lan\u00e7ar\u00e1 guia para uso consciente de telas por adolescentes"},"content":{"rendered":"<p>O grupo de trabalho (GT) criado pelo governo federal para elaborar o guia para uso consciente de telas e dispositivos digitais por crian\u00e7as e adolescentes deve iniciar seus trabalhos em breve. A informa\u00e7\u00e3o foi dada nesta quarta-feira (7) pela coordenadora-geral de Educa\u00e7\u00e3o Midi\u00e1tica na Secretaria de Comunica\u00e7\u00e3o Social (Secom) da Presid\u00eancia da Rep\u00fablica, Mariana Filizola.<img decoding=\"async\" src=\"https:\/\/agenciabrasil.ebc.com.br\/ebc.png?id=1580097&amp;o=node\" \/><img decoding=\"async\" src=\"https:\/\/agenciabrasil.ebc.com.br\/ebc.gif?id=1580097&amp;o=node\" \/><\/p>\n<p>\u201cDevemos lan\u00e7ar [o grupo] nos pr\u00f3ximos dias\u201d, disse Mariana, durante o evento Dia da Internet Segura, em S\u00e3o Paulo.<\/p>\n<p>O grupo, que foi\u00a0<a href=\"https:\/\/www.in.gov.br\/en\/web\/dou\/-\/portaria-secom\/pr-n-13-de-5-de-dezembro-de-2023-528498062\" target=\"_blank\" rel=\"noopener\">criado no dia 5 de dezembro do ano passado<\/a>, vai reunir especialistas de diversas \u00e1reas para criar uma publica\u00e7\u00e3o que oriente pais e educadores sobre o uso de telas por crian\u00e7as e adolescentes. A publica\u00e7\u00e3o tamb\u00e9m ter\u00e1 como base sugest\u00f5es apresentadas durante\u00a0<a href=\"https:\/\/agenciabrasil.ebc.com.br\/geral\/noticia\/2023-10\/governo-lanca-consulta-sobre-uso-de-dispositivos-digitais-por-criancas\" target=\"_blank\" rel=\"noopener\">consulta p\u00fablica<\/a>\u00a0aberta em outubro do ano passado.<\/p>\n<p>\u201cNosso objetivo com esse grupo \u00e9 ouvir especialistas de diversas \u00e1reas para que, juntos, consigamos construir um guia sobre uso de telas para crian\u00e7as e adolescentes, especialmente de orienta\u00e7\u00e3o para os pais. Temos o objetivo de entregar [o guia] para a popula\u00e7\u00e3o at\u00e9 o final deste ano\u201d, acrescentou Mariana.<\/p>\n<p>Em publica\u00e7\u00e3o em rede social, o secret\u00e1rio de Pol\u00edticas Digitais da Secom, Jo\u00e3o Brant, confirmou que a frente de trabalho para a constru\u00e7\u00e3o desse guia ser\u00e1 lan\u00e7ada em breve. \u201cLan\u00e7amos tamb\u00e9m consulta p\u00fablica sobre o uso de telas e dispositivos por crian\u00e7as e adolescentes e teremos, em breve, uma frente de trabalho in\u00e9dita para a constru\u00e7\u00e3o de um guia nacional sobre o tema\u201d, disse Brant no X (antigo Twitter).<\/p>\n<p>Um dos temas que devem ser discutidos pelo grupo de trabalho \u00e9 o uso de telas de celulares nas escolas. \u201cA complexidade [desse tema] est\u00e1 muito em equilibrar o uso excessivo, que atrapalha o aprendizado, com o uso pedag\u00f3gico dessas tecnologias\u201d, disse Mariana.<\/p>\n<p>Enquanto o grupo de trabalho n\u00e3o define as diretrizes sobre o tema, algumas prefeituras v\u00eam decidindo\u00a0<a href=\"https:\/\/agenciabrasil.ebc.com.br\/educacao\/noticia\/2024-02\/prefeitura-do-rio-proibe-uso-de-celulares-em-sala-de-aula-e-no-recreio\" target=\"_blank\" rel=\"noopener\">proibir o uso de celulares nas escolas<\/a>. \u00c9 o caso do Rio de Janeiro.<\/p>\n<h2>Preocupa\u00e7\u00e3o mundial<\/h2>\n<p>O uso excessivo de telas, principalmente de celulares, vem gerando preocupa\u00e7\u00e3o em todo o mundo. O Brasil, por exemplo,\u00a0\u00e9 um dos pa\u00edses em que as pessoas mais desperdi\u00e7am o tempo usando\u00a0<em>smartphones<\/em>, telas e dispositivos eletr\u00f4nicos. Em m\u00e9dia, s\u00e3o nove horas di\u00e1rias de uso da internet, segundo levantamento recente da<a href=\"https:\/\/www.electronicshub.org\/the-average-screen-time-and-usage-by-country\/\" target=\"_blank\" rel=\"noopener\">\u00a0EletronicsHub<\/a>. De acordo com a pesquisa, o pa\u00eds s\u00f3 perde para as Filipinas em tempo de uso de tela.<\/p>\n<p>No caso de crian\u00e7as e adolescentes, n\u00e3o \u00e9 diferente. A \u00faltima pesquisa\u00a0<a href=\"https:\/\/agenciabrasil.ebc.com.br\/geral\/noticia\/2023-10\/pesquisa-mostra-que-95-das-criancas-e-adolescentes-acessam-internet\" target=\"_blank\" rel=\"noopener\">TIC Kids Online<\/a>, do Comit\u00ea Gestor da Internet no Brasil (CGI.br), mostrou que 95% das crian\u00e7as e adolescentes entre 9 e 17 anos de todo o pa\u00eds acessam a internet, o que corresponde a mais de 25,1 milh\u00f5es de pessoas nessa faixa et\u00e1ria. O estudo tamb\u00e9m mostrou que o primeiro contato com a internet costuma ocorrer muito cedo no Brasil: em 24% do total de casos, o primeiro acesso \u00e0 internet foi antes dos 6 anos de idade.<\/p>\n<p>Para a m\u00e9dica pediatra Evelyn Eisenstein, coordenadora da Rede ESSE Mundo Digital e do Centro de Estudos Integrados Inf\u00e2ncia Adolesc\u00eancia e Sa\u00fade, o uso precoce e excessivo de telas \u00e9 muito preocupante. Durante uma mesa que debateu o uso de telas por crian\u00e7as e adolescentes, Evelyan lembrou que a Sociedade Brasileira de Pediatria recomenda que nenhuma crian\u00e7a com idade abaixo de dois anos deveria ter contato com tela.<\/p>\n<p>J\u00e1 para crian\u00e7as entre 2 e 5 anos, ressaltou a m\u00e9dica, a recomenda\u00e7\u00e3o \u00e9 que o tempo de uso de tela deva ser limitado a, no m\u00e1ximo, uma hora por dia e, para crian\u00e7as entre 6 e 10 anos, de at\u00e9 duas horas di\u00e1rias. \u201cTodos os estudos cient\u00edficos afirmam que [uso de tela] acima de quatro ou cinco horas di\u00e1rias \u00e9 considerado uso excessivo e prolongado\u201d, disse ela, durante o evento Dia da Internet Segura.<\/p>\n<p>Evelyn alerta que \u00e9 preciso estabelecer limites sobre o uso de telas. Isso pode ser feito, disse ela, pedindo para as crian\u00e7as desconectarem o celular na hora das refei\u00e7\u00f5es e uma hora antes de dormir. Tamb\u00e9m \u00e9 importante que os pais ou respons\u00e1veis desenvolvam brincadeiras e atividades esportivas e culturais com as crian\u00e7as \u2013 e que n\u00e3o utilizem telas. \u201cA vitamina que prescrevo todos os dias para que as crian\u00e7as cres\u00e7am melhor \u00e9 A de amor, aten\u00e7\u00e3o e afeto ; B de brincar; C de conversar e cuidar; D de desconectar e vitamina E de exerc\u00edcios ao ar livre\u201d, disse a m\u00e9dica.<\/p>\n<p>Leia mais<\/p>\n<p><a href=\"https:\/\/redenoticiaz.com.br\/blog\/2024\/02\/05\/governo-lanca-campanha-para-combate-a-violacao-de-direitos-no-carnaval\">Governo lan\u00e7a campanha para combate a viola\u00e7\u00e3o de direitos no carnaval<\/a><\/p>\n<p><a href=\"https:\/\/redenoticiaz.com.br\/blog\/2024\/01\/23\/falha-no-sistema-do-governo-federal-causa-instabilidade-em-servicos-de-jundiai\">Falha no sistema do Governo Federal causa instabilidade em servi\u00e7os de Jundia\u00ed<\/a><\/p>\n","protected":false},"excerpt":{"rendered":"<p>O grupo de trabalho (GT) criado pelo governo federal para elaborar o guia para uso consciente de telas e dispositivos digitais por crian\u00e7as e adolescentes deve iniciar seus trabalhos em breve. A informa\u00e7\u00e3o foi dada nesta quarta-feira (7) pela coordenadora-geral de Educa\u00e7\u00e3o Midi\u00e1tica na Secretaria de Comunica\u00e7\u00e3o Social (Secom) da Presid\u00eancia da Rep\u00fablica, Mariana Filizola. &hellip;<\/p>\n","protected":false},"author":12,"featured_media":102010,"comment_status":"open","ping_status":"closed","sticky":false,"template":"","format":"standard","meta":{"footnotes":""},"categories":[129],"tags":[168,6725,29906],"class_list":["post-115055","post","type-post","status-publish","format-standard","has-post-thumbnail","hentry","category-saude","tag-carnaval","tag-mundial","tag-preocupacao"],"yoast_head":"<!-- This site is optimized with the Yoast SEO plugin v27.4 - https:\/\/yoast.com\/product\/yoast-seo-wordpress\/ -->\n<title>Governo lan\u00e7ar\u00e1 guia para uso consciente de telas por adolescentes - Ribeir\u00e3o Preto e Regi\u00e3o<\/title>\n<meta name=\"description\" content=\"O grupo de trabalho (GT) criado pelo governo federal para elaborar o guia para uso consciente de telas e dispositivos digitais por crian\u00e7as e adolescentes deve iniciar seus trabalhos em breve.\" \/>\n<meta name=\"robots\" content=\"index, follow, max-snippet:-1, max-image-preview:large, max-video-preview:-1\" \/>\n<link rel=\"canonical\" href=\"https:\/\/redenoticiaz.com.br\/ribeiraopreto-regiao\/sp\/2024\/02\/10\/governo-lancara-guia-para-uso-consciente-de-telas-por-adolescentes\" \/>\n<meta property=\"og:locale\" content=\"pt_BR\" \/>\n<meta property=\"og:type\" content=\"article\" \/>\n<meta property=\"og:title\" content=\"Governo lan\u00e7ar\u00e1 guia para uso consciente de telas por adolescentes - Ribeir\u00e3o Preto e Regi\u00e3o\" \/>\n<meta property=\"og:description\" content=\"O grupo de trabalho (GT) criado pelo governo federal para elaborar o guia para uso consciente de telas e dispositivos digitais por crian\u00e7as e adolescentes deve iniciar seus trabalhos em breve.\" \/>\n<meta property=\"og:url\" content=\"https:\/\/redenoticiaz.com.br\/ribeiraopreto-regiao\/sp\/2024\/02\/10\/governo-lancara-guia-para-uso-consciente-de-telas-por-adolescentes\" \/>\n<meta property=\"og:site_name\" content=\"Ribeir\u00e3o Preto e Regi\u00e3o\" \/>\n<meta property=\"article:publisher\" content=\"https:\/\/m.facebook.com\/redenoticiaz.barretos\" \/>\n<meta property=\"article:published_time\" content=\"2024-02-10T19:00:12+00:00\" \/>\n<meta property=\"og:image\" content=\"https:\/\/redenoticiaz.com.br\/ribeiraopreto-regiao\/wp-content\/uploads\/sites\/4\/2023\/03\/USO-CELULAR.jpg?v=1678755660\" \/>\n\t<meta property=\"og:image:width\" content=\"1624\" \/>\n\t<meta property=\"og:image:height\" content=\"1080\" \/>\n\t<meta property=\"og:image:type\" content=\"image\/jpeg\" \/>\n<meta name=\"author\" content=\"Gustavo Silva\" \/>\n<meta name=\"twitter:card\" content=\"summary_large_image\" \/>\n<meta name=\"twitter:creator\" content=\"@RN_barretos\" \/>\n<meta name=\"twitter:site\" content=\"@RN_barretos\" \/>\n<meta name=\"twitter:label1\" content=\"Escrito por\" \/>\n\t<meta name=\"twitter:data1\" content=\"Gustavo Silva\" \/>\n\t<meta name=\"twitter:label2\" content=\"Est. tempo de leitura\" \/>\n\t<meta name=\"twitter:data2\" content=\"5 minutos\" \/>\n<script type=\"application\/ld+json\" class=\"yoast-schema-graph\">{\"@context\":\"https:\\\/\\\/schema.org\",\"@graph\":[{\"@type\":\"Article\",\"@id\":\"https:\\\/\\\/redenoticiaz.com.br\\\/ribeiraopreto-regiao\\\/sp\\\/2024\\\/02\\\/10\\\/governo-lancara-guia-para-uso-consciente-de-telas-por-adolescentes#article\",\"isPartOf\":{\"@id\":\"https:\\\/\\\/redenoticiaz.com.br\\\/ribeiraopreto-regiao\\\/sp\\\/2024\\\/02\\\/10\\\/governo-lancara-guia-para-uso-consciente-de-telas-por-adolescentes\"},\"author\":{\"name\":\"Gustavo Silva\",\"@id\":\"https:\\\/\\\/redenoticiaz.com.br\\\/ribeiraopreto-regiao\\\/#\\\/schema\\\/person\\\/16057b37a3c0ee6b096d7f887c566e2e\"},\"headline\":\"Governo lan\u00e7ar\u00e1 guia para uso consciente de telas por adolescentes\",\"datePublished\":\"2024-02-10T19:00:12+00:00\",\"mainEntityOfPage\":{\"@id\":\"https:\\\/\\\/redenoticiaz.com.br\\\/ribeiraopreto-regiao\\\/sp\\\/2024\\\/02\\\/10\\\/governo-lancara-guia-para-uso-consciente-de-telas-por-adolescentes\"},\"wordCount\":815,\"commentCount\":0,\"publisher\":{\"@id\":\"https:\\\/\\\/redenoticiaz.com.br\\\/ribeiraopreto-regiao\\\/#organization\"},\"image\":{\"@id\":\"https:\\\/\\\/redenoticiaz.com.br\\\/ribeiraopreto-regiao\\\/sp\\\/2024\\\/02\\\/10\\\/governo-lancara-guia-para-uso-consciente-de-telas-por-adolescentes#primaryimage\"},\"thumbnailUrl\":\"https:\\\/\\\/redenoticiaz.com.br\\\/ribeiraopreto-regiao\\\/wp-content\\\/uploads\\\/sites\\\/4\\\/2023\\\/03\\\/USO-CELULAR.jpg?v=1678755660\",\"keywords\":[\"CARNAVAL\",\"MUNDIAL\",\"preocupa\u00e7\u00e3o\"],\"articleSection\":[\"Sa\u00fade\"],\"inLanguage\":\"pt-BR\",\"potentialAction\":[{\"@type\":\"CommentAction\",\"name\":\"Comment\",\"target\":[\"https:\\\/\\\/redenoticiaz.com.br\\\/ribeiraopreto-regiao\\\/sp\\\/2024\\\/02\\\/10\\\/governo-lancara-guia-para-uso-consciente-de-telas-por-adolescentes#respond\"]}]},{\"@type\":\"WebPage\",\"@id\":\"https:\\\/\\\/redenoticiaz.com.br\\\/ribeiraopreto-regiao\\\/sp\\\/2024\\\/02\\\/10\\\/governo-lancara-guia-para-uso-consciente-de-telas-por-adolescentes\",\"url\":\"https:\\\/\\\/redenoticiaz.com.br\\\/ribeiraopreto-regiao\\\/sp\\\/2024\\\/02\\\/10\\\/governo-lancara-guia-para-uso-consciente-de-telas-por-adolescentes\",\"name\":\"Governo lan\u00e7ar\u00e1 guia para uso consciente de telas por adolescentes - Ribeir\u00e3o Preto e Regi\u00e3o\",\"isPartOf\":{\"@id\":\"https:\\\/\\\/redenoticiaz.com.br\\\/ribeiraopreto-regiao\\\/#website\"},\"primaryImageOfPage\":{\"@id\":\"https:\\\/\\\/redenoticiaz.com.br\\\/ribeiraopreto-regiao\\\/sp\\\/2024\\\/02\\\/10\\\/governo-lancara-guia-para-uso-consciente-de-telas-por-adolescentes#primaryimage\"},\"image\":{\"@id\":\"https:\\\/\\\/redenoticiaz.com.br\\\/ribeiraopreto-regiao\\\/sp\\\/2024\\\/02\\\/10\\\/governo-lancara-guia-para-uso-consciente-de-telas-por-adolescentes#primaryimage\"},\"thumbnailUrl\":\"https:\\\/\\\/redenoticiaz.com.br\\\/ribeiraopreto-regiao\\\/wp-content\\\/uploads\\\/sites\\\/4\\\/2023\\\/03\\\/USO-CELULAR.jpg?v=1678755660\",\"datePublished\":\"2024-02-10T19:00:12+00:00\",\"description\":\"O grupo de trabalho (GT) criado pelo governo federal para elaborar o guia para uso consciente de telas e dispositivos digitais por crian\u00e7as e adolescentes deve iniciar seus trabalhos em breve.\",\"inLanguage\":\"pt-BR\",\"potentialAction\":[{\"@type\":\"ReadAction\",\"target\":[\"https:\\\/\\\/redenoticiaz.com.br\\\/ribeiraopreto-regiao\\\/sp\\\/2024\\\/02\\\/10\\\/governo-lancara-guia-para-uso-consciente-de-telas-por-adolescentes\"]}]},{\"@type\":\"ImageObject\",\"inLanguage\":\"pt-BR\",\"@id\":\"https:\\\/\\\/redenoticiaz.com.br\\\/ribeiraopreto-regiao\\\/sp\\\/2024\\\/02\\\/10\\\/governo-lancara-guia-para-uso-consciente-de-telas-por-adolescentes#primaryimage\",\"url\":\"https:\\\/\\\/redenoticiaz.com.br\\\/ribeiraopreto-regiao\\\/wp-content\\\/uploads\\\/sites\\\/4\\\/2023\\\/03\\\/USO-CELULAR.jpg?v=1678755660\",\"contentUrl\":\"https:\\\/\\\/redenoticiaz.com.br\\\/ribeiraopreto-regiao\\\/wp-content\\\/uploads\\\/sites\\\/4\\\/2023\\\/03\\\/USO-CELULAR.jpg?v=1678755660\",\"width\":1624,\"height\":1080,\"caption\":\"Cr\u00e9ditos: Divulga\u00e7\u00e3o\"},{\"@type\":\"WebSite\",\"@id\":\"https:\\\/\\\/redenoticiaz.com.br\\\/ribeiraopreto-regiao\\\/#website\",\"url\":\"https:\\\/\\\/redenoticiaz.com.br\\\/ribeiraopreto-regiao\\\/\",\"name\":\"Ribeir\u00e3o Preto e Regi\u00e3o\",\"description\":\"Rede NoticiaZ - Ribeir\u00e3o Preto e regi\u00e3o\",\"publisher\":{\"@id\":\"https:\\\/\\\/redenoticiaz.com.br\\\/ribeiraopreto-regiao\\\/#organization\"},\"potentialAction\":[{\"@type\":\"SearchAction\",\"target\":{\"@type\":\"EntryPoint\",\"urlTemplate\":\"https:\\\/\\\/redenoticiaz.com.br\\\/ribeiraopreto-regiao\\\/?s={search_term_string}\"},\"query-input\":{\"@type\":\"PropertyValueSpecification\",\"valueRequired\":true,\"valueName\":\"search_term_string\"}}],\"inLanguage\":\"pt-BR\"},{\"@type\":\"Organization\",\"@id\":\"https:\\\/\\\/redenoticiaz.com.br\\\/ribeiraopreto-regiao\\\/#organization\",\"name\":\"Ribeir\u00e3o Preto e Regi\u00e3o\",\"url\":\"https:\\\/\\\/redenoticiaz.com.br\\\/ribeiraopreto-regiao\\\/\",\"logo\":{\"@type\":\"ImageObject\",\"inLanguage\":\"pt-BR\",\"@id\":\"https:\\\/\\\/redenoticiaz.com.br\\\/ribeiraopreto-regiao\\\/#\\\/schema\\\/logo\\\/image\\\/\",\"url\":\"https:\\\/\\\/redenoticiaz.com.br\\\/barretos-regiao\\\/wp-content\\\/uploads\\\/sites\\\/4\\\/2022\\\/02\\\/logo.jpg\",\"contentUrl\":\"https:\\\/\\\/redenoticiaz.com.br\\\/barretos-regiao\\\/wp-content\\\/uploads\\\/sites\\\/4\\\/2022\\\/02\\\/logo.jpg\",\"width\":400,\"height\":250,\"caption\":\"Ribeir\u00e3o Preto e Regi\u00e3o\"},\"image\":{\"@id\":\"https:\\\/\\\/redenoticiaz.com.br\\\/ribeiraopreto-regiao\\\/#\\\/schema\\\/logo\\\/image\\\/\"},\"sameAs\":[\"https:\\\/\\\/m.facebook.com\\\/redenoticiaz.barretos\",\"https:\\\/\\\/x.com\\\/RN_barretos\",\"https:\\\/\\\/www.instagram.com\\\/redenoticiaz.barretos\\\/?igshid=YmMyMTA2M2Y\",\"https:\\\/\\\/www.linkedin.com\\\/company\\\/rede-noticiaz-barretos-e-regio\\\/\"]},{\"@type\":\"Person\",\"@id\":\"https:\\\/\\\/redenoticiaz.com.br\\\/ribeiraopreto-regiao\\\/#\\\/schema\\\/person\\\/16057b37a3c0ee6b096d7f887c566e2e\",\"name\":\"Gustavo Silva\",\"image\":{\"@type\":\"ImageObject\",\"inLanguage\":\"pt-BR\",\"@id\":\"https:\\\/\\\/secure.gravatar.com\\\/avatar\\\/3ee4e82f93b26de0a7cf4ea5eb7893da637ed6bb0c9170c58065944c56e28a33?s=96&d=mm&r=g\",\"url\":\"https:\\\/\\\/secure.gravatar.com\\\/avatar\\\/3ee4e82f93b26de0a7cf4ea5eb7893da637ed6bb0c9170c58065944c56e28a33?s=96&d=mm&r=g\",\"contentUrl\":\"https:\\\/\\\/secure.gravatar.com\\\/avatar\\\/3ee4e82f93b26de0a7cf4ea5eb7893da637ed6bb0c9170c58065944c56e28a33?s=96&d=mm&r=g\",\"caption\":\"Gustavo Silva\"},\"url\":\"https:\\\/\\\/redenoticiaz.com.br\\\/ribeiraopreto-regiao\\\/sp\\\/author\\\/gustavosilva\"}]}<\/script>\n<!-- \/ Yoast SEO plugin. -->","yoast_head_json":{"title":"Governo lan\u00e7ar\u00e1 guia para uso consciente de telas por adolescentes - Ribeir\u00e3o Preto e Regi\u00e3o","description":"O grupo de trabalho (GT) criado pelo governo federal para elaborar o guia para uso consciente de telas e dispositivos digitais por crian\u00e7as e adolescentes deve iniciar seus trabalhos em breve.","robots":{"index":"index","follow":"follow","max-snippet":"max-snippet:-1","max-image-preview":"max-image-preview:large","max-video-preview":"max-video-preview:-1"},"canonical":"https:\/\/redenoticiaz.com.br\/ribeiraopreto-regiao\/sp\/2024\/02\/10\/governo-lancara-guia-para-uso-consciente-de-telas-por-adolescentes","og_locale":"pt_BR","og_type":"article","og_title":"Governo lan\u00e7ar\u00e1 guia para uso consciente de telas por adolescentes - Ribeir\u00e3o Preto e Regi\u00e3o","og_description":"O grupo de trabalho (GT) criado pelo governo federal para elaborar o guia para uso consciente de telas e dispositivos digitais por crian\u00e7as e adolescentes deve iniciar seus trabalhos em breve.","og_url":"https:\/\/redenoticiaz.com.br\/ribeiraopreto-regiao\/sp\/2024\/02\/10\/governo-lancara-guia-para-uso-consciente-de-telas-por-adolescentes","og_site_name":"Ribeir\u00e3o Preto e Regi\u00e3o","article_publisher":"https:\/\/m.facebook.com\/redenoticiaz.barretos","article_published_time":"2024-02-10T19:00:12+00:00","og_image":[{"width":1624,"height":1080,"url":"https:\/\/redenoticiaz.com.br\/ribeiraopreto-regiao\/wp-content\/uploads\/sites\/4\/2023\/03\/USO-CELULAR.jpg?v=1678755660","type":"image\/jpeg"}],"author":"Gustavo Silva","twitter_card":"summary_large_image","twitter_creator":"@RN_barretos","twitter_site":"@RN_barretos","twitter_misc":{"Escrito por":"Gustavo Silva","Est. tempo de leitura":"5 minutos"},"schema":{"@context":"https:\/\/schema.org","@graph":[{"@type":"Article","@id":"https:\/\/redenoticiaz.com.br\/ribeiraopreto-regiao\/sp\/2024\/02\/10\/governo-lancara-guia-para-uso-consciente-de-telas-por-adolescentes#article","isPartOf":{"@id":"https:\/\/redenoticiaz.com.br\/ribeiraopreto-regiao\/sp\/2024\/02\/10\/governo-lancara-guia-para-uso-consciente-de-telas-por-adolescentes"},"author":{"name":"Gustavo Silva","@id":"https:\/\/redenoticiaz.com.br\/ribeiraopreto-regiao\/#\/schema\/person\/16057b37a3c0ee6b096d7f887c566e2e"},"headline":"Governo lan\u00e7ar\u00e1 guia para uso consciente de telas por adolescentes","datePublished":"2024-02-10T19:00:12+00:00","mainEntityOfPage":{"@id":"https:\/\/redenoticiaz.com.br\/ribeiraopreto-regiao\/sp\/2024\/02\/10\/governo-lancara-guia-para-uso-consciente-de-telas-por-adolescentes"},"wordCount":815,"commentCount":0,"publisher":{"@id":"https:\/\/redenoticiaz.com.br\/ribeiraopreto-regiao\/#organization"},"image":{"@id":"https:\/\/redenoticiaz.com.br\/ribeiraopreto-regiao\/sp\/2024\/02\/10\/governo-lancara-guia-para-uso-consciente-de-telas-por-adolescentes#primaryimage"},"thumbnailUrl":"https:\/\/redenoticiaz.com.br\/ribeiraopreto-regiao\/wp-content\/uploads\/sites\/4\/2023\/03\/USO-CELULAR.jpg?v=1678755660","keywords":["CARNAVAL","MUNDIAL","preocupa\u00e7\u00e3o"],"articleSection":["Sa\u00fade"],"inLanguage":"pt-BR","potentialAction":[{"@type":"CommentAction","name":"Comment","target":["https:\/\/redenoticiaz.com.br\/ribeiraopreto-regiao\/sp\/2024\/02\/10\/governo-lancara-guia-para-uso-consciente-de-telas-por-adolescentes#respond"]}]},{"@type":"WebPage","@id":"https:\/\/redenoticiaz.com.br\/ribeiraopreto-regiao\/sp\/2024\/02\/10\/governo-lancara-guia-para-uso-consciente-de-telas-por-adolescentes","url":"https:\/\/redenoticiaz.com.br\/ribeiraopreto-regiao\/sp\/2024\/02\/10\/governo-lancara-guia-para-uso-consciente-de-telas-por-adolescentes","name":"Governo lan\u00e7ar\u00e1 guia para uso consciente de telas por adolescentes - Ribeir\u00e3o Preto e Regi\u00e3o","isPartOf":{"@id":"https:\/\/redenoticiaz.com.br\/ribeiraopreto-regiao\/#website"},"primaryImageOfPage":{"@id":"https:\/\/redenoticiaz.com.br\/ribeiraopreto-regiao\/sp\/2024\/02\/10\/governo-lancara-guia-para-uso-consciente-de-telas-por-adolescentes#primaryimage"},"image":{"@id":"https:\/\/redenoticiaz.com.br\/ribeiraopreto-regiao\/sp\/2024\/02\/10\/governo-lancara-guia-para-uso-consciente-de-telas-por-adolescentes#primaryimage"},"thumbnailUrl":"https:\/\/redenoticiaz.com.br\/ribeiraopreto-regiao\/wp-content\/uploads\/sites\/4\/2023\/03\/USO-CELULAR.jpg?v=1678755660","datePublished":"2024-02-10T19:00:12+00:00","description":"O grupo de trabalho (GT) criado pelo governo federal para elaborar o guia para uso consciente de telas e dispositivos digitais por crian\u00e7as e adolescentes deve iniciar seus trabalhos em breve.","inLanguage":"pt-BR","potentialAction":[{"@type":"ReadAction","target":["https:\/\/redenoticiaz.com.br\/ribeiraopreto-regiao\/sp\/2024\/02\/10\/governo-lancara-guia-para-uso-consciente-de-telas-por-adolescentes"]}]},{"@type":"ImageObject","inLanguage":"pt-BR","@id":"https:\/\/redenoticiaz.com.br\/ribeiraopreto-regiao\/sp\/2024\/02\/10\/governo-lancara-guia-para-uso-consciente-de-telas-por-adolescentes#primaryimage","url":"https:\/\/redenoticiaz.com.br\/ribeiraopreto-regiao\/wp-content\/uploads\/sites\/4\/2023\/03\/USO-CELULAR.jpg?v=1678755660","contentUrl":"https:\/\/redenoticiaz.com.br\/ribeiraopreto-regiao\/wp-content\/uploads\/sites\/4\/2023\/03\/USO-CELULAR.jpg?v=1678755660","width":1624,"height":1080,"caption":"Cr\u00e9ditos: Divulga\u00e7\u00e3o"},{"@type":"WebSite","@id":"https:\/\/redenoticiaz.com.br\/ribeiraopreto-regiao\/#website","url":"https:\/\/redenoticiaz.com.br\/ribeiraopreto-regiao\/","name":"Ribeir\u00e3o Preto e Regi\u00e3o","description":"Rede NoticiaZ - Ribeir\u00e3o Preto e regi\u00e3o","publisher":{"@id":"https:\/\/redenoticiaz.com.br\/ribeiraopreto-regiao\/#organization"},"potentialAction":[{"@type":"SearchAction","target":{"@type":"EntryPoint","urlTemplate":"https:\/\/redenoticiaz.com.br\/ribeiraopreto-regiao\/?s={search_term_string}"},"query-input":{"@type":"PropertyValueSpecification","valueRequired":true,"valueName":"search_term_string"}}],"inLanguage":"pt-BR"},{"@type":"Organization","@id":"https:\/\/redenoticiaz.com.br\/ribeiraopreto-regiao\/#organization","name":"Ribeir\u00e3o Preto e Regi\u00e3o","url":"https:\/\/redenoticiaz.com.br\/ribeiraopreto-regiao\/","logo":{"@type":"ImageObject","inLanguage":"pt-BR","@id":"https:\/\/redenoticiaz.com.br\/ribeiraopreto-regiao\/#\/schema\/logo\/image\/","url":"https:\/\/redenoticiaz.com.br\/barretos-regiao\/wp-content\/uploads\/sites\/4\/2022\/02\/logo.jpg","contentUrl":"https:\/\/redenoticiaz.com.br\/barretos-regiao\/wp-content\/uploads\/sites\/4\/2022\/02\/logo.jpg","width":400,"height":250,"caption":"Ribeir\u00e3o Preto e Regi\u00e3o"},"image":{"@id":"https:\/\/redenoticiaz.com.br\/ribeiraopreto-regiao\/#\/schema\/logo\/image\/"},"sameAs":["https:\/\/m.facebook.com\/redenoticiaz.barretos","https:\/\/x.com\/RN_barretos","https:\/\/www.instagram.com\/redenoticiaz.barretos\/?igshid=YmMyMTA2M2Y","https:\/\/www.linkedin.com\/company\/rede-noticiaz-barretos-e-regio\/"]},{"@type":"Person","@id":"https:\/\/redenoticiaz.com.br\/ribeiraopreto-regiao\/#\/schema\/person\/16057b37a3c0ee6b096d7f887c566e2e","name":"Gustavo Silva","image":{"@type":"ImageObject","inLanguage":"pt-BR","@id":"https:\/\/secure.gravatar.com\/avatar\/3ee4e82f93b26de0a7cf4ea5eb7893da637ed6bb0c9170c58065944c56e28a33?s=96&d=mm&r=g","url":"https:\/\/secure.gravatar.com\/avatar\/3ee4e82f93b26de0a7cf4ea5eb7893da637ed6bb0c9170c58065944c56e28a33?s=96&d=mm&r=g","contentUrl":"https:\/\/secure.gravatar.com\/avatar\/3ee4e82f93b26de0a7cf4ea5eb7893da637ed6bb0c9170c58065944c56e28a33?s=96&d=mm&r=g","caption":"Gustavo Silva"},"url":"https:\/\/redenoticiaz.com.br\/ribeiraopreto-regiao\/sp\/author\/gustavosilva"}]}},"_links":{"self":[{"href":"https:\/\/redenoticiaz.com.br\/ribeiraopreto-regiao\/wp-json\/wp\/v2\/posts\/115055","targetHints":{"allow":["GET"]}}],"collection":[{"href":"https:\/\/redenoticiaz.com.br\/ribeiraopreto-regiao\/wp-json\/wp\/v2\/posts"}],"about":[{"href":"https:\/\/redenoticiaz.com.br\/ribeiraopreto-regiao\/wp-json\/wp\/v2\/types\/post"}],"author":[{"embeddable":true,"href":"https:\/\/redenoticiaz.com.br\/ribeiraopreto-regiao\/wp-json\/wp\/v2\/users\/12"}],"replies":[{"embeddable":true,"href":"https:\/\/redenoticiaz.com.br\/ribeiraopreto-regiao\/wp-json\/wp\/v2\/comments?post=115055"}],"version-history":[{"count":1,"href":"https:\/\/redenoticiaz.com.br\/ribeiraopreto-regiao\/wp-json\/wp\/v2\/posts\/115055\/revisions"}],"predecessor-version":[{"id":115056,"href":"https:\/\/redenoticiaz.com.br\/ribeiraopreto-regiao\/wp-json\/wp\/v2\/posts\/115055\/revisions\/115056"}],"wp:featuredmedia":[{"embeddable":true,"href":"https:\/\/redenoticiaz.com.br\/ribeiraopreto-regiao\/wp-json\/wp\/v2\/media\/102010"}],"wp:attachment":[{"href":"https:\/\/redenoticiaz.com.br\/ribeiraopreto-regiao\/wp-json\/wp\/v2\/media?parent=115055"}],"wp:term":[{"taxonomy":"category","embeddable":true,"href":"https:\/\/redenoticiaz.com.br\/ribeiraopreto-regiao\/wp-json\/wp\/v2\/categories?post=115055"},{"taxonomy":"post_tag","embeddable":true,"href":"https:\/\/redenoticiaz.com.br\/ribeiraopreto-regiao\/wp-json\/wp\/v2\/tags?post=115055"}],"curies":[{"name":"wp","href":"https:\/\/api.w.org\/{rel}","templated":true}]}}