{"id":115082,"date":"2024-02-11T10:00:10","date_gmt":"2024-02-11T13:00:10","guid":{"rendered":"https:\/\/redenoticiaz.com.br\/barretos-regiao\/sp\/2024\/02\/08\/isencao-do-ir-alcanca-quem-ganha-ate-dois-minimos"},"modified":"2024-02-08T18:19:35","modified_gmt":"2024-02-08T21:19:35","slug":"isencao-do-ir-alcanca-quem-ganha-ate-dois-salarios-minimos","status":"publish","type":"post","link":"https:\/\/redenoticiaz.com.br\/ribeiraopreto-regiao\/sp\/2024\/02\/11\/isencao-do-ir-alcanca-quem-ganha-ate-dois-salarios-minimos","title":{"rendered":"Isen\u00e7\u00e3o do IR alcan\u00e7a quem ganha at\u00e9 dois sal\u00e1rios m\u00ednimos"},"content":{"rendered":"<p>O governo federal publicou Medida Provis\u00f3ria que isenta de Imposto sobre a Renda das Pessoas F\u00edsicas (IRPF) para quem ganha at\u00e9 R$ 2.824 mensais, o equivalente a dois sal\u00e1rios m\u00ednimos, atualmente. Segundo o texto, a nova tabela vale a partir de fevereiro deste ano, e deve beneficiar 2 milh\u00f5es de brasileiros, elevando para 15,8 milh\u00f5es de isentos.<\/p>\n<p>Uma dessas pessoas \u00e9 a microempreendedora Rosa de Lima, de 62 anos. &#8220;Acho uma excelente medida, veio at\u00e9 tardiamente, pois todos os anos precisava me preocupar com isso, j\u00e1 que estou dentro dessa faixa. Considero injusto contemplar trabalhadores com essa quantia, que j\u00e1 \u00e9 pouca, com mais imposto&#8221;, disse.<\/p>\n<p>Em maio do ano passado, uma MP corrigiu a faixa de isen\u00e7\u00e3o do IRPF de R$ 1.903,98 para R$ 2.112 e instituiu uma dedu\u00e7\u00e3o simplificada mensal de R$ 528, assim, seria poss\u00edvel isentar ganhos de at\u00e9 R$ 2.640, o equivalente a dois pisos, segundo valores vigentes em 2023. Com o novo reajuste, o desconto simplificado passa a ser de R$ 564,80, o que permite que a isen\u00e7\u00e3o atinja quem recebe at\u00e9 dois sal\u00e1rios m\u00ednimos.<\/p>\n<p>Enquanto a corre\u00e7\u00e3o da faixa de isen\u00e7\u00e3o beneficia todos os contribuintes, independentemente do sal\u00e1rio, a dedu\u00e7\u00e3o \u00e9, na pr\u00e1tica, vantajosa apenas para quem tem remunera\u00e7\u00e3o menor e possui poucos descontos legais a declarar com contribui\u00e7\u00e3o previdenci\u00e1ria, pens\u00e3o aliment\u00edcia, dependentes, entre outros.<\/p>\n<p>&#8220;Devido \u00e0 progressividade da tabela, todos os contribuintes do IRPF ser\u00e3o beneficiados com a altera\u00e7\u00e3o, ou seja, mais de 35 milh\u00f5es de brasileiros e brasileiras&#8221;, disse o Minist\u00e9rio da Fazenda, por meio de nota. O documento da pasta informa ainda que a redu\u00e7\u00e3o das receitas prevista com a medida para 2024 \u00e9 de R$ 3,03 bilh\u00f5es. O valor passa para R$ 3,53 bilh\u00f5es em 2025 e para R$ 3,77 bilh\u00f5es no ano seguinte.<\/p>\n<p><strong>Redu\u00e7\u00e3o<\/strong><\/p>\n<p>Para atender ao pedido do presidente Luiz In\u00e1cio Lula da Silva de isentar quem ganha at\u00e9 dois sal\u00e1rios m\u00ednimos sem impor um custo elevado \u00e0s contas p\u00fablicas, no ano passado, a equipe do ministro da Fazenda, Fernando Haddad, promoveu algumas a\u00e7\u00f5es. Uma delas foi a corre\u00e7\u00e3o nos valores do IRPF, conforme medida prometida por Lula em janeiro deste ano.<\/p>\n<p>&#8220;Com o reajuste do sal\u00e1rio m\u00ednimo, as pessoas parecem que v\u00e3o voltar a pagar o Imposto de Renda, mas n\u00e3o v\u00e3o. Porque n\u00f3s vamos fazer as mudan\u00e7as agora para que quem ganha at\u00e9 dois sal\u00e1rios m\u00ednimos n\u00e3o pague IR. Tenho um compromisso de chegar at\u00e9 o fim do meu mandato isentando todo mundo que ganhar at\u00e9 R$ 5.000. \u00c9 um compromisso de campanha, mas, sobretudo, de muita sinceridade&#8221;, disse Lula em 23 de janeiro, em entrevista a uma r\u00e1dio na Bahia.<\/p>\n<p>Na avalia\u00e7\u00e3o do Diretor de Pol\u00edticas Estrat\u00e9gicas e Legislativas da Federa\u00e7\u00e3o Nacional das Empresas de Servi\u00e7os Cont\u00e1beis e das Empresas de Assessoramento, Per\u00edcias, Informa\u00e7\u00f5es e Pesquisas. (FENACON), Diogo Chamun, a medida \u00e9 louv\u00e1vel, mas n\u00e3o \u00e9 o suficiente.<\/p>\n<p>&#8220;Na realidade, o governo est\u00e1 atualizando somente a faixa de isen\u00e7\u00e3o, assim como fez em maio de 2023. A base de isen\u00e7\u00e3o foi aumentada para R$ 2.259, e para isentar os dois sal\u00e1rios m\u00ednimos, que \u00e9 de R$ 2.824, a medida prev\u00ea a antecipa\u00e7\u00e3o do desconto simplificado da declara\u00e7\u00e3o anual do imposto de renda. Assim, se antecipa o desconto e os trabalhadores ficam isentos, bem como da obrigatoriedade da entrega do imposto de renda&#8221;, disse.<\/p>\n<p>Ainda segundo o especialista, a medida \u00e9 importante, j\u00e1 que beneficia esse p\u00fablico, mas ainda paliativa diante da forte defasagem da tabela que j\u00e1 atingiu 150%. &#8220;As demais faixas da tabela n\u00e3o foram corrigidas, assim como a dedu\u00e7\u00e3o por dependente, despesas com instru\u00e7\u00e3o e o desconto simplificado da declara\u00e7\u00e3o do modelo simplificado. De qualquer quer forma, \u00e9 uma medida importante, pois esse p\u00fablico de menor renda deixar\u00e1 de pagar e declarar. No entanto, a medida ainda est\u00e1 distante resolver ou amenizar a forte defasagem da tabela, que vem se acumulando desde 1996 e impacta diretamente no bolso do trabalhador brasileiro&#8221;, destacou.<\/p>\n<p>LEIA MAIS<\/p>\n<p><a href=\"https:\/\/redenoticiaz.com.br\/blog\/2023\/12\/31\/reajuste-do-salario-minimo-causara-impacto-de-r-287-milhoes-aos-municipios-de-sao-paulo\">Reajuste do sal\u00e1rio m\u00ednimo causar\u00e1 impacto de R$ 287 milh\u00f5es aos Munic\u00edpios de S\u00e3o Paulo<\/a><\/p>\n","protected":false},"excerpt":{"rendered":"<p>O governo federal publicou Medida Provis\u00f3ria que isenta de Imposto sobre a Renda das Pessoas F\u00edsicas (IRPF) para quem ganha at\u00e9 R$ 2.824 mensais, o equivalente a dois sal\u00e1rios m\u00ednimos, atualmente. Segundo o texto, a nova tabela vale a partir de fevereiro deste ano, e deve beneficiar 2 milh\u00f5es de brasileiros, elevando para 15,8 milh\u00f5es &hellip;<\/p>\n","protected":false},"author":30,"featured_media":115085,"comment_status":"open","ping_status":"closed","sticky":false,"template":"","format":"standard","meta":{"footnotes":""},"categories":[101],"tags":[2279,19205],"class_list":["post-115082","post","type-post","status-publish","format-standard","has-post-thumbnail","hentry","category-economia","tag-imposto-de-renda","tag-salario-minimo"],"yoast_head":"<!-- This site is optimized with the Yoast SEO plugin v27.4 - https:\/\/yoast.com\/product\/yoast-seo-wordpress\/ -->\n<title>Isen\u00e7\u00e3o do IR alcan\u00e7a quem ganha at\u00e9 dois sal\u00e1rios m\u00ednimos - Ribeir\u00e3o Preto e Regi\u00e3o<\/title>\n<meta name=\"description\" content=\"O governo federal publicou Medida Provis\u00f3ria que isenta de Imposto sobre a Renda das Pessoas F\u00edsicas (IRPF) para quem ganha at\u00e9 R$ 2.824 mensais.\" \/>\n<meta name=\"robots\" content=\"index, follow, max-snippet:-1, max-image-preview:large, max-video-preview:-1\" \/>\n<link rel=\"canonical\" href=\"https:\/\/redenoticiaz.com.br\/ribeiraopreto-regiao\/sp\/2024\/02\/11\/isencao-do-ir-alcanca-quem-ganha-ate-dois-salarios-minimos\" \/>\n<meta property=\"og:locale\" content=\"pt_BR\" \/>\n<meta property=\"og:type\" content=\"article\" \/>\n<meta property=\"og:title\" content=\"Isen\u00e7\u00e3o do IR alcan\u00e7a quem ganha at\u00e9 dois sal\u00e1rios m\u00ednimos - Ribeir\u00e3o Preto e Regi\u00e3o\" \/>\n<meta property=\"og:description\" content=\"O governo federal publicou Medida Provis\u00f3ria que isenta de Imposto sobre a Renda das Pessoas F\u00edsicas (IRPF) para quem ganha at\u00e9 R$ 2.824 mensais.\" \/>\n<meta property=\"og:url\" content=\"https:\/\/redenoticiaz.com.br\/ribeiraopreto-regiao\/sp\/2024\/02\/11\/isencao-do-ir-alcanca-quem-ganha-ate-dois-salarios-minimos\" \/>\n<meta property=\"og:site_name\" content=\"Ribeir\u00e3o Preto e Regi\u00e3o\" \/>\n<meta property=\"article:publisher\" content=\"https:\/\/m.facebook.com\/redenoticiaz.barretos\" \/>\n<meta property=\"article:published_time\" content=\"2024-02-11T13:00:10+00:00\" \/>\n<meta property=\"og:image\" content=\"https:\/\/redenoticiaz.com.br\/ribeiraopreto-regiao\/wp-content\/uploads\/sites\/4\/2024\/02\/ir.jpg?v=1707426807\" \/>\n\t<meta property=\"og:image:width\" content=\"1640\" \/>\n\t<meta property=\"og:image:height\" content=\"924\" \/>\n\t<meta property=\"og:image:type\" content=\"image\/jpeg\" \/>\n<meta name=\"author\" content=\"Carina Reifonas\" \/>\n<meta name=\"twitter:card\" content=\"summary_large_image\" \/>\n<meta name=\"twitter:creator\" content=\"@RN_barretos\" \/>\n<meta name=\"twitter:site\" content=\"@RN_barretos\" \/>\n<meta name=\"twitter:label1\" content=\"Escrito por\" \/>\n\t<meta name=\"twitter:data1\" content=\"Carina Reifonas\" \/>\n\t<meta name=\"twitter:label2\" content=\"Est. tempo de leitura\" \/>\n\t<meta name=\"twitter:data2\" content=\"4 minutos\" \/>\n<script type=\"application\/ld+json\" class=\"yoast-schema-graph\">{\"@context\":\"https:\\\/\\\/schema.org\",\"@graph\":[{\"@type\":\"Article\",\"@id\":\"https:\\\/\\\/redenoticiaz.com.br\\\/ribeiraopreto-regiao\\\/sp\\\/2024\\\/02\\\/11\\\/isencao-do-ir-alcanca-quem-ganha-ate-dois-salarios-minimos#article\",\"isPartOf\":{\"@id\":\"https:\\\/\\\/redenoticiaz.com.br\\\/ribeiraopreto-regiao\\\/sp\\\/2024\\\/02\\\/11\\\/isencao-do-ir-alcanca-quem-ganha-ate-dois-salarios-minimos\"},\"author\":{\"name\":\"Carina Reifonas\",\"@id\":\"https:\\\/\\\/redenoticiaz.com.br\\\/ribeiraopreto-regiao\\\/#\\\/schema\\\/person\\\/1f84d6e94e6a62d2d81199d7503e9e90\"},\"headline\":\"Isen\u00e7\u00e3o do IR alcan\u00e7a quem ganha at\u00e9 dois sal\u00e1rios m\u00ednimos\",\"datePublished\":\"2024-02-11T13:00:10+00:00\",\"mainEntityOfPage\":{\"@id\":\"https:\\\/\\\/redenoticiaz.com.br\\\/ribeiraopreto-regiao\\\/sp\\\/2024\\\/02\\\/11\\\/isencao-do-ir-alcanca-quem-ganha-ate-dois-salarios-minimos\"},\"wordCount\":720,\"commentCount\":0,\"publisher\":{\"@id\":\"https:\\\/\\\/redenoticiaz.com.br\\\/ribeiraopreto-regiao\\\/#organization\"},\"image\":{\"@id\":\"https:\\\/\\\/redenoticiaz.com.br\\\/ribeiraopreto-regiao\\\/sp\\\/2024\\\/02\\\/11\\\/isencao-do-ir-alcanca-quem-ganha-ate-dois-salarios-minimos#primaryimage\"},\"thumbnailUrl\":\"https:\\\/\\\/redenoticiaz.com.br\\\/ribeiraopreto-regiao\\\/wp-content\\\/uploads\\\/sites\\\/4\\\/2024\\\/02\\\/ir.jpg?v=1707426807\",\"keywords\":[\"IMPOSTO DE RENDA\",\"SAL\u00c1RIO M\u00cdNIMO\"],\"articleSection\":[\"Economia\"],\"inLanguage\":\"pt-BR\",\"potentialAction\":[{\"@type\":\"CommentAction\",\"name\":\"Comment\",\"target\":[\"https:\\\/\\\/redenoticiaz.com.br\\\/ribeiraopreto-regiao\\\/sp\\\/2024\\\/02\\\/11\\\/isencao-do-ir-alcanca-quem-ganha-ate-dois-salarios-minimos#respond\"]}]},{\"@type\":\"WebPage\",\"@id\":\"https:\\\/\\\/redenoticiaz.com.br\\\/ribeiraopreto-regiao\\\/sp\\\/2024\\\/02\\\/11\\\/isencao-do-ir-alcanca-quem-ganha-ate-dois-salarios-minimos\",\"url\":\"https:\\\/\\\/redenoticiaz.com.br\\\/ribeiraopreto-regiao\\\/sp\\\/2024\\\/02\\\/11\\\/isencao-do-ir-alcanca-quem-ganha-ate-dois-salarios-minimos\",\"name\":\"Isen\u00e7\u00e3o do IR alcan\u00e7a quem ganha at\u00e9 dois sal\u00e1rios m\u00ednimos - Ribeir\u00e3o Preto e Regi\u00e3o\",\"isPartOf\":{\"@id\":\"https:\\\/\\\/redenoticiaz.com.br\\\/ribeiraopreto-regiao\\\/#website\"},\"primaryImageOfPage\":{\"@id\":\"https:\\\/\\\/redenoticiaz.com.br\\\/ribeiraopreto-regiao\\\/sp\\\/2024\\\/02\\\/11\\\/isencao-do-ir-alcanca-quem-ganha-ate-dois-salarios-minimos#primaryimage\"},\"image\":{\"@id\":\"https:\\\/\\\/redenoticiaz.com.br\\\/ribeiraopreto-regiao\\\/sp\\\/2024\\\/02\\\/11\\\/isencao-do-ir-alcanca-quem-ganha-ate-dois-salarios-minimos#primaryimage\"},\"thumbnailUrl\":\"https:\\\/\\\/redenoticiaz.com.br\\\/ribeiraopreto-regiao\\\/wp-content\\\/uploads\\\/sites\\\/4\\\/2024\\\/02\\\/ir.jpg?v=1707426807\",\"datePublished\":\"2024-02-11T13:00:10+00:00\",\"description\":\"O governo federal publicou Medida Provis\u00f3ria que isenta de Imposto sobre a Renda das Pessoas F\u00edsicas (IRPF) para quem ganha at\u00e9 R$ 2.824 mensais.\",\"inLanguage\":\"pt-BR\",\"potentialAction\":[{\"@type\":\"ReadAction\",\"target\":[\"https:\\\/\\\/redenoticiaz.com.br\\\/ribeiraopreto-regiao\\\/sp\\\/2024\\\/02\\\/11\\\/isencao-do-ir-alcanca-quem-ganha-ate-dois-salarios-minimos\"]}]},{\"@type\":\"ImageObject\",\"inLanguage\":\"pt-BR\",\"@id\":\"https:\\\/\\\/redenoticiaz.com.br\\\/ribeiraopreto-regiao\\\/sp\\\/2024\\\/02\\\/11\\\/isencao-do-ir-alcanca-quem-ganha-ate-dois-salarios-minimos#primaryimage\",\"url\":\"https:\\\/\\\/redenoticiaz.com.br\\\/ribeiraopreto-regiao\\\/wp-content\\\/uploads\\\/sites\\\/4\\\/2024\\\/02\\\/ir.jpg?v=1707426807\",\"contentUrl\":\"https:\\\/\\\/redenoticiaz.com.br\\\/ribeiraopreto-regiao\\\/wp-content\\\/uploads\\\/sites\\\/4\\\/2024\\\/02\\\/ir.jpg?v=1707426807\",\"width\":1640,\"height\":924},{\"@type\":\"WebSite\",\"@id\":\"https:\\\/\\\/redenoticiaz.com.br\\\/ribeiraopreto-regiao\\\/#website\",\"url\":\"https:\\\/\\\/redenoticiaz.com.br\\\/ribeiraopreto-regiao\\\/\",\"name\":\"Ribeir\u00e3o Preto e Regi\u00e3o\",\"description\":\"Rede NoticiaZ - Ribeir\u00e3o Preto e regi\u00e3o\",\"publisher\":{\"@id\":\"https:\\\/\\\/redenoticiaz.com.br\\\/ribeiraopreto-regiao\\\/#organization\"},\"potentialAction\":[{\"@type\":\"SearchAction\",\"target\":{\"@type\":\"EntryPoint\",\"urlTemplate\":\"https:\\\/\\\/redenoticiaz.com.br\\\/ribeiraopreto-regiao\\\/?s={search_term_string}\"},\"query-input\":{\"@type\":\"PropertyValueSpecification\",\"valueRequired\":true,\"valueName\":\"search_term_string\"}}],\"inLanguage\":\"pt-BR\"},{\"@type\":\"Organization\",\"@id\":\"https:\\\/\\\/redenoticiaz.com.br\\\/ribeiraopreto-regiao\\\/#organization\",\"name\":\"Ribeir\u00e3o Preto e Regi\u00e3o\",\"url\":\"https:\\\/\\\/redenoticiaz.com.br\\\/ribeiraopreto-regiao\\\/\",\"logo\":{\"@type\":\"ImageObject\",\"inLanguage\":\"pt-BR\",\"@id\":\"https:\\\/\\\/redenoticiaz.com.br\\\/ribeiraopreto-regiao\\\/#\\\/schema\\\/logo\\\/image\\\/\",\"url\":\"https:\\\/\\\/redenoticiaz.com.br\\\/barretos-regiao\\\/wp-content\\\/uploads\\\/sites\\\/4\\\/2022\\\/02\\\/logo.jpg\",\"contentUrl\":\"https:\\\/\\\/redenoticiaz.com.br\\\/barretos-regiao\\\/wp-content\\\/uploads\\\/sites\\\/4\\\/2022\\\/02\\\/logo.jpg\",\"width\":400,\"height\":250,\"caption\":\"Ribeir\u00e3o Preto e Regi\u00e3o\"},\"image\":{\"@id\":\"https:\\\/\\\/redenoticiaz.com.br\\\/ribeiraopreto-regiao\\\/#\\\/schema\\\/logo\\\/image\\\/\"},\"sameAs\":[\"https:\\\/\\\/m.facebook.com\\\/redenoticiaz.barretos\",\"https:\\\/\\\/x.com\\\/RN_barretos\",\"https:\\\/\\\/www.instagram.com\\\/redenoticiaz.barretos\\\/?igshid=YmMyMTA2M2Y\",\"https:\\\/\\\/www.linkedin.com\\\/company\\\/rede-noticiaz-barretos-e-regio\\\/\"]},{\"@type\":\"Person\",\"@id\":\"https:\\\/\\\/redenoticiaz.com.br\\\/ribeiraopreto-regiao\\\/#\\\/schema\\\/person\\\/1f84d6e94e6a62d2d81199d7503e9e90\",\"name\":\"Carina Reifonas\",\"image\":{\"@type\":\"ImageObject\",\"inLanguage\":\"pt-BR\",\"@id\":\"https:\\\/\\\/secure.gravatar.com\\\/avatar\\\/04c59859b23696cf867715880f81d5c037e60109730bdb4e6670ec2a2245bc97?s=96&d=mm&r=g\",\"url\":\"https:\\\/\\\/secure.gravatar.com\\\/avatar\\\/04c59859b23696cf867715880f81d5c037e60109730bdb4e6670ec2a2245bc97?s=96&d=mm&r=g\",\"contentUrl\":\"https:\\\/\\\/secure.gravatar.com\\\/avatar\\\/04c59859b23696cf867715880f81d5c037e60109730bdb4e6670ec2a2245bc97?s=96&d=mm&r=g\",\"caption\":\"Carina Reifonas\"},\"url\":\"https:\\\/\\\/redenoticiaz.com.br\\\/ribeiraopreto-regiao\\\/sp\\\/author\\\/carinareifonas\"}]}<\/script>\n<!-- \/ Yoast SEO plugin. -->","yoast_head_json":{"title":"Isen\u00e7\u00e3o do IR alcan\u00e7a quem ganha at\u00e9 dois sal\u00e1rios m\u00ednimos - Ribeir\u00e3o Preto e Regi\u00e3o","description":"O governo federal publicou Medida Provis\u00f3ria que isenta de Imposto sobre a Renda das Pessoas F\u00edsicas (IRPF) para quem ganha at\u00e9 R$ 2.824 mensais.","robots":{"index":"index","follow":"follow","max-snippet":"max-snippet:-1","max-image-preview":"max-image-preview:large","max-video-preview":"max-video-preview:-1"},"canonical":"https:\/\/redenoticiaz.com.br\/ribeiraopreto-regiao\/sp\/2024\/02\/11\/isencao-do-ir-alcanca-quem-ganha-ate-dois-salarios-minimos","og_locale":"pt_BR","og_type":"article","og_title":"Isen\u00e7\u00e3o do IR alcan\u00e7a quem ganha at\u00e9 dois sal\u00e1rios m\u00ednimos - Ribeir\u00e3o Preto e Regi\u00e3o","og_description":"O governo federal publicou Medida Provis\u00f3ria que isenta de Imposto sobre a Renda das Pessoas F\u00edsicas (IRPF) para quem ganha at\u00e9 R$ 2.824 mensais.","og_url":"https:\/\/redenoticiaz.com.br\/ribeiraopreto-regiao\/sp\/2024\/02\/11\/isencao-do-ir-alcanca-quem-ganha-ate-dois-salarios-minimos","og_site_name":"Ribeir\u00e3o Preto e Regi\u00e3o","article_publisher":"https:\/\/m.facebook.com\/redenoticiaz.barretos","article_published_time":"2024-02-11T13:00:10+00:00","og_image":[{"width":1640,"height":924,"url":"https:\/\/redenoticiaz.com.br\/ribeiraopreto-regiao\/wp-content\/uploads\/sites\/4\/2024\/02\/ir.jpg?v=1707426807","type":"image\/jpeg"}],"author":"Carina Reifonas","twitter_card":"summary_large_image","twitter_creator":"@RN_barretos","twitter_site":"@RN_barretos","twitter_misc":{"Escrito por":"Carina Reifonas","Est. tempo de leitura":"4 minutos"},"schema":{"@context":"https:\/\/schema.org","@graph":[{"@type":"Article","@id":"https:\/\/redenoticiaz.com.br\/ribeiraopreto-regiao\/sp\/2024\/02\/11\/isencao-do-ir-alcanca-quem-ganha-ate-dois-salarios-minimos#article","isPartOf":{"@id":"https:\/\/redenoticiaz.com.br\/ribeiraopreto-regiao\/sp\/2024\/02\/11\/isencao-do-ir-alcanca-quem-ganha-ate-dois-salarios-minimos"},"author":{"name":"Carina Reifonas","@id":"https:\/\/redenoticiaz.com.br\/ribeiraopreto-regiao\/#\/schema\/person\/1f84d6e94e6a62d2d81199d7503e9e90"},"headline":"Isen\u00e7\u00e3o do IR alcan\u00e7a quem ganha at\u00e9 dois sal\u00e1rios m\u00ednimos","datePublished":"2024-02-11T13:00:10+00:00","mainEntityOfPage":{"@id":"https:\/\/redenoticiaz.com.br\/ribeiraopreto-regiao\/sp\/2024\/02\/11\/isencao-do-ir-alcanca-quem-ganha-ate-dois-salarios-minimos"},"wordCount":720,"commentCount":0,"publisher":{"@id":"https:\/\/redenoticiaz.com.br\/ribeiraopreto-regiao\/#organization"},"image":{"@id":"https:\/\/redenoticiaz.com.br\/ribeiraopreto-regiao\/sp\/2024\/02\/11\/isencao-do-ir-alcanca-quem-ganha-ate-dois-salarios-minimos#primaryimage"},"thumbnailUrl":"https:\/\/redenoticiaz.com.br\/ribeiraopreto-regiao\/wp-content\/uploads\/sites\/4\/2024\/02\/ir.jpg?v=1707426807","keywords":["IMPOSTO DE RENDA","SAL\u00c1RIO M\u00cdNIMO"],"articleSection":["Economia"],"inLanguage":"pt-BR","potentialAction":[{"@type":"CommentAction","name":"Comment","target":["https:\/\/redenoticiaz.com.br\/ribeiraopreto-regiao\/sp\/2024\/02\/11\/isencao-do-ir-alcanca-quem-ganha-ate-dois-salarios-minimos#respond"]}]},{"@type":"WebPage","@id":"https:\/\/redenoticiaz.com.br\/ribeiraopreto-regiao\/sp\/2024\/02\/11\/isencao-do-ir-alcanca-quem-ganha-ate-dois-salarios-minimos","url":"https:\/\/redenoticiaz.com.br\/ribeiraopreto-regiao\/sp\/2024\/02\/11\/isencao-do-ir-alcanca-quem-ganha-ate-dois-salarios-minimos","name":"Isen\u00e7\u00e3o do IR alcan\u00e7a quem ganha at\u00e9 dois sal\u00e1rios m\u00ednimos - Ribeir\u00e3o Preto e Regi\u00e3o","isPartOf":{"@id":"https:\/\/redenoticiaz.com.br\/ribeiraopreto-regiao\/#website"},"primaryImageOfPage":{"@id":"https:\/\/redenoticiaz.com.br\/ribeiraopreto-regiao\/sp\/2024\/02\/11\/isencao-do-ir-alcanca-quem-ganha-ate-dois-salarios-minimos#primaryimage"},"image":{"@id":"https:\/\/redenoticiaz.com.br\/ribeiraopreto-regiao\/sp\/2024\/02\/11\/isencao-do-ir-alcanca-quem-ganha-ate-dois-salarios-minimos#primaryimage"},"thumbnailUrl":"https:\/\/redenoticiaz.com.br\/ribeiraopreto-regiao\/wp-content\/uploads\/sites\/4\/2024\/02\/ir.jpg?v=1707426807","datePublished":"2024-02-11T13:00:10+00:00","description":"O governo federal publicou Medida Provis\u00f3ria que isenta de Imposto sobre a Renda das Pessoas F\u00edsicas (IRPF) para quem ganha at\u00e9 R$ 2.824 mensais.","inLanguage":"pt-BR","potentialAction":[{"@type":"ReadAction","target":["https:\/\/redenoticiaz.com.br\/ribeiraopreto-regiao\/sp\/2024\/02\/11\/isencao-do-ir-alcanca-quem-ganha-ate-dois-salarios-minimos"]}]},{"@type":"ImageObject","inLanguage":"pt-BR","@id":"https:\/\/redenoticiaz.com.br\/ribeiraopreto-regiao\/sp\/2024\/02\/11\/isencao-do-ir-alcanca-quem-ganha-ate-dois-salarios-minimos#primaryimage","url":"https:\/\/redenoticiaz.com.br\/ribeiraopreto-regiao\/wp-content\/uploads\/sites\/4\/2024\/02\/ir.jpg?v=1707426807","contentUrl":"https:\/\/redenoticiaz.com.br\/ribeiraopreto-regiao\/wp-content\/uploads\/sites\/4\/2024\/02\/ir.jpg?v=1707426807","width":1640,"height":924},{"@type":"WebSite","@id":"https:\/\/redenoticiaz.com.br\/ribeiraopreto-regiao\/#website","url":"https:\/\/redenoticiaz.com.br\/ribeiraopreto-regiao\/","name":"Ribeir\u00e3o Preto e Regi\u00e3o","description":"Rede NoticiaZ - Ribeir\u00e3o Preto e regi\u00e3o","publisher":{"@id":"https:\/\/redenoticiaz.com.br\/ribeiraopreto-regiao\/#organization"},"potentialAction":[{"@type":"SearchAction","target":{"@type":"EntryPoint","urlTemplate":"https:\/\/redenoticiaz.com.br\/ribeiraopreto-regiao\/?s={search_term_string}"},"query-input":{"@type":"PropertyValueSpecification","valueRequired":true,"valueName":"search_term_string"}}],"inLanguage":"pt-BR"},{"@type":"Organization","@id":"https:\/\/redenoticiaz.com.br\/ribeiraopreto-regiao\/#organization","name":"Ribeir\u00e3o Preto e Regi\u00e3o","url":"https:\/\/redenoticiaz.com.br\/ribeiraopreto-regiao\/","logo":{"@type":"ImageObject","inLanguage":"pt-BR","@id":"https:\/\/redenoticiaz.com.br\/ribeiraopreto-regiao\/#\/schema\/logo\/image\/","url":"https:\/\/redenoticiaz.com.br\/barretos-regiao\/wp-content\/uploads\/sites\/4\/2022\/02\/logo.jpg","contentUrl":"https:\/\/redenoticiaz.com.br\/barretos-regiao\/wp-content\/uploads\/sites\/4\/2022\/02\/logo.jpg","width":400,"height":250,"caption":"Ribeir\u00e3o Preto e Regi\u00e3o"},"image":{"@id":"https:\/\/redenoticiaz.com.br\/ribeiraopreto-regiao\/#\/schema\/logo\/image\/"},"sameAs":["https:\/\/m.facebook.com\/redenoticiaz.barretos","https:\/\/x.com\/RN_barretos","https:\/\/www.instagram.com\/redenoticiaz.barretos\/?igshid=YmMyMTA2M2Y","https:\/\/www.linkedin.com\/company\/rede-noticiaz-barretos-e-regio\/"]},{"@type":"Person","@id":"https:\/\/redenoticiaz.com.br\/ribeiraopreto-regiao\/#\/schema\/person\/1f84d6e94e6a62d2d81199d7503e9e90","name":"Carina Reifonas","image":{"@type":"ImageObject","inLanguage":"pt-BR","@id":"https:\/\/secure.gravatar.com\/avatar\/04c59859b23696cf867715880f81d5c037e60109730bdb4e6670ec2a2245bc97?s=96&d=mm&r=g","url":"https:\/\/secure.gravatar.com\/avatar\/04c59859b23696cf867715880f81d5c037e60109730bdb4e6670ec2a2245bc97?s=96&d=mm&r=g","contentUrl":"https:\/\/secure.gravatar.com\/avatar\/04c59859b23696cf867715880f81d5c037e60109730bdb4e6670ec2a2245bc97?s=96&d=mm&r=g","caption":"Carina Reifonas"},"url":"https:\/\/redenoticiaz.com.br\/ribeiraopreto-regiao\/sp\/author\/carinareifonas"}]}},"_links":{"self":[{"href":"https:\/\/redenoticiaz.com.br\/ribeiraopreto-regiao\/wp-json\/wp\/v2\/posts\/115082","targetHints":{"allow":["GET"]}}],"collection":[{"href":"https:\/\/redenoticiaz.com.br\/ribeiraopreto-regiao\/wp-json\/wp\/v2\/posts"}],"about":[{"href":"https:\/\/redenoticiaz.com.br\/ribeiraopreto-regiao\/wp-json\/wp\/v2\/types\/post"}],"author":[{"embeddable":true,"href":"https:\/\/redenoticiaz.com.br\/ribeiraopreto-regiao\/wp-json\/wp\/v2\/users\/30"}],"replies":[{"embeddable":true,"href":"https:\/\/redenoticiaz.com.br\/ribeiraopreto-regiao\/wp-json\/wp\/v2\/comments?post=115082"}],"version-history":[{"count":2,"href":"https:\/\/redenoticiaz.com.br\/ribeiraopreto-regiao\/wp-json\/wp\/v2\/posts\/115082\/revisions"}],"predecessor-version":[{"id":115086,"href":"https:\/\/redenoticiaz.com.br\/ribeiraopreto-regiao\/wp-json\/wp\/v2\/posts\/115082\/revisions\/115086"}],"wp:featuredmedia":[{"embeddable":true,"href":"https:\/\/redenoticiaz.com.br\/ribeiraopreto-regiao\/wp-json\/wp\/v2\/media\/115085"}],"wp:attachment":[{"href":"https:\/\/redenoticiaz.com.br\/ribeiraopreto-regiao\/wp-json\/wp\/v2\/media?parent=115082"}],"wp:term":[{"taxonomy":"category","embeddable":true,"href":"https:\/\/redenoticiaz.com.br\/ribeiraopreto-regiao\/wp-json\/wp\/v2\/categories?post=115082"},{"taxonomy":"post_tag","embeddable":true,"href":"https:\/\/redenoticiaz.com.br\/ribeiraopreto-regiao\/wp-json\/wp\/v2\/tags?post=115082"}],"curies":[{"name":"wp","href":"https:\/\/api.w.org\/{rel}","templated":true}]}}