{"id":115190,"date":"2024-02-11T15:15:13","date_gmt":"2024-02-11T18:15:13","guid":{"rendered":"https:\/\/redenoticiaz.com.br\/barretos-regiao\/sp\/2024\/02\/11\/vinganca-e-um-prato-que-se-come-frio"},"modified":"2024-02-11T15:15:13","modified_gmt":"2024-02-11T18:15:13","slug":"vinganca-e-um-prato-que-se-come-frio","status":"publish","type":"post","link":"https:\/\/redenoticiaz.com.br\/ribeiraopreto-regiao\/sp\/2024\/02\/11\/vinganca-e-um-prato-que-se-come-frio","title":{"rendered":"Vingan\u00e7a \u00e9 um prato que se come frio!"},"content":{"rendered":"<p>A concep\u00e7\u00e3o popular de como se deve agir com vingan\u00e7a d\u00e1 a ideia de que ela deve ser premeditada com paci\u00eancia, sem pressa, deixando que os envolvidos se descuidem de sua seguran\u00e7a por n\u00e3o esperarem mais serem atacados.<\/p>\n<p>Esta ideia j\u00e1 afasta, de pronto, a vis\u00e3o que o editorial do \u201cEstad\u00e3o\u201d quer fazer com que voc\u00ea, leitor e leitora, tenha da a\u00e7\u00e3o da Pol\u00edcia Militar do Estado de S\u00e3o Paulo (PMESP) na baixada Santista, em raz\u00e3o das, frise-se, DAS mortes de policiais militares ocorridas naquela regi\u00e3o nos \u00faltimos dias (em um intervalo de 17 dias, o n\u00famero de policiais militares assassinados neste ano j\u00e1 supera o total de policiais militares mortos por criminosos no primeiro trimestre de 2023 em S\u00e3o Paulo \u2013 03 na baixada santista). Ao ser atacada (a PMESP), tem que agir de imediato, para se proteger, para ent\u00e3o conseguir proteger a pr\u00f3pria sociedade.<\/p>\n<p>A PMESP, obedecendo \u00e0s constitui\u00e7\u00f5es vigentes (federal e estadual), tem como fun\u00e7\u00e3o \u201crealizar a pol\u00edcia ostensiva e a preserva\u00e7\u00e3o da ordem p\u00fablica\u201d, jamais realizar vingan\u00e7a.<\/p>\n<p>Por tratar-se de um \u00f3rg\u00e3o da chamada \u201cadministra\u00e7\u00e3o direta\u201d, est\u00e1 submissa aos chamados \u201cPrinc\u00edpios Constitucionais da Administra\u00e7\u00e3o P\u00fablica\u201d, dentre eles, com destaque, a impessoalidade, algo incompat\u00edvel com uma vingan\u00e7a.<\/p>\n<p>Podemos presumir, portanto, que atribuir confrontos que resultaram em \u00f3bitos \u00e0 vingan\u00e7a, soa mais como uma vingan\u00e7a do pr\u00f3prio editorial do que da PMESP, j\u00e1 que o jornal pode agir com pessoalidade. Como tem feito!<\/p>\n<p>Quando uma pessoa morre, em confronto com a pol\u00edcia, vamos falar aqui, no caso, com a PMESP, s\u00e3o instaurados dois inqu\u00e9ritos policiais (um civil e um militar), que chegar\u00e3o ao Minist\u00e9rio P\u00fablico, que analisar\u00e1 os relat\u00f3rios das autoridades policiais (delegado de pol\u00edcia e oficial da PM) e, estando \u201csatisfeito\u201d (nos termos da lei, sempre), encaminhar\u00e1 ao ju\u00edzo para o prosseguimento ao rito do tribunal do j\u00fari. Afirmar que ocorreram \u201cvingan\u00e7as\u201d \u00e9 desacreditar todo o sistema de persecu\u00e7\u00e3o penal do Estado&#8230;<\/p>\n<p>O que \u00e9 realmente estarrecedor \u00e9 que as mortes dos policiais (o editorial menciona como \u201ca morte de um PM durante patrulha em Santos\u201d), inominados no texto, n\u00e3o tenham causado nenhuma como\u00e7\u00e3o. Vamos ficar com o exemplo do policial Samuel Wesley Cosmo, soldado da PMESP, integrante do 1\u00ba Batalh\u00e3o de Pol\u00edcia de Choque \u2013 ROTA, que deixou uma vi\u00fava e duas filhas pequenas (g\u00eameas). Samuel tinha apenas 35 anos. Estarrecedor \u00e9 o editorial n\u00e3o mencionar que a vi\u00fava estava pedindo ajuda (\u201cvaquinha\u201d), pois sabe que vai demorar algum tempo para restabelecer parte do sal\u00e1rio (pens\u00e3o) do seu marido.<\/p>\n<p>Estarrecedor \u00e9 o editorial n\u00e3o mencionar que o pai do Soldado Cosmo, o policial civil do Distrito Federal &#8211; Ant\u00f4nio Marcos Cosmo, 52 anos, teve que enterrar o segundo filho policial morto por criminosos. Qual a l\u00f3gica de um pai enterrar DOIS FILHOS POLICIAIS MORTOS POR CRIMINOSOS?<\/p>\n<p>Mais estarrecedor \u00e9 ler \u201cSalvo as manifesta\u00e7\u00f5es de praxe por parte de grupos de defesa dos direitos humanos\u201d, grupos esses que n\u00e3o teceram uma linha sequer sobre a morte dos policiais, sobre as vi\u00favas, os filhos, os pais, os amigos, mas fizeram suas manifesta\u00e7\u00f5es \u201cde praxe\u201d, pois \u00e9 assim que os direitos humanos funcionam no Brasil. Uma nota de \u201cmeia linha\u201d? N\u00e3o existe, pois parece imperar a indiferen\u00e7a \u00e0s mortes dos policiais diante da evidente trucul\u00eancia dos criminosos, em que pese o editorial querer inverter isso, romanceando o criminoso. Outra pr\u00e1tica recorrente.<\/p>\n<p>Ultimamente, tomou-se de assalto o tecnicismo sobre o \u201cEstado Democr\u00e1tico de Direito\u201d (EDD). Afirmar que n\u00e3o vigora o EDD nas regi\u00f5es mais pobres \u00e9 de uma \u201cprofundidade de um pires\u201d. Se em determinada regi\u00e3o falta algum direito social, h\u00e1 uma viola\u00e7\u00e3o de um mandamento constitucional, mas n\u00e3o h\u00e1 falta do EDD.<\/p>\n<p>Se, hipoteticamente, em uma dessas ocorr\u00eancias com resultado morte for apurado, pelas autoridades legais, que houve afronta ao devido processo legal, haver\u00e1 a responsabiliza\u00e7\u00e3o de todos, em n\u00e3o ocorrendo, ter\u00edamos improbidade, abuso de autoridade, outros crimes, mas n\u00e3o a \u201cextin\u00e7\u00e3o do EDD\u201d.<\/p>\n<p>A express\u00e3o \u201cvirou moda\u201d agora, e, igual a uma arquibancada de est\u00e1dio de futebol, cada qual \u201cgrita pelo seu conceito\u201d, mas apenas os t\u00e9cnicos o operam com o rigor devido.<\/p>\n<p>O editorial critica a falta de interesse sobre as mortes, mas traz a quest\u00e3o em um dos principais jornais do Pa\u00eds. Por\u00e9m, pela \u201cfalta de interesse nas mortes dos policiais\u201d, n\u00e3o mereceu um editorial no jornal. Seriam os policiais militares mortos menos importantes que as demais pessoas? Seriam \u201cmenos humanos\u201d? Pelo que se l\u00ea no editorial, a resposta \u00e9 sim!<\/p>\n<p>Se a Constitui\u00e7\u00e3o Federal afirma que \u201cA seguran\u00e7a p\u00fablica, dever do Estado, direito e RESPONSABILIDADE DE TODOS\u201d, \u00e9 inaceit\u00e1vel que uma parte da popula\u00e7\u00e3o paulista n\u00e3o se sensibilize com a morte de um dos seus representantes. A PMESP n\u00e3o pertence ao governador, ao secret\u00e1rio, ao comandante geral ou ao delegado geral, mas sim \u00e0 sociedade, \u00e9 um \u00f3rg\u00e3o de Estado, n\u00e3o de Governo.<\/p>\n<p>O editorial aponta que os policiais agiram e agem de forma arbitr\u00e1ria e \u201csequer disfar\u00e7am isso\u201d. Basicamente n\u00e3o se disfar\u00e7a aquilo que n\u00e3o precisa ser disfar\u00e7ado, n\u00e3o se disfar\u00e7aram os atos pois est\u00e3o dentro do devido processo legal. Querer trazer a interven\u00e7\u00e3o militar de (1964-85) para o contexto atual, cujos policiais atuais sequer, em sua maioria, tinham nascido, n\u00e3o viveram aquela hist\u00f3ria, qui\u00e7\u00e1 nos bancos escolares na forma que o historiador quis passar&#8230;, \u00e9 for\u00e7ar demais.<\/p>\n<p>Quando ocorre uma morte violenta, na maioria das vezes, teremos ali um homic\u00eddio, pouco importando, para o tipo penal o nome do formul\u00e1rio a ser preenchido. Se os \u201cautos de resist\u00eancia\u201d se mostraram superados quanto \u00e0 nomenclatura, foram assim trocados. Se o policial matou algu\u00e9m ser\u00e1 homic\u00eddio, da mesma forma o criminoso que mata um policial, respeitadas as qualificadoras existentes em cada caso.<\/p>\n<p>Assim, o autor do disparo que vitimou o soldado Cosmo praticou um homic\u00eddio, pelo menos o editorial n\u00e3o colocou \u201csuspeito\u201d ou \u201cestudante\u201d ou \u201ctrabalhador\u201d.<\/p>\n<p>O secret\u00e1rio de seguran\u00e7a, Guilherme Derrite, foge ao \u201cpadr\u00e3o PSDB\u201d cuja pasta, na vis\u00e3o deste partido quase extinto, tem que estar nas m\u00e3os de algu\u00e9m do Minist\u00e9rio P\u00fablico, cuja carreira \u00e9 jur\u00eddica e n\u00e3o de Ci\u00eancia Policial (no dia 08 de junho de 2020 o Minist\u00e9rio da Educa\u00e7\u00e3o homologou o Parecer CNE\/CES n\u00ba 945\/2019, e reconheceu as Ci\u00eancias Policiais como uma \u00e1rea do saber).<\/p>\n<p>Derrite \u00e9 Bacharel em Ci\u00eancias Policiais de Seguran\u00e7a e Ordem P\u00fablica, al\u00e9m de tamb\u00e9m ser Bacharel em Direito, portanto, conhece do assunto, al\u00e9m de ter experi\u00eancia operacional, algo que nas \u00faltimas d\u00e9cadas n\u00e3o se via \u00e0 frente da pasta (at\u00e9 general j\u00e1 foi colocado, como se tamb\u00e9m entendesse tudo a respeito \u2013 em que pese pr\u00f3ximos, os artigos 142 e 144 da Constitui\u00e7\u00e3o Federal, est\u00e3o em cap\u00edtulos diferentes).<\/p>\n<p>O Estado det\u00e9m o monop\u00f3lio da for\u00e7a desde o in\u00edcio do s\u00e9culo XX, basta ter uma no\u00e7\u00e3o da obra \u201cPol\u00edtica como voca\u00e7\u00e3o\u201d de um dos fundadores da sociologia moderna, Max Weber. Quando o Estado \u00e9 atacado, a sociedade espera que fa\u00e7a algo, claro que dentro do devido processo legal, e para isso os policiais s\u00e3o formados, treinados e retreinados (nos infelizes dizeres de um ex-governador).<\/p>\n<p>A escolha do secret\u00e1rio coube ao governador, trata-se do chamado cargo ad nutum, ou seja, livre nomea\u00e7\u00e3o e livre exonera\u00e7\u00e3o.<\/p>\n<p>No entender do governador Tarc\u00edsio Gomes de Freitas, engenheiro civil formado pelo Instituto Militar de Engenharia (IME), com especializa\u00e7\u00e3o em Gerenciamento de Projetos, al\u00e9m da forma\u00e7\u00e3o em Engenharia de Constru\u00e7\u00e3o pela Academia Militar das Agulhas Negras (AMAN), a escolha do Derrite preencheu e preenche os requisitos no anseio de uma boa administra\u00e7\u00e3o da pasta.<\/p>\n<p>Na vis\u00e3o do governador, \u00e9 o que importa, mas, estarrecedor \u00e9 a imprensa n\u00e3o conseguir mais pautar, se impor, exercer aquele \u201c4\u00ba poder\u201d de outros tempos.<\/p>\n<p>Estarrecedor \u00e9 ver um editorial questionar a vontade do eleitor. Derrite foi eleito duas vezes deputado federal porque convenceu seus eleitores de algo, ponto final. Isto sim \u00e9 um Estado Democr\u00e1tico. Se hipoteticamente fosse um pensamento \u201cdeturpado\u201d como aponta o jornal, o eleitor ent\u00e3o tamb\u00e9m o seria?<\/p>\n<p>Por fim, sobre as c\u00e2meras policiais (body cam), ao afirmar que \u201cprotegem os bons policiais\u201d, podemos ent\u00e3o concluir que o soldado Cosmo, ASSASSINADO, era um mau policial j\u00e1 que a c\u00e2mera n\u00e3o o protegeu? Ou, o criminoso era uma boa pessoa?<\/p>\n<p>LEIA MAIS<\/p>\n<p><a href=\"https:\/\/redenoticiaz.com.br\/blog\/2024\/02\/11\/estamos-sozinhos\" target=\"_blank\" rel=\"noopener\">Estamos sozinhos?<\/a><\/p>\n<p><a href=\"https:\/\/redenoticiaz.com.br\/blog\/2024\/02\/09\/o-significado-real-acerca-da-morte-de-um-policial-de-servico\" target=\"_blank\" rel=\"noopener\">O Significado real acerca da morte de um policial de Servi\u00e7o<\/a><\/p>\n","protected":false},"excerpt":{"rendered":"<p>A concep\u00e7\u00e3o popular de como se deve agir com vingan\u00e7a d\u00e1 a ideia de que ela deve ser premeditada com paci\u00eancia, sem pressa, deixando que os envolvidos se descuidem de sua seguran\u00e7a por n\u00e3o esperarem mais serem atacados. Esta ideia j\u00e1 afasta, de pronto, a vis\u00e3o que o editorial do \u201cEstad\u00e3o\u201d quer fazer com que &hellip;<\/p>\n","protected":false},"author":30,"featured_media":115191,"comment_status":"open","ping_status":"closed","sticky":false,"template":"","format":"standard","meta":{"footnotes":""},"categories":[88],"tags":[22368,29929],"class_list":["post-115190","post","type-post","status-publish","format-standard","has-post-thumbnail","hentry","category-policia","tag-policia-2","tag-vinganca"],"yoast_head":"<!-- This site is optimized with the Yoast SEO plugin v27.4 - https:\/\/yoast.com\/product\/yoast-seo-wordpress\/ -->\n<title>Vingan\u00e7a \u00e9 um prato que se come frio! - Ribeir\u00e3o Preto e Regi\u00e3o<\/title>\n<meta name=\"description\" content=\"A concep\u00e7\u00e3o popular de como se deve agir com vingan\u00e7a d\u00e1 a ideia de que ela deve ser premeditada com paci\u00eancia.\" \/>\n<meta name=\"robots\" content=\"index, follow, max-snippet:-1, max-image-preview:large, max-video-preview:-1\" \/>\n<link rel=\"canonical\" href=\"https:\/\/redenoticiaz.com.br\/ribeiraopreto-regiao\/sp\/2024\/02\/11\/vinganca-e-um-prato-que-se-come-frio\" \/>\n<meta property=\"og:locale\" content=\"pt_BR\" \/>\n<meta property=\"og:type\" content=\"article\" \/>\n<meta property=\"og:title\" content=\"Vingan\u00e7a \u00e9 um prato que se come frio! - Ribeir\u00e3o Preto e Regi\u00e3o\" \/>\n<meta property=\"og:description\" content=\"A concep\u00e7\u00e3o popular de como se deve agir com vingan\u00e7a d\u00e1 a ideia de que ela deve ser premeditada com paci\u00eancia.\" \/>\n<meta property=\"og:url\" content=\"https:\/\/redenoticiaz.com.br\/ribeiraopreto-regiao\/sp\/2024\/02\/11\/vinganca-e-um-prato-que-se-come-frio\" \/>\n<meta property=\"og:site_name\" content=\"Ribeir\u00e3o Preto e Regi\u00e3o\" \/>\n<meta property=\"article:publisher\" content=\"https:\/\/m.facebook.com\/redenoticiaz.barretos\" \/>\n<meta property=\"article:published_time\" content=\"2024-02-11T18:15:13+00:00\" \/>\n<meta property=\"og:image\" content=\"https:\/\/redenoticiaz.com.br\/ribeiraopreto-regiao\/wp-content\/uploads\/sites\/4\/2024\/02\/13.jpg?v=1707675243\" \/>\n\t<meta property=\"og:image:width\" content=\"1640\" \/>\n\t<meta property=\"og:image:height\" content=\"924\" \/>\n\t<meta property=\"og:image:type\" content=\"image\/jpeg\" \/>\n<meta name=\"author\" content=\"Carina Reifonas\" \/>\n<meta name=\"twitter:card\" content=\"summary_large_image\" \/>\n<meta name=\"twitter:creator\" content=\"@RN_barretos\" \/>\n<meta name=\"twitter:site\" content=\"@RN_barretos\" \/>\n<meta name=\"twitter:label1\" content=\"Escrito por\" \/>\n\t<meta name=\"twitter:data1\" content=\"Carina Reifonas\" \/>\n\t<meta name=\"twitter:label2\" content=\"Est. tempo de leitura\" \/>\n\t<meta name=\"twitter:data2\" content=\"8 minutos\" \/>\n<script type=\"application\/ld+json\" class=\"yoast-schema-graph\">{\"@context\":\"https:\\\/\\\/schema.org\",\"@graph\":[{\"@type\":\"Article\",\"@id\":\"https:\\\/\\\/redenoticiaz.com.br\\\/ribeiraopreto-regiao\\\/sp\\\/2024\\\/02\\\/11\\\/vinganca-e-um-prato-que-se-come-frio#article\",\"isPartOf\":{\"@id\":\"https:\\\/\\\/redenoticiaz.com.br\\\/ribeiraopreto-regiao\\\/sp\\\/2024\\\/02\\\/11\\\/vinganca-e-um-prato-que-se-come-frio\"},\"author\":{\"name\":\"Carina Reifonas\",\"@id\":\"https:\\\/\\\/redenoticiaz.com.br\\\/ribeiraopreto-regiao\\\/#\\\/schema\\\/person\\\/1f84d6e94e6a62d2d81199d7503e9e90\"},\"headline\":\"Vingan\u00e7a \u00e9 um prato que se come frio!\",\"datePublished\":\"2024-02-11T18:15:13+00:00\",\"mainEntityOfPage\":{\"@id\":\"https:\\\/\\\/redenoticiaz.com.br\\\/ribeiraopreto-regiao\\\/sp\\\/2024\\\/02\\\/11\\\/vinganca-e-um-prato-que-se-come-frio\"},\"wordCount\":1503,\"commentCount\":0,\"publisher\":{\"@id\":\"https:\\\/\\\/redenoticiaz.com.br\\\/ribeiraopreto-regiao\\\/#organization\"},\"image\":{\"@id\":\"https:\\\/\\\/redenoticiaz.com.br\\\/ribeiraopreto-regiao\\\/sp\\\/2024\\\/02\\\/11\\\/vinganca-e-um-prato-que-se-come-frio#primaryimage\"},\"thumbnailUrl\":\"https:\\\/\\\/redenoticiaz.com.br\\\/ribeiraopreto-regiao\\\/wp-content\\\/uploads\\\/sites\\\/4\\\/2024\\\/02\\\/13.jpg?v=1707675243\",\"keywords\":[\"POL\u00cdCIA\",\"Vingan\u00e7a\"],\"articleSection\":[\"Pol\u00edcia\"],\"inLanguage\":\"pt-BR\",\"potentialAction\":[{\"@type\":\"CommentAction\",\"name\":\"Comment\",\"target\":[\"https:\\\/\\\/redenoticiaz.com.br\\\/ribeiraopreto-regiao\\\/sp\\\/2024\\\/02\\\/11\\\/vinganca-e-um-prato-que-se-come-frio#respond\"]}]},{\"@type\":\"WebPage\",\"@id\":\"https:\\\/\\\/redenoticiaz.com.br\\\/ribeiraopreto-regiao\\\/sp\\\/2024\\\/02\\\/11\\\/vinganca-e-um-prato-que-se-come-frio\",\"url\":\"https:\\\/\\\/redenoticiaz.com.br\\\/ribeiraopreto-regiao\\\/sp\\\/2024\\\/02\\\/11\\\/vinganca-e-um-prato-que-se-come-frio\",\"name\":\"Vingan\u00e7a \u00e9 um prato que se come frio! - Ribeir\u00e3o Preto e Regi\u00e3o\",\"isPartOf\":{\"@id\":\"https:\\\/\\\/redenoticiaz.com.br\\\/ribeiraopreto-regiao\\\/#website\"},\"primaryImageOfPage\":{\"@id\":\"https:\\\/\\\/redenoticiaz.com.br\\\/ribeiraopreto-regiao\\\/sp\\\/2024\\\/02\\\/11\\\/vinganca-e-um-prato-que-se-come-frio#primaryimage\"},\"image\":{\"@id\":\"https:\\\/\\\/redenoticiaz.com.br\\\/ribeiraopreto-regiao\\\/sp\\\/2024\\\/02\\\/11\\\/vinganca-e-um-prato-que-se-come-frio#primaryimage\"},\"thumbnailUrl\":\"https:\\\/\\\/redenoticiaz.com.br\\\/ribeiraopreto-regiao\\\/wp-content\\\/uploads\\\/sites\\\/4\\\/2024\\\/02\\\/13.jpg?v=1707675243\",\"datePublished\":\"2024-02-11T18:15:13+00:00\",\"description\":\"A concep\u00e7\u00e3o popular de como se deve agir com vingan\u00e7a d\u00e1 a ideia de que ela deve ser premeditada com paci\u00eancia.\",\"inLanguage\":\"pt-BR\",\"potentialAction\":[{\"@type\":\"ReadAction\",\"target\":[\"https:\\\/\\\/redenoticiaz.com.br\\\/ribeiraopreto-regiao\\\/sp\\\/2024\\\/02\\\/11\\\/vinganca-e-um-prato-que-se-come-frio\"]}]},{\"@type\":\"ImageObject\",\"inLanguage\":\"pt-BR\",\"@id\":\"https:\\\/\\\/redenoticiaz.com.br\\\/ribeiraopreto-regiao\\\/sp\\\/2024\\\/02\\\/11\\\/vinganca-e-um-prato-que-se-come-frio#primaryimage\",\"url\":\"https:\\\/\\\/redenoticiaz.com.br\\\/ribeiraopreto-regiao\\\/wp-content\\\/uploads\\\/sites\\\/4\\\/2024\\\/02\\\/13.jpg?v=1707675243\",\"contentUrl\":\"https:\\\/\\\/redenoticiaz.com.br\\\/ribeiraopreto-regiao\\\/wp-content\\\/uploads\\\/sites\\\/4\\\/2024\\\/02\\\/13.jpg?v=1707675243\",\"width\":1640,\"height\":924},{\"@type\":\"WebSite\",\"@id\":\"https:\\\/\\\/redenoticiaz.com.br\\\/ribeiraopreto-regiao\\\/#website\",\"url\":\"https:\\\/\\\/redenoticiaz.com.br\\\/ribeiraopreto-regiao\\\/\",\"name\":\"Ribeir\u00e3o Preto e Regi\u00e3o\",\"description\":\"Rede NoticiaZ - Ribeir\u00e3o Preto e regi\u00e3o\",\"publisher\":{\"@id\":\"https:\\\/\\\/redenoticiaz.com.br\\\/ribeiraopreto-regiao\\\/#organization\"},\"potentialAction\":[{\"@type\":\"SearchAction\",\"target\":{\"@type\":\"EntryPoint\",\"urlTemplate\":\"https:\\\/\\\/redenoticiaz.com.br\\\/ribeiraopreto-regiao\\\/?s={search_term_string}\"},\"query-input\":{\"@type\":\"PropertyValueSpecification\",\"valueRequired\":true,\"valueName\":\"search_term_string\"}}],\"inLanguage\":\"pt-BR\"},{\"@type\":\"Organization\",\"@id\":\"https:\\\/\\\/redenoticiaz.com.br\\\/ribeiraopreto-regiao\\\/#organization\",\"name\":\"Ribeir\u00e3o Preto e Regi\u00e3o\",\"url\":\"https:\\\/\\\/redenoticiaz.com.br\\\/ribeiraopreto-regiao\\\/\",\"logo\":{\"@type\":\"ImageObject\",\"inLanguage\":\"pt-BR\",\"@id\":\"https:\\\/\\\/redenoticiaz.com.br\\\/ribeiraopreto-regiao\\\/#\\\/schema\\\/logo\\\/image\\\/\",\"url\":\"https:\\\/\\\/redenoticiaz.com.br\\\/barretos-regiao\\\/wp-content\\\/uploads\\\/sites\\\/4\\\/2022\\\/02\\\/logo.jpg\",\"contentUrl\":\"https:\\\/\\\/redenoticiaz.com.br\\\/barretos-regiao\\\/wp-content\\\/uploads\\\/sites\\\/4\\\/2022\\\/02\\\/logo.jpg\",\"width\":400,\"height\":250,\"caption\":\"Ribeir\u00e3o Preto e Regi\u00e3o\"},\"image\":{\"@id\":\"https:\\\/\\\/redenoticiaz.com.br\\\/ribeiraopreto-regiao\\\/#\\\/schema\\\/logo\\\/image\\\/\"},\"sameAs\":[\"https:\\\/\\\/m.facebook.com\\\/redenoticiaz.barretos\",\"https:\\\/\\\/x.com\\\/RN_barretos\",\"https:\\\/\\\/www.instagram.com\\\/redenoticiaz.barretos\\\/?igshid=YmMyMTA2M2Y\",\"https:\\\/\\\/www.linkedin.com\\\/company\\\/rede-noticiaz-barretos-e-regio\\\/\"]},{\"@type\":\"Person\",\"@id\":\"https:\\\/\\\/redenoticiaz.com.br\\\/ribeiraopreto-regiao\\\/#\\\/schema\\\/person\\\/1f84d6e94e6a62d2d81199d7503e9e90\",\"name\":\"Carina Reifonas\",\"image\":{\"@type\":\"ImageObject\",\"inLanguage\":\"pt-BR\",\"@id\":\"https:\\\/\\\/secure.gravatar.com\\\/avatar\\\/04c59859b23696cf867715880f81d5c037e60109730bdb4e6670ec2a2245bc97?s=96&d=mm&r=g\",\"url\":\"https:\\\/\\\/secure.gravatar.com\\\/avatar\\\/04c59859b23696cf867715880f81d5c037e60109730bdb4e6670ec2a2245bc97?s=96&d=mm&r=g\",\"contentUrl\":\"https:\\\/\\\/secure.gravatar.com\\\/avatar\\\/04c59859b23696cf867715880f81d5c037e60109730bdb4e6670ec2a2245bc97?s=96&d=mm&r=g\",\"caption\":\"Carina Reifonas\"},\"url\":\"https:\\\/\\\/redenoticiaz.com.br\\\/ribeiraopreto-regiao\\\/sp\\\/author\\\/carinareifonas\"}]}<\/script>\n<!-- \/ Yoast SEO plugin. -->","yoast_head_json":{"title":"Vingan\u00e7a \u00e9 um prato que se come frio! - Ribeir\u00e3o Preto e Regi\u00e3o","description":"A concep\u00e7\u00e3o popular de como se deve agir com vingan\u00e7a d\u00e1 a ideia de que ela deve ser premeditada com paci\u00eancia.","robots":{"index":"index","follow":"follow","max-snippet":"max-snippet:-1","max-image-preview":"max-image-preview:large","max-video-preview":"max-video-preview:-1"},"canonical":"https:\/\/redenoticiaz.com.br\/ribeiraopreto-regiao\/sp\/2024\/02\/11\/vinganca-e-um-prato-que-se-come-frio","og_locale":"pt_BR","og_type":"article","og_title":"Vingan\u00e7a \u00e9 um prato que se come frio! - Ribeir\u00e3o Preto e Regi\u00e3o","og_description":"A concep\u00e7\u00e3o popular de como se deve agir com vingan\u00e7a d\u00e1 a ideia de que ela deve ser premeditada com paci\u00eancia.","og_url":"https:\/\/redenoticiaz.com.br\/ribeiraopreto-regiao\/sp\/2024\/02\/11\/vinganca-e-um-prato-que-se-come-frio","og_site_name":"Ribeir\u00e3o Preto e Regi\u00e3o","article_publisher":"https:\/\/m.facebook.com\/redenoticiaz.barretos","article_published_time":"2024-02-11T18:15:13+00:00","og_image":[{"width":1640,"height":924,"url":"https:\/\/redenoticiaz.com.br\/ribeiraopreto-regiao\/wp-content\/uploads\/sites\/4\/2024\/02\/13.jpg?v=1707675243","type":"image\/jpeg"}],"author":"Carina Reifonas","twitter_card":"summary_large_image","twitter_creator":"@RN_barretos","twitter_site":"@RN_barretos","twitter_misc":{"Escrito por":"Carina Reifonas","Est. tempo de leitura":"8 minutos"},"schema":{"@context":"https:\/\/schema.org","@graph":[{"@type":"Article","@id":"https:\/\/redenoticiaz.com.br\/ribeiraopreto-regiao\/sp\/2024\/02\/11\/vinganca-e-um-prato-que-se-come-frio#article","isPartOf":{"@id":"https:\/\/redenoticiaz.com.br\/ribeiraopreto-regiao\/sp\/2024\/02\/11\/vinganca-e-um-prato-que-se-come-frio"},"author":{"name":"Carina Reifonas","@id":"https:\/\/redenoticiaz.com.br\/ribeiraopreto-regiao\/#\/schema\/person\/1f84d6e94e6a62d2d81199d7503e9e90"},"headline":"Vingan\u00e7a \u00e9 um prato que se come frio!","datePublished":"2024-02-11T18:15:13+00:00","mainEntityOfPage":{"@id":"https:\/\/redenoticiaz.com.br\/ribeiraopreto-regiao\/sp\/2024\/02\/11\/vinganca-e-um-prato-que-se-come-frio"},"wordCount":1503,"commentCount":0,"publisher":{"@id":"https:\/\/redenoticiaz.com.br\/ribeiraopreto-regiao\/#organization"},"image":{"@id":"https:\/\/redenoticiaz.com.br\/ribeiraopreto-regiao\/sp\/2024\/02\/11\/vinganca-e-um-prato-que-se-come-frio#primaryimage"},"thumbnailUrl":"https:\/\/redenoticiaz.com.br\/ribeiraopreto-regiao\/wp-content\/uploads\/sites\/4\/2024\/02\/13.jpg?v=1707675243","keywords":["POL\u00cdCIA","Vingan\u00e7a"],"articleSection":["Pol\u00edcia"],"inLanguage":"pt-BR","potentialAction":[{"@type":"CommentAction","name":"Comment","target":["https:\/\/redenoticiaz.com.br\/ribeiraopreto-regiao\/sp\/2024\/02\/11\/vinganca-e-um-prato-que-se-come-frio#respond"]}]},{"@type":"WebPage","@id":"https:\/\/redenoticiaz.com.br\/ribeiraopreto-regiao\/sp\/2024\/02\/11\/vinganca-e-um-prato-que-se-come-frio","url":"https:\/\/redenoticiaz.com.br\/ribeiraopreto-regiao\/sp\/2024\/02\/11\/vinganca-e-um-prato-que-se-come-frio","name":"Vingan\u00e7a \u00e9 um prato que se come frio! - Ribeir\u00e3o Preto e Regi\u00e3o","isPartOf":{"@id":"https:\/\/redenoticiaz.com.br\/ribeiraopreto-regiao\/#website"},"primaryImageOfPage":{"@id":"https:\/\/redenoticiaz.com.br\/ribeiraopreto-regiao\/sp\/2024\/02\/11\/vinganca-e-um-prato-que-se-come-frio#primaryimage"},"image":{"@id":"https:\/\/redenoticiaz.com.br\/ribeiraopreto-regiao\/sp\/2024\/02\/11\/vinganca-e-um-prato-que-se-come-frio#primaryimage"},"thumbnailUrl":"https:\/\/redenoticiaz.com.br\/ribeiraopreto-regiao\/wp-content\/uploads\/sites\/4\/2024\/02\/13.jpg?v=1707675243","datePublished":"2024-02-11T18:15:13+00:00","description":"A concep\u00e7\u00e3o popular de como se deve agir com vingan\u00e7a d\u00e1 a ideia de que ela deve ser premeditada com paci\u00eancia.","inLanguage":"pt-BR","potentialAction":[{"@type":"ReadAction","target":["https:\/\/redenoticiaz.com.br\/ribeiraopreto-regiao\/sp\/2024\/02\/11\/vinganca-e-um-prato-que-se-come-frio"]}]},{"@type":"ImageObject","inLanguage":"pt-BR","@id":"https:\/\/redenoticiaz.com.br\/ribeiraopreto-regiao\/sp\/2024\/02\/11\/vinganca-e-um-prato-que-se-come-frio#primaryimage","url":"https:\/\/redenoticiaz.com.br\/ribeiraopreto-regiao\/wp-content\/uploads\/sites\/4\/2024\/02\/13.jpg?v=1707675243","contentUrl":"https:\/\/redenoticiaz.com.br\/ribeiraopreto-regiao\/wp-content\/uploads\/sites\/4\/2024\/02\/13.jpg?v=1707675243","width":1640,"height":924},{"@type":"WebSite","@id":"https:\/\/redenoticiaz.com.br\/ribeiraopreto-regiao\/#website","url":"https:\/\/redenoticiaz.com.br\/ribeiraopreto-regiao\/","name":"Ribeir\u00e3o Preto e Regi\u00e3o","description":"Rede NoticiaZ - Ribeir\u00e3o Preto e regi\u00e3o","publisher":{"@id":"https:\/\/redenoticiaz.com.br\/ribeiraopreto-regiao\/#organization"},"potentialAction":[{"@type":"SearchAction","target":{"@type":"EntryPoint","urlTemplate":"https:\/\/redenoticiaz.com.br\/ribeiraopreto-regiao\/?s={search_term_string}"},"query-input":{"@type":"PropertyValueSpecification","valueRequired":true,"valueName":"search_term_string"}}],"inLanguage":"pt-BR"},{"@type":"Organization","@id":"https:\/\/redenoticiaz.com.br\/ribeiraopreto-regiao\/#organization","name":"Ribeir\u00e3o Preto e Regi\u00e3o","url":"https:\/\/redenoticiaz.com.br\/ribeiraopreto-regiao\/","logo":{"@type":"ImageObject","inLanguage":"pt-BR","@id":"https:\/\/redenoticiaz.com.br\/ribeiraopreto-regiao\/#\/schema\/logo\/image\/","url":"https:\/\/redenoticiaz.com.br\/barretos-regiao\/wp-content\/uploads\/sites\/4\/2022\/02\/logo.jpg","contentUrl":"https:\/\/redenoticiaz.com.br\/barretos-regiao\/wp-content\/uploads\/sites\/4\/2022\/02\/logo.jpg","width":400,"height":250,"caption":"Ribeir\u00e3o Preto e Regi\u00e3o"},"image":{"@id":"https:\/\/redenoticiaz.com.br\/ribeiraopreto-regiao\/#\/schema\/logo\/image\/"},"sameAs":["https:\/\/m.facebook.com\/redenoticiaz.barretos","https:\/\/x.com\/RN_barretos","https:\/\/www.instagram.com\/redenoticiaz.barretos\/?igshid=YmMyMTA2M2Y","https:\/\/www.linkedin.com\/company\/rede-noticiaz-barretos-e-regio\/"]},{"@type":"Person","@id":"https:\/\/redenoticiaz.com.br\/ribeiraopreto-regiao\/#\/schema\/person\/1f84d6e94e6a62d2d81199d7503e9e90","name":"Carina Reifonas","image":{"@type":"ImageObject","inLanguage":"pt-BR","@id":"https:\/\/secure.gravatar.com\/avatar\/04c59859b23696cf867715880f81d5c037e60109730bdb4e6670ec2a2245bc97?s=96&d=mm&r=g","url":"https:\/\/secure.gravatar.com\/avatar\/04c59859b23696cf867715880f81d5c037e60109730bdb4e6670ec2a2245bc97?s=96&d=mm&r=g","contentUrl":"https:\/\/secure.gravatar.com\/avatar\/04c59859b23696cf867715880f81d5c037e60109730bdb4e6670ec2a2245bc97?s=96&d=mm&r=g","caption":"Carina Reifonas"},"url":"https:\/\/redenoticiaz.com.br\/ribeiraopreto-regiao\/sp\/author\/carinareifonas"}]}},"_links":{"self":[{"href":"https:\/\/redenoticiaz.com.br\/ribeiraopreto-regiao\/wp-json\/wp\/v2\/posts\/115190","targetHints":{"allow":["GET"]}}],"collection":[{"href":"https:\/\/redenoticiaz.com.br\/ribeiraopreto-regiao\/wp-json\/wp\/v2\/posts"}],"about":[{"href":"https:\/\/redenoticiaz.com.br\/ribeiraopreto-regiao\/wp-json\/wp\/v2\/types\/post"}],"author":[{"embeddable":true,"href":"https:\/\/redenoticiaz.com.br\/ribeiraopreto-regiao\/wp-json\/wp\/v2\/users\/30"}],"replies":[{"embeddable":true,"href":"https:\/\/redenoticiaz.com.br\/ribeiraopreto-regiao\/wp-json\/wp\/v2\/comments?post=115190"}],"version-history":[{"count":0,"href":"https:\/\/redenoticiaz.com.br\/ribeiraopreto-regiao\/wp-json\/wp\/v2\/posts\/115190\/revisions"}],"wp:featuredmedia":[{"embeddable":true,"href":"https:\/\/redenoticiaz.com.br\/ribeiraopreto-regiao\/wp-json\/wp\/v2\/media\/115191"}],"wp:attachment":[{"href":"https:\/\/redenoticiaz.com.br\/ribeiraopreto-regiao\/wp-json\/wp\/v2\/media?parent=115190"}],"wp:term":[{"taxonomy":"category","embeddable":true,"href":"https:\/\/redenoticiaz.com.br\/ribeiraopreto-regiao\/wp-json\/wp\/v2\/categories?post=115190"},{"taxonomy":"post_tag","embeddable":true,"href":"https:\/\/redenoticiaz.com.br\/ribeiraopreto-regiao\/wp-json\/wp\/v2\/tags?post=115190"}],"curies":[{"name":"wp","href":"https:\/\/api.w.org\/{rel}","templated":true}]}}